{"id":8241,"date":"2025-09-25T17:55:03","date_gmt":"2025-09-25T16:55:03","guid":{"rendered":"https:\/\/www.smedemokrati.sk\/?p=8241"},"modified":"2025-09-25T17:55:04","modified_gmt":"2025-09-25T16:55:04","slug":"namiesto-ozdravenia-pride-recesia-vlada-pripravuje-slovensko-o-pracovne-miesta","status":"publish","type":"post","link":"https:\/\/www.smedemokrati.sk\/hu\/namiesto-ozdravenia-pride-recesia-vlada-pripravuje-slovensko-o-pracovne-miesta\/","title":{"rendered":"Namiesto ozdravenia pr\u00edde recesia. Vl\u00e1da pripravuje Slovensko o pracovn\u00e9 miesta"},"content":{"rendered":"<div id=\"fb-root\"><\/div>\n\n<p><strong>Slovensko stoj\u00ed pred v\u00e1\u017enym probl\u00e9mom. N\u00e1rodn\u00e1 banka Slovenska (NBS) upozor\u0148uje, \u017ee po tre\u0165om konsolida\u010dnom bal\u00edku nepr\u00edde ozdravenie ekonomiky, ale recesia. Rast sa zn\u00ed\u017ei na minimum, infl\u00e1cia zostane jedna z najvy\u0161\u0161\u00edch v euroz\u00f3ne a re\u00e1lne mzdy sa zastavia na nule.<\/strong><\/p>\n\n\n\n<p>Najv\u00e4\u010d\u0161ie riziko je v\u0161ak vo vlne nezamestnanosti, ktor\u00e1 sa na Slovensko r\u00fati. Firmy s\u00fa pod dvojit\u00fdm tlakom: eur\u00f3pska ekonomika slabne a dom\u00e1ce \u0161krty im ber\u00fa kysl\u00edk. Namiesto invest\u00edci\u00ed bud\u00fa \u0161etri\u0165 na \u013eu\u010foch. V\u00fdsledok? Prep\u00fa\u0161\u0165anie a strata pracovn\u00fdch miest.<\/p>\n\n\n\n<p>Eduard Heger (Demokrati) hovor\u00ed jasne:&nbsp;<em>\u201eT\u00e1to vl\u00e1da hazarduje s bud\u00facnos\u0165ou Slovenska. Namiesto reforiem, ktor\u00e9 by priniesli rast a nov\u00e9 pr\u00edle\u017eitosti, Ficova a Kamenick\u00e9ho politika pripravuje \u013eud\u00ed o pr\u00e1cu a rodiny o istotu.\u201c&nbsp;<\/em>A to je len za\u010diatok. U\u017e dnes je jasn\u00e9, \u017ee vl\u00e1da pripravuje \u010fal\u0161\u00ed bal\u00edk \u0161krtov. To znamen\u00e1 e\u0161te v\u00e4\u010d\u0161\u00ed tlak na podnikate\u013eov, e\u0161te viac zatvoren\u00fdch prev\u00e1dzok a e\u0161te viac nezamestnan\u00fdch.<\/p>\n\n\n\n<p>Dominik Sumbal, \u010dlen ekonomick\u00e9ho t\u00edmu Demokratov, dod\u00e1va:&nbsp;<em>\u201eTo, \u010do vl\u00e1da naz\u00fdva konsolid\u00e1ciou, je v skuto\u010dnosti likvid\u00e1cia pracovn\u00fdch miest a ekonomickej bud\u00facnosti krajiny. Podnikatelia sa dusia pod \u0165archou opatren\u00ed a namiesto stability dost\u00e1vaj\u00fa chaos a neistotu.\u201c&nbsp;<\/em>Namiesto ozdravenia n\u00e1s Kamenick\u00e9ho a Ficova politika tla\u010d\u00ed do stagn\u00e1cie, vy\u0161\u0161ej nezamestnanosti a chudoby. To nie je konsolid\u00e1cia, to je likvid\u00e1cia Slovenska.<\/p>\n\n\n\n<p>Demokrati pon\u00fakaj\u00fa rie\u0161enia, ktor\u00e9 prines\u00fa rast a pr\u00e1cu:<\/p>\n\n\n\n<ul class=\"wp-block-list\">\n<li>zavedenie 17 % rovnej dane, ktor\u00e1 podpor\u00ed invest\u00edcie a motivuje k tvorbe pracovn\u00fdch miest,<\/li>\n\n\n\n<li>250-eurov\u00fd jednotn\u00fd mesa\u010dn\u00fd odvod pre \u017eivnostn\u00edkov s obratom do 100 000 eur, v ktorom bud\u00fa zahrnut\u00e9 v\u0161etky dane a odvody,<\/li>\n\n\n\n<li>z\u00e1sadn\u00e9 zn\u00ed\u017eenie byrokratick\u00e9ho za\u0165a\u017eenia, aby podnikatelia mohli namiesto papierovania podnika\u0165 a zamestn\u00e1va\u0165.<\/li>\n<\/ul>\n","protected":false},"excerpt":{"rendered":"<p>Slovensko stoj\u00ed pred v\u00e1\u017enym probl\u00e9mom. N\u00e1rodn\u00e1 banka Slovenska (NBS) upozor\u0148uje, \u017ee po tre\u0165om konsolida\u010dnom bal\u00edku nepr\u00edde ozdravenie ekonomiky, ale recesia. Rast sa zn\u00ed\u017ei na minimum, infl\u00e1cia zostane jedna z najvy\u0161\u0161\u00edch v euroz\u00f3ne a re\u00e1lne mzdy sa zastavia na nule. Najv\u00e4\u010d\u0161ie riziko je v\u0161ak vo vlne nezamestnanosti, ktor\u00e1 sa na Slovensko r\u00fati. Firmy s\u00fa pod dvojit\u00fdm [&hellip;]<\/p>\n","protected":false},"author":13,"featured_media":6872,"comment_status":"closed","ping_status":"closed","sticky":false,"template":"","format":"standard","meta":{"_acf_changed":false,"ngg_post_thumbnail":0,"footnotes":""},"categories":[4],"tags":[],"class_list":["post-8241","post","type-post","status-publish","format-standard","has-post-thumbnail","hentry","category-tlacove-spravy"],"acf":[],"yoast_head":"<!-- This site is optimized with the Yoast SEO plugin v27.2 - https:\/\/yoast.com\/product\/yoast-seo-wordpress\/ -->\n<title>Namiesto ozdravenia pr\u00edde recesia. Vl\u00e1da pripravuje Slovensko o pracovn\u00e9 miesta<\/title>\n<meta name=\"robots\" content=\"index, follow, max-snippet:-1, max-image-preview:large, max-video-preview:-1\" \/>\n<link rel=\"canonical\" href=\"https:\/\/www.smedemokrati.sk\/hu\/namiesto-ozdravenia-pride-recesia-vlada-pripravuje-slovensko-o-pracovne-miesta\/\" \/>\n<meta property=\"og:locale\" content=\"hu_HU\" \/>\n<meta property=\"og:locale:alternate\" content=\"en_US\" \/>\n<meta property=\"og:locale:alternate\" content=\"cs_CZ\" \/>\n<meta property=\"og:locale:alternate\" content=\"sk_SK\" \/>\n<meta property=\"og:locale:alternate\" content=\"sv_SE\" \/>\n<meta property=\"og:type\" content=\"article\" \/>\n<meta property=\"og:title\" content=\"Namiesto ozdravenia pr\u00edde recesia. Vl\u00e1da pripravuje Slovensko o pracovn\u00e9 miesta\" \/>\n<meta property=\"og:description\" content=\"Slovensko stoj\u00ed pred v\u00e1\u017enym probl\u00e9mom. N\u00e1rodn\u00e1 banka Slovenska (NBS) upozor\u0148uje, \u017ee po tre\u0165om konsolida\u010dnom bal\u00edku nepr\u00edde ozdravenie ekonomiky, ale recesia. Rast sa zn\u00ed\u017ei na minimum, infl\u00e1cia zostane jedna z najvy\u0161\u0161\u00edch v euroz\u00f3ne a re\u00e1lne mzdy sa zastavia na nule. Najv\u00e4\u010d\u0161ie riziko je v\u0161ak vo vlne nezamestnanosti, ktor\u00e1 sa na Slovensko r\u00fati. Firmy s\u00fa pod dvojit\u00fdm [&hellip;]\" \/>\n<meta property=\"og:url\" content=\"https:\/\/www.smedemokrati.sk\/hu\/namiesto-ozdravenia-pride-recesia-vlada-pripravuje-slovensko-o-pracovne-miesta\/\" \/>\n<meta property=\"og:site_name\" content=\"Smedemokrati.sk\" \/>\n<meta property=\"article:publisher\" content=\"https:\/\/www.facebook.com\/smedemokrati2023\" \/>\n<meta property=\"article:published_time\" content=\"2025-09-25T16:55:03+00:00\" \/>\n<meta property=\"article:modified_time\" content=\"2025-09-25T16:55:04+00:00\" \/>\n<meta property=\"og:image\" content=\"https:\/\/www.smedemokrati.sk\/wp-content\/uploads\/2025\/04\/EH_DS_VW.jpg\" \/>\n\t<meta property=\"og:image:width\" content=\"1195\" \/>\n\t<meta property=\"og:image:height\" content=\"645\" \/>\n\t<meta property=\"og:image:type\" content=\"image\/jpeg\" \/>\n<meta name=\"author\" content=\"miro.sopko\" \/>\n<meta name=\"twitter:card\" content=\"summary_large_image\" \/>\n<meta name=\"twitter:label1\" content=\"Szerz\u0151:\" \/>\n\t<meta name=\"twitter:data1\" content=\"miro.sopko\" \/>\n\t<meta name=\"twitter:label2\" content=\"Becs\u00fclt olvas\u00e1si id\u0151\" \/>\n\t<meta name=\"twitter:data2\" content=\"2 perc\" \/>\n<script type=\"application\/ld+json\" class=\"yoast-schema-graph\">{\"@context\":\"https:\/\/schema.org\",\"@graph\":[{\"@type\":\"Article\",\"@id\":\"https:\/\/www.smedemokrati.sk\/namiesto-ozdravenia-pride-recesia-vlada-pripravuje-slovensko-o-pracovne-miesta\/#article\",\"isPartOf\":{\"@id\":\"https:\/\/www.smedemokrati.sk\/namiesto-ozdravenia-pride-recesia-vlada-pripravuje-slovensko-o-pracovne-miesta\/\"},\"author\":{\"name\":\"miro.sopko\",\"@id\":\"https:\/\/www.smedemokrati.sk\/#\/schema\/person\/21f147c88d605aa7ded900e1e7c344ba\"},\"headline\":\"Namiesto ozdravenia pr\u00edde recesia. Vl\u00e1da pripravuje Slovensko o pracovn\u00e9 miesta\",\"datePublished\":\"2025-09-25T16:55:03+00:00\",\"dateModified\":\"2025-09-25T16:55:04+00:00\",\"mainEntityOfPage\":{\"@id\":\"https:\/\/www.smedemokrati.sk\/namiesto-ozdravenia-pride-recesia-vlada-pripravuje-slovensko-o-pracovne-miesta\/\"},\"wordCount\":338,\"publisher\":{\"@id\":\"https:\/\/www.smedemokrati.sk\/#organization\"},\"image\":{\"@id\":\"https:\/\/www.smedemokrati.sk\/namiesto-ozdravenia-pride-recesia-vlada-pripravuje-slovensko-o-pracovne-miesta\/#primaryimage\"},\"thumbnailUrl\":\"https:\/\/www.smedemokrati.sk\/wp-content\/uploads\/2025\/04\/EH_DS_VW.jpg\",\"articleSection\":[\"Tla\u010dov\u00e9 spr\u00e1vy\"],\"inLanguage\":\"hu-HU\"},{\"@type\":\"WebPage\",\"@id\":\"https:\/\/www.smedemokrati.sk\/namiesto-ozdravenia-pride-recesia-vlada-pripravuje-slovensko-o-pracovne-miesta\/\",\"url\":\"https:\/\/www.smedemokrati.sk\/namiesto-ozdravenia-pride-recesia-vlada-pripravuje-slovensko-o-pracovne-miesta\/\",\"name\":\"Namiesto ozdravenia pr\u00edde recesia. Vl\u00e1da pripravuje Slovensko o pracovn\u00e9 miesta\",\"isPartOf\":{\"@id\":\"https:\/\/www.smedemokrati.sk\/#website\"},\"primaryImageOfPage\":{\"@id\":\"https:\/\/www.smedemokrati.sk\/namiesto-ozdravenia-pride-recesia-vlada-pripravuje-slovensko-o-pracovne-miesta\/#primaryimage\"},\"image\":{\"@id\":\"https:\/\/www.smedemokrati.sk\/namiesto-ozdravenia-pride-recesia-vlada-pripravuje-slovensko-o-pracovne-miesta\/#primaryimage\"},\"thumbnailUrl\":\"https:\/\/www.smedemokrati.sk\/wp-content\/uploads\/2025\/04\/EH_DS_VW.jpg\",\"datePublished\":\"2025-09-25T16:55:03+00:00\",\"dateModified\":\"2025-09-25T16:55:04+00:00\",\"breadcrumb\":{\"@id\":\"https:\/\/www.smedemokrati.sk\/namiesto-ozdravenia-pride-recesia-vlada-pripravuje-slovensko-o-pracovne-miesta\/#breadcrumb\"},\"inLanguage\":\"hu-HU\",\"potentialAction\":[{\"@type\":\"ReadAction\",\"target\":[\"https:\/\/www.smedemokrati.sk\/namiesto-ozdravenia-pride-recesia-vlada-pripravuje-slovensko-o-pracovne-miesta\/\"]}]},{\"@type\":\"ImageObject\",\"inLanguage\":\"hu-HU\",\"@id\":\"https:\/\/www.smedemokrati.sk\/namiesto-ozdravenia-pride-recesia-vlada-pripravuje-slovensko-o-pracovne-miesta\/#primaryimage\",\"url\":\"https:\/\/www.smedemokrati.sk\/wp-content\/uploads\/2025\/04\/EH_DS_VW.jpg\",\"contentUrl\":\"https:\/\/www.smedemokrati.sk\/wp-content\/uploads\/2025\/04\/EH_DS_VW.jpg\",\"width\":1195,\"height\":645},{\"@type\":\"BreadcrumbList\",\"@id\":\"https:\/\/www.smedemokrati.sk\/namiesto-ozdravenia-pride-recesia-vlada-pripravuje-slovensko-o-pracovne-miesta\/#breadcrumb\",\"itemListElement\":[{\"@type\":\"ListItem\",\"position\":1,\"name\":\"Domovsk\u00e1 str\u00e1nka\",\"item\":\"https:\/\/www.smedemokrati.sk\/\"},{\"@type\":\"ListItem\",\"position\":2,\"name\":\"Namiesto ozdravenia pr\u00edde recesia. Vl\u00e1da pripravuje Slovensko o pracovn\u00e9 miesta\"}]},{\"@type\":\"WebSite\",\"@id\":\"https:\/\/www.smedemokrati.sk\/#website\",\"url\":\"https:\/\/www.smedemokrati.sk\/\",\"name\":\"Smedemokrati.sk\",\"description\":\"Demokracia a slu\u0161nos\u0165 zv\u00ed\u0165az\u00ed\",\"publisher\":{\"@id\":\"https:\/\/www.smedemokrati.sk\/#organization\"},\"potentialAction\":[{\"@type\":\"SearchAction\",\"target\":{\"@type\":\"EntryPoint\",\"urlTemplate\":\"https:\/\/www.smedemokrati.sk\/?s={search_term_string}\"},\"query-input\":{\"@type\":\"PropertyValueSpecification\",\"valueRequired\":true,\"valueName\":\"search_term_string\"}}],\"inLanguage\":\"hu-HU\"},{\"@type\":\"Organization\",\"@id\":\"https:\/\/www.smedemokrati.sk\/#organization\",\"name\":\"Smedemokrati.sk\",\"url\":\"https:\/\/www.smedemokrati.sk\/\",\"logo\":{\"@type\":\"ImageObject\",\"inLanguage\":\"hu-HU\",\"@id\":\"https:\/\/www.smedemokrati.sk\/#\/schema\/logo\/image\/\",\"url\":\"https:\/\/www.smedemokrati.sk\/wp-content\/uploads\/2023\/04\/ff.002.jpeg\",\"contentUrl\":\"https:\/\/www.smedemokrati.sk\/wp-content\/uploads\/2023\/04\/ff.002.jpeg\",\"width\":640,\"height\":480,\"caption\":\"Smedemokrati.sk\"},\"image\":{\"@id\":\"https:\/\/www.smedemokrati.sk\/#\/schema\/logo\/image\/\"},\"sameAs\":[\"https:\/\/www.facebook.com\/smedemokrati2023\"]},{\"@type\":\"Person\",\"@id\":\"https:\/\/www.smedemokrati.sk\/#\/schema\/person\/21f147c88d605aa7ded900e1e7c344ba\",\"name\":\"miro.sopko\",\"image\":{\"@type\":\"ImageObject\",\"inLanguage\":\"hu-HU\",\"@id\":\"https:\/\/secure.gravatar.com\/avatar\/267e4a36f704376c109afe3a78740c1f5dd8675a2180a908699e7863c9247606?s=96&d=mm&r=g\",\"url\":\"https:\/\/secure.gravatar.com\/avatar\/267e4a36f704376c109afe3a78740c1f5dd8675a2180a908699e7863c9247606?s=96&d=mm&r=g\",\"contentUrl\":\"https:\/\/secure.gravatar.com\/avatar\/267e4a36f704376c109afe3a78740c1f5dd8675a2180a908699e7863c9247606?s=96&d=mm&r=g\",\"caption\":\"miro.sopko\"},\"url\":\"https:\/\/www.smedemokrati.sk\/hu\/author\/miro-sopko\/\"}]}<\/script>\n<!-- \/ Yoast SEO plugin. -->","yoast_head_json":{"title":"Namiesto ozdravenia pr\u00edde recesia. Vl\u00e1da pripravuje Slovensko o pracovn\u00e9 miesta","robots":{"index":"index","follow":"follow","max-snippet":"max-snippet:-1","max-image-preview":"max-image-preview:large","max-video-preview":"max-video-preview:-1"},"canonical":"https:\/\/www.smedemokrati.sk\/hu\/namiesto-ozdravenia-pride-recesia-vlada-pripravuje-slovensko-o-pracovne-miesta\/","og_locale":"hu_HU","og_type":"article","og_title":"[:sk]Namiesto ozdravenia pr\u00edde recesia. Vl\u00e1da pripravuje Slovensko o pracovn\u00e9 miesta[:] - Smedemokrati.sk","og_description":"Slovensko stoj\u00ed pred v\u00e1\u017enym probl\u00e9mom. N\u00e1rodn\u00e1 banka Slovenska (NBS) upozor\u0148uje, \u017ee po tre\u0165om konsolida\u010dnom bal\u00edku nepr\u00edde ozdravenie ekonomiky, ale recesia. Rast sa zn\u00ed\u017ei na minimum, infl\u00e1cia zostane jedna z najvy\u0161\u0161\u00edch v euroz\u00f3ne a re\u00e1lne mzdy sa zastavia na nule. Najv\u00e4\u010d\u0161ie riziko je v\u0161ak vo vlne nezamestnanosti, ktor\u00e1 sa na Slovensko r\u00fati. Firmy s\u00fa pod dvojit\u00fdm [&hellip;]","og_url":"https:\/\/www.smedemokrati.sk\/hu\/namiesto-ozdravenia-pride-recesia-vlada-pripravuje-slovensko-o-pracovne-miesta\/","og_site_name":"Smedemokrati.sk","article_publisher":"https:\/\/www.facebook.com\/smedemokrati2023","article_published_time":"2025-09-25T16:55:03+00:00","article_modified_time":"2025-09-25T16:55:04+00:00","og_image":[{"width":1195,"height":645,"url":"https:\/\/www.smedemokrati.sk\/wp-content\/uploads\/2025\/04\/EH_DS_VW.jpg","type":"image\/jpeg"}],"author":"miro.sopko","twitter_card":"summary_large_image","twitter_misc":{"Szerz\u0151:":"miro.sopko","Becs\u00fclt olvas\u00e1si id\u0151":"2 perc"},"schema":{"@context":"https:\/\/schema.org","@graph":[{"@type":"Article","@id":"https:\/\/www.smedemokrati.sk\/namiesto-ozdravenia-pride-recesia-vlada-pripravuje-slovensko-o-pracovne-miesta\/#article","isPartOf":{"@id":"https:\/\/www.smedemokrati.sk\/namiesto-ozdravenia-pride-recesia-vlada-pripravuje-slovensko-o-pracovne-miesta\/"},"author":{"name":"miro.sopko","@id":"https:\/\/www.smedemokrati.sk\/#\/schema\/person\/21f147c88d605aa7ded900e1e7c344ba"},"headline":"Namiesto ozdravenia pr\u00edde recesia. Vl\u00e1da pripravuje Slovensko o pracovn\u00e9 miesta","datePublished":"2025-09-25T16:55:03+00:00","dateModified":"2025-09-25T16:55:04+00:00","mainEntityOfPage":{"@id":"https:\/\/www.smedemokrati.sk\/namiesto-ozdravenia-pride-recesia-vlada-pripravuje-slovensko-o-pracovne-miesta\/"},"wordCount":338,"publisher":{"@id":"https:\/\/www.smedemokrati.sk\/#organization"},"image":{"@id":"https:\/\/www.smedemokrati.sk\/namiesto-ozdravenia-pride-recesia-vlada-pripravuje-slovensko-o-pracovne-miesta\/#primaryimage"},"thumbnailUrl":"https:\/\/www.smedemokrati.sk\/wp-content\/uploads\/2025\/04\/EH_DS_VW.jpg","articleSection":["Tla\u010dov\u00e9 spr\u00e1vy"],"inLanguage":"hu-HU"},{"@type":"WebPage","@id":"https:\/\/www.smedemokrati.sk\/namiesto-ozdravenia-pride-recesia-vlada-pripravuje-slovensko-o-pracovne-miesta\/","url":"https:\/\/www.smedemokrati.sk\/namiesto-ozdravenia-pride-recesia-vlada-pripravuje-slovensko-o-pracovne-miesta\/","name":"Namiesto ozdravenia pr\u00edde recesia. Vl\u00e1da pripravuje Slovensko o pracovn\u00e9 miesta","isPartOf":{"@id":"https:\/\/www.smedemokrati.sk\/#website"},"primaryImageOfPage":{"@id":"https:\/\/www.smedemokrati.sk\/namiesto-ozdravenia-pride-recesia-vlada-pripravuje-slovensko-o-pracovne-miesta\/#primaryimage"},"image":{"@id":"https:\/\/www.smedemokrati.sk\/namiesto-ozdravenia-pride-recesia-vlada-pripravuje-slovensko-o-pracovne-miesta\/#primaryimage"},"thumbnailUrl":"https:\/\/www.smedemokrati.sk\/wp-content\/uploads\/2025\/04\/EH_DS_VW.jpg","datePublished":"2025-09-25T16:55:03+00:00","dateModified":"2025-09-25T16:55:04+00:00","breadcrumb":{"@id":"https:\/\/www.smedemokrati.sk\/namiesto-ozdravenia-pride-recesia-vlada-pripravuje-slovensko-o-pracovne-miesta\/#breadcrumb"},"inLanguage":"hu-HU","potentialAction":[{"@type":"ReadAction","target":["https:\/\/www.smedemokrati.sk\/namiesto-ozdravenia-pride-recesia-vlada-pripravuje-slovensko-o-pracovne-miesta\/"]}]},{"@type":"ImageObject","inLanguage":"hu-HU","@id":"https:\/\/www.smedemokrati.sk\/namiesto-ozdravenia-pride-recesia-vlada-pripravuje-slovensko-o-pracovne-miesta\/#primaryimage","url":"https:\/\/www.smedemokrati.sk\/wp-content\/uploads\/2025\/04\/EH_DS_VW.jpg","contentUrl":"https:\/\/www.smedemokrati.sk\/wp-content\/uploads\/2025\/04\/EH_DS_VW.jpg","width":1195,"height":645},{"@type":"BreadcrumbList","@id":"https:\/\/www.smedemokrati.sk\/namiesto-ozdravenia-pride-recesia-vlada-pripravuje-slovensko-o-pracovne-miesta\/#breadcrumb","itemListElement":[{"@type":"ListItem","position":1,"name":"Domovsk\u00e1 str\u00e1nka","item":"https:\/\/www.smedemokrati.sk\/"},{"@type":"ListItem","position":2,"name":"Namiesto ozdravenia pr\u00edde recesia. Vl\u00e1da pripravuje Slovensko o pracovn\u00e9 miesta"}]},{"@type":"WebSite","@id":"https:\/\/www.smedemokrati.sk\/#website","url":"https:\/\/www.smedemokrati.sk\/","name":"Smedemokrati.sk","description":"Demokracia a slu\u0161nos\u0165 zv\u00ed\u0165az\u00ed","publisher":{"@id":"https:\/\/www.smedemokrati.sk\/#organization"},"potentialAction":[{"@type":"SearchAction","target":{"@type":"EntryPoint","urlTemplate":"https:\/\/www.smedemokrati.sk\/?s={search_term_string}"},"query-input":{"@type":"PropertyValueSpecification","valueRequired":true,"valueName":"search_term_string"}}],"inLanguage":"hu-HU"},{"@type":"Organization","@id":"https:\/\/www.smedemokrati.sk\/#organization","name":"Smedemokrati.sk","url":"https:\/\/www.smedemokrati.sk\/","logo":{"@type":"ImageObject","inLanguage":"hu-HU","@id":"https:\/\/www.smedemokrati.sk\/#\/schema\/logo\/image\/","url":"https:\/\/www.smedemokrati.sk\/wp-content\/uploads\/2023\/04\/ff.002.jpeg","contentUrl":"https:\/\/www.smedemokrati.sk\/wp-content\/uploads\/2023\/04\/ff.002.jpeg","width":640,"height":480,"caption":"Smedemokrati.sk"},"image":{"@id":"https:\/\/www.smedemokrati.sk\/#\/schema\/logo\/image\/"},"sameAs":["https:\/\/www.facebook.com\/smedemokrati2023"]},{"@type":"Person","@id":"https:\/\/www.smedemokrati.sk\/#\/schema\/person\/21f147c88d605aa7ded900e1e7c344ba","name":"miro.sopko","image":{"@type":"ImageObject","inLanguage":"hu-HU","@id":"https:\/\/secure.gravatar.com\/avatar\/267e4a36f704376c109afe3a78740c1f5dd8675a2180a908699e7863c9247606?s=96&d=mm&r=g","url":"https:\/\/secure.gravatar.com\/avatar\/267e4a36f704376c109afe3a78740c1f5dd8675a2180a908699e7863c9247606?s=96&d=mm&r=g","contentUrl":"https:\/\/secure.gravatar.com\/avatar\/267e4a36f704376c109afe3a78740c1f5dd8675a2180a908699e7863c9247606?s=96&d=mm&r=g","caption":"miro.sopko"},"url":"https:\/\/www.smedemokrati.sk\/hu\/author\/miro-sopko\/"}]}},"_links":{"self":[{"href":"https:\/\/www.smedemokrati.sk\/hu\/wp-json\/wp\/v2\/posts\/8241","targetHints":{"allow":["GET"]}}],"collection":[{"href":"https:\/\/www.smedemokrati.sk\/hu\/wp-json\/wp\/v2\/posts"}],"about":[{"href":"https:\/\/www.smedemokrati.sk\/hu\/wp-json\/wp\/v2\/types\/post"}],"author":[{"embeddable":true,"href":"https:\/\/www.smedemokrati.sk\/hu\/wp-json\/wp\/v2\/users\/13"}],"replies":[{"embeddable":true,"href":"https:\/\/www.smedemokrati.sk\/hu\/wp-json\/wp\/v2\/comments?post=8241"}],"version-history":[{"count":1,"href":"https:\/\/www.smedemokrati.sk\/hu\/wp-json\/wp\/v2\/posts\/8241\/revisions"}],"predecessor-version":[{"id":8242,"href":"https:\/\/www.smedemokrati.sk\/hu\/wp-json\/wp\/v2\/posts\/8241\/revisions\/8242"}],"wp:featuredmedia":[{"embeddable":true,"href":"https:\/\/www.smedemokrati.sk\/hu\/wp-json\/wp\/v2\/media\/6872"}],"wp:attachment":[{"href":"https:\/\/www.smedemokrati.sk\/hu\/wp-json\/wp\/v2\/media?parent=8241"}],"wp:term":[{"taxonomy":"category","embeddable":true,"href":"https:\/\/www.smedemokrati.sk\/hu\/wp-json\/wp\/v2\/categories?post=8241"},{"taxonomy":"post_tag","embeddable":true,"href":"https:\/\/www.smedemokrati.sk\/hu\/wp-json\/wp\/v2\/tags?post=8241"}],"curies":[{"name":"wp","href":"https:\/\/api.w.org\/{rel}","templated":true}]}}