{"id":8172,"date":"2025-09-16T16:45:39","date_gmt":"2025-09-16T15:45:39","guid":{"rendered":"https:\/\/www.smedemokrati.sk\/?p=8172"},"modified":"2025-09-16T16:45:40","modified_gmt":"2025-09-16T15:45:40","slug":"konsolidacia-je-fiasko-vlada-dusi-ludi-namiesto-toho-aby-setrila-na-sebe","status":"publish","type":"post","link":"https:\/\/www.smedemokrati.sk\/hu\/konsolidacia-je-fiasko-vlada-dusi-ludi-namiesto-toho-aby-setrila-na-sebe\/","title":{"rendered":"Konsolid\u00e1cia je fiasko \u2013 vl\u00e1da dus\u00ed \u013eud\u00ed namiesto toho, aby \u0161etrila na sebe"},"content":{"rendered":"<div id=\"fb-root\"><\/div>\n\n<p><strong>Konsolida\u010dn\u00fd bal\u00edk je v parlamente, no vl\u00e1da st\u00e1le nedok\u00e1zala predlo\u017ei\u0165 jasn\u00fd pl\u00e1n, kde bude sama \u0161etri\u0165. Minister financi\u00ed Ladislav Kamenick\u00fd u\u017e dev\u00e4\u0165 mesiacov hovor\u00ed, \u017ee konsolid\u00e1cia pr\u00edde, term\u00edny \u0161es\u0165kr\u00e1t pos\u00faval a ke\u010f kone\u010dne n\u00e1vrh dorazil do parlamentu, znovu v \u0148om ch\u00fdba to najd\u00f4le\u017eitej\u0161ie \u2013 \u0161etrenie na strane \u0161t\u00e1tu.<\/strong><\/p>\n\n\n\n<p>Namiesto toho vl\u00e1da pren\u00e1\u0161a cel\u00fa \u0165archu na ob\u010danov. Konsolid\u00e1cia tvrdo dopad\u00e1 na nezamestnan\u00fdch, matky, chor\u00fdch, d\u00f4chodcov \u010di \u017eivnostn\u00edkov. A to v \u010dase, ke\u010f Slovensko dosahuje mizern\u00fd rast 0,4 %, k\u00fdm Po\u013esko rastie o 3,4 % a \u010cesko o 2,4 %.<\/p>\n\n\n\n<p>\u201eT\u00e1to vl\u00e1da je jeden ve\u013ek\u00fd chaos. Namiesto toho, aby \u0161etrila na sebe, dus\u00ed ekonomiku a \u013eud\u00ed. Je to cel\u00e9 klamstvo, na ktor\u00e9 dopl\u00e1caj\u00fa najzranite\u013enej\u0161\u00ed. S\u00fa to soci\u00e1lni netvori. Minister Kamenick\u00fd mus\u00ed okam\u017eite predstavi\u0165 tabu\u013eku, kde a v ak\u00fdch sum\u00e1ch bud\u00fa \u0161etri\u0165 jednotliv\u00e9 rezorty, a z\u00e1rove\u0148 by mali preuk\u00e1za\u0165 solidaritu tak, \u017ee sa ministri vzdaj\u00fa zv\u00fd\u0161en\u00fdch pau\u0161\u00e1lnych n\u00e1hrad, ktor\u00e9 si u\u017e rok a pol u\u017e\u00edvaj\u00fa,\u201c povedal podpredseda Demokratov Eduard Heger. \u201eP\u00fdtame sa, kde je premi\u00e9r? Vari ani najv\u00e4\u010d\u0161ie o\u017eobra\u010dovanie v hist\u00f3ri\u00ed Slovenska nie je premi\u00e9rska t\u00e9ma.\u201c dod\u00e1va Heger.<\/p>\n\n\n\n<p>Vl\u00e1dne m\u00ed\u0148anie a arogancia s\u00fa pod\u013ea Demokratov do o\u010d\u00ed bij\u00face. Na jednej strane minister financi\u00ed vyhlasuje, \u017ee \u0161t\u00e1t nebude kupova\u0165 luxusn\u00e9 aut\u00e1, na druhej strane si ministri vr\u00e1tane ministerky kult\u00fary nak\u00fapili limuz\u00edny za viac ne\u017e 100-tis\u00edc eur. Popri tom si zv\u00fd\u0161ili platy o tis\u00edce eur a teraz ich navy\u0161uj\u00fa op\u00e4\u0165 \u2013 cez fintu s pau\u0161\u00e1lnymi n\u00e1hradami.<\/p>\n\n\n\n<p>\u201eT\u00e1to vl\u00e1da si zo Slovenska spravila bankomat pre svoje v\u00fdsady a luxus. Na \u013eud\u00ed odkazuj\u00fa, aby si varili doma d\u017eem, ale sami si kupuj\u00fa limuz\u00edny za stotis\u00edce. Je to v\u00fdsmech ob\u010danom, ktor\u00ed nevedia spl\u00e1ca\u0165 hypot\u00e9ky alebo vy\u017ei\u0165 z d\u00f4chodku. Preto dnes o 18:00 poz\u00fdvame \u013eud\u00ed na n\u00e1mestia po celom Slovensku, kde spolu s partnermi organizujeme protesty proti tomuto nezodpovedn\u00e9mu vl\u00e1dnutiu,\u201c zd\u00f4raznil poslanec a \u010dlen predsedn\u00edctva Demokratov \u013dubom\u00edr Galko.<\/p>\n\n\n\n<p><strong>Najtvrd\u0161ie opatrenia zasahuj\u00fa aj podnikate\u013eov. Tento rok po prv\u00fdkr\u00e1t v hist\u00f3rii Slovenska zaniklo viac \u017eivnost\u00ed, ne\u017e vzniklo.<\/strong><\/p>\n\n\n\n<p>\u201eJe to priamy d\u00f4sledok vl\u00e1dnej konsolid\u00e1cie. Ak parlament schv\u00e1li \u010fal\u0161\u00ed bal\u00edk v s\u00fa\u010dasnej podobe, tento trend sa e\u0161te zhor\u0161\u00ed. Demokrati v\u0161ak m\u00e1me in\u00e9 rie\u0161enie \u2013 pre ka\u017ed\u00e9ho \u017eivnostn\u00edka s tr\u017ebami do 100-tis\u00edc eur zavedieme jednoduch\u00fd model: zaplat\u00ed raz ro\u010dne 3000 eur a vybaven\u00e9. \u017diadna byrokracia, \u017eiadne v\u00fdkazy, \u017eiadne odvody \u010di dane \u2013 sleduje si iba tr\u017ebu. Toto je cesta, ktor\u00e1 udr\u017e\u00ed \u017eivnostn\u00edkov pri \u017eivote a podpor\u00ed ekonomiku,\u201c dodal ekonomick\u00fd expert Demokratov Michal Pavl\u00edk.<\/p>\n\n\n<div id=\"fb-root\"><\/div><script async defer crossorigin=\"anonymous\" src=\"https:\/\/connect.facebook.net\/sk_SK\/sdk.js#xfbml=1&version=v18.0\"><\/script><div class=\"fb-video\" data-href=\"https:\/\/fb.watch\/C8YScUhtuf\/\" data-width=\"560\" data-show-text=\"false\"><blockquote cite=\"https:\/\/fb.watch\/C8YScUhtuf\/\" class=\"fb-xfbml-parse-ignore\"><a href=\"https:\/\/fb.watch\/C8YScUhtuf\/\">Video<\/a><\/blockquote><\/div>\n","protected":false},"excerpt":{"rendered":"<p>Konsolida\u010dn\u00fd bal\u00edk je v parlamente, no vl\u00e1da st\u00e1le nedok\u00e1zala predlo\u017ei\u0165 jasn\u00fd pl\u00e1n, kde bude sama \u0161etri\u0165. Minister financi\u00ed Ladislav Kamenick\u00fd u\u017e dev\u00e4\u0165 mesiacov hovor\u00ed, \u017ee konsolid\u00e1cia pr\u00edde, term\u00edny \u0161es\u0165kr\u00e1t pos\u00faval a ke\u010f kone\u010dne n\u00e1vrh dorazil do parlamentu, znovu v \u0148om ch\u00fdba to najd\u00f4le\u017eitej\u0161ie \u2013 \u0161etrenie na strane \u0161t\u00e1tu. Namiesto toho vl\u00e1da pren\u00e1\u0161a cel\u00fa \u0165archu na [&hellip;]<\/p>\n","protected":false},"author":13,"featured_media":8173,"comment_status":"closed","ping_status":"closed","sticky":false,"template":"","format":"standard","meta":{"_acf_changed":false,"ngg_post_thumbnail":0,"footnotes":""},"categories":[4],"tags":[],"class_list":["post-8172","post","type-post","status-publish","format-standard","has-post-thumbnail","hentry","category-tlacove-spravy"],"acf":[],"yoast_head":"<!-- This site is optimized with the Yoast SEO plugin v27.2 - https:\/\/yoast.com\/product\/yoast-seo-wordpress\/ -->\n<title>Konsolid\u00e1cia je fiasko \u2013 vl\u00e1da dus\u00ed \u013eud\u00ed namiesto toho, aby \u0161etrila na sebe<\/title>\n<meta name=\"robots\" content=\"index, follow, max-snippet:-1, max-image-preview:large, max-video-preview:-1\" \/>\n<link rel=\"canonical\" href=\"https:\/\/www.smedemokrati.sk\/hu\/konsolidacia-je-fiasko-vlada-dusi-ludi-namiesto-toho-aby-setrila-na-sebe\/\" \/>\n<meta property=\"og:locale\" content=\"hu_HU\" \/>\n<meta property=\"og:locale:alternate\" content=\"en_US\" \/>\n<meta property=\"og:locale:alternate\" content=\"cs_CZ\" \/>\n<meta property=\"og:locale:alternate\" content=\"sk_SK\" \/>\n<meta property=\"og:locale:alternate\" content=\"sv_SE\" \/>\n<meta property=\"og:type\" content=\"article\" \/>\n<meta property=\"og:title\" content=\"Konsolid\u00e1cia je fiasko \u2013 vl\u00e1da dus\u00ed \u013eud\u00ed namiesto toho, aby \u0161etrila na sebe\" \/>\n<meta property=\"og:description\" content=\"Konsolida\u010dn\u00fd bal\u00edk je v parlamente, no vl\u00e1da st\u00e1le nedok\u00e1zala predlo\u017ei\u0165 jasn\u00fd pl\u00e1n, kde bude sama \u0161etri\u0165. Minister financi\u00ed Ladislav Kamenick\u00fd u\u017e dev\u00e4\u0165 mesiacov hovor\u00ed, \u017ee konsolid\u00e1cia pr\u00edde, term\u00edny \u0161es\u0165kr\u00e1t pos\u00faval a ke\u010f kone\u010dne n\u00e1vrh dorazil do parlamentu, znovu v \u0148om ch\u00fdba to najd\u00f4le\u017eitej\u0161ie \u2013 \u0161etrenie na strane \u0161t\u00e1tu. Namiesto toho vl\u00e1da pren\u00e1\u0161a cel\u00fa \u0165archu na [&hellip;]\" \/>\n<meta property=\"og:url\" content=\"https:\/\/www.smedemokrati.sk\/hu\/konsolidacia-je-fiasko-vlada-dusi-ludi-namiesto-toho-aby-setrila-na-sebe\/\" \/>\n<meta property=\"og:site_name\" content=\"Smedemokrati.sk\" \/>\n<meta property=\"article:publisher\" content=\"https:\/\/www.facebook.com\/smedemokrati2023\" \/>\n<meta property=\"article:published_time\" content=\"2025-09-16T15:45:39+00:00\" \/>\n<meta property=\"article:modified_time\" content=\"2025-09-16T15:45:40+00:00\" \/>\n<meta property=\"og:image\" content=\"https:\/\/www.smedemokrati.sk\/wp-content\/uploads\/2025\/09\/konsolidacia-katastrofa.jpg\" \/>\n\t<meta property=\"og:image:width\" content=\"787\" \/>\n\t<meta property=\"og:image:height\" content=\"383\" \/>\n\t<meta property=\"og:image:type\" content=\"image\/jpeg\" \/>\n<meta name=\"author\" content=\"miro.sopko\" \/>\n<meta name=\"twitter:card\" content=\"summary_large_image\" \/>\n<meta name=\"twitter:label1\" content=\"Szerz\u0151:\" \/>\n\t<meta name=\"twitter:data1\" content=\"miro.sopko\" \/>\n\t<meta name=\"twitter:label2\" content=\"Becs\u00fclt olvas\u00e1si id\u0151\" \/>\n\t<meta name=\"twitter:data2\" content=\"3 perc\" \/>\n<script type=\"application\/ld+json\" class=\"yoast-schema-graph\">{\"@context\":\"https:\/\/schema.org\",\"@graph\":[{\"@type\":\"Article\",\"@id\":\"https:\/\/www.smedemokrati.sk\/konsolidacia-je-fiasko-vlada-dusi-ludi-namiesto-toho-aby-setrila-na-sebe\/#article\",\"isPartOf\":{\"@id\":\"https:\/\/www.smedemokrati.sk\/konsolidacia-je-fiasko-vlada-dusi-ludi-namiesto-toho-aby-setrila-na-sebe\/\"},\"author\":{\"name\":\"miro.sopko\",\"@id\":\"https:\/\/www.smedemokrati.sk\/#\/schema\/person\/21f147c88d605aa7ded900e1e7c344ba\"},\"headline\":\"Konsolid\u00e1cia je fiasko \u2013 vl\u00e1da dus\u00ed \u013eud\u00ed namiesto toho, aby \u0161etrila na sebe\",\"datePublished\":\"2025-09-16T15:45:39+00:00\",\"dateModified\":\"2025-09-16T15:45:40+00:00\",\"mainEntityOfPage\":{\"@id\":\"https:\/\/www.smedemokrati.sk\/konsolidacia-je-fiasko-vlada-dusi-ludi-namiesto-toho-aby-setrila-na-sebe\/\"},\"wordCount\":515,\"publisher\":{\"@id\":\"https:\/\/www.smedemokrati.sk\/#organization\"},\"image\":{\"@id\":\"https:\/\/www.smedemokrati.sk\/konsolidacia-je-fiasko-vlada-dusi-ludi-namiesto-toho-aby-setrila-na-sebe\/#primaryimage\"},\"thumbnailUrl\":\"https:\/\/www.smedemokrati.sk\/wp-content\/uploads\/2025\/09\/konsolidacia-katastrofa.jpg\",\"articleSection\":[\"Tla\u010dov\u00e9 spr\u00e1vy\"],\"inLanguage\":\"hu-HU\"},{\"@type\":\"WebPage\",\"@id\":\"https:\/\/www.smedemokrati.sk\/konsolidacia-je-fiasko-vlada-dusi-ludi-namiesto-toho-aby-setrila-na-sebe\/\",\"url\":\"https:\/\/www.smedemokrati.sk\/konsolidacia-je-fiasko-vlada-dusi-ludi-namiesto-toho-aby-setrila-na-sebe\/\",\"name\":\"Konsolid\u00e1cia je fiasko \u2013 vl\u00e1da dus\u00ed \u013eud\u00ed namiesto toho, aby \u0161etrila na sebe\",\"isPartOf\":{\"@id\":\"https:\/\/www.smedemokrati.sk\/#website\"},\"primaryImageOfPage\":{\"@id\":\"https:\/\/www.smedemokrati.sk\/konsolidacia-je-fiasko-vlada-dusi-ludi-namiesto-toho-aby-setrila-na-sebe\/#primaryimage\"},\"image\":{\"@id\":\"https:\/\/www.smedemokrati.sk\/konsolidacia-je-fiasko-vlada-dusi-ludi-namiesto-toho-aby-setrila-na-sebe\/#primaryimage\"},\"thumbnailUrl\":\"https:\/\/www.smedemokrati.sk\/wp-content\/uploads\/2025\/09\/konsolidacia-katastrofa.jpg\",\"datePublished\":\"2025-09-16T15:45:39+00:00\",\"dateModified\":\"2025-09-16T15:45:40+00:00\",\"breadcrumb\":{\"@id\":\"https:\/\/www.smedemokrati.sk\/konsolidacia-je-fiasko-vlada-dusi-ludi-namiesto-toho-aby-setrila-na-sebe\/#breadcrumb\"},\"inLanguage\":\"hu-HU\",\"potentialAction\":[{\"@type\":\"ReadAction\",\"target\":[\"https:\/\/www.smedemokrati.sk\/konsolidacia-je-fiasko-vlada-dusi-ludi-namiesto-toho-aby-setrila-na-sebe\/\"]}]},{\"@type\":\"ImageObject\",\"inLanguage\":\"hu-HU\",\"@id\":\"https:\/\/www.smedemokrati.sk\/konsolidacia-je-fiasko-vlada-dusi-ludi-namiesto-toho-aby-setrila-na-sebe\/#primaryimage\",\"url\":\"https:\/\/www.smedemokrati.sk\/wp-content\/uploads\/2025\/09\/konsolidacia-katastrofa.jpg\",\"contentUrl\":\"https:\/\/www.smedemokrati.sk\/wp-content\/uploads\/2025\/09\/konsolidacia-katastrofa.jpg\",\"width\":787,\"height\":383},{\"@type\":\"BreadcrumbList\",\"@id\":\"https:\/\/www.smedemokrati.sk\/konsolidacia-je-fiasko-vlada-dusi-ludi-namiesto-toho-aby-setrila-na-sebe\/#breadcrumb\",\"itemListElement\":[{\"@type\":\"ListItem\",\"position\":1,\"name\":\"Domovsk\u00e1 str\u00e1nka\",\"item\":\"https:\/\/www.smedemokrati.sk\/\"},{\"@type\":\"ListItem\",\"position\":2,\"name\":\"Konsolid\u00e1cia je fiasko \u2013 vl\u00e1da dus\u00ed \u013eud\u00ed namiesto toho, aby \u0161etrila na sebe\"}]},{\"@type\":\"WebSite\",\"@id\":\"https:\/\/www.smedemokrati.sk\/#website\",\"url\":\"https:\/\/www.smedemokrati.sk\/\",\"name\":\"Smedemokrati.sk\",\"description\":\"Demokracia a slu\u0161nos\u0165 zv\u00ed\u0165az\u00ed\",\"publisher\":{\"@id\":\"https:\/\/www.smedemokrati.sk\/#organization\"},\"potentialAction\":[{\"@type\":\"SearchAction\",\"target\":{\"@type\":\"EntryPoint\",\"urlTemplate\":\"https:\/\/www.smedemokrati.sk\/?s={search_term_string}\"},\"query-input\":{\"@type\":\"PropertyValueSpecification\",\"valueRequired\":true,\"valueName\":\"search_term_string\"}}],\"inLanguage\":\"hu-HU\"},{\"@type\":\"Organization\",\"@id\":\"https:\/\/www.smedemokrati.sk\/#organization\",\"name\":\"Smedemokrati.sk\",\"url\":\"https:\/\/www.smedemokrati.sk\/\",\"logo\":{\"@type\":\"ImageObject\",\"inLanguage\":\"hu-HU\",\"@id\":\"https:\/\/www.smedemokrati.sk\/#\/schema\/logo\/image\/\",\"url\":\"https:\/\/www.smedemokrati.sk\/wp-content\/uploads\/2023\/04\/ff.002.jpeg\",\"contentUrl\":\"https:\/\/www.smedemokrati.sk\/wp-content\/uploads\/2023\/04\/ff.002.jpeg\",\"width\":640,\"height\":480,\"caption\":\"Smedemokrati.sk\"},\"image\":{\"@id\":\"https:\/\/www.smedemokrati.sk\/#\/schema\/logo\/image\/\"},\"sameAs\":[\"https:\/\/www.facebook.com\/smedemokrati2023\"]},{\"@type\":\"Person\",\"@id\":\"https:\/\/www.smedemokrati.sk\/#\/schema\/person\/21f147c88d605aa7ded900e1e7c344ba\",\"name\":\"miro.sopko\",\"image\":{\"@type\":\"ImageObject\",\"inLanguage\":\"hu-HU\",\"@id\":\"https:\/\/secure.gravatar.com\/avatar\/267e4a36f704376c109afe3a78740c1f5dd8675a2180a908699e7863c9247606?s=96&d=mm&r=g\",\"url\":\"https:\/\/secure.gravatar.com\/avatar\/267e4a36f704376c109afe3a78740c1f5dd8675a2180a908699e7863c9247606?s=96&d=mm&r=g\",\"contentUrl\":\"https:\/\/secure.gravatar.com\/avatar\/267e4a36f704376c109afe3a78740c1f5dd8675a2180a908699e7863c9247606?s=96&d=mm&r=g\",\"caption\":\"miro.sopko\"},\"url\":\"https:\/\/www.smedemokrati.sk\/hu\/author\/miro-sopko\/\"}]}<\/script>\n<!-- \/ Yoast SEO plugin. -->","yoast_head_json":{"title":"Konsolid\u00e1cia je fiasko \u2013 vl\u00e1da dus\u00ed \u013eud\u00ed namiesto toho, aby \u0161etrila na sebe","robots":{"index":"index","follow":"follow","max-snippet":"max-snippet:-1","max-image-preview":"max-image-preview:large","max-video-preview":"max-video-preview:-1"},"canonical":"https:\/\/www.smedemokrati.sk\/hu\/konsolidacia-je-fiasko-vlada-dusi-ludi-namiesto-toho-aby-setrila-na-sebe\/","og_locale":"hu_HU","og_type":"article","og_title":"[:sk]Konsolid\u00e1cia je fiasko \u2013 vl\u00e1da dus\u00ed \u013eud\u00ed namiesto toho, aby \u0161etrila na sebe[:] - Smedemokrati.sk","og_description":"Konsolida\u010dn\u00fd bal\u00edk je v parlamente, no vl\u00e1da st\u00e1le nedok\u00e1zala predlo\u017ei\u0165 jasn\u00fd pl\u00e1n, kde bude sama \u0161etri\u0165. Minister financi\u00ed Ladislav Kamenick\u00fd u\u017e dev\u00e4\u0165 mesiacov hovor\u00ed, \u017ee konsolid\u00e1cia pr\u00edde, term\u00edny \u0161es\u0165kr\u00e1t pos\u00faval a ke\u010f kone\u010dne n\u00e1vrh dorazil do parlamentu, znovu v \u0148om ch\u00fdba to najd\u00f4le\u017eitej\u0161ie \u2013 \u0161etrenie na strane \u0161t\u00e1tu. Namiesto toho vl\u00e1da pren\u00e1\u0161a cel\u00fa \u0165archu na [&hellip;]","og_url":"https:\/\/www.smedemokrati.sk\/hu\/konsolidacia-je-fiasko-vlada-dusi-ludi-namiesto-toho-aby-setrila-na-sebe\/","og_site_name":"Smedemokrati.sk","article_publisher":"https:\/\/www.facebook.com\/smedemokrati2023","article_published_time":"2025-09-16T15:45:39+00:00","article_modified_time":"2025-09-16T15:45:40+00:00","og_image":[{"width":787,"height":383,"url":"https:\/\/www.smedemokrati.sk\/wp-content\/uploads\/2025\/09\/konsolidacia-katastrofa.jpg","type":"image\/jpeg"}],"author":"miro.sopko","twitter_card":"summary_large_image","twitter_misc":{"Szerz\u0151:":"miro.sopko","Becs\u00fclt olvas\u00e1si id\u0151":"3 perc"},"schema":{"@context":"https:\/\/schema.org","@graph":[{"@type":"Article","@id":"https:\/\/www.smedemokrati.sk\/konsolidacia-je-fiasko-vlada-dusi-ludi-namiesto-toho-aby-setrila-na-sebe\/#article","isPartOf":{"@id":"https:\/\/www.smedemokrati.sk\/konsolidacia-je-fiasko-vlada-dusi-ludi-namiesto-toho-aby-setrila-na-sebe\/"},"author":{"name":"miro.sopko","@id":"https:\/\/www.smedemokrati.sk\/#\/schema\/person\/21f147c88d605aa7ded900e1e7c344ba"},"headline":"Konsolid\u00e1cia je fiasko \u2013 vl\u00e1da dus\u00ed \u013eud\u00ed namiesto toho, aby \u0161etrila na sebe","datePublished":"2025-09-16T15:45:39+00:00","dateModified":"2025-09-16T15:45:40+00:00","mainEntityOfPage":{"@id":"https:\/\/www.smedemokrati.sk\/konsolidacia-je-fiasko-vlada-dusi-ludi-namiesto-toho-aby-setrila-na-sebe\/"},"wordCount":515,"publisher":{"@id":"https:\/\/www.smedemokrati.sk\/#organization"},"image":{"@id":"https:\/\/www.smedemokrati.sk\/konsolidacia-je-fiasko-vlada-dusi-ludi-namiesto-toho-aby-setrila-na-sebe\/#primaryimage"},"thumbnailUrl":"https:\/\/www.smedemokrati.sk\/wp-content\/uploads\/2025\/09\/konsolidacia-katastrofa.jpg","articleSection":["Tla\u010dov\u00e9 spr\u00e1vy"],"inLanguage":"hu-HU"},{"@type":"WebPage","@id":"https:\/\/www.smedemokrati.sk\/konsolidacia-je-fiasko-vlada-dusi-ludi-namiesto-toho-aby-setrila-na-sebe\/","url":"https:\/\/www.smedemokrati.sk\/konsolidacia-je-fiasko-vlada-dusi-ludi-namiesto-toho-aby-setrila-na-sebe\/","name":"Konsolid\u00e1cia je fiasko \u2013 vl\u00e1da dus\u00ed \u013eud\u00ed namiesto toho, aby \u0161etrila na sebe","isPartOf":{"@id":"https:\/\/www.smedemokrati.sk\/#website"},"primaryImageOfPage":{"@id":"https:\/\/www.smedemokrati.sk\/konsolidacia-je-fiasko-vlada-dusi-ludi-namiesto-toho-aby-setrila-na-sebe\/#primaryimage"},"image":{"@id":"https:\/\/www.smedemokrati.sk\/konsolidacia-je-fiasko-vlada-dusi-ludi-namiesto-toho-aby-setrila-na-sebe\/#primaryimage"},"thumbnailUrl":"https:\/\/www.smedemokrati.sk\/wp-content\/uploads\/2025\/09\/konsolidacia-katastrofa.jpg","datePublished":"2025-09-16T15:45:39+00:00","dateModified":"2025-09-16T15:45:40+00:00","breadcrumb":{"@id":"https:\/\/www.smedemokrati.sk\/konsolidacia-je-fiasko-vlada-dusi-ludi-namiesto-toho-aby-setrila-na-sebe\/#breadcrumb"},"inLanguage":"hu-HU","potentialAction":[{"@type":"ReadAction","target":["https:\/\/www.smedemokrati.sk\/konsolidacia-je-fiasko-vlada-dusi-ludi-namiesto-toho-aby-setrila-na-sebe\/"]}]},{"@type":"ImageObject","inLanguage":"hu-HU","@id":"https:\/\/www.smedemokrati.sk\/konsolidacia-je-fiasko-vlada-dusi-ludi-namiesto-toho-aby-setrila-na-sebe\/#primaryimage","url":"https:\/\/www.smedemokrati.sk\/wp-content\/uploads\/2025\/09\/konsolidacia-katastrofa.jpg","contentUrl":"https:\/\/www.smedemokrati.sk\/wp-content\/uploads\/2025\/09\/konsolidacia-katastrofa.jpg","width":787,"height":383},{"@type":"BreadcrumbList","@id":"https:\/\/www.smedemokrati.sk\/konsolidacia-je-fiasko-vlada-dusi-ludi-namiesto-toho-aby-setrila-na-sebe\/#breadcrumb","itemListElement":[{"@type":"ListItem","position":1,"name":"Domovsk\u00e1 str\u00e1nka","item":"https:\/\/www.smedemokrati.sk\/"},{"@type":"ListItem","position":2,"name":"Konsolid\u00e1cia je fiasko \u2013 vl\u00e1da dus\u00ed \u013eud\u00ed namiesto toho, aby \u0161etrila na sebe"}]},{"@type":"WebSite","@id":"https:\/\/www.smedemokrati.sk\/#website","url":"https:\/\/www.smedemokrati.sk\/","name":"Smedemokrati.sk","description":"Demokracia a slu\u0161nos\u0165 zv\u00ed\u0165az\u00ed","publisher":{"@id":"https:\/\/www.smedemokrati.sk\/#organization"},"potentialAction":[{"@type":"SearchAction","target":{"@type":"EntryPoint","urlTemplate":"https:\/\/www.smedemokrati.sk\/?s={search_term_string}"},"query-input":{"@type":"PropertyValueSpecification","valueRequired":true,"valueName":"search_term_string"}}],"inLanguage":"hu-HU"},{"@type":"Organization","@id":"https:\/\/www.smedemokrati.sk\/#organization","name":"Smedemokrati.sk","url":"https:\/\/www.smedemokrati.sk\/","logo":{"@type":"ImageObject","inLanguage":"hu-HU","@id":"https:\/\/www.smedemokrati.sk\/#\/schema\/logo\/image\/","url":"https:\/\/www.smedemokrati.sk\/wp-content\/uploads\/2023\/04\/ff.002.jpeg","contentUrl":"https:\/\/www.smedemokrati.sk\/wp-content\/uploads\/2023\/04\/ff.002.jpeg","width":640,"height":480,"caption":"Smedemokrati.sk"},"image":{"@id":"https:\/\/www.smedemokrati.sk\/#\/schema\/logo\/image\/"},"sameAs":["https:\/\/www.facebook.com\/smedemokrati2023"]},{"@type":"Person","@id":"https:\/\/www.smedemokrati.sk\/#\/schema\/person\/21f147c88d605aa7ded900e1e7c344ba","name":"miro.sopko","image":{"@type":"ImageObject","inLanguage":"hu-HU","@id":"https:\/\/secure.gravatar.com\/avatar\/267e4a36f704376c109afe3a78740c1f5dd8675a2180a908699e7863c9247606?s=96&d=mm&r=g","url":"https:\/\/secure.gravatar.com\/avatar\/267e4a36f704376c109afe3a78740c1f5dd8675a2180a908699e7863c9247606?s=96&d=mm&r=g","contentUrl":"https:\/\/secure.gravatar.com\/avatar\/267e4a36f704376c109afe3a78740c1f5dd8675a2180a908699e7863c9247606?s=96&d=mm&r=g","caption":"miro.sopko"},"url":"https:\/\/www.smedemokrati.sk\/hu\/author\/miro-sopko\/"}]}},"_links":{"self":[{"href":"https:\/\/www.smedemokrati.sk\/hu\/wp-json\/wp\/v2\/posts\/8172","targetHints":{"allow":["GET"]}}],"collection":[{"href":"https:\/\/www.smedemokrati.sk\/hu\/wp-json\/wp\/v2\/posts"}],"about":[{"href":"https:\/\/www.smedemokrati.sk\/hu\/wp-json\/wp\/v2\/types\/post"}],"author":[{"embeddable":true,"href":"https:\/\/www.smedemokrati.sk\/hu\/wp-json\/wp\/v2\/users\/13"}],"replies":[{"embeddable":true,"href":"https:\/\/www.smedemokrati.sk\/hu\/wp-json\/wp\/v2\/comments?post=8172"}],"version-history":[{"count":1,"href":"https:\/\/www.smedemokrati.sk\/hu\/wp-json\/wp\/v2\/posts\/8172\/revisions"}],"predecessor-version":[{"id":8174,"href":"https:\/\/www.smedemokrati.sk\/hu\/wp-json\/wp\/v2\/posts\/8172\/revisions\/8174"}],"wp:featuredmedia":[{"embeddable":true,"href":"https:\/\/www.smedemokrati.sk\/hu\/wp-json\/wp\/v2\/media\/8173"}],"wp:attachment":[{"href":"https:\/\/www.smedemokrati.sk\/hu\/wp-json\/wp\/v2\/media?parent=8172"}],"wp:term":[{"taxonomy":"category","embeddable":true,"href":"https:\/\/www.smedemokrati.sk\/hu\/wp-json\/wp\/v2\/categories?post=8172"},{"taxonomy":"post_tag","embeddable":true,"href":"https:\/\/www.smedemokrati.sk\/hu\/wp-json\/wp\/v2\/tags?post=8172"}],"curies":[{"name":"wp","href":"https:\/\/api.w.org\/{rel}","templated":true}]}}