{"id":8127,"date":"2025-09-10T19:01:10","date_gmt":"2025-09-10T18:01:10","guid":{"rendered":"https:\/\/www.smedemokrati.sk\/?p=8127"},"modified":"2025-09-10T19:01:11","modified_gmt":"2025-09-10T18:01:11","slug":"kamenicky-predstavil-konsolidacny-masaker-vladni-predstavitelia-sa-spravaju-ako-gambleri","status":"publish","type":"post","link":"https:\/\/www.smedemokrati.sk\/hu\/kamenicky-predstavil-konsolidacny-masaker-vladni-predstavitelia-sa-spravaju-ako-gambleri\/","title":{"rendered":"Kamenick\u00fd predstavil konsolida\u010dn\u00fd masaker, vl\u00e1dni predstavitelia sa spr\u00e1vaj\u00fa ako gambleri"},"content":{"rendered":"<div id=\"fb-root\"><\/div>\n\n<p><strong>Demokrati kritizuj\u00fa, \u017ee financie z 21 konsolida\u010dn\u00fdch opatren\u00ed z 22 id\u00fa na vrub be\u017en\u00fdch \u013eud\u00ed. Je nemyslite\u013en\u00e9, aby vl\u00e1da vybrala od \u013eud\u00ed vy\u0161e 7,4 miliardy ro\u010dne a ako krajina sme namiesto splaten\u00e9ho dlhu mali dlh e\u0161te vy\u0161\u0161\u00ed. Expremi\u00e9r Eduard Heger ozna\u010duje Kamenick\u00e9ho konsolid\u00e1ciu za ekonomick\u00fd z\u00e1zrak, no v tom najhor\u0161om zmysle slova.<br><\/strong><br><em>\u201eId\u00fa konsolidova\u0165 na vrub nezamestnan\u00fdch, dokonca na vrub chor\u00fdch a tie\u017e mami\u010diek na materskej dovolenke. Odpustite, ale toto mohla vymyslie\u0165 len chor\u00e1 hlava. Nehovoriac o tom, \u017ee koal\u00edcia oklamala vlastn\u00fdch voli\u010dov zmrazen\u00edm 13. d\u00f4chodkov,\u201c<\/em>&nbsp;otv\u00e1ra t\u00e9mu expremi\u00e9r Eduard Heger. Pokra\u010duje, \u017ee vl\u00e1dni predstavitelia sa spr\u00e1vaj\u00fa ako gambleri, ktor\u00ed od \u013eud\u00ed vyber\u00fa peniaze a z\u00e1rove\u0148 zvy\u0161uj\u00fa dlh \u0161t\u00e1tu.<\/p>\n\n\n\n<p><em>\u201eOd \u013eud\u00ed chc\u00fa vybra\u0165 7,4 miliardy ro\u010dne. My sme ani deficit za na\u0161ej vl\u00e1dy nemali 7,4 miliardy eur. To znamen\u00e1, \u017ee ak by sme tak\u00fa sumu vybrali od ob\u010danov my, m\u00e1me ako krajina prebytok. To je \u0161ialen\u00e9 a t\u00e1to matematika nesed\u00ed. Vl\u00e1dni predstavitelia sa spr\u00e1vaj\u00fa ako gambleri, ktor\u00ed vyberaj\u00fa peniaze od \u013eud\u00ed a nespl\u00e1caj\u00fa svoj dlh \u2013 naopak, navy\u0161uj\u00fa ho,\u201c<\/em>&nbsp;povedal Heger. Z\u00e1rove\u0148 kritizuje, \u017ee sa na konsolid\u00e1cii nepodie\u013eaj\u00fa politick\u00e9 strany, ktor\u00e9 po vo\u013eb\u00e1ch dost\u00e1vaj\u00fa doslova mili\u00f3ny a ktor\u00e9 by pod\u013ea expremi\u00e9ra mali vyjadri\u0165 solidaritu s \u013eu\u010fmi a samy navrhn\u00fa\u0165 zn\u00ed\u017eenie \u0161t\u00e1tneho pr\u00edspevku.<\/p>\n\n\n\n<p>Juraj \u0160eliga kritizuje, \u017ee najviac si konsolid\u00e1ciu \u201eodnes\u00fa\u201c \u017eivnostn\u00edci a mal\u00ed podnikatelia:&nbsp;<em>\u201eKamenick\u00fd v\u010dera odk\u00e1zal \u017eivnostn\u00edkom, \u017ee si maj\u00fa pripravi\u0165 700 eur ro\u010dne a zamestnanci 200 eur za rok. V preklade to znamen\u00e1, \u017ee kopec za\u010d\u00ednaj\u00facich podnikate\u013eov zapla\u010de alebo skrachuje. Vyberaj\u00fa od \u013eud\u00ed miliardy a je na mieste ot\u00e1zka, \u010do za to t\u00ed \u017eivnostn\u00edci dostan\u00fa? \u010co za to dostan\u00fa ob\u010dania, ktor\u00fdch vl\u00e1da o\u017eobra\u010duje pre vlastn\u00fa neschopnos\u0165? Odpove\u010f je: ni\u010d. Iba na\u010falej nedostupn\u00fa zdravotn\u00fa starostlivos\u0165, zl\u00e9 cesty, nedostavan\u00e9 dia\u013enice, drah\u00e9 energie a hanbu na\u0161ej krajiny na \u0161tyri svetov\u00e9 strany.\u201c<\/em><\/p>\n\n\n\n<p>Link na TK cca od 18:50\u00a0<a href=\"https:\/\/fb.watch\/C0Z8alVIqC\/\" target=\"_blank\" rel=\"noreferrer noopener\">https:\/\/fb.watch\/C0Z8alVIqC\/<\/a><\/p>\n","protected":false},"excerpt":{"rendered":"<p>Demokrati kritizuj\u00fa, \u017ee financie z 21 konsolida\u010dn\u00fdch opatren\u00ed z 22 id\u00fa na vrub be\u017en\u00fdch \u013eud\u00ed. Je nemyslite\u013en\u00e9, aby vl\u00e1da vybrala od \u013eud\u00ed vy\u0161e 7,4 miliardy ro\u010dne a ako krajina sme namiesto splaten\u00e9ho dlhu mali dlh e\u0161te vy\u0161\u0161\u00ed. Expremi\u00e9r Eduard Heger ozna\u010duje Kamenick\u00e9ho konsolid\u00e1ciu za ekonomick\u00fd z\u00e1zrak, no v tom najhor\u0161om zmysle slova.\u201eId\u00fa konsolidova\u0165 na vrub [&hellip;]<\/p>\n","protected":false},"author":13,"featured_media":8128,"comment_status":"closed","ping_status":"closed","sticky":false,"template":"","format":"standard","meta":{"_acf_changed":false,"ngg_post_thumbnail":0,"footnotes":""},"categories":[4],"tags":[],"class_list":["post-8127","post","type-post","status-publish","format-standard","has-post-thumbnail","hentry","category-tlacove-spravy"],"acf":[],"yoast_head":"<!-- This site is optimized with the Yoast SEO plugin v27.2 - https:\/\/yoast.com\/product\/yoast-seo-wordpress\/ -->\n<title>Kamenick\u00fd predstavil konsolida\u010dn\u00fd masaker, vl\u00e1dni predstavitelia sa spr\u00e1vaj\u00fa ako gambleri<\/title>\n<meta name=\"robots\" content=\"index, follow, max-snippet:-1, max-image-preview:large, max-video-preview:-1\" \/>\n<link rel=\"canonical\" href=\"https:\/\/www.smedemokrati.sk\/hu\/kamenicky-predstavil-konsolidacny-masaker-vladni-predstavitelia-sa-spravaju-ako-gambleri\/\" \/>\n<meta property=\"og:locale\" content=\"hu_HU\" \/>\n<meta property=\"og:locale:alternate\" content=\"en_US\" \/>\n<meta property=\"og:locale:alternate\" content=\"cs_CZ\" \/>\n<meta property=\"og:locale:alternate\" content=\"sk_SK\" \/>\n<meta property=\"og:locale:alternate\" content=\"sv_SE\" \/>\n<meta property=\"og:type\" content=\"article\" \/>\n<meta property=\"og:title\" content=\"Kamenick\u00fd predstavil konsolida\u010dn\u00fd masaker, vl\u00e1dni predstavitelia sa spr\u00e1vaj\u00fa ako gambleri\" \/>\n<meta property=\"og:description\" content=\"Demokrati kritizuj\u00fa, \u017ee financie z 21 konsolida\u010dn\u00fdch opatren\u00ed z 22 id\u00fa na vrub be\u017en\u00fdch \u013eud\u00ed. Je nemyslite\u013en\u00e9, aby vl\u00e1da vybrala od \u013eud\u00ed vy\u0161e 7,4 miliardy ro\u010dne a ako krajina sme namiesto splaten\u00e9ho dlhu mali dlh e\u0161te vy\u0161\u0161\u00ed. Expremi\u00e9r Eduard Heger ozna\u010duje Kamenick\u00e9ho konsolid\u00e1ciu za ekonomick\u00fd z\u00e1zrak, no v tom najhor\u0161om zmysle slova.\u201eId\u00fa konsolidova\u0165 na vrub [&hellip;]\" \/>\n<meta property=\"og:url\" content=\"https:\/\/www.smedemokrati.sk\/hu\/kamenicky-predstavil-konsolidacny-masaker-vladni-predstavitelia-sa-spravaju-ako-gambleri\/\" \/>\n<meta property=\"og:site_name\" content=\"Smedemokrati.sk\" \/>\n<meta property=\"article:publisher\" content=\"https:\/\/www.facebook.com\/smedemokrati2023\" \/>\n<meta property=\"article:published_time\" content=\"2025-09-10T18:01:10+00:00\" \/>\n<meta property=\"article:modified_time\" content=\"2025-09-10T18:01:11+00:00\" \/>\n<meta property=\"og:image\" content=\"https:\/\/www.smedemokrati.sk\/wp-content\/uploads\/2025\/09\/konsolidacia-1.jpg\" \/>\n\t<meta property=\"og:image:width\" content=\"1420\" \/>\n\t<meta property=\"og:image:height\" content=\"760\" \/>\n\t<meta property=\"og:image:type\" content=\"image\/jpeg\" \/>\n<meta name=\"author\" content=\"miro.sopko\" \/>\n<meta name=\"twitter:card\" content=\"summary_large_image\" \/>\n<meta name=\"twitter:label1\" content=\"Szerz\u0151:\" \/>\n\t<meta name=\"twitter:data1\" content=\"miro.sopko\" \/>\n\t<meta name=\"twitter:label2\" content=\"Becs\u00fclt olvas\u00e1si id\u0151\" \/>\n\t<meta name=\"twitter:data2\" content=\"2 perc\" \/>\n<script type=\"application\/ld+json\" class=\"yoast-schema-graph\">{\"@context\":\"https:\/\/schema.org\",\"@graph\":[{\"@type\":\"Article\",\"@id\":\"https:\/\/www.smedemokrati.sk\/kamenicky-predstavil-konsolidacny-masaker-vladni-predstavitelia-sa-spravaju-ako-gambleri\/#article\",\"isPartOf\":{\"@id\":\"https:\/\/www.smedemokrati.sk\/kamenicky-predstavil-konsolidacny-masaker-vladni-predstavitelia-sa-spravaju-ako-gambleri\/\"},\"author\":{\"name\":\"miro.sopko\",\"@id\":\"https:\/\/www.smedemokrati.sk\/#\/schema\/person\/21f147c88d605aa7ded900e1e7c344ba\"},\"headline\":\"Kamenick\u00fd predstavil konsolida\u010dn\u00fd masaker, vl\u00e1dni predstavitelia sa spr\u00e1vaj\u00fa ako gambleri\",\"datePublished\":\"2025-09-10T18:01:10+00:00\",\"dateModified\":\"2025-09-10T18:01:11+00:00\",\"mainEntityOfPage\":{\"@id\":\"https:\/\/www.smedemokrati.sk\/kamenicky-predstavil-konsolidacny-masaker-vladni-predstavitelia-sa-spravaju-ako-gambleri\/\"},\"wordCount\":386,\"publisher\":{\"@id\":\"https:\/\/www.smedemokrati.sk\/#organization\"},\"image\":{\"@id\":\"https:\/\/www.smedemokrati.sk\/kamenicky-predstavil-konsolidacny-masaker-vladni-predstavitelia-sa-spravaju-ako-gambleri\/#primaryimage\"},\"thumbnailUrl\":\"https:\/\/www.smedemokrati.sk\/wp-content\/uploads\/2025\/09\/konsolidacia-1.jpg\",\"articleSection\":[\"Tla\u010dov\u00e9 spr\u00e1vy\"],\"inLanguage\":\"hu-HU\"},{\"@type\":\"WebPage\",\"@id\":\"https:\/\/www.smedemokrati.sk\/kamenicky-predstavil-konsolidacny-masaker-vladni-predstavitelia-sa-spravaju-ako-gambleri\/\",\"url\":\"https:\/\/www.smedemokrati.sk\/kamenicky-predstavil-konsolidacny-masaker-vladni-predstavitelia-sa-spravaju-ako-gambleri\/\",\"name\":\"Kamenick\u00fd predstavil konsolida\u010dn\u00fd masaker, vl\u00e1dni predstavitelia sa spr\u00e1vaj\u00fa ako gambleri\",\"isPartOf\":{\"@id\":\"https:\/\/www.smedemokrati.sk\/#website\"},\"primaryImageOfPage\":{\"@id\":\"https:\/\/www.smedemokrati.sk\/kamenicky-predstavil-konsolidacny-masaker-vladni-predstavitelia-sa-spravaju-ako-gambleri\/#primaryimage\"},\"image\":{\"@id\":\"https:\/\/www.smedemokrati.sk\/kamenicky-predstavil-konsolidacny-masaker-vladni-predstavitelia-sa-spravaju-ako-gambleri\/#primaryimage\"},\"thumbnailUrl\":\"https:\/\/www.smedemokrati.sk\/wp-content\/uploads\/2025\/09\/konsolidacia-1.jpg\",\"datePublished\":\"2025-09-10T18:01:10+00:00\",\"dateModified\":\"2025-09-10T18:01:11+00:00\",\"breadcrumb\":{\"@id\":\"https:\/\/www.smedemokrati.sk\/kamenicky-predstavil-konsolidacny-masaker-vladni-predstavitelia-sa-spravaju-ako-gambleri\/#breadcrumb\"},\"inLanguage\":\"hu-HU\",\"potentialAction\":[{\"@type\":\"ReadAction\",\"target\":[\"https:\/\/www.smedemokrati.sk\/kamenicky-predstavil-konsolidacny-masaker-vladni-predstavitelia-sa-spravaju-ako-gambleri\/\"]}]},{\"@type\":\"ImageObject\",\"inLanguage\":\"hu-HU\",\"@id\":\"https:\/\/www.smedemokrati.sk\/kamenicky-predstavil-konsolidacny-masaker-vladni-predstavitelia-sa-spravaju-ako-gambleri\/#primaryimage\",\"url\":\"https:\/\/www.smedemokrati.sk\/wp-content\/uploads\/2025\/09\/konsolidacia-1.jpg\",\"contentUrl\":\"https:\/\/www.smedemokrati.sk\/wp-content\/uploads\/2025\/09\/konsolidacia-1.jpg\",\"width\":1420,\"height\":760},{\"@type\":\"BreadcrumbList\",\"@id\":\"https:\/\/www.smedemokrati.sk\/kamenicky-predstavil-konsolidacny-masaker-vladni-predstavitelia-sa-spravaju-ako-gambleri\/#breadcrumb\",\"itemListElement\":[{\"@type\":\"ListItem\",\"position\":1,\"name\":\"Domovsk\u00e1 str\u00e1nka\",\"item\":\"https:\/\/www.smedemokrati.sk\/\"},{\"@type\":\"ListItem\",\"position\":2,\"name\":\"Kamenick\u00fd predstavil konsolida\u010dn\u00fd masaker, vl\u00e1dni predstavitelia sa spr\u00e1vaj\u00fa ako gambleri\"}]},{\"@type\":\"WebSite\",\"@id\":\"https:\/\/www.smedemokrati.sk\/#website\",\"url\":\"https:\/\/www.smedemokrati.sk\/\",\"name\":\"Smedemokrati.sk\",\"description\":\"Demokracia a slu\u0161nos\u0165 zv\u00ed\u0165az\u00ed\",\"publisher\":{\"@id\":\"https:\/\/www.smedemokrati.sk\/#organization\"},\"potentialAction\":[{\"@type\":\"SearchAction\",\"target\":{\"@type\":\"EntryPoint\",\"urlTemplate\":\"https:\/\/www.smedemokrati.sk\/?s={search_term_string}\"},\"query-input\":{\"@type\":\"PropertyValueSpecification\",\"valueRequired\":true,\"valueName\":\"search_term_string\"}}],\"inLanguage\":\"hu-HU\"},{\"@type\":\"Organization\",\"@id\":\"https:\/\/www.smedemokrati.sk\/#organization\",\"name\":\"Smedemokrati.sk\",\"url\":\"https:\/\/www.smedemokrati.sk\/\",\"logo\":{\"@type\":\"ImageObject\",\"inLanguage\":\"hu-HU\",\"@id\":\"https:\/\/www.smedemokrati.sk\/#\/schema\/logo\/image\/\",\"url\":\"https:\/\/www.smedemokrati.sk\/wp-content\/uploads\/2023\/04\/ff.002.jpeg\",\"contentUrl\":\"https:\/\/www.smedemokrati.sk\/wp-content\/uploads\/2023\/04\/ff.002.jpeg\",\"width\":640,\"height\":480,\"caption\":\"Smedemokrati.sk\"},\"image\":{\"@id\":\"https:\/\/www.smedemokrati.sk\/#\/schema\/logo\/image\/\"},\"sameAs\":[\"https:\/\/www.facebook.com\/smedemokrati2023\"]},{\"@type\":\"Person\",\"@id\":\"https:\/\/www.smedemokrati.sk\/#\/schema\/person\/21f147c88d605aa7ded900e1e7c344ba\",\"name\":\"miro.sopko\",\"image\":{\"@type\":\"ImageObject\",\"inLanguage\":\"hu-HU\",\"@id\":\"https:\/\/secure.gravatar.com\/avatar\/267e4a36f704376c109afe3a78740c1f5dd8675a2180a908699e7863c9247606?s=96&d=mm&r=g\",\"url\":\"https:\/\/secure.gravatar.com\/avatar\/267e4a36f704376c109afe3a78740c1f5dd8675a2180a908699e7863c9247606?s=96&d=mm&r=g\",\"contentUrl\":\"https:\/\/secure.gravatar.com\/avatar\/267e4a36f704376c109afe3a78740c1f5dd8675a2180a908699e7863c9247606?s=96&d=mm&r=g\",\"caption\":\"miro.sopko\"},\"url\":\"https:\/\/www.smedemokrati.sk\/hu\/author\/miro-sopko\/\"}]}<\/script>\n<!-- \/ Yoast SEO plugin. -->","yoast_head_json":{"title":"Kamenick\u00fd predstavil konsolida\u010dn\u00fd masaker, vl\u00e1dni predstavitelia sa spr\u00e1vaj\u00fa ako gambleri","robots":{"index":"index","follow":"follow","max-snippet":"max-snippet:-1","max-image-preview":"max-image-preview:large","max-video-preview":"max-video-preview:-1"},"canonical":"https:\/\/www.smedemokrati.sk\/hu\/kamenicky-predstavil-konsolidacny-masaker-vladni-predstavitelia-sa-spravaju-ako-gambleri\/","og_locale":"hu_HU","og_type":"article","og_title":"[:sk]Kamenick\u00fd predstavil konsolida\u010dn\u00fd masaker, vl\u00e1dni predstavitelia sa spr\u00e1vaj\u00fa ako gambleri[:] - Smedemokrati.sk","og_description":"Demokrati kritizuj\u00fa, \u017ee financie z 21 konsolida\u010dn\u00fdch opatren\u00ed z 22 id\u00fa na vrub be\u017en\u00fdch \u013eud\u00ed. Je nemyslite\u013en\u00e9, aby vl\u00e1da vybrala od \u013eud\u00ed vy\u0161e 7,4 miliardy ro\u010dne a ako krajina sme namiesto splaten\u00e9ho dlhu mali dlh e\u0161te vy\u0161\u0161\u00ed. Expremi\u00e9r Eduard Heger ozna\u010duje Kamenick\u00e9ho konsolid\u00e1ciu za ekonomick\u00fd z\u00e1zrak, no v tom najhor\u0161om zmysle slova.\u201eId\u00fa konsolidova\u0165 na vrub [&hellip;]","og_url":"https:\/\/www.smedemokrati.sk\/hu\/kamenicky-predstavil-konsolidacny-masaker-vladni-predstavitelia-sa-spravaju-ako-gambleri\/","og_site_name":"Smedemokrati.sk","article_publisher":"https:\/\/www.facebook.com\/smedemokrati2023","article_published_time":"2025-09-10T18:01:10+00:00","article_modified_time":"2025-09-10T18:01:11+00:00","og_image":[{"width":1420,"height":760,"url":"https:\/\/www.smedemokrati.sk\/wp-content\/uploads\/2025\/09\/konsolidacia-1.jpg","type":"image\/jpeg"}],"author":"miro.sopko","twitter_card":"summary_large_image","twitter_misc":{"Szerz\u0151:":"miro.sopko","Becs\u00fclt olvas\u00e1si id\u0151":"2 perc"},"schema":{"@context":"https:\/\/schema.org","@graph":[{"@type":"Article","@id":"https:\/\/www.smedemokrati.sk\/kamenicky-predstavil-konsolidacny-masaker-vladni-predstavitelia-sa-spravaju-ako-gambleri\/#article","isPartOf":{"@id":"https:\/\/www.smedemokrati.sk\/kamenicky-predstavil-konsolidacny-masaker-vladni-predstavitelia-sa-spravaju-ako-gambleri\/"},"author":{"name":"miro.sopko","@id":"https:\/\/www.smedemokrati.sk\/#\/schema\/person\/21f147c88d605aa7ded900e1e7c344ba"},"headline":"Kamenick\u00fd predstavil konsolida\u010dn\u00fd masaker, vl\u00e1dni predstavitelia sa spr\u00e1vaj\u00fa ako gambleri","datePublished":"2025-09-10T18:01:10+00:00","dateModified":"2025-09-10T18:01:11+00:00","mainEntityOfPage":{"@id":"https:\/\/www.smedemokrati.sk\/kamenicky-predstavil-konsolidacny-masaker-vladni-predstavitelia-sa-spravaju-ako-gambleri\/"},"wordCount":386,"publisher":{"@id":"https:\/\/www.smedemokrati.sk\/#organization"},"image":{"@id":"https:\/\/www.smedemokrati.sk\/kamenicky-predstavil-konsolidacny-masaker-vladni-predstavitelia-sa-spravaju-ako-gambleri\/#primaryimage"},"thumbnailUrl":"https:\/\/www.smedemokrati.sk\/wp-content\/uploads\/2025\/09\/konsolidacia-1.jpg","articleSection":["Tla\u010dov\u00e9 spr\u00e1vy"],"inLanguage":"hu-HU"},{"@type":"WebPage","@id":"https:\/\/www.smedemokrati.sk\/kamenicky-predstavil-konsolidacny-masaker-vladni-predstavitelia-sa-spravaju-ako-gambleri\/","url":"https:\/\/www.smedemokrati.sk\/kamenicky-predstavil-konsolidacny-masaker-vladni-predstavitelia-sa-spravaju-ako-gambleri\/","name":"Kamenick\u00fd predstavil konsolida\u010dn\u00fd masaker, vl\u00e1dni predstavitelia sa spr\u00e1vaj\u00fa ako gambleri","isPartOf":{"@id":"https:\/\/www.smedemokrati.sk\/#website"},"primaryImageOfPage":{"@id":"https:\/\/www.smedemokrati.sk\/kamenicky-predstavil-konsolidacny-masaker-vladni-predstavitelia-sa-spravaju-ako-gambleri\/#primaryimage"},"image":{"@id":"https:\/\/www.smedemokrati.sk\/kamenicky-predstavil-konsolidacny-masaker-vladni-predstavitelia-sa-spravaju-ako-gambleri\/#primaryimage"},"thumbnailUrl":"https:\/\/www.smedemokrati.sk\/wp-content\/uploads\/2025\/09\/konsolidacia-1.jpg","datePublished":"2025-09-10T18:01:10+00:00","dateModified":"2025-09-10T18:01:11+00:00","breadcrumb":{"@id":"https:\/\/www.smedemokrati.sk\/kamenicky-predstavil-konsolidacny-masaker-vladni-predstavitelia-sa-spravaju-ako-gambleri\/#breadcrumb"},"inLanguage":"hu-HU","potentialAction":[{"@type":"ReadAction","target":["https:\/\/www.smedemokrati.sk\/kamenicky-predstavil-konsolidacny-masaker-vladni-predstavitelia-sa-spravaju-ako-gambleri\/"]}]},{"@type":"ImageObject","inLanguage":"hu-HU","@id":"https:\/\/www.smedemokrati.sk\/kamenicky-predstavil-konsolidacny-masaker-vladni-predstavitelia-sa-spravaju-ako-gambleri\/#primaryimage","url":"https:\/\/www.smedemokrati.sk\/wp-content\/uploads\/2025\/09\/konsolidacia-1.jpg","contentUrl":"https:\/\/www.smedemokrati.sk\/wp-content\/uploads\/2025\/09\/konsolidacia-1.jpg","width":1420,"height":760},{"@type":"BreadcrumbList","@id":"https:\/\/www.smedemokrati.sk\/kamenicky-predstavil-konsolidacny-masaker-vladni-predstavitelia-sa-spravaju-ako-gambleri\/#breadcrumb","itemListElement":[{"@type":"ListItem","position":1,"name":"Domovsk\u00e1 str\u00e1nka","item":"https:\/\/www.smedemokrati.sk\/"},{"@type":"ListItem","position":2,"name":"Kamenick\u00fd predstavil konsolida\u010dn\u00fd masaker, vl\u00e1dni predstavitelia sa spr\u00e1vaj\u00fa ako gambleri"}]},{"@type":"WebSite","@id":"https:\/\/www.smedemokrati.sk\/#website","url":"https:\/\/www.smedemokrati.sk\/","name":"Smedemokrati.sk","description":"Demokracia a slu\u0161nos\u0165 zv\u00ed\u0165az\u00ed","publisher":{"@id":"https:\/\/www.smedemokrati.sk\/#organization"},"potentialAction":[{"@type":"SearchAction","target":{"@type":"EntryPoint","urlTemplate":"https:\/\/www.smedemokrati.sk\/?s={search_term_string}"},"query-input":{"@type":"PropertyValueSpecification","valueRequired":true,"valueName":"search_term_string"}}],"inLanguage":"hu-HU"},{"@type":"Organization","@id":"https:\/\/www.smedemokrati.sk\/#organization","name":"Smedemokrati.sk","url":"https:\/\/www.smedemokrati.sk\/","logo":{"@type":"ImageObject","inLanguage":"hu-HU","@id":"https:\/\/www.smedemokrati.sk\/#\/schema\/logo\/image\/","url":"https:\/\/www.smedemokrati.sk\/wp-content\/uploads\/2023\/04\/ff.002.jpeg","contentUrl":"https:\/\/www.smedemokrati.sk\/wp-content\/uploads\/2023\/04\/ff.002.jpeg","width":640,"height":480,"caption":"Smedemokrati.sk"},"image":{"@id":"https:\/\/www.smedemokrati.sk\/#\/schema\/logo\/image\/"},"sameAs":["https:\/\/www.facebook.com\/smedemokrati2023"]},{"@type":"Person","@id":"https:\/\/www.smedemokrati.sk\/#\/schema\/person\/21f147c88d605aa7ded900e1e7c344ba","name":"miro.sopko","image":{"@type":"ImageObject","inLanguage":"hu-HU","@id":"https:\/\/secure.gravatar.com\/avatar\/267e4a36f704376c109afe3a78740c1f5dd8675a2180a908699e7863c9247606?s=96&d=mm&r=g","url":"https:\/\/secure.gravatar.com\/avatar\/267e4a36f704376c109afe3a78740c1f5dd8675a2180a908699e7863c9247606?s=96&d=mm&r=g","contentUrl":"https:\/\/secure.gravatar.com\/avatar\/267e4a36f704376c109afe3a78740c1f5dd8675a2180a908699e7863c9247606?s=96&d=mm&r=g","caption":"miro.sopko"},"url":"https:\/\/www.smedemokrati.sk\/hu\/author\/miro-sopko\/"}]}},"_links":{"self":[{"href":"https:\/\/www.smedemokrati.sk\/hu\/wp-json\/wp\/v2\/posts\/8127","targetHints":{"allow":["GET"]}}],"collection":[{"href":"https:\/\/www.smedemokrati.sk\/hu\/wp-json\/wp\/v2\/posts"}],"about":[{"href":"https:\/\/www.smedemokrati.sk\/hu\/wp-json\/wp\/v2\/types\/post"}],"author":[{"embeddable":true,"href":"https:\/\/www.smedemokrati.sk\/hu\/wp-json\/wp\/v2\/users\/13"}],"replies":[{"embeddable":true,"href":"https:\/\/www.smedemokrati.sk\/hu\/wp-json\/wp\/v2\/comments?post=8127"}],"version-history":[{"count":1,"href":"https:\/\/www.smedemokrati.sk\/hu\/wp-json\/wp\/v2\/posts\/8127\/revisions"}],"predecessor-version":[{"id":8129,"href":"https:\/\/www.smedemokrati.sk\/hu\/wp-json\/wp\/v2\/posts\/8127\/revisions\/8129"}],"wp:featuredmedia":[{"embeddable":true,"href":"https:\/\/www.smedemokrati.sk\/hu\/wp-json\/wp\/v2\/media\/8128"}],"wp:attachment":[{"href":"https:\/\/www.smedemokrati.sk\/hu\/wp-json\/wp\/v2\/media?parent=8127"}],"wp:term":[{"taxonomy":"category","embeddable":true,"href":"https:\/\/www.smedemokrati.sk\/hu\/wp-json\/wp\/v2\/categories?post=8127"},{"taxonomy":"post_tag","embeddable":true,"href":"https:\/\/www.smedemokrati.sk\/hu\/wp-json\/wp\/v2\/tags?post=8127"}],"curies":[{"name":"wp","href":"https:\/\/api.w.org\/{rel}","templated":true}]}}