{"id":8123,"date":"2025-09-10T11:59:00","date_gmt":"2025-09-10T10:59:00","guid":{"rendered":"https:\/\/www.smedemokrati.sk\/?p=8123"},"modified":"2025-09-10T11:59:35","modified_gmt":"2025-09-10T10:59:35","slug":"vlada-mala-od-rana-sediet-na-bezpecnostnej-ozbrojene-sily-musia-ist-pre-situaciu-v-polsku-do-zvysenej-bojovej-pohotovosti","status":"publish","type":"post","link":"https:\/\/www.smedemokrati.sk\/hu\/vlada-mala-od-rana-sediet-na-bezpecnostnej-ozbrojene-sily-musia-ist-pre-situaciu-v-polsku-do-zvysenej-bojovej-pohotovosti\/","title":{"rendered":"Vl\u00e1da mala od r\u00e1na sedie\u0165 na bezpe\u010dnostnej, ozbrojen\u00e9 sily musia \u00eds\u0165 pre situ\u00e1ciu v Po\u013esku do zv\u00fd\u0161enej bojovej pohotovosti"},"content":{"rendered":"<div id=\"fb-root\"><\/div>\n\n<p><strong>Demokrati vyz\u00fdvaj\u00fa premi\u00e9ra, aby okam\u017eite zvolal zasadnutie bezpe\u010dnostnej rady a aby vl\u00e1da vyjadrila cez ofici\u00e1lne diplomatick\u00e9 kan\u00e1ly solidaritu so susedn\u00fdm Po\u013eskom a tie\u017e aby bol Ozbrojen\u00fdm sil\u00e1m SR zv\u00fd\u0161en\u00e1 pohotovos\u0165. V reakcii na naru\u0161enie vzdu\u0161n\u00e9ho priestoru Po\u013eska exminister Jaroslav Na\u010f kritizuje, \u017ee syst\u00e9my na ochranu vzdu\u0161n\u00e9ho priestoru Slovenska Mantis, ktor\u00e9 vyrokovalo ministerstvo pod jeho veden\u00edm a s\u00fa presne ur\u010den\u00e9 na z\u00e1sah proti dronom, s\u00fa zaparkovan\u00e9 v gar\u00e1\u017ei.&nbsp;<\/strong><\/p>\n\n\n\n<p><em>&#8222;U\u017e d\u00e1vno mala by\u0165 zvolan\u00e1 bezpe\u010dnostn\u00e1 rada \u0161t\u00e1tu, preto\u017ee na \u00fazemie n\u00e1\u0161ho suseda dopadli bojov\u00e9 drony, pod\u013ea medializovan\u00fdch inform\u00e1cii z Ruskej feder\u00e1cie. Ak\u00e9 s\u00fa stanovisk\u00e1 vl\u00e1dy, ak\u00fd je postoj vrchn\u00e9ho velite\u013ea ozbrojen\u00fdch s\u00edl Petra Pellegriniho? \u010co ide urobi\u0165 minister Kali\u0148\u00e1k na ochranu najm\u00e4 v\u00fdchodn\u00e9ho Slovenska? Ni\u010d, absol\u00fatne ni\u010d, \u017eiadne odpovede, stanovisk\u00e1 nepo\u010du\u0165, iba ohlu\u0161uj\u00face ticho. T\u00e1to vl\u00e1da rezignovala na bezpe\u010dnos\u0165 a obranu ob\u010danov,&#8221;&nbsp;<\/em>otv\u00e1ra t\u00e9mu exminister obrany a pokra\u010duje \u010fal\u0161\u00edmi krokmi ktor\u00e9 mus\u00ed vl\u00e1da okam\u017eite na situ\u00e1ciu reagova\u0165.<\/p>\n\n\n\n<p><em>&#8222;Okrem bezpe\u010dnostnej rady \u0161t\u00e1tu je d\u00f4le\u017eit\u00e9, aby cez diplomatick\u00e9 linky bola vyjadren\u00e1 podpora n\u00e1\u0161mu alian\u010dn\u00e9mu partnerovi a susedovi. O\u010dak\u00e1vam tie\u017e, \u017ee bude zv\u00fd\u0161en\u00e1 pohotovos\u0165 slovensk\u00fdm ozbrojen\u00fdm sil\u00e1m a tie\u017e ma zauj\u00edma, kto moment\u00e1lne rokuje za Slovensk\u00fa republiku s na\u0161imi spojencami v NATO, ke\u010f pre prorusk\u00fa politiku sme z ka\u017ed\u00e9ho rokovacieho stola vyhoden\u00ed,&#8221; p<\/em>ovedal exminister obrany.<\/p>\n\n\n\n<p>Uzatv\u00e1ra, \u017ee je nevyhnutn\u00e9, aby boli pripraven\u00e9 v\u0161etky dostupn\u00e9 sily a prostriedky, vr\u00e1tane t\u00fdch, ktor\u00e9 dnes s\u00fa dnes z politick\u00fdch d\u00f4vodov \u010di z d\u00f4vodu arogancie ministra Kali\u0148\u00e1ka zaparkovan\u00e9 v gar\u00e1\u017ei.&nbsp;<em>&#8222;Kde s\u00fa syst\u00e9my protivzdu\u0161nej obrany Mantis a KUB? Modern\u00fd syst\u00e9m Mantis, ktor\u00fd som vyrokoval s Nemeckom a chv\u00e1lil sa n\u00edm Kali\u0148\u00e1k na v\u00fdro\u010d\u00ed SNP je vhodn\u00fd presne na obranu proti dronom. Pre\u010do op\u00e4\u0165 skon\u010dil v gar\u00e1\u017ei, rovnako ako syst\u00e9m S300 za vl\u00e1d Smeru? Lebo to vybavil Na\u010f za Hegerovej vl\u00e1dy? \u010co ak za\u010dn\u00fa pada\u0165 rusk\u00e9 drony&nbsp;aj u n\u00e1s na Slovensku? Zahr\u00e1vaj\u00fa sa s bezpe\u010dnos\u0165ou ob\u010danov a ja ich varujem, aby prestali a kone\u010dne sa za\u010dali stara\u0165 o vlastn\u00fa krajinu a nie o z\u00e1ujmy Ruska!&#8221;<\/em><\/p>\n\n\n<div id=\"fb-root\"><\/div><script async defer crossorigin=\"anonymous\" src=\"https:\/\/connect.facebook.net\/sk_SK\/sdk.js#xfbml=1&version=v18.0\"><\/script><div class=\"fb-video\" data-href=\"https:\/\/fb.watch\/C0Z8alVIqC\/\" data-width=\"560\" data-show-text=\"false\"><blockquote cite=\"https:\/\/fb.watch\/C0Z8alVIqC\/\" class=\"fb-xfbml-parse-ignore\"><a href=\"https:\/\/fb.watch\/C0Z8alVIqC\/\">Video<\/a><\/blockquote><\/div>\n","protected":false},"excerpt":{"rendered":"<p>Demokrati vyz\u00fdvaj\u00fa premi\u00e9ra, aby okam\u017eite zvolal zasadnutie bezpe\u010dnostnej rady a aby vl\u00e1da vyjadrila cez ofici\u00e1lne diplomatick\u00e9 kan\u00e1ly solidaritu so susedn\u00fdm Po\u013eskom a tie\u017e aby bol Ozbrojen\u00fdm sil\u00e1m SR zv\u00fd\u0161en\u00e1 pohotovos\u0165. V reakcii na naru\u0161enie vzdu\u0161n\u00e9ho priestoru Po\u013eska exminister Jaroslav Na\u010f kritizuje, \u017ee syst\u00e9my na ochranu vzdu\u0161n\u00e9ho priestoru Slovenska Mantis, ktor\u00e9 vyrokovalo ministerstvo pod jeho veden\u00edm [&hellip;]<\/p>\n","protected":false},"author":13,"featured_media":8124,"comment_status":"closed","ping_status":"closed","sticky":false,"template":"","format":"standard","meta":{"_acf_changed":false,"ngg_post_thumbnail":0,"footnotes":""},"categories":[4],"tags":[],"class_list":["post-8123","post","type-post","status-publish","format-standard","has-post-thumbnail","hentry","category-tlacove-spravy"],"acf":[],"yoast_head":"<!-- This site is optimized with the Yoast SEO plugin v27.2 - https:\/\/yoast.com\/product\/yoast-seo-wordpress\/ -->\n<title>Vl\u00e1da mala od r\u00e1na sedie\u0165 na bezpe\u010dnostnej, ozbrojen\u00e9 sily musia \u00eds\u0165 pre situ\u00e1ciu v Po\u013esku do zv\u00fd\u0161enej bojovej pohotovosti<\/title>\n<meta name=\"robots\" content=\"index, follow, max-snippet:-1, max-image-preview:large, max-video-preview:-1\" \/>\n<link rel=\"canonical\" href=\"https:\/\/www.smedemokrati.sk\/hu\/vlada-mala-od-rana-sediet-na-bezpecnostnej-ozbrojene-sily-musia-ist-pre-situaciu-v-polsku-do-zvysenej-bojovej-pohotovosti\/\" \/>\n<meta property=\"og:locale\" content=\"hu_HU\" \/>\n<meta property=\"og:locale:alternate\" content=\"en_US\" \/>\n<meta property=\"og:locale:alternate\" content=\"cs_CZ\" \/>\n<meta property=\"og:locale:alternate\" content=\"sk_SK\" \/>\n<meta property=\"og:locale:alternate\" content=\"sv_SE\" \/>\n<meta property=\"og:type\" content=\"article\" \/>\n<meta property=\"og:title\" content=\"Vl\u00e1da mala od r\u00e1na sedie\u0165 na bezpe\u010dnostnej, ozbrojen\u00e9 sily musia \u00eds\u0165 pre situ\u00e1ciu v Po\u013esku do zv\u00fd\u0161enej bojovej pohotovosti\" \/>\n<meta property=\"og:description\" content=\"Demokrati vyz\u00fdvaj\u00fa premi\u00e9ra, aby okam\u017eite zvolal zasadnutie bezpe\u010dnostnej rady a aby vl\u00e1da vyjadrila cez ofici\u00e1lne diplomatick\u00e9 kan\u00e1ly solidaritu so susedn\u00fdm Po\u013eskom a tie\u017e aby bol Ozbrojen\u00fdm sil\u00e1m SR zv\u00fd\u0161en\u00e1 pohotovos\u0165. V reakcii na naru\u0161enie vzdu\u0161n\u00e9ho priestoru Po\u013eska exminister Jaroslav Na\u010f kritizuje, \u017ee syst\u00e9my na ochranu vzdu\u0161n\u00e9ho priestoru Slovenska Mantis, ktor\u00e9 vyrokovalo ministerstvo pod jeho veden\u00edm [&hellip;]\" \/>\n<meta property=\"og:url\" content=\"https:\/\/www.smedemokrati.sk\/hu\/vlada-mala-od-rana-sediet-na-bezpecnostnej-ozbrojene-sily-musia-ist-pre-situaciu-v-polsku-do-zvysenej-bojovej-pohotovosti\/\" \/>\n<meta property=\"og:site_name\" content=\"Smedemokrati.sk\" \/>\n<meta property=\"article:publisher\" content=\"https:\/\/www.facebook.com\/smedemokrati2023\" \/>\n<meta property=\"article:published_time\" content=\"2025-09-10T10:59:00+00:00\" \/>\n<meta property=\"article:modified_time\" content=\"2025-09-10T10:59:35+00:00\" \/>\n<meta property=\"og:image\" content=\"https:\/\/www.smedemokrati.sk\/wp-content\/uploads\/2025\/09\/utok-na-polsko.jpg\" \/>\n\t<meta property=\"og:image:width\" content=\"915\" \/>\n\t<meta property=\"og:image:height\" content=\"485\" \/>\n\t<meta property=\"og:image:type\" content=\"image\/jpeg\" \/>\n<meta name=\"author\" content=\"miro.sopko\" \/>\n<meta name=\"twitter:card\" content=\"summary_large_image\" \/>\n<meta name=\"twitter:label1\" content=\"Szerz\u0151:\" \/>\n\t<meta name=\"twitter:data1\" content=\"miro.sopko\" \/>\n\t<meta name=\"twitter:label2\" content=\"Becs\u00fclt olvas\u00e1si id\u0151\" \/>\n\t<meta name=\"twitter:data2\" content=\"2 perc\" \/>\n<script type=\"application\/ld+json\" class=\"yoast-schema-graph\">{\"@context\":\"https:\/\/schema.org\",\"@graph\":[{\"@type\":\"Article\",\"@id\":\"https:\/\/www.smedemokrati.sk\/vlada-mala-od-rana-sediet-na-bezpecnostnej-ozbrojene-sily-musia-ist-pre-situaciu-v-polsku-do-zvysenej-bojovej-pohotovosti\/#article\",\"isPartOf\":{\"@id\":\"https:\/\/www.smedemokrati.sk\/vlada-mala-od-rana-sediet-na-bezpecnostnej-ozbrojene-sily-musia-ist-pre-situaciu-v-polsku-do-zvysenej-bojovej-pohotovosti\/\"},\"author\":{\"name\":\"miro.sopko\",\"@id\":\"https:\/\/www.smedemokrati.sk\/#\/schema\/person\/21f147c88d605aa7ded900e1e7c344ba\"},\"headline\":\"Vl\u00e1da mala od r\u00e1na sedie\u0165 na bezpe\u010dnostnej, ozbrojen\u00e9 sily musia \u00eds\u0165 pre situ\u00e1ciu v Po\u013esku do zv\u00fd\u0161enej bojovej pohotovosti\",\"datePublished\":\"2025-09-10T10:59:00+00:00\",\"dateModified\":\"2025-09-10T10:59:35+00:00\",\"mainEntityOfPage\":{\"@id\":\"https:\/\/www.smedemokrati.sk\/vlada-mala-od-rana-sediet-na-bezpecnostnej-ozbrojene-sily-musia-ist-pre-situaciu-v-polsku-do-zvysenej-bojovej-pohotovosti\/\"},\"wordCount\":458,\"publisher\":{\"@id\":\"https:\/\/www.smedemokrati.sk\/#organization\"},\"image\":{\"@id\":\"https:\/\/www.smedemokrati.sk\/vlada-mala-od-rana-sediet-na-bezpecnostnej-ozbrojene-sily-musia-ist-pre-situaciu-v-polsku-do-zvysenej-bojovej-pohotovosti\/#primaryimage\"},\"thumbnailUrl\":\"https:\/\/www.smedemokrati.sk\/wp-content\/uploads\/2025\/09\/utok-na-polsko.jpg\",\"articleSection\":[\"Tla\u010dov\u00e9 spr\u00e1vy\"],\"inLanguage\":\"hu-HU\"},{\"@type\":\"WebPage\",\"@id\":\"https:\/\/www.smedemokrati.sk\/vlada-mala-od-rana-sediet-na-bezpecnostnej-ozbrojene-sily-musia-ist-pre-situaciu-v-polsku-do-zvysenej-bojovej-pohotovosti\/\",\"url\":\"https:\/\/www.smedemokrati.sk\/vlada-mala-od-rana-sediet-na-bezpecnostnej-ozbrojene-sily-musia-ist-pre-situaciu-v-polsku-do-zvysenej-bojovej-pohotovosti\/\",\"name\":\"Vl\u00e1da mala od r\u00e1na sedie\u0165 na bezpe\u010dnostnej, ozbrojen\u00e9 sily musia \u00eds\u0165 pre situ\u00e1ciu v Po\u013esku do zv\u00fd\u0161enej bojovej pohotovosti\",\"isPartOf\":{\"@id\":\"https:\/\/www.smedemokrati.sk\/#website\"},\"primaryImageOfPage\":{\"@id\":\"https:\/\/www.smedemokrati.sk\/vlada-mala-od-rana-sediet-na-bezpecnostnej-ozbrojene-sily-musia-ist-pre-situaciu-v-polsku-do-zvysenej-bojovej-pohotovosti\/#primaryimage\"},\"image\":{\"@id\":\"https:\/\/www.smedemokrati.sk\/vlada-mala-od-rana-sediet-na-bezpecnostnej-ozbrojene-sily-musia-ist-pre-situaciu-v-polsku-do-zvysenej-bojovej-pohotovosti\/#primaryimage\"},\"thumbnailUrl\":\"https:\/\/www.smedemokrati.sk\/wp-content\/uploads\/2025\/09\/utok-na-polsko.jpg\",\"datePublished\":\"2025-09-10T10:59:00+00:00\",\"dateModified\":\"2025-09-10T10:59:35+00:00\",\"breadcrumb\":{\"@id\":\"https:\/\/www.smedemokrati.sk\/vlada-mala-od-rana-sediet-na-bezpecnostnej-ozbrojene-sily-musia-ist-pre-situaciu-v-polsku-do-zvysenej-bojovej-pohotovosti\/#breadcrumb\"},\"inLanguage\":\"hu-HU\",\"potentialAction\":[{\"@type\":\"ReadAction\",\"target\":[\"https:\/\/www.smedemokrati.sk\/vlada-mala-od-rana-sediet-na-bezpecnostnej-ozbrojene-sily-musia-ist-pre-situaciu-v-polsku-do-zvysenej-bojovej-pohotovosti\/\"]}]},{\"@type\":\"ImageObject\",\"inLanguage\":\"hu-HU\",\"@id\":\"https:\/\/www.smedemokrati.sk\/vlada-mala-od-rana-sediet-na-bezpecnostnej-ozbrojene-sily-musia-ist-pre-situaciu-v-polsku-do-zvysenej-bojovej-pohotovosti\/#primaryimage\",\"url\":\"https:\/\/www.smedemokrati.sk\/wp-content\/uploads\/2025\/09\/utok-na-polsko.jpg\",\"contentUrl\":\"https:\/\/www.smedemokrati.sk\/wp-content\/uploads\/2025\/09\/utok-na-polsko.jpg\",\"width\":915,\"height\":485},{\"@type\":\"BreadcrumbList\",\"@id\":\"https:\/\/www.smedemokrati.sk\/vlada-mala-od-rana-sediet-na-bezpecnostnej-ozbrojene-sily-musia-ist-pre-situaciu-v-polsku-do-zvysenej-bojovej-pohotovosti\/#breadcrumb\",\"itemListElement\":[{\"@type\":\"ListItem\",\"position\":1,\"name\":\"Domovsk\u00e1 str\u00e1nka\",\"item\":\"https:\/\/www.smedemokrati.sk\/\"},{\"@type\":\"ListItem\",\"position\":2,\"name\":\"Vl\u00e1da mala od r\u00e1na sedie\u0165 na bezpe\u010dnostnej, ozbrojen\u00e9 sily musia \u00eds\u0165 pre situ\u00e1ciu v Po\u013esku do zv\u00fd\u0161enej bojovej pohotovosti\"}]},{\"@type\":\"WebSite\",\"@id\":\"https:\/\/www.smedemokrati.sk\/#website\",\"url\":\"https:\/\/www.smedemokrati.sk\/\",\"name\":\"Smedemokrati.sk\",\"description\":\"Demokracia a slu\u0161nos\u0165 zv\u00ed\u0165az\u00ed\",\"publisher\":{\"@id\":\"https:\/\/www.smedemokrati.sk\/#organization\"},\"potentialAction\":[{\"@type\":\"SearchAction\",\"target\":{\"@type\":\"EntryPoint\",\"urlTemplate\":\"https:\/\/www.smedemokrati.sk\/?s={search_term_string}\"},\"query-input\":{\"@type\":\"PropertyValueSpecification\",\"valueRequired\":true,\"valueName\":\"search_term_string\"}}],\"inLanguage\":\"hu-HU\"},{\"@type\":\"Organization\",\"@id\":\"https:\/\/www.smedemokrati.sk\/#organization\",\"name\":\"Smedemokrati.sk\",\"url\":\"https:\/\/www.smedemokrati.sk\/\",\"logo\":{\"@type\":\"ImageObject\",\"inLanguage\":\"hu-HU\",\"@id\":\"https:\/\/www.smedemokrati.sk\/#\/schema\/logo\/image\/\",\"url\":\"https:\/\/www.smedemokrati.sk\/wp-content\/uploads\/2023\/04\/ff.002.jpeg\",\"contentUrl\":\"https:\/\/www.smedemokrati.sk\/wp-content\/uploads\/2023\/04\/ff.002.jpeg\",\"width\":640,\"height\":480,\"caption\":\"Smedemokrati.sk\"},\"image\":{\"@id\":\"https:\/\/www.smedemokrati.sk\/#\/schema\/logo\/image\/\"},\"sameAs\":[\"https:\/\/www.facebook.com\/smedemokrati2023\"]},{\"@type\":\"Person\",\"@id\":\"https:\/\/www.smedemokrati.sk\/#\/schema\/person\/21f147c88d605aa7ded900e1e7c344ba\",\"name\":\"miro.sopko\",\"image\":{\"@type\":\"ImageObject\",\"inLanguage\":\"hu-HU\",\"@id\":\"https:\/\/secure.gravatar.com\/avatar\/267e4a36f704376c109afe3a78740c1f5dd8675a2180a908699e7863c9247606?s=96&d=mm&r=g\",\"url\":\"https:\/\/secure.gravatar.com\/avatar\/267e4a36f704376c109afe3a78740c1f5dd8675a2180a908699e7863c9247606?s=96&d=mm&r=g\",\"contentUrl\":\"https:\/\/secure.gravatar.com\/avatar\/267e4a36f704376c109afe3a78740c1f5dd8675a2180a908699e7863c9247606?s=96&d=mm&r=g\",\"caption\":\"miro.sopko\"},\"url\":\"https:\/\/www.smedemokrati.sk\/hu\/author\/miro-sopko\/\"}]}<\/script>\n<!-- \/ Yoast SEO plugin. -->","yoast_head_json":{"title":"Vl\u00e1da mala od r\u00e1na sedie\u0165 na bezpe\u010dnostnej, ozbrojen\u00e9 sily musia \u00eds\u0165 pre situ\u00e1ciu v Po\u013esku do zv\u00fd\u0161enej bojovej pohotovosti","robots":{"index":"index","follow":"follow","max-snippet":"max-snippet:-1","max-image-preview":"max-image-preview:large","max-video-preview":"max-video-preview:-1"},"canonical":"https:\/\/www.smedemokrati.sk\/hu\/vlada-mala-od-rana-sediet-na-bezpecnostnej-ozbrojene-sily-musia-ist-pre-situaciu-v-polsku-do-zvysenej-bojovej-pohotovosti\/","og_locale":"hu_HU","og_type":"article","og_title":"[:sk]Vl\u00e1da mala od r\u00e1na sedie\u0165 na bezpe\u010dnostnej, ozbrojen\u00e9 sily musia \u00eds\u0165 pre situ\u00e1ciu v Po\u013esku do zv\u00fd\u0161enej bojovej pohotovosti[:] - Smedemokrati.sk","og_description":"Demokrati vyz\u00fdvaj\u00fa premi\u00e9ra, aby okam\u017eite zvolal zasadnutie bezpe\u010dnostnej rady a aby vl\u00e1da vyjadrila cez ofici\u00e1lne diplomatick\u00e9 kan\u00e1ly solidaritu so susedn\u00fdm Po\u013eskom a tie\u017e aby bol Ozbrojen\u00fdm sil\u00e1m SR zv\u00fd\u0161en\u00e1 pohotovos\u0165. V reakcii na naru\u0161enie vzdu\u0161n\u00e9ho priestoru Po\u013eska exminister Jaroslav Na\u010f kritizuje, \u017ee syst\u00e9my na ochranu vzdu\u0161n\u00e9ho priestoru Slovenska Mantis, ktor\u00e9 vyrokovalo ministerstvo pod jeho veden\u00edm [&hellip;]","og_url":"https:\/\/www.smedemokrati.sk\/hu\/vlada-mala-od-rana-sediet-na-bezpecnostnej-ozbrojene-sily-musia-ist-pre-situaciu-v-polsku-do-zvysenej-bojovej-pohotovosti\/","og_site_name":"Smedemokrati.sk","article_publisher":"https:\/\/www.facebook.com\/smedemokrati2023","article_published_time":"2025-09-10T10:59:00+00:00","article_modified_time":"2025-09-10T10:59:35+00:00","og_image":[{"width":915,"height":485,"url":"https:\/\/www.smedemokrati.sk\/wp-content\/uploads\/2025\/09\/utok-na-polsko.jpg","type":"image\/jpeg"}],"author":"miro.sopko","twitter_card":"summary_large_image","twitter_misc":{"Szerz\u0151:":"miro.sopko","Becs\u00fclt olvas\u00e1si id\u0151":"2 perc"},"schema":{"@context":"https:\/\/schema.org","@graph":[{"@type":"Article","@id":"https:\/\/www.smedemokrati.sk\/vlada-mala-od-rana-sediet-na-bezpecnostnej-ozbrojene-sily-musia-ist-pre-situaciu-v-polsku-do-zvysenej-bojovej-pohotovosti\/#article","isPartOf":{"@id":"https:\/\/www.smedemokrati.sk\/vlada-mala-od-rana-sediet-na-bezpecnostnej-ozbrojene-sily-musia-ist-pre-situaciu-v-polsku-do-zvysenej-bojovej-pohotovosti\/"},"author":{"name":"miro.sopko","@id":"https:\/\/www.smedemokrati.sk\/#\/schema\/person\/21f147c88d605aa7ded900e1e7c344ba"},"headline":"Vl\u00e1da mala od r\u00e1na sedie\u0165 na bezpe\u010dnostnej, ozbrojen\u00e9 sily musia \u00eds\u0165 pre situ\u00e1ciu v Po\u013esku do zv\u00fd\u0161enej bojovej pohotovosti","datePublished":"2025-09-10T10:59:00+00:00","dateModified":"2025-09-10T10:59:35+00:00","mainEntityOfPage":{"@id":"https:\/\/www.smedemokrati.sk\/vlada-mala-od-rana-sediet-na-bezpecnostnej-ozbrojene-sily-musia-ist-pre-situaciu-v-polsku-do-zvysenej-bojovej-pohotovosti\/"},"wordCount":458,"publisher":{"@id":"https:\/\/www.smedemokrati.sk\/#organization"},"image":{"@id":"https:\/\/www.smedemokrati.sk\/vlada-mala-od-rana-sediet-na-bezpecnostnej-ozbrojene-sily-musia-ist-pre-situaciu-v-polsku-do-zvysenej-bojovej-pohotovosti\/#primaryimage"},"thumbnailUrl":"https:\/\/www.smedemokrati.sk\/wp-content\/uploads\/2025\/09\/utok-na-polsko.jpg","articleSection":["Tla\u010dov\u00e9 spr\u00e1vy"],"inLanguage":"hu-HU"},{"@type":"WebPage","@id":"https:\/\/www.smedemokrati.sk\/vlada-mala-od-rana-sediet-na-bezpecnostnej-ozbrojene-sily-musia-ist-pre-situaciu-v-polsku-do-zvysenej-bojovej-pohotovosti\/","url":"https:\/\/www.smedemokrati.sk\/vlada-mala-od-rana-sediet-na-bezpecnostnej-ozbrojene-sily-musia-ist-pre-situaciu-v-polsku-do-zvysenej-bojovej-pohotovosti\/","name":"Vl\u00e1da mala od r\u00e1na sedie\u0165 na bezpe\u010dnostnej, ozbrojen\u00e9 sily musia \u00eds\u0165 pre situ\u00e1ciu v Po\u013esku do zv\u00fd\u0161enej bojovej pohotovosti","isPartOf":{"@id":"https:\/\/www.smedemokrati.sk\/#website"},"primaryImageOfPage":{"@id":"https:\/\/www.smedemokrati.sk\/vlada-mala-od-rana-sediet-na-bezpecnostnej-ozbrojene-sily-musia-ist-pre-situaciu-v-polsku-do-zvysenej-bojovej-pohotovosti\/#primaryimage"},"image":{"@id":"https:\/\/www.smedemokrati.sk\/vlada-mala-od-rana-sediet-na-bezpecnostnej-ozbrojene-sily-musia-ist-pre-situaciu-v-polsku-do-zvysenej-bojovej-pohotovosti\/#primaryimage"},"thumbnailUrl":"https:\/\/www.smedemokrati.sk\/wp-content\/uploads\/2025\/09\/utok-na-polsko.jpg","datePublished":"2025-09-10T10:59:00+00:00","dateModified":"2025-09-10T10:59:35+00:00","breadcrumb":{"@id":"https:\/\/www.smedemokrati.sk\/vlada-mala-od-rana-sediet-na-bezpecnostnej-ozbrojene-sily-musia-ist-pre-situaciu-v-polsku-do-zvysenej-bojovej-pohotovosti\/#breadcrumb"},"inLanguage":"hu-HU","potentialAction":[{"@type":"ReadAction","target":["https:\/\/www.smedemokrati.sk\/vlada-mala-od-rana-sediet-na-bezpecnostnej-ozbrojene-sily-musia-ist-pre-situaciu-v-polsku-do-zvysenej-bojovej-pohotovosti\/"]}]},{"@type":"ImageObject","inLanguage":"hu-HU","@id":"https:\/\/www.smedemokrati.sk\/vlada-mala-od-rana-sediet-na-bezpecnostnej-ozbrojene-sily-musia-ist-pre-situaciu-v-polsku-do-zvysenej-bojovej-pohotovosti\/#primaryimage","url":"https:\/\/www.smedemokrati.sk\/wp-content\/uploads\/2025\/09\/utok-na-polsko.jpg","contentUrl":"https:\/\/www.smedemokrati.sk\/wp-content\/uploads\/2025\/09\/utok-na-polsko.jpg","width":915,"height":485},{"@type":"BreadcrumbList","@id":"https:\/\/www.smedemokrati.sk\/vlada-mala-od-rana-sediet-na-bezpecnostnej-ozbrojene-sily-musia-ist-pre-situaciu-v-polsku-do-zvysenej-bojovej-pohotovosti\/#breadcrumb","itemListElement":[{"@type":"ListItem","position":1,"name":"Domovsk\u00e1 str\u00e1nka","item":"https:\/\/www.smedemokrati.sk\/"},{"@type":"ListItem","position":2,"name":"Vl\u00e1da mala od r\u00e1na sedie\u0165 na bezpe\u010dnostnej, ozbrojen\u00e9 sily musia \u00eds\u0165 pre situ\u00e1ciu v Po\u013esku do zv\u00fd\u0161enej bojovej pohotovosti"}]},{"@type":"WebSite","@id":"https:\/\/www.smedemokrati.sk\/#website","url":"https:\/\/www.smedemokrati.sk\/","name":"Smedemokrati.sk","description":"Demokracia a slu\u0161nos\u0165 zv\u00ed\u0165az\u00ed","publisher":{"@id":"https:\/\/www.smedemokrati.sk\/#organization"},"potentialAction":[{"@type":"SearchAction","target":{"@type":"EntryPoint","urlTemplate":"https:\/\/www.smedemokrati.sk\/?s={search_term_string}"},"query-input":{"@type":"PropertyValueSpecification","valueRequired":true,"valueName":"search_term_string"}}],"inLanguage":"hu-HU"},{"@type":"Organization","@id":"https:\/\/www.smedemokrati.sk\/#organization","name":"Smedemokrati.sk","url":"https:\/\/www.smedemokrati.sk\/","logo":{"@type":"ImageObject","inLanguage":"hu-HU","@id":"https:\/\/www.smedemokrati.sk\/#\/schema\/logo\/image\/","url":"https:\/\/www.smedemokrati.sk\/wp-content\/uploads\/2023\/04\/ff.002.jpeg","contentUrl":"https:\/\/www.smedemokrati.sk\/wp-content\/uploads\/2023\/04\/ff.002.jpeg","width":640,"height":480,"caption":"Smedemokrati.sk"},"image":{"@id":"https:\/\/www.smedemokrati.sk\/#\/schema\/logo\/image\/"},"sameAs":["https:\/\/www.facebook.com\/smedemokrati2023"]},{"@type":"Person","@id":"https:\/\/www.smedemokrati.sk\/#\/schema\/person\/21f147c88d605aa7ded900e1e7c344ba","name":"miro.sopko","image":{"@type":"ImageObject","inLanguage":"hu-HU","@id":"https:\/\/secure.gravatar.com\/avatar\/267e4a36f704376c109afe3a78740c1f5dd8675a2180a908699e7863c9247606?s=96&d=mm&r=g","url":"https:\/\/secure.gravatar.com\/avatar\/267e4a36f704376c109afe3a78740c1f5dd8675a2180a908699e7863c9247606?s=96&d=mm&r=g","contentUrl":"https:\/\/secure.gravatar.com\/avatar\/267e4a36f704376c109afe3a78740c1f5dd8675a2180a908699e7863c9247606?s=96&d=mm&r=g","caption":"miro.sopko"},"url":"https:\/\/www.smedemokrati.sk\/hu\/author\/miro-sopko\/"}]}},"_links":{"self":[{"href":"https:\/\/www.smedemokrati.sk\/hu\/wp-json\/wp\/v2\/posts\/8123","targetHints":{"allow":["GET"]}}],"collection":[{"href":"https:\/\/www.smedemokrati.sk\/hu\/wp-json\/wp\/v2\/posts"}],"about":[{"href":"https:\/\/www.smedemokrati.sk\/hu\/wp-json\/wp\/v2\/types\/post"}],"author":[{"embeddable":true,"href":"https:\/\/www.smedemokrati.sk\/hu\/wp-json\/wp\/v2\/users\/13"}],"replies":[{"embeddable":true,"href":"https:\/\/www.smedemokrati.sk\/hu\/wp-json\/wp\/v2\/comments?post=8123"}],"version-history":[{"count":1,"href":"https:\/\/www.smedemokrati.sk\/hu\/wp-json\/wp\/v2\/posts\/8123\/revisions"}],"predecessor-version":[{"id":8125,"href":"https:\/\/www.smedemokrati.sk\/hu\/wp-json\/wp\/v2\/posts\/8123\/revisions\/8125"}],"wp:featuredmedia":[{"embeddable":true,"href":"https:\/\/www.smedemokrati.sk\/hu\/wp-json\/wp\/v2\/media\/8124"}],"wp:attachment":[{"href":"https:\/\/www.smedemokrati.sk\/hu\/wp-json\/wp\/v2\/media?parent=8123"}],"wp:term":[{"taxonomy":"category","embeddable":true,"href":"https:\/\/www.smedemokrati.sk\/hu\/wp-json\/wp\/v2\/categories?post=8123"},{"taxonomy":"post_tag","embeddable":true,"href":"https:\/\/www.smedemokrati.sk\/hu\/wp-json\/wp\/v2\/tags?post=8123"}],"curies":[{"name":"wp","href":"https:\/\/api.w.org\/{rel}","templated":true}]}}