{"id":8118,"date":"2025-09-09T20:03:00","date_gmt":"2025-09-09T19:03:00","guid":{"rendered":"https:\/\/www.smedemokrati.sk\/?p=8118"},"modified":"2025-09-09T22:04:06","modified_gmt":"2025-09-09T21:04:06","slug":"vlada-dusi-ekonomiku-a-nechava-regiony-napospas","status":"publish","type":"post","link":"https:\/\/www.smedemokrati.sk\/hu\/vlada-dusi-ekonomiku-a-nechava-regiony-napospas\/","title":{"rendered":"Vl\u00e1da dus\u00ed ekonomiku a nech\u00e1va regi\u00f3ny napospas"},"content":{"rendered":"<div id=\"fb-root\"><\/div>\n\n<p><strong><u>V de\u0148, ke\u010f vl\u00e1da predstavila svoj tret\u00ed konsolida\u010dn\u00fd bal\u00edk, nav\u0161t\u00edvili predstavitelia strany Demokrati mesto Zlat\u00e9 Moravce, aby priamo na mieste uk\u00e1zali, ak\u00e9 d\u00f4sledky maj\u00fa vl\u00e1dne rozhodnutia na \u017eivot be\u017en\u00fdch \u013eud\u00ed. Symbolom tohto \u00fapadku je firma Delfingen, ktor\u00e1 e\u0161te za\u010diatkom roka patrila medzi v\u00fdznamn\u00fdch zamestn\u00e1vate\u013eov v regi\u00f3ne, no dnes je u\u017e zatvoren\u00e1.<\/u><\/strong><\/p>\n\n\n\n<p>\u201eDelfingen zamestn\u00e1val vy\u0161e 100 \u013eud\u00ed, vytv\u00e1ral pr\u00e1cu aj pre men\u0161ie dod\u00e1vate\u013esk\u00e9 firmy a \u017eivil cel\u00e9 rodiny. Vl\u00e1da sa ani len nepok\u00fasila pom\u00f4c\u0165 \u2013 nepri\u0161iel sem nikto, nikoho nezauj\u00edmalo, \u010do sa s \u013eu\u010fmi stane. Namiesto toho vl\u00e1da op\u00e4\u0165 dv\u00edha dane, odvody, a potom, \u010do u\u017e zaviedla transak\u010dn\u00fa da\u0148, tak s\u0165ahuje slu\u010dku na krku slovenskej ekonomiky. V\u00fdsledok? Prep\u00fa\u0161\u0165anie a bezn\u00e1dej. To je vizitka Roberta Fica,\u201c vyhl\u00e1sil predseda Demokratov Eduard Heger.<\/p>\n\n\n\n<p>V\u00e4\u010d\u0161ina \u013eud\u00ed m\u00e1 v Zlat\u00fdch Moravciach pr\u00edjem len medzi 600 a\u017e 800 eurami mesa\u010dne. Ak otec pr\u00edde o pr\u00e1cu, nem\u00e1 \u0161ancu u\u017eivi\u0165 rodinu. Demokrati upozor\u0148uj\u00fa, \u017ee Delfingen nie je ojedinel\u00fd pr\u00edpad \u2013 \u010fal\u0161ie podniky bud\u00fa nasledova\u0165, ak vl\u00e1da neprestane za\u0165a\u017eova\u0165 zamestn\u00e1vate\u013eov.<\/p>\n\n\n\n<p>\u201eTento regi\u00f3n trp\u00ed dvojn\u00e1sobne \u2013 ekonomicky aj spolo\u010densky. Najprv vl\u00e1da nech\u00e1 \u013eud\u00ed bez pr\u00e1ce a teraz ide konsolidova\u0165 na \u00fakor samospr\u00e1v. To je nechutn\u00fd podfuk \u2013 vl\u00e1da to pred\u00e1va ako \u0161etrenie na \u0161t\u00e1te, no v skuto\u010dnosti to zaplatia ob\u010dania zn\u00ed\u017een\u00edm kvality slu\u017eieb, ktor\u00e9 mest\u00e1 a obce poskytuj\u00fa. A aby toho nebolo m\u00e1lo, pr\u00e1ve tu v Zlat\u00fdch Moravciach fyzicky napadol poslanec Smeru mlad\u00e9ho chlapca len preto, \u017ee zbieral podpisy za pred\u010dasn\u00e9 vo\u013eby. Toto je obraz arogancie moci, ktor\u00e1 nielen zab\u00edja ekonomiku, ale aj vyh\u00e1\u0148a \u0161ikovn\u00fdch a inovat\u00edvnych mlad\u00fdch \u013eud\u00ed z ich vlasti.\u201c povedal krajsk\u00fd predseda Demokratov pre Nitriansky kraj Kristi\u00e1n \u010cechm\u00e1nek.<\/p>\n\n\n\n<p>Strana Demokrati zd\u00f4raz\u0148uje, \u017ee jej cie\u013eom je by\u0165 pr\u00edtomn\u00e1 v ka\u017edom okrese a prin\u00e1\u0161a\u0165 rie\u0161enia \u0161it\u00e9 na mieru regi\u00f3nom. \u201eIba takto dok\u00e1\u017eeme pozdvihn\u00fa\u0165 kvalitu \u017eivota v\u0161etk\u00fdch na\u0161ich ob\u010danov,\u201c dodal Heger.<\/p>\n\n\n<div id=\"fb-root\"><\/div><script async defer crossorigin=\"anonymous\" src=\"https:\/\/connect.facebook.net\/sk_SK\/sdk.js#xfbml=1&version=v18.0\"><\/script><div class=\"fb-video\" data-href=\"https:\/\/fb.watch\/C02RL9WOz7\/\" data-width=\"560\" data-show-text=\"false\"><blockquote cite=\"https:\/\/fb.watch\/C02RL9WOz7\/\" class=\"fb-xfbml-parse-ignore\"><a href=\"https:\/\/fb.watch\/C02RL9WOz7\/\">Video<\/a><\/blockquote><\/div>\n","protected":false},"excerpt":{"rendered":"<p>V de\u0148, ke\u010f vl\u00e1da predstavila svoj tret\u00ed konsolida\u010dn\u00fd bal\u00edk, nav\u0161t\u00edvili predstavitelia strany Demokrati mesto Zlat\u00e9 Moravce, aby priamo na mieste uk\u00e1zali, ak\u00e9 d\u00f4sledky maj\u00fa vl\u00e1dne rozhodnutia na \u017eivot be\u017en\u00fdch \u013eud\u00ed. Symbolom tohto \u00fapadku je firma Delfingen, ktor\u00e1 e\u0161te za\u010diatkom roka patrila medzi v\u00fdznamn\u00fdch zamestn\u00e1vate\u013eov v regi\u00f3ne, no dnes je u\u017e zatvoren\u00e1. \u201eDelfingen zamestn\u00e1val vy\u0161e 100 [&hellip;]<\/p>\n","protected":false},"author":13,"featured_media":8119,"comment_status":"closed","ping_status":"closed","sticky":false,"template":"","format":"standard","meta":{"_acf_changed":false,"ngg_post_thumbnail":0,"footnotes":""},"categories":[4],"tags":[],"class_list":["post-8118","post","type-post","status-publish","format-standard","has-post-thumbnail","hentry","category-tlacove-spravy"],"acf":[],"yoast_head":"<!-- This site is optimized with the Yoast SEO plugin v27.2 - https:\/\/yoast.com\/product\/yoast-seo-wordpress\/ -->\n<title>Vl\u00e1da dus\u00ed ekonomiku a nech\u00e1va regi\u00f3ny napospas<\/title>\n<meta name=\"robots\" content=\"index, follow, max-snippet:-1, max-image-preview:large, max-video-preview:-1\" \/>\n<link rel=\"canonical\" href=\"https:\/\/www.smedemokrati.sk\/hu\/vlada-dusi-ekonomiku-a-nechava-regiony-napospas\/\" \/>\n<meta property=\"og:locale\" content=\"hu_HU\" \/>\n<meta property=\"og:locale:alternate\" content=\"en_US\" \/>\n<meta property=\"og:locale:alternate\" content=\"cs_CZ\" \/>\n<meta property=\"og:locale:alternate\" content=\"sk_SK\" \/>\n<meta property=\"og:locale:alternate\" content=\"sv_SE\" \/>\n<meta property=\"og:type\" content=\"article\" \/>\n<meta property=\"og:title\" content=\"Vl\u00e1da dus\u00ed ekonomiku a nech\u00e1va regi\u00f3ny napospas\" \/>\n<meta property=\"og:description\" content=\"V de\u0148, ke\u010f vl\u00e1da predstavila svoj tret\u00ed konsolida\u010dn\u00fd bal\u00edk, nav\u0161t\u00edvili predstavitelia strany Demokrati mesto Zlat\u00e9 Moravce, aby priamo na mieste uk\u00e1zali, ak\u00e9 d\u00f4sledky maj\u00fa vl\u00e1dne rozhodnutia na \u017eivot be\u017en\u00fdch \u013eud\u00ed. Symbolom tohto \u00fapadku je firma Delfingen, ktor\u00e1 e\u0161te za\u010diatkom roka patrila medzi v\u00fdznamn\u00fdch zamestn\u00e1vate\u013eov v regi\u00f3ne, no dnes je u\u017e zatvoren\u00e1. \u201eDelfingen zamestn\u00e1val vy\u0161e 100 [&hellip;]\" \/>\n<meta property=\"og:url\" content=\"https:\/\/www.smedemokrati.sk\/hu\/vlada-dusi-ekonomiku-a-nechava-regiony-napospas\/\" \/>\n<meta property=\"og:site_name\" content=\"Smedemokrati.sk\" \/>\n<meta property=\"article:publisher\" content=\"https:\/\/www.facebook.com\/smedemokrati2023\" \/>\n<meta property=\"article:published_time\" content=\"2025-09-09T19:03:00+00:00\" \/>\n<meta property=\"article:modified_time\" content=\"2025-09-09T21:04:06+00:00\" \/>\n<meta property=\"og:image\" content=\"https:\/\/www.smedemokrati.sk\/wp-content\/uploads\/2025\/09\/545412938_1349432553413459_5994136805040324756_n-e1757451816252.jpg\" \/>\n\t<meta property=\"og:image:width\" content=\"1080\" \/>\n\t<meta property=\"og:image:height\" content=\"845\" \/>\n\t<meta property=\"og:image:type\" content=\"image\/jpeg\" \/>\n<meta name=\"author\" content=\"miro.sopko\" \/>\n<meta name=\"twitter:card\" content=\"summary_large_image\" \/>\n<meta name=\"twitter:label1\" content=\"Szerz\u0151:\" \/>\n\t<meta name=\"twitter:data1\" content=\"miro.sopko\" \/>\n\t<meta name=\"twitter:label2\" content=\"Becs\u00fclt olvas\u00e1si id\u0151\" \/>\n\t<meta name=\"twitter:data2\" content=\"2 perc\" \/>\n<script type=\"application\/ld+json\" class=\"yoast-schema-graph\">{\"@context\":\"https:\/\/schema.org\",\"@graph\":[{\"@type\":\"Article\",\"@id\":\"https:\/\/www.smedemokrati.sk\/vlada-dusi-ekonomiku-a-nechava-regiony-napospas\/#article\",\"isPartOf\":{\"@id\":\"https:\/\/www.smedemokrati.sk\/vlada-dusi-ekonomiku-a-nechava-regiony-napospas\/\"},\"author\":{\"name\":\"miro.sopko\",\"@id\":\"https:\/\/www.smedemokrati.sk\/#\/schema\/person\/21f147c88d605aa7ded900e1e7c344ba\"},\"headline\":\"Vl\u00e1da dus\u00ed ekonomiku a nech\u00e1va regi\u00f3ny napospas\",\"datePublished\":\"2025-09-09T19:03:00+00:00\",\"dateModified\":\"2025-09-09T21:04:06+00:00\",\"mainEntityOfPage\":{\"@id\":\"https:\/\/www.smedemokrati.sk\/vlada-dusi-ekonomiku-a-nechava-regiony-napospas\/\"},\"wordCount\":397,\"publisher\":{\"@id\":\"https:\/\/www.smedemokrati.sk\/#organization\"},\"image\":{\"@id\":\"https:\/\/www.smedemokrati.sk\/vlada-dusi-ekonomiku-a-nechava-regiony-napospas\/#primaryimage\"},\"thumbnailUrl\":\"https:\/\/www.smedemokrati.sk\/wp-content\/uploads\/2025\/09\/545412938_1349432553413459_5994136805040324756_n-e1757451816252.jpg\",\"articleSection\":[\"Tla\u010dov\u00e9 spr\u00e1vy\"],\"inLanguage\":\"hu-HU\"},{\"@type\":\"WebPage\",\"@id\":\"https:\/\/www.smedemokrati.sk\/vlada-dusi-ekonomiku-a-nechava-regiony-napospas\/\",\"url\":\"https:\/\/www.smedemokrati.sk\/vlada-dusi-ekonomiku-a-nechava-regiony-napospas\/\",\"name\":\"Vl\u00e1da dus\u00ed ekonomiku a nech\u00e1va regi\u00f3ny napospas\",\"isPartOf\":{\"@id\":\"https:\/\/www.smedemokrati.sk\/#website\"},\"primaryImageOfPage\":{\"@id\":\"https:\/\/www.smedemokrati.sk\/vlada-dusi-ekonomiku-a-nechava-regiony-napospas\/#primaryimage\"},\"image\":{\"@id\":\"https:\/\/www.smedemokrati.sk\/vlada-dusi-ekonomiku-a-nechava-regiony-napospas\/#primaryimage\"},\"thumbnailUrl\":\"https:\/\/www.smedemokrati.sk\/wp-content\/uploads\/2025\/09\/545412938_1349432553413459_5994136805040324756_n-e1757451816252.jpg\",\"datePublished\":\"2025-09-09T19:03:00+00:00\",\"dateModified\":\"2025-09-09T21:04:06+00:00\",\"breadcrumb\":{\"@id\":\"https:\/\/www.smedemokrati.sk\/vlada-dusi-ekonomiku-a-nechava-regiony-napospas\/#breadcrumb\"},\"inLanguage\":\"hu-HU\",\"potentialAction\":[{\"@type\":\"ReadAction\",\"target\":[\"https:\/\/www.smedemokrati.sk\/vlada-dusi-ekonomiku-a-nechava-regiony-napospas\/\"]}]},{\"@type\":\"ImageObject\",\"inLanguage\":\"hu-HU\",\"@id\":\"https:\/\/www.smedemokrati.sk\/vlada-dusi-ekonomiku-a-nechava-regiony-napospas\/#primaryimage\",\"url\":\"https:\/\/www.smedemokrati.sk\/wp-content\/uploads\/2025\/09\/545412938_1349432553413459_5994136805040324756_n-e1757451816252.jpg\",\"contentUrl\":\"https:\/\/www.smedemokrati.sk\/wp-content\/uploads\/2025\/09\/545412938_1349432553413459_5994136805040324756_n-e1757451816252.jpg\",\"width\":1080,\"height\":845},{\"@type\":\"BreadcrumbList\",\"@id\":\"https:\/\/www.smedemokrati.sk\/vlada-dusi-ekonomiku-a-nechava-regiony-napospas\/#breadcrumb\",\"itemListElement\":[{\"@type\":\"ListItem\",\"position\":1,\"name\":\"Domovsk\u00e1 str\u00e1nka\",\"item\":\"https:\/\/www.smedemokrati.sk\/\"},{\"@type\":\"ListItem\",\"position\":2,\"name\":\"Vl\u00e1da dus\u00ed ekonomiku a nech\u00e1va regi\u00f3ny napospas\"}]},{\"@type\":\"WebSite\",\"@id\":\"https:\/\/www.smedemokrati.sk\/#website\",\"url\":\"https:\/\/www.smedemokrati.sk\/\",\"name\":\"Smedemokrati.sk\",\"description\":\"Demokracia a slu\u0161nos\u0165 zv\u00ed\u0165az\u00ed\",\"publisher\":{\"@id\":\"https:\/\/www.smedemokrati.sk\/#organization\"},\"potentialAction\":[{\"@type\":\"SearchAction\",\"target\":{\"@type\":\"EntryPoint\",\"urlTemplate\":\"https:\/\/www.smedemokrati.sk\/?s={search_term_string}\"},\"query-input\":{\"@type\":\"PropertyValueSpecification\",\"valueRequired\":true,\"valueName\":\"search_term_string\"}}],\"inLanguage\":\"hu-HU\"},{\"@type\":\"Organization\",\"@id\":\"https:\/\/www.smedemokrati.sk\/#organization\",\"name\":\"Smedemokrati.sk\",\"url\":\"https:\/\/www.smedemokrati.sk\/\",\"logo\":{\"@type\":\"ImageObject\",\"inLanguage\":\"hu-HU\",\"@id\":\"https:\/\/www.smedemokrati.sk\/#\/schema\/logo\/image\/\",\"url\":\"https:\/\/www.smedemokrati.sk\/wp-content\/uploads\/2023\/04\/ff.002.jpeg\",\"contentUrl\":\"https:\/\/www.smedemokrati.sk\/wp-content\/uploads\/2023\/04\/ff.002.jpeg\",\"width\":640,\"height\":480,\"caption\":\"Smedemokrati.sk\"},\"image\":{\"@id\":\"https:\/\/www.smedemokrati.sk\/#\/schema\/logo\/image\/\"},\"sameAs\":[\"https:\/\/www.facebook.com\/smedemokrati2023\"]},{\"@type\":\"Person\",\"@id\":\"https:\/\/www.smedemokrati.sk\/#\/schema\/person\/21f147c88d605aa7ded900e1e7c344ba\",\"name\":\"miro.sopko\",\"image\":{\"@type\":\"ImageObject\",\"inLanguage\":\"hu-HU\",\"@id\":\"https:\/\/secure.gravatar.com\/avatar\/267e4a36f704376c109afe3a78740c1f5dd8675a2180a908699e7863c9247606?s=96&d=mm&r=g\",\"url\":\"https:\/\/secure.gravatar.com\/avatar\/267e4a36f704376c109afe3a78740c1f5dd8675a2180a908699e7863c9247606?s=96&d=mm&r=g\",\"contentUrl\":\"https:\/\/secure.gravatar.com\/avatar\/267e4a36f704376c109afe3a78740c1f5dd8675a2180a908699e7863c9247606?s=96&d=mm&r=g\",\"caption\":\"miro.sopko\"},\"url\":\"https:\/\/www.smedemokrati.sk\/hu\/author\/miro-sopko\/\"}]}<\/script>\n<!-- \/ Yoast SEO plugin. -->","yoast_head_json":{"title":"Vl\u00e1da dus\u00ed ekonomiku a nech\u00e1va regi\u00f3ny napospas","robots":{"index":"index","follow":"follow","max-snippet":"max-snippet:-1","max-image-preview":"max-image-preview:large","max-video-preview":"max-video-preview:-1"},"canonical":"https:\/\/www.smedemokrati.sk\/hu\/vlada-dusi-ekonomiku-a-nechava-regiony-napospas\/","og_locale":"hu_HU","og_type":"article","og_title":"[:sk]Vl\u00e1da dus\u00ed ekonomiku a nech\u00e1va regi\u00f3ny napospas[:] - Smedemokrati.sk","og_description":"V de\u0148, ke\u010f vl\u00e1da predstavila svoj tret\u00ed konsolida\u010dn\u00fd bal\u00edk, nav\u0161t\u00edvili predstavitelia strany Demokrati mesto Zlat\u00e9 Moravce, aby priamo na mieste uk\u00e1zali, ak\u00e9 d\u00f4sledky maj\u00fa vl\u00e1dne rozhodnutia na \u017eivot be\u017en\u00fdch \u013eud\u00ed. Symbolom tohto \u00fapadku je firma Delfingen, ktor\u00e1 e\u0161te za\u010diatkom roka patrila medzi v\u00fdznamn\u00fdch zamestn\u00e1vate\u013eov v regi\u00f3ne, no dnes je u\u017e zatvoren\u00e1. \u201eDelfingen zamestn\u00e1val vy\u0161e 100 [&hellip;]","og_url":"https:\/\/www.smedemokrati.sk\/hu\/vlada-dusi-ekonomiku-a-nechava-regiony-napospas\/","og_site_name":"Smedemokrati.sk","article_publisher":"https:\/\/www.facebook.com\/smedemokrati2023","article_published_time":"2025-09-09T19:03:00+00:00","article_modified_time":"2025-09-09T21:04:06+00:00","og_image":[{"width":1080,"height":845,"url":"https:\/\/www.smedemokrati.sk\/wp-content\/uploads\/2025\/09\/545412938_1349432553413459_5994136805040324756_n-e1757451816252.jpg","type":"image\/jpeg"}],"author":"miro.sopko","twitter_card":"summary_large_image","twitter_misc":{"Szerz\u0151:":"miro.sopko","Becs\u00fclt olvas\u00e1si id\u0151":"2 perc"},"schema":{"@context":"https:\/\/schema.org","@graph":[{"@type":"Article","@id":"https:\/\/www.smedemokrati.sk\/vlada-dusi-ekonomiku-a-nechava-regiony-napospas\/#article","isPartOf":{"@id":"https:\/\/www.smedemokrati.sk\/vlada-dusi-ekonomiku-a-nechava-regiony-napospas\/"},"author":{"name":"miro.sopko","@id":"https:\/\/www.smedemokrati.sk\/#\/schema\/person\/21f147c88d605aa7ded900e1e7c344ba"},"headline":"Vl\u00e1da dus\u00ed ekonomiku a nech\u00e1va regi\u00f3ny napospas","datePublished":"2025-09-09T19:03:00+00:00","dateModified":"2025-09-09T21:04:06+00:00","mainEntityOfPage":{"@id":"https:\/\/www.smedemokrati.sk\/vlada-dusi-ekonomiku-a-nechava-regiony-napospas\/"},"wordCount":397,"publisher":{"@id":"https:\/\/www.smedemokrati.sk\/#organization"},"image":{"@id":"https:\/\/www.smedemokrati.sk\/vlada-dusi-ekonomiku-a-nechava-regiony-napospas\/#primaryimage"},"thumbnailUrl":"https:\/\/www.smedemokrati.sk\/wp-content\/uploads\/2025\/09\/545412938_1349432553413459_5994136805040324756_n-e1757451816252.jpg","articleSection":["Tla\u010dov\u00e9 spr\u00e1vy"],"inLanguage":"hu-HU"},{"@type":"WebPage","@id":"https:\/\/www.smedemokrati.sk\/vlada-dusi-ekonomiku-a-nechava-regiony-napospas\/","url":"https:\/\/www.smedemokrati.sk\/vlada-dusi-ekonomiku-a-nechava-regiony-napospas\/","name":"Vl\u00e1da dus\u00ed ekonomiku a nech\u00e1va regi\u00f3ny napospas","isPartOf":{"@id":"https:\/\/www.smedemokrati.sk\/#website"},"primaryImageOfPage":{"@id":"https:\/\/www.smedemokrati.sk\/vlada-dusi-ekonomiku-a-nechava-regiony-napospas\/#primaryimage"},"image":{"@id":"https:\/\/www.smedemokrati.sk\/vlada-dusi-ekonomiku-a-nechava-regiony-napospas\/#primaryimage"},"thumbnailUrl":"https:\/\/www.smedemokrati.sk\/wp-content\/uploads\/2025\/09\/545412938_1349432553413459_5994136805040324756_n-e1757451816252.jpg","datePublished":"2025-09-09T19:03:00+00:00","dateModified":"2025-09-09T21:04:06+00:00","breadcrumb":{"@id":"https:\/\/www.smedemokrati.sk\/vlada-dusi-ekonomiku-a-nechava-regiony-napospas\/#breadcrumb"},"inLanguage":"hu-HU","potentialAction":[{"@type":"ReadAction","target":["https:\/\/www.smedemokrati.sk\/vlada-dusi-ekonomiku-a-nechava-regiony-napospas\/"]}]},{"@type":"ImageObject","inLanguage":"hu-HU","@id":"https:\/\/www.smedemokrati.sk\/vlada-dusi-ekonomiku-a-nechava-regiony-napospas\/#primaryimage","url":"https:\/\/www.smedemokrati.sk\/wp-content\/uploads\/2025\/09\/545412938_1349432553413459_5994136805040324756_n-e1757451816252.jpg","contentUrl":"https:\/\/www.smedemokrati.sk\/wp-content\/uploads\/2025\/09\/545412938_1349432553413459_5994136805040324756_n-e1757451816252.jpg","width":1080,"height":845},{"@type":"BreadcrumbList","@id":"https:\/\/www.smedemokrati.sk\/vlada-dusi-ekonomiku-a-nechava-regiony-napospas\/#breadcrumb","itemListElement":[{"@type":"ListItem","position":1,"name":"Domovsk\u00e1 str\u00e1nka","item":"https:\/\/www.smedemokrati.sk\/"},{"@type":"ListItem","position":2,"name":"Vl\u00e1da dus\u00ed ekonomiku a nech\u00e1va regi\u00f3ny napospas"}]},{"@type":"WebSite","@id":"https:\/\/www.smedemokrati.sk\/#website","url":"https:\/\/www.smedemokrati.sk\/","name":"Smedemokrati.sk","description":"Demokracia a slu\u0161nos\u0165 zv\u00ed\u0165az\u00ed","publisher":{"@id":"https:\/\/www.smedemokrati.sk\/#organization"},"potentialAction":[{"@type":"SearchAction","target":{"@type":"EntryPoint","urlTemplate":"https:\/\/www.smedemokrati.sk\/?s={search_term_string}"},"query-input":{"@type":"PropertyValueSpecification","valueRequired":true,"valueName":"search_term_string"}}],"inLanguage":"hu-HU"},{"@type":"Organization","@id":"https:\/\/www.smedemokrati.sk\/#organization","name":"Smedemokrati.sk","url":"https:\/\/www.smedemokrati.sk\/","logo":{"@type":"ImageObject","inLanguage":"hu-HU","@id":"https:\/\/www.smedemokrati.sk\/#\/schema\/logo\/image\/","url":"https:\/\/www.smedemokrati.sk\/wp-content\/uploads\/2023\/04\/ff.002.jpeg","contentUrl":"https:\/\/www.smedemokrati.sk\/wp-content\/uploads\/2023\/04\/ff.002.jpeg","width":640,"height":480,"caption":"Smedemokrati.sk"},"image":{"@id":"https:\/\/www.smedemokrati.sk\/#\/schema\/logo\/image\/"},"sameAs":["https:\/\/www.facebook.com\/smedemokrati2023"]},{"@type":"Person","@id":"https:\/\/www.smedemokrati.sk\/#\/schema\/person\/21f147c88d605aa7ded900e1e7c344ba","name":"miro.sopko","image":{"@type":"ImageObject","inLanguage":"hu-HU","@id":"https:\/\/secure.gravatar.com\/avatar\/267e4a36f704376c109afe3a78740c1f5dd8675a2180a908699e7863c9247606?s=96&d=mm&r=g","url":"https:\/\/secure.gravatar.com\/avatar\/267e4a36f704376c109afe3a78740c1f5dd8675a2180a908699e7863c9247606?s=96&d=mm&r=g","contentUrl":"https:\/\/secure.gravatar.com\/avatar\/267e4a36f704376c109afe3a78740c1f5dd8675a2180a908699e7863c9247606?s=96&d=mm&r=g","caption":"miro.sopko"},"url":"https:\/\/www.smedemokrati.sk\/hu\/author\/miro-sopko\/"}]}},"_links":{"self":[{"href":"https:\/\/www.smedemokrati.sk\/hu\/wp-json\/wp\/v2\/posts\/8118","targetHints":{"allow":["GET"]}}],"collection":[{"href":"https:\/\/www.smedemokrati.sk\/hu\/wp-json\/wp\/v2\/posts"}],"about":[{"href":"https:\/\/www.smedemokrati.sk\/hu\/wp-json\/wp\/v2\/types\/post"}],"author":[{"embeddable":true,"href":"https:\/\/www.smedemokrati.sk\/hu\/wp-json\/wp\/v2\/users\/13"}],"replies":[{"embeddable":true,"href":"https:\/\/www.smedemokrati.sk\/hu\/wp-json\/wp\/v2\/comments?post=8118"}],"version-history":[{"count":1,"href":"https:\/\/www.smedemokrati.sk\/hu\/wp-json\/wp\/v2\/posts\/8118\/revisions"}],"predecessor-version":[{"id":8120,"href":"https:\/\/www.smedemokrati.sk\/hu\/wp-json\/wp\/v2\/posts\/8118\/revisions\/8120"}],"wp:featuredmedia":[{"embeddable":true,"href":"https:\/\/www.smedemokrati.sk\/hu\/wp-json\/wp\/v2\/media\/8119"}],"wp:attachment":[{"href":"https:\/\/www.smedemokrati.sk\/hu\/wp-json\/wp\/v2\/media?parent=8118"}],"wp:term":[{"taxonomy":"category","embeddable":true,"href":"https:\/\/www.smedemokrati.sk\/hu\/wp-json\/wp\/v2\/categories?post=8118"},{"taxonomy":"post_tag","embeddable":true,"href":"https:\/\/www.smedemokrati.sk\/hu\/wp-json\/wp\/v2\/tags?post=8118"}],"curies":[{"name":"wp","href":"https:\/\/api.w.org\/{rel}","templated":true}]}}