{"id":8114,"date":"2025-09-08T18:08:30","date_gmt":"2025-09-08T17:08:30","guid":{"rendered":"https:\/\/www.smedemokrati.sk\/?p=8114"},"modified":"2025-09-08T18:08:31","modified_gmt":"2025-09-08T17:08:31","slug":"pre-naslapnu-minu-v-tarabovej-novele-eia-sa-demokrati-obracaju-na-europsku-komisiu-ohrozuje-narodne-parky","status":"publish","type":"post","link":"https:\/\/www.smedemokrati.sk\/hu\/pre-naslapnu-minu-v-tarabovej-novele-eia-sa-demokrati-obracaju-na-europsku-komisiu-ohrozuje-narodne-parky\/","title":{"rendered":"Pre n\u00e1\u0161\u013eapn\u00fa m\u00ednu v Tarabovej novele EIA sa Demokrati obracaj\u00fa na Eur\u00f3psku komisiu \u2013 ohrozuje n\u00e1rodn\u00e9 parky"},"content":{"rendered":"<div id=\"fb-root\"><\/div>\n\n<p><strong>V stredu sme upozornili, \u017ee minister Taraba prepa\u0161oval nebezpe\u010dn\u00fa zmenu do novely z\u00e1kona o posudzovan\u00ed vplyvov na \u017eivotn\u00e9 prostredie (EIA). Legislat\u00edva by umo\u017enila, \u017ee zjazdovky, vleky, rekrea\u010dn\u00e9 zariadenia a hotely v chr\u00e1nen\u00fdch \u00fazemiach, najm\u00e4 v n\u00e1rodn\u00fdch parkoch, by nepodliehali \u00fapln\u00e9mu posudzovaniu vplyvov na \u017eivotn\u00e9 prostredie. Taraba navy\u0161e konal v priamom rozpore so stanoviskom vlastn\u00e9ho rezortu, pod\u013ea ktor\u00e9ho s\u00fa tieto aktivity rizikov\u00e9. Ke\u010f\u017ee zmena ohrozuje samotn\u00fa podstatu n\u00e1rodn\u00fdch parkov, ktor\u00e1 je reformou Pl\u00e1nu obnovy, obraciame sa na Eur\u00f3psku komisiu a aj podpredsedu vl\u00e1dy Kmeca s upozornen\u00edm na jej nebezpe\u010denstvo s v\u00fdzvou na jej presk\u00famanie.<\/strong><\/p>\n\n\n\n<p>Novela z\u00e1kona o EIA upravuje lep\u0161ie povo\u013eovanie obnovite\u013en\u00fdch zdrojov energie v r\u00e1mci reformy Repower EU a Pl\u00e1nu obnovy. Minister Taraba v\u0161ak do nej prepa\u0161oval drobn\u00fdmi technick\u00fdmi zmenami zjavne nes\u00favisiace ustanovenia, ktor\u00e9 by umo\u017enili doslova developersk\u00e9 eldor\u00e1do a viedli by k prakticky nekontrolovate\u013enej v\u00fdstavbe v chr\u00e1nen\u00fdch \u00fazemiach bez adekv\u00e1tnej \u00fa\u010dasti verejnosti v expresnom konan\u00ed medzi developerom a \u00faradn\u00edkom.<\/p>\n\n\n\n<p><em>\u201eTaraba navy\u0161e odignoroval stanovisko svojho vlastn\u00e9ho rezortu. Pod\u013ea zisten\u00ed TV Mark\u00edza toti\u017e ministerstvo \u017eivotn\u00e9ho prostredia p\u00f4vodne neakceptovalo pripomienku podnikate\u013esk\u00fdch zdru\u017een\u00ed po\u017eaduj\u00facu neposudzovanie zjazdoviek a vlekov, s od\u00f4vodnen\u00edm, \u017ee ide o zna\u010dne rizikov\u00e9 \u010dinnosti vo vz\u0165ahu k chr\u00e1nen\u00fdm \u00fazemiam. Taraba v\u0161ak nakoniec predlo\u017eil \u00faplne opa\u010dn\u00fd n\u00e1vrh na vl\u00e1du. Vyz\u00fdvame ho, aby jasne uviedol, kto mu t\u00fato zmenu \u2018po\u0161epkal\u2019. Takto \u0161kandal\u00f3zne vznik\u00e1 toti\u017e len lobistick\u00e1 legislat\u00edva, u\u0161it\u00e1 konkr\u00e9tnym developerom na mieru,\u201c<\/em>&nbsp;kritizuje enviroexpert strany Michal Ki\u010da.<\/p>\n\n\n\n<p>Legislat\u00edvna zmena je navy\u0161e v rozpore s reformou n\u00e1rodn\u00fdch parkov, ktor\u00e1 je z\u00e1v\u00e4zn\u00e1 a je s\u00fa\u010das\u0165ou Pl\u00e1nu obnovy. Ak prejde nekontrolovate\u013en\u00e1 developersk\u00e1 v\u00fdstavba, cel\u00e1 reforma n\u00e1rodn\u00fdch parkov m\u00f4\u017ee by\u0165 zru\u0161en\u00e1, ostane len na papieri. Taraba podviedol Eur\u00f3psku komisiu a aj svojich kolegov, preto\u017ee z\u00e1kon prezentuje ako k\u013e\u00fa\u010dov\u00fd pre reformu obnovite\u013en\u00fdch zdrojov energie, pri\u010dom do\u0148 prepa\u0161oval t\u00fato \u201en\u00e1\u0161\u013eapn\u00fa m\u00ednu\u201c, ktor\u00e1 so zelenou energiou nem\u00e1 ni\u010d spolo\u010dn\u00e9. Navy\u0161e \u00famyselne vyvolal \u010dasov\u00fd tlak, aby ju mohol predlo\u017ei\u0165, op\u00e4\u0165 pod r\u00fa\u0161kom term\u00ednov Pl\u00e1nu obnovy, do parlamentu potichu\u010dky a v skr\u00e1tenom legislat\u00edvnom konan\u00ed. Schv\u00e1len\u00e1 m\u00f4\u017ee by\u0165 u\u017e tento t\u00fd\u017ede\u0148.<\/p>\n\n\n\n<p><em>\u201eDemokrati sa dnes obracaj\u00fa na zast\u00fapenie Eur\u00f3pskej komisie na Slovensku a pr\u00edslu\u0161n\u00e9 \u00fatvary v Bruseli, ako aj podpredsedu vl\u00e1dy Kmeca s podnetom, v ktorom ich informujeme o katastrof\u00e1lnych dopadoch schv\u00e1len\u00fdch zmien a \u017eiadame ich o pos\u00fadenie s\u00faladu novely s reformou n\u00e1rodn\u00fdch parkov a pr\u00e1vom E\u00da. Komisia u\u017e podobne zasiahla v pr\u00edpade Kuffovej novely z\u00e1kona o ochrane pr\u00edrody z janu\u00e1ra 2025,\u201c <\/em>dod\u00e1va Michal Ki\u010da.<\/p>\n\n\n\n<p>Sme presved\u010den\u00ed, \u017ee konkr\u00e9tne z\u00e1mery developerov u\u017e \u201e\u010dakaj\u00fa\u201c v \u0161ufl\u00edkoch. Bola nap\u00edsan\u00e1, aby pre\u0161li rozsiahle pl\u00e1ny vo Vysok\u00fdch Tatr\u00e1ch alebo v Malej Fatre, kde je pripraven\u00fdch minim\u00e1lne 14 projektov, ako mas\u00edvna v\u00fdstavba ubytovac\u00edch kapac\u00edt, nov\u00e9 lanovky, zasne\u017eovacie n\u00e1dr\u017ee? Preto\u017ee ich pretla\u010deniu a povoleniu v tomto volebnom obdob\u00ed by jednozna\u010dne pomohla.<\/p>\n\n\n<div id=\"fb-root\"><\/div><script async defer crossorigin=\"anonymous\" src=\"https:\/\/connect.facebook.net\/sk_SK\/sdk.js#xfbml=1&version=v18.0\"><\/script><div class=\"fb-video\" data-href=\"https:\/\/fb.watch\/B_B8jsQlg_\/\" data-width=\"560\" data-show-text=\"false\"><blockquote cite=\"https:\/\/fb.watch\/B_B8jsQlg_\/\" class=\"fb-xfbml-parse-ignore\"><a href=\"https:\/\/fb.watch\/B_B8jsQlg_\/\">Video<\/a><\/blockquote><\/div>\n","protected":false},"excerpt":{"rendered":"<p>V stredu sme upozornili, \u017ee minister Taraba prepa\u0161oval nebezpe\u010dn\u00fa zmenu do novely z\u00e1kona o posudzovan\u00ed vplyvov na \u017eivotn\u00e9 prostredie (EIA). Legislat\u00edva by umo\u017enila, \u017ee zjazdovky, vleky, rekrea\u010dn\u00e9 zariadenia a hotely v chr\u00e1nen\u00fdch \u00fazemiach, najm\u00e4 v n\u00e1rodn\u00fdch parkoch, by nepodliehali \u00fapln\u00e9mu posudzovaniu vplyvov na \u017eivotn\u00e9 prostredie. Taraba navy\u0161e konal v priamom rozpore so stanoviskom vlastn\u00e9ho rezortu, [&hellip;]<\/p>\n","protected":false},"author":13,"featured_media":2931,"comment_status":"closed","ping_status":"closed","sticky":false,"template":"","format":"standard","meta":{"_acf_changed":false,"ngg_post_thumbnail":0,"footnotes":""},"categories":[4],"tags":[],"class_list":["post-8114","post","type-post","status-publish","format-standard","has-post-thumbnail","hentry","category-tlacove-spravy"],"acf":[],"yoast_head":"<!-- This site is optimized with the Yoast SEO plugin v27.2 - https:\/\/yoast.com\/product\/yoast-seo-wordpress\/ -->\n<title>Pre n\u00e1\u0161\u013eapn\u00fa m\u00ednu v Tarabovej novele EIA sa Demokrati obracaj\u00fa na Eur\u00f3psku komisiu \u2013 ohrozuje n\u00e1rodn\u00e9 parky<\/title>\n<meta name=\"robots\" content=\"index, follow, max-snippet:-1, max-image-preview:large, max-video-preview:-1\" \/>\n<link rel=\"canonical\" href=\"https:\/\/www.smedemokrati.sk\/hu\/pre-naslapnu-minu-v-tarabovej-novele-eia-sa-demokrati-obracaju-na-europsku-komisiu-ohrozuje-narodne-parky\/\" \/>\n<meta property=\"og:locale\" content=\"hu_HU\" \/>\n<meta property=\"og:locale:alternate\" content=\"en_US\" \/>\n<meta property=\"og:locale:alternate\" content=\"cs_CZ\" \/>\n<meta property=\"og:locale:alternate\" content=\"sk_SK\" \/>\n<meta property=\"og:locale:alternate\" content=\"sv_SE\" \/>\n<meta property=\"og:type\" content=\"article\" \/>\n<meta property=\"og:title\" content=\"Pre n\u00e1\u0161\u013eapn\u00fa m\u00ednu v Tarabovej novele EIA sa Demokrati obracaj\u00fa na Eur\u00f3psku komisiu \u2013 ohrozuje n\u00e1rodn\u00e9 parky\" \/>\n<meta property=\"og:description\" content=\"V stredu sme upozornili, \u017ee minister Taraba prepa\u0161oval nebezpe\u010dn\u00fa zmenu do novely z\u00e1kona o posudzovan\u00ed vplyvov na \u017eivotn\u00e9 prostredie (EIA). Legislat\u00edva by umo\u017enila, \u017ee zjazdovky, vleky, rekrea\u010dn\u00e9 zariadenia a hotely v chr\u00e1nen\u00fdch \u00fazemiach, najm\u00e4 v n\u00e1rodn\u00fdch parkoch, by nepodliehali \u00fapln\u00e9mu posudzovaniu vplyvov na \u017eivotn\u00e9 prostredie. Taraba navy\u0161e konal v priamom rozpore so stanoviskom vlastn\u00e9ho rezortu, [&hellip;]\" \/>\n<meta property=\"og:url\" content=\"https:\/\/www.smedemokrati.sk\/hu\/pre-naslapnu-minu-v-tarabovej-novele-eia-sa-demokrati-obracaju-na-europsku-komisiu-ohrozuje-narodne-parky\/\" \/>\n<meta property=\"og:site_name\" content=\"Smedemokrati.sk\" \/>\n<meta property=\"article:publisher\" content=\"https:\/\/www.facebook.com\/smedemokrati2023\" \/>\n<meta property=\"article:published_time\" content=\"2025-09-08T17:08:30+00:00\" \/>\n<meta property=\"article:modified_time\" content=\"2025-09-08T17:08:31+00:00\" \/>\n<meta property=\"og:image\" content=\"https:\/\/www.smedemokrati.sk\/wp-content\/uploads\/2024\/03\/robert-fico-tomas-taraba-clanokW-1.jpg\" \/>\n\t<meta property=\"og:image:width\" content=\"800\" \/>\n\t<meta property=\"og:image:height\" content=\"448\" \/>\n\t<meta property=\"og:image:type\" content=\"image\/jpeg\" \/>\n<meta name=\"author\" content=\"miro.sopko\" \/>\n<meta name=\"twitter:card\" content=\"summary_large_image\" \/>\n<meta name=\"twitter:label1\" content=\"Szerz\u0151:\" \/>\n\t<meta name=\"twitter:data1\" content=\"miro.sopko\" \/>\n\t<meta name=\"twitter:label2\" content=\"Becs\u00fclt olvas\u00e1si id\u0151\" \/>\n\t<meta name=\"twitter:data2\" content=\"3 perc\" \/>\n<script type=\"application\/ld+json\" class=\"yoast-schema-graph\">{\"@context\":\"https:\/\/schema.org\",\"@graph\":[{\"@type\":\"Article\",\"@id\":\"https:\/\/www.smedemokrati.sk\/pre-naslapnu-minu-v-tarabovej-novele-eia-sa-demokrati-obracaju-na-europsku-komisiu-ohrozuje-narodne-parky\/#article\",\"isPartOf\":{\"@id\":\"https:\/\/www.smedemokrati.sk\/pre-naslapnu-minu-v-tarabovej-novele-eia-sa-demokrati-obracaju-na-europsku-komisiu-ohrozuje-narodne-parky\/\"},\"author\":{\"name\":\"miro.sopko\",\"@id\":\"https:\/\/www.smedemokrati.sk\/#\/schema\/person\/21f147c88d605aa7ded900e1e7c344ba\"},\"headline\":\"Pre n\u00e1\u0161\u013eapn\u00fa m\u00ednu v Tarabovej novele EIA sa Demokrati obracaj\u00fa na Eur\u00f3psku komisiu \u2013 ohrozuje n\u00e1rodn\u00e9 parky\",\"datePublished\":\"2025-09-08T17:08:30+00:00\",\"dateModified\":\"2025-09-08T17:08:31+00:00\",\"mainEntityOfPage\":{\"@id\":\"https:\/\/www.smedemokrati.sk\/pre-naslapnu-minu-v-tarabovej-novele-eia-sa-demokrati-obracaju-na-europsku-komisiu-ohrozuje-narodne-parky\/\"},\"wordCount\":613,\"publisher\":{\"@id\":\"https:\/\/www.smedemokrati.sk\/#organization\"},\"image\":{\"@id\":\"https:\/\/www.smedemokrati.sk\/pre-naslapnu-minu-v-tarabovej-novele-eia-sa-demokrati-obracaju-na-europsku-komisiu-ohrozuje-narodne-parky\/#primaryimage\"},\"thumbnailUrl\":\"https:\/\/www.smedemokrati.sk\/wp-content\/uploads\/2024\/03\/robert-fico-tomas-taraba-clanokW-1.jpg\",\"articleSection\":[\"Tla\u010dov\u00e9 spr\u00e1vy\"],\"inLanguage\":\"hu-HU\"},{\"@type\":\"WebPage\",\"@id\":\"https:\/\/www.smedemokrati.sk\/pre-naslapnu-minu-v-tarabovej-novele-eia-sa-demokrati-obracaju-na-europsku-komisiu-ohrozuje-narodne-parky\/\",\"url\":\"https:\/\/www.smedemokrati.sk\/pre-naslapnu-minu-v-tarabovej-novele-eia-sa-demokrati-obracaju-na-europsku-komisiu-ohrozuje-narodne-parky\/\",\"name\":\"Pre n\u00e1\u0161\u013eapn\u00fa m\u00ednu v Tarabovej novele EIA sa Demokrati obracaj\u00fa na Eur\u00f3psku komisiu \u2013 ohrozuje n\u00e1rodn\u00e9 parky\",\"isPartOf\":{\"@id\":\"https:\/\/www.smedemokrati.sk\/#website\"},\"primaryImageOfPage\":{\"@id\":\"https:\/\/www.smedemokrati.sk\/pre-naslapnu-minu-v-tarabovej-novele-eia-sa-demokrati-obracaju-na-europsku-komisiu-ohrozuje-narodne-parky\/#primaryimage\"},\"image\":{\"@id\":\"https:\/\/www.smedemokrati.sk\/pre-naslapnu-minu-v-tarabovej-novele-eia-sa-demokrati-obracaju-na-europsku-komisiu-ohrozuje-narodne-parky\/#primaryimage\"},\"thumbnailUrl\":\"https:\/\/www.smedemokrati.sk\/wp-content\/uploads\/2024\/03\/robert-fico-tomas-taraba-clanokW-1.jpg\",\"datePublished\":\"2025-09-08T17:08:30+00:00\",\"dateModified\":\"2025-09-08T17:08:31+00:00\",\"breadcrumb\":{\"@id\":\"https:\/\/www.smedemokrati.sk\/pre-naslapnu-minu-v-tarabovej-novele-eia-sa-demokrati-obracaju-na-europsku-komisiu-ohrozuje-narodne-parky\/#breadcrumb\"},\"inLanguage\":\"hu-HU\",\"potentialAction\":[{\"@type\":\"ReadAction\",\"target\":[\"https:\/\/www.smedemokrati.sk\/pre-naslapnu-minu-v-tarabovej-novele-eia-sa-demokrati-obracaju-na-europsku-komisiu-ohrozuje-narodne-parky\/\"]}]},{\"@type\":\"ImageObject\",\"inLanguage\":\"hu-HU\",\"@id\":\"https:\/\/www.smedemokrati.sk\/pre-naslapnu-minu-v-tarabovej-novele-eia-sa-demokrati-obracaju-na-europsku-komisiu-ohrozuje-narodne-parky\/#primaryimage\",\"url\":\"https:\/\/www.smedemokrati.sk\/wp-content\/uploads\/2024\/03\/robert-fico-tomas-taraba-clanokW-1.jpg\",\"contentUrl\":\"https:\/\/www.smedemokrati.sk\/wp-content\/uploads\/2024\/03\/robert-fico-tomas-taraba-clanokW-1.jpg\",\"width\":800,\"height\":448},{\"@type\":\"BreadcrumbList\",\"@id\":\"https:\/\/www.smedemokrati.sk\/pre-naslapnu-minu-v-tarabovej-novele-eia-sa-demokrati-obracaju-na-europsku-komisiu-ohrozuje-narodne-parky\/#breadcrumb\",\"itemListElement\":[{\"@type\":\"ListItem\",\"position\":1,\"name\":\"Domovsk\u00e1 str\u00e1nka\",\"item\":\"https:\/\/www.smedemokrati.sk\/\"},{\"@type\":\"ListItem\",\"position\":2,\"name\":\"Pre n\u00e1\u0161\u013eapn\u00fa m\u00ednu v Tarabovej novele EIA sa Demokrati obracaj\u00fa na Eur\u00f3psku komisiu \u2013 ohrozuje n\u00e1rodn\u00e9 parky\"}]},{\"@type\":\"WebSite\",\"@id\":\"https:\/\/www.smedemokrati.sk\/#website\",\"url\":\"https:\/\/www.smedemokrati.sk\/\",\"name\":\"Smedemokrati.sk\",\"description\":\"Demokracia a slu\u0161nos\u0165 zv\u00ed\u0165az\u00ed\",\"publisher\":{\"@id\":\"https:\/\/www.smedemokrati.sk\/#organization\"},\"potentialAction\":[{\"@type\":\"SearchAction\",\"target\":{\"@type\":\"EntryPoint\",\"urlTemplate\":\"https:\/\/www.smedemokrati.sk\/?s={search_term_string}\"},\"query-input\":{\"@type\":\"PropertyValueSpecification\",\"valueRequired\":true,\"valueName\":\"search_term_string\"}}],\"inLanguage\":\"hu-HU\"},{\"@type\":\"Organization\",\"@id\":\"https:\/\/www.smedemokrati.sk\/#organization\",\"name\":\"Smedemokrati.sk\",\"url\":\"https:\/\/www.smedemokrati.sk\/\",\"logo\":{\"@type\":\"ImageObject\",\"inLanguage\":\"hu-HU\",\"@id\":\"https:\/\/www.smedemokrati.sk\/#\/schema\/logo\/image\/\",\"url\":\"https:\/\/www.smedemokrati.sk\/wp-content\/uploads\/2023\/04\/ff.002.jpeg\",\"contentUrl\":\"https:\/\/www.smedemokrati.sk\/wp-content\/uploads\/2023\/04\/ff.002.jpeg\",\"width\":640,\"height\":480,\"caption\":\"Smedemokrati.sk\"},\"image\":{\"@id\":\"https:\/\/www.smedemokrati.sk\/#\/schema\/logo\/image\/\"},\"sameAs\":[\"https:\/\/www.facebook.com\/smedemokrati2023\"]},{\"@type\":\"Person\",\"@id\":\"https:\/\/www.smedemokrati.sk\/#\/schema\/person\/21f147c88d605aa7ded900e1e7c344ba\",\"name\":\"miro.sopko\",\"image\":{\"@type\":\"ImageObject\",\"inLanguage\":\"hu-HU\",\"@id\":\"https:\/\/secure.gravatar.com\/avatar\/267e4a36f704376c109afe3a78740c1f5dd8675a2180a908699e7863c9247606?s=96&d=mm&r=g\",\"url\":\"https:\/\/secure.gravatar.com\/avatar\/267e4a36f704376c109afe3a78740c1f5dd8675a2180a908699e7863c9247606?s=96&d=mm&r=g\",\"contentUrl\":\"https:\/\/secure.gravatar.com\/avatar\/267e4a36f704376c109afe3a78740c1f5dd8675a2180a908699e7863c9247606?s=96&d=mm&r=g\",\"caption\":\"miro.sopko\"},\"url\":\"https:\/\/www.smedemokrati.sk\/hu\/author\/miro-sopko\/\"}]}<\/script>\n<!-- \/ Yoast SEO plugin. -->","yoast_head_json":{"title":"Pre n\u00e1\u0161\u013eapn\u00fa m\u00ednu v Tarabovej novele EIA sa Demokrati obracaj\u00fa na Eur\u00f3psku komisiu \u2013 ohrozuje n\u00e1rodn\u00e9 parky","robots":{"index":"index","follow":"follow","max-snippet":"max-snippet:-1","max-image-preview":"max-image-preview:large","max-video-preview":"max-video-preview:-1"},"canonical":"https:\/\/www.smedemokrati.sk\/hu\/pre-naslapnu-minu-v-tarabovej-novele-eia-sa-demokrati-obracaju-na-europsku-komisiu-ohrozuje-narodne-parky\/","og_locale":"hu_HU","og_type":"article","og_title":"[:sk]Pre n\u00e1\u0161\u013eapn\u00fa m\u00ednu v Tarabovej novele EIA sa Demokrati obracaj\u00fa na Eur\u00f3psku komisiu \u2013 ohrozuje n\u00e1rodn\u00e9 parky[:] - Smedemokrati.sk","og_description":"V stredu sme upozornili, \u017ee minister Taraba prepa\u0161oval nebezpe\u010dn\u00fa zmenu do novely z\u00e1kona o posudzovan\u00ed vplyvov na \u017eivotn\u00e9 prostredie (EIA). Legislat\u00edva by umo\u017enila, \u017ee zjazdovky, vleky, rekrea\u010dn\u00e9 zariadenia a hotely v chr\u00e1nen\u00fdch \u00fazemiach, najm\u00e4 v n\u00e1rodn\u00fdch parkoch, by nepodliehali \u00fapln\u00e9mu posudzovaniu vplyvov na \u017eivotn\u00e9 prostredie. Taraba navy\u0161e konal v priamom rozpore so stanoviskom vlastn\u00e9ho rezortu, [&hellip;]","og_url":"https:\/\/www.smedemokrati.sk\/hu\/pre-naslapnu-minu-v-tarabovej-novele-eia-sa-demokrati-obracaju-na-europsku-komisiu-ohrozuje-narodne-parky\/","og_site_name":"Smedemokrati.sk","article_publisher":"https:\/\/www.facebook.com\/smedemokrati2023","article_published_time":"2025-09-08T17:08:30+00:00","article_modified_time":"2025-09-08T17:08:31+00:00","og_image":[{"width":800,"height":448,"url":"https:\/\/www.smedemokrati.sk\/wp-content\/uploads\/2024\/03\/robert-fico-tomas-taraba-clanokW-1.jpg","type":"image\/jpeg"}],"author":"miro.sopko","twitter_card":"summary_large_image","twitter_misc":{"Szerz\u0151:":"miro.sopko","Becs\u00fclt olvas\u00e1si id\u0151":"3 perc"},"schema":{"@context":"https:\/\/schema.org","@graph":[{"@type":"Article","@id":"https:\/\/www.smedemokrati.sk\/pre-naslapnu-minu-v-tarabovej-novele-eia-sa-demokrati-obracaju-na-europsku-komisiu-ohrozuje-narodne-parky\/#article","isPartOf":{"@id":"https:\/\/www.smedemokrati.sk\/pre-naslapnu-minu-v-tarabovej-novele-eia-sa-demokrati-obracaju-na-europsku-komisiu-ohrozuje-narodne-parky\/"},"author":{"name":"miro.sopko","@id":"https:\/\/www.smedemokrati.sk\/#\/schema\/person\/21f147c88d605aa7ded900e1e7c344ba"},"headline":"Pre n\u00e1\u0161\u013eapn\u00fa m\u00ednu v Tarabovej novele EIA sa Demokrati obracaj\u00fa na Eur\u00f3psku komisiu \u2013 ohrozuje n\u00e1rodn\u00e9 parky","datePublished":"2025-09-08T17:08:30+00:00","dateModified":"2025-09-08T17:08:31+00:00","mainEntityOfPage":{"@id":"https:\/\/www.smedemokrati.sk\/pre-naslapnu-minu-v-tarabovej-novele-eia-sa-demokrati-obracaju-na-europsku-komisiu-ohrozuje-narodne-parky\/"},"wordCount":613,"publisher":{"@id":"https:\/\/www.smedemokrati.sk\/#organization"},"image":{"@id":"https:\/\/www.smedemokrati.sk\/pre-naslapnu-minu-v-tarabovej-novele-eia-sa-demokrati-obracaju-na-europsku-komisiu-ohrozuje-narodne-parky\/#primaryimage"},"thumbnailUrl":"https:\/\/www.smedemokrati.sk\/wp-content\/uploads\/2024\/03\/robert-fico-tomas-taraba-clanokW-1.jpg","articleSection":["Tla\u010dov\u00e9 spr\u00e1vy"],"inLanguage":"hu-HU"},{"@type":"WebPage","@id":"https:\/\/www.smedemokrati.sk\/pre-naslapnu-minu-v-tarabovej-novele-eia-sa-demokrati-obracaju-na-europsku-komisiu-ohrozuje-narodne-parky\/","url":"https:\/\/www.smedemokrati.sk\/pre-naslapnu-minu-v-tarabovej-novele-eia-sa-demokrati-obracaju-na-europsku-komisiu-ohrozuje-narodne-parky\/","name":"Pre n\u00e1\u0161\u013eapn\u00fa m\u00ednu v Tarabovej novele EIA sa Demokrati obracaj\u00fa na Eur\u00f3psku komisiu \u2013 ohrozuje n\u00e1rodn\u00e9 parky","isPartOf":{"@id":"https:\/\/www.smedemokrati.sk\/#website"},"primaryImageOfPage":{"@id":"https:\/\/www.smedemokrati.sk\/pre-naslapnu-minu-v-tarabovej-novele-eia-sa-demokrati-obracaju-na-europsku-komisiu-ohrozuje-narodne-parky\/#primaryimage"},"image":{"@id":"https:\/\/www.smedemokrati.sk\/pre-naslapnu-minu-v-tarabovej-novele-eia-sa-demokrati-obracaju-na-europsku-komisiu-ohrozuje-narodne-parky\/#primaryimage"},"thumbnailUrl":"https:\/\/www.smedemokrati.sk\/wp-content\/uploads\/2024\/03\/robert-fico-tomas-taraba-clanokW-1.jpg","datePublished":"2025-09-08T17:08:30+00:00","dateModified":"2025-09-08T17:08:31+00:00","breadcrumb":{"@id":"https:\/\/www.smedemokrati.sk\/pre-naslapnu-minu-v-tarabovej-novele-eia-sa-demokrati-obracaju-na-europsku-komisiu-ohrozuje-narodne-parky\/#breadcrumb"},"inLanguage":"hu-HU","potentialAction":[{"@type":"ReadAction","target":["https:\/\/www.smedemokrati.sk\/pre-naslapnu-minu-v-tarabovej-novele-eia-sa-demokrati-obracaju-na-europsku-komisiu-ohrozuje-narodne-parky\/"]}]},{"@type":"ImageObject","inLanguage":"hu-HU","@id":"https:\/\/www.smedemokrati.sk\/pre-naslapnu-minu-v-tarabovej-novele-eia-sa-demokrati-obracaju-na-europsku-komisiu-ohrozuje-narodne-parky\/#primaryimage","url":"https:\/\/www.smedemokrati.sk\/wp-content\/uploads\/2024\/03\/robert-fico-tomas-taraba-clanokW-1.jpg","contentUrl":"https:\/\/www.smedemokrati.sk\/wp-content\/uploads\/2024\/03\/robert-fico-tomas-taraba-clanokW-1.jpg","width":800,"height":448},{"@type":"BreadcrumbList","@id":"https:\/\/www.smedemokrati.sk\/pre-naslapnu-minu-v-tarabovej-novele-eia-sa-demokrati-obracaju-na-europsku-komisiu-ohrozuje-narodne-parky\/#breadcrumb","itemListElement":[{"@type":"ListItem","position":1,"name":"Domovsk\u00e1 str\u00e1nka","item":"https:\/\/www.smedemokrati.sk\/"},{"@type":"ListItem","position":2,"name":"Pre n\u00e1\u0161\u013eapn\u00fa m\u00ednu v Tarabovej novele EIA sa Demokrati obracaj\u00fa na Eur\u00f3psku komisiu \u2013 ohrozuje n\u00e1rodn\u00e9 parky"}]},{"@type":"WebSite","@id":"https:\/\/www.smedemokrati.sk\/#website","url":"https:\/\/www.smedemokrati.sk\/","name":"Smedemokrati.sk","description":"Demokracia a slu\u0161nos\u0165 zv\u00ed\u0165az\u00ed","publisher":{"@id":"https:\/\/www.smedemokrati.sk\/#organization"},"potentialAction":[{"@type":"SearchAction","target":{"@type":"EntryPoint","urlTemplate":"https:\/\/www.smedemokrati.sk\/?s={search_term_string}"},"query-input":{"@type":"PropertyValueSpecification","valueRequired":true,"valueName":"search_term_string"}}],"inLanguage":"hu-HU"},{"@type":"Organization","@id":"https:\/\/www.smedemokrati.sk\/#organization","name":"Smedemokrati.sk","url":"https:\/\/www.smedemokrati.sk\/","logo":{"@type":"ImageObject","inLanguage":"hu-HU","@id":"https:\/\/www.smedemokrati.sk\/#\/schema\/logo\/image\/","url":"https:\/\/www.smedemokrati.sk\/wp-content\/uploads\/2023\/04\/ff.002.jpeg","contentUrl":"https:\/\/www.smedemokrati.sk\/wp-content\/uploads\/2023\/04\/ff.002.jpeg","width":640,"height":480,"caption":"Smedemokrati.sk"},"image":{"@id":"https:\/\/www.smedemokrati.sk\/#\/schema\/logo\/image\/"},"sameAs":["https:\/\/www.facebook.com\/smedemokrati2023"]},{"@type":"Person","@id":"https:\/\/www.smedemokrati.sk\/#\/schema\/person\/21f147c88d605aa7ded900e1e7c344ba","name":"miro.sopko","image":{"@type":"ImageObject","inLanguage":"hu-HU","@id":"https:\/\/secure.gravatar.com\/avatar\/267e4a36f704376c109afe3a78740c1f5dd8675a2180a908699e7863c9247606?s=96&d=mm&r=g","url":"https:\/\/secure.gravatar.com\/avatar\/267e4a36f704376c109afe3a78740c1f5dd8675a2180a908699e7863c9247606?s=96&d=mm&r=g","contentUrl":"https:\/\/secure.gravatar.com\/avatar\/267e4a36f704376c109afe3a78740c1f5dd8675a2180a908699e7863c9247606?s=96&d=mm&r=g","caption":"miro.sopko"},"url":"https:\/\/www.smedemokrati.sk\/hu\/author\/miro-sopko\/"}]}},"_links":{"self":[{"href":"https:\/\/www.smedemokrati.sk\/hu\/wp-json\/wp\/v2\/posts\/8114","targetHints":{"allow":["GET"]}}],"collection":[{"href":"https:\/\/www.smedemokrati.sk\/hu\/wp-json\/wp\/v2\/posts"}],"about":[{"href":"https:\/\/www.smedemokrati.sk\/hu\/wp-json\/wp\/v2\/types\/post"}],"author":[{"embeddable":true,"href":"https:\/\/www.smedemokrati.sk\/hu\/wp-json\/wp\/v2\/users\/13"}],"replies":[{"embeddable":true,"href":"https:\/\/www.smedemokrati.sk\/hu\/wp-json\/wp\/v2\/comments?post=8114"}],"version-history":[{"count":1,"href":"https:\/\/www.smedemokrati.sk\/hu\/wp-json\/wp\/v2\/posts\/8114\/revisions"}],"predecessor-version":[{"id":8115,"href":"https:\/\/www.smedemokrati.sk\/hu\/wp-json\/wp\/v2\/posts\/8114\/revisions\/8115"}],"wp:featuredmedia":[{"embeddable":true,"href":"https:\/\/www.smedemokrati.sk\/hu\/wp-json\/wp\/v2\/media\/2931"}],"wp:attachment":[{"href":"https:\/\/www.smedemokrati.sk\/hu\/wp-json\/wp\/v2\/media?parent=8114"}],"wp:term":[{"taxonomy":"category","embeddable":true,"href":"https:\/\/www.smedemokrati.sk\/hu\/wp-json\/wp\/v2\/categories?post=8114"},{"taxonomy":"post_tag","embeddable":true,"href":"https:\/\/www.smedemokrati.sk\/hu\/wp-json\/wp\/v2\/tags?post=8114"}],"curies":[{"name":"wp","href":"https:\/\/api.w.org\/{rel}","templated":true}]}}