{"id":808,"date":"2023-05-09T12:04:53","date_gmt":"2023-05-09T10:04:53","guid":{"rendered":"https:\/\/www.smedemokrati.sk\/?p=808"},"modified":"2023-05-15T10:45:58","modified_gmt":"2023-05-15T08:45:58","slug":"konfliktami-traumatizovane-slovensko-si-nezasluzi-aby-politicka-kriza-pokracovala-co-i-len-dalsi-den","status":"publish","type":"post","link":"https:\/\/www.smedemokrati.sk\/hu\/konfliktami-traumatizovane-slovensko-si-nezasluzi-aby-politicka-kriza-pokracovala-co-i-len-dalsi-den\/","title":{"rendered":"Konfliktami traumatizovan\u00e9 Slovensko si nezasl\u00fa\u017ei, aby politick\u00e1 kr\u00edza pokra\u010dovala \u010do i len \u010fal\u0161\u00ed de\u0148"},"content":{"rendered":"<div id=\"fb-root\"><\/div>\n\n<p>Mil\u00ed spoluob\u010dania,<\/p>\n\n\n\n<p>s\u013e\u00fabil som v\u00e1m, \u017ee sa pok\u00fasim privies\u0165 Slovensko stabilne a v pokoji k demokratick\u00fdm parlamentn\u00fdm vo\u013eb\u00e1m.<\/p>\n\n\n\n<p>Po piatkovom odchode druh\u00e9ho ministra v priebehu posledn\u00fdch dn\u00ed, som sa rozhodol ne\u010daka\u0165 a pani prezidentke som e\u0161te v\u010dera pon\u00fakol \u010fal\u0161ie alternat\u00edvy, ktor\u00e9 vid\u00edm ako stabilnej\u0161ie a menej riskantn\u00e9 ako vymenovanie \u00faradn\u00edckej vl\u00e1dy na nieko\u013eko posledn\u00fdch mesiacov tohto volebn\u00e9ho obdobia.<\/p>\n\n\n\n<p><a><\/a>Medzi t\u00fdmi alternat\u00edvami bolo:<\/p>\n\n\n\n<p>&#8211; doplnenie neobsaden\u00fdch miest ministrov jej nominantami,<\/p>\n\n\n\n<p>&#8211; pon\u00fakol som aj alternat\u00edvu, \u017ee vl\u00e1du nepovediem a ministrami ostan\u00fa iba \u013eudia zodpovedn\u00ed za rezorty, ktor\u00e9 bud\u00fa rizikom v\u00fdmeny ohrozen\u00e9 najviac. Najm\u00e4 rezorty, ktor\u00e9 distribuuj\u00fa ekonomick\u00fa a soci\u00e1lnu pomoc, ktor\u00e9 implementuj\u00fa z\u00e1kony pre miliardov\u00fd pl\u00e1n obnovy, \u010di zabezpe\u010duj\u00fa pomoc br\u00e1niacim sa susedom.<\/p>\n\n\n\n<p>Pani prezidentka ani jeden z mojich n\u00e1vrhov neprijala.<\/p>\n\n\n\n<p>Rozhodol som sa preto pani prezidentku po\u017eiada\u0165 o zbavenie poverenia, a tak prenecha\u0165 pani prezidentke priestor pok\u00fasi\u0165 sa s \u00faradn\u00edckou vl\u00e1dou privies\u0165 Slovensko stabilne a v pokoji k demokratick\u00fdm parlamentn\u00fdm vo\u013eb\u00e1m.<\/p>\n\n\n\n<p>Po rozhovoroch so svojimi kolegami, zv\u00e1\u017een\u00ed politickej reality a najm\u00e4 toho, \u010do je najlep\u0161ie pre Slovensko, najlep\u0161ie pre v\u00e1s, som sa rozhodol, \u017ee konfliktami traumatizovan\u00e9 Slovensko si nezasl\u00fa\u017ei, aby politick\u00e1 kr\u00edza pokra\u010dovala \u010do i len \u010fal\u0161\u00ed de\u0148.<\/p>\n\n\n\n<p>Za seba a svojich kolegov chcem poveda\u0165, \u017ee urob\u00edme v\u0161etko preto, aby odovzdanie jednotliv\u00fdch rezortov bolo \u010do najplynulej\u0161ie a umo\u017enili sme tak nov\u00fdm \u013eudom \u00faradn\u00edckej vl\u00e1dy \u010do najsk\u00f4r \u010deli\u0165 \u0165a\u017ek\u00fdm v\u00fdzvam, ktor\u00e9 ich od prv\u00e9ho d\u0148a \u010dakaj\u00fa.<\/p>\n\n\n\n<p>V\u0161etky nasleduj\u00face kroky s\u00favisiace s odovzdan\u00edm vl\u00e1dy, budeme po mojom osobnom stretnut\u00ed s pani prezidentkou dnes poobede koordinova\u0165 a \u010do najsk\u00f4r komunikova\u0165 verejnosti tak, aby nevznikal \u017eiadny zm\u00e4tok.<\/p>\n\n\n\n<p>Dovo\u013ete mi z tohto miesta po\u010fakova\u0165 mojim kolegom za ich pr\u00e1cu, za to, \u017ee dok\u00e1zali krajinu previes\u0165 naj\u0165a\u017e\u0161\u00edmi kr\u00edzami za nieko\u013eko desa\u0165ro\u010d\u00ed a za mno\u017estvo dobr\u00fdch opatren\u00ed, invest\u00edci\u00ed a reforiem, ktor\u00e9 dok\u00e1zali presadi\u0165 v podmienkach, v ktor\u00fdch by sa in\u00e9 vl\u00e1dy o reformy ani nepok\u00fasili. Je mi \u013e\u00fato, \u017ee mnoh\u00e9 vynikaj\u00face v\u00fdsledky vl\u00e1dy boli prekryt\u00e9 nezmyseln\u00fdmi konfliktami a h\u00e1dkami.<\/p>\n\n\n\n<p>Za seba mo\u017eem poveda\u0165, \u017ee ideme v nasleduj\u00facich mesiacoch pon\u00faknu\u0165 Slovensku siln\u00fa, pokojn\u00fa, odborn\u00fa a kon\u0161trukt\u00edvnu alternat\u00edvu.<\/p>\n\n\n\n<p>Alternat\u00edvu k chaosu a nestabilite.<\/p>\n\n\n\n<p>Eduard Heger <\/p>\n","protected":false},"excerpt":{"rendered":"<p>Mil\u00ed spoluob\u010dania, s\u013e\u00fabil som v\u00e1m, \u017ee sa pok\u00fasim privies\u0165 Slovensko stabilne a v pokoji k demokratick\u00fdm parlamentn\u00fdm vo\u013eb\u00e1m. Po piatkovom odchode druh\u00e9ho ministra v priebehu posledn\u00fdch dn\u00ed, som sa rozhodol ne\u010daka\u0165 a pani prezidentke som e\u0161te v\u010dera pon\u00fakol \u010fal\u0161ie alternat\u00edvy, ktor\u00e9 vid\u00edm ako stabilnej\u0161ie a menej riskantn\u00e9 ako vymenovanie \u00faradn\u00edckej vl\u00e1dy na nieko\u013eko posledn\u00fdch mesiacov [&hellip;]<\/p>\n","protected":false},"author":3,"featured_media":809,"comment_status":"closed","ping_status":"closed","sticky":false,"template":"","format":"standard","meta":{"_acf_changed":false,"ngg_post_thumbnail":0,"footnotes":""},"categories":[4],"tags":[],"class_list":["post-808","post","type-post","status-publish","format-standard","has-post-thumbnail","hentry","category-tlacove-spravy"],"acf":[],"yoast_head":"<!-- This site is optimized with the Yoast SEO plugin v27.2 - https:\/\/yoast.com\/product\/yoast-seo-wordpress\/ -->\n<title>Konfliktami traumatizovan\u00e9 Slovensko si nezasl\u00fa\u017ei, aby politick\u00e1 kr\u00edza pokra\u010dovala \u010do i len \u010fal\u0161\u00ed de\u0148 - Smedemokrati.sk<\/title>\n<meta name=\"robots\" content=\"index, follow, max-snippet:-1, max-image-preview:large, max-video-preview:-1\" \/>\n<link rel=\"canonical\" href=\"https:\/\/www.smedemokrati.sk\/hu\/konfliktami-traumatizovane-slovensko-si-nezasluzi-aby-politicka-kriza-pokracovala-co-i-len-dalsi-den\/\" \/>\n<meta property=\"og:locale\" content=\"hu_HU\" \/>\n<meta property=\"og:locale:alternate\" content=\"en_US\" \/>\n<meta property=\"og:locale:alternate\" content=\"cs_CZ\" \/>\n<meta property=\"og:locale:alternate\" content=\"sk_SK\" \/>\n<meta property=\"og:locale:alternate\" content=\"sv_SE\" \/>\n<meta property=\"og:type\" content=\"article\" \/>\n<meta property=\"og:title\" content=\"Konfliktami traumatizovan\u00e9 Slovensko si nezasl\u00fa\u017ei, aby politick\u00e1 kr\u00edza pokra\u010dovala \u010do i len \u010fal\u0161\u00ed de\u0148 - Smedemokrati.sk\" \/>\n<meta property=\"og:description\" content=\"Mil\u00ed spoluob\u010dania, s\u013e\u00fabil som v\u00e1m, \u017ee sa pok\u00fasim privies\u0165 Slovensko stabilne a v pokoji k demokratick\u00fdm parlamentn\u00fdm vo\u013eb\u00e1m. Po piatkovom odchode druh\u00e9ho ministra v priebehu posledn\u00fdch dn\u00ed, som sa rozhodol ne\u010daka\u0165 a pani prezidentke som e\u0161te v\u010dera pon\u00fakol \u010fal\u0161ie alternat\u00edvy, ktor\u00e9 vid\u00edm ako stabilnej\u0161ie a menej riskantn\u00e9 ako vymenovanie \u00faradn\u00edckej vl\u00e1dy na nieko\u013eko posledn\u00fdch mesiacov [&hellip;]\" \/>\n<meta property=\"og:url\" content=\"https:\/\/www.smedemokrati.sk\/hu\/konfliktami-traumatizovane-slovensko-si-nezasluzi-aby-politicka-kriza-pokracovala-co-i-len-dalsi-den\/\" \/>\n<meta property=\"og:site_name\" content=\"Smedemokrati.sk\" \/>\n<meta property=\"article:publisher\" content=\"https:\/\/www.facebook.com\/smedemokrati2023\" \/>\n<meta property=\"article:published_time\" content=\"2023-05-09T10:04:53+00:00\" \/>\n<meta property=\"article:modified_time\" content=\"2023-05-15T08:45:58+00:00\" \/>\n<meta property=\"og:image\" content=\"https:\/\/www.smedemokrati.sk\/wp-content\/uploads\/2023\/05\/345756757_23853775682570213_7409703164191542558_n.jpg\" \/>\n\t<meta property=\"og:image:width\" content=\"1080\" \/>\n\t<meta property=\"og:image:height\" content=\"720\" \/>\n\t<meta property=\"og:image:type\" content=\"image\/jpeg\" \/>\n<meta name=\"author\" content=\"maros\" \/>\n<meta name=\"twitter:card\" content=\"summary_large_image\" \/>\n<meta name=\"twitter:label1\" content=\"Szerz\u0151:\" \/>\n\t<meta name=\"twitter:data1\" content=\"maros\" \/>\n\t<meta name=\"twitter:label2\" content=\"Becs\u00fclt olvas\u00e1si id\u0151\" \/>\n\t<meta name=\"twitter:data2\" content=\"2 perc\" \/>\n<script type=\"application\/ld+json\" class=\"yoast-schema-graph\">{\"@context\":\"https:\/\/schema.org\",\"@graph\":[{\"@type\":\"Article\",\"@id\":\"https:\/\/www.smedemokrati.sk\/konfliktami-traumatizovane-slovensko-si-nezasluzi-aby-politicka-kriza-pokracovala-co-i-len-dalsi-den\/#article\",\"isPartOf\":{\"@id\":\"https:\/\/www.smedemokrati.sk\/konfliktami-traumatizovane-slovensko-si-nezasluzi-aby-politicka-kriza-pokracovala-co-i-len-dalsi-den\/\"},\"author\":{\"name\":\"maros\",\"@id\":\"https:\/\/www.smedemokrati.sk\/#\/schema\/person\/bd0990e764a2ab0275700db075c868f2\"},\"headline\":\"Konfliktami traumatizovan\u00e9 Slovensko si nezasl\u00fa\u017ei, aby politick\u00e1 kr\u00edza pokra\u010dovala \u010do i len \u010fal\u0161\u00ed de\u0148\",\"datePublished\":\"2023-05-09T10:04:53+00:00\",\"dateModified\":\"2023-05-15T08:45:58+00:00\",\"mainEntityOfPage\":{\"@id\":\"https:\/\/www.smedemokrati.sk\/konfliktami-traumatizovane-slovensko-si-nezasluzi-aby-politicka-kriza-pokracovala-co-i-len-dalsi-den\/\"},\"wordCount\":453,\"publisher\":{\"@id\":\"https:\/\/www.smedemokrati.sk\/#organization\"},\"image\":{\"@id\":\"https:\/\/www.smedemokrati.sk\/konfliktami-traumatizovane-slovensko-si-nezasluzi-aby-politicka-kriza-pokracovala-co-i-len-dalsi-den\/#primaryimage\"},\"thumbnailUrl\":\"https:\/\/www.smedemokrati.sk\/wp-content\/uploads\/2023\/05\/345756757_23853775682570213_7409703164191542558_n.jpg\",\"articleSection\":[\"Tla\u010dov\u00e9 spr\u00e1vy\"],\"inLanguage\":\"hu-HU\"},{\"@type\":\"WebPage\",\"@id\":\"https:\/\/www.smedemokrati.sk\/konfliktami-traumatizovane-slovensko-si-nezasluzi-aby-politicka-kriza-pokracovala-co-i-len-dalsi-den\/\",\"url\":\"https:\/\/www.smedemokrati.sk\/konfliktami-traumatizovane-slovensko-si-nezasluzi-aby-politicka-kriza-pokracovala-co-i-len-dalsi-den\/\",\"name\":\"Konfliktami traumatizovan\u00e9 Slovensko si nezasl\u00fa\u017ei, aby politick\u00e1 kr\u00edza pokra\u010dovala \u010do i len \u010fal\u0161\u00ed de\u0148 - Smedemokrati.sk\",\"isPartOf\":{\"@id\":\"https:\/\/www.smedemokrati.sk\/#website\"},\"primaryImageOfPage\":{\"@id\":\"https:\/\/www.smedemokrati.sk\/konfliktami-traumatizovane-slovensko-si-nezasluzi-aby-politicka-kriza-pokracovala-co-i-len-dalsi-den\/#primaryimage\"},\"image\":{\"@id\":\"https:\/\/www.smedemokrati.sk\/konfliktami-traumatizovane-slovensko-si-nezasluzi-aby-politicka-kriza-pokracovala-co-i-len-dalsi-den\/#primaryimage\"},\"thumbnailUrl\":\"https:\/\/www.smedemokrati.sk\/wp-content\/uploads\/2023\/05\/345756757_23853775682570213_7409703164191542558_n.jpg\",\"datePublished\":\"2023-05-09T10:04:53+00:00\",\"dateModified\":\"2023-05-15T08:45:58+00:00\",\"breadcrumb\":{\"@id\":\"https:\/\/www.smedemokrati.sk\/konfliktami-traumatizovane-slovensko-si-nezasluzi-aby-politicka-kriza-pokracovala-co-i-len-dalsi-den\/#breadcrumb\"},\"inLanguage\":\"hu-HU\",\"potentialAction\":[{\"@type\":\"ReadAction\",\"target\":[\"https:\/\/www.smedemokrati.sk\/konfliktami-traumatizovane-slovensko-si-nezasluzi-aby-politicka-kriza-pokracovala-co-i-len-dalsi-den\/\"]}]},{\"@type\":\"ImageObject\",\"inLanguage\":\"hu-HU\",\"@id\":\"https:\/\/www.smedemokrati.sk\/konfliktami-traumatizovane-slovensko-si-nezasluzi-aby-politicka-kriza-pokracovala-co-i-len-dalsi-den\/#primaryimage\",\"url\":\"https:\/\/www.smedemokrati.sk\/wp-content\/uploads\/2023\/05\/345756757_23853775682570213_7409703164191542558_n.jpg\",\"contentUrl\":\"https:\/\/www.smedemokrati.sk\/wp-content\/uploads\/2023\/05\/345756757_23853775682570213_7409703164191542558_n.jpg\",\"width\":1080,\"height\":720},{\"@type\":\"BreadcrumbList\",\"@id\":\"https:\/\/www.smedemokrati.sk\/konfliktami-traumatizovane-slovensko-si-nezasluzi-aby-politicka-kriza-pokracovala-co-i-len-dalsi-den\/#breadcrumb\",\"itemListElement\":[{\"@type\":\"ListItem\",\"position\":1,\"name\":\"Domovsk\u00e1 str\u00e1nka\",\"item\":\"https:\/\/www.smedemokrati.sk\/\"},{\"@type\":\"ListItem\",\"position\":2,\"name\":\"Konfliktami traumatizovan\u00e9 Slovensko si nezasl\u00fa\u017ei, aby politick\u00e1 kr\u00edza pokra\u010dovala \u010do i len \u010fal\u0161\u00ed de\u0148\"}]},{\"@type\":\"WebSite\",\"@id\":\"https:\/\/www.smedemokrati.sk\/#website\",\"url\":\"https:\/\/www.smedemokrati.sk\/\",\"name\":\"Smedemokrati.sk\",\"description\":\"Demokracia a slu\u0161nos\u0165 zv\u00ed\u0165az\u00ed\",\"publisher\":{\"@id\":\"https:\/\/www.smedemokrati.sk\/#organization\"},\"potentialAction\":[{\"@type\":\"SearchAction\",\"target\":{\"@type\":\"EntryPoint\",\"urlTemplate\":\"https:\/\/www.smedemokrati.sk\/?s={search_term_string}\"},\"query-input\":{\"@type\":\"PropertyValueSpecification\",\"valueRequired\":true,\"valueName\":\"search_term_string\"}}],\"inLanguage\":\"hu-HU\"},{\"@type\":\"Organization\",\"@id\":\"https:\/\/www.smedemokrati.sk\/#organization\",\"name\":\"Smedemokrati.sk\",\"url\":\"https:\/\/www.smedemokrati.sk\/\",\"logo\":{\"@type\":\"ImageObject\",\"inLanguage\":\"hu-HU\",\"@id\":\"https:\/\/www.smedemokrati.sk\/#\/schema\/logo\/image\/\",\"url\":\"https:\/\/www.smedemokrati.sk\/wp-content\/uploads\/2023\/04\/ff.002.jpeg\",\"contentUrl\":\"https:\/\/www.smedemokrati.sk\/wp-content\/uploads\/2023\/04\/ff.002.jpeg\",\"width\":640,\"height\":480,\"caption\":\"Smedemokrati.sk\"},\"image\":{\"@id\":\"https:\/\/www.smedemokrati.sk\/#\/schema\/logo\/image\/\"},\"sameAs\":[\"https:\/\/www.facebook.com\/smedemokrati2023\"]},{\"@type\":\"Person\",\"@id\":\"https:\/\/www.smedemokrati.sk\/#\/schema\/person\/bd0990e764a2ab0275700db075c868f2\",\"name\":\"maros\",\"image\":{\"@type\":\"ImageObject\",\"inLanguage\":\"hu-HU\",\"@id\":\"https:\/\/secure.gravatar.com\/avatar\/d4ec49d1719a815fbf0afdd518c9c759c1998fab3d944dc1e3be24ba4218e4ef?s=96&d=mm&r=g\",\"url\":\"https:\/\/secure.gravatar.com\/avatar\/d4ec49d1719a815fbf0afdd518c9c759c1998fab3d944dc1e3be24ba4218e4ef?s=96&d=mm&r=g\",\"contentUrl\":\"https:\/\/secure.gravatar.com\/avatar\/d4ec49d1719a815fbf0afdd518c9c759c1998fab3d944dc1e3be24ba4218e4ef?s=96&d=mm&r=g\",\"caption\":\"maros\"},\"url\":\"https:\/\/www.smedemokrati.sk\/hu\/author\/maros\/\"}]}<\/script>\n<!-- \/ Yoast SEO plugin. -->","yoast_head_json":{"title":"Konfliktami traumatizovan\u00e9 Slovensko si nezasl\u00fa\u017ei, aby politick\u00e1 kr\u00edza pokra\u010dovala \u010do i len \u010fal\u0161\u00ed de\u0148 - Smedemokrati.sk","robots":{"index":"index","follow":"follow","max-snippet":"max-snippet:-1","max-image-preview":"max-image-preview:large","max-video-preview":"max-video-preview:-1"},"canonical":"https:\/\/www.smedemokrati.sk\/hu\/konfliktami-traumatizovane-slovensko-si-nezasluzi-aby-politicka-kriza-pokracovala-co-i-len-dalsi-den\/","og_locale":"hu_HU","og_type":"article","og_title":"Konfliktami traumatizovan\u00e9 Slovensko si nezasl\u00fa\u017ei, aby politick\u00e1 kr\u00edza pokra\u010dovala \u010do i len \u010fal\u0161\u00ed de\u0148 - Smedemokrati.sk","og_description":"Mil\u00ed spoluob\u010dania, s\u013e\u00fabil som v\u00e1m, \u017ee sa pok\u00fasim privies\u0165 Slovensko stabilne a v pokoji k demokratick\u00fdm parlamentn\u00fdm vo\u013eb\u00e1m. Po piatkovom odchode druh\u00e9ho ministra v priebehu posledn\u00fdch dn\u00ed, som sa rozhodol ne\u010daka\u0165 a pani prezidentke som e\u0161te v\u010dera pon\u00fakol \u010fal\u0161ie alternat\u00edvy, ktor\u00e9 vid\u00edm ako stabilnej\u0161ie a menej riskantn\u00e9 ako vymenovanie \u00faradn\u00edckej vl\u00e1dy na nieko\u013eko posledn\u00fdch mesiacov [&hellip;]","og_url":"https:\/\/www.smedemokrati.sk\/hu\/konfliktami-traumatizovane-slovensko-si-nezasluzi-aby-politicka-kriza-pokracovala-co-i-len-dalsi-den\/","og_site_name":"Smedemokrati.sk","article_publisher":"https:\/\/www.facebook.com\/smedemokrati2023","article_published_time":"2023-05-09T10:04:53+00:00","article_modified_time":"2023-05-15T08:45:58+00:00","og_image":[{"width":1080,"height":720,"url":"https:\/\/www.smedemokrati.sk\/wp-content\/uploads\/2023\/05\/345756757_23853775682570213_7409703164191542558_n.jpg","type":"image\/jpeg"}],"author":"maros","twitter_card":"summary_large_image","twitter_misc":{"Szerz\u0151:":"maros","Becs\u00fclt olvas\u00e1si id\u0151":"2 perc"},"schema":{"@context":"https:\/\/schema.org","@graph":[{"@type":"Article","@id":"https:\/\/www.smedemokrati.sk\/konfliktami-traumatizovane-slovensko-si-nezasluzi-aby-politicka-kriza-pokracovala-co-i-len-dalsi-den\/#article","isPartOf":{"@id":"https:\/\/www.smedemokrati.sk\/konfliktami-traumatizovane-slovensko-si-nezasluzi-aby-politicka-kriza-pokracovala-co-i-len-dalsi-den\/"},"author":{"name":"maros","@id":"https:\/\/www.smedemokrati.sk\/#\/schema\/person\/bd0990e764a2ab0275700db075c868f2"},"headline":"Konfliktami traumatizovan\u00e9 Slovensko si nezasl\u00fa\u017ei, aby politick\u00e1 kr\u00edza pokra\u010dovala \u010do i len \u010fal\u0161\u00ed de\u0148","datePublished":"2023-05-09T10:04:53+00:00","dateModified":"2023-05-15T08:45:58+00:00","mainEntityOfPage":{"@id":"https:\/\/www.smedemokrati.sk\/konfliktami-traumatizovane-slovensko-si-nezasluzi-aby-politicka-kriza-pokracovala-co-i-len-dalsi-den\/"},"wordCount":453,"publisher":{"@id":"https:\/\/www.smedemokrati.sk\/#organization"},"image":{"@id":"https:\/\/www.smedemokrati.sk\/konfliktami-traumatizovane-slovensko-si-nezasluzi-aby-politicka-kriza-pokracovala-co-i-len-dalsi-den\/#primaryimage"},"thumbnailUrl":"https:\/\/www.smedemokrati.sk\/wp-content\/uploads\/2023\/05\/345756757_23853775682570213_7409703164191542558_n.jpg","articleSection":["Tla\u010dov\u00e9 spr\u00e1vy"],"inLanguage":"hu-HU"},{"@type":"WebPage","@id":"https:\/\/www.smedemokrati.sk\/konfliktami-traumatizovane-slovensko-si-nezasluzi-aby-politicka-kriza-pokracovala-co-i-len-dalsi-den\/","url":"https:\/\/www.smedemokrati.sk\/konfliktami-traumatizovane-slovensko-si-nezasluzi-aby-politicka-kriza-pokracovala-co-i-len-dalsi-den\/","name":"Konfliktami traumatizovan\u00e9 Slovensko si nezasl\u00fa\u017ei, aby politick\u00e1 kr\u00edza pokra\u010dovala \u010do i len \u010fal\u0161\u00ed de\u0148 - Smedemokrati.sk","isPartOf":{"@id":"https:\/\/www.smedemokrati.sk\/#website"},"primaryImageOfPage":{"@id":"https:\/\/www.smedemokrati.sk\/konfliktami-traumatizovane-slovensko-si-nezasluzi-aby-politicka-kriza-pokracovala-co-i-len-dalsi-den\/#primaryimage"},"image":{"@id":"https:\/\/www.smedemokrati.sk\/konfliktami-traumatizovane-slovensko-si-nezasluzi-aby-politicka-kriza-pokracovala-co-i-len-dalsi-den\/#primaryimage"},"thumbnailUrl":"https:\/\/www.smedemokrati.sk\/wp-content\/uploads\/2023\/05\/345756757_23853775682570213_7409703164191542558_n.jpg","datePublished":"2023-05-09T10:04:53+00:00","dateModified":"2023-05-15T08:45:58+00:00","breadcrumb":{"@id":"https:\/\/www.smedemokrati.sk\/konfliktami-traumatizovane-slovensko-si-nezasluzi-aby-politicka-kriza-pokracovala-co-i-len-dalsi-den\/#breadcrumb"},"inLanguage":"hu-HU","potentialAction":[{"@type":"ReadAction","target":["https:\/\/www.smedemokrati.sk\/konfliktami-traumatizovane-slovensko-si-nezasluzi-aby-politicka-kriza-pokracovala-co-i-len-dalsi-den\/"]}]},{"@type":"ImageObject","inLanguage":"hu-HU","@id":"https:\/\/www.smedemokrati.sk\/konfliktami-traumatizovane-slovensko-si-nezasluzi-aby-politicka-kriza-pokracovala-co-i-len-dalsi-den\/#primaryimage","url":"https:\/\/www.smedemokrati.sk\/wp-content\/uploads\/2023\/05\/345756757_23853775682570213_7409703164191542558_n.jpg","contentUrl":"https:\/\/www.smedemokrati.sk\/wp-content\/uploads\/2023\/05\/345756757_23853775682570213_7409703164191542558_n.jpg","width":1080,"height":720},{"@type":"BreadcrumbList","@id":"https:\/\/www.smedemokrati.sk\/konfliktami-traumatizovane-slovensko-si-nezasluzi-aby-politicka-kriza-pokracovala-co-i-len-dalsi-den\/#breadcrumb","itemListElement":[{"@type":"ListItem","position":1,"name":"Domovsk\u00e1 str\u00e1nka","item":"https:\/\/www.smedemokrati.sk\/"},{"@type":"ListItem","position":2,"name":"Konfliktami traumatizovan\u00e9 Slovensko si nezasl\u00fa\u017ei, aby politick\u00e1 kr\u00edza pokra\u010dovala \u010do i len \u010fal\u0161\u00ed de\u0148"}]},{"@type":"WebSite","@id":"https:\/\/www.smedemokrati.sk\/#website","url":"https:\/\/www.smedemokrati.sk\/","name":"Smedemokrati.sk","description":"Demokracia a slu\u0161nos\u0165 zv\u00ed\u0165az\u00ed","publisher":{"@id":"https:\/\/www.smedemokrati.sk\/#organization"},"potentialAction":[{"@type":"SearchAction","target":{"@type":"EntryPoint","urlTemplate":"https:\/\/www.smedemokrati.sk\/?s={search_term_string}"},"query-input":{"@type":"PropertyValueSpecification","valueRequired":true,"valueName":"search_term_string"}}],"inLanguage":"hu-HU"},{"@type":"Organization","@id":"https:\/\/www.smedemokrati.sk\/#organization","name":"Smedemokrati.sk","url":"https:\/\/www.smedemokrati.sk\/","logo":{"@type":"ImageObject","inLanguage":"hu-HU","@id":"https:\/\/www.smedemokrati.sk\/#\/schema\/logo\/image\/","url":"https:\/\/www.smedemokrati.sk\/wp-content\/uploads\/2023\/04\/ff.002.jpeg","contentUrl":"https:\/\/www.smedemokrati.sk\/wp-content\/uploads\/2023\/04\/ff.002.jpeg","width":640,"height":480,"caption":"Smedemokrati.sk"},"image":{"@id":"https:\/\/www.smedemokrati.sk\/#\/schema\/logo\/image\/"},"sameAs":["https:\/\/www.facebook.com\/smedemokrati2023"]},{"@type":"Person","@id":"https:\/\/www.smedemokrati.sk\/#\/schema\/person\/bd0990e764a2ab0275700db075c868f2","name":"maros","image":{"@type":"ImageObject","inLanguage":"hu-HU","@id":"https:\/\/secure.gravatar.com\/avatar\/d4ec49d1719a815fbf0afdd518c9c759c1998fab3d944dc1e3be24ba4218e4ef?s=96&d=mm&r=g","url":"https:\/\/secure.gravatar.com\/avatar\/d4ec49d1719a815fbf0afdd518c9c759c1998fab3d944dc1e3be24ba4218e4ef?s=96&d=mm&r=g","contentUrl":"https:\/\/secure.gravatar.com\/avatar\/d4ec49d1719a815fbf0afdd518c9c759c1998fab3d944dc1e3be24ba4218e4ef?s=96&d=mm&r=g","caption":"maros"},"url":"https:\/\/www.smedemokrati.sk\/hu\/author\/maros\/"}]}},"_links":{"self":[{"href":"https:\/\/www.smedemokrati.sk\/hu\/wp-json\/wp\/v2\/posts\/808","targetHints":{"allow":["GET"]}}],"collection":[{"href":"https:\/\/www.smedemokrati.sk\/hu\/wp-json\/wp\/v2\/posts"}],"about":[{"href":"https:\/\/www.smedemokrati.sk\/hu\/wp-json\/wp\/v2\/types\/post"}],"author":[{"embeddable":true,"href":"https:\/\/www.smedemokrati.sk\/hu\/wp-json\/wp\/v2\/users\/3"}],"replies":[{"embeddable":true,"href":"https:\/\/www.smedemokrati.sk\/hu\/wp-json\/wp\/v2\/comments?post=808"}],"version-history":[{"count":1,"href":"https:\/\/www.smedemokrati.sk\/hu\/wp-json\/wp\/v2\/posts\/808\/revisions"}],"predecessor-version":[{"id":810,"href":"https:\/\/www.smedemokrati.sk\/hu\/wp-json\/wp\/v2\/posts\/808\/revisions\/810"}],"wp:featuredmedia":[{"embeddable":true,"href":"https:\/\/www.smedemokrati.sk\/hu\/wp-json\/wp\/v2\/media\/809"}],"wp:attachment":[{"href":"https:\/\/www.smedemokrati.sk\/hu\/wp-json\/wp\/v2\/media?parent=808"}],"wp:term":[{"taxonomy":"category","embeddable":true,"href":"https:\/\/www.smedemokrati.sk\/hu\/wp-json\/wp\/v2\/categories?post=808"},{"taxonomy":"post_tag","embeddable":true,"href":"https:\/\/www.smedemokrati.sk\/hu\/wp-json\/wp\/v2\/tags?post=808"}],"curies":[{"name":"wp","href":"https:\/\/api.w.org\/{rel}","templated":true}]}}