{"id":7989,"date":"2025-08-25T14:35:41","date_gmt":"2025-08-25T13:35:41","guid":{"rendered":"https:\/\/www.smedemokrati.sk\/?p=7989"},"modified":"2025-08-25T14:35:42","modified_gmt":"2025-08-25T13:35:42","slug":"huliak-chce-otvorit-kasina-na-velky-piatok-aj-cez-vianoce-je-to-vysmech-obcanom-a-utok-na-rodiny","status":"publish","type":"post","link":"https:\/\/www.smedemokrati.sk\/hu\/huliak-chce-otvorit-kasina-na-velky-piatok-aj-cez-vianoce-je-to-vysmech-obcanom-a-utok-na-rodiny\/","title":{"rendered":"Huliak chce otvori\u0165 kas\u00edna na Ve\u013ek\u00fd piatok aj cez Vianoce. Je to v\u00fdsmech ob\u010danom a \u00fatok na rodiny"},"content":{"rendered":"<div id=\"fb-root\"><\/div>\n\n<p><strong>Minister Huliak chce, aby boli kas\u00edna otvoren\u00e9 aj na Ve\u013ek\u00fd piatok a po\u010das viano\u010dn\u00e9ho obdobia. Pod\u013ea Demokratov je to v rozpore s \u00fastavou. N\u00e1vrh z\u00e1kona ne\u0161iel do pripomienkov\u00e9ho konania a je v\u00fdsmechom ob\u010dianskym aktivistom, ktor\u00fdm sa v minulosti podarilo presadi\u0165 regul\u00e1ciu hazardu. Demokrati kritizuj\u00fa, \u017ee strana Vidiek predklad\u00e1 ako svoj v\u00f4bec prv\u00fd n\u00e1vrh paradoxne \u00fapravu z\u00e1kona, ktor\u00e1 berie mest\u00e1m a obciam kompetencie rozhodova\u0165 o z\u00e1kaze umiest\u0148ovania kas\u00edn.<\/strong><\/p>\n\n\n\n<p>Minister cestovn\u00e9ho ruchu Rudolf Huliak predklad\u00e1 na schv\u00e1lenie do parlamentu n\u00e1vrh z\u00e1kona, ktor\u00fd by odobral kompetencie mest\u00e1m a obciam v oblasti hazardu.&nbsp;<em>\u201eV d\u00f4vodovej spr\u00e1ve minister Huliak p\u00ed\u0161e, poviem to laicky, \u017ee chce zriadi\u0165 \u0161t\u00e1tne kas\u00edna a zobra\u0165 tak mest\u00e1m a obciam mo\u017enos\u0165 regulova\u0165 hazard. Takisto chce, aby sa hazard mohol prev\u00e1dzkova\u0165 na Ve\u013ek\u00fd piatok a tie\u017e cez viano\u010dn\u00e9 obdobie. Pod\u013ea Huliaka nebud\u00fa ma\u0165 tieto, odpustite, \u0161ialen\u00e9 n\u00e1vrhy dopad na rodiny a ich soci\u00e1lny \u0161tandard. Vyz\u00fdvame ministra Huliaka, aby novelu z\u00e1kona okam\u017eite stiahol, preto\u017ee je v rozpore s mor\u00e1lkou a zdrav\u00fdm rozumom,\u201c<\/em>&nbsp;hovor\u00ed podpredseda strany Juraj \u0160eliga.<\/p>\n\n\n\n<p>Pod\u013ea Michala Ki\u010du, ktor\u00fd zastupoval skupinu poslancov v konan\u00ed pred \u00dastavn\u00fdm s\u00fadom vo veci z\u00e1kona o hazardn\u00fdch hr\u00e1ch, je navrhovan\u00e1 \u00faprava v rozpore s \u00fastavou:&nbsp;<em>\u201eAko pr\u00e1vnik som presved\u010den\u00fd, \u017ee t\u00fdmto n\u00e1vrhom by \u0161t\u00e1t mocensky zasiahol do samospr\u00e1vnej p\u00f4sobnosti miest a obc\u00ed, \u010do je v rozpore s \u00fastavou. Upozor\u0148ujem tie\u017e, \u017ee je to v rozpore s princ\u00edpom rovnosti s\u00fa\u0165a\u017e\u00ed, preto\u017ee by bol t\u00fdmto uprednostnen\u00fd \u0161t\u00e1t. P\u00fdtam sa: kde bude t\u00e1 hazardn\u00e1 ba\u0161ta, ktor\u00fa chce Huliak vybudova\u0165? Vznikne v O\u010dovej nov\u00e9 Las Vegas a op\u00e4\u0165, zhodou okolnost\u00ed, tieto \u0161t\u00e1tne kas\u00edna bud\u00fa prev\u00e1dzkova\u0165 vybran\u00e9 firmy?\u201c&nbsp;<\/em>hovor\u00ed Michal Ki\u010da a dod\u00e1va, \u017ee n\u00e1vrh je v\u00fdsmechom v\u0161etk\u00fdm ob\u010dianskym aktivistom, ktor\u00fdm sa podarilo vyzbiera\u0165 dostato\u010dn\u00fd po\u010det podpisov na to, aby mohli mest\u00e1 a obce prij\u00edma\u0165 v\u0161eobecne z\u00e1v\u00e4zn\u00e9 nariadenia o obmedzen\u00ed hazardu, \u010do je a\u017e 30 % v\u0161etk\u00fdch obyvate\u013eov.<\/p>\n\n\n\n<p><em>\u201eMinister Huliak je zbabelec a vie, \u017ee predklad\u00e1 pa\u0161kvil, ktor\u00fd zruinuje dom\u00e1cnosti. D\u00f4kazom toho je fakt, \u017ee n\u00e1vrh z\u00e1kona nedal ani len do pripomienkov\u00e9ho konania. Ak chcel by\u0165 minister naozaj u\u017eito\u010dn\u00fd a prospe\u0161n\u00fd pre \u0161t\u00e1t a rodiny, mal trva\u0165 na zv\u00fd\u0161en\u00ed dan\u00ed z hazardu a pokojne nech tento v\u00fdber ide na rozvoj miest a obc\u00ed. Takto by som si predstavoval pr\u00e1cu predsedu strany, ktor\u00e1 si hovor\u00ed Vidiek. V skuto\u010dnosti je ich prv\u00fdm n\u00e1vrhom z\u00e1kona konanie v neprospech miest a obc\u00ed,\u201c<\/em>&nbsp;uzatv\u00e1ra expremi\u00e9r a podpredseda strany Demokrati Eduard Heger.<\/p>\n\n\n<div class=\"fb-video\" data-href=\"https:\/\/fb.watch\/BHU6k73EAh\" data-allowfullscreen=\"true\" data-autoplay=\"false\" data-width=\"\" data-show-text=\"false\" data-show-captions=\"true\"><\/div>\n","protected":false},"excerpt":{"rendered":"<p>Minister Huliak chce, aby boli kas\u00edna otvoren\u00e9 aj na Ve\u013ek\u00fd piatok a po\u010das viano\u010dn\u00e9ho obdobia. Pod\u013ea Demokratov je to v rozpore s \u00fastavou. N\u00e1vrh z\u00e1kona ne\u0161iel do pripomienkov\u00e9ho konania a je v\u00fdsmechom ob\u010dianskym aktivistom, ktor\u00fdm sa v minulosti podarilo presadi\u0165 regul\u00e1ciu hazardu. Demokrati kritizuj\u00fa, \u017ee strana Vidiek predklad\u00e1 ako svoj v\u00f4bec prv\u00fd n\u00e1vrh paradoxne \u00fapravu [&hellip;]<\/p>\n","protected":false},"author":13,"featured_media":7990,"comment_status":"closed","ping_status":"closed","sticky":false,"template":"","format":"standard","meta":{"_acf_changed":false,"ngg_post_thumbnail":0,"footnotes":""},"categories":[4],"tags":[],"class_list":["post-7989","post","type-post","status-publish","format-standard","has-post-thumbnail","hentry","category-tlacove-spravy"],"acf":[],"yoast_head":"<!-- This site is optimized with the Yoast SEO plugin v27.2 - https:\/\/yoast.com\/product\/yoast-seo-wordpress\/ -->\n<title>Huliak chce otvori\u0165 kas\u00edna na Ve\u013ek\u00fd piatok aj cez Vianoce. Je to v\u00fdsmech ob\u010danom a \u00fatok na rodiny<\/title>\n<meta name=\"robots\" content=\"index, follow, max-snippet:-1, max-image-preview:large, max-video-preview:-1\" \/>\n<link rel=\"canonical\" href=\"https:\/\/www.smedemokrati.sk\/hu\/huliak-chce-otvorit-kasina-na-velky-piatok-aj-cez-vianoce-je-to-vysmech-obcanom-a-utok-na-rodiny\/\" \/>\n<meta property=\"og:locale\" content=\"hu_HU\" \/>\n<meta property=\"og:locale:alternate\" content=\"en_US\" \/>\n<meta property=\"og:locale:alternate\" content=\"cs_CZ\" \/>\n<meta property=\"og:locale:alternate\" content=\"sk_SK\" \/>\n<meta property=\"og:locale:alternate\" content=\"sv_SE\" \/>\n<meta property=\"og:type\" content=\"article\" \/>\n<meta property=\"og:title\" content=\"Huliak chce otvori\u0165 kas\u00edna na Ve\u013ek\u00fd piatok aj cez Vianoce. Je to v\u00fdsmech ob\u010danom a \u00fatok na rodiny\" \/>\n<meta property=\"og:description\" content=\"Minister Huliak chce, aby boli kas\u00edna otvoren\u00e9 aj na Ve\u013ek\u00fd piatok a po\u010das viano\u010dn\u00e9ho obdobia. Pod\u013ea Demokratov je to v rozpore s \u00fastavou. N\u00e1vrh z\u00e1kona ne\u0161iel do pripomienkov\u00e9ho konania a je v\u00fdsmechom ob\u010dianskym aktivistom, ktor\u00fdm sa v minulosti podarilo presadi\u0165 regul\u00e1ciu hazardu. Demokrati kritizuj\u00fa, \u017ee strana Vidiek predklad\u00e1 ako svoj v\u00f4bec prv\u00fd n\u00e1vrh paradoxne \u00fapravu [&hellip;]\" \/>\n<meta property=\"og:url\" content=\"https:\/\/www.smedemokrati.sk\/hu\/huliak-chce-otvorit-kasina-na-velky-piatok-aj-cez-vianoce-je-to-vysmech-obcanom-a-utok-na-rodiny\/\" \/>\n<meta property=\"og:site_name\" content=\"Smedemokrati.sk\" \/>\n<meta property=\"article:publisher\" content=\"https:\/\/www.facebook.com\/smedemokrati2023\" \/>\n<meta property=\"article:published_time\" content=\"2025-08-25T13:35:41+00:00\" \/>\n<meta property=\"article:modified_time\" content=\"2025-08-25T13:35:42+00:00\" \/>\n<meta property=\"og:image\" content=\"https:\/\/www.smedemokrati.sk\/wp-content\/uploads\/2025\/08\/537739318_1488500749246930_6479549116395047753_n.jpg\" \/>\n\t<meta property=\"og:image:width\" content=\"1920\" \/>\n\t<meta property=\"og:image:height\" content=\"1080\" \/>\n\t<meta property=\"og:image:type\" content=\"image\/jpeg\" \/>\n<meta name=\"author\" content=\"miro.sopko\" \/>\n<meta name=\"twitter:card\" content=\"summary_large_image\" \/>\n<meta name=\"twitter:label1\" content=\"Szerz\u0151:\" \/>\n\t<meta name=\"twitter:data1\" content=\"miro.sopko\" \/>\n\t<meta name=\"twitter:label2\" content=\"Becs\u00fclt olvas\u00e1si id\u0151\" \/>\n\t<meta name=\"twitter:data2\" content=\"3 perc\" \/>\n<script type=\"application\/ld+json\" class=\"yoast-schema-graph\">{\"@context\":\"https:\/\/schema.org\",\"@graph\":[{\"@type\":\"Article\",\"@id\":\"https:\/\/www.smedemokrati.sk\/huliak-chce-otvorit-kasina-na-velky-piatok-aj-cez-vianoce-je-to-vysmech-obcanom-a-utok-na-rodiny\/#article\",\"isPartOf\":{\"@id\":\"https:\/\/www.smedemokrati.sk\/huliak-chce-otvorit-kasina-na-velky-piatok-aj-cez-vianoce-je-to-vysmech-obcanom-a-utok-na-rodiny\/\"},\"author\":{\"name\":\"miro.sopko\",\"@id\":\"https:\/\/www.smedemokrati.sk\/#\/schema\/person\/21f147c88d605aa7ded900e1e7c344ba\"},\"headline\":\"Huliak chce otvori\u0165 kas\u00edna na Ve\u013ek\u00fd piatok aj cez Vianoce. Je to v\u00fdsmech ob\u010danom a \u00fatok na rodiny\",\"datePublished\":\"2025-08-25T13:35:41+00:00\",\"dateModified\":\"2025-08-25T13:35:42+00:00\",\"mainEntityOfPage\":{\"@id\":\"https:\/\/www.smedemokrati.sk\/huliak-chce-otvorit-kasina-na-velky-piatok-aj-cez-vianoce-je-to-vysmech-obcanom-a-utok-na-rodiny\/\"},\"wordCount\":529,\"publisher\":{\"@id\":\"https:\/\/www.smedemokrati.sk\/#organization\"},\"image\":{\"@id\":\"https:\/\/www.smedemokrati.sk\/huliak-chce-otvorit-kasina-na-velky-piatok-aj-cez-vianoce-je-to-vysmech-obcanom-a-utok-na-rodiny\/#primaryimage\"},\"thumbnailUrl\":\"https:\/\/www.smedemokrati.sk\/wp-content\/uploads\/2025\/08\/537739318_1488500749246930_6479549116395047753_n.jpg\",\"articleSection\":[\"Tla\u010dov\u00e9 spr\u00e1vy\"],\"inLanguage\":\"hu-HU\"},{\"@type\":\"WebPage\",\"@id\":\"https:\/\/www.smedemokrati.sk\/huliak-chce-otvorit-kasina-na-velky-piatok-aj-cez-vianoce-je-to-vysmech-obcanom-a-utok-na-rodiny\/\",\"url\":\"https:\/\/www.smedemokrati.sk\/huliak-chce-otvorit-kasina-na-velky-piatok-aj-cez-vianoce-je-to-vysmech-obcanom-a-utok-na-rodiny\/\",\"name\":\"Huliak chce otvori\u0165 kas\u00edna na Ve\u013ek\u00fd piatok aj cez Vianoce. Je to v\u00fdsmech ob\u010danom a \u00fatok na rodiny\",\"isPartOf\":{\"@id\":\"https:\/\/www.smedemokrati.sk\/#website\"},\"primaryImageOfPage\":{\"@id\":\"https:\/\/www.smedemokrati.sk\/huliak-chce-otvorit-kasina-na-velky-piatok-aj-cez-vianoce-je-to-vysmech-obcanom-a-utok-na-rodiny\/#primaryimage\"},\"image\":{\"@id\":\"https:\/\/www.smedemokrati.sk\/huliak-chce-otvorit-kasina-na-velky-piatok-aj-cez-vianoce-je-to-vysmech-obcanom-a-utok-na-rodiny\/#primaryimage\"},\"thumbnailUrl\":\"https:\/\/www.smedemokrati.sk\/wp-content\/uploads\/2025\/08\/537739318_1488500749246930_6479549116395047753_n.jpg\",\"datePublished\":\"2025-08-25T13:35:41+00:00\",\"dateModified\":\"2025-08-25T13:35:42+00:00\",\"breadcrumb\":{\"@id\":\"https:\/\/www.smedemokrati.sk\/huliak-chce-otvorit-kasina-na-velky-piatok-aj-cez-vianoce-je-to-vysmech-obcanom-a-utok-na-rodiny\/#breadcrumb\"},\"inLanguage\":\"hu-HU\",\"potentialAction\":[{\"@type\":\"ReadAction\",\"target\":[\"https:\/\/www.smedemokrati.sk\/huliak-chce-otvorit-kasina-na-velky-piatok-aj-cez-vianoce-je-to-vysmech-obcanom-a-utok-na-rodiny\/\"]}]},{\"@type\":\"ImageObject\",\"inLanguage\":\"hu-HU\",\"@id\":\"https:\/\/www.smedemokrati.sk\/huliak-chce-otvorit-kasina-na-velky-piatok-aj-cez-vianoce-je-to-vysmech-obcanom-a-utok-na-rodiny\/#primaryimage\",\"url\":\"https:\/\/www.smedemokrati.sk\/wp-content\/uploads\/2025\/08\/537739318_1488500749246930_6479549116395047753_n.jpg\",\"contentUrl\":\"https:\/\/www.smedemokrati.sk\/wp-content\/uploads\/2025\/08\/537739318_1488500749246930_6479549116395047753_n.jpg\",\"width\":1920,\"height\":1080},{\"@type\":\"BreadcrumbList\",\"@id\":\"https:\/\/www.smedemokrati.sk\/huliak-chce-otvorit-kasina-na-velky-piatok-aj-cez-vianoce-je-to-vysmech-obcanom-a-utok-na-rodiny\/#breadcrumb\",\"itemListElement\":[{\"@type\":\"ListItem\",\"position\":1,\"name\":\"Domovsk\u00e1 str\u00e1nka\",\"item\":\"https:\/\/www.smedemokrati.sk\/\"},{\"@type\":\"ListItem\",\"position\":2,\"name\":\"Huliak chce otvori\u0165 kas\u00edna na Ve\u013ek\u00fd piatok aj cez Vianoce. Je to v\u00fdsmech ob\u010danom a \u00fatok na rodiny\"}]},{\"@type\":\"WebSite\",\"@id\":\"https:\/\/www.smedemokrati.sk\/#website\",\"url\":\"https:\/\/www.smedemokrati.sk\/\",\"name\":\"Smedemokrati.sk\",\"description\":\"Demokracia a slu\u0161nos\u0165 zv\u00ed\u0165az\u00ed\",\"publisher\":{\"@id\":\"https:\/\/www.smedemokrati.sk\/#organization\"},\"potentialAction\":[{\"@type\":\"SearchAction\",\"target\":{\"@type\":\"EntryPoint\",\"urlTemplate\":\"https:\/\/www.smedemokrati.sk\/?s={search_term_string}\"},\"query-input\":{\"@type\":\"PropertyValueSpecification\",\"valueRequired\":true,\"valueName\":\"search_term_string\"}}],\"inLanguage\":\"hu-HU\"},{\"@type\":\"Organization\",\"@id\":\"https:\/\/www.smedemokrati.sk\/#organization\",\"name\":\"Smedemokrati.sk\",\"url\":\"https:\/\/www.smedemokrati.sk\/\",\"logo\":{\"@type\":\"ImageObject\",\"inLanguage\":\"hu-HU\",\"@id\":\"https:\/\/www.smedemokrati.sk\/#\/schema\/logo\/image\/\",\"url\":\"https:\/\/www.smedemokrati.sk\/wp-content\/uploads\/2023\/04\/ff.002.jpeg\",\"contentUrl\":\"https:\/\/www.smedemokrati.sk\/wp-content\/uploads\/2023\/04\/ff.002.jpeg\",\"width\":640,\"height\":480,\"caption\":\"Smedemokrati.sk\"},\"image\":{\"@id\":\"https:\/\/www.smedemokrati.sk\/#\/schema\/logo\/image\/\"},\"sameAs\":[\"https:\/\/www.facebook.com\/smedemokrati2023\"]},{\"@type\":\"Person\",\"@id\":\"https:\/\/www.smedemokrati.sk\/#\/schema\/person\/21f147c88d605aa7ded900e1e7c344ba\",\"name\":\"miro.sopko\",\"image\":{\"@type\":\"ImageObject\",\"inLanguage\":\"hu-HU\",\"@id\":\"https:\/\/secure.gravatar.com\/avatar\/267e4a36f704376c109afe3a78740c1f5dd8675a2180a908699e7863c9247606?s=96&d=mm&r=g\",\"url\":\"https:\/\/secure.gravatar.com\/avatar\/267e4a36f704376c109afe3a78740c1f5dd8675a2180a908699e7863c9247606?s=96&d=mm&r=g\",\"contentUrl\":\"https:\/\/secure.gravatar.com\/avatar\/267e4a36f704376c109afe3a78740c1f5dd8675a2180a908699e7863c9247606?s=96&d=mm&r=g\",\"caption\":\"miro.sopko\"},\"url\":\"https:\/\/www.smedemokrati.sk\/hu\/author\/miro-sopko\/\"}]}<\/script>\n<!-- \/ Yoast SEO plugin. -->","yoast_head_json":{"title":"Huliak chce otvori\u0165 kas\u00edna na Ve\u013ek\u00fd piatok aj cez Vianoce. Je to v\u00fdsmech ob\u010danom a \u00fatok na rodiny","robots":{"index":"index","follow":"follow","max-snippet":"max-snippet:-1","max-image-preview":"max-image-preview:large","max-video-preview":"max-video-preview:-1"},"canonical":"https:\/\/www.smedemokrati.sk\/hu\/huliak-chce-otvorit-kasina-na-velky-piatok-aj-cez-vianoce-je-to-vysmech-obcanom-a-utok-na-rodiny\/","og_locale":"hu_HU","og_type":"article","og_title":"[:sk]Huliak chce otvori\u0165 kas\u00edna na Ve\u013ek\u00fd piatok aj cez Vianoce. Je to v\u00fdsmech ob\u010danom a \u00fatok na rodiny[:] - Smedemokrati.sk","og_description":"Minister Huliak chce, aby boli kas\u00edna otvoren\u00e9 aj na Ve\u013ek\u00fd piatok a po\u010das viano\u010dn\u00e9ho obdobia. Pod\u013ea Demokratov je to v rozpore s \u00fastavou. N\u00e1vrh z\u00e1kona ne\u0161iel do pripomienkov\u00e9ho konania a je v\u00fdsmechom ob\u010dianskym aktivistom, ktor\u00fdm sa v minulosti podarilo presadi\u0165 regul\u00e1ciu hazardu. Demokrati kritizuj\u00fa, \u017ee strana Vidiek predklad\u00e1 ako svoj v\u00f4bec prv\u00fd n\u00e1vrh paradoxne \u00fapravu [&hellip;]","og_url":"https:\/\/www.smedemokrati.sk\/hu\/huliak-chce-otvorit-kasina-na-velky-piatok-aj-cez-vianoce-je-to-vysmech-obcanom-a-utok-na-rodiny\/","og_site_name":"Smedemokrati.sk","article_publisher":"https:\/\/www.facebook.com\/smedemokrati2023","article_published_time":"2025-08-25T13:35:41+00:00","article_modified_time":"2025-08-25T13:35:42+00:00","og_image":[{"width":1920,"height":1080,"url":"https:\/\/www.smedemokrati.sk\/wp-content\/uploads\/2025\/08\/537739318_1488500749246930_6479549116395047753_n.jpg","type":"image\/jpeg"}],"author":"miro.sopko","twitter_card":"summary_large_image","twitter_misc":{"Szerz\u0151:":"miro.sopko","Becs\u00fclt olvas\u00e1si id\u0151":"3 perc"},"schema":{"@context":"https:\/\/schema.org","@graph":[{"@type":"Article","@id":"https:\/\/www.smedemokrati.sk\/huliak-chce-otvorit-kasina-na-velky-piatok-aj-cez-vianoce-je-to-vysmech-obcanom-a-utok-na-rodiny\/#article","isPartOf":{"@id":"https:\/\/www.smedemokrati.sk\/huliak-chce-otvorit-kasina-na-velky-piatok-aj-cez-vianoce-je-to-vysmech-obcanom-a-utok-na-rodiny\/"},"author":{"name":"miro.sopko","@id":"https:\/\/www.smedemokrati.sk\/#\/schema\/person\/21f147c88d605aa7ded900e1e7c344ba"},"headline":"Huliak chce otvori\u0165 kas\u00edna na Ve\u013ek\u00fd piatok aj cez Vianoce. Je to v\u00fdsmech ob\u010danom a \u00fatok na rodiny","datePublished":"2025-08-25T13:35:41+00:00","dateModified":"2025-08-25T13:35:42+00:00","mainEntityOfPage":{"@id":"https:\/\/www.smedemokrati.sk\/huliak-chce-otvorit-kasina-na-velky-piatok-aj-cez-vianoce-je-to-vysmech-obcanom-a-utok-na-rodiny\/"},"wordCount":529,"publisher":{"@id":"https:\/\/www.smedemokrati.sk\/#organization"},"image":{"@id":"https:\/\/www.smedemokrati.sk\/huliak-chce-otvorit-kasina-na-velky-piatok-aj-cez-vianoce-je-to-vysmech-obcanom-a-utok-na-rodiny\/#primaryimage"},"thumbnailUrl":"https:\/\/www.smedemokrati.sk\/wp-content\/uploads\/2025\/08\/537739318_1488500749246930_6479549116395047753_n.jpg","articleSection":["Tla\u010dov\u00e9 spr\u00e1vy"],"inLanguage":"hu-HU"},{"@type":"WebPage","@id":"https:\/\/www.smedemokrati.sk\/huliak-chce-otvorit-kasina-na-velky-piatok-aj-cez-vianoce-je-to-vysmech-obcanom-a-utok-na-rodiny\/","url":"https:\/\/www.smedemokrati.sk\/huliak-chce-otvorit-kasina-na-velky-piatok-aj-cez-vianoce-je-to-vysmech-obcanom-a-utok-na-rodiny\/","name":"Huliak chce otvori\u0165 kas\u00edna na Ve\u013ek\u00fd piatok aj cez Vianoce. Je to v\u00fdsmech ob\u010danom a \u00fatok na rodiny","isPartOf":{"@id":"https:\/\/www.smedemokrati.sk\/#website"},"primaryImageOfPage":{"@id":"https:\/\/www.smedemokrati.sk\/huliak-chce-otvorit-kasina-na-velky-piatok-aj-cez-vianoce-je-to-vysmech-obcanom-a-utok-na-rodiny\/#primaryimage"},"image":{"@id":"https:\/\/www.smedemokrati.sk\/huliak-chce-otvorit-kasina-na-velky-piatok-aj-cez-vianoce-je-to-vysmech-obcanom-a-utok-na-rodiny\/#primaryimage"},"thumbnailUrl":"https:\/\/www.smedemokrati.sk\/wp-content\/uploads\/2025\/08\/537739318_1488500749246930_6479549116395047753_n.jpg","datePublished":"2025-08-25T13:35:41+00:00","dateModified":"2025-08-25T13:35:42+00:00","breadcrumb":{"@id":"https:\/\/www.smedemokrati.sk\/huliak-chce-otvorit-kasina-na-velky-piatok-aj-cez-vianoce-je-to-vysmech-obcanom-a-utok-na-rodiny\/#breadcrumb"},"inLanguage":"hu-HU","potentialAction":[{"@type":"ReadAction","target":["https:\/\/www.smedemokrati.sk\/huliak-chce-otvorit-kasina-na-velky-piatok-aj-cez-vianoce-je-to-vysmech-obcanom-a-utok-na-rodiny\/"]}]},{"@type":"ImageObject","inLanguage":"hu-HU","@id":"https:\/\/www.smedemokrati.sk\/huliak-chce-otvorit-kasina-na-velky-piatok-aj-cez-vianoce-je-to-vysmech-obcanom-a-utok-na-rodiny\/#primaryimage","url":"https:\/\/www.smedemokrati.sk\/wp-content\/uploads\/2025\/08\/537739318_1488500749246930_6479549116395047753_n.jpg","contentUrl":"https:\/\/www.smedemokrati.sk\/wp-content\/uploads\/2025\/08\/537739318_1488500749246930_6479549116395047753_n.jpg","width":1920,"height":1080},{"@type":"BreadcrumbList","@id":"https:\/\/www.smedemokrati.sk\/huliak-chce-otvorit-kasina-na-velky-piatok-aj-cez-vianoce-je-to-vysmech-obcanom-a-utok-na-rodiny\/#breadcrumb","itemListElement":[{"@type":"ListItem","position":1,"name":"Domovsk\u00e1 str\u00e1nka","item":"https:\/\/www.smedemokrati.sk\/"},{"@type":"ListItem","position":2,"name":"Huliak chce otvori\u0165 kas\u00edna na Ve\u013ek\u00fd piatok aj cez Vianoce. Je to v\u00fdsmech ob\u010danom a \u00fatok na rodiny"}]},{"@type":"WebSite","@id":"https:\/\/www.smedemokrati.sk\/#website","url":"https:\/\/www.smedemokrati.sk\/","name":"Smedemokrati.sk","description":"Demokracia a slu\u0161nos\u0165 zv\u00ed\u0165az\u00ed","publisher":{"@id":"https:\/\/www.smedemokrati.sk\/#organization"},"potentialAction":[{"@type":"SearchAction","target":{"@type":"EntryPoint","urlTemplate":"https:\/\/www.smedemokrati.sk\/?s={search_term_string}"},"query-input":{"@type":"PropertyValueSpecification","valueRequired":true,"valueName":"search_term_string"}}],"inLanguage":"hu-HU"},{"@type":"Organization","@id":"https:\/\/www.smedemokrati.sk\/#organization","name":"Smedemokrati.sk","url":"https:\/\/www.smedemokrati.sk\/","logo":{"@type":"ImageObject","inLanguage":"hu-HU","@id":"https:\/\/www.smedemokrati.sk\/#\/schema\/logo\/image\/","url":"https:\/\/www.smedemokrati.sk\/wp-content\/uploads\/2023\/04\/ff.002.jpeg","contentUrl":"https:\/\/www.smedemokrati.sk\/wp-content\/uploads\/2023\/04\/ff.002.jpeg","width":640,"height":480,"caption":"Smedemokrati.sk"},"image":{"@id":"https:\/\/www.smedemokrati.sk\/#\/schema\/logo\/image\/"},"sameAs":["https:\/\/www.facebook.com\/smedemokrati2023"]},{"@type":"Person","@id":"https:\/\/www.smedemokrati.sk\/#\/schema\/person\/21f147c88d605aa7ded900e1e7c344ba","name":"miro.sopko","image":{"@type":"ImageObject","inLanguage":"hu-HU","@id":"https:\/\/secure.gravatar.com\/avatar\/267e4a36f704376c109afe3a78740c1f5dd8675a2180a908699e7863c9247606?s=96&d=mm&r=g","url":"https:\/\/secure.gravatar.com\/avatar\/267e4a36f704376c109afe3a78740c1f5dd8675a2180a908699e7863c9247606?s=96&d=mm&r=g","contentUrl":"https:\/\/secure.gravatar.com\/avatar\/267e4a36f704376c109afe3a78740c1f5dd8675a2180a908699e7863c9247606?s=96&d=mm&r=g","caption":"miro.sopko"},"url":"https:\/\/www.smedemokrati.sk\/hu\/author\/miro-sopko\/"}]}},"_links":{"self":[{"href":"https:\/\/www.smedemokrati.sk\/hu\/wp-json\/wp\/v2\/posts\/7989","targetHints":{"allow":["GET"]}}],"collection":[{"href":"https:\/\/www.smedemokrati.sk\/hu\/wp-json\/wp\/v2\/posts"}],"about":[{"href":"https:\/\/www.smedemokrati.sk\/hu\/wp-json\/wp\/v2\/types\/post"}],"author":[{"embeddable":true,"href":"https:\/\/www.smedemokrati.sk\/hu\/wp-json\/wp\/v2\/users\/13"}],"replies":[{"embeddable":true,"href":"https:\/\/www.smedemokrati.sk\/hu\/wp-json\/wp\/v2\/comments?post=7989"}],"version-history":[{"count":1,"href":"https:\/\/www.smedemokrati.sk\/hu\/wp-json\/wp\/v2\/posts\/7989\/revisions"}],"predecessor-version":[{"id":7991,"href":"https:\/\/www.smedemokrati.sk\/hu\/wp-json\/wp\/v2\/posts\/7989\/revisions\/7991"}],"wp:featuredmedia":[{"embeddable":true,"href":"https:\/\/www.smedemokrati.sk\/hu\/wp-json\/wp\/v2\/media\/7990"}],"wp:attachment":[{"href":"https:\/\/www.smedemokrati.sk\/hu\/wp-json\/wp\/v2\/media?parent=7989"}],"wp:term":[{"taxonomy":"category","embeddable":true,"href":"https:\/\/www.smedemokrati.sk\/hu\/wp-json\/wp\/v2\/categories?post=7989"},{"taxonomy":"post_tag","embeddable":true,"href":"https:\/\/www.smedemokrati.sk\/hu\/wp-json\/wp\/v2\/tags?post=7989"}],"curies":[{"name":"wp","href":"https:\/\/api.w.org\/{rel}","templated":true}]}}