{"id":7950,"date":"2025-08-14T16:53:30","date_gmt":"2025-08-14T15:53:30","guid":{"rendered":"https:\/\/www.smedemokrati.sk\/?p=7950"},"modified":"2025-08-14T16:56:12","modified_gmt":"2025-08-14T15:56:12","slug":"premier-fico-musi-zabranit-tomu-aby-sa-jeho-stvrta-vlada-stala-tou-za-ktorej-sa-dokonci-proces-privatizacie-nasho-prirodneho-dedicstva","status":"publish","type":"post","link":"https:\/\/www.smedemokrati.sk\/hu\/premier-fico-musi-zabranit-tomu-aby-sa-jeho-stvrta-vlada-stala-tou-za-ktorej-sa-dokonci-proces-privatizacie-nasho-prirodneho-dedicstva\/","title":{"rendered":"Premi\u00e9r Fico mus\u00ed zabr\u00e1ni\u0165 tomu, aby sa jeho \u0161tvrt\u00e1 vl\u00e1da stala tou, za ktorej sa dokon\u010d\u00ed proces privatiz\u00e1cie n\u00e1\u0161ho pr\u00edrodn\u00e9ho dedi\u010dstva"},"content":{"rendered":"<div id=\"fb-root\"><\/div>\n\n<p><strong>\u201ePremi\u00e9r Fico sa dlhodobo prezentuje ako podporovate\u013e siln\u00e9ho \u0161t\u00e1tu a odporca privatiz\u00e1cie. Neviem si predstavi\u0165 siln\u00fd \u0161t\u00e1t, ktor\u00fd by si nechr\u00e1nil svoje z\u00e1kladn\u00e9 symboly. Pre m\u0148a s\u00fa to nepochybne n\u00e1rodn\u00e9 parky, a osobitne n\u00e1\u0161 najv\u00e4\u010d\u0161\u00ed a najstar\u0161\u00ed \u2013 TANAP. Napriek deklar\u00e1ci\u00e1m a pr\u00eds\u013eubom sa deje pod veden\u00edm Fica opak. Ministerstvo \u017eivotn\u00e9ho prostredia predlo\u017eilo zon\u00e1cie n\u00e1rodn\u00fdch parkov, po novom je to NAPANT, ktor\u00e9 umo\u017e\u0148uj\u00fa skryt\u00fa privatiz\u00e1ciu pozemkov v n\u00e1rodn\u00fdch parkoch, umo\u017e\u0148uj\u00fa skryt\u00fa privatiz\u00e1ciu zjazdoviek, a to takzvan\u00fdm preraden\u00edm do D z\u00f3ny. P\u00e1n premi\u00e9r, ja v\u00e1s vyz\u00fdvam, aby ste zabr\u00e1nili privatiz\u00e1cii na\u0161ich n\u00e1rodn\u00fdch parkov. Zabra\u0148te tomu, aby sa pozemky v t\u00fdchto cenn\u00fdch lokalit\u00e1ch mohli dosta\u0165 do r\u00fak developerov. Zabra\u0148te tomu, aby sa va\u0161a \u0161tvrt\u00e1 vl\u00e1da stala tou, za ktorej sa dov\u0155\u0161i proces privatiz\u00e1cie n\u00e1\u0161ho pr\u00edrodn\u00e9ho dedi\u010dstva. P\u00fdtajte sa dnes na koali\u010dnej rade ministra Tarabu, nech v\u00e1m to vysvetl\u00ed. P\u00fdtajte sa, v akom s\u00falade to bude s Pl\u00e1nom obnovy, preto\u017ee to bude v rozpore s Pl\u00e1nom obnovy. \u013dudia o\u010dak\u00e1vaj\u00fa, \u017ee na\u0161e pr\u00edrodn\u00e9 dedi\u010dstvo ochr\u00e1nite.\u201c<\/strong> vrav\u00ed MIchal Ki\u010da, enviroexpert strany.\u00a0<\/p>\n\n\n<div class=\"fb-video\" data-href=\"https:\/\/www.facebook.com\/reel\/794916236540165\" data-allowfullscreen=\"true\" data-autoplay=\"false\" data-width=\"\" data-show-text=\"false\" data-show-captions=\"true\"><\/div>\n","protected":false},"excerpt":{"rendered":"<p>\u201ePremi\u00e9r Fico sa dlhodobo prezentuje ako podporovate\u013e siln\u00e9ho \u0161t\u00e1tu a odporca privatiz\u00e1cie. Neviem si predstavi\u0165 siln\u00fd \u0161t\u00e1t, ktor\u00fd by si nechr\u00e1nil svoje z\u00e1kladn\u00e9 symboly. Pre m\u0148a s\u00fa to nepochybne n\u00e1rodn\u00e9 parky, a osobitne n\u00e1\u0161 najv\u00e4\u010d\u0161\u00ed a najstar\u0161\u00ed \u2013 TANAP. Napriek deklar\u00e1ci\u00e1m a pr\u00eds\u013eubom sa deje pod veden\u00edm Fica opak. Ministerstvo \u017eivotn\u00e9ho prostredia predlo\u017eilo zon\u00e1cie n\u00e1rodn\u00fdch [&hellip;]<\/p>\n","protected":false},"author":13,"featured_media":385,"comment_status":"closed","ping_status":"closed","sticky":false,"template":"","format":"standard","meta":{"_acf_changed":false,"ngg_post_thumbnail":0,"footnotes":""},"categories":[11],"tags":[],"class_list":["post-7950","post","type-post","status-publish","format-standard","has-post-thumbnail","hentry","category-vyhlasenia"],"acf":[],"yoast_head":"<!-- This site is optimized with the Yoast SEO plugin v27.2 - https:\/\/yoast.com\/product\/yoast-seo-wordpress\/ -->\n<title>Premi\u00e9r Fico mus\u00ed zabr\u00e1ni\u0165 tomu, aby sa jeho \u0161tvrt\u00e1 vl\u00e1da stala tou, za ktorej sa dokon\u010d\u00ed proces privatiz\u00e1cie n\u00e1\u0161ho pr\u00edrodn\u00e9ho dedi\u010dstva<\/title>\n<meta name=\"robots\" content=\"index, follow, max-snippet:-1, max-image-preview:large, max-video-preview:-1\" \/>\n<link rel=\"canonical\" href=\"https:\/\/www.smedemokrati.sk\/hu\/premier-fico-musi-zabranit-tomu-aby-sa-jeho-stvrta-vlada-stala-tou-za-ktorej-sa-dokonci-proces-privatizacie-nasho-prirodneho-dedicstva\/\" \/>\n<meta property=\"og:locale\" content=\"hu_HU\" \/>\n<meta property=\"og:locale:alternate\" content=\"en_US\" \/>\n<meta property=\"og:locale:alternate\" content=\"cs_CZ\" \/>\n<meta property=\"og:locale:alternate\" content=\"sk_SK\" \/>\n<meta property=\"og:locale:alternate\" content=\"sv_SE\" \/>\n<meta property=\"og:type\" content=\"article\" \/>\n<meta property=\"og:title\" content=\"Premi\u00e9r Fico mus\u00ed zabr\u00e1ni\u0165 tomu, aby sa jeho \u0161tvrt\u00e1 vl\u00e1da stala tou, za ktorej sa dokon\u010d\u00ed proces privatiz\u00e1cie n\u00e1\u0161ho pr\u00edrodn\u00e9ho dedi\u010dstva\" \/>\n<meta property=\"og:description\" content=\"\u201ePremi\u00e9r Fico sa dlhodobo prezentuje ako podporovate\u013e siln\u00e9ho \u0161t\u00e1tu a odporca privatiz\u00e1cie. Neviem si predstavi\u0165 siln\u00fd \u0161t\u00e1t, ktor\u00fd by si nechr\u00e1nil svoje z\u00e1kladn\u00e9 symboly. Pre m\u0148a s\u00fa to nepochybne n\u00e1rodn\u00e9 parky, a osobitne n\u00e1\u0161 najv\u00e4\u010d\u0161\u00ed a najstar\u0161\u00ed \u2013 TANAP. Napriek deklar\u00e1ci\u00e1m a pr\u00eds\u013eubom sa deje pod veden\u00edm Fica opak. Ministerstvo \u017eivotn\u00e9ho prostredia predlo\u017eilo zon\u00e1cie n\u00e1rodn\u00fdch [&hellip;]\" \/>\n<meta property=\"og:url\" content=\"https:\/\/www.smedemokrati.sk\/hu\/premier-fico-musi-zabranit-tomu-aby-sa-jeho-stvrta-vlada-stala-tou-za-ktorej-sa-dokonci-proces-privatizacie-nasho-prirodneho-dedicstva\/\" \/>\n<meta property=\"og:site_name\" content=\"Smedemokrati.sk\" \/>\n<meta property=\"article:publisher\" content=\"https:\/\/www.facebook.com\/smedemokrati2023\" \/>\n<meta property=\"article:published_time\" content=\"2025-08-14T15:53:30+00:00\" \/>\n<meta property=\"article:modified_time\" content=\"2025-08-14T15:56:12+00:00\" \/>\n<meta property=\"og:image\" content=\"https:\/\/www.smedemokrati.sk\/wp-content\/uploads\/2023\/04\/MKica.jpg\" \/>\n\t<meta property=\"og:image:width\" content=\"1520\" \/>\n\t<meta property=\"og:image:height\" content=\"1080\" \/>\n\t<meta property=\"og:image:type\" content=\"image\/jpeg\" \/>\n<meta name=\"author\" content=\"miro.sopko\" \/>\n<meta name=\"twitter:card\" content=\"summary_large_image\" \/>\n<meta name=\"twitter:label1\" content=\"Szerz\u0151:\" \/>\n\t<meta name=\"twitter:data1\" content=\"miro.sopko\" \/>\n\t<meta name=\"twitter:label2\" content=\"Becs\u00fclt olvas\u00e1si id\u0151\" \/>\n\t<meta name=\"twitter:data2\" content=\"2 perc\" \/>\n<script type=\"application\/ld+json\" class=\"yoast-schema-graph\">{\"@context\":\"https:\/\/schema.org\",\"@graph\":[{\"@type\":\"Article\",\"@id\":\"https:\/\/www.smedemokrati.sk\/premier-fico-musi-zabranit-tomu-aby-sa-jeho-stvrta-vlada-stala-tou-za-ktorej-sa-dokonci-proces-privatizacie-nasho-prirodneho-dedicstva\/#article\",\"isPartOf\":{\"@id\":\"https:\/\/www.smedemokrati.sk\/premier-fico-musi-zabranit-tomu-aby-sa-jeho-stvrta-vlada-stala-tou-za-ktorej-sa-dokonci-proces-privatizacie-nasho-prirodneho-dedicstva\/\"},\"author\":{\"name\":\"miro.sopko\",\"@id\":\"https:\/\/www.smedemokrati.sk\/#\/schema\/person\/21f147c88d605aa7ded900e1e7c344ba\"},\"headline\":\"Premi\u00e9r Fico mus\u00ed zabr\u00e1ni\u0165 tomu, aby sa jeho \u0161tvrt\u00e1 vl\u00e1da stala tou, za ktorej sa dokon\u010d\u00ed proces privatiz\u00e1cie n\u00e1\u0161ho pr\u00edrodn\u00e9ho dedi\u010dstva\",\"datePublished\":\"2025-08-14T15:53:30+00:00\",\"dateModified\":\"2025-08-14T15:56:12+00:00\",\"mainEntityOfPage\":{\"@id\":\"https:\/\/www.smedemokrati.sk\/premier-fico-musi-zabranit-tomu-aby-sa-jeho-stvrta-vlada-stala-tou-za-ktorej-sa-dokonci-proces-privatizacie-nasho-prirodneho-dedicstva\/\"},\"wordCount\":271,\"publisher\":{\"@id\":\"https:\/\/www.smedemokrati.sk\/#organization\"},\"image\":{\"@id\":\"https:\/\/www.smedemokrati.sk\/premier-fico-musi-zabranit-tomu-aby-sa-jeho-stvrta-vlada-stala-tou-za-ktorej-sa-dokonci-proces-privatizacie-nasho-prirodneho-dedicstva\/#primaryimage\"},\"thumbnailUrl\":\"https:\/\/www.smedemokrati.sk\/wp-content\/uploads\/2023\/04\/MKica.jpg\",\"articleSection\":[\"Vyhl\u00e1senia\"],\"inLanguage\":\"hu-HU\"},{\"@type\":\"WebPage\",\"@id\":\"https:\/\/www.smedemokrati.sk\/premier-fico-musi-zabranit-tomu-aby-sa-jeho-stvrta-vlada-stala-tou-za-ktorej-sa-dokonci-proces-privatizacie-nasho-prirodneho-dedicstva\/\",\"url\":\"https:\/\/www.smedemokrati.sk\/premier-fico-musi-zabranit-tomu-aby-sa-jeho-stvrta-vlada-stala-tou-za-ktorej-sa-dokonci-proces-privatizacie-nasho-prirodneho-dedicstva\/\",\"name\":\"Premi\u00e9r Fico mus\u00ed zabr\u00e1ni\u0165 tomu, aby sa jeho \u0161tvrt\u00e1 vl\u00e1da stala tou, za ktorej sa dokon\u010d\u00ed proces privatiz\u00e1cie n\u00e1\u0161ho pr\u00edrodn\u00e9ho dedi\u010dstva\",\"isPartOf\":{\"@id\":\"https:\/\/www.smedemokrati.sk\/#website\"},\"primaryImageOfPage\":{\"@id\":\"https:\/\/www.smedemokrati.sk\/premier-fico-musi-zabranit-tomu-aby-sa-jeho-stvrta-vlada-stala-tou-za-ktorej-sa-dokonci-proces-privatizacie-nasho-prirodneho-dedicstva\/#primaryimage\"},\"image\":{\"@id\":\"https:\/\/www.smedemokrati.sk\/premier-fico-musi-zabranit-tomu-aby-sa-jeho-stvrta-vlada-stala-tou-za-ktorej-sa-dokonci-proces-privatizacie-nasho-prirodneho-dedicstva\/#primaryimage\"},\"thumbnailUrl\":\"https:\/\/www.smedemokrati.sk\/wp-content\/uploads\/2023\/04\/MKica.jpg\",\"datePublished\":\"2025-08-14T15:53:30+00:00\",\"dateModified\":\"2025-08-14T15:56:12+00:00\",\"breadcrumb\":{\"@id\":\"https:\/\/www.smedemokrati.sk\/premier-fico-musi-zabranit-tomu-aby-sa-jeho-stvrta-vlada-stala-tou-za-ktorej-sa-dokonci-proces-privatizacie-nasho-prirodneho-dedicstva\/#breadcrumb\"},\"inLanguage\":\"hu-HU\",\"potentialAction\":[{\"@type\":\"ReadAction\",\"target\":[\"https:\/\/www.smedemokrati.sk\/premier-fico-musi-zabranit-tomu-aby-sa-jeho-stvrta-vlada-stala-tou-za-ktorej-sa-dokonci-proces-privatizacie-nasho-prirodneho-dedicstva\/\"]}]},{\"@type\":\"ImageObject\",\"inLanguage\":\"hu-HU\",\"@id\":\"https:\/\/www.smedemokrati.sk\/premier-fico-musi-zabranit-tomu-aby-sa-jeho-stvrta-vlada-stala-tou-za-ktorej-sa-dokonci-proces-privatizacie-nasho-prirodneho-dedicstva\/#primaryimage\",\"url\":\"https:\/\/www.smedemokrati.sk\/wp-content\/uploads\/2023\/04\/MKica.jpg\",\"contentUrl\":\"https:\/\/www.smedemokrati.sk\/wp-content\/uploads\/2023\/04\/MKica.jpg\",\"width\":1520,\"height\":1080},{\"@type\":\"BreadcrumbList\",\"@id\":\"https:\/\/www.smedemokrati.sk\/premier-fico-musi-zabranit-tomu-aby-sa-jeho-stvrta-vlada-stala-tou-za-ktorej-sa-dokonci-proces-privatizacie-nasho-prirodneho-dedicstva\/#breadcrumb\",\"itemListElement\":[{\"@type\":\"ListItem\",\"position\":1,\"name\":\"Domovsk\u00e1 str\u00e1nka\",\"item\":\"https:\/\/www.smedemokrati.sk\/\"},{\"@type\":\"ListItem\",\"position\":2,\"name\":\"Premi\u00e9r Fico mus\u00ed zabr\u00e1ni\u0165 tomu, aby sa jeho \u0161tvrt\u00e1 vl\u00e1da stala tou, za ktorej sa dokon\u010d\u00ed proces privatiz\u00e1cie n\u00e1\u0161ho pr\u00edrodn\u00e9ho dedi\u010dstva\"}]},{\"@type\":\"WebSite\",\"@id\":\"https:\/\/www.smedemokrati.sk\/#website\",\"url\":\"https:\/\/www.smedemokrati.sk\/\",\"name\":\"Smedemokrati.sk\",\"description\":\"Demokracia a slu\u0161nos\u0165 zv\u00ed\u0165az\u00ed\",\"publisher\":{\"@id\":\"https:\/\/www.smedemokrati.sk\/#organization\"},\"potentialAction\":[{\"@type\":\"SearchAction\",\"target\":{\"@type\":\"EntryPoint\",\"urlTemplate\":\"https:\/\/www.smedemokrati.sk\/?s={search_term_string}\"},\"query-input\":{\"@type\":\"PropertyValueSpecification\",\"valueRequired\":true,\"valueName\":\"search_term_string\"}}],\"inLanguage\":\"hu-HU\"},{\"@type\":\"Organization\",\"@id\":\"https:\/\/www.smedemokrati.sk\/#organization\",\"name\":\"Smedemokrati.sk\",\"url\":\"https:\/\/www.smedemokrati.sk\/\",\"logo\":{\"@type\":\"ImageObject\",\"inLanguage\":\"hu-HU\",\"@id\":\"https:\/\/www.smedemokrati.sk\/#\/schema\/logo\/image\/\",\"url\":\"https:\/\/www.smedemokrati.sk\/wp-content\/uploads\/2023\/04\/ff.002.jpeg\",\"contentUrl\":\"https:\/\/www.smedemokrati.sk\/wp-content\/uploads\/2023\/04\/ff.002.jpeg\",\"width\":640,\"height\":480,\"caption\":\"Smedemokrati.sk\"},\"image\":{\"@id\":\"https:\/\/www.smedemokrati.sk\/#\/schema\/logo\/image\/\"},\"sameAs\":[\"https:\/\/www.facebook.com\/smedemokrati2023\"]},{\"@type\":\"Person\",\"@id\":\"https:\/\/www.smedemokrati.sk\/#\/schema\/person\/21f147c88d605aa7ded900e1e7c344ba\",\"name\":\"miro.sopko\",\"image\":{\"@type\":\"ImageObject\",\"inLanguage\":\"hu-HU\",\"@id\":\"https:\/\/secure.gravatar.com\/avatar\/267e4a36f704376c109afe3a78740c1f5dd8675a2180a908699e7863c9247606?s=96&d=mm&r=g\",\"url\":\"https:\/\/secure.gravatar.com\/avatar\/267e4a36f704376c109afe3a78740c1f5dd8675a2180a908699e7863c9247606?s=96&d=mm&r=g\",\"contentUrl\":\"https:\/\/secure.gravatar.com\/avatar\/267e4a36f704376c109afe3a78740c1f5dd8675a2180a908699e7863c9247606?s=96&d=mm&r=g\",\"caption\":\"miro.sopko\"},\"url\":\"https:\/\/www.smedemokrati.sk\/hu\/author\/miro-sopko\/\"}]}<\/script>\n<!-- \/ Yoast SEO plugin. -->","yoast_head_json":{"title":"Premi\u00e9r Fico mus\u00ed zabr\u00e1ni\u0165 tomu, aby sa jeho \u0161tvrt\u00e1 vl\u00e1da stala tou, za ktorej sa dokon\u010d\u00ed proces privatiz\u00e1cie n\u00e1\u0161ho pr\u00edrodn\u00e9ho dedi\u010dstva","robots":{"index":"index","follow":"follow","max-snippet":"max-snippet:-1","max-image-preview":"max-image-preview:large","max-video-preview":"max-video-preview:-1"},"canonical":"https:\/\/www.smedemokrati.sk\/hu\/premier-fico-musi-zabranit-tomu-aby-sa-jeho-stvrta-vlada-stala-tou-za-ktorej-sa-dokonci-proces-privatizacie-nasho-prirodneho-dedicstva\/","og_locale":"hu_HU","og_type":"article","og_title":"[:sk]Premi\u00e9r Fico mus\u00ed zabr\u00e1ni\u0165 tomu, aby sa jeho \u0161tvrt\u00e1 vl\u00e1da stala tou, za ktorej sa dokon\u010d\u00ed proces privatiz\u00e1cie n\u00e1\u0161ho pr\u00edrodn\u00e9ho dedi\u010dstva[:] - Smedemokrati.sk","og_description":"\u201ePremi\u00e9r Fico sa dlhodobo prezentuje ako podporovate\u013e siln\u00e9ho \u0161t\u00e1tu a odporca privatiz\u00e1cie. Neviem si predstavi\u0165 siln\u00fd \u0161t\u00e1t, ktor\u00fd by si nechr\u00e1nil svoje z\u00e1kladn\u00e9 symboly. Pre m\u0148a s\u00fa to nepochybne n\u00e1rodn\u00e9 parky, a osobitne n\u00e1\u0161 najv\u00e4\u010d\u0161\u00ed a najstar\u0161\u00ed \u2013 TANAP. Napriek deklar\u00e1ci\u00e1m a pr\u00eds\u013eubom sa deje pod veden\u00edm Fica opak. Ministerstvo \u017eivotn\u00e9ho prostredia predlo\u017eilo zon\u00e1cie n\u00e1rodn\u00fdch [&hellip;]","og_url":"https:\/\/www.smedemokrati.sk\/hu\/premier-fico-musi-zabranit-tomu-aby-sa-jeho-stvrta-vlada-stala-tou-za-ktorej-sa-dokonci-proces-privatizacie-nasho-prirodneho-dedicstva\/","og_site_name":"Smedemokrati.sk","article_publisher":"https:\/\/www.facebook.com\/smedemokrati2023","article_published_time":"2025-08-14T15:53:30+00:00","article_modified_time":"2025-08-14T15:56:12+00:00","og_image":[{"width":1520,"height":1080,"url":"https:\/\/www.smedemokrati.sk\/wp-content\/uploads\/2023\/04\/MKica.jpg","type":"image\/jpeg"}],"author":"miro.sopko","twitter_card":"summary_large_image","twitter_misc":{"Szerz\u0151:":"miro.sopko","Becs\u00fclt olvas\u00e1si id\u0151":"2 perc"},"schema":{"@context":"https:\/\/schema.org","@graph":[{"@type":"Article","@id":"https:\/\/www.smedemokrati.sk\/premier-fico-musi-zabranit-tomu-aby-sa-jeho-stvrta-vlada-stala-tou-za-ktorej-sa-dokonci-proces-privatizacie-nasho-prirodneho-dedicstva\/#article","isPartOf":{"@id":"https:\/\/www.smedemokrati.sk\/premier-fico-musi-zabranit-tomu-aby-sa-jeho-stvrta-vlada-stala-tou-za-ktorej-sa-dokonci-proces-privatizacie-nasho-prirodneho-dedicstva\/"},"author":{"name":"miro.sopko","@id":"https:\/\/www.smedemokrati.sk\/#\/schema\/person\/21f147c88d605aa7ded900e1e7c344ba"},"headline":"Premi\u00e9r Fico mus\u00ed zabr\u00e1ni\u0165 tomu, aby sa jeho \u0161tvrt\u00e1 vl\u00e1da stala tou, za ktorej sa dokon\u010d\u00ed proces privatiz\u00e1cie n\u00e1\u0161ho pr\u00edrodn\u00e9ho dedi\u010dstva","datePublished":"2025-08-14T15:53:30+00:00","dateModified":"2025-08-14T15:56:12+00:00","mainEntityOfPage":{"@id":"https:\/\/www.smedemokrati.sk\/premier-fico-musi-zabranit-tomu-aby-sa-jeho-stvrta-vlada-stala-tou-za-ktorej-sa-dokonci-proces-privatizacie-nasho-prirodneho-dedicstva\/"},"wordCount":271,"publisher":{"@id":"https:\/\/www.smedemokrati.sk\/#organization"},"image":{"@id":"https:\/\/www.smedemokrati.sk\/premier-fico-musi-zabranit-tomu-aby-sa-jeho-stvrta-vlada-stala-tou-za-ktorej-sa-dokonci-proces-privatizacie-nasho-prirodneho-dedicstva\/#primaryimage"},"thumbnailUrl":"https:\/\/www.smedemokrati.sk\/wp-content\/uploads\/2023\/04\/MKica.jpg","articleSection":["Vyhl\u00e1senia"],"inLanguage":"hu-HU"},{"@type":"WebPage","@id":"https:\/\/www.smedemokrati.sk\/premier-fico-musi-zabranit-tomu-aby-sa-jeho-stvrta-vlada-stala-tou-za-ktorej-sa-dokonci-proces-privatizacie-nasho-prirodneho-dedicstva\/","url":"https:\/\/www.smedemokrati.sk\/premier-fico-musi-zabranit-tomu-aby-sa-jeho-stvrta-vlada-stala-tou-za-ktorej-sa-dokonci-proces-privatizacie-nasho-prirodneho-dedicstva\/","name":"Premi\u00e9r Fico mus\u00ed zabr\u00e1ni\u0165 tomu, aby sa jeho \u0161tvrt\u00e1 vl\u00e1da stala tou, za ktorej sa dokon\u010d\u00ed proces privatiz\u00e1cie n\u00e1\u0161ho pr\u00edrodn\u00e9ho dedi\u010dstva","isPartOf":{"@id":"https:\/\/www.smedemokrati.sk\/#website"},"primaryImageOfPage":{"@id":"https:\/\/www.smedemokrati.sk\/premier-fico-musi-zabranit-tomu-aby-sa-jeho-stvrta-vlada-stala-tou-za-ktorej-sa-dokonci-proces-privatizacie-nasho-prirodneho-dedicstva\/#primaryimage"},"image":{"@id":"https:\/\/www.smedemokrati.sk\/premier-fico-musi-zabranit-tomu-aby-sa-jeho-stvrta-vlada-stala-tou-za-ktorej-sa-dokonci-proces-privatizacie-nasho-prirodneho-dedicstva\/#primaryimage"},"thumbnailUrl":"https:\/\/www.smedemokrati.sk\/wp-content\/uploads\/2023\/04\/MKica.jpg","datePublished":"2025-08-14T15:53:30+00:00","dateModified":"2025-08-14T15:56:12+00:00","breadcrumb":{"@id":"https:\/\/www.smedemokrati.sk\/premier-fico-musi-zabranit-tomu-aby-sa-jeho-stvrta-vlada-stala-tou-za-ktorej-sa-dokonci-proces-privatizacie-nasho-prirodneho-dedicstva\/#breadcrumb"},"inLanguage":"hu-HU","potentialAction":[{"@type":"ReadAction","target":["https:\/\/www.smedemokrati.sk\/premier-fico-musi-zabranit-tomu-aby-sa-jeho-stvrta-vlada-stala-tou-za-ktorej-sa-dokonci-proces-privatizacie-nasho-prirodneho-dedicstva\/"]}]},{"@type":"ImageObject","inLanguage":"hu-HU","@id":"https:\/\/www.smedemokrati.sk\/premier-fico-musi-zabranit-tomu-aby-sa-jeho-stvrta-vlada-stala-tou-za-ktorej-sa-dokonci-proces-privatizacie-nasho-prirodneho-dedicstva\/#primaryimage","url":"https:\/\/www.smedemokrati.sk\/wp-content\/uploads\/2023\/04\/MKica.jpg","contentUrl":"https:\/\/www.smedemokrati.sk\/wp-content\/uploads\/2023\/04\/MKica.jpg","width":1520,"height":1080},{"@type":"BreadcrumbList","@id":"https:\/\/www.smedemokrati.sk\/premier-fico-musi-zabranit-tomu-aby-sa-jeho-stvrta-vlada-stala-tou-za-ktorej-sa-dokonci-proces-privatizacie-nasho-prirodneho-dedicstva\/#breadcrumb","itemListElement":[{"@type":"ListItem","position":1,"name":"Domovsk\u00e1 str\u00e1nka","item":"https:\/\/www.smedemokrati.sk\/"},{"@type":"ListItem","position":2,"name":"Premi\u00e9r Fico mus\u00ed zabr\u00e1ni\u0165 tomu, aby sa jeho \u0161tvrt\u00e1 vl\u00e1da stala tou, za ktorej sa dokon\u010d\u00ed proces privatiz\u00e1cie n\u00e1\u0161ho pr\u00edrodn\u00e9ho dedi\u010dstva"}]},{"@type":"WebSite","@id":"https:\/\/www.smedemokrati.sk\/#website","url":"https:\/\/www.smedemokrati.sk\/","name":"Smedemokrati.sk","description":"Demokracia a slu\u0161nos\u0165 zv\u00ed\u0165az\u00ed","publisher":{"@id":"https:\/\/www.smedemokrati.sk\/#organization"},"potentialAction":[{"@type":"SearchAction","target":{"@type":"EntryPoint","urlTemplate":"https:\/\/www.smedemokrati.sk\/?s={search_term_string}"},"query-input":{"@type":"PropertyValueSpecification","valueRequired":true,"valueName":"search_term_string"}}],"inLanguage":"hu-HU"},{"@type":"Organization","@id":"https:\/\/www.smedemokrati.sk\/#organization","name":"Smedemokrati.sk","url":"https:\/\/www.smedemokrati.sk\/","logo":{"@type":"ImageObject","inLanguage":"hu-HU","@id":"https:\/\/www.smedemokrati.sk\/#\/schema\/logo\/image\/","url":"https:\/\/www.smedemokrati.sk\/wp-content\/uploads\/2023\/04\/ff.002.jpeg","contentUrl":"https:\/\/www.smedemokrati.sk\/wp-content\/uploads\/2023\/04\/ff.002.jpeg","width":640,"height":480,"caption":"Smedemokrati.sk"},"image":{"@id":"https:\/\/www.smedemokrati.sk\/#\/schema\/logo\/image\/"},"sameAs":["https:\/\/www.facebook.com\/smedemokrati2023"]},{"@type":"Person","@id":"https:\/\/www.smedemokrati.sk\/#\/schema\/person\/21f147c88d605aa7ded900e1e7c344ba","name":"miro.sopko","image":{"@type":"ImageObject","inLanguage":"hu-HU","@id":"https:\/\/secure.gravatar.com\/avatar\/267e4a36f704376c109afe3a78740c1f5dd8675a2180a908699e7863c9247606?s=96&d=mm&r=g","url":"https:\/\/secure.gravatar.com\/avatar\/267e4a36f704376c109afe3a78740c1f5dd8675a2180a908699e7863c9247606?s=96&d=mm&r=g","contentUrl":"https:\/\/secure.gravatar.com\/avatar\/267e4a36f704376c109afe3a78740c1f5dd8675a2180a908699e7863c9247606?s=96&d=mm&r=g","caption":"miro.sopko"},"url":"https:\/\/www.smedemokrati.sk\/hu\/author\/miro-sopko\/"}]}},"_links":{"self":[{"href":"https:\/\/www.smedemokrati.sk\/hu\/wp-json\/wp\/v2\/posts\/7950","targetHints":{"allow":["GET"]}}],"collection":[{"href":"https:\/\/www.smedemokrati.sk\/hu\/wp-json\/wp\/v2\/posts"}],"about":[{"href":"https:\/\/www.smedemokrati.sk\/hu\/wp-json\/wp\/v2\/types\/post"}],"author":[{"embeddable":true,"href":"https:\/\/www.smedemokrati.sk\/hu\/wp-json\/wp\/v2\/users\/13"}],"replies":[{"embeddable":true,"href":"https:\/\/www.smedemokrati.sk\/hu\/wp-json\/wp\/v2\/comments?post=7950"}],"version-history":[{"count":2,"href":"https:\/\/www.smedemokrati.sk\/hu\/wp-json\/wp\/v2\/posts\/7950\/revisions"}],"predecessor-version":[{"id":7952,"href":"https:\/\/www.smedemokrati.sk\/hu\/wp-json\/wp\/v2\/posts\/7950\/revisions\/7952"}],"wp:featuredmedia":[{"embeddable":true,"href":"https:\/\/www.smedemokrati.sk\/hu\/wp-json\/wp\/v2\/media\/385"}],"wp:attachment":[{"href":"https:\/\/www.smedemokrati.sk\/hu\/wp-json\/wp\/v2\/media?parent=7950"}],"wp:term":[{"taxonomy":"category","embeddable":true,"href":"https:\/\/www.smedemokrati.sk\/hu\/wp-json\/wp\/v2\/categories?post=7950"},{"taxonomy":"post_tag","embeddable":true,"href":"https:\/\/www.smedemokrati.sk\/hu\/wp-json\/wp\/v2\/tags?post=7950"}],"curies":[{"name":"wp","href":"https:\/\/api.w.org\/{rel}","templated":true}]}}