{"id":7937,"date":"2025-08-13T11:55:37","date_gmt":"2025-08-13T10:55:37","guid":{"rendered":"https:\/\/www.smedemokrati.sk\/?p=7937"},"modified":"2025-08-13T11:55:38","modified_gmt":"2025-08-13T10:55:38","slug":"sasko-je-dovodne-podozrivy-ze-kryje-tender","status":"publish","type":"post","link":"https:\/\/www.smedemokrati.sk\/hu\/sasko-je-dovodne-podozrivy-ze-kryje-tender\/","title":{"rendered":"\u0160a\u0161ko je d\u00f4vodne podozriv\u00fd, \u017ee kryje tender!"},"content":{"rendered":"<div id=\"fb-root\"><\/div>\n\n<p><strong>Pod\u013ea Demokratov s\u00fa podozrenia v\u00a0kauze Z\u00e1chrankov\u00e9ho tendra o\u00a0prepojen\u00ed v\u00ed\u0165azov na HLAS-SD a\u00a0podozrenia z manipul\u00e1cie vo verejnom obstar\u00e1van\u00ed tak v\u00e1\u017ene, \u017ee minister zdravotn\u00edctva \u0160a\u0161ko by mal okam\u017eite vyvodi\u0165 politick\u00fa zodpovednos\u0165 a odst\u00fapi\u0165.<\/strong><\/p>\n\n\n\n<p>\u201eNavy\u0161e, je tu \u010fal\u0161ie v\u00e1\u017ene podozrenie, \u017ee \u0160a\u0161ko klamal o&nbsp;zru\u0161en\u00ed tendra, lebo jeho ofici\u00e1lne v\u00fdsledky u\u017e boli z&nbsp;Opera\u010dn\u00e9ho strediska ZZS doru\u010den\u00e9 Ministerstvu zdravotn\u00edctva SR. To znamen\u00e1, \u017ee tender je dokon\u010den\u00fd, ale nie je zru\u0161en\u00fd,\u201c vysvet\u013euje Viliam Novotn\u00fd, expert Demokratov pre zdravotn\u00edctvo.<\/p>\n\n\n\n<p>\u201eVyz\u00fdvame ministra \u0160a\u0161ka, aby sa prestal skr\u00fdva\u0165 za neochotu poslancov vl\u00e1dnej koal\u00edcie pr\u00eds\u0165 na jeho odvol\u00e1vanie do parlamentu a&nbsp;okam\u017eite podal demisiu,\u201c&nbsp;&nbsp;hovor\u00ed Juraj \u0160eliga, podpredseda Demokratov. Pod\u013ea neho je odchod \u0160a\u0161ka jedin\u00e1 mo\u017enos\u0165, aby verejnos\u0165 mohla v\u00f4bec d\u00f4verova\u0165 transparentnosti s\u013eubovan\u00e9ho nov\u00e9ho tendra na z\u00e1chranky.<\/p>\n\n\n\n<p>\u201e\u0160a\u0161ko je d\u00f4vodne podozriv\u00fd, \u017ee kryje k\u0161eft za 2 miliardy eur a&nbsp;hr\u00e1 o&nbsp;\u010das so zru\u0161en\u00edm s\u00fa\u010dasn\u00e9ho tendra. Jeho okam\u017eit\u00fd odchod, zru\u0161enie tendra nov\u00fdm ministrom zdravotn\u00edctva a&nbsp;nov\u00fd tender za transparentn\u00fdch podmienok je jedin\u00fdm rie\u0161en\u00edm tejto kauzy,\u201c dod\u00e1va Viliam Novotn\u00fd.<\/p>\n\n\n\n<p>Demokrati z\u00e1rove\u0148 \u017eiadaj\u00fa premi\u00e9ra Fica, pre ktor\u00e9ho sa dvojmiliardov\u00fd z\u00e1chrankov\u00fd tender stal \u201epremi\u00e9rskou t\u00e9mou v&nbsp;zdravotn\u00edctve\u201c, aby nedovolil \u0160a\u0161kovi zameta\u0165 stopy pod koberec, ale aby trval na odchode ministra a&nbsp;novom tendri.<\/p>\n","protected":false},"excerpt":{"rendered":"<p>Pod\u013ea Demokratov s\u00fa podozrenia v\u00a0kauze Z\u00e1chrankov\u00e9ho tendra o\u00a0prepojen\u00ed v\u00ed\u0165azov na HLAS-SD a\u00a0podozrenia z manipul\u00e1cie vo verejnom obstar\u00e1van\u00ed tak v\u00e1\u017ene, \u017ee minister zdravotn\u00edctva \u0160a\u0161ko by mal okam\u017eite vyvodi\u0165 politick\u00fa zodpovednos\u0165 a odst\u00fapi\u0165. \u201eNavy\u0161e, je tu \u010fal\u0161ie v\u00e1\u017ene podozrenie, \u017ee \u0160a\u0161ko klamal o&nbsp;zru\u0161en\u00ed tendra, lebo jeho ofici\u00e1lne v\u00fdsledky u\u017e boli z&nbsp;Opera\u010dn\u00e9ho strediska ZZS doru\u010den\u00e9 Ministerstvu zdravotn\u00edctva SR. [&hellip;]<\/p>\n","protected":false},"author":13,"featured_media":7939,"comment_status":"closed","ping_status":"closed","sticky":false,"template":"","format":"standard","meta":{"_acf_changed":false,"ngg_post_thumbnail":0,"footnotes":""},"categories":[4],"tags":[],"class_list":["post-7937","post","type-post","status-publish","format-standard","has-post-thumbnail","hentry","category-tlacove-spravy"],"acf":[],"yoast_head":"<!-- This site is optimized with the Yoast SEO plugin v27.2 - https:\/\/yoast.com\/product\/yoast-seo-wordpress\/ -->\n<title>\u0160a\u0161ko je d\u00f4vodne podozriv\u00fd, \u017ee kryje tender!<\/title>\n<meta name=\"robots\" content=\"index, follow, max-snippet:-1, max-image-preview:large, max-video-preview:-1\" \/>\n<link rel=\"canonical\" href=\"https:\/\/www.smedemokrati.sk\/hu\/sasko-je-dovodne-podozrivy-ze-kryje-tender\/\" \/>\n<meta property=\"og:locale\" content=\"hu_HU\" \/>\n<meta property=\"og:locale:alternate\" content=\"en_US\" \/>\n<meta property=\"og:locale:alternate\" content=\"cs_CZ\" \/>\n<meta property=\"og:locale:alternate\" content=\"sk_SK\" \/>\n<meta property=\"og:locale:alternate\" content=\"sv_SE\" \/>\n<meta property=\"og:type\" content=\"article\" \/>\n<meta property=\"og:title\" content=\"\u0160a\u0161ko je d\u00f4vodne podozriv\u00fd, \u017ee kryje tender!\" \/>\n<meta property=\"og:description\" content=\"Pod\u013ea Demokratov s\u00fa podozrenia v\u00a0kauze Z\u00e1chrankov\u00e9ho tendra o\u00a0prepojen\u00ed v\u00ed\u0165azov na HLAS-SD a\u00a0podozrenia z manipul\u00e1cie vo verejnom obstar\u00e1van\u00ed tak v\u00e1\u017ene, \u017ee minister zdravotn\u00edctva \u0160a\u0161ko by mal okam\u017eite vyvodi\u0165 politick\u00fa zodpovednos\u0165 a odst\u00fapi\u0165. \u201eNavy\u0161e, je tu \u010fal\u0161ie v\u00e1\u017ene podozrenie, \u017ee \u0160a\u0161ko klamal o&nbsp;zru\u0161en\u00ed tendra, lebo jeho ofici\u00e1lne v\u00fdsledky u\u017e boli z&nbsp;Opera\u010dn\u00e9ho strediska ZZS doru\u010den\u00e9 Ministerstvu zdravotn\u00edctva SR. [&hellip;]\" \/>\n<meta property=\"og:url\" content=\"https:\/\/www.smedemokrati.sk\/hu\/sasko-je-dovodne-podozrivy-ze-kryje-tender\/\" \/>\n<meta property=\"og:site_name\" content=\"Smedemokrati.sk\" \/>\n<meta property=\"article:publisher\" content=\"https:\/\/www.facebook.com\/smedemokrati2023\" \/>\n<meta property=\"article:published_time\" content=\"2025-08-13T10:55:37+00:00\" \/>\n<meta property=\"article:modified_time\" content=\"2025-08-13T10:55:38+00:00\" \/>\n<meta property=\"og:image\" content=\"https:\/\/www.smedemokrati.sk\/wp-content\/uploads\/2025\/08\/sasko.jpg\" \/>\n\t<meta property=\"og:image:width\" content=\"1119\" \/>\n\t<meta property=\"og:image:height\" content=\"727\" \/>\n\t<meta property=\"og:image:type\" content=\"image\/jpeg\" \/>\n<meta name=\"author\" content=\"miro.sopko\" \/>\n<meta name=\"twitter:card\" content=\"summary_large_image\" \/>\n<meta name=\"twitter:label1\" content=\"Szerz\u0151:\" \/>\n\t<meta name=\"twitter:data1\" content=\"miro.sopko\" \/>\n\t<meta name=\"twitter:label2\" content=\"Becs\u00fclt olvas\u00e1si id\u0151\" \/>\n\t<meta name=\"twitter:data2\" content=\"2 perc\" \/>\n<script type=\"application\/ld+json\" class=\"yoast-schema-graph\">{\"@context\":\"https:\/\/schema.org\",\"@graph\":[{\"@type\":\"Article\",\"@id\":\"https:\/\/www.smedemokrati.sk\/sasko-je-dovodne-podozrivy-ze-kryje-tender\/#article\",\"isPartOf\":{\"@id\":\"https:\/\/www.smedemokrati.sk\/sasko-je-dovodne-podozrivy-ze-kryje-tender\/\"},\"author\":{\"name\":\"miro.sopko\",\"@id\":\"https:\/\/www.smedemokrati.sk\/#\/schema\/person\/21f147c88d605aa7ded900e1e7c344ba\"},\"headline\":\"\u0160a\u0161ko je d\u00f4vodne podozriv\u00fd, \u017ee kryje tender!\",\"datePublished\":\"2025-08-13T10:55:37+00:00\",\"dateModified\":\"2025-08-13T10:55:38+00:00\",\"mainEntityOfPage\":{\"@id\":\"https:\/\/www.smedemokrati.sk\/sasko-je-dovodne-podozrivy-ze-kryje-tender\/\"},\"wordCount\":282,\"publisher\":{\"@id\":\"https:\/\/www.smedemokrati.sk\/#organization\"},\"image\":{\"@id\":\"https:\/\/www.smedemokrati.sk\/sasko-je-dovodne-podozrivy-ze-kryje-tender\/#primaryimage\"},\"thumbnailUrl\":\"https:\/\/www.smedemokrati.sk\/wp-content\/uploads\/2025\/08\/sasko.jpg\",\"articleSection\":[\"Tla\u010dov\u00e9 spr\u00e1vy\"],\"inLanguage\":\"hu-HU\"},{\"@type\":\"WebPage\",\"@id\":\"https:\/\/www.smedemokrati.sk\/sasko-je-dovodne-podozrivy-ze-kryje-tender\/\",\"url\":\"https:\/\/www.smedemokrati.sk\/sasko-je-dovodne-podozrivy-ze-kryje-tender\/\",\"name\":\"\u0160a\u0161ko je d\u00f4vodne podozriv\u00fd, \u017ee kryje tender!\",\"isPartOf\":{\"@id\":\"https:\/\/www.smedemokrati.sk\/#website\"},\"primaryImageOfPage\":{\"@id\":\"https:\/\/www.smedemokrati.sk\/sasko-je-dovodne-podozrivy-ze-kryje-tender\/#primaryimage\"},\"image\":{\"@id\":\"https:\/\/www.smedemokrati.sk\/sasko-je-dovodne-podozrivy-ze-kryje-tender\/#primaryimage\"},\"thumbnailUrl\":\"https:\/\/www.smedemokrati.sk\/wp-content\/uploads\/2025\/08\/sasko.jpg\",\"datePublished\":\"2025-08-13T10:55:37+00:00\",\"dateModified\":\"2025-08-13T10:55:38+00:00\",\"breadcrumb\":{\"@id\":\"https:\/\/www.smedemokrati.sk\/sasko-je-dovodne-podozrivy-ze-kryje-tender\/#breadcrumb\"},\"inLanguage\":\"hu-HU\",\"potentialAction\":[{\"@type\":\"ReadAction\",\"target\":[\"https:\/\/www.smedemokrati.sk\/sasko-je-dovodne-podozrivy-ze-kryje-tender\/\"]}]},{\"@type\":\"ImageObject\",\"inLanguage\":\"hu-HU\",\"@id\":\"https:\/\/www.smedemokrati.sk\/sasko-je-dovodne-podozrivy-ze-kryje-tender\/#primaryimage\",\"url\":\"https:\/\/www.smedemokrati.sk\/wp-content\/uploads\/2025\/08\/sasko.jpg\",\"contentUrl\":\"https:\/\/www.smedemokrati.sk\/wp-content\/uploads\/2025\/08\/sasko.jpg\",\"width\":1119,\"height\":727},{\"@type\":\"BreadcrumbList\",\"@id\":\"https:\/\/www.smedemokrati.sk\/sasko-je-dovodne-podozrivy-ze-kryje-tender\/#breadcrumb\",\"itemListElement\":[{\"@type\":\"ListItem\",\"position\":1,\"name\":\"Domovsk\u00e1 str\u00e1nka\",\"item\":\"https:\/\/www.smedemokrati.sk\/\"},{\"@type\":\"ListItem\",\"position\":2,\"name\":\"\u0160a\u0161ko je d\u00f4vodne podozriv\u00fd, \u017ee kryje tender!\"}]},{\"@type\":\"WebSite\",\"@id\":\"https:\/\/www.smedemokrati.sk\/#website\",\"url\":\"https:\/\/www.smedemokrati.sk\/\",\"name\":\"Smedemokrati.sk\",\"description\":\"Demokracia a slu\u0161nos\u0165 zv\u00ed\u0165az\u00ed\",\"publisher\":{\"@id\":\"https:\/\/www.smedemokrati.sk\/#organization\"},\"potentialAction\":[{\"@type\":\"SearchAction\",\"target\":{\"@type\":\"EntryPoint\",\"urlTemplate\":\"https:\/\/www.smedemokrati.sk\/?s={search_term_string}\"},\"query-input\":{\"@type\":\"PropertyValueSpecification\",\"valueRequired\":true,\"valueName\":\"search_term_string\"}}],\"inLanguage\":\"hu-HU\"},{\"@type\":\"Organization\",\"@id\":\"https:\/\/www.smedemokrati.sk\/#organization\",\"name\":\"Smedemokrati.sk\",\"url\":\"https:\/\/www.smedemokrati.sk\/\",\"logo\":{\"@type\":\"ImageObject\",\"inLanguage\":\"hu-HU\",\"@id\":\"https:\/\/www.smedemokrati.sk\/#\/schema\/logo\/image\/\",\"url\":\"https:\/\/www.smedemokrati.sk\/wp-content\/uploads\/2023\/04\/ff.002.jpeg\",\"contentUrl\":\"https:\/\/www.smedemokrati.sk\/wp-content\/uploads\/2023\/04\/ff.002.jpeg\",\"width\":640,\"height\":480,\"caption\":\"Smedemokrati.sk\"},\"image\":{\"@id\":\"https:\/\/www.smedemokrati.sk\/#\/schema\/logo\/image\/\"},\"sameAs\":[\"https:\/\/www.facebook.com\/smedemokrati2023\"]},{\"@type\":\"Person\",\"@id\":\"https:\/\/www.smedemokrati.sk\/#\/schema\/person\/21f147c88d605aa7ded900e1e7c344ba\",\"name\":\"miro.sopko\",\"image\":{\"@type\":\"ImageObject\",\"inLanguage\":\"hu-HU\",\"@id\":\"https:\/\/secure.gravatar.com\/avatar\/267e4a36f704376c109afe3a78740c1f5dd8675a2180a908699e7863c9247606?s=96&d=mm&r=g\",\"url\":\"https:\/\/secure.gravatar.com\/avatar\/267e4a36f704376c109afe3a78740c1f5dd8675a2180a908699e7863c9247606?s=96&d=mm&r=g\",\"contentUrl\":\"https:\/\/secure.gravatar.com\/avatar\/267e4a36f704376c109afe3a78740c1f5dd8675a2180a908699e7863c9247606?s=96&d=mm&r=g\",\"caption\":\"miro.sopko\"},\"url\":\"https:\/\/www.smedemokrati.sk\/hu\/author\/miro-sopko\/\"}]}<\/script>\n<!-- \/ Yoast SEO plugin. -->","yoast_head_json":{"title":"\u0160a\u0161ko je d\u00f4vodne podozriv\u00fd, \u017ee kryje tender!","robots":{"index":"index","follow":"follow","max-snippet":"max-snippet:-1","max-image-preview":"max-image-preview:large","max-video-preview":"max-video-preview:-1"},"canonical":"https:\/\/www.smedemokrati.sk\/hu\/sasko-je-dovodne-podozrivy-ze-kryje-tender\/","og_locale":"hu_HU","og_type":"article","og_title":"[:sk]\u0160a\u0161ko je d\u00f4vodne podozriv\u00fd, \u017ee kryje tender![:] - Smedemokrati.sk","og_description":"Pod\u013ea Demokratov s\u00fa podozrenia v\u00a0kauze Z\u00e1chrankov\u00e9ho tendra o\u00a0prepojen\u00ed v\u00ed\u0165azov na HLAS-SD a\u00a0podozrenia z manipul\u00e1cie vo verejnom obstar\u00e1van\u00ed tak v\u00e1\u017ene, \u017ee minister zdravotn\u00edctva \u0160a\u0161ko by mal okam\u017eite vyvodi\u0165 politick\u00fa zodpovednos\u0165 a odst\u00fapi\u0165. \u201eNavy\u0161e, je tu \u010fal\u0161ie v\u00e1\u017ene podozrenie, \u017ee \u0160a\u0161ko klamal o&nbsp;zru\u0161en\u00ed tendra, lebo jeho ofici\u00e1lne v\u00fdsledky u\u017e boli z&nbsp;Opera\u010dn\u00e9ho strediska ZZS doru\u010den\u00e9 Ministerstvu zdravotn\u00edctva SR. [&hellip;]","og_url":"https:\/\/www.smedemokrati.sk\/hu\/sasko-je-dovodne-podozrivy-ze-kryje-tender\/","og_site_name":"Smedemokrati.sk","article_publisher":"https:\/\/www.facebook.com\/smedemokrati2023","article_published_time":"2025-08-13T10:55:37+00:00","article_modified_time":"2025-08-13T10:55:38+00:00","og_image":[{"width":1119,"height":727,"url":"https:\/\/www.smedemokrati.sk\/wp-content\/uploads\/2025\/08\/sasko.jpg","type":"image\/jpeg"}],"author":"miro.sopko","twitter_card":"summary_large_image","twitter_misc":{"Szerz\u0151:":"miro.sopko","Becs\u00fclt olvas\u00e1si id\u0151":"2 perc"},"schema":{"@context":"https:\/\/schema.org","@graph":[{"@type":"Article","@id":"https:\/\/www.smedemokrati.sk\/sasko-je-dovodne-podozrivy-ze-kryje-tender\/#article","isPartOf":{"@id":"https:\/\/www.smedemokrati.sk\/sasko-je-dovodne-podozrivy-ze-kryje-tender\/"},"author":{"name":"miro.sopko","@id":"https:\/\/www.smedemokrati.sk\/#\/schema\/person\/21f147c88d605aa7ded900e1e7c344ba"},"headline":"\u0160a\u0161ko je d\u00f4vodne podozriv\u00fd, \u017ee kryje tender!","datePublished":"2025-08-13T10:55:37+00:00","dateModified":"2025-08-13T10:55:38+00:00","mainEntityOfPage":{"@id":"https:\/\/www.smedemokrati.sk\/sasko-je-dovodne-podozrivy-ze-kryje-tender\/"},"wordCount":282,"publisher":{"@id":"https:\/\/www.smedemokrati.sk\/#organization"},"image":{"@id":"https:\/\/www.smedemokrati.sk\/sasko-je-dovodne-podozrivy-ze-kryje-tender\/#primaryimage"},"thumbnailUrl":"https:\/\/www.smedemokrati.sk\/wp-content\/uploads\/2025\/08\/sasko.jpg","articleSection":["Tla\u010dov\u00e9 spr\u00e1vy"],"inLanguage":"hu-HU"},{"@type":"WebPage","@id":"https:\/\/www.smedemokrati.sk\/sasko-je-dovodne-podozrivy-ze-kryje-tender\/","url":"https:\/\/www.smedemokrati.sk\/sasko-je-dovodne-podozrivy-ze-kryje-tender\/","name":"\u0160a\u0161ko je d\u00f4vodne podozriv\u00fd, \u017ee kryje tender!","isPartOf":{"@id":"https:\/\/www.smedemokrati.sk\/#website"},"primaryImageOfPage":{"@id":"https:\/\/www.smedemokrati.sk\/sasko-je-dovodne-podozrivy-ze-kryje-tender\/#primaryimage"},"image":{"@id":"https:\/\/www.smedemokrati.sk\/sasko-je-dovodne-podozrivy-ze-kryje-tender\/#primaryimage"},"thumbnailUrl":"https:\/\/www.smedemokrati.sk\/wp-content\/uploads\/2025\/08\/sasko.jpg","datePublished":"2025-08-13T10:55:37+00:00","dateModified":"2025-08-13T10:55:38+00:00","breadcrumb":{"@id":"https:\/\/www.smedemokrati.sk\/sasko-je-dovodne-podozrivy-ze-kryje-tender\/#breadcrumb"},"inLanguage":"hu-HU","potentialAction":[{"@type":"ReadAction","target":["https:\/\/www.smedemokrati.sk\/sasko-je-dovodne-podozrivy-ze-kryje-tender\/"]}]},{"@type":"ImageObject","inLanguage":"hu-HU","@id":"https:\/\/www.smedemokrati.sk\/sasko-je-dovodne-podozrivy-ze-kryje-tender\/#primaryimage","url":"https:\/\/www.smedemokrati.sk\/wp-content\/uploads\/2025\/08\/sasko.jpg","contentUrl":"https:\/\/www.smedemokrati.sk\/wp-content\/uploads\/2025\/08\/sasko.jpg","width":1119,"height":727},{"@type":"BreadcrumbList","@id":"https:\/\/www.smedemokrati.sk\/sasko-je-dovodne-podozrivy-ze-kryje-tender\/#breadcrumb","itemListElement":[{"@type":"ListItem","position":1,"name":"Domovsk\u00e1 str\u00e1nka","item":"https:\/\/www.smedemokrati.sk\/"},{"@type":"ListItem","position":2,"name":"\u0160a\u0161ko je d\u00f4vodne podozriv\u00fd, \u017ee kryje tender!"}]},{"@type":"WebSite","@id":"https:\/\/www.smedemokrati.sk\/#website","url":"https:\/\/www.smedemokrati.sk\/","name":"Smedemokrati.sk","description":"Demokracia a slu\u0161nos\u0165 zv\u00ed\u0165az\u00ed","publisher":{"@id":"https:\/\/www.smedemokrati.sk\/#organization"},"potentialAction":[{"@type":"SearchAction","target":{"@type":"EntryPoint","urlTemplate":"https:\/\/www.smedemokrati.sk\/?s={search_term_string}"},"query-input":{"@type":"PropertyValueSpecification","valueRequired":true,"valueName":"search_term_string"}}],"inLanguage":"hu-HU"},{"@type":"Organization","@id":"https:\/\/www.smedemokrati.sk\/#organization","name":"Smedemokrati.sk","url":"https:\/\/www.smedemokrati.sk\/","logo":{"@type":"ImageObject","inLanguage":"hu-HU","@id":"https:\/\/www.smedemokrati.sk\/#\/schema\/logo\/image\/","url":"https:\/\/www.smedemokrati.sk\/wp-content\/uploads\/2023\/04\/ff.002.jpeg","contentUrl":"https:\/\/www.smedemokrati.sk\/wp-content\/uploads\/2023\/04\/ff.002.jpeg","width":640,"height":480,"caption":"Smedemokrati.sk"},"image":{"@id":"https:\/\/www.smedemokrati.sk\/#\/schema\/logo\/image\/"},"sameAs":["https:\/\/www.facebook.com\/smedemokrati2023"]},{"@type":"Person","@id":"https:\/\/www.smedemokrati.sk\/#\/schema\/person\/21f147c88d605aa7ded900e1e7c344ba","name":"miro.sopko","image":{"@type":"ImageObject","inLanguage":"hu-HU","@id":"https:\/\/secure.gravatar.com\/avatar\/267e4a36f704376c109afe3a78740c1f5dd8675a2180a908699e7863c9247606?s=96&d=mm&r=g","url":"https:\/\/secure.gravatar.com\/avatar\/267e4a36f704376c109afe3a78740c1f5dd8675a2180a908699e7863c9247606?s=96&d=mm&r=g","contentUrl":"https:\/\/secure.gravatar.com\/avatar\/267e4a36f704376c109afe3a78740c1f5dd8675a2180a908699e7863c9247606?s=96&d=mm&r=g","caption":"miro.sopko"},"url":"https:\/\/www.smedemokrati.sk\/hu\/author\/miro-sopko\/"}]}},"_links":{"self":[{"href":"https:\/\/www.smedemokrati.sk\/hu\/wp-json\/wp\/v2\/posts\/7937","targetHints":{"allow":["GET"]}}],"collection":[{"href":"https:\/\/www.smedemokrati.sk\/hu\/wp-json\/wp\/v2\/posts"}],"about":[{"href":"https:\/\/www.smedemokrati.sk\/hu\/wp-json\/wp\/v2\/types\/post"}],"author":[{"embeddable":true,"href":"https:\/\/www.smedemokrati.sk\/hu\/wp-json\/wp\/v2\/users\/13"}],"replies":[{"embeddable":true,"href":"https:\/\/www.smedemokrati.sk\/hu\/wp-json\/wp\/v2\/comments?post=7937"}],"version-history":[{"count":1,"href":"https:\/\/www.smedemokrati.sk\/hu\/wp-json\/wp\/v2\/posts\/7937\/revisions"}],"predecessor-version":[{"id":7940,"href":"https:\/\/www.smedemokrati.sk\/hu\/wp-json\/wp\/v2\/posts\/7937\/revisions\/7940"}],"wp:featuredmedia":[{"embeddable":true,"href":"https:\/\/www.smedemokrati.sk\/hu\/wp-json\/wp\/v2\/media\/7939"}],"wp:attachment":[{"href":"https:\/\/www.smedemokrati.sk\/hu\/wp-json\/wp\/v2\/media?parent=7937"}],"wp:term":[{"taxonomy":"category","embeddable":true,"href":"https:\/\/www.smedemokrati.sk\/hu\/wp-json\/wp\/v2\/categories?post=7937"},{"taxonomy":"post_tag","embeddable":true,"href":"https:\/\/www.smedemokrati.sk\/hu\/wp-json\/wp\/v2\/tags?post=7937"}],"curies":[{"name":"wp","href":"https:\/\/api.w.org\/{rel}","templated":true}]}}