{"id":7873,"date":"2025-08-05T15:03:57","date_gmt":"2025-08-05T14:03:57","guid":{"rendered":"https:\/\/www.smedemokrati.sk\/?p=7873"},"modified":"2025-08-05T15:04:37","modified_gmt":"2025-08-05T14:04:37","slug":"dost-bolo-kseftovania-s-drevom-z-narodnych-parkov-predkladame-navrh-zakona","status":"publish","type":"post","link":"https:\/\/www.smedemokrati.sk\/hu\/dost-bolo-kseftovania-s-drevom-z-narodnych-parkov-predkladame-navrh-zakona\/","title":{"rendered":"Dos\u0165 bolo k\u0161eftovania s drevom z n\u00e1rodn\u00fdch parkov, predklad\u00e1me n\u00e1vrh z\u00e1kona"},"content":{"rendered":"<div id=\"fb-root\"><\/div>\n\n<p><strong>Po najnov\u0161om \u0161kand\u00e1le predaja dreva v Tatranskom n\u00e1rodnom parku, ktor\u00e9 skon\u010dilo na rumunskej p\u00edle, Demokrati v spolupr\u00e1ci s poslancom NR SR \u013dubom\u00edrom Galkom predkladaj\u00fa n\u00e1vrh z\u00e1kona, ktor\u00fd by tak\u00e9to praktiky obmedzil a favorizoval pri odbere dreva miestnych a region\u00e1lnych spracovate\u013eov v bl\u00edzkosti n\u00e1rodn\u00fdch parkov. Ak Tarabovo a Kuffovo vlastenectvo nekon\u010d\u00ed pred pe\u0148a\u017eenkami priekupn\u00edkov s drevom, nebud\u00fa ma\u0165 probl\u00e9m n\u00e1vrh podpori\u0165.&nbsp;<\/strong><\/p>\n\n\n\n<p>Demokrati v novele z\u00e1kona o uv\u00e1dzan\u00ed dreva na trh navrhuj\u00fa, aby n\u00e1rodn\u00e9 parky uprednost\u0148ovali predaj dreva miestnym a region\u00e1lnym spracovate\u013eom, zoh\u013ead\u0148ovali \u010do najni\u017e\u0161iu klimatick\u00fa stopu pre prevoze a spracovan\u00ed dreva, preferovali uspokojovanie palivov\u00fdch potrieb miestnych dom\u00e1cnost\u00ed a zv\u00fdhod\u0148ovali \u010do naj\u0161etrnej\u0161ie sp\u00f4soby \u0165a\u017eby dreva. \u201e<em>Aby sa Taraba s Kuffom nemohli \u010falej vyhov\u00e1ra\u0165, \u017ee nedok\u00e1\u017eu zabr\u00e1ni\u0165 \u010dinnosti priekupn\u00edkov s drevom, navrhujeme, aby spr\u00e1vy n\u00e1rodn\u00fdch parkov museli da\u0165 do zml\u00fav o predaji s drevom z\u00e1kaz jeho \u010fal\u0161ieho prevodu bez ich s\u00fahlasu. T\u00fdm zabr\u00e1nime, aby priekupn\u00edci nakupovali lacno drevo z n\u00e1rodn\u00fdch parkov a n\u00e1sledne ho do zahrani\u010dia pred\u00e1vali so ziskom. T\u00fdmito opatreniami sa nepochybne zn\u00ed\u017ei aj ekonomick\u00fd tlak na \u0165a\u017ebu v n\u00e1rodn\u00fdch parkoch, ke\u010f\u017ee sa priekupn\u00edkom klepne po prstoch. Taktie\u017e navrhujeme povinnos\u0165 fotodokument\u00e1cie manipul\u00e1cie a prevozu dreva pre v\u0161etky \u0161t\u00e1tne lesn\u00edcke organiz\u00e1cie, \u010do op\u00e4\u0165 z\u00fa\u017ei priestor pre neleg\u00e1lne k\u0161efty s drevom, a to nielen z n\u00e1rodn\u00fdch parkoch,<\/em>\u201d vysvetlil Michal Ki\u010da, enviroexpert Demokratov.\u00a0<\/p>\n\n\n\n<p>Osobitne od Filipa Kuffu sme sa pri schva\u013eovan\u00ed reformy n\u00e1rodn\u00fdch parkov napo\u010d\u00favali, ako v jej d\u00f4sledku pr\u00eddu \u013eudia o pr\u00e1cu a miestne p\u00edly o drevo. V janu\u00e1ri 2023 sme usmernili n\u00e1rodn\u00e9 parky tak, aby sa s\u00edce zn\u00ed\u017eila \u0165a\u017eba dreva, av\u0161ak to prim\u00e1rne kon\u010dilo u miestnych spracovate\u013eov. \u0160okovalo n\u00e1s, \u017ee po investigat\u00edvnych zisteniach o k\u0161eftoch s drevom z n\u00e1rodn\u00fdch parkoch Taraba s Kuffom pre\u0161li do proti\u00fatoku a tieto praktiky prikryli. \u201e<em>Taraba bl\u00fazni, ak hovor\u00ed \u017ee po dreve nie je dopyt. Odpor\u00fa\u010dame mu nav\u0161t\u00edvi\u0165 spracovate\u013eov v \u010ciernom Balogu alebo na Gemeri, ktor\u00ed napriek rekordn\u00fdm \u0165a\u017eb\u00e1m na Slovensku bu\u010f musia prep\u00fa\u0161\u0165a\u0165 alebo vozia drevo a\u017e pomaly od nemeck\u00fdch hran\u00edc. Taraba, Kuffa, Huliak a \u017diga bud\u00fa m\u00f4c\u0165 uk\u00e1za\u0165, ako v\u00e1\u017ene myslia rozvoj regi\u00f3nov, slov\u00e1 o vlastenectve alebo \u010di prikryj\u00fa sch\u00e9my v\u00fdhodn\u00e9 pre k\u0161eft\u00e1rov s drevom,<\/em>\u201d uzavrel Michal Ki\u010da.\u00a0<\/p>\n\n\n<div class=\"fb-video\" data-href=\"https:\/\/fb.watch\/BhGpUTYPsP\" data-allowfullscreen=\"true\" data-autoplay=\"false\" data-width=\"\" data-show-text=\"false\" data-show-captions=\"true\"><\/div>\n","protected":false},"excerpt":{"rendered":"<p>Po najnov\u0161om \u0161kand\u00e1le predaja dreva v Tatranskom n\u00e1rodnom parku, ktor\u00e9 skon\u010dilo na rumunskej p\u00edle, Demokrati v spolupr\u00e1ci s poslancom NR SR \u013dubom\u00edrom Galkom predkladaj\u00fa n\u00e1vrh z\u00e1kona, ktor\u00fd by tak\u00e9to praktiky obmedzil a favorizoval pri odbere dreva miestnych a region\u00e1lnych spracovate\u013eov v bl\u00edzkosti n\u00e1rodn\u00fdch parkov. Ak Tarabovo a Kuffovo vlastenectvo nekon\u010d\u00ed pred pe\u0148a\u017eenkami priekupn\u00edkov s drevom, [&hellip;]<\/p>\n","protected":false},"author":13,"featured_media":7874,"comment_status":"closed","ping_status":"closed","sticky":false,"template":"","format":"standard","meta":{"_acf_changed":false,"ngg_post_thumbnail":0,"footnotes":""},"categories":[4],"tags":[],"class_list":["post-7873","post","type-post","status-publish","format-standard","has-post-thumbnail","hentry","category-tlacove-spravy"],"acf":[],"yoast_head":"<!-- This site is optimized with the Yoast SEO plugin v27.2 - https:\/\/yoast.com\/product\/yoast-seo-wordpress\/ -->\n<title>Dos\u0165 bolo k\u0161eftovania s drevom z n\u00e1rodn\u00fdch parkov, predklad\u00e1me n\u00e1vrh z\u00e1kona<\/title>\n<meta name=\"description\" content=\"Po najnov\u0161om \u0161kand\u00e1le predaja dreva v Tatranskom n\u00e1rodnom parku, ktor\u00e9 skon\u010dilo na rumunskej p\u00edle, Demokrati v spolupr\u00e1ci s poslancom NR SR \u013dubom\u00edrom Galkom predkladaj\u00fa n\u00e1vrh z\u00e1kona, ktor\u00fd by tak\u00e9to praktiky obmedzil a favorizoval pri odbere dreva miestnych a region\u00e1lnych spracovate\u013eov v bl\u00edzkosti n\u00e1rodn\u00fdch parkov.\" \/>\n<meta name=\"robots\" content=\"index, follow, max-snippet:-1, max-image-preview:large, max-video-preview:-1\" \/>\n<link rel=\"canonical\" href=\"https:\/\/www.smedemokrati.sk\/hu\/dost-bolo-kseftovania-s-drevom-z-narodnych-parkov-predkladame-navrh-zakona\/\" \/>\n<meta property=\"og:locale\" content=\"hu_HU\" \/>\n<meta property=\"og:locale:alternate\" content=\"en_US\" \/>\n<meta property=\"og:locale:alternate\" content=\"cs_CZ\" \/>\n<meta property=\"og:locale:alternate\" content=\"sk_SK\" \/>\n<meta property=\"og:locale:alternate\" content=\"sv_SE\" \/>\n<meta property=\"og:type\" content=\"article\" \/>\n<meta property=\"og:title\" content=\"Dos\u0165 bolo k\u0161eftovania s drevom z n\u00e1rodn\u00fdch parkov, predklad\u00e1me n\u00e1vrh z\u00e1kona\" \/>\n<meta property=\"og:description\" content=\"Po najnov\u0161om \u0161kand\u00e1le predaja dreva v Tatranskom n\u00e1rodnom parku, ktor\u00e9 skon\u010dilo na rumunskej p\u00edle, Demokrati v spolupr\u00e1ci s poslancom NR SR \u013dubom\u00edrom Galkom predkladaj\u00fa n\u00e1vrh z\u00e1kona, ktor\u00fd by tak\u00e9to praktiky obmedzil a favorizoval pri odbere dreva miestnych a region\u00e1lnych spracovate\u013eov v bl\u00edzkosti n\u00e1rodn\u00fdch parkov.\" \/>\n<meta property=\"og:url\" content=\"https:\/\/www.smedemokrati.sk\/hu\/dost-bolo-kseftovania-s-drevom-z-narodnych-parkov-predkladame-navrh-zakona\/\" \/>\n<meta property=\"og:site_name\" content=\"Smedemokrati.sk\" \/>\n<meta property=\"article:publisher\" content=\"https:\/\/www.facebook.com\/smedemokrati2023\" \/>\n<meta property=\"article:published_time\" content=\"2025-08-05T14:03:57+00:00\" \/>\n<meta property=\"article:modified_time\" content=\"2025-08-05T14:04:37+00:00\" \/>\n<meta property=\"og:image\" content=\"https:\/\/www.smedemokrati.sk\/wp-content\/uploads\/2025\/08\/2025-08-05-160156.jpg\" \/>\n\t<meta property=\"og:image:width\" content=\"1437\" \/>\n\t<meta property=\"og:image:height\" content=\"858\" \/>\n\t<meta property=\"og:image:type\" content=\"image\/jpeg\" \/>\n<meta name=\"author\" content=\"miro.sopko\" \/>\n<meta name=\"twitter:card\" content=\"summary_large_image\" \/>\n<meta name=\"twitter:label1\" content=\"Szerz\u0151:\" \/>\n\t<meta name=\"twitter:data1\" content=\"miro.sopko\" \/>\n\t<meta name=\"twitter:label2\" content=\"Becs\u00fclt olvas\u00e1si id\u0151\" \/>\n\t<meta name=\"twitter:data2\" content=\"3 perc\" \/>\n<script type=\"application\/ld+json\" class=\"yoast-schema-graph\">{\"@context\":\"https:\/\/schema.org\",\"@graph\":[{\"@type\":\"Article\",\"@id\":\"https:\/\/www.smedemokrati.sk\/dost-bolo-kseftovania-s-drevom-z-narodnych-parkov-predkladame-navrh-zakona\/#article\",\"isPartOf\":{\"@id\":\"https:\/\/www.smedemokrati.sk\/dost-bolo-kseftovania-s-drevom-z-narodnych-parkov-predkladame-navrh-zakona\/\"},\"author\":{\"name\":\"miro.sopko\",\"@id\":\"https:\/\/www.smedemokrati.sk\/#\/schema\/person\/21f147c88d605aa7ded900e1e7c344ba\"},\"headline\":\"Dos\u0165 bolo k\u0161eftovania s drevom z n\u00e1rodn\u00fdch parkov, predklad\u00e1me n\u00e1vrh z\u00e1kona\",\"datePublished\":\"2025-08-05T14:03:57+00:00\",\"dateModified\":\"2025-08-05T14:04:37+00:00\",\"mainEntityOfPage\":{\"@id\":\"https:\/\/www.smedemokrati.sk\/dost-bolo-kseftovania-s-drevom-z-narodnych-parkov-predkladame-navrh-zakona\/\"},\"wordCount\":488,\"publisher\":{\"@id\":\"https:\/\/www.smedemokrati.sk\/#organization\"},\"image\":{\"@id\":\"https:\/\/www.smedemokrati.sk\/dost-bolo-kseftovania-s-drevom-z-narodnych-parkov-predkladame-navrh-zakona\/#primaryimage\"},\"thumbnailUrl\":\"https:\/\/www.smedemokrati.sk\/wp-content\/uploads\/2025\/08\/2025-08-05-160156.jpg\",\"articleSection\":[\"Tla\u010dov\u00e9 spr\u00e1vy\"],\"inLanguage\":\"hu-HU\"},{\"@type\":\"WebPage\",\"@id\":\"https:\/\/www.smedemokrati.sk\/dost-bolo-kseftovania-s-drevom-z-narodnych-parkov-predkladame-navrh-zakona\/\",\"url\":\"https:\/\/www.smedemokrati.sk\/dost-bolo-kseftovania-s-drevom-z-narodnych-parkov-predkladame-navrh-zakona\/\",\"name\":\"Dos\u0165 bolo k\u0161eftovania s drevom z n\u00e1rodn\u00fdch parkov, predklad\u00e1me n\u00e1vrh z\u00e1kona\",\"isPartOf\":{\"@id\":\"https:\/\/www.smedemokrati.sk\/#website\"},\"primaryImageOfPage\":{\"@id\":\"https:\/\/www.smedemokrati.sk\/dost-bolo-kseftovania-s-drevom-z-narodnych-parkov-predkladame-navrh-zakona\/#primaryimage\"},\"image\":{\"@id\":\"https:\/\/www.smedemokrati.sk\/dost-bolo-kseftovania-s-drevom-z-narodnych-parkov-predkladame-navrh-zakona\/#primaryimage\"},\"thumbnailUrl\":\"https:\/\/www.smedemokrati.sk\/wp-content\/uploads\/2025\/08\/2025-08-05-160156.jpg\",\"datePublished\":\"2025-08-05T14:03:57+00:00\",\"dateModified\":\"2025-08-05T14:04:37+00:00\",\"description\":\"Po najnov\u0161om \u0161kand\u00e1le predaja dreva v Tatranskom n\u00e1rodnom parku, ktor\u00e9 skon\u010dilo na rumunskej p\u00edle, Demokrati v spolupr\u00e1ci s poslancom NR SR \u013dubom\u00edrom Galkom predkladaj\u00fa n\u00e1vrh z\u00e1kona, ktor\u00fd by tak\u00e9to praktiky obmedzil a favorizoval pri odbere dreva miestnych a region\u00e1lnych spracovate\u013eov v bl\u00edzkosti n\u00e1rodn\u00fdch parkov.\",\"breadcrumb\":{\"@id\":\"https:\/\/www.smedemokrati.sk\/dost-bolo-kseftovania-s-drevom-z-narodnych-parkov-predkladame-navrh-zakona\/#breadcrumb\"},\"inLanguage\":\"hu-HU\",\"potentialAction\":[{\"@type\":\"ReadAction\",\"target\":[\"https:\/\/www.smedemokrati.sk\/dost-bolo-kseftovania-s-drevom-z-narodnych-parkov-predkladame-navrh-zakona\/\"]}]},{\"@type\":\"ImageObject\",\"inLanguage\":\"hu-HU\",\"@id\":\"https:\/\/www.smedemokrati.sk\/dost-bolo-kseftovania-s-drevom-z-narodnych-parkov-predkladame-navrh-zakona\/#primaryimage\",\"url\":\"https:\/\/www.smedemokrati.sk\/wp-content\/uploads\/2025\/08\/2025-08-05-160156.jpg\",\"contentUrl\":\"https:\/\/www.smedemokrati.sk\/wp-content\/uploads\/2025\/08\/2025-08-05-160156.jpg\",\"width\":1437,\"height\":858},{\"@type\":\"BreadcrumbList\",\"@id\":\"https:\/\/www.smedemokrati.sk\/dost-bolo-kseftovania-s-drevom-z-narodnych-parkov-predkladame-navrh-zakona\/#breadcrumb\",\"itemListElement\":[{\"@type\":\"ListItem\",\"position\":1,\"name\":\"Domovsk\u00e1 str\u00e1nka\",\"item\":\"https:\/\/www.smedemokrati.sk\/\"},{\"@type\":\"ListItem\",\"position\":2,\"name\":\"Dos\u0165 bolo k\u0161eftovania s drevom z n\u00e1rodn\u00fdch parkov, predklad\u00e1me n\u00e1vrh z\u00e1kona\"}]},{\"@type\":\"WebSite\",\"@id\":\"https:\/\/www.smedemokrati.sk\/#website\",\"url\":\"https:\/\/www.smedemokrati.sk\/\",\"name\":\"Smedemokrati.sk\",\"description\":\"Demokracia a slu\u0161nos\u0165 zv\u00ed\u0165az\u00ed\",\"publisher\":{\"@id\":\"https:\/\/www.smedemokrati.sk\/#organization\"},\"potentialAction\":[{\"@type\":\"SearchAction\",\"target\":{\"@type\":\"EntryPoint\",\"urlTemplate\":\"https:\/\/www.smedemokrati.sk\/?s={search_term_string}\"},\"query-input\":{\"@type\":\"PropertyValueSpecification\",\"valueRequired\":true,\"valueName\":\"search_term_string\"}}],\"inLanguage\":\"hu-HU\"},{\"@type\":\"Organization\",\"@id\":\"https:\/\/www.smedemokrati.sk\/#organization\",\"name\":\"Smedemokrati.sk\",\"url\":\"https:\/\/www.smedemokrati.sk\/\",\"logo\":{\"@type\":\"ImageObject\",\"inLanguage\":\"hu-HU\",\"@id\":\"https:\/\/www.smedemokrati.sk\/#\/schema\/logo\/image\/\",\"url\":\"https:\/\/www.smedemokrati.sk\/wp-content\/uploads\/2023\/04\/ff.002.jpeg\",\"contentUrl\":\"https:\/\/www.smedemokrati.sk\/wp-content\/uploads\/2023\/04\/ff.002.jpeg\",\"width\":640,\"height\":480,\"caption\":\"Smedemokrati.sk\"},\"image\":{\"@id\":\"https:\/\/www.smedemokrati.sk\/#\/schema\/logo\/image\/\"},\"sameAs\":[\"https:\/\/www.facebook.com\/smedemokrati2023\"]},{\"@type\":\"Person\",\"@id\":\"https:\/\/www.smedemokrati.sk\/#\/schema\/person\/21f147c88d605aa7ded900e1e7c344ba\",\"name\":\"miro.sopko\",\"image\":{\"@type\":\"ImageObject\",\"inLanguage\":\"hu-HU\",\"@id\":\"https:\/\/secure.gravatar.com\/avatar\/267e4a36f704376c109afe3a78740c1f5dd8675a2180a908699e7863c9247606?s=96&d=mm&r=g\",\"url\":\"https:\/\/secure.gravatar.com\/avatar\/267e4a36f704376c109afe3a78740c1f5dd8675a2180a908699e7863c9247606?s=96&d=mm&r=g\",\"contentUrl\":\"https:\/\/secure.gravatar.com\/avatar\/267e4a36f704376c109afe3a78740c1f5dd8675a2180a908699e7863c9247606?s=96&d=mm&r=g\",\"caption\":\"miro.sopko\"},\"url\":\"https:\/\/www.smedemokrati.sk\/hu\/author\/miro-sopko\/\"}]}<\/script>\n<!-- \/ Yoast SEO plugin. -->","yoast_head_json":{"title":"Dos\u0165 bolo k\u0161eftovania s drevom z n\u00e1rodn\u00fdch parkov, predklad\u00e1me n\u00e1vrh z\u00e1kona","description":"Po najnov\u0161om \u0161kand\u00e1le predaja dreva v Tatranskom n\u00e1rodnom parku, ktor\u00e9 skon\u010dilo na rumunskej p\u00edle, Demokrati v spolupr\u00e1ci s poslancom NR SR \u013dubom\u00edrom Galkom predkladaj\u00fa n\u00e1vrh z\u00e1kona, ktor\u00fd by tak\u00e9to praktiky obmedzil a favorizoval pri odbere dreva miestnych a region\u00e1lnych spracovate\u013eov v bl\u00edzkosti n\u00e1rodn\u00fdch parkov.","robots":{"index":"index","follow":"follow","max-snippet":"max-snippet:-1","max-image-preview":"max-image-preview:large","max-video-preview":"max-video-preview:-1"},"canonical":"https:\/\/www.smedemokrati.sk\/hu\/dost-bolo-kseftovania-s-drevom-z-narodnych-parkov-predkladame-navrh-zakona\/","og_locale":"hu_HU","og_type":"article","og_title":"[:sk]Dos\u0165 bolo k\u0161eftovania s drevom z n\u00e1rodn\u00fdch parkov, predklad\u00e1me n\u00e1vrh z\u00e1kona[:] - Smedemokrati.sk","og_description":"[:sk]Po najnov\u0161om \u0161kand\u00e1le predaja dreva v Tatranskom n\u00e1rodnom parku, ktor\u00e9 skon\u010dilo na rumunskej p\u00edle, Demokrati v spolupr\u00e1ci s poslancom NR SR \u013dubom\u00edrom Galkom predkladaj\u00fa n\u00e1vrh z\u00e1kona, ktor\u00fd by tak\u00e9to praktiky obmedzil a favorizoval pri odbere dreva miestnych a region\u00e1lnych spracovate\u013eov v bl\u00edzkosti n\u00e1rodn\u00fdch parkov.[:]","og_url":"https:\/\/www.smedemokrati.sk\/hu\/dost-bolo-kseftovania-s-drevom-z-narodnych-parkov-predkladame-navrh-zakona\/","og_site_name":"Smedemokrati.sk","article_publisher":"https:\/\/www.facebook.com\/smedemokrati2023","article_published_time":"2025-08-05T14:03:57+00:00","article_modified_time":"2025-08-05T14:04:37+00:00","og_image":[{"width":1437,"height":858,"url":"https:\/\/www.smedemokrati.sk\/wp-content\/uploads\/2025\/08\/2025-08-05-160156.jpg","type":"image\/jpeg"}],"author":"miro.sopko","twitter_card":"summary_large_image","twitter_misc":{"Szerz\u0151:":"miro.sopko","Becs\u00fclt olvas\u00e1si id\u0151":"3 perc"},"schema":{"@context":"https:\/\/schema.org","@graph":[{"@type":"Article","@id":"https:\/\/www.smedemokrati.sk\/dost-bolo-kseftovania-s-drevom-z-narodnych-parkov-predkladame-navrh-zakona\/#article","isPartOf":{"@id":"https:\/\/www.smedemokrati.sk\/dost-bolo-kseftovania-s-drevom-z-narodnych-parkov-predkladame-navrh-zakona\/"},"author":{"name":"miro.sopko","@id":"https:\/\/www.smedemokrati.sk\/#\/schema\/person\/21f147c88d605aa7ded900e1e7c344ba"},"headline":"Dos\u0165 bolo k\u0161eftovania s drevom z n\u00e1rodn\u00fdch parkov, predklad\u00e1me n\u00e1vrh z\u00e1kona","datePublished":"2025-08-05T14:03:57+00:00","dateModified":"2025-08-05T14:04:37+00:00","mainEntityOfPage":{"@id":"https:\/\/www.smedemokrati.sk\/dost-bolo-kseftovania-s-drevom-z-narodnych-parkov-predkladame-navrh-zakona\/"},"wordCount":488,"publisher":{"@id":"https:\/\/www.smedemokrati.sk\/#organization"},"image":{"@id":"https:\/\/www.smedemokrati.sk\/dost-bolo-kseftovania-s-drevom-z-narodnych-parkov-predkladame-navrh-zakona\/#primaryimage"},"thumbnailUrl":"https:\/\/www.smedemokrati.sk\/wp-content\/uploads\/2025\/08\/2025-08-05-160156.jpg","articleSection":["Tla\u010dov\u00e9 spr\u00e1vy"],"inLanguage":"hu-HU"},{"@type":"WebPage","@id":"https:\/\/www.smedemokrati.sk\/dost-bolo-kseftovania-s-drevom-z-narodnych-parkov-predkladame-navrh-zakona\/","url":"https:\/\/www.smedemokrati.sk\/dost-bolo-kseftovania-s-drevom-z-narodnych-parkov-predkladame-navrh-zakona\/","name":"Dos\u0165 bolo k\u0161eftovania s drevom z n\u00e1rodn\u00fdch parkov, predklad\u00e1me n\u00e1vrh z\u00e1kona","isPartOf":{"@id":"https:\/\/www.smedemokrati.sk\/#website"},"primaryImageOfPage":{"@id":"https:\/\/www.smedemokrati.sk\/dost-bolo-kseftovania-s-drevom-z-narodnych-parkov-predkladame-navrh-zakona\/#primaryimage"},"image":{"@id":"https:\/\/www.smedemokrati.sk\/dost-bolo-kseftovania-s-drevom-z-narodnych-parkov-predkladame-navrh-zakona\/#primaryimage"},"thumbnailUrl":"https:\/\/www.smedemokrati.sk\/wp-content\/uploads\/2025\/08\/2025-08-05-160156.jpg","datePublished":"2025-08-05T14:03:57+00:00","dateModified":"2025-08-05T14:04:37+00:00","description":"Po najnov\u0161om \u0161kand\u00e1le predaja dreva v Tatranskom n\u00e1rodnom parku, ktor\u00e9 skon\u010dilo na rumunskej p\u00edle, Demokrati v spolupr\u00e1ci s poslancom NR SR \u013dubom\u00edrom Galkom predkladaj\u00fa n\u00e1vrh z\u00e1kona, ktor\u00fd by tak\u00e9to praktiky obmedzil a favorizoval pri odbere dreva miestnych a region\u00e1lnych spracovate\u013eov v bl\u00edzkosti n\u00e1rodn\u00fdch parkov.","breadcrumb":{"@id":"https:\/\/www.smedemokrati.sk\/dost-bolo-kseftovania-s-drevom-z-narodnych-parkov-predkladame-navrh-zakona\/#breadcrumb"},"inLanguage":"hu-HU","potentialAction":[{"@type":"ReadAction","target":["https:\/\/www.smedemokrati.sk\/dost-bolo-kseftovania-s-drevom-z-narodnych-parkov-predkladame-navrh-zakona\/"]}]},{"@type":"ImageObject","inLanguage":"hu-HU","@id":"https:\/\/www.smedemokrati.sk\/dost-bolo-kseftovania-s-drevom-z-narodnych-parkov-predkladame-navrh-zakona\/#primaryimage","url":"https:\/\/www.smedemokrati.sk\/wp-content\/uploads\/2025\/08\/2025-08-05-160156.jpg","contentUrl":"https:\/\/www.smedemokrati.sk\/wp-content\/uploads\/2025\/08\/2025-08-05-160156.jpg","width":1437,"height":858},{"@type":"BreadcrumbList","@id":"https:\/\/www.smedemokrati.sk\/dost-bolo-kseftovania-s-drevom-z-narodnych-parkov-predkladame-navrh-zakona\/#breadcrumb","itemListElement":[{"@type":"ListItem","position":1,"name":"Domovsk\u00e1 str\u00e1nka","item":"https:\/\/www.smedemokrati.sk\/"},{"@type":"ListItem","position":2,"name":"Dos\u0165 bolo k\u0161eftovania s drevom z n\u00e1rodn\u00fdch parkov, predklad\u00e1me n\u00e1vrh z\u00e1kona"}]},{"@type":"WebSite","@id":"https:\/\/www.smedemokrati.sk\/#website","url":"https:\/\/www.smedemokrati.sk\/","name":"Smedemokrati.sk","description":"Demokracia a slu\u0161nos\u0165 zv\u00ed\u0165az\u00ed","publisher":{"@id":"https:\/\/www.smedemokrati.sk\/#organization"},"potentialAction":[{"@type":"SearchAction","target":{"@type":"EntryPoint","urlTemplate":"https:\/\/www.smedemokrati.sk\/?s={search_term_string}"},"query-input":{"@type":"PropertyValueSpecification","valueRequired":true,"valueName":"search_term_string"}}],"inLanguage":"hu-HU"},{"@type":"Organization","@id":"https:\/\/www.smedemokrati.sk\/#organization","name":"Smedemokrati.sk","url":"https:\/\/www.smedemokrati.sk\/","logo":{"@type":"ImageObject","inLanguage":"hu-HU","@id":"https:\/\/www.smedemokrati.sk\/#\/schema\/logo\/image\/","url":"https:\/\/www.smedemokrati.sk\/wp-content\/uploads\/2023\/04\/ff.002.jpeg","contentUrl":"https:\/\/www.smedemokrati.sk\/wp-content\/uploads\/2023\/04\/ff.002.jpeg","width":640,"height":480,"caption":"Smedemokrati.sk"},"image":{"@id":"https:\/\/www.smedemokrati.sk\/#\/schema\/logo\/image\/"},"sameAs":["https:\/\/www.facebook.com\/smedemokrati2023"]},{"@type":"Person","@id":"https:\/\/www.smedemokrati.sk\/#\/schema\/person\/21f147c88d605aa7ded900e1e7c344ba","name":"miro.sopko","image":{"@type":"ImageObject","inLanguage":"hu-HU","@id":"https:\/\/secure.gravatar.com\/avatar\/267e4a36f704376c109afe3a78740c1f5dd8675a2180a908699e7863c9247606?s=96&d=mm&r=g","url":"https:\/\/secure.gravatar.com\/avatar\/267e4a36f704376c109afe3a78740c1f5dd8675a2180a908699e7863c9247606?s=96&d=mm&r=g","contentUrl":"https:\/\/secure.gravatar.com\/avatar\/267e4a36f704376c109afe3a78740c1f5dd8675a2180a908699e7863c9247606?s=96&d=mm&r=g","caption":"miro.sopko"},"url":"https:\/\/www.smedemokrati.sk\/hu\/author\/miro-sopko\/"}]}},"_links":{"self":[{"href":"https:\/\/www.smedemokrati.sk\/hu\/wp-json\/wp\/v2\/posts\/7873","targetHints":{"allow":["GET"]}}],"collection":[{"href":"https:\/\/www.smedemokrati.sk\/hu\/wp-json\/wp\/v2\/posts"}],"about":[{"href":"https:\/\/www.smedemokrati.sk\/hu\/wp-json\/wp\/v2\/types\/post"}],"author":[{"embeddable":true,"href":"https:\/\/www.smedemokrati.sk\/hu\/wp-json\/wp\/v2\/users\/13"}],"replies":[{"embeddable":true,"href":"https:\/\/www.smedemokrati.sk\/hu\/wp-json\/wp\/v2\/comments?post=7873"}],"version-history":[{"count":2,"href":"https:\/\/www.smedemokrati.sk\/hu\/wp-json\/wp\/v2\/posts\/7873\/revisions"}],"predecessor-version":[{"id":7876,"href":"https:\/\/www.smedemokrati.sk\/hu\/wp-json\/wp\/v2\/posts\/7873\/revisions\/7876"}],"wp:featuredmedia":[{"embeddable":true,"href":"https:\/\/www.smedemokrati.sk\/hu\/wp-json\/wp\/v2\/media\/7874"}],"wp:attachment":[{"href":"https:\/\/www.smedemokrati.sk\/hu\/wp-json\/wp\/v2\/media?parent=7873"}],"wp:term":[{"taxonomy":"category","embeddable":true,"href":"https:\/\/www.smedemokrati.sk\/hu\/wp-json\/wp\/v2\/categories?post=7873"},{"taxonomy":"post_tag","embeddable":true,"href":"https:\/\/www.smedemokrati.sk\/hu\/wp-json\/wp\/v2\/tags?post=7873"}],"curies":[{"name":"wp","href":"https:\/\/api.w.org\/{rel}","templated":true}]}}