{"id":7773,"date":"2025-07-30T12:06:29","date_gmt":"2025-07-30T11:06:29","guid":{"rendered":"https:\/\/www.smedemokrati.sk\/?p=7773"},"modified":"2025-07-30T12:06:30","modified_gmt":"2025-07-30T11:06:30","slug":"odhalujeme-podvody-na-ppa-21-miliona-na-sklady-ovocia-a-zeleniny-okolo-ktorych-jablko-ani-nepreslo-a-statisice-na-kosenie-skalnateho-brala","status":"publish","type":"post","link":"https:\/\/www.smedemokrati.sk\/hu\/odhalujeme-podvody-na-ppa-21-miliona-na-sklady-ovocia-a-zeleniny-okolo-ktorych-jablko-ani-nepreslo-a-statisice-na-kosenie-skalnateho-brala\/","title":{"rendered":"Odha\u013eujeme podvody na PPA: 2,1 mili\u00f3na na sklady ovocia a zeleniny, okolo ktor\u00fdch jablko ani nepre\u0161lo, a st\u00e1tis\u00edce na kosenie skalnat\u00e9ho brala"},"content":{"rendered":"<div id=\"fb-root\"><\/div>\n\n<p><strong>Pod\u013ea zml\u00fav mali tri firmy&nbsp;z\u00edska\u0165 mili\u00f3ny na skladovanie ovocia a zeleniny, v\u00fdsadbu ovocn\u00fdch sadov a n\u00e1kup techniky. Demokrati a Pir\u00e1tska strana sa boli na tieto \u00fadajn\u00e9 sklady a sady v Medovarciach pozrie\u0165. Aj miestni potvrdili, \u017ee nejak\u00e9 sklady s\u00edce postaven\u00e9 s\u00fa, no na \u00fa\u010del, ktor\u00fd je uveden\u00fd v projekte, nikdy nesl\u00fa\u017eili a vonkoncom nie s\u00fa v kvalite a cene dot\u00e1ci\u00ed. Strany aj v tejto s\u00favislosti vyz\u00fdvaj\u00fa na zriadenie \u0161peci\u00e1lneho vy\u0161etrovacieho t\u00edmu, ktor\u00fd by komplexne preveril \u010derpanie dot\u00e1ci\u00ed z PPA.<\/strong><\/p>\n\n\n\n<p>V obci Medovarce, ktor\u00e1 m\u00e1 len 220 obyvate\u013eov, sa pod\u013ea projektov mali od roku 2015 pestova\u0165 tony ovocia, vytvori\u0165 pracovn\u00e9 miesta a na\u0161tartova\u0165 rozvoj regi\u00f3nu.&nbsp;<em>\u201cSpolo\u010dnos\u0165 v projekte deklarovala, \u017ee vypestuje na v\u00fdmere 10 ha 12 ton jab\u013ak a 4,5 tony sliviek ro\u010dne. Spolo\u010dnos\u0165 Na\u0161a zem, s. r. o., pod\u013ea projektu, ktor\u00fd predlo\u017eila PPA, mala u\u017e v siedmom roku nielen dosahova\u0165 tieto v\u00fdsledky, ale dokonca pod\u013ea pl\u00e1nu mala expandova\u0165 aj do okolit\u00fdch kraj\u00edn. Pravda je tak\u00e1, \u017ee dnes je rok 2025 a doteraz nebola zo strany tejto spolo\u010dnosti vysaden\u00e1 jedin\u00e1 jablo\u0148 ani slivka, \u010d\u00edm m\u00f4\u017eeme kon\u0161tatova\u0165, \u017ee \u017eiadate\u013e nesplnil cie\u013e projektu, pre ktor\u00fd bol poskytnut\u00fd nen\u00e1vratn\u00fd finan\u010dn\u00fd pr\u00edspevok,\u201d<\/em>&nbsp;hovor\u00ed Zuzana \u0160ubov\u00e1 z Pir\u00e1tskej strany a upres\u0148uje, \u017ee za cel\u00fdm projektom v Medovarciach maj\u00fa by\u0165 spolo\u010dnosti z Bratislavy: Na\u0161a zem, s. r. o., Dobr\u00e1 \u00faroda, s. r. o., a Farma Medovarce.<\/p>\n\n\n\n<p>Predsedn\u00ed\u010dka Pir\u00e1tov tie\u017e kritizuje, \u017ee Pavol Ondri\u0161 z Bratislavy, \u017eiadate\u013e o nen\u00e1vratn\u00fd finan\u010dn\u00fd pr\u00edspevok, zamestnal sam\u00e9ho seba a tie\u017e \u010fal\u0161ieho konate\u013ea z vy\u0161\u0161ie menovan\u00fdch spolo\u010dnost\u00ed.&nbsp;<em>\u201cD\u00f4le\u017eitou podmienkou v projekte je vytvorenie nov\u00fdch pracovn\u00fdch miest. P\u00e1n Ondri\u0161, ktor\u00fd o projekt \u017eiadal, zamestnal sam\u00e9ho seba. Druh\u00fd zamestnanec bol konate\u013eom v druhej spolo\u010dnosti \u017eiadate\u013ea, a to v spolo\u010dnosti Farma Medovarce. Toho zamestnal ako spr\u00e1vcu majetku za 405 eur v hrubom. Tret\u00ed zamestnanec bol prijat\u00fd ako administrat\u00edvny pracovn\u00edk, rovnako za 405 eur v hrubom, a ten mal v n\u00e1plni pr\u00e1ce len administrat\u00edvne \u00falohy, teda \u010fal\u0161\u00ed, ktor\u00fd s pestovan\u00edm ovocia nemal ani len milimeter spolo\u010dn\u00e9ho.\u201d<\/em><\/p>\n\n\n\n<p>Ako \u010fal\u0161\u00ed pr\u00edpad netransparentn\u00e9ho \u010derpania eurofondov odha\u013euj\u00fa Demokrati a Pir\u00e1ti projekt kosenia skalnat\u00e9ho brala, rovnako v Medovarciach.&nbsp;<em>\u201cPo\u010dujete dobre, PPA dala tis\u00edce na kosenie skalnat\u00e9ho brala, pri\u010dom v projekte je nap\u00edsan\u00e9, \u017ee peniaze p\u00f4jdu na &nbsp;tr\u00e1vnat\u00e9 porasty. Toto je nehor\u00e1znos\u0165 obludn\u00fdch rozmerov. Vyz\u00fdvam preto gener\u00e1lneho prokur\u00e1tora, rovnako aj ministra vn\u00fatra spolu s prezidentkou PZ, aby okam\u017eite zriadili vy\u0161etrovac\u00ed t\u00edm, preto\u017ee toto s\u00fa spolo\u010dne skuto\u010dn\u00e9 miliardy z na\u0161ej spolo\u010dnej kasy, ktor\u00e9 zjavne leteli hore kom\u00ednom a boli rozkradnut\u00e9.\u201d<\/em>&nbsp;hovor\u00ed Juraj \u0160eliga z Demokratov.<\/p>\n\n\n<div class=\"fb-video\" data-href=\"https:\/\/fb.watch\/B9GJWkdi22\" data-allowfullscreen=\"true\" data-autoplay=\"false\" data-width=\"\" data-show-text=\"false\" data-show-captions=\"true\"><\/div>\n","protected":false},"excerpt":{"rendered":"<p>Pod\u013ea zml\u00fav mali tri firmy&nbsp;z\u00edska\u0165 mili\u00f3ny na skladovanie ovocia a zeleniny, v\u00fdsadbu ovocn\u00fdch sadov a n\u00e1kup techniky. Demokrati a Pir\u00e1tska strana sa boli na tieto \u00fadajn\u00e9 sklady a sady v Medovarciach pozrie\u0165. Aj miestni potvrdili, \u017ee nejak\u00e9 sklady s\u00edce postaven\u00e9 s\u00fa, no na \u00fa\u010del, ktor\u00fd je uveden\u00fd v projekte, nikdy nesl\u00fa\u017eili a vonkoncom nie s\u00fa [&hellip;]<\/p>\n","protected":false},"author":13,"featured_media":7774,"comment_status":"closed","ping_status":"closed","sticky":false,"template":"","format":"standard","meta":{"_acf_changed":false,"ngg_post_thumbnail":0,"footnotes":""},"categories":[4],"tags":[],"class_list":["post-7773","post","type-post","status-publish","format-standard","has-post-thumbnail","hentry","category-tlacove-spravy"],"acf":[],"yoast_head":"<!-- This site is optimized with the Yoast SEO plugin v27.2 - https:\/\/yoast.com\/product\/yoast-seo-wordpress\/ -->\n<title>Odha\u013eujeme podvody na PPA: 2,1 mili\u00f3na na sklady ovocia a zeleniny, okolo ktor\u00fdch jablko ani nepre\u0161lo, a st\u00e1tis\u00edce na kosenie skalnat\u00e9ho brala<\/title>\n<meta name=\"robots\" content=\"index, follow, max-snippet:-1, max-image-preview:large, max-video-preview:-1\" \/>\n<link rel=\"canonical\" href=\"https:\/\/www.smedemokrati.sk\/hu\/odhalujeme-podvody-na-ppa-21-miliona-na-sklady-ovocia-a-zeleniny-okolo-ktorych-jablko-ani-nepreslo-a-statisice-na-kosenie-skalnateho-brala\/\" \/>\n<meta property=\"og:locale\" content=\"hu_HU\" \/>\n<meta property=\"og:locale:alternate\" content=\"en_US\" \/>\n<meta property=\"og:locale:alternate\" content=\"cs_CZ\" \/>\n<meta property=\"og:locale:alternate\" content=\"sk_SK\" \/>\n<meta property=\"og:locale:alternate\" content=\"sv_SE\" \/>\n<meta property=\"og:type\" content=\"article\" \/>\n<meta property=\"og:title\" content=\"Odha\u013eujeme podvody na PPA: 2,1 mili\u00f3na na sklady ovocia a zeleniny, okolo ktor\u00fdch jablko ani nepre\u0161lo, a st\u00e1tis\u00edce na kosenie skalnat\u00e9ho brala\" \/>\n<meta property=\"og:description\" content=\"Pod\u013ea zml\u00fav mali tri firmy&nbsp;z\u00edska\u0165 mili\u00f3ny na skladovanie ovocia a zeleniny, v\u00fdsadbu ovocn\u00fdch sadov a n\u00e1kup techniky. Demokrati a Pir\u00e1tska strana sa boli na tieto \u00fadajn\u00e9 sklady a sady v Medovarciach pozrie\u0165. Aj miestni potvrdili, \u017ee nejak\u00e9 sklady s\u00edce postaven\u00e9 s\u00fa, no na \u00fa\u010del, ktor\u00fd je uveden\u00fd v projekte, nikdy nesl\u00fa\u017eili a vonkoncom nie s\u00fa [&hellip;]\" \/>\n<meta property=\"og:url\" content=\"https:\/\/www.smedemokrati.sk\/hu\/odhalujeme-podvody-na-ppa-21-miliona-na-sklady-ovocia-a-zeleniny-okolo-ktorych-jablko-ani-nepreslo-a-statisice-na-kosenie-skalnateho-brala\/\" \/>\n<meta property=\"og:site_name\" content=\"Smedemokrati.sk\" \/>\n<meta property=\"article:publisher\" content=\"https:\/\/www.facebook.com\/smedemokrati2023\" \/>\n<meta property=\"article:published_time\" content=\"2025-07-30T11:06:29+00:00\" \/>\n<meta property=\"article:modified_time\" content=\"2025-07-30T11:06:30+00:00\" \/>\n<meta property=\"og:image\" content=\"https:\/\/www.smedemokrati.sk\/wp-content\/uploads\/2025\/07\/ppa-dalsie-podvody.jpg\" \/>\n\t<meta property=\"og:image:width\" content=\"840\" \/>\n\t<meta property=\"og:image:height\" content=\"426\" \/>\n\t<meta property=\"og:image:type\" content=\"image\/jpeg\" \/>\n<meta name=\"author\" content=\"miro.sopko\" \/>\n<meta name=\"twitter:card\" content=\"summary_large_image\" \/>\n<meta name=\"twitter:label1\" content=\"Szerz\u0151:\" \/>\n\t<meta name=\"twitter:data1\" content=\"miro.sopko\" \/>\n\t<meta name=\"twitter:label2\" content=\"Becs\u00fclt olvas\u00e1si id\u0151\" \/>\n\t<meta name=\"twitter:data2\" content=\"3 perc\" \/>\n<script type=\"application\/ld+json\" class=\"yoast-schema-graph\">{\"@context\":\"https:\/\/schema.org\",\"@graph\":[{\"@type\":\"Article\",\"@id\":\"https:\/\/www.smedemokrati.sk\/odhalujeme-podvody-na-ppa-21-miliona-na-sklady-ovocia-a-zeleniny-okolo-ktorych-jablko-ani-nepreslo-a-statisice-na-kosenie-skalnateho-brala\/#article\",\"isPartOf\":{\"@id\":\"https:\/\/www.smedemokrati.sk\/odhalujeme-podvody-na-ppa-21-miliona-na-sklady-ovocia-a-zeleniny-okolo-ktorych-jablko-ani-nepreslo-a-statisice-na-kosenie-skalnateho-brala\/\"},\"author\":{\"name\":\"miro.sopko\",\"@id\":\"https:\/\/www.smedemokrati.sk\/#\/schema\/person\/21f147c88d605aa7ded900e1e7c344ba\"},\"headline\":\"Odha\u013eujeme podvody na PPA: 2,1 mili\u00f3na na sklady ovocia a zeleniny, okolo ktor\u00fdch jablko ani nepre\u0161lo, a st\u00e1tis\u00edce na kosenie skalnat\u00e9ho brala\",\"datePublished\":\"2025-07-30T11:06:29+00:00\",\"dateModified\":\"2025-07-30T11:06:30+00:00\",\"mainEntityOfPage\":{\"@id\":\"https:\/\/www.smedemokrati.sk\/odhalujeme-podvody-na-ppa-21-miliona-na-sklady-ovocia-a-zeleniny-okolo-ktorych-jablko-ani-nepreslo-a-statisice-na-kosenie-skalnateho-brala\/\"},\"wordCount\":542,\"publisher\":{\"@id\":\"https:\/\/www.smedemokrati.sk\/#organization\"},\"image\":{\"@id\":\"https:\/\/www.smedemokrati.sk\/odhalujeme-podvody-na-ppa-21-miliona-na-sklady-ovocia-a-zeleniny-okolo-ktorych-jablko-ani-nepreslo-a-statisice-na-kosenie-skalnateho-brala\/#primaryimage\"},\"thumbnailUrl\":\"https:\/\/www.smedemokrati.sk\/wp-content\/uploads\/2025\/07\/ppa-dalsie-podvody.jpg\",\"articleSection\":[\"Tla\u010dov\u00e9 spr\u00e1vy\"],\"inLanguage\":\"hu-HU\"},{\"@type\":\"WebPage\",\"@id\":\"https:\/\/www.smedemokrati.sk\/odhalujeme-podvody-na-ppa-21-miliona-na-sklady-ovocia-a-zeleniny-okolo-ktorych-jablko-ani-nepreslo-a-statisice-na-kosenie-skalnateho-brala\/\",\"url\":\"https:\/\/www.smedemokrati.sk\/odhalujeme-podvody-na-ppa-21-miliona-na-sklady-ovocia-a-zeleniny-okolo-ktorych-jablko-ani-nepreslo-a-statisice-na-kosenie-skalnateho-brala\/\",\"name\":\"Odha\u013eujeme podvody na PPA: 2,1 mili\u00f3na na sklady ovocia a zeleniny, okolo ktor\u00fdch jablko ani nepre\u0161lo, a st\u00e1tis\u00edce na kosenie skalnat\u00e9ho brala\",\"isPartOf\":{\"@id\":\"https:\/\/www.smedemokrati.sk\/#website\"},\"primaryImageOfPage\":{\"@id\":\"https:\/\/www.smedemokrati.sk\/odhalujeme-podvody-na-ppa-21-miliona-na-sklady-ovocia-a-zeleniny-okolo-ktorych-jablko-ani-nepreslo-a-statisice-na-kosenie-skalnateho-brala\/#primaryimage\"},\"image\":{\"@id\":\"https:\/\/www.smedemokrati.sk\/odhalujeme-podvody-na-ppa-21-miliona-na-sklady-ovocia-a-zeleniny-okolo-ktorych-jablko-ani-nepreslo-a-statisice-na-kosenie-skalnateho-brala\/#primaryimage\"},\"thumbnailUrl\":\"https:\/\/www.smedemokrati.sk\/wp-content\/uploads\/2025\/07\/ppa-dalsie-podvody.jpg\",\"datePublished\":\"2025-07-30T11:06:29+00:00\",\"dateModified\":\"2025-07-30T11:06:30+00:00\",\"breadcrumb\":{\"@id\":\"https:\/\/www.smedemokrati.sk\/odhalujeme-podvody-na-ppa-21-miliona-na-sklady-ovocia-a-zeleniny-okolo-ktorych-jablko-ani-nepreslo-a-statisice-na-kosenie-skalnateho-brala\/#breadcrumb\"},\"inLanguage\":\"hu-HU\",\"potentialAction\":[{\"@type\":\"ReadAction\",\"target\":[\"https:\/\/www.smedemokrati.sk\/odhalujeme-podvody-na-ppa-21-miliona-na-sklady-ovocia-a-zeleniny-okolo-ktorych-jablko-ani-nepreslo-a-statisice-na-kosenie-skalnateho-brala\/\"]}]},{\"@type\":\"ImageObject\",\"inLanguage\":\"hu-HU\",\"@id\":\"https:\/\/www.smedemokrati.sk\/odhalujeme-podvody-na-ppa-21-miliona-na-sklady-ovocia-a-zeleniny-okolo-ktorych-jablko-ani-nepreslo-a-statisice-na-kosenie-skalnateho-brala\/#primaryimage\",\"url\":\"https:\/\/www.smedemokrati.sk\/wp-content\/uploads\/2025\/07\/ppa-dalsie-podvody.jpg\",\"contentUrl\":\"https:\/\/www.smedemokrati.sk\/wp-content\/uploads\/2025\/07\/ppa-dalsie-podvody.jpg\",\"width\":840,\"height\":426},{\"@type\":\"BreadcrumbList\",\"@id\":\"https:\/\/www.smedemokrati.sk\/odhalujeme-podvody-na-ppa-21-miliona-na-sklady-ovocia-a-zeleniny-okolo-ktorych-jablko-ani-nepreslo-a-statisice-na-kosenie-skalnateho-brala\/#breadcrumb\",\"itemListElement\":[{\"@type\":\"ListItem\",\"position\":1,\"name\":\"Domovsk\u00e1 str\u00e1nka\",\"item\":\"https:\/\/www.smedemokrati.sk\/\"},{\"@type\":\"ListItem\",\"position\":2,\"name\":\"Odha\u013eujeme podvody na PPA: 2,1 mili\u00f3na na sklady ovocia a zeleniny, okolo ktor\u00fdch jablko ani nepre\u0161lo, a st\u00e1tis\u00edce na kosenie skalnat\u00e9ho brala\"}]},{\"@type\":\"WebSite\",\"@id\":\"https:\/\/www.smedemokrati.sk\/#website\",\"url\":\"https:\/\/www.smedemokrati.sk\/\",\"name\":\"Smedemokrati.sk\",\"description\":\"Demokracia a slu\u0161nos\u0165 zv\u00ed\u0165az\u00ed\",\"publisher\":{\"@id\":\"https:\/\/www.smedemokrati.sk\/#organization\"},\"potentialAction\":[{\"@type\":\"SearchAction\",\"target\":{\"@type\":\"EntryPoint\",\"urlTemplate\":\"https:\/\/www.smedemokrati.sk\/?s={search_term_string}\"},\"query-input\":{\"@type\":\"PropertyValueSpecification\",\"valueRequired\":true,\"valueName\":\"search_term_string\"}}],\"inLanguage\":\"hu-HU\"},{\"@type\":\"Organization\",\"@id\":\"https:\/\/www.smedemokrati.sk\/#organization\",\"name\":\"Smedemokrati.sk\",\"url\":\"https:\/\/www.smedemokrati.sk\/\",\"logo\":{\"@type\":\"ImageObject\",\"inLanguage\":\"hu-HU\",\"@id\":\"https:\/\/www.smedemokrati.sk\/#\/schema\/logo\/image\/\",\"url\":\"https:\/\/www.smedemokrati.sk\/wp-content\/uploads\/2023\/04\/ff.002.jpeg\",\"contentUrl\":\"https:\/\/www.smedemokrati.sk\/wp-content\/uploads\/2023\/04\/ff.002.jpeg\",\"width\":640,\"height\":480,\"caption\":\"Smedemokrati.sk\"},\"image\":{\"@id\":\"https:\/\/www.smedemokrati.sk\/#\/schema\/logo\/image\/\"},\"sameAs\":[\"https:\/\/www.facebook.com\/smedemokrati2023\"]},{\"@type\":\"Person\",\"@id\":\"https:\/\/www.smedemokrati.sk\/#\/schema\/person\/21f147c88d605aa7ded900e1e7c344ba\",\"name\":\"miro.sopko\",\"image\":{\"@type\":\"ImageObject\",\"inLanguage\":\"hu-HU\",\"@id\":\"https:\/\/secure.gravatar.com\/avatar\/267e4a36f704376c109afe3a78740c1f5dd8675a2180a908699e7863c9247606?s=96&d=mm&r=g\",\"url\":\"https:\/\/secure.gravatar.com\/avatar\/267e4a36f704376c109afe3a78740c1f5dd8675a2180a908699e7863c9247606?s=96&d=mm&r=g\",\"contentUrl\":\"https:\/\/secure.gravatar.com\/avatar\/267e4a36f704376c109afe3a78740c1f5dd8675a2180a908699e7863c9247606?s=96&d=mm&r=g\",\"caption\":\"miro.sopko\"},\"url\":\"https:\/\/www.smedemokrati.sk\/hu\/author\/miro-sopko\/\"}]}<\/script>\n<!-- \/ Yoast SEO plugin. -->","yoast_head_json":{"title":"Odha\u013eujeme podvody na PPA: 2,1 mili\u00f3na na sklady ovocia a zeleniny, okolo ktor\u00fdch jablko ani nepre\u0161lo, a st\u00e1tis\u00edce na kosenie skalnat\u00e9ho brala","robots":{"index":"index","follow":"follow","max-snippet":"max-snippet:-1","max-image-preview":"max-image-preview:large","max-video-preview":"max-video-preview:-1"},"canonical":"https:\/\/www.smedemokrati.sk\/hu\/odhalujeme-podvody-na-ppa-21-miliona-na-sklady-ovocia-a-zeleniny-okolo-ktorych-jablko-ani-nepreslo-a-statisice-na-kosenie-skalnateho-brala\/","og_locale":"hu_HU","og_type":"article","og_title":"[:sk]Odha\u013eujeme podvody na PPA: 2,1 mili\u00f3na na sklady ovocia a zeleniny, okolo ktor\u00fdch jablko ani nepre\u0161lo, a st\u00e1tis\u00edce na kosenie skalnat\u00e9ho brala[:] - Smedemokrati.sk","og_description":"Pod\u013ea zml\u00fav mali tri firmy&nbsp;z\u00edska\u0165 mili\u00f3ny na skladovanie ovocia a zeleniny, v\u00fdsadbu ovocn\u00fdch sadov a n\u00e1kup techniky. Demokrati a Pir\u00e1tska strana sa boli na tieto \u00fadajn\u00e9 sklady a sady v Medovarciach pozrie\u0165. Aj miestni potvrdili, \u017ee nejak\u00e9 sklady s\u00edce postaven\u00e9 s\u00fa, no na \u00fa\u010del, ktor\u00fd je uveden\u00fd v projekte, nikdy nesl\u00fa\u017eili a vonkoncom nie s\u00fa [&hellip;]","og_url":"https:\/\/www.smedemokrati.sk\/hu\/odhalujeme-podvody-na-ppa-21-miliona-na-sklady-ovocia-a-zeleniny-okolo-ktorych-jablko-ani-nepreslo-a-statisice-na-kosenie-skalnateho-brala\/","og_site_name":"Smedemokrati.sk","article_publisher":"https:\/\/www.facebook.com\/smedemokrati2023","article_published_time":"2025-07-30T11:06:29+00:00","article_modified_time":"2025-07-30T11:06:30+00:00","og_image":[{"width":840,"height":426,"url":"https:\/\/www.smedemokrati.sk\/wp-content\/uploads\/2025\/07\/ppa-dalsie-podvody.jpg","type":"image\/jpeg"}],"author":"miro.sopko","twitter_card":"summary_large_image","twitter_misc":{"Szerz\u0151:":"miro.sopko","Becs\u00fclt olvas\u00e1si id\u0151":"3 perc"},"schema":{"@context":"https:\/\/schema.org","@graph":[{"@type":"Article","@id":"https:\/\/www.smedemokrati.sk\/odhalujeme-podvody-na-ppa-21-miliona-na-sklady-ovocia-a-zeleniny-okolo-ktorych-jablko-ani-nepreslo-a-statisice-na-kosenie-skalnateho-brala\/#article","isPartOf":{"@id":"https:\/\/www.smedemokrati.sk\/odhalujeme-podvody-na-ppa-21-miliona-na-sklady-ovocia-a-zeleniny-okolo-ktorych-jablko-ani-nepreslo-a-statisice-na-kosenie-skalnateho-brala\/"},"author":{"name":"miro.sopko","@id":"https:\/\/www.smedemokrati.sk\/#\/schema\/person\/21f147c88d605aa7ded900e1e7c344ba"},"headline":"Odha\u013eujeme podvody na PPA: 2,1 mili\u00f3na na sklady ovocia a zeleniny, okolo ktor\u00fdch jablko ani nepre\u0161lo, a st\u00e1tis\u00edce na kosenie skalnat\u00e9ho brala","datePublished":"2025-07-30T11:06:29+00:00","dateModified":"2025-07-30T11:06:30+00:00","mainEntityOfPage":{"@id":"https:\/\/www.smedemokrati.sk\/odhalujeme-podvody-na-ppa-21-miliona-na-sklady-ovocia-a-zeleniny-okolo-ktorych-jablko-ani-nepreslo-a-statisice-na-kosenie-skalnateho-brala\/"},"wordCount":542,"publisher":{"@id":"https:\/\/www.smedemokrati.sk\/#organization"},"image":{"@id":"https:\/\/www.smedemokrati.sk\/odhalujeme-podvody-na-ppa-21-miliona-na-sklady-ovocia-a-zeleniny-okolo-ktorych-jablko-ani-nepreslo-a-statisice-na-kosenie-skalnateho-brala\/#primaryimage"},"thumbnailUrl":"https:\/\/www.smedemokrati.sk\/wp-content\/uploads\/2025\/07\/ppa-dalsie-podvody.jpg","articleSection":["Tla\u010dov\u00e9 spr\u00e1vy"],"inLanguage":"hu-HU"},{"@type":"WebPage","@id":"https:\/\/www.smedemokrati.sk\/odhalujeme-podvody-na-ppa-21-miliona-na-sklady-ovocia-a-zeleniny-okolo-ktorych-jablko-ani-nepreslo-a-statisice-na-kosenie-skalnateho-brala\/","url":"https:\/\/www.smedemokrati.sk\/odhalujeme-podvody-na-ppa-21-miliona-na-sklady-ovocia-a-zeleniny-okolo-ktorych-jablko-ani-nepreslo-a-statisice-na-kosenie-skalnateho-brala\/","name":"Odha\u013eujeme podvody na PPA: 2,1 mili\u00f3na na sklady ovocia a zeleniny, okolo ktor\u00fdch jablko ani nepre\u0161lo, a st\u00e1tis\u00edce na kosenie skalnat\u00e9ho brala","isPartOf":{"@id":"https:\/\/www.smedemokrati.sk\/#website"},"primaryImageOfPage":{"@id":"https:\/\/www.smedemokrati.sk\/odhalujeme-podvody-na-ppa-21-miliona-na-sklady-ovocia-a-zeleniny-okolo-ktorych-jablko-ani-nepreslo-a-statisice-na-kosenie-skalnateho-brala\/#primaryimage"},"image":{"@id":"https:\/\/www.smedemokrati.sk\/odhalujeme-podvody-na-ppa-21-miliona-na-sklady-ovocia-a-zeleniny-okolo-ktorych-jablko-ani-nepreslo-a-statisice-na-kosenie-skalnateho-brala\/#primaryimage"},"thumbnailUrl":"https:\/\/www.smedemokrati.sk\/wp-content\/uploads\/2025\/07\/ppa-dalsie-podvody.jpg","datePublished":"2025-07-30T11:06:29+00:00","dateModified":"2025-07-30T11:06:30+00:00","breadcrumb":{"@id":"https:\/\/www.smedemokrati.sk\/odhalujeme-podvody-na-ppa-21-miliona-na-sklady-ovocia-a-zeleniny-okolo-ktorych-jablko-ani-nepreslo-a-statisice-na-kosenie-skalnateho-brala\/#breadcrumb"},"inLanguage":"hu-HU","potentialAction":[{"@type":"ReadAction","target":["https:\/\/www.smedemokrati.sk\/odhalujeme-podvody-na-ppa-21-miliona-na-sklady-ovocia-a-zeleniny-okolo-ktorych-jablko-ani-nepreslo-a-statisice-na-kosenie-skalnateho-brala\/"]}]},{"@type":"ImageObject","inLanguage":"hu-HU","@id":"https:\/\/www.smedemokrati.sk\/odhalujeme-podvody-na-ppa-21-miliona-na-sklady-ovocia-a-zeleniny-okolo-ktorych-jablko-ani-nepreslo-a-statisice-na-kosenie-skalnateho-brala\/#primaryimage","url":"https:\/\/www.smedemokrati.sk\/wp-content\/uploads\/2025\/07\/ppa-dalsie-podvody.jpg","contentUrl":"https:\/\/www.smedemokrati.sk\/wp-content\/uploads\/2025\/07\/ppa-dalsie-podvody.jpg","width":840,"height":426},{"@type":"BreadcrumbList","@id":"https:\/\/www.smedemokrati.sk\/odhalujeme-podvody-na-ppa-21-miliona-na-sklady-ovocia-a-zeleniny-okolo-ktorych-jablko-ani-nepreslo-a-statisice-na-kosenie-skalnateho-brala\/#breadcrumb","itemListElement":[{"@type":"ListItem","position":1,"name":"Domovsk\u00e1 str\u00e1nka","item":"https:\/\/www.smedemokrati.sk\/"},{"@type":"ListItem","position":2,"name":"Odha\u013eujeme podvody na PPA: 2,1 mili\u00f3na na sklady ovocia a zeleniny, okolo ktor\u00fdch jablko ani nepre\u0161lo, a st\u00e1tis\u00edce na kosenie skalnat\u00e9ho brala"}]},{"@type":"WebSite","@id":"https:\/\/www.smedemokrati.sk\/#website","url":"https:\/\/www.smedemokrati.sk\/","name":"Smedemokrati.sk","description":"Demokracia a slu\u0161nos\u0165 zv\u00ed\u0165az\u00ed","publisher":{"@id":"https:\/\/www.smedemokrati.sk\/#organization"},"potentialAction":[{"@type":"SearchAction","target":{"@type":"EntryPoint","urlTemplate":"https:\/\/www.smedemokrati.sk\/?s={search_term_string}"},"query-input":{"@type":"PropertyValueSpecification","valueRequired":true,"valueName":"search_term_string"}}],"inLanguage":"hu-HU"},{"@type":"Organization","@id":"https:\/\/www.smedemokrati.sk\/#organization","name":"Smedemokrati.sk","url":"https:\/\/www.smedemokrati.sk\/","logo":{"@type":"ImageObject","inLanguage":"hu-HU","@id":"https:\/\/www.smedemokrati.sk\/#\/schema\/logo\/image\/","url":"https:\/\/www.smedemokrati.sk\/wp-content\/uploads\/2023\/04\/ff.002.jpeg","contentUrl":"https:\/\/www.smedemokrati.sk\/wp-content\/uploads\/2023\/04\/ff.002.jpeg","width":640,"height":480,"caption":"Smedemokrati.sk"},"image":{"@id":"https:\/\/www.smedemokrati.sk\/#\/schema\/logo\/image\/"},"sameAs":["https:\/\/www.facebook.com\/smedemokrati2023"]},{"@type":"Person","@id":"https:\/\/www.smedemokrati.sk\/#\/schema\/person\/21f147c88d605aa7ded900e1e7c344ba","name":"miro.sopko","image":{"@type":"ImageObject","inLanguage":"hu-HU","@id":"https:\/\/secure.gravatar.com\/avatar\/267e4a36f704376c109afe3a78740c1f5dd8675a2180a908699e7863c9247606?s=96&d=mm&r=g","url":"https:\/\/secure.gravatar.com\/avatar\/267e4a36f704376c109afe3a78740c1f5dd8675a2180a908699e7863c9247606?s=96&d=mm&r=g","contentUrl":"https:\/\/secure.gravatar.com\/avatar\/267e4a36f704376c109afe3a78740c1f5dd8675a2180a908699e7863c9247606?s=96&d=mm&r=g","caption":"miro.sopko"},"url":"https:\/\/www.smedemokrati.sk\/hu\/author\/miro-sopko\/"}]}},"_links":{"self":[{"href":"https:\/\/www.smedemokrati.sk\/hu\/wp-json\/wp\/v2\/posts\/7773","targetHints":{"allow":["GET"]}}],"collection":[{"href":"https:\/\/www.smedemokrati.sk\/hu\/wp-json\/wp\/v2\/posts"}],"about":[{"href":"https:\/\/www.smedemokrati.sk\/hu\/wp-json\/wp\/v2\/types\/post"}],"author":[{"embeddable":true,"href":"https:\/\/www.smedemokrati.sk\/hu\/wp-json\/wp\/v2\/users\/13"}],"replies":[{"embeddable":true,"href":"https:\/\/www.smedemokrati.sk\/hu\/wp-json\/wp\/v2\/comments?post=7773"}],"version-history":[{"count":1,"href":"https:\/\/www.smedemokrati.sk\/hu\/wp-json\/wp\/v2\/posts\/7773\/revisions"}],"predecessor-version":[{"id":7775,"href":"https:\/\/www.smedemokrati.sk\/hu\/wp-json\/wp\/v2\/posts\/7773\/revisions\/7775"}],"wp:featuredmedia":[{"embeddable":true,"href":"https:\/\/www.smedemokrati.sk\/hu\/wp-json\/wp\/v2\/media\/7774"}],"wp:attachment":[{"href":"https:\/\/www.smedemokrati.sk\/hu\/wp-json\/wp\/v2\/media?parent=7773"}],"wp:term":[{"taxonomy":"category","embeddable":true,"href":"https:\/\/www.smedemokrati.sk\/hu\/wp-json\/wp\/v2\/categories?post=7773"},{"taxonomy":"post_tag","embeddable":true,"href":"https:\/\/www.smedemokrati.sk\/hu\/wp-json\/wp\/v2\/tags?post=7773"}],"curies":[{"name":"wp","href":"https:\/\/api.w.org\/{rel}","templated":true}]}}