{"id":7723,"date":"2025-07-21T15:47:37","date_gmt":"2025-07-21T14:47:37","guid":{"rendered":"https:\/\/www.smedemokrati.sk\/?p=7723"},"modified":"2025-07-21T15:47:38","modified_gmt":"2025-07-21T14:47:38","slug":"ten-isty-nakup-potravin-je-medzirocne-drahsi-o-70","status":"publish","type":"post","link":"https:\/\/www.smedemokrati.sk\/hu\/ten-isty-nakup-potravin-je-medzirocne-drahsi-o-70\/","title":{"rendered":"Ten ist\u00fd n\u00e1kup potrav\u00edn je medziro\u010dne drah\u0161\u00ed o 70 %"},"content":{"rendered":"<div id=\"fb-root\"><\/div>\n\n<p><strong>N\u00e1kup z\u00e1kladn\u00fdch potrav\u00edn, ktor\u00fd pred rokom st\u00e1l 10 eur, dnes vych\u00e1dza na 17 eur. Demokrati vyz\u00fdvaj\u00fa vl\u00e1du, aby sa nezaoberala len rast\u00facimi cenami potrav\u00edn, ale najm\u00e4 prijala opatrenia na na\u0161tartovanie ekonomiky a pril\u00e1kanie investorov. To by mohlo v\u00fdrazne zlep\u0161i\u0165 \u017eivotn\u00fa \u00farove\u0148 obyvate\u013eov Slovenska.<\/strong><\/p>\n\n\n\n<p>\u201ePotraviny s\u00fa dnes drah\u0161ie o neuverite\u013en\u00fdch 70 %. Kde je teraz Robert Fico, ktor\u00fd sa kedysi predv\u00e1dzal, ako d\u00e1va premi\u00e9rovi Hegerovi ro\u017eok do \u00fast, aby vraj poc\u00edtil, ako chut\u00ed chudoba? A kde je Peter Pellegrini, ktor\u00fd s\u013euboval lacnej\u0161ie potraviny na billboardoch? Takmer mili\u00f3n Slov\u00e1kov \u017eije na hranici chudoby a vl\u00e1da si zatia\u013e u\u017e\u00edva dovolenky,\u201c uviedol podpredseda Demokratov Juraj \u0160eliga.<\/p>\n\n\n\n<p>Pod\u013ea neho Slovensko \u010dak\u00e1 \u010fal\u0161ia vlna konsolid\u00e1cie, ke\u010f\u017ee doteraj\u0161ie opatrenia vl\u00e1dy s\u00fa neefekt\u00edvne. \u201eHovor\u00ed sa, \u017ee kabinet zva\u017euje zv\u00fd\u0161enie dan\u00ed a\u017e na \u00farove\u0148 25 %. Ofici\u00e1lne sme vl\u00e1du po\u017eiadali o vyjadrenie a \u010dak\u00e1me na odpove\u010f. No u\u017e dnes ju d\u00f4razne vyz\u00fdvame, aby za\u010dala hospod\u00e1ri\u0165 zodpovedne, h\u013eadala \u00faspory vo v\u00fddavkoch \u0161t\u00e1tu a neza\u0165a\u017eovala ob\u010danov \u010fal\u0161\u00edmi bremenami,\u201c dodal \u0160eliga.<\/p>\n\n\n\n<p>\u201cP\u00fdtam sa v\u0161etk\u00fdch \u013eud\u00ed, bez oh\u013eadu na to koho volia, nar\u00e1stol v\u00e1m plat za posledn\u00fd rok o 70%? Nie? Ceny potrav\u00edn v\u0161ak \u00e1no, toto je \u00faplne \u0161ialan\u00e9!\u201d hovor\u00ed Juraj \u0160eliga<\/p>\n\n\n\n<p>Dominik Sumbal, ktor\u00fd je z ekonomick\u00e9ho t\u00edmu strany hovor\u00ed, \u017ee finan\u010dn\u00e1 situ\u00e1cia be\u017en\u00fdch Slov\u00e1kov je za vl\u00e1dy Roberta Fica alarmuj\u00faca: \u201cAko strana chod\u00edme ka\u017ed\u00fd t\u00fd\u017ede\u0148 zbiera\u0165 podpisy pod pet\u00edciu Sta\u010dilo Fica. V Polt\u00e1ri hovoria, \u017ee musia vy\u017ei\u0165 z 10 eur na de\u0148. Vl\u00e1da m\u00e1 za sebou dve spackan\u00e9 konsolid\u00e1cie, na ktor\u00e9 doplatili \u013eudia, tretiu nemusia niektor\u00e9 dom\u00e1cnosti ust\u00e1\u0165.\u201d<\/p>\n\n\n\n<p>Strana Demokrati opakovane upozor\u0148uje, \u017ee ceny potrav\u00edn s\u00fa v porovnan\u00ed s okolit\u00fdmi krajinami a najm\u00e4 v pomere na slovensk\u00e9 platy mimoriadne vysok\u00e9. Grafy Ladislava Kamenick\u00e9ho s\u00fa smie\u0161ne, klam\u00fa a zav\u00e1dzaj\u00fa. Ak vl\u00e1da nepr\u00edjme opatrenia na rozbeh ekonomiky, Slovensku hrozia soci\u00e1lne nepokoje v d\u00f4sledku chudoby.<\/p>\n\n\n<div class=\"fb-video\" data-href=\"https:\/\/www.facebook.com\/smedemokrati2023\/videos\/1703649560272080\" data-allowfullscreen=\"true\" data-autoplay=\"false\" data-width=\"\" data-show-text=\"false\" data-show-captions=\"true\"><\/div>\n","protected":false},"excerpt":{"rendered":"<p>N\u00e1kup z\u00e1kladn\u00fdch potrav\u00edn, ktor\u00fd pred rokom st\u00e1l 10 eur, dnes vych\u00e1dza na 17 eur. Demokrati vyz\u00fdvaj\u00fa vl\u00e1du, aby sa nezaoberala len rast\u00facimi cenami potrav\u00edn, ale najm\u00e4 prijala opatrenia na na\u0161tartovanie ekonomiky a pril\u00e1kanie investorov. To by mohlo v\u00fdrazne zlep\u0161i\u0165 \u017eivotn\u00fa \u00farove\u0148 obyvate\u013eov Slovenska. \u201ePotraviny s\u00fa dnes drah\u0161ie o neuverite\u013en\u00fdch 70 %. Kde je teraz Robert [&hellip;]<\/p>\n","protected":false},"author":13,"featured_media":7724,"comment_status":"closed","ping_status":"closed","sticky":false,"template":"","format":"standard","meta":{"_acf_changed":false,"ngg_post_thumbnail":0,"footnotes":""},"categories":[4],"tags":[],"class_list":["post-7723","post","type-post","status-publish","format-standard","has-post-thumbnail","hentry","category-tlacove-spravy"],"acf":[],"yoast_head":"<!-- This site is optimized with the Yoast SEO plugin v27.2 - https:\/\/yoast.com\/product\/yoast-seo-wordpress\/ -->\n<title>Ten ist\u00fd n\u00e1kup potrav\u00edn je medziro\u010dne drah\u0161\u00ed o 70 %<\/title>\n<meta name=\"description\" content=\"N\u00e1kup z\u00e1kladn\u00fdch potrav\u00edn, ktor\u00fd pred rokom st\u00e1l 10 eur, dnes vych\u00e1dza na 17 eur. Demokrati vyz\u00fdvaj\u00fa vl\u00e1du, aby sa nezaoberala len rast\u00facimi cenami potrav\u00edn, ale najm\u00e4 prijala opatrenia na na\u0161tartovanie ekonomiky a pril\u00e1kanie investorov. To by mohlo v\u00fdrazne zlep\u0161i\u0165 \u017eivotn\u00fa \u00farove\u0148 obyvate\u013eov Slovenska.\" \/>\n<meta name=\"robots\" content=\"index, follow, max-snippet:-1, max-image-preview:large, max-video-preview:-1\" \/>\n<link rel=\"canonical\" href=\"https:\/\/www.smedemokrati.sk\/hu\/ten-isty-nakup-potravin-je-medzirocne-drahsi-o-70\/\" \/>\n<meta property=\"og:locale\" content=\"hu_HU\" \/>\n<meta property=\"og:locale:alternate\" content=\"en_US\" \/>\n<meta property=\"og:locale:alternate\" content=\"cs_CZ\" \/>\n<meta property=\"og:locale:alternate\" content=\"sk_SK\" \/>\n<meta property=\"og:locale:alternate\" content=\"sv_SE\" \/>\n<meta property=\"og:type\" content=\"article\" \/>\n<meta property=\"og:title\" content=\"Ten ist\u00fd n\u00e1kup potrav\u00edn je medziro\u010dne drah\u0161\u00ed o 70 %\" \/>\n<meta property=\"og:description\" content=\"N\u00e1kup z\u00e1kladn\u00fdch potrav\u00edn, ktor\u00fd pred rokom st\u00e1l 10 eur, dnes vych\u00e1dza na 17 eur. Demokrati vyz\u00fdvaj\u00fa vl\u00e1du, aby sa nezaoberala len rast\u00facimi cenami potrav\u00edn, ale najm\u00e4 prijala opatrenia na na\u0161tartovanie ekonomiky a pril\u00e1kanie investorov. To by mohlo v\u00fdrazne zlep\u0161i\u0165 \u017eivotn\u00fa \u00farove\u0148 obyvate\u013eov Slovenska.\" \/>\n<meta property=\"og:url\" content=\"https:\/\/www.smedemokrati.sk\/hu\/ten-isty-nakup-potravin-je-medzirocne-drahsi-o-70\/\" \/>\n<meta property=\"og:site_name\" content=\"Smedemokrati.sk\" \/>\n<meta property=\"article:publisher\" content=\"https:\/\/www.facebook.com\/smedemokrati2023\" \/>\n<meta property=\"article:published_time\" content=\"2025-07-21T14:47:37+00:00\" \/>\n<meta property=\"article:modified_time\" content=\"2025-07-21T14:47:38+00:00\" \/>\n<meta property=\"og:image\" content=\"https:\/\/www.smedemokrati.sk\/wp-content\/uploads\/2025\/07\/drahe-potraviny.jpg\" \/>\n\t<meta property=\"og:image:width\" content=\"648\" \/>\n\t<meta property=\"og:image:height\" content=\"337\" \/>\n\t<meta property=\"og:image:type\" content=\"image\/jpeg\" \/>\n<meta name=\"author\" content=\"miro.sopko\" \/>\n<meta name=\"twitter:card\" content=\"summary_large_image\" \/>\n<meta name=\"twitter:label1\" content=\"Szerz\u0151:\" \/>\n\t<meta name=\"twitter:data1\" content=\"miro.sopko\" \/>\n\t<meta name=\"twitter:label2\" content=\"Becs\u00fclt olvas\u00e1si id\u0151\" \/>\n\t<meta name=\"twitter:data2\" content=\"2 perc\" \/>\n<script type=\"application\/ld+json\" class=\"yoast-schema-graph\">{\"@context\":\"https:\/\/schema.org\",\"@graph\":[{\"@type\":\"Article\",\"@id\":\"https:\/\/www.smedemokrati.sk\/ten-isty-nakup-potravin-je-medzirocne-drahsi-o-70\/#article\",\"isPartOf\":{\"@id\":\"https:\/\/www.smedemokrati.sk\/ten-isty-nakup-potravin-je-medzirocne-drahsi-o-70\/\"},\"author\":{\"name\":\"miro.sopko\",\"@id\":\"https:\/\/www.smedemokrati.sk\/#\/schema\/person\/21f147c88d605aa7ded900e1e7c344ba\"},\"headline\":\"Ten ist\u00fd n\u00e1kup potrav\u00edn je medziro\u010dne drah\u0161\u00ed o 70 %\",\"datePublished\":\"2025-07-21T14:47:37+00:00\",\"dateModified\":\"2025-07-21T14:47:38+00:00\",\"mainEntityOfPage\":{\"@id\":\"https:\/\/www.smedemokrati.sk\/ten-isty-nakup-potravin-je-medzirocne-drahsi-o-70\/\"},\"wordCount\":396,\"publisher\":{\"@id\":\"https:\/\/www.smedemokrati.sk\/#organization\"},\"image\":{\"@id\":\"https:\/\/www.smedemokrati.sk\/ten-isty-nakup-potravin-je-medzirocne-drahsi-o-70\/#primaryimage\"},\"thumbnailUrl\":\"https:\/\/www.smedemokrati.sk\/wp-content\/uploads\/2025\/07\/drahe-potraviny.jpg\",\"articleSection\":[\"Tla\u010dov\u00e9 spr\u00e1vy\"],\"inLanguage\":\"hu-HU\"},{\"@type\":\"WebPage\",\"@id\":\"https:\/\/www.smedemokrati.sk\/ten-isty-nakup-potravin-je-medzirocne-drahsi-o-70\/\",\"url\":\"https:\/\/www.smedemokrati.sk\/ten-isty-nakup-potravin-je-medzirocne-drahsi-o-70\/\",\"name\":\"Ten ist\u00fd n\u00e1kup potrav\u00edn je medziro\u010dne drah\u0161\u00ed o 70 %\",\"isPartOf\":{\"@id\":\"https:\/\/www.smedemokrati.sk\/#website\"},\"primaryImageOfPage\":{\"@id\":\"https:\/\/www.smedemokrati.sk\/ten-isty-nakup-potravin-je-medzirocne-drahsi-o-70\/#primaryimage\"},\"image\":{\"@id\":\"https:\/\/www.smedemokrati.sk\/ten-isty-nakup-potravin-je-medzirocne-drahsi-o-70\/#primaryimage\"},\"thumbnailUrl\":\"https:\/\/www.smedemokrati.sk\/wp-content\/uploads\/2025\/07\/drahe-potraviny.jpg\",\"datePublished\":\"2025-07-21T14:47:37+00:00\",\"dateModified\":\"2025-07-21T14:47:38+00:00\",\"description\":\"N\u00e1kup z\u00e1kladn\u00fdch potrav\u00edn, ktor\u00fd pred rokom st\u00e1l 10 eur, dnes vych\u00e1dza na 17 eur. Demokrati vyz\u00fdvaj\u00fa vl\u00e1du, aby sa nezaoberala len rast\u00facimi cenami potrav\u00edn, ale najm\u00e4 prijala opatrenia na na\u0161tartovanie ekonomiky a pril\u00e1kanie investorov. To by mohlo v\u00fdrazne zlep\u0161i\u0165 \u017eivotn\u00fa \u00farove\u0148 obyvate\u013eov Slovenska.\",\"breadcrumb\":{\"@id\":\"https:\/\/www.smedemokrati.sk\/ten-isty-nakup-potravin-je-medzirocne-drahsi-o-70\/#breadcrumb\"},\"inLanguage\":\"hu-HU\",\"potentialAction\":[{\"@type\":\"ReadAction\",\"target\":[\"https:\/\/www.smedemokrati.sk\/ten-isty-nakup-potravin-je-medzirocne-drahsi-o-70\/\"]}]},{\"@type\":\"ImageObject\",\"inLanguage\":\"hu-HU\",\"@id\":\"https:\/\/www.smedemokrati.sk\/ten-isty-nakup-potravin-je-medzirocne-drahsi-o-70\/#primaryimage\",\"url\":\"https:\/\/www.smedemokrati.sk\/wp-content\/uploads\/2025\/07\/drahe-potraviny.jpg\",\"contentUrl\":\"https:\/\/www.smedemokrati.sk\/wp-content\/uploads\/2025\/07\/drahe-potraviny.jpg\",\"width\":648,\"height\":337},{\"@type\":\"BreadcrumbList\",\"@id\":\"https:\/\/www.smedemokrati.sk\/ten-isty-nakup-potravin-je-medzirocne-drahsi-o-70\/#breadcrumb\",\"itemListElement\":[{\"@type\":\"ListItem\",\"position\":1,\"name\":\"Domovsk\u00e1 str\u00e1nka\",\"item\":\"https:\/\/www.smedemokrati.sk\/\"},{\"@type\":\"ListItem\",\"position\":2,\"name\":\"Ten ist\u00fd n\u00e1kup potrav\u00edn je medziro\u010dne drah\u0161\u00ed o 70 %\"}]},{\"@type\":\"WebSite\",\"@id\":\"https:\/\/www.smedemokrati.sk\/#website\",\"url\":\"https:\/\/www.smedemokrati.sk\/\",\"name\":\"Smedemokrati.sk\",\"description\":\"Demokracia a slu\u0161nos\u0165 zv\u00ed\u0165az\u00ed\",\"publisher\":{\"@id\":\"https:\/\/www.smedemokrati.sk\/#organization\"},\"potentialAction\":[{\"@type\":\"SearchAction\",\"target\":{\"@type\":\"EntryPoint\",\"urlTemplate\":\"https:\/\/www.smedemokrati.sk\/?s={search_term_string}\"},\"query-input\":{\"@type\":\"PropertyValueSpecification\",\"valueRequired\":true,\"valueName\":\"search_term_string\"}}],\"inLanguage\":\"hu-HU\"},{\"@type\":\"Organization\",\"@id\":\"https:\/\/www.smedemokrati.sk\/#organization\",\"name\":\"Smedemokrati.sk\",\"url\":\"https:\/\/www.smedemokrati.sk\/\",\"logo\":{\"@type\":\"ImageObject\",\"inLanguage\":\"hu-HU\",\"@id\":\"https:\/\/www.smedemokrati.sk\/#\/schema\/logo\/image\/\",\"url\":\"https:\/\/www.smedemokrati.sk\/wp-content\/uploads\/2023\/04\/ff.002.jpeg\",\"contentUrl\":\"https:\/\/www.smedemokrati.sk\/wp-content\/uploads\/2023\/04\/ff.002.jpeg\",\"width\":640,\"height\":480,\"caption\":\"Smedemokrati.sk\"},\"image\":{\"@id\":\"https:\/\/www.smedemokrati.sk\/#\/schema\/logo\/image\/\"},\"sameAs\":[\"https:\/\/www.facebook.com\/smedemokrati2023\"]},{\"@type\":\"Person\",\"@id\":\"https:\/\/www.smedemokrati.sk\/#\/schema\/person\/21f147c88d605aa7ded900e1e7c344ba\",\"name\":\"miro.sopko\",\"image\":{\"@type\":\"ImageObject\",\"inLanguage\":\"hu-HU\",\"@id\":\"https:\/\/secure.gravatar.com\/avatar\/267e4a36f704376c109afe3a78740c1f5dd8675a2180a908699e7863c9247606?s=96&d=mm&r=g\",\"url\":\"https:\/\/secure.gravatar.com\/avatar\/267e4a36f704376c109afe3a78740c1f5dd8675a2180a908699e7863c9247606?s=96&d=mm&r=g\",\"contentUrl\":\"https:\/\/secure.gravatar.com\/avatar\/267e4a36f704376c109afe3a78740c1f5dd8675a2180a908699e7863c9247606?s=96&d=mm&r=g\",\"caption\":\"miro.sopko\"},\"url\":\"https:\/\/www.smedemokrati.sk\/hu\/author\/miro-sopko\/\"}]}<\/script>\n<!-- \/ Yoast SEO plugin. -->","yoast_head_json":{"title":"Ten ist\u00fd n\u00e1kup potrav\u00edn je medziro\u010dne drah\u0161\u00ed o 70 %","description":"N\u00e1kup z\u00e1kladn\u00fdch potrav\u00edn, ktor\u00fd pred rokom st\u00e1l 10 eur, dnes vych\u00e1dza na 17 eur. Demokrati vyz\u00fdvaj\u00fa vl\u00e1du, aby sa nezaoberala len rast\u00facimi cenami potrav\u00edn, ale najm\u00e4 prijala opatrenia na na\u0161tartovanie ekonomiky a pril\u00e1kanie investorov. To by mohlo v\u00fdrazne zlep\u0161i\u0165 \u017eivotn\u00fa \u00farove\u0148 obyvate\u013eov Slovenska.","robots":{"index":"index","follow":"follow","max-snippet":"max-snippet:-1","max-image-preview":"max-image-preview:large","max-video-preview":"max-video-preview:-1"},"canonical":"https:\/\/www.smedemokrati.sk\/hu\/ten-isty-nakup-potravin-je-medzirocne-drahsi-o-70\/","og_locale":"hu_HU","og_type":"article","og_title":"[:sk]Ten ist\u00fd n\u00e1kup potrav\u00edn je medziro\u010dne drah\u0161\u00ed o 70 %[:] - Smedemokrati.sk","og_description":"[:sk]N\u00e1kup z\u00e1kladn\u00fdch potrav\u00edn, ktor\u00fd pred rokom st\u00e1l 10 eur, dnes vych\u00e1dza na 17 eur. Demokrati vyz\u00fdvaj\u00fa vl\u00e1du, aby sa nezaoberala len rast\u00facimi cenami potrav\u00edn, ale najm\u00e4 prijala opatrenia na na\u0161tartovanie ekonomiky a pril\u00e1kanie investorov. To by mohlo v\u00fdrazne zlep\u0161i\u0165 \u017eivotn\u00fa \u00farove\u0148 obyvate\u013eov Slovenska.[:]","og_url":"https:\/\/www.smedemokrati.sk\/hu\/ten-isty-nakup-potravin-je-medzirocne-drahsi-o-70\/","og_site_name":"Smedemokrati.sk","article_publisher":"https:\/\/www.facebook.com\/smedemokrati2023","article_published_time":"2025-07-21T14:47:37+00:00","article_modified_time":"2025-07-21T14:47:38+00:00","og_image":[{"width":648,"height":337,"url":"https:\/\/www.smedemokrati.sk\/wp-content\/uploads\/2025\/07\/drahe-potraviny.jpg","type":"image\/jpeg"}],"author":"miro.sopko","twitter_card":"summary_large_image","twitter_misc":{"Szerz\u0151:":"miro.sopko","Becs\u00fclt olvas\u00e1si id\u0151":"2 perc"},"schema":{"@context":"https:\/\/schema.org","@graph":[{"@type":"Article","@id":"https:\/\/www.smedemokrati.sk\/ten-isty-nakup-potravin-je-medzirocne-drahsi-o-70\/#article","isPartOf":{"@id":"https:\/\/www.smedemokrati.sk\/ten-isty-nakup-potravin-je-medzirocne-drahsi-o-70\/"},"author":{"name":"miro.sopko","@id":"https:\/\/www.smedemokrati.sk\/#\/schema\/person\/21f147c88d605aa7ded900e1e7c344ba"},"headline":"Ten ist\u00fd n\u00e1kup potrav\u00edn je medziro\u010dne drah\u0161\u00ed o 70 %","datePublished":"2025-07-21T14:47:37+00:00","dateModified":"2025-07-21T14:47:38+00:00","mainEntityOfPage":{"@id":"https:\/\/www.smedemokrati.sk\/ten-isty-nakup-potravin-je-medzirocne-drahsi-o-70\/"},"wordCount":396,"publisher":{"@id":"https:\/\/www.smedemokrati.sk\/#organization"},"image":{"@id":"https:\/\/www.smedemokrati.sk\/ten-isty-nakup-potravin-je-medzirocne-drahsi-o-70\/#primaryimage"},"thumbnailUrl":"https:\/\/www.smedemokrati.sk\/wp-content\/uploads\/2025\/07\/drahe-potraviny.jpg","articleSection":["Tla\u010dov\u00e9 spr\u00e1vy"],"inLanguage":"hu-HU"},{"@type":"WebPage","@id":"https:\/\/www.smedemokrati.sk\/ten-isty-nakup-potravin-je-medzirocne-drahsi-o-70\/","url":"https:\/\/www.smedemokrati.sk\/ten-isty-nakup-potravin-je-medzirocne-drahsi-o-70\/","name":"Ten ist\u00fd n\u00e1kup potrav\u00edn je medziro\u010dne drah\u0161\u00ed o 70 %","isPartOf":{"@id":"https:\/\/www.smedemokrati.sk\/#website"},"primaryImageOfPage":{"@id":"https:\/\/www.smedemokrati.sk\/ten-isty-nakup-potravin-je-medzirocne-drahsi-o-70\/#primaryimage"},"image":{"@id":"https:\/\/www.smedemokrati.sk\/ten-isty-nakup-potravin-je-medzirocne-drahsi-o-70\/#primaryimage"},"thumbnailUrl":"https:\/\/www.smedemokrati.sk\/wp-content\/uploads\/2025\/07\/drahe-potraviny.jpg","datePublished":"2025-07-21T14:47:37+00:00","dateModified":"2025-07-21T14:47:38+00:00","description":"N\u00e1kup z\u00e1kladn\u00fdch potrav\u00edn, ktor\u00fd pred rokom st\u00e1l 10 eur, dnes vych\u00e1dza na 17 eur. Demokrati vyz\u00fdvaj\u00fa vl\u00e1du, aby sa nezaoberala len rast\u00facimi cenami potrav\u00edn, ale najm\u00e4 prijala opatrenia na na\u0161tartovanie ekonomiky a pril\u00e1kanie investorov. To by mohlo v\u00fdrazne zlep\u0161i\u0165 \u017eivotn\u00fa \u00farove\u0148 obyvate\u013eov Slovenska.","breadcrumb":{"@id":"https:\/\/www.smedemokrati.sk\/ten-isty-nakup-potravin-je-medzirocne-drahsi-o-70\/#breadcrumb"},"inLanguage":"hu-HU","potentialAction":[{"@type":"ReadAction","target":["https:\/\/www.smedemokrati.sk\/ten-isty-nakup-potravin-je-medzirocne-drahsi-o-70\/"]}]},{"@type":"ImageObject","inLanguage":"hu-HU","@id":"https:\/\/www.smedemokrati.sk\/ten-isty-nakup-potravin-je-medzirocne-drahsi-o-70\/#primaryimage","url":"https:\/\/www.smedemokrati.sk\/wp-content\/uploads\/2025\/07\/drahe-potraviny.jpg","contentUrl":"https:\/\/www.smedemokrati.sk\/wp-content\/uploads\/2025\/07\/drahe-potraviny.jpg","width":648,"height":337},{"@type":"BreadcrumbList","@id":"https:\/\/www.smedemokrati.sk\/ten-isty-nakup-potravin-je-medzirocne-drahsi-o-70\/#breadcrumb","itemListElement":[{"@type":"ListItem","position":1,"name":"Domovsk\u00e1 str\u00e1nka","item":"https:\/\/www.smedemokrati.sk\/"},{"@type":"ListItem","position":2,"name":"Ten ist\u00fd n\u00e1kup potrav\u00edn je medziro\u010dne drah\u0161\u00ed o 70 %"}]},{"@type":"WebSite","@id":"https:\/\/www.smedemokrati.sk\/#website","url":"https:\/\/www.smedemokrati.sk\/","name":"Smedemokrati.sk","description":"Demokracia a slu\u0161nos\u0165 zv\u00ed\u0165az\u00ed","publisher":{"@id":"https:\/\/www.smedemokrati.sk\/#organization"},"potentialAction":[{"@type":"SearchAction","target":{"@type":"EntryPoint","urlTemplate":"https:\/\/www.smedemokrati.sk\/?s={search_term_string}"},"query-input":{"@type":"PropertyValueSpecification","valueRequired":true,"valueName":"search_term_string"}}],"inLanguage":"hu-HU"},{"@type":"Organization","@id":"https:\/\/www.smedemokrati.sk\/#organization","name":"Smedemokrati.sk","url":"https:\/\/www.smedemokrati.sk\/","logo":{"@type":"ImageObject","inLanguage":"hu-HU","@id":"https:\/\/www.smedemokrati.sk\/#\/schema\/logo\/image\/","url":"https:\/\/www.smedemokrati.sk\/wp-content\/uploads\/2023\/04\/ff.002.jpeg","contentUrl":"https:\/\/www.smedemokrati.sk\/wp-content\/uploads\/2023\/04\/ff.002.jpeg","width":640,"height":480,"caption":"Smedemokrati.sk"},"image":{"@id":"https:\/\/www.smedemokrati.sk\/#\/schema\/logo\/image\/"},"sameAs":["https:\/\/www.facebook.com\/smedemokrati2023"]},{"@type":"Person","@id":"https:\/\/www.smedemokrati.sk\/#\/schema\/person\/21f147c88d605aa7ded900e1e7c344ba","name":"miro.sopko","image":{"@type":"ImageObject","inLanguage":"hu-HU","@id":"https:\/\/secure.gravatar.com\/avatar\/267e4a36f704376c109afe3a78740c1f5dd8675a2180a908699e7863c9247606?s=96&d=mm&r=g","url":"https:\/\/secure.gravatar.com\/avatar\/267e4a36f704376c109afe3a78740c1f5dd8675a2180a908699e7863c9247606?s=96&d=mm&r=g","contentUrl":"https:\/\/secure.gravatar.com\/avatar\/267e4a36f704376c109afe3a78740c1f5dd8675a2180a908699e7863c9247606?s=96&d=mm&r=g","caption":"miro.sopko"},"url":"https:\/\/www.smedemokrati.sk\/hu\/author\/miro-sopko\/"}]}},"_links":{"self":[{"href":"https:\/\/www.smedemokrati.sk\/hu\/wp-json\/wp\/v2\/posts\/7723","targetHints":{"allow":["GET"]}}],"collection":[{"href":"https:\/\/www.smedemokrati.sk\/hu\/wp-json\/wp\/v2\/posts"}],"about":[{"href":"https:\/\/www.smedemokrati.sk\/hu\/wp-json\/wp\/v2\/types\/post"}],"author":[{"embeddable":true,"href":"https:\/\/www.smedemokrati.sk\/hu\/wp-json\/wp\/v2\/users\/13"}],"replies":[{"embeddable":true,"href":"https:\/\/www.smedemokrati.sk\/hu\/wp-json\/wp\/v2\/comments?post=7723"}],"version-history":[{"count":1,"href":"https:\/\/www.smedemokrati.sk\/hu\/wp-json\/wp\/v2\/posts\/7723\/revisions"}],"predecessor-version":[{"id":7725,"href":"https:\/\/www.smedemokrati.sk\/hu\/wp-json\/wp\/v2\/posts\/7723\/revisions\/7725"}],"wp:featuredmedia":[{"embeddable":true,"href":"https:\/\/www.smedemokrati.sk\/hu\/wp-json\/wp\/v2\/media\/7724"}],"wp:attachment":[{"href":"https:\/\/www.smedemokrati.sk\/hu\/wp-json\/wp\/v2\/media?parent=7723"}],"wp:term":[{"taxonomy":"category","embeddable":true,"href":"https:\/\/www.smedemokrati.sk\/hu\/wp-json\/wp\/v2\/categories?post=7723"},{"taxonomy":"post_tag","embeddable":true,"href":"https:\/\/www.smedemokrati.sk\/hu\/wp-json\/wp\/v2\/tags?post=7723"}],"curies":[{"name":"wp","href":"https:\/\/api.w.org\/{rel}","templated":true}]}}