{"id":7710,"date":"2025-07-17T13:38:20","date_gmt":"2025-07-17T12:38:20","guid":{"rendered":"https:\/\/www.smedemokrati.sk\/?p=7710"},"modified":"2025-07-17T13:38:20","modified_gmt":"2025-07-17T12:38:20","slug":"fico-vydiera-nerealnymi-poziadavkami","status":"publish","type":"post","link":"https:\/\/www.smedemokrati.sk\/hu\/fico-vydiera-nerealnymi-poziadavkami\/","title":{"rendered":"Fico vydiera nere\u00e1lnymi po\u017eiadavkami"},"content":{"rendered":"<div id=\"fb-root\"><\/div>\n\n<p><strong>Po\u017eiadavky Roberta Fica t\u00fdkaj\u00face sa plynu s\u00fa nere\u00e1lne. Nem\u00f4\u017ee zaviaza\u0165 ani Eur\u00f3psku komisiu, ani \u010dlensk\u00e9 \u0161t\u00e1ty E\u00da ku garanci\u00e1m, preto\u017ee s plynom neobchoduj\u00fa vl\u00e1dy jednotliv\u00fdch kraj\u00edn, ale obchodn\u00e9 spolo\u010dnosti. Demokrati z\u00e1rove\u0148 upozor\u0148uj\u00fa na rozhodnutie regul\u00e1tora (\u00daRSO), z ktor\u00e9ho vypl\u00fdva, \u017ee slovensk\u00e9 dom\u00e1cnosti si za energie priplatia.<\/strong><\/p>\n\n\n\n<p>Pod\u013ea b\u00fdval\u00e9ho ministra hospod\u00e1rstva Karla Hirmana (Demokrati) premi\u00e9r Fico klame, ke\u010f tvrd\u00ed, \u017ee zastavenie dod\u00e1vok plynu z Ruska je pre Slovensko nev\u00fdhodn\u00e9 a nemo\u017en\u00e9:<em>&nbsp;\u201ePremi\u00e9r tvrd\u00ed, \u017ee SPP m\u00e1 v kontrakte s rusk\u00fdm Gazpromom dohodnut\u00e9 mimoriadne v\u00fdhodn\u00e9 podmienky. To v\u0161ak nie je pravda, preto\u017ee v kontrakte nie je uveden\u00e1 \u017eiadna cena plynu, za ktor\u00fa ho odober\u00e1me. Cena sa toti\u017e tvor\u00ed ka\u017ed\u00fd de\u0148, a to na nemeckom trhu v D\u00fcsseldorfe,\u201c&nbsp;<\/em>vysvet\u013euje b\u00fdval\u00fd minister a dod\u00e1va, \u017ee to, \u010do \u017eiada Robert Fico od Eur\u00f3pskej komisie alebo kraj\u00edn E\u00da, ak Slovensko prestane odobera\u0165 rusk\u00fd plyn, je nere\u00e1lne.<\/p>\n\n\n\n<p><em>\u201eTo je, akoby ste od Eur\u00f3pskej komisie \u017eiadali, aby garantovala cenu zemiakov na Slovensku \u2013 to jednoducho nejde. Ani Eur\u00f3pska komisia, ani vl\u00e1dy jednotliv\u00fdch kraj\u00edn s plynom neobchoduj\u00fa. V\u0161etci, vr\u00e1tane samotn\u00e9ho Roberta Fica, vedia, \u017ee jeho po\u017eiadavky s\u00fa nere\u00e1lne u\u017e z povahy veci,\u201c&nbsp;<\/em>povedal Hirman.<\/p>\n\n\n\n<p>Predseda Demokratov Jaroslav Na\u010f kritizuje, \u017ee in\u00e9 krajiny sa dok\u00e1zali vzda\u0165 rusk\u00e9ho plynu, no slovensk\u00fd premi\u00e9r ako jedin\u00fd postupuje proti z\u00e1ujmom vlastnej krajiny:<\/p>\n\n\n\n<p><em>\u201eAko \u010cesi, tak aj Rak\u00fa\u0161ania a \u010fal\u0161\u00ed dok\u00e1zali odstrihn\u00fa\u0165 rusk\u00fd plyn. N\u00e1\u0161 premi\u00e9r to nielen\u017ee nie je ochotn\u00fd urobi\u0165, ale dokonca obhajuje rusk\u00fd Gazprom za to, \u017ee nedodr\u017eiava kontrakt a nedod\u00e1va plyn v takom mno\u017estve, ako m\u00e1 v kontrakte so slovensk\u00fdm SPP. Zatia\u013e \u010do in\u00e9 krajiny sa za to s\u00fadia, Slovensko je \u00fastami Roberta Fica na rusk\u00fd plyn odk\u00e1zan\u00e9. To nie je pravda.\u201c<\/em><\/p>\n\n\n\n<p>Karel Hirman v tejto s\u00favislosti upozor\u0148uje aj na zmeny regul\u00e1tora (\u00daRSO), v d\u00f4sledku ktor\u00fdch si dom\u00e1cnosti od nov\u00e9ho roka priplatia&nbsp;<em>\u201eAbsol\u00fatne nezmyselne sa Ficov regul\u00e1tor rozhodol, \u017ee \u010d\u00edm viac dom\u00e1cnosti spotrebuj\u00fa, t\u00fdm viac bud\u00fa plati\u0165 za jednotku kWh. To popiera ak\u00fako\u013evek logiku \u2013 ve\u010f aj v be\u017enom \u017eivote plat\u00ed, \u017ee \u010d\u00edm viac nak\u00fapite, t\u00fdm m\u00e1te na jednotliv\u00e9 v\u00fdrobky v\u00e4\u010d\u0161iu z\u013eavu. Odpor\u00fa\u010dam \u013eu\u010fom, aby sa pozreli, ak\u00fa maj\u00fa spotrebu. Pod\u013ea rozhodnutia Ficovho nominanta, ak spotrebujete nad 1 000 kWh, jednoducho budete plati\u0165 viac. Garantujem v\u00e1m, \u017ee v\u0161etci spotrebujeme viac, ako je t\u00e1to nezmyseln\u00e1 magick\u00e1 hranica.\u201c<\/em><\/p>\n\n\n<div class=\"fb-video\" data-href=\"https:\/\/fb.watch\/AUEDUWzUWQ\" data-allowfullscreen=\"true\" data-autoplay=\"false\" data-width=\"\" data-show-text=\"false\" data-show-captions=\"true\"><\/div>\n","protected":false},"excerpt":{"rendered":"<p>Po\u017eiadavky Roberta Fica t\u00fdkaj\u00face sa plynu s\u00fa nere\u00e1lne. Nem\u00f4\u017ee zaviaza\u0165 ani Eur\u00f3psku komisiu, ani \u010dlensk\u00e9 \u0161t\u00e1ty E\u00da ku garanci\u00e1m, preto\u017ee s plynom neobchoduj\u00fa vl\u00e1dy jednotliv\u00fdch kraj\u00edn, ale obchodn\u00e9 spolo\u010dnosti. Demokrati z\u00e1rove\u0148 upozor\u0148uj\u00fa na rozhodnutie regul\u00e1tora (\u00daRSO), z ktor\u00e9ho vypl\u00fdva, \u017ee slovensk\u00e9 dom\u00e1cnosti si za energie priplatia. Pod\u013ea b\u00fdval\u00e9ho ministra hospod\u00e1rstva Karla Hirmana (Demokrati) premi\u00e9r Fico [&hellip;]<\/p>\n","protected":false},"author":13,"featured_media":7711,"comment_status":"closed","ping_status":"closed","sticky":false,"template":"","format":"standard","meta":{"_acf_changed":false,"ngg_post_thumbnail":0,"footnotes":""},"categories":[4],"tags":[],"class_list":["post-7710","post","type-post","status-publish","format-standard","has-post-thumbnail","hentry","category-tlacove-spravy"],"acf":[],"yoast_head":"<!-- This site is optimized with the Yoast SEO plugin v27.2 - https:\/\/yoast.com\/product\/yoast-seo-wordpress\/ -->\n<title>Fico vydiera nere\u00e1lnymi po\u017eiadavkami<\/title>\n<meta name=\"description\" content=\"Po\u017eiadavky Roberta Fica t\u00fdkaj\u00face sa plynu s\u00fa nere\u00e1lne. Nem\u00f4\u017ee zaviaza\u0165 ani Eur\u00f3psku komisiu, ani \u010dlensk\u00e9 \u0161t\u00e1ty E\u00da ku garanci\u00e1m, preto\u017ee s plynom neobchoduj\u00fa vl\u00e1dy jednotliv\u00fdch kraj\u00edn, ale obchodn\u00e9 spolo\u010dnosti. Demokrati z\u00e1rove\u0148 upozor\u0148uj\u00fa na rozhodnutie regul\u00e1tora (\u00daRSO), z ktor\u00e9ho vypl\u00fdva, \u017ee slovensk\u00e9 dom\u00e1cnosti si za energie priplatia.\" \/>\n<meta name=\"robots\" content=\"index, follow, max-snippet:-1, max-image-preview:large, max-video-preview:-1\" \/>\n<link rel=\"canonical\" href=\"https:\/\/www.smedemokrati.sk\/hu\/fico-vydiera-nerealnymi-poziadavkami\/\" \/>\n<meta property=\"og:locale\" content=\"hu_HU\" \/>\n<meta property=\"og:locale:alternate\" content=\"en_US\" \/>\n<meta property=\"og:locale:alternate\" content=\"cs_CZ\" \/>\n<meta property=\"og:locale:alternate\" content=\"sk_SK\" \/>\n<meta property=\"og:locale:alternate\" content=\"sv_SE\" \/>\n<meta property=\"og:type\" content=\"article\" \/>\n<meta property=\"og:title\" content=\"Fico vydiera nere\u00e1lnymi po\u017eiadavkami\" \/>\n<meta property=\"og:description\" content=\"Po\u017eiadavky Roberta Fica t\u00fdkaj\u00face sa plynu s\u00fa nere\u00e1lne. Nem\u00f4\u017ee zaviaza\u0165 ani Eur\u00f3psku komisiu, ani \u010dlensk\u00e9 \u0161t\u00e1ty E\u00da ku garanci\u00e1m, preto\u017ee s plynom neobchoduj\u00fa vl\u00e1dy jednotliv\u00fdch kraj\u00edn, ale obchodn\u00e9 spolo\u010dnosti. Demokrati z\u00e1rove\u0148 upozor\u0148uj\u00fa na rozhodnutie regul\u00e1tora (\u00daRSO), z ktor\u00e9ho vypl\u00fdva, \u017ee slovensk\u00e9 dom\u00e1cnosti si za energie priplatia.\" \/>\n<meta property=\"og:url\" content=\"https:\/\/www.smedemokrati.sk\/hu\/fico-vydiera-nerealnymi-poziadavkami\/\" \/>\n<meta property=\"og:site_name\" content=\"Smedemokrati.sk\" \/>\n<meta property=\"article:publisher\" content=\"https:\/\/www.facebook.com\/smedemokrati2023\" \/>\n<meta property=\"article:published_time\" content=\"2025-07-17T12:38:20+00:00\" \/>\n<meta property=\"og:image\" content=\"https:\/\/www.smedemokrati.sk\/wp-content\/uploads\/2025\/07\/JN_KH_fico_vydiera_EU.jpg\" \/>\n\t<meta property=\"og:image:width\" content=\"1820\" \/>\n\t<meta property=\"og:image:height\" content=\"927\" \/>\n\t<meta property=\"og:image:type\" content=\"image\/jpeg\" \/>\n<meta name=\"author\" content=\"miro.sopko\" \/>\n<meta name=\"twitter:card\" content=\"summary_large_image\" \/>\n<meta name=\"twitter:label1\" content=\"Szerz\u0151:\" \/>\n\t<meta name=\"twitter:data1\" content=\"miro.sopko\" \/>\n\t<meta name=\"twitter:label2\" content=\"Becs\u00fclt olvas\u00e1si id\u0151\" \/>\n\t<meta name=\"twitter:data2\" content=\"3 perc\" \/>\n<script type=\"application\/ld+json\" class=\"yoast-schema-graph\">{\"@context\":\"https:\/\/schema.org\",\"@graph\":[{\"@type\":\"Article\",\"@id\":\"https:\/\/www.smedemokrati.sk\/fico-vydiera-nerealnymi-poziadavkami\/#article\",\"isPartOf\":{\"@id\":\"https:\/\/www.smedemokrati.sk\/fico-vydiera-nerealnymi-poziadavkami\/\"},\"author\":{\"name\":\"miro.sopko\",\"@id\":\"https:\/\/www.smedemokrati.sk\/#\/schema\/person\/21f147c88d605aa7ded900e1e7c344ba\"},\"headline\":\"Fico vydiera nere\u00e1lnymi po\u017eiadavkami\",\"datePublished\":\"2025-07-17T12:38:20+00:00\",\"mainEntityOfPage\":{\"@id\":\"https:\/\/www.smedemokrati.sk\/fico-vydiera-nerealnymi-poziadavkami\/\"},\"wordCount\":472,\"publisher\":{\"@id\":\"https:\/\/www.smedemokrati.sk\/#organization\"},\"image\":{\"@id\":\"https:\/\/www.smedemokrati.sk\/fico-vydiera-nerealnymi-poziadavkami\/#primaryimage\"},\"thumbnailUrl\":\"https:\/\/www.smedemokrati.sk\/wp-content\/uploads\/2025\/07\/JN_KH_fico_vydiera_EU.jpg\",\"articleSection\":[\"Tla\u010dov\u00e9 spr\u00e1vy\"],\"inLanguage\":\"hu-HU\"},{\"@type\":\"WebPage\",\"@id\":\"https:\/\/www.smedemokrati.sk\/fico-vydiera-nerealnymi-poziadavkami\/\",\"url\":\"https:\/\/www.smedemokrati.sk\/fico-vydiera-nerealnymi-poziadavkami\/\",\"name\":\"Fico vydiera nere\u00e1lnymi po\u017eiadavkami\",\"isPartOf\":{\"@id\":\"https:\/\/www.smedemokrati.sk\/#website\"},\"primaryImageOfPage\":{\"@id\":\"https:\/\/www.smedemokrati.sk\/fico-vydiera-nerealnymi-poziadavkami\/#primaryimage\"},\"image\":{\"@id\":\"https:\/\/www.smedemokrati.sk\/fico-vydiera-nerealnymi-poziadavkami\/#primaryimage\"},\"thumbnailUrl\":\"https:\/\/www.smedemokrati.sk\/wp-content\/uploads\/2025\/07\/JN_KH_fico_vydiera_EU.jpg\",\"datePublished\":\"2025-07-17T12:38:20+00:00\",\"description\":\"Po\u017eiadavky Roberta Fica t\u00fdkaj\u00face sa plynu s\u00fa nere\u00e1lne. Nem\u00f4\u017ee zaviaza\u0165 ani Eur\u00f3psku komisiu, ani \u010dlensk\u00e9 \u0161t\u00e1ty E\u00da ku garanci\u00e1m, preto\u017ee s plynom neobchoduj\u00fa vl\u00e1dy jednotliv\u00fdch kraj\u00edn, ale obchodn\u00e9 spolo\u010dnosti. Demokrati z\u00e1rove\u0148 upozor\u0148uj\u00fa na rozhodnutie regul\u00e1tora (\u00daRSO), z ktor\u00e9ho vypl\u00fdva, \u017ee slovensk\u00e9 dom\u00e1cnosti si za energie priplatia.\",\"breadcrumb\":{\"@id\":\"https:\/\/www.smedemokrati.sk\/fico-vydiera-nerealnymi-poziadavkami\/#breadcrumb\"},\"inLanguage\":\"hu-HU\",\"potentialAction\":[{\"@type\":\"ReadAction\",\"target\":[\"https:\/\/www.smedemokrati.sk\/fico-vydiera-nerealnymi-poziadavkami\/\"]}]},{\"@type\":\"ImageObject\",\"inLanguage\":\"hu-HU\",\"@id\":\"https:\/\/www.smedemokrati.sk\/fico-vydiera-nerealnymi-poziadavkami\/#primaryimage\",\"url\":\"https:\/\/www.smedemokrati.sk\/wp-content\/uploads\/2025\/07\/JN_KH_fico_vydiera_EU.jpg\",\"contentUrl\":\"https:\/\/www.smedemokrati.sk\/wp-content\/uploads\/2025\/07\/JN_KH_fico_vydiera_EU.jpg\",\"width\":1820,\"height\":927},{\"@type\":\"BreadcrumbList\",\"@id\":\"https:\/\/www.smedemokrati.sk\/fico-vydiera-nerealnymi-poziadavkami\/#breadcrumb\",\"itemListElement\":[{\"@type\":\"ListItem\",\"position\":1,\"name\":\"Domovsk\u00e1 str\u00e1nka\",\"item\":\"https:\/\/www.smedemokrati.sk\/\"},{\"@type\":\"ListItem\",\"position\":2,\"name\":\"Fico vydiera nere\u00e1lnymi po\u017eiadavkami\"}]},{\"@type\":\"WebSite\",\"@id\":\"https:\/\/www.smedemokrati.sk\/#website\",\"url\":\"https:\/\/www.smedemokrati.sk\/\",\"name\":\"Smedemokrati.sk\",\"description\":\"Demokracia a slu\u0161nos\u0165 zv\u00ed\u0165az\u00ed\",\"publisher\":{\"@id\":\"https:\/\/www.smedemokrati.sk\/#organization\"},\"potentialAction\":[{\"@type\":\"SearchAction\",\"target\":{\"@type\":\"EntryPoint\",\"urlTemplate\":\"https:\/\/www.smedemokrati.sk\/?s={search_term_string}\"},\"query-input\":{\"@type\":\"PropertyValueSpecification\",\"valueRequired\":true,\"valueName\":\"search_term_string\"}}],\"inLanguage\":\"hu-HU\"},{\"@type\":\"Organization\",\"@id\":\"https:\/\/www.smedemokrati.sk\/#organization\",\"name\":\"Smedemokrati.sk\",\"url\":\"https:\/\/www.smedemokrati.sk\/\",\"logo\":{\"@type\":\"ImageObject\",\"inLanguage\":\"hu-HU\",\"@id\":\"https:\/\/www.smedemokrati.sk\/#\/schema\/logo\/image\/\",\"url\":\"https:\/\/www.smedemokrati.sk\/wp-content\/uploads\/2023\/04\/ff.002.jpeg\",\"contentUrl\":\"https:\/\/www.smedemokrati.sk\/wp-content\/uploads\/2023\/04\/ff.002.jpeg\",\"width\":640,\"height\":480,\"caption\":\"Smedemokrati.sk\"},\"image\":{\"@id\":\"https:\/\/www.smedemokrati.sk\/#\/schema\/logo\/image\/\"},\"sameAs\":[\"https:\/\/www.facebook.com\/smedemokrati2023\"]},{\"@type\":\"Person\",\"@id\":\"https:\/\/www.smedemokrati.sk\/#\/schema\/person\/21f147c88d605aa7ded900e1e7c344ba\",\"name\":\"miro.sopko\",\"image\":{\"@type\":\"ImageObject\",\"inLanguage\":\"hu-HU\",\"@id\":\"https:\/\/secure.gravatar.com\/avatar\/267e4a36f704376c109afe3a78740c1f5dd8675a2180a908699e7863c9247606?s=96&d=mm&r=g\",\"url\":\"https:\/\/secure.gravatar.com\/avatar\/267e4a36f704376c109afe3a78740c1f5dd8675a2180a908699e7863c9247606?s=96&d=mm&r=g\",\"contentUrl\":\"https:\/\/secure.gravatar.com\/avatar\/267e4a36f704376c109afe3a78740c1f5dd8675a2180a908699e7863c9247606?s=96&d=mm&r=g\",\"caption\":\"miro.sopko\"},\"url\":\"https:\/\/www.smedemokrati.sk\/hu\/author\/miro-sopko\/\"}]}<\/script>\n<!-- \/ Yoast SEO plugin. -->","yoast_head_json":{"title":"Fico vydiera nere\u00e1lnymi po\u017eiadavkami","description":"Po\u017eiadavky Roberta Fica t\u00fdkaj\u00face sa plynu s\u00fa nere\u00e1lne. Nem\u00f4\u017ee zaviaza\u0165 ani Eur\u00f3psku komisiu, ani \u010dlensk\u00e9 \u0161t\u00e1ty E\u00da ku garanci\u00e1m, preto\u017ee s plynom neobchoduj\u00fa vl\u00e1dy jednotliv\u00fdch kraj\u00edn, ale obchodn\u00e9 spolo\u010dnosti. Demokrati z\u00e1rove\u0148 upozor\u0148uj\u00fa na rozhodnutie regul\u00e1tora (\u00daRSO), z ktor\u00e9ho vypl\u00fdva, \u017ee slovensk\u00e9 dom\u00e1cnosti si za energie priplatia.","robots":{"index":"index","follow":"follow","max-snippet":"max-snippet:-1","max-image-preview":"max-image-preview:large","max-video-preview":"max-video-preview:-1"},"canonical":"https:\/\/www.smedemokrati.sk\/hu\/fico-vydiera-nerealnymi-poziadavkami\/","og_locale":"hu_HU","og_type":"article","og_title":"[:sk]Fico vydiera nere\u00e1lnymi po\u017eiadavkami[:] - Smedemokrati.sk","og_description":"[:sk]Po\u017eiadavky Roberta Fica t\u00fdkaj\u00face sa plynu s\u00fa nere\u00e1lne. Nem\u00f4\u017ee zaviaza\u0165 ani Eur\u00f3psku komisiu, ani \u010dlensk\u00e9 \u0161t\u00e1ty E\u00da ku garanci\u00e1m, preto\u017ee s plynom neobchoduj\u00fa vl\u00e1dy jednotliv\u00fdch kraj\u00edn, ale obchodn\u00e9 spolo\u010dnosti. Demokrati z\u00e1rove\u0148 upozor\u0148uj\u00fa na rozhodnutie regul\u00e1tora (\u00daRSO), z ktor\u00e9ho vypl\u00fdva, \u017ee slovensk\u00e9 dom\u00e1cnosti si za energie priplatia.[:]","og_url":"https:\/\/www.smedemokrati.sk\/hu\/fico-vydiera-nerealnymi-poziadavkami\/","og_site_name":"Smedemokrati.sk","article_publisher":"https:\/\/www.facebook.com\/smedemokrati2023","article_published_time":"2025-07-17T12:38:20+00:00","og_image":[{"width":1820,"height":927,"url":"https:\/\/www.smedemokrati.sk\/wp-content\/uploads\/2025\/07\/JN_KH_fico_vydiera_EU.jpg","type":"image\/jpeg"}],"author":"miro.sopko","twitter_card":"summary_large_image","twitter_misc":{"Szerz\u0151:":"miro.sopko","Becs\u00fclt olvas\u00e1si id\u0151":"3 perc"},"schema":{"@context":"https:\/\/schema.org","@graph":[{"@type":"Article","@id":"https:\/\/www.smedemokrati.sk\/fico-vydiera-nerealnymi-poziadavkami\/#article","isPartOf":{"@id":"https:\/\/www.smedemokrati.sk\/fico-vydiera-nerealnymi-poziadavkami\/"},"author":{"name":"miro.sopko","@id":"https:\/\/www.smedemokrati.sk\/#\/schema\/person\/21f147c88d605aa7ded900e1e7c344ba"},"headline":"Fico vydiera nere\u00e1lnymi po\u017eiadavkami","datePublished":"2025-07-17T12:38:20+00:00","mainEntityOfPage":{"@id":"https:\/\/www.smedemokrati.sk\/fico-vydiera-nerealnymi-poziadavkami\/"},"wordCount":472,"publisher":{"@id":"https:\/\/www.smedemokrati.sk\/#organization"},"image":{"@id":"https:\/\/www.smedemokrati.sk\/fico-vydiera-nerealnymi-poziadavkami\/#primaryimage"},"thumbnailUrl":"https:\/\/www.smedemokrati.sk\/wp-content\/uploads\/2025\/07\/JN_KH_fico_vydiera_EU.jpg","articleSection":["Tla\u010dov\u00e9 spr\u00e1vy"],"inLanguage":"hu-HU"},{"@type":"WebPage","@id":"https:\/\/www.smedemokrati.sk\/fico-vydiera-nerealnymi-poziadavkami\/","url":"https:\/\/www.smedemokrati.sk\/fico-vydiera-nerealnymi-poziadavkami\/","name":"Fico vydiera nere\u00e1lnymi po\u017eiadavkami","isPartOf":{"@id":"https:\/\/www.smedemokrati.sk\/#website"},"primaryImageOfPage":{"@id":"https:\/\/www.smedemokrati.sk\/fico-vydiera-nerealnymi-poziadavkami\/#primaryimage"},"image":{"@id":"https:\/\/www.smedemokrati.sk\/fico-vydiera-nerealnymi-poziadavkami\/#primaryimage"},"thumbnailUrl":"https:\/\/www.smedemokrati.sk\/wp-content\/uploads\/2025\/07\/JN_KH_fico_vydiera_EU.jpg","datePublished":"2025-07-17T12:38:20+00:00","description":"Po\u017eiadavky Roberta Fica t\u00fdkaj\u00face sa plynu s\u00fa nere\u00e1lne. Nem\u00f4\u017ee zaviaza\u0165 ani Eur\u00f3psku komisiu, ani \u010dlensk\u00e9 \u0161t\u00e1ty E\u00da ku garanci\u00e1m, preto\u017ee s plynom neobchoduj\u00fa vl\u00e1dy jednotliv\u00fdch kraj\u00edn, ale obchodn\u00e9 spolo\u010dnosti. Demokrati z\u00e1rove\u0148 upozor\u0148uj\u00fa na rozhodnutie regul\u00e1tora (\u00daRSO), z ktor\u00e9ho vypl\u00fdva, \u017ee slovensk\u00e9 dom\u00e1cnosti si za energie priplatia.","breadcrumb":{"@id":"https:\/\/www.smedemokrati.sk\/fico-vydiera-nerealnymi-poziadavkami\/#breadcrumb"},"inLanguage":"hu-HU","potentialAction":[{"@type":"ReadAction","target":["https:\/\/www.smedemokrati.sk\/fico-vydiera-nerealnymi-poziadavkami\/"]}]},{"@type":"ImageObject","inLanguage":"hu-HU","@id":"https:\/\/www.smedemokrati.sk\/fico-vydiera-nerealnymi-poziadavkami\/#primaryimage","url":"https:\/\/www.smedemokrati.sk\/wp-content\/uploads\/2025\/07\/JN_KH_fico_vydiera_EU.jpg","contentUrl":"https:\/\/www.smedemokrati.sk\/wp-content\/uploads\/2025\/07\/JN_KH_fico_vydiera_EU.jpg","width":1820,"height":927},{"@type":"BreadcrumbList","@id":"https:\/\/www.smedemokrati.sk\/fico-vydiera-nerealnymi-poziadavkami\/#breadcrumb","itemListElement":[{"@type":"ListItem","position":1,"name":"Domovsk\u00e1 str\u00e1nka","item":"https:\/\/www.smedemokrati.sk\/"},{"@type":"ListItem","position":2,"name":"Fico vydiera nere\u00e1lnymi po\u017eiadavkami"}]},{"@type":"WebSite","@id":"https:\/\/www.smedemokrati.sk\/#website","url":"https:\/\/www.smedemokrati.sk\/","name":"Smedemokrati.sk","description":"Demokracia a slu\u0161nos\u0165 zv\u00ed\u0165az\u00ed","publisher":{"@id":"https:\/\/www.smedemokrati.sk\/#organization"},"potentialAction":[{"@type":"SearchAction","target":{"@type":"EntryPoint","urlTemplate":"https:\/\/www.smedemokrati.sk\/?s={search_term_string}"},"query-input":{"@type":"PropertyValueSpecification","valueRequired":true,"valueName":"search_term_string"}}],"inLanguage":"hu-HU"},{"@type":"Organization","@id":"https:\/\/www.smedemokrati.sk\/#organization","name":"Smedemokrati.sk","url":"https:\/\/www.smedemokrati.sk\/","logo":{"@type":"ImageObject","inLanguage":"hu-HU","@id":"https:\/\/www.smedemokrati.sk\/#\/schema\/logo\/image\/","url":"https:\/\/www.smedemokrati.sk\/wp-content\/uploads\/2023\/04\/ff.002.jpeg","contentUrl":"https:\/\/www.smedemokrati.sk\/wp-content\/uploads\/2023\/04\/ff.002.jpeg","width":640,"height":480,"caption":"Smedemokrati.sk"},"image":{"@id":"https:\/\/www.smedemokrati.sk\/#\/schema\/logo\/image\/"},"sameAs":["https:\/\/www.facebook.com\/smedemokrati2023"]},{"@type":"Person","@id":"https:\/\/www.smedemokrati.sk\/#\/schema\/person\/21f147c88d605aa7ded900e1e7c344ba","name":"miro.sopko","image":{"@type":"ImageObject","inLanguage":"hu-HU","@id":"https:\/\/secure.gravatar.com\/avatar\/267e4a36f704376c109afe3a78740c1f5dd8675a2180a908699e7863c9247606?s=96&d=mm&r=g","url":"https:\/\/secure.gravatar.com\/avatar\/267e4a36f704376c109afe3a78740c1f5dd8675a2180a908699e7863c9247606?s=96&d=mm&r=g","contentUrl":"https:\/\/secure.gravatar.com\/avatar\/267e4a36f704376c109afe3a78740c1f5dd8675a2180a908699e7863c9247606?s=96&d=mm&r=g","caption":"miro.sopko"},"url":"https:\/\/www.smedemokrati.sk\/hu\/author\/miro-sopko\/"}]}},"_links":{"self":[{"href":"https:\/\/www.smedemokrati.sk\/hu\/wp-json\/wp\/v2\/posts\/7710","targetHints":{"allow":["GET"]}}],"collection":[{"href":"https:\/\/www.smedemokrati.sk\/hu\/wp-json\/wp\/v2\/posts"}],"about":[{"href":"https:\/\/www.smedemokrati.sk\/hu\/wp-json\/wp\/v2\/types\/post"}],"author":[{"embeddable":true,"href":"https:\/\/www.smedemokrati.sk\/hu\/wp-json\/wp\/v2\/users\/13"}],"replies":[{"embeddable":true,"href":"https:\/\/www.smedemokrati.sk\/hu\/wp-json\/wp\/v2\/comments?post=7710"}],"version-history":[{"count":1,"href":"https:\/\/www.smedemokrati.sk\/hu\/wp-json\/wp\/v2\/posts\/7710\/revisions"}],"predecessor-version":[{"id":7712,"href":"https:\/\/www.smedemokrati.sk\/hu\/wp-json\/wp\/v2\/posts\/7710\/revisions\/7712"}],"wp:featuredmedia":[{"embeddable":true,"href":"https:\/\/www.smedemokrati.sk\/hu\/wp-json\/wp\/v2\/media\/7711"}],"wp:attachment":[{"href":"https:\/\/www.smedemokrati.sk\/hu\/wp-json\/wp\/v2\/media?parent=7710"}],"wp:term":[{"taxonomy":"category","embeddable":true,"href":"https:\/\/www.smedemokrati.sk\/hu\/wp-json\/wp\/v2\/categories?post=7710"},{"taxonomy":"post_tag","embeddable":true,"href":"https:\/\/www.smedemokrati.sk\/hu\/wp-json\/wp\/v2\/tags?post=7710"}],"curies":[{"name":"wp","href":"https:\/\/api.w.org\/{rel}","templated":true}]}}