{"id":7641,"date":"2025-06-30T16:35:33","date_gmt":"2025-06-30T15:35:33","guid":{"rendered":"https:\/\/www.smedemokrati.sk\/?p=7641"},"modified":"2025-06-30T16:35:35","modified_gmt":"2025-06-30T15:35:35","slug":"vlada-robi-formalne-gesta-no-neprinasa-realne-riesenia-na-zefektivnenie-cerpania-eurofondov","status":"publish","type":"post","link":"https:\/\/www.smedemokrati.sk\/hu\/vlada-robi-formalne-gesta-no-neprinasa-realne-riesenia-na-zefektivnenie-cerpania-eurofondov\/","title":{"rendered":"Vl\u00e1da rob\u00ed form\u00e1lne gest\u00e1, no neprin\u00e1\u0161a re\u00e1lne rie\u0161enia na zefekt\u00edvnenie \u010derpania eurofondov"},"content":{"rendered":"<div id=\"fb-root\"><\/div>\n\n<p><strong>Pr\u00e1zdne s\u013euby&nbsp;a&nbsp;\u017eiadne v\u00fdsledky. Tak hodnotia Demokrati kontroln\u00fd de\u0148 predsedu vl\u00e1dy Roberta Fica na Ministerstve invest\u00edci\u00ed, region\u00e1lneho rozvoja a informatiz\u00e1cie, ktor\u00e9 u\u017e viac ako sto dn\u00ed vedie Samuel Miga\u013e.<\/strong><\/p>\n\n\n\n<p><em>\u201eV programovom vyhl\u00e1sen\u00ed vl\u00e1dy stoja pekn\u00e9 slov\u00e1. Permanentn\u00fd dial\u00f3g, re\u0161pekt k samospr\u00e1vam, s\u00falad s Eur\u00f3pskou chartou miestnej samospr\u00e1vy. V realite s\u00fa to len fr\u00e1zy. Samospr\u00e1vy s\u00fa na\u010falej obch\u00e1dzan\u00e9, ignorovan\u00e9, finan\u010dne vyciciavan\u00e9&nbsp;a politicky zneu\u017e\u00edvan\u00e9,\u201c<\/em>&nbsp;vyhl\u00e1sil Peter Markovi\u010d, gener\u00e1lny sekret\u00e1r Demokratov a expert na region\u00e1lny rozvoj.<\/p>\n\n\n\n<p>Demokrati upozor\u0148uj\u00fa, \u017ee aktu\u00e1lny spor medzi ministrom Miga\u013eom, nominantom Smeru,&nbsp;a b\u00fdval\u00fdm veden\u00edm rezortu, Richardom Ra\u0161im&nbsp;a&nbsp;Michalom Kali\u0148\u00e1kom&nbsp;zo strany Hlas,&nbsp;len \u010falej paralyzuje chod ministerstva.&nbsp;<em>\u201eZ tejto roztr\u017eky sa \u013eu\u010fom v regi\u00f3noch \u017eivot nezlep\u0161\u00ed. Krytie ministra premi\u00e9rom Ficom neprinieslo \u017eiadne rie\u0161enia&nbsp;okrem udr\u017eania po\u010dtov v parlamente.&nbsp;Chaos a&nbsp;stagn\u00e1cia najm\u00e4 v&nbsp;oblasti eurofondov pokra\u010duj\u00fa. Ani dnes sme nepo\u010duli o&nbsp;konkr\u00e9tnych krokoch, ktor\u00e9 to maj\u00fa zmeni\u0165. Robert Fico sa op\u00e4\u0165 zmohol len na odvr\u00e1tenie pozornosti na zahrani\u010dn\u00fa politiku a&nbsp;ceny energi\u00ed,\u201c&nbsp;<\/em>skon\u0161tatoval Markovi\u010d.<\/p>\n\n\n\n<p>Pod\u013ea Demokratov vl\u00e1da&nbsp;za dva roky&nbsp;neadresovala k\u013e\u00fa\u010dov\u00e9 v\u00fdzvy, ktor\u00e9 sama deklarovala.&nbsp;V\u00fdmena na poste ministra nie je argumentom, pre\u010do sa tak e\u0161te nestalo.&nbsp;Nepri\u0161lo k reforme eurofondov tak, aby viac prostriedkov smerovalo priamo do regi\u00f3nov.&nbsp;Rev\u00edzia Opera\u010dn\u00e9ho programu Slovensko st\u00e1le ch\u00fdba.&nbsp;V oblasti verejn\u00e9ho obstar\u00e1vania nenastala \u017eiadna reforma, hoci probl\u00e9my v praxi s\u00fa mas\u00edvne. S\u013eubovan\u00e1 nadrezortn\u00e1 komisia na ich rie\u0161enie neexistuje.&nbsp;Neboli predstaven\u00e9 ani in\u00e9 legislat\u00edvne zmeny, ktor\u00e9 zlep\u0161ia mo\u017enosti \u010derpania eurofondov.<\/p>\n\n\n\n<p><em>\u201eRegion\u00e1lne rozdiely s\u00fa obrovsk\u00e9 a vl\u00e1da neurobila ni\u010d z\u00e1sadn\u00e9, aby sa to zmenilo. \u010cerpanie eurofondov je pomal\u00e9. Nie v\u0161ak pre neschopnos\u0165 samospr\u00e1v, ako tvrd\u00ed vl\u00e1da, ale pre chaos na centr\u00e1lnej&nbsp;\u00farovni. Probl\u00e9mom je pomal\u00e9 podpisovanie&nbsp;zml\u00fav a&nbsp;me\u0161kaj\u00face kontroly verejn\u00e9ho obstar\u00e1vania zo strany \u00daVO. Odniesli si to samospr\u00e1vy, ktor\u00fdm vl\u00e1da zadr\u017eala&nbsp;200 mili\u00f3nov eur ur\u010den\u00fdch pre projekty v&nbsp;regi\u00f3noch.&nbsp;To pova\u017eujeme za \u0161kodliv\u00e9 centralistick\u00e9 rozhodnutie.&nbsp;A&nbsp;hoci sa mo\u017eno napokon tieto peniaze do regi\u00f3nov vr\u00e1tia, zrejme&nbsp;o&nbsp;ich vyu\u017eit\u00ed sa nebude rozhodova\u0165 priamo cez rady partnerstva a&nbsp;koopera\u010dn\u00e9 rady, kde s\u00fa zdru\u017een\u00e9 desiatky akt\u00e9rov p\u00f4sobiacich v&nbsp;\u00fazem\u00ed. Na \u010do n\u00e1m potom s\u00fa?,\u201c&nbsp;<\/em>p\u00fdta sa Markovi\u010d.<\/p>\n\n\n\n<p>Demokrati ocenili splnenie niektor\u00fdch parci\u00e1lnych z\u00e1v\u00e4zkov&nbsp;ako&nbsp;vznik Mapy verejn\u00fdch invest\u00edci\u00ed, rozbeh centier zdie\u013ean\u00fdch slu\u017eieb \u010di v\u00fdjazdov\u00e9 rokovania vl\u00e1dy. Z\u00e1rove\u0148 v\u0161ak upozor\u0148uj\u00fa, \u017ee tieto aktivity nijako nevyva\u017euj\u00fa z\u00e1sadn\u00e9 zlyhania v oblasti \u010derpania fondov a podpory regi\u00f3nov.&nbsp;<em>\u201eForm\u00e1lne kroky ako zriadenie postu splnomocnenca pre samospr\u00e1vu alebo obnovenie rady vl\u00e1dy pre verejn\u00fa spr\u00e1vu nemaj\u00fa re\u00e1lny obsah. Slovensko potrebuje funk\u010dn\u00e9 rie\u0161enia, nie PR aktivity,\u201c&nbsp;<\/em>uzavrel Markovi\u010d.<\/p>\n","protected":false},"excerpt":{"rendered":"<p>Pr\u00e1zdne s\u013euby&nbsp;a&nbsp;\u017eiadne v\u00fdsledky. Tak hodnotia Demokrati kontroln\u00fd de\u0148 predsedu vl\u00e1dy Roberta Fica na Ministerstve invest\u00edci\u00ed, region\u00e1lneho rozvoja a informatiz\u00e1cie, ktor\u00e9 u\u017e viac ako sto dn\u00ed vedie Samuel Miga\u013e. \u201eV programovom vyhl\u00e1sen\u00ed vl\u00e1dy stoja pekn\u00e9 slov\u00e1. Permanentn\u00fd dial\u00f3g, re\u0161pekt k samospr\u00e1vam, s\u00falad s Eur\u00f3pskou chartou miestnej samospr\u00e1vy. V realite s\u00fa to len fr\u00e1zy. Samospr\u00e1vy s\u00fa na\u010falej [&hellip;]<\/p>\n","protected":false},"author":13,"featured_media":387,"comment_status":"closed","ping_status":"closed","sticky":false,"template":"","format":"standard","meta":{"_acf_changed":false,"ngg_post_thumbnail":0,"footnotes":""},"categories":[4],"tags":[],"class_list":["post-7641","post","type-post","status-publish","format-standard","has-post-thumbnail","hentry","category-tlacove-spravy"],"acf":[],"yoast_head":"<!-- This site is optimized with the Yoast SEO plugin v27.2 - https:\/\/yoast.com\/product\/yoast-seo-wordpress\/ -->\n<title>Vl\u00e1da rob\u00ed form\u00e1lne gest\u00e1, no neprin\u00e1\u0161a re\u00e1lne rie\u0161enia na zefekt\u00edvnenie \u010derpania eurofondov<\/title>\n<meta name=\"robots\" content=\"index, follow, max-snippet:-1, max-image-preview:large, max-video-preview:-1\" \/>\n<link rel=\"canonical\" href=\"https:\/\/www.smedemokrati.sk\/hu\/vlada-robi-formalne-gesta-no-neprinasa-realne-riesenia-na-zefektivnenie-cerpania-eurofondov\/\" \/>\n<meta property=\"og:locale\" content=\"hu_HU\" \/>\n<meta property=\"og:locale:alternate\" content=\"en_US\" \/>\n<meta property=\"og:locale:alternate\" content=\"cs_CZ\" \/>\n<meta property=\"og:locale:alternate\" content=\"sk_SK\" \/>\n<meta property=\"og:locale:alternate\" content=\"sv_SE\" \/>\n<meta property=\"og:type\" content=\"article\" \/>\n<meta property=\"og:title\" content=\"Vl\u00e1da rob\u00ed form\u00e1lne gest\u00e1, no neprin\u00e1\u0161a re\u00e1lne rie\u0161enia na zefekt\u00edvnenie \u010derpania eurofondov\" \/>\n<meta property=\"og:description\" content=\"Pr\u00e1zdne s\u013euby&nbsp;a&nbsp;\u017eiadne v\u00fdsledky. Tak hodnotia Demokrati kontroln\u00fd de\u0148 predsedu vl\u00e1dy Roberta Fica na Ministerstve invest\u00edci\u00ed, region\u00e1lneho rozvoja a informatiz\u00e1cie, ktor\u00e9 u\u017e viac ako sto dn\u00ed vedie Samuel Miga\u013e. \u201eV programovom vyhl\u00e1sen\u00ed vl\u00e1dy stoja pekn\u00e9 slov\u00e1. Permanentn\u00fd dial\u00f3g, re\u0161pekt k samospr\u00e1vam, s\u00falad s Eur\u00f3pskou chartou miestnej samospr\u00e1vy. V realite s\u00fa to len fr\u00e1zy. Samospr\u00e1vy s\u00fa na\u010falej [&hellip;]\" \/>\n<meta property=\"og:url\" content=\"https:\/\/www.smedemokrati.sk\/hu\/vlada-robi-formalne-gesta-no-neprinasa-realne-riesenia-na-zefektivnenie-cerpania-eurofondov\/\" \/>\n<meta property=\"og:site_name\" content=\"Smedemokrati.sk\" \/>\n<meta property=\"article:publisher\" content=\"https:\/\/www.facebook.com\/smedemokrati2023\" \/>\n<meta property=\"article:published_time\" content=\"2025-06-30T15:35:33+00:00\" \/>\n<meta property=\"article:modified_time\" content=\"2025-06-30T15:35:35+00:00\" \/>\n<meta property=\"og:image\" content=\"https:\/\/www.smedemokrati.sk\/wp-content\/uploads\/2023\/04\/PM.jpg\" \/>\n\t<meta property=\"og:image:width\" content=\"1520\" \/>\n\t<meta property=\"og:image:height\" content=\"1080\" \/>\n\t<meta property=\"og:image:type\" content=\"image\/jpeg\" \/>\n<meta name=\"author\" content=\"miro.sopko\" \/>\n<meta name=\"twitter:card\" content=\"summary_large_image\" \/>\n<meta name=\"twitter:label1\" content=\"Szerz\u0151:\" \/>\n\t<meta name=\"twitter:data1\" content=\"miro.sopko\" \/>\n\t<meta name=\"twitter:label2\" content=\"Becs\u00fclt olvas\u00e1si id\u0151\" \/>\n\t<meta name=\"twitter:data2\" content=\"3 perc\" \/>\n<script type=\"application\/ld+json\" class=\"yoast-schema-graph\">{\"@context\":\"https:\/\/schema.org\",\"@graph\":[{\"@type\":\"Article\",\"@id\":\"https:\/\/www.smedemokrati.sk\/vlada-robi-formalne-gesta-no-neprinasa-realne-riesenia-na-zefektivnenie-cerpania-eurofondov\/#article\",\"isPartOf\":{\"@id\":\"https:\/\/www.smedemokrati.sk\/vlada-robi-formalne-gesta-no-neprinasa-realne-riesenia-na-zefektivnenie-cerpania-eurofondov\/\"},\"author\":{\"name\":\"miro.sopko\",\"@id\":\"https:\/\/www.smedemokrati.sk\/#\/schema\/person\/21f147c88d605aa7ded900e1e7c344ba\"},\"headline\":\"Vl\u00e1da rob\u00ed form\u00e1lne gest\u00e1, no neprin\u00e1\u0161a re\u00e1lne rie\u0161enia na zefekt\u00edvnenie \u010derpania eurofondov\",\"datePublished\":\"2025-06-30T15:35:33+00:00\",\"dateModified\":\"2025-06-30T15:35:35+00:00\",\"mainEntityOfPage\":{\"@id\":\"https:\/\/www.smedemokrati.sk\/vlada-robi-formalne-gesta-no-neprinasa-realne-riesenia-na-zefektivnenie-cerpania-eurofondov\/\"},\"wordCount\":586,\"publisher\":{\"@id\":\"https:\/\/www.smedemokrati.sk\/#organization\"},\"image\":{\"@id\":\"https:\/\/www.smedemokrati.sk\/vlada-robi-formalne-gesta-no-neprinasa-realne-riesenia-na-zefektivnenie-cerpania-eurofondov\/#primaryimage\"},\"thumbnailUrl\":\"https:\/\/www.smedemokrati.sk\/wp-content\/uploads\/2023\/04\/PM.jpg\",\"articleSection\":[\"Tla\u010dov\u00e9 spr\u00e1vy\"],\"inLanguage\":\"hu-HU\"},{\"@type\":\"WebPage\",\"@id\":\"https:\/\/www.smedemokrati.sk\/vlada-robi-formalne-gesta-no-neprinasa-realne-riesenia-na-zefektivnenie-cerpania-eurofondov\/\",\"url\":\"https:\/\/www.smedemokrati.sk\/vlada-robi-formalne-gesta-no-neprinasa-realne-riesenia-na-zefektivnenie-cerpania-eurofondov\/\",\"name\":\"Vl\u00e1da rob\u00ed form\u00e1lne gest\u00e1, no neprin\u00e1\u0161a re\u00e1lne rie\u0161enia na zefekt\u00edvnenie \u010derpania eurofondov\",\"isPartOf\":{\"@id\":\"https:\/\/www.smedemokrati.sk\/#website\"},\"primaryImageOfPage\":{\"@id\":\"https:\/\/www.smedemokrati.sk\/vlada-robi-formalne-gesta-no-neprinasa-realne-riesenia-na-zefektivnenie-cerpania-eurofondov\/#primaryimage\"},\"image\":{\"@id\":\"https:\/\/www.smedemokrati.sk\/vlada-robi-formalne-gesta-no-neprinasa-realne-riesenia-na-zefektivnenie-cerpania-eurofondov\/#primaryimage\"},\"thumbnailUrl\":\"https:\/\/www.smedemokrati.sk\/wp-content\/uploads\/2023\/04\/PM.jpg\",\"datePublished\":\"2025-06-30T15:35:33+00:00\",\"dateModified\":\"2025-06-30T15:35:35+00:00\",\"breadcrumb\":{\"@id\":\"https:\/\/www.smedemokrati.sk\/vlada-robi-formalne-gesta-no-neprinasa-realne-riesenia-na-zefektivnenie-cerpania-eurofondov\/#breadcrumb\"},\"inLanguage\":\"hu-HU\",\"potentialAction\":[{\"@type\":\"ReadAction\",\"target\":[\"https:\/\/www.smedemokrati.sk\/vlada-robi-formalne-gesta-no-neprinasa-realne-riesenia-na-zefektivnenie-cerpania-eurofondov\/\"]}]},{\"@type\":\"ImageObject\",\"inLanguage\":\"hu-HU\",\"@id\":\"https:\/\/www.smedemokrati.sk\/vlada-robi-formalne-gesta-no-neprinasa-realne-riesenia-na-zefektivnenie-cerpania-eurofondov\/#primaryimage\",\"url\":\"https:\/\/www.smedemokrati.sk\/wp-content\/uploads\/2023\/04\/PM.jpg\",\"contentUrl\":\"https:\/\/www.smedemokrati.sk\/wp-content\/uploads\/2023\/04\/PM.jpg\",\"width\":1520,\"height\":1080},{\"@type\":\"BreadcrumbList\",\"@id\":\"https:\/\/www.smedemokrati.sk\/vlada-robi-formalne-gesta-no-neprinasa-realne-riesenia-na-zefektivnenie-cerpania-eurofondov\/#breadcrumb\",\"itemListElement\":[{\"@type\":\"ListItem\",\"position\":1,\"name\":\"Domovsk\u00e1 str\u00e1nka\",\"item\":\"https:\/\/www.smedemokrati.sk\/\"},{\"@type\":\"ListItem\",\"position\":2,\"name\":\"Vl\u00e1da rob\u00ed form\u00e1lne gest\u00e1, no neprin\u00e1\u0161a re\u00e1lne rie\u0161enia na zefekt\u00edvnenie \u010derpania eurofondov\"}]},{\"@type\":\"WebSite\",\"@id\":\"https:\/\/www.smedemokrati.sk\/#website\",\"url\":\"https:\/\/www.smedemokrati.sk\/\",\"name\":\"Smedemokrati.sk\",\"description\":\"Demokracia a slu\u0161nos\u0165 zv\u00ed\u0165az\u00ed\",\"publisher\":{\"@id\":\"https:\/\/www.smedemokrati.sk\/#organization\"},\"potentialAction\":[{\"@type\":\"SearchAction\",\"target\":{\"@type\":\"EntryPoint\",\"urlTemplate\":\"https:\/\/www.smedemokrati.sk\/?s={search_term_string}\"},\"query-input\":{\"@type\":\"PropertyValueSpecification\",\"valueRequired\":true,\"valueName\":\"search_term_string\"}}],\"inLanguage\":\"hu-HU\"},{\"@type\":\"Organization\",\"@id\":\"https:\/\/www.smedemokrati.sk\/#organization\",\"name\":\"Smedemokrati.sk\",\"url\":\"https:\/\/www.smedemokrati.sk\/\",\"logo\":{\"@type\":\"ImageObject\",\"inLanguage\":\"hu-HU\",\"@id\":\"https:\/\/www.smedemokrati.sk\/#\/schema\/logo\/image\/\",\"url\":\"https:\/\/www.smedemokrati.sk\/wp-content\/uploads\/2023\/04\/ff.002.jpeg\",\"contentUrl\":\"https:\/\/www.smedemokrati.sk\/wp-content\/uploads\/2023\/04\/ff.002.jpeg\",\"width\":640,\"height\":480,\"caption\":\"Smedemokrati.sk\"},\"image\":{\"@id\":\"https:\/\/www.smedemokrati.sk\/#\/schema\/logo\/image\/\"},\"sameAs\":[\"https:\/\/www.facebook.com\/smedemokrati2023\"]},{\"@type\":\"Person\",\"@id\":\"https:\/\/www.smedemokrati.sk\/#\/schema\/person\/21f147c88d605aa7ded900e1e7c344ba\",\"name\":\"miro.sopko\",\"image\":{\"@type\":\"ImageObject\",\"inLanguage\":\"hu-HU\",\"@id\":\"https:\/\/secure.gravatar.com\/avatar\/267e4a36f704376c109afe3a78740c1f5dd8675a2180a908699e7863c9247606?s=96&d=mm&r=g\",\"url\":\"https:\/\/secure.gravatar.com\/avatar\/267e4a36f704376c109afe3a78740c1f5dd8675a2180a908699e7863c9247606?s=96&d=mm&r=g\",\"contentUrl\":\"https:\/\/secure.gravatar.com\/avatar\/267e4a36f704376c109afe3a78740c1f5dd8675a2180a908699e7863c9247606?s=96&d=mm&r=g\",\"caption\":\"miro.sopko\"},\"url\":\"https:\/\/www.smedemokrati.sk\/hu\/author\/miro-sopko\/\"}]}<\/script>\n<!-- \/ Yoast SEO plugin. -->","yoast_head_json":{"title":"Vl\u00e1da rob\u00ed form\u00e1lne gest\u00e1, no neprin\u00e1\u0161a re\u00e1lne rie\u0161enia na zefekt\u00edvnenie \u010derpania eurofondov","robots":{"index":"index","follow":"follow","max-snippet":"max-snippet:-1","max-image-preview":"max-image-preview:large","max-video-preview":"max-video-preview:-1"},"canonical":"https:\/\/www.smedemokrati.sk\/hu\/vlada-robi-formalne-gesta-no-neprinasa-realne-riesenia-na-zefektivnenie-cerpania-eurofondov\/","og_locale":"hu_HU","og_type":"article","og_title":"[:sk]Vl\u00e1da rob\u00ed form\u00e1lne gest\u00e1, no neprin\u00e1\u0161a re\u00e1lne rie\u0161enia na zefekt\u00edvnenie \u010derpania eurofondov[:] - Smedemokrati.sk","og_description":"Pr\u00e1zdne s\u013euby&nbsp;a&nbsp;\u017eiadne v\u00fdsledky. Tak hodnotia Demokrati kontroln\u00fd de\u0148 predsedu vl\u00e1dy Roberta Fica na Ministerstve invest\u00edci\u00ed, region\u00e1lneho rozvoja a informatiz\u00e1cie, ktor\u00e9 u\u017e viac ako sto dn\u00ed vedie Samuel Miga\u013e. \u201eV programovom vyhl\u00e1sen\u00ed vl\u00e1dy stoja pekn\u00e9 slov\u00e1. Permanentn\u00fd dial\u00f3g, re\u0161pekt k samospr\u00e1vam, s\u00falad s Eur\u00f3pskou chartou miestnej samospr\u00e1vy. V realite s\u00fa to len fr\u00e1zy. Samospr\u00e1vy s\u00fa na\u010falej [&hellip;]","og_url":"https:\/\/www.smedemokrati.sk\/hu\/vlada-robi-formalne-gesta-no-neprinasa-realne-riesenia-na-zefektivnenie-cerpania-eurofondov\/","og_site_name":"Smedemokrati.sk","article_publisher":"https:\/\/www.facebook.com\/smedemokrati2023","article_published_time":"2025-06-30T15:35:33+00:00","article_modified_time":"2025-06-30T15:35:35+00:00","og_image":[{"width":1520,"height":1080,"url":"https:\/\/www.smedemokrati.sk\/wp-content\/uploads\/2023\/04\/PM.jpg","type":"image\/jpeg"}],"author":"miro.sopko","twitter_card":"summary_large_image","twitter_misc":{"Szerz\u0151:":"miro.sopko","Becs\u00fclt olvas\u00e1si id\u0151":"3 perc"},"schema":{"@context":"https:\/\/schema.org","@graph":[{"@type":"Article","@id":"https:\/\/www.smedemokrati.sk\/vlada-robi-formalne-gesta-no-neprinasa-realne-riesenia-na-zefektivnenie-cerpania-eurofondov\/#article","isPartOf":{"@id":"https:\/\/www.smedemokrati.sk\/vlada-robi-formalne-gesta-no-neprinasa-realne-riesenia-na-zefektivnenie-cerpania-eurofondov\/"},"author":{"name":"miro.sopko","@id":"https:\/\/www.smedemokrati.sk\/#\/schema\/person\/21f147c88d605aa7ded900e1e7c344ba"},"headline":"Vl\u00e1da rob\u00ed form\u00e1lne gest\u00e1, no neprin\u00e1\u0161a re\u00e1lne rie\u0161enia na zefekt\u00edvnenie \u010derpania eurofondov","datePublished":"2025-06-30T15:35:33+00:00","dateModified":"2025-06-30T15:35:35+00:00","mainEntityOfPage":{"@id":"https:\/\/www.smedemokrati.sk\/vlada-robi-formalne-gesta-no-neprinasa-realne-riesenia-na-zefektivnenie-cerpania-eurofondov\/"},"wordCount":586,"publisher":{"@id":"https:\/\/www.smedemokrati.sk\/#organization"},"image":{"@id":"https:\/\/www.smedemokrati.sk\/vlada-robi-formalne-gesta-no-neprinasa-realne-riesenia-na-zefektivnenie-cerpania-eurofondov\/#primaryimage"},"thumbnailUrl":"https:\/\/www.smedemokrati.sk\/wp-content\/uploads\/2023\/04\/PM.jpg","articleSection":["Tla\u010dov\u00e9 spr\u00e1vy"],"inLanguage":"hu-HU"},{"@type":"WebPage","@id":"https:\/\/www.smedemokrati.sk\/vlada-robi-formalne-gesta-no-neprinasa-realne-riesenia-na-zefektivnenie-cerpania-eurofondov\/","url":"https:\/\/www.smedemokrati.sk\/vlada-robi-formalne-gesta-no-neprinasa-realne-riesenia-na-zefektivnenie-cerpania-eurofondov\/","name":"Vl\u00e1da rob\u00ed form\u00e1lne gest\u00e1, no neprin\u00e1\u0161a re\u00e1lne rie\u0161enia na zefekt\u00edvnenie \u010derpania eurofondov","isPartOf":{"@id":"https:\/\/www.smedemokrati.sk\/#website"},"primaryImageOfPage":{"@id":"https:\/\/www.smedemokrati.sk\/vlada-robi-formalne-gesta-no-neprinasa-realne-riesenia-na-zefektivnenie-cerpania-eurofondov\/#primaryimage"},"image":{"@id":"https:\/\/www.smedemokrati.sk\/vlada-robi-formalne-gesta-no-neprinasa-realne-riesenia-na-zefektivnenie-cerpania-eurofondov\/#primaryimage"},"thumbnailUrl":"https:\/\/www.smedemokrati.sk\/wp-content\/uploads\/2023\/04\/PM.jpg","datePublished":"2025-06-30T15:35:33+00:00","dateModified":"2025-06-30T15:35:35+00:00","breadcrumb":{"@id":"https:\/\/www.smedemokrati.sk\/vlada-robi-formalne-gesta-no-neprinasa-realne-riesenia-na-zefektivnenie-cerpania-eurofondov\/#breadcrumb"},"inLanguage":"hu-HU","potentialAction":[{"@type":"ReadAction","target":["https:\/\/www.smedemokrati.sk\/vlada-robi-formalne-gesta-no-neprinasa-realne-riesenia-na-zefektivnenie-cerpania-eurofondov\/"]}]},{"@type":"ImageObject","inLanguage":"hu-HU","@id":"https:\/\/www.smedemokrati.sk\/vlada-robi-formalne-gesta-no-neprinasa-realne-riesenia-na-zefektivnenie-cerpania-eurofondov\/#primaryimage","url":"https:\/\/www.smedemokrati.sk\/wp-content\/uploads\/2023\/04\/PM.jpg","contentUrl":"https:\/\/www.smedemokrati.sk\/wp-content\/uploads\/2023\/04\/PM.jpg","width":1520,"height":1080},{"@type":"BreadcrumbList","@id":"https:\/\/www.smedemokrati.sk\/vlada-robi-formalne-gesta-no-neprinasa-realne-riesenia-na-zefektivnenie-cerpania-eurofondov\/#breadcrumb","itemListElement":[{"@type":"ListItem","position":1,"name":"Domovsk\u00e1 str\u00e1nka","item":"https:\/\/www.smedemokrati.sk\/"},{"@type":"ListItem","position":2,"name":"Vl\u00e1da rob\u00ed form\u00e1lne gest\u00e1, no neprin\u00e1\u0161a re\u00e1lne rie\u0161enia na zefekt\u00edvnenie \u010derpania eurofondov"}]},{"@type":"WebSite","@id":"https:\/\/www.smedemokrati.sk\/#website","url":"https:\/\/www.smedemokrati.sk\/","name":"Smedemokrati.sk","description":"Demokracia a slu\u0161nos\u0165 zv\u00ed\u0165az\u00ed","publisher":{"@id":"https:\/\/www.smedemokrati.sk\/#organization"},"potentialAction":[{"@type":"SearchAction","target":{"@type":"EntryPoint","urlTemplate":"https:\/\/www.smedemokrati.sk\/?s={search_term_string}"},"query-input":{"@type":"PropertyValueSpecification","valueRequired":true,"valueName":"search_term_string"}}],"inLanguage":"hu-HU"},{"@type":"Organization","@id":"https:\/\/www.smedemokrati.sk\/#organization","name":"Smedemokrati.sk","url":"https:\/\/www.smedemokrati.sk\/","logo":{"@type":"ImageObject","inLanguage":"hu-HU","@id":"https:\/\/www.smedemokrati.sk\/#\/schema\/logo\/image\/","url":"https:\/\/www.smedemokrati.sk\/wp-content\/uploads\/2023\/04\/ff.002.jpeg","contentUrl":"https:\/\/www.smedemokrati.sk\/wp-content\/uploads\/2023\/04\/ff.002.jpeg","width":640,"height":480,"caption":"Smedemokrati.sk"},"image":{"@id":"https:\/\/www.smedemokrati.sk\/#\/schema\/logo\/image\/"},"sameAs":["https:\/\/www.facebook.com\/smedemokrati2023"]},{"@type":"Person","@id":"https:\/\/www.smedemokrati.sk\/#\/schema\/person\/21f147c88d605aa7ded900e1e7c344ba","name":"miro.sopko","image":{"@type":"ImageObject","inLanguage":"hu-HU","@id":"https:\/\/secure.gravatar.com\/avatar\/267e4a36f704376c109afe3a78740c1f5dd8675a2180a908699e7863c9247606?s=96&d=mm&r=g","url":"https:\/\/secure.gravatar.com\/avatar\/267e4a36f704376c109afe3a78740c1f5dd8675a2180a908699e7863c9247606?s=96&d=mm&r=g","contentUrl":"https:\/\/secure.gravatar.com\/avatar\/267e4a36f704376c109afe3a78740c1f5dd8675a2180a908699e7863c9247606?s=96&d=mm&r=g","caption":"miro.sopko"},"url":"https:\/\/www.smedemokrati.sk\/hu\/author\/miro-sopko\/"}]}},"_links":{"self":[{"href":"https:\/\/www.smedemokrati.sk\/hu\/wp-json\/wp\/v2\/posts\/7641","targetHints":{"allow":["GET"]}}],"collection":[{"href":"https:\/\/www.smedemokrati.sk\/hu\/wp-json\/wp\/v2\/posts"}],"about":[{"href":"https:\/\/www.smedemokrati.sk\/hu\/wp-json\/wp\/v2\/types\/post"}],"author":[{"embeddable":true,"href":"https:\/\/www.smedemokrati.sk\/hu\/wp-json\/wp\/v2\/users\/13"}],"replies":[{"embeddable":true,"href":"https:\/\/www.smedemokrati.sk\/hu\/wp-json\/wp\/v2\/comments?post=7641"}],"version-history":[{"count":1,"href":"https:\/\/www.smedemokrati.sk\/hu\/wp-json\/wp\/v2\/posts\/7641\/revisions"}],"predecessor-version":[{"id":7642,"href":"https:\/\/www.smedemokrati.sk\/hu\/wp-json\/wp\/v2\/posts\/7641\/revisions\/7642"}],"wp:featuredmedia":[{"embeddable":true,"href":"https:\/\/www.smedemokrati.sk\/hu\/wp-json\/wp\/v2\/media\/387"}],"wp:attachment":[{"href":"https:\/\/www.smedemokrati.sk\/hu\/wp-json\/wp\/v2\/media?parent=7641"}],"wp:term":[{"taxonomy":"category","embeddable":true,"href":"https:\/\/www.smedemokrati.sk\/hu\/wp-json\/wp\/v2\/categories?post=7641"},{"taxonomy":"post_tag","embeddable":true,"href":"https:\/\/www.smedemokrati.sk\/hu\/wp-json\/wp\/v2\/tags?post=7641"}],"curies":[{"name":"wp","href":"https:\/\/api.w.org\/{rel}","templated":true}]}}