{"id":7577,"date":"2025-06-19T16:27:42","date_gmt":"2025-06-19T15:27:42","guid":{"rendered":"https:\/\/www.smedemokrati.sk\/?p=7577"},"modified":"2025-06-19T16:27:42","modified_gmt":"2025-06-19T15:27:42","slug":"vlada-oklamala-samospravy-aj-pri-eurofondoch","status":"publish","type":"post","link":"https:\/\/www.smedemokrati.sk\/hu\/vlada-oklamala-samospravy-aj-pri-eurofondoch\/","title":{"rendered":"Vl\u00e1da oklamala samospr\u00e1vy. Aj pri eurofondoch"},"content":{"rendered":"<div id=\"fb-root\"><\/div>\n\n<p><strong>Nezvl\u00e1dnut\u00e9&nbsp;eurofondy a klamstv\u00e1.&nbsp;Pod\u013ea Demokratov vl\u00e1da nielen\u017ee nezvl\u00e1da \u010derpanie eurofondov, ale z\u00e1rove\u0148 zlyh\u00e1va v komunik\u00e1cii a zav\u00e1dza k\u013e\u00fa\u010dov\u00fdch partnerov v&nbsp;\u00fazem\u00ed,&nbsp;najm\u00e4 samospr\u00e1vy.&nbsp;Najnov\u0161\u00edm d\u00f4kazom je rozhodnutie vl\u00e1dy zadr\u017ea\u0165 a\u017e 200 mili\u00f3nov eur z eurofondov ur\u010den\u00fdch pre regi\u00f3ny. Ako u\u017e b\u00fdva zvykom:&nbsp;potichu, bez odbornej diskusie a bez jasn\u00e9ho pl\u00e1nu.<\/strong><\/p>\n\n\n\n<p>Gener\u00e1lny sekret\u00e1r Demokratov a expert na region\u00e1lny rozvoj Peter Markovi\u010d skon\u0161tatoval, \u017ee&nbsp;<em>\u201evl\u00e1da t\u00fdmto rozhodnut\u00edm poru\u0161ila s\u013eub, ktor\u00fd dal minister Miga\u013e samospr\u00e1vam,&nbsp;\u017ee na takzvan\u00fa&nbsp;sumu flexibility sa siaha\u0165 nebude a \u017ee v\u0161etky finan\u010dn\u00e9 prostriedky ur\u010den\u00e9 pre regi\u00f3ny bud\u00fa m\u00f4c\u0165 by\u0165 pou\u017eit\u00e9 na pl\u00e1novan\u00e9 projekty. Je to z\u00e1sadn\u00fd podraz, najm\u00e4 preto, \u017ee kraje u\u017e maj\u00fa alok\u00e1cie rozdelen\u00e9 a projekty napl\u00e1novan\u00e9 v plnej v\u00fd\u0161ke.\u201c<\/em><\/p>\n\n\n\n<p>Markovi\u010d \u010falej dodal, \u017ee op\u00e4\u0165 sa potvrdilo, \u017ee&nbsp;<em>\u201eFicova vl\u00e1da je nespo\u013eahliv\u00fdm partnerom pre kraje, mest\u00e1 a obce. Nesie pln\u00fa zodpovednos\u0165 za s\u00fa\u010dasn\u00fd \u00faboh\u00fd stav \u010derpania eurofondov.\u201c<\/em><\/p>\n\n\n\n<p>Samospr\u00e1vam pritom hroz\u00ed, \u017ee pr\u00eddu o financie z Programu Slovensko, ktor\u00e9 mohli vyu\u017ei\u0165 cez n\u00e1stroj integrovan\u00fdch \u00fazemn\u00fdch invest\u00edci\u00ed (I\u00daI)&nbsp;na&nbsp;vybudovanie zariaden\u00ed soci\u00e1lnych slu\u017eieb, azylov\u00e9 domy \u010di noc\u013eah\u00e1rne, alebo na podporu&nbsp;rozvoja&nbsp;verejnej osobnej dopravy. Rie\u0161enie sa pritom pon\u00fakalo:&nbsp;200 mili\u00f3nov eur mohlo by\u0165 zadr\u017ean\u00fdch z alok\u00e1cie ministerstiev, ktor\u00e9 maj\u00fa pod kontrolou a\u017e 80 % z celkovej 12-miliardovej alok\u00e1cie pre Slovensko.<\/p>\n\n\n\n<p><em>\u201eAj v tomto programovom obdob\u00ed si ministri tvrdohlavo presadili, \u017ee bud\u00fa ma\u0165 pod kontrolou v\u00fdrazn\u00fa v\u00e4\u010d\u0161inu dostupn\u00fdch zdrojov,&nbsp;a\u017e 80 %. Rovnako ako v minulosti v\u0161ak maj\u00fa probl\u00e9m tieto peniaze efekt\u00edvne m\u00ed\u0148a\u0165. Napriek tomu sa ne\u0161t\u00edtia obra\u0165 u\u017e beztak podfinancovan\u00e9 samospr\u00e1vy o cenn\u00e9 prostriedky ur\u010den\u00e9 na zlep\u0161ovanie verejn\u00fdch slu\u017eieb. Takto to dopadne, ke\u010f pocit vlastnej d\u00f4le\u017eitosti prev\u00e1\u017ei nad verejn\u00fdm z\u00e1ujmom,\u201c<\/em>&nbsp;vyhl\u00e1sil Markovi\u010d&nbsp;s t\u00fdm, \u017ee Demokrati d\u00f4razne odmietaj\u00fa centralistick\u00e9 tendencie s\u00fa\u010dasnej vl\u00e1dy, ako aj jej neseri\u00f3zne a nef\u00e9rov\u00e9 konanie, ktor\u00e9 znemo\u017e\u0148uje pl\u00e1novanie a rozvoj regi\u00f3nov.<\/p>\n\n\n\n<p>V skuto\u010dnosti probl\u00e9my s \u010derpan\u00edm eurofondov nie s\u00fa sp\u00f4soben\u00e9 regi\u00f3nmi. Proces viazne kv\u00f4li tomu, \u017ee ministerstvo invest\u00edci\u00ed nest\u00edha zazmluv\u0148ova\u0165 schv\u00e1len\u00e9 projekty a \u00darad pre verejn\u00e9 obstar\u00e1vanie nezvl\u00e1da kontrolova\u0165 mno\u017estvo verejn\u00fdch obstar\u00e1van\u00ed. V praxi to znamen\u00e1, \u017ee \u017eiadatelia z regi\u00f3nov maj\u00fa podan\u00e9 projekty, no len \u010das\u0165 z nich je zazmluvnen\u00e1. Bez ukon\u010den\u00fdch kontrol verejn\u00e9ho obstar\u00e1vania v\u0161ak&nbsp;nem\u00f4\u017eu re\u00e1lne \u010derpa\u0165 finan\u010dn\u00e9 prostriedky.<\/p>\n","protected":false},"excerpt":{"rendered":"<p>Nezvl\u00e1dnut\u00e9&nbsp;eurofondy a klamstv\u00e1.&nbsp;Pod\u013ea Demokratov vl\u00e1da nielen\u017ee nezvl\u00e1da \u010derpanie eurofondov, ale z\u00e1rove\u0148 zlyh\u00e1va v komunik\u00e1cii a zav\u00e1dza k\u013e\u00fa\u010dov\u00fdch partnerov v&nbsp;\u00fazem\u00ed,&nbsp;najm\u00e4 samospr\u00e1vy.&nbsp;Najnov\u0161\u00edm d\u00f4kazom je rozhodnutie vl\u00e1dy zadr\u017ea\u0165 a\u017e 200 mili\u00f3nov eur z eurofondov ur\u010den\u00fdch pre regi\u00f3ny. Ako u\u017e b\u00fdva zvykom:&nbsp;potichu, bez odbornej diskusie a bez jasn\u00e9ho pl\u00e1nu. Gener\u00e1lny sekret\u00e1r Demokratov a expert na region\u00e1lny rozvoj Peter Markovi\u010d [&hellip;]<\/p>\n","protected":false},"author":13,"featured_media":387,"comment_status":"closed","ping_status":"closed","sticky":false,"template":"","format":"standard","meta":{"_acf_changed":false,"ngg_post_thumbnail":0,"footnotes":""},"categories":[4],"tags":[],"class_list":["post-7577","post","type-post","status-publish","format-standard","has-post-thumbnail","hentry","category-tlacove-spravy"],"acf":[],"yoast_head":"<!-- This site is optimized with the Yoast SEO plugin v27.2 - https:\/\/yoast.com\/product\/yoast-seo-wordpress\/ -->\n<title>Vl\u00e1da oklamala samospr\u00e1vy. Aj pri eurofondoch<\/title>\n<meta name=\"description\" content=\"Nezvl\u00e1dnut\u00e9\u00a0eurofondy a klamstv\u00e1.\u00a0Pod\u013ea Demokratov vl\u00e1da nielen\u017ee nezvl\u00e1da \u010derpanie eurofondov, ale z\u00e1rove\u0148 zlyh\u00e1va v komunik\u00e1cii a zav\u00e1dza k\u013e\u00fa\u010dov\u00fdch partnerov v\u00a0\u00fazem\u00ed,\u00a0najm\u00e4 samospr\u00e1vy.\u00a0\" \/>\n<meta name=\"robots\" content=\"index, follow, max-snippet:-1, max-image-preview:large, max-video-preview:-1\" \/>\n<link rel=\"canonical\" href=\"https:\/\/www.smedemokrati.sk\/hu\/vlada-oklamala-samospravy-aj-pri-eurofondoch\/\" \/>\n<meta property=\"og:locale\" content=\"hu_HU\" \/>\n<meta property=\"og:locale:alternate\" content=\"en_US\" \/>\n<meta property=\"og:locale:alternate\" content=\"cs_CZ\" \/>\n<meta property=\"og:locale:alternate\" content=\"sk_SK\" \/>\n<meta property=\"og:locale:alternate\" content=\"sv_SE\" \/>\n<meta property=\"og:type\" content=\"article\" \/>\n<meta property=\"og:title\" content=\"Vl\u00e1da oklamala samospr\u00e1vy. Aj pri eurofondoch\" \/>\n<meta property=\"og:description\" content=\"Nezvl\u00e1dnut\u00e9\u00a0eurofondy a klamstv\u00e1.\u00a0Pod\u013ea Demokratov vl\u00e1da nielen\u017ee nezvl\u00e1da \u010derpanie eurofondov, ale z\u00e1rove\u0148 zlyh\u00e1va v komunik\u00e1cii a zav\u00e1dza k\u013e\u00fa\u010dov\u00fdch partnerov v\u00a0\u00fazem\u00ed,\u00a0najm\u00e4 samospr\u00e1vy.\u00a0\" \/>\n<meta property=\"og:url\" content=\"https:\/\/www.smedemokrati.sk\/hu\/vlada-oklamala-samospravy-aj-pri-eurofondoch\/\" \/>\n<meta property=\"og:site_name\" content=\"Smedemokrati.sk\" \/>\n<meta property=\"article:publisher\" content=\"https:\/\/www.facebook.com\/smedemokrati2023\" \/>\n<meta property=\"article:published_time\" content=\"2025-06-19T15:27:42+00:00\" \/>\n<meta property=\"og:image\" content=\"https:\/\/www.smedemokrati.sk\/wp-content\/uploads\/2023\/04\/PM.jpg\" \/>\n\t<meta property=\"og:image:width\" content=\"1520\" \/>\n\t<meta property=\"og:image:height\" content=\"1080\" \/>\n\t<meta property=\"og:image:type\" content=\"image\/jpeg\" \/>\n<meta name=\"author\" content=\"miro.sopko\" \/>\n<meta name=\"twitter:card\" content=\"summary_large_image\" \/>\n<meta name=\"twitter:label1\" content=\"Szerz\u0151:\" \/>\n\t<meta name=\"twitter:data1\" content=\"miro.sopko\" \/>\n\t<meta name=\"twitter:label2\" content=\"Becs\u00fclt olvas\u00e1si id\u0151\" \/>\n\t<meta name=\"twitter:data2\" content=\"3 perc\" \/>\n<script type=\"application\/ld+json\" class=\"yoast-schema-graph\">{\"@context\":\"https:\/\/schema.org\",\"@graph\":[{\"@type\":\"Article\",\"@id\":\"https:\/\/www.smedemokrati.sk\/vlada-oklamala-samospravy-aj-pri-eurofondoch\/#article\",\"isPartOf\":{\"@id\":\"https:\/\/www.smedemokrati.sk\/vlada-oklamala-samospravy-aj-pri-eurofondoch\/\"},\"author\":{\"name\":\"miro.sopko\",\"@id\":\"https:\/\/www.smedemokrati.sk\/#\/schema\/person\/21f147c88d605aa7ded900e1e7c344ba\"},\"headline\":\"Vl\u00e1da oklamala samospr\u00e1vy. Aj pri eurofondoch\",\"datePublished\":\"2025-06-19T15:27:42+00:00\",\"mainEntityOfPage\":{\"@id\":\"https:\/\/www.smedemokrati.sk\/vlada-oklamala-samospravy-aj-pri-eurofondoch\/\"},\"wordCount\":490,\"publisher\":{\"@id\":\"https:\/\/www.smedemokrati.sk\/#organization\"},\"image\":{\"@id\":\"https:\/\/www.smedemokrati.sk\/vlada-oklamala-samospravy-aj-pri-eurofondoch\/#primaryimage\"},\"thumbnailUrl\":\"https:\/\/www.smedemokrati.sk\/wp-content\/uploads\/2023\/04\/PM.jpg\",\"articleSection\":[\"Tla\u010dov\u00e9 spr\u00e1vy\"],\"inLanguage\":\"hu-HU\"},{\"@type\":\"WebPage\",\"@id\":\"https:\/\/www.smedemokrati.sk\/vlada-oklamala-samospravy-aj-pri-eurofondoch\/\",\"url\":\"https:\/\/www.smedemokrati.sk\/vlada-oklamala-samospravy-aj-pri-eurofondoch\/\",\"name\":\"Vl\u00e1da oklamala samospr\u00e1vy. Aj pri eurofondoch\",\"isPartOf\":{\"@id\":\"https:\/\/www.smedemokrati.sk\/#website\"},\"primaryImageOfPage\":{\"@id\":\"https:\/\/www.smedemokrati.sk\/vlada-oklamala-samospravy-aj-pri-eurofondoch\/#primaryimage\"},\"image\":{\"@id\":\"https:\/\/www.smedemokrati.sk\/vlada-oklamala-samospravy-aj-pri-eurofondoch\/#primaryimage\"},\"thumbnailUrl\":\"https:\/\/www.smedemokrati.sk\/wp-content\/uploads\/2023\/04\/PM.jpg\",\"datePublished\":\"2025-06-19T15:27:42+00:00\",\"description\":\"Nezvl\u00e1dnut\u00e9\u00a0eurofondy a klamstv\u00e1.\u00a0Pod\u013ea Demokratov vl\u00e1da nielen\u017ee nezvl\u00e1da \u010derpanie eurofondov, ale z\u00e1rove\u0148 zlyh\u00e1va v komunik\u00e1cii a zav\u00e1dza k\u013e\u00fa\u010dov\u00fdch partnerov v\u00a0\u00fazem\u00ed,\u00a0najm\u00e4 samospr\u00e1vy.\u00a0\",\"breadcrumb\":{\"@id\":\"https:\/\/www.smedemokrati.sk\/vlada-oklamala-samospravy-aj-pri-eurofondoch\/#breadcrumb\"},\"inLanguage\":\"hu-HU\",\"potentialAction\":[{\"@type\":\"ReadAction\",\"target\":[\"https:\/\/www.smedemokrati.sk\/vlada-oklamala-samospravy-aj-pri-eurofondoch\/\"]}]},{\"@type\":\"ImageObject\",\"inLanguage\":\"hu-HU\",\"@id\":\"https:\/\/www.smedemokrati.sk\/vlada-oklamala-samospravy-aj-pri-eurofondoch\/#primaryimage\",\"url\":\"https:\/\/www.smedemokrati.sk\/wp-content\/uploads\/2023\/04\/PM.jpg\",\"contentUrl\":\"https:\/\/www.smedemokrati.sk\/wp-content\/uploads\/2023\/04\/PM.jpg\",\"width\":1520,\"height\":1080},{\"@type\":\"BreadcrumbList\",\"@id\":\"https:\/\/www.smedemokrati.sk\/vlada-oklamala-samospravy-aj-pri-eurofondoch\/#breadcrumb\",\"itemListElement\":[{\"@type\":\"ListItem\",\"position\":1,\"name\":\"Domovsk\u00e1 str\u00e1nka\",\"item\":\"https:\/\/www.smedemokrati.sk\/\"},{\"@type\":\"ListItem\",\"position\":2,\"name\":\"Vl\u00e1da oklamala samospr\u00e1vy. Aj pri eurofondoch\"}]},{\"@type\":\"WebSite\",\"@id\":\"https:\/\/www.smedemokrati.sk\/#website\",\"url\":\"https:\/\/www.smedemokrati.sk\/\",\"name\":\"Smedemokrati.sk\",\"description\":\"Demokracia a slu\u0161nos\u0165 zv\u00ed\u0165az\u00ed\",\"publisher\":{\"@id\":\"https:\/\/www.smedemokrati.sk\/#organization\"},\"potentialAction\":[{\"@type\":\"SearchAction\",\"target\":{\"@type\":\"EntryPoint\",\"urlTemplate\":\"https:\/\/www.smedemokrati.sk\/?s={search_term_string}\"},\"query-input\":{\"@type\":\"PropertyValueSpecification\",\"valueRequired\":true,\"valueName\":\"search_term_string\"}}],\"inLanguage\":\"hu-HU\"},{\"@type\":\"Organization\",\"@id\":\"https:\/\/www.smedemokrati.sk\/#organization\",\"name\":\"Smedemokrati.sk\",\"url\":\"https:\/\/www.smedemokrati.sk\/\",\"logo\":{\"@type\":\"ImageObject\",\"inLanguage\":\"hu-HU\",\"@id\":\"https:\/\/www.smedemokrati.sk\/#\/schema\/logo\/image\/\",\"url\":\"https:\/\/www.smedemokrati.sk\/wp-content\/uploads\/2023\/04\/ff.002.jpeg\",\"contentUrl\":\"https:\/\/www.smedemokrati.sk\/wp-content\/uploads\/2023\/04\/ff.002.jpeg\",\"width\":640,\"height\":480,\"caption\":\"Smedemokrati.sk\"},\"image\":{\"@id\":\"https:\/\/www.smedemokrati.sk\/#\/schema\/logo\/image\/\"},\"sameAs\":[\"https:\/\/www.facebook.com\/smedemokrati2023\"]},{\"@type\":\"Person\",\"@id\":\"https:\/\/www.smedemokrati.sk\/#\/schema\/person\/21f147c88d605aa7ded900e1e7c344ba\",\"name\":\"miro.sopko\",\"image\":{\"@type\":\"ImageObject\",\"inLanguage\":\"hu-HU\",\"@id\":\"https:\/\/secure.gravatar.com\/avatar\/267e4a36f704376c109afe3a78740c1f5dd8675a2180a908699e7863c9247606?s=96&d=mm&r=g\",\"url\":\"https:\/\/secure.gravatar.com\/avatar\/267e4a36f704376c109afe3a78740c1f5dd8675a2180a908699e7863c9247606?s=96&d=mm&r=g\",\"contentUrl\":\"https:\/\/secure.gravatar.com\/avatar\/267e4a36f704376c109afe3a78740c1f5dd8675a2180a908699e7863c9247606?s=96&d=mm&r=g\",\"caption\":\"miro.sopko\"},\"url\":\"https:\/\/www.smedemokrati.sk\/hu\/author\/miro-sopko\/\"}]}<\/script>\n<!-- \/ Yoast SEO plugin. -->","yoast_head_json":{"title":"Vl\u00e1da oklamala samospr\u00e1vy. Aj pri eurofondoch","description":"Nezvl\u00e1dnut\u00e9\u00a0eurofondy a klamstv\u00e1.\u00a0Pod\u013ea Demokratov vl\u00e1da nielen\u017ee nezvl\u00e1da \u010derpanie eurofondov, ale z\u00e1rove\u0148 zlyh\u00e1va v komunik\u00e1cii a zav\u00e1dza k\u013e\u00fa\u010dov\u00fdch partnerov v\u00a0\u00fazem\u00ed,\u00a0najm\u00e4 samospr\u00e1vy.\u00a0","robots":{"index":"index","follow":"follow","max-snippet":"max-snippet:-1","max-image-preview":"max-image-preview:large","max-video-preview":"max-video-preview:-1"},"canonical":"https:\/\/www.smedemokrati.sk\/hu\/vlada-oklamala-samospravy-aj-pri-eurofondoch\/","og_locale":"hu_HU","og_type":"article","og_title":"[:sk]Vl\u00e1da oklamala samospr\u00e1vy. Aj pri eurofondoch[:] - Smedemokrati.sk","og_description":"[:sk]Nezvl\u00e1dnut\u00e9\u00a0eurofondy a klamstv\u00e1.\u00a0Pod\u013ea Demokratov vl\u00e1da nielen\u017ee nezvl\u00e1da \u010derpanie eurofondov, ale z\u00e1rove\u0148 zlyh\u00e1va v komunik\u00e1cii a zav\u00e1dza k\u013e\u00fa\u010dov\u00fdch partnerov v\u00a0\u00fazem\u00ed,\u00a0najm\u00e4 samospr\u00e1vy.\u00a0[:]","og_url":"https:\/\/www.smedemokrati.sk\/hu\/vlada-oklamala-samospravy-aj-pri-eurofondoch\/","og_site_name":"Smedemokrati.sk","article_publisher":"https:\/\/www.facebook.com\/smedemokrati2023","article_published_time":"2025-06-19T15:27:42+00:00","og_image":[{"width":1520,"height":1080,"url":"https:\/\/www.smedemokrati.sk\/wp-content\/uploads\/2023\/04\/PM.jpg","type":"image\/jpeg"}],"author":"miro.sopko","twitter_card":"summary_large_image","twitter_misc":{"Szerz\u0151:":"miro.sopko","Becs\u00fclt olvas\u00e1si id\u0151":"3 perc"},"schema":{"@context":"https:\/\/schema.org","@graph":[{"@type":"Article","@id":"https:\/\/www.smedemokrati.sk\/vlada-oklamala-samospravy-aj-pri-eurofondoch\/#article","isPartOf":{"@id":"https:\/\/www.smedemokrati.sk\/vlada-oklamala-samospravy-aj-pri-eurofondoch\/"},"author":{"name":"miro.sopko","@id":"https:\/\/www.smedemokrati.sk\/#\/schema\/person\/21f147c88d605aa7ded900e1e7c344ba"},"headline":"Vl\u00e1da oklamala samospr\u00e1vy. Aj pri eurofondoch","datePublished":"2025-06-19T15:27:42+00:00","mainEntityOfPage":{"@id":"https:\/\/www.smedemokrati.sk\/vlada-oklamala-samospravy-aj-pri-eurofondoch\/"},"wordCount":490,"publisher":{"@id":"https:\/\/www.smedemokrati.sk\/#organization"},"image":{"@id":"https:\/\/www.smedemokrati.sk\/vlada-oklamala-samospravy-aj-pri-eurofondoch\/#primaryimage"},"thumbnailUrl":"https:\/\/www.smedemokrati.sk\/wp-content\/uploads\/2023\/04\/PM.jpg","articleSection":["Tla\u010dov\u00e9 spr\u00e1vy"],"inLanguage":"hu-HU"},{"@type":"WebPage","@id":"https:\/\/www.smedemokrati.sk\/vlada-oklamala-samospravy-aj-pri-eurofondoch\/","url":"https:\/\/www.smedemokrati.sk\/vlada-oklamala-samospravy-aj-pri-eurofondoch\/","name":"Vl\u00e1da oklamala samospr\u00e1vy. Aj pri eurofondoch","isPartOf":{"@id":"https:\/\/www.smedemokrati.sk\/#website"},"primaryImageOfPage":{"@id":"https:\/\/www.smedemokrati.sk\/vlada-oklamala-samospravy-aj-pri-eurofondoch\/#primaryimage"},"image":{"@id":"https:\/\/www.smedemokrati.sk\/vlada-oklamala-samospravy-aj-pri-eurofondoch\/#primaryimage"},"thumbnailUrl":"https:\/\/www.smedemokrati.sk\/wp-content\/uploads\/2023\/04\/PM.jpg","datePublished":"2025-06-19T15:27:42+00:00","description":"Nezvl\u00e1dnut\u00e9\u00a0eurofondy a klamstv\u00e1.\u00a0Pod\u013ea Demokratov vl\u00e1da nielen\u017ee nezvl\u00e1da \u010derpanie eurofondov, ale z\u00e1rove\u0148 zlyh\u00e1va v komunik\u00e1cii a zav\u00e1dza k\u013e\u00fa\u010dov\u00fdch partnerov v\u00a0\u00fazem\u00ed,\u00a0najm\u00e4 samospr\u00e1vy.\u00a0","breadcrumb":{"@id":"https:\/\/www.smedemokrati.sk\/vlada-oklamala-samospravy-aj-pri-eurofondoch\/#breadcrumb"},"inLanguage":"hu-HU","potentialAction":[{"@type":"ReadAction","target":["https:\/\/www.smedemokrati.sk\/vlada-oklamala-samospravy-aj-pri-eurofondoch\/"]}]},{"@type":"ImageObject","inLanguage":"hu-HU","@id":"https:\/\/www.smedemokrati.sk\/vlada-oklamala-samospravy-aj-pri-eurofondoch\/#primaryimage","url":"https:\/\/www.smedemokrati.sk\/wp-content\/uploads\/2023\/04\/PM.jpg","contentUrl":"https:\/\/www.smedemokrati.sk\/wp-content\/uploads\/2023\/04\/PM.jpg","width":1520,"height":1080},{"@type":"BreadcrumbList","@id":"https:\/\/www.smedemokrati.sk\/vlada-oklamala-samospravy-aj-pri-eurofondoch\/#breadcrumb","itemListElement":[{"@type":"ListItem","position":1,"name":"Domovsk\u00e1 str\u00e1nka","item":"https:\/\/www.smedemokrati.sk\/"},{"@type":"ListItem","position":2,"name":"Vl\u00e1da oklamala samospr\u00e1vy. Aj pri eurofondoch"}]},{"@type":"WebSite","@id":"https:\/\/www.smedemokrati.sk\/#website","url":"https:\/\/www.smedemokrati.sk\/","name":"Smedemokrati.sk","description":"Demokracia a slu\u0161nos\u0165 zv\u00ed\u0165az\u00ed","publisher":{"@id":"https:\/\/www.smedemokrati.sk\/#organization"},"potentialAction":[{"@type":"SearchAction","target":{"@type":"EntryPoint","urlTemplate":"https:\/\/www.smedemokrati.sk\/?s={search_term_string}"},"query-input":{"@type":"PropertyValueSpecification","valueRequired":true,"valueName":"search_term_string"}}],"inLanguage":"hu-HU"},{"@type":"Organization","@id":"https:\/\/www.smedemokrati.sk\/#organization","name":"Smedemokrati.sk","url":"https:\/\/www.smedemokrati.sk\/","logo":{"@type":"ImageObject","inLanguage":"hu-HU","@id":"https:\/\/www.smedemokrati.sk\/#\/schema\/logo\/image\/","url":"https:\/\/www.smedemokrati.sk\/wp-content\/uploads\/2023\/04\/ff.002.jpeg","contentUrl":"https:\/\/www.smedemokrati.sk\/wp-content\/uploads\/2023\/04\/ff.002.jpeg","width":640,"height":480,"caption":"Smedemokrati.sk"},"image":{"@id":"https:\/\/www.smedemokrati.sk\/#\/schema\/logo\/image\/"},"sameAs":["https:\/\/www.facebook.com\/smedemokrati2023"]},{"@type":"Person","@id":"https:\/\/www.smedemokrati.sk\/#\/schema\/person\/21f147c88d605aa7ded900e1e7c344ba","name":"miro.sopko","image":{"@type":"ImageObject","inLanguage":"hu-HU","@id":"https:\/\/secure.gravatar.com\/avatar\/267e4a36f704376c109afe3a78740c1f5dd8675a2180a908699e7863c9247606?s=96&d=mm&r=g","url":"https:\/\/secure.gravatar.com\/avatar\/267e4a36f704376c109afe3a78740c1f5dd8675a2180a908699e7863c9247606?s=96&d=mm&r=g","contentUrl":"https:\/\/secure.gravatar.com\/avatar\/267e4a36f704376c109afe3a78740c1f5dd8675a2180a908699e7863c9247606?s=96&d=mm&r=g","caption":"miro.sopko"},"url":"https:\/\/www.smedemokrati.sk\/hu\/author\/miro-sopko\/"}]}},"_links":{"self":[{"href":"https:\/\/www.smedemokrati.sk\/hu\/wp-json\/wp\/v2\/posts\/7577","targetHints":{"allow":["GET"]}}],"collection":[{"href":"https:\/\/www.smedemokrati.sk\/hu\/wp-json\/wp\/v2\/posts"}],"about":[{"href":"https:\/\/www.smedemokrati.sk\/hu\/wp-json\/wp\/v2\/types\/post"}],"author":[{"embeddable":true,"href":"https:\/\/www.smedemokrati.sk\/hu\/wp-json\/wp\/v2\/users\/13"}],"replies":[{"embeddable":true,"href":"https:\/\/www.smedemokrati.sk\/hu\/wp-json\/wp\/v2\/comments?post=7577"}],"version-history":[{"count":1,"href":"https:\/\/www.smedemokrati.sk\/hu\/wp-json\/wp\/v2\/posts\/7577\/revisions"}],"predecessor-version":[{"id":7578,"href":"https:\/\/www.smedemokrati.sk\/hu\/wp-json\/wp\/v2\/posts\/7577\/revisions\/7578"}],"wp:featuredmedia":[{"embeddable":true,"href":"https:\/\/www.smedemokrati.sk\/hu\/wp-json\/wp\/v2\/media\/387"}],"wp:attachment":[{"href":"https:\/\/www.smedemokrati.sk\/hu\/wp-json\/wp\/v2\/media?parent=7577"}],"wp:term":[{"taxonomy":"category","embeddable":true,"href":"https:\/\/www.smedemokrati.sk\/hu\/wp-json\/wp\/v2\/categories?post=7577"},{"taxonomy":"post_tag","embeddable":true,"href":"https:\/\/www.smedemokrati.sk\/hu\/wp-json\/wp\/v2\/tags?post=7577"}],"curies":[{"name":"wp","href":"https:\/\/api.w.org\/{rel}","templated":true}]}}