{"id":7568,"date":"2025-06-18T15:39:46","date_gmt":"2025-06-18T14:39:46","guid":{"rendered":"https:\/\/www.smedemokrati.sk\/?p=7568"},"modified":"2025-06-18T15:39:47","modified_gmt":"2025-06-18T14:39:47","slug":"snaha-zatknut-jaroslava-nada-je-aktom-politickej-pomsty","status":"publish","type":"post","link":"https:\/\/www.smedemokrati.sk\/hu\/snaha-zatknut-jaroslava-nada-je-aktom-politickej-pomsty\/","title":{"rendered":"Snaha zatkn\u00fa\u0165 Jaroslava Na\u010fa je aktom politickej pomsty"},"content":{"rendered":"<div id=\"fb-root\"><\/div>\n\n<p><strong>Strana Demokrati ozna\u010duje dne\u0161n\u00fa snahu zadr\u017ea\u0165 predsedu strany Demokrati, aj napriek tomu, \u017ee je na vopred avizovanej zahrani\u010dnej ceste, za politick\u00fa pomstu. Pod\u013ea podpredsedu strany Juraja \u0160eligu ide o medzin\u00e1rodn\u00fd \u0161kand\u00e1l, preto\u017ee v demokratickom svete nie je be\u017en\u00e9, aby bol predstavite\u013e vl\u00e1dy trestne st\u00edhan\u00fd za pomoc Ukrajine. Demokrati prijali uznesenie, ktor\u00fdm vyjadrili podporu predsedovi Jaroslavovi Na\u010fovi.<\/strong><\/p>\n\n\n\n<p><em>\u201eJe to ni\u010d in\u00e9, iba politick\u00e1 objedn\u00e1vka, ktorou sa chc\u00fa Mat\u00fa\u0161 \u0160utaj E\u0161tok a \u010fal\u0161\u00ed pomsti\u0165 za na\u0161u tvrd\u00fa opozi\u010dn\u00fa pr\u00e1cu. Jaro Na\u010f vopred avizoval, \u017ee ide na zahrani\u010dn\u00fa cestu do Kanady, jeho pr\u00edspevky priamo z Kanady videli st\u00e1tis\u00edce \u013eud\u00ed. M\u00f4\u017ee sa sta\u0165, \u017ee t\u00ed policajti naozaj nevedeli, \u017ee Jaro Na\u010f nie je na \u00fazem\u00ed Slovenskej republiky? V takom pr\u00edpade je to absol\u00fatne \u0161ialenstvo,\u201c&nbsp;<\/em>otv\u00e1ra t\u00e9mu Juraj \u0160eliga, podpredseda strany. Z\u00e1rove\u0148 odkazuje, \u017ee predstavitelia strany sa nedaj\u00fa zastra\u0161i\u0165 a snahy o tento front\u00e1lny \u00fatok strana ustoj\u00ed.<\/p>\n\n\n\n<p>B\u00fdval\u00fd premi\u00e9r Eduard Heger stoj\u00ed za exministrom obrany a hovor\u00ed, \u017ee darovanie mun\u00edcie prebehlo v s\u00falade so z\u00e1konom:&nbsp;<em>\u201eRobili sme spr\u00e1vne veci a kto v\u010das d\u00e1va, dvakr\u00e1t d\u00e1va. Boli sme premiantom v pomoci napadnut\u00e9mu susedovi a v\u0161etko sme robili v s\u00falade so z\u00e1konom. Jaro Na\u010f sa neskr\u00fdva, nie je v cudzej krajine, aby sa skr\u00fdval. M\u00e1 moju pln\u00fa podporu a akon\u00e1hle sa predseda Demokratov vr\u00e1ti, bude plne s\u00fa\u010dinn\u00fd s vy\u0161etrovac\u00edmi org\u00e1nmi.\u201c&nbsp;<\/em>Dod\u00e1va, \u017ee tak\u00fdmito man\u00e9vrami, ak\u00e9 sa udiali dnes r\u00e1no, pol\u00edcia podkop\u00e1va svoju d\u00f4veru v o\u010diach verejnosti.<\/p>\n\n\n\n<p>Poslanec \u013dubom\u00edr Galko, ktor\u00fd spolupracuje so stranou Demokrati, pod\u010diarkuje, \u017ee Eur\u00f3pska prokurat\u00fara za\u010dala vy\u0161etrovanie vo veci, preto vyjadrenia vl\u00e1dnych predstavite\u013eov, \u017ee na Jaroslava Na\u010fa je veden\u00e9 trestn\u00e9 st\u00edhanie, nesedia:&nbsp;<em>\u201eJe dobr\u00e9, \u017ee Eur\u00f3pska prokurat\u00fara pre\u0161etruje vynakladanie eur\u00f3pskych pe\u0148az\u00ed a som presved\u010den\u00fd, \u017ee Jaroslav Na\u010f spolu s \u010fal\u0161\u00edmi zlo\u017ekami rezortu, vr\u00e1tane tej vojenskej, konali spr\u00e1vne a mor\u00e1lne dobre. Demokrati s\u00fa jaz\u00fd\u010dkom na v\u00e1hach a v koal\u00edcii to dobre vedia. Preto tieto politicky motivovan\u00e9 man\u00e9vre.\u201c<\/em><\/p>\n\n\n\n<p>Demokrati z\u00e1rove\u0148 po\u010fakovali verejnosti a kolegom z opoz\u00edcie, ktor\u00ed vyjadrili podporu exministrovi obrany.<\/p>\n\n\n<div class=\"fb-video\" data-href=\"https:\/\/fb.watch\/AistiFfmGG\" data-allowfullscreen=\"true\" data-autoplay=\"false\" data-width=\"\" data-show-text=\"false\" data-show-captions=\"true\"><\/div>\n","protected":false},"excerpt":{"rendered":"<p>Strana Demokrati ozna\u010duje dne\u0161n\u00fa snahu zadr\u017ea\u0165 predsedu strany Demokrati, aj napriek tomu, \u017ee je na vopred avizovanej zahrani\u010dnej ceste, za politick\u00fa pomstu. Pod\u013ea podpredsedu strany Juraja \u0160eligu ide o medzin\u00e1rodn\u00fd \u0161kand\u00e1l, preto\u017ee v demokratickom svete nie je be\u017en\u00e9, aby bol predstavite\u013e vl\u00e1dy trestne st\u00edhan\u00fd za pomoc Ukrajine. Demokrati prijali uznesenie, ktor\u00fdm vyjadrili podporu predsedovi Jaroslavovi [&hellip;]<\/p>\n","protected":false},"author":13,"featured_media":7569,"comment_status":"closed","ping_status":"closed","sticky":false,"template":"","format":"standard","meta":{"_acf_changed":false,"ngg_post_thumbnail":0,"footnotes":""},"categories":[4],"tags":[],"class_list":["post-7568","post","type-post","status-publish","format-standard","has-post-thumbnail","hentry","category-tlacove-spravy"],"acf":[],"yoast_head":"<!-- This site is optimized with the Yoast SEO plugin v27.2 - https:\/\/yoast.com\/product\/yoast-seo-wordpress\/ -->\n<title>Snaha zatkn\u00fa\u0165 Jaroslava Na\u010fa je aktom politickej pomsty<\/title>\n<meta name=\"robots\" content=\"index, follow, max-snippet:-1, max-image-preview:large, max-video-preview:-1\" \/>\n<link rel=\"canonical\" href=\"https:\/\/www.smedemokrati.sk\/hu\/snaha-zatknut-jaroslava-nada-je-aktom-politickej-pomsty\/\" \/>\n<meta property=\"og:locale\" content=\"hu_HU\" \/>\n<meta property=\"og:locale:alternate\" content=\"en_US\" \/>\n<meta property=\"og:locale:alternate\" content=\"cs_CZ\" \/>\n<meta property=\"og:locale:alternate\" content=\"sk_SK\" \/>\n<meta property=\"og:locale:alternate\" content=\"sv_SE\" \/>\n<meta property=\"og:type\" content=\"article\" \/>\n<meta property=\"og:title\" content=\"Snaha zatkn\u00fa\u0165 Jaroslava Na\u010fa je aktom politickej pomsty\" \/>\n<meta property=\"og:description\" content=\"Strana Demokrati ozna\u010duje dne\u0161n\u00fa snahu zadr\u017ea\u0165 predsedu strany Demokrati, aj napriek tomu, \u017ee je na vopred avizovanej zahrani\u010dnej ceste, za politick\u00fa pomstu. Pod\u013ea podpredsedu strany Juraja \u0160eligu ide o medzin\u00e1rodn\u00fd \u0161kand\u00e1l, preto\u017ee v demokratickom svete nie je be\u017en\u00e9, aby bol predstavite\u013e vl\u00e1dy trestne st\u00edhan\u00fd za pomoc Ukrajine. Demokrati prijali uznesenie, ktor\u00fdm vyjadrili podporu predsedovi Jaroslavovi [&hellip;]\" \/>\n<meta property=\"og:url\" content=\"https:\/\/www.smedemokrati.sk\/hu\/snaha-zatknut-jaroslava-nada-je-aktom-politickej-pomsty\/\" \/>\n<meta property=\"og:site_name\" content=\"Smedemokrati.sk\" \/>\n<meta property=\"article:publisher\" content=\"https:\/\/www.facebook.com\/smedemokrati2023\" \/>\n<meta property=\"article:published_time\" content=\"2025-06-18T14:39:46+00:00\" \/>\n<meta property=\"article:modified_time\" content=\"2025-06-18T14:39:47+00:00\" \/>\n<meta property=\"og:image\" content=\"https:\/\/www.smedemokrati.sk\/wp-content\/uploads\/2025\/06\/podpora-jara-nada.jpg\" \/>\n\t<meta property=\"og:image:width\" content=\"905\" \/>\n\t<meta property=\"og:image:height\" content=\"431\" \/>\n\t<meta property=\"og:image:type\" content=\"image\/jpeg\" \/>\n<meta name=\"author\" content=\"miro.sopko\" \/>\n<meta name=\"twitter:card\" content=\"summary_large_image\" \/>\n<meta name=\"twitter:label1\" content=\"Szerz\u0151:\" \/>\n\t<meta name=\"twitter:data1\" content=\"miro.sopko\" \/>\n\t<meta name=\"twitter:label2\" content=\"Becs\u00fclt olvas\u00e1si id\u0151\" \/>\n\t<meta name=\"twitter:data2\" content=\"2 perc\" \/>\n<script type=\"application\/ld+json\" class=\"yoast-schema-graph\">{\"@context\":\"https:\/\/schema.org\",\"@graph\":[{\"@type\":\"Article\",\"@id\":\"https:\/\/www.smedemokrati.sk\/snaha-zatknut-jaroslava-nada-je-aktom-politickej-pomsty\/#article\",\"isPartOf\":{\"@id\":\"https:\/\/www.smedemokrati.sk\/snaha-zatknut-jaroslava-nada-je-aktom-politickej-pomsty\/\"},\"author\":{\"name\":\"miro.sopko\",\"@id\":\"https:\/\/www.smedemokrati.sk\/#\/schema\/person\/21f147c88d605aa7ded900e1e7c344ba\"},\"headline\":\"Snaha zatkn\u00fa\u0165 Jaroslava Na\u010fa je aktom politickej pomsty\",\"datePublished\":\"2025-06-18T14:39:46+00:00\",\"dateModified\":\"2025-06-18T14:39:47+00:00\",\"mainEntityOfPage\":{\"@id\":\"https:\/\/www.smedemokrati.sk\/snaha-zatknut-jaroslava-nada-je-aktom-politickej-pomsty\/\"},\"wordCount\":426,\"publisher\":{\"@id\":\"https:\/\/www.smedemokrati.sk\/#organization\"},\"image\":{\"@id\":\"https:\/\/www.smedemokrati.sk\/snaha-zatknut-jaroslava-nada-je-aktom-politickej-pomsty\/#primaryimage\"},\"thumbnailUrl\":\"https:\/\/www.smedemokrati.sk\/wp-content\/uploads\/2025\/06\/podpora-jara-nada.jpg\",\"articleSection\":[\"Tla\u010dov\u00e9 spr\u00e1vy\"],\"inLanguage\":\"hu-HU\"},{\"@type\":\"WebPage\",\"@id\":\"https:\/\/www.smedemokrati.sk\/snaha-zatknut-jaroslava-nada-je-aktom-politickej-pomsty\/\",\"url\":\"https:\/\/www.smedemokrati.sk\/snaha-zatknut-jaroslava-nada-je-aktom-politickej-pomsty\/\",\"name\":\"Snaha zatkn\u00fa\u0165 Jaroslava Na\u010fa je aktom politickej pomsty\",\"isPartOf\":{\"@id\":\"https:\/\/www.smedemokrati.sk\/#website\"},\"primaryImageOfPage\":{\"@id\":\"https:\/\/www.smedemokrati.sk\/snaha-zatknut-jaroslava-nada-je-aktom-politickej-pomsty\/#primaryimage\"},\"image\":{\"@id\":\"https:\/\/www.smedemokrati.sk\/snaha-zatknut-jaroslava-nada-je-aktom-politickej-pomsty\/#primaryimage\"},\"thumbnailUrl\":\"https:\/\/www.smedemokrati.sk\/wp-content\/uploads\/2025\/06\/podpora-jara-nada.jpg\",\"datePublished\":\"2025-06-18T14:39:46+00:00\",\"dateModified\":\"2025-06-18T14:39:47+00:00\",\"breadcrumb\":{\"@id\":\"https:\/\/www.smedemokrati.sk\/snaha-zatknut-jaroslava-nada-je-aktom-politickej-pomsty\/#breadcrumb\"},\"inLanguage\":\"hu-HU\",\"potentialAction\":[{\"@type\":\"ReadAction\",\"target\":[\"https:\/\/www.smedemokrati.sk\/snaha-zatknut-jaroslava-nada-je-aktom-politickej-pomsty\/\"]}]},{\"@type\":\"ImageObject\",\"inLanguage\":\"hu-HU\",\"@id\":\"https:\/\/www.smedemokrati.sk\/snaha-zatknut-jaroslava-nada-je-aktom-politickej-pomsty\/#primaryimage\",\"url\":\"https:\/\/www.smedemokrati.sk\/wp-content\/uploads\/2025\/06\/podpora-jara-nada.jpg\",\"contentUrl\":\"https:\/\/www.smedemokrati.sk\/wp-content\/uploads\/2025\/06\/podpora-jara-nada.jpg\",\"width\":905,\"height\":431},{\"@type\":\"BreadcrumbList\",\"@id\":\"https:\/\/www.smedemokrati.sk\/snaha-zatknut-jaroslava-nada-je-aktom-politickej-pomsty\/#breadcrumb\",\"itemListElement\":[{\"@type\":\"ListItem\",\"position\":1,\"name\":\"Domovsk\u00e1 str\u00e1nka\",\"item\":\"https:\/\/www.smedemokrati.sk\/\"},{\"@type\":\"ListItem\",\"position\":2,\"name\":\"Snaha zatkn\u00fa\u0165 Jaroslava Na\u010fa je aktom politickej pomsty\"}]},{\"@type\":\"WebSite\",\"@id\":\"https:\/\/www.smedemokrati.sk\/#website\",\"url\":\"https:\/\/www.smedemokrati.sk\/\",\"name\":\"Smedemokrati.sk\",\"description\":\"Demokracia a slu\u0161nos\u0165 zv\u00ed\u0165az\u00ed\",\"publisher\":{\"@id\":\"https:\/\/www.smedemokrati.sk\/#organization\"},\"potentialAction\":[{\"@type\":\"SearchAction\",\"target\":{\"@type\":\"EntryPoint\",\"urlTemplate\":\"https:\/\/www.smedemokrati.sk\/?s={search_term_string}\"},\"query-input\":{\"@type\":\"PropertyValueSpecification\",\"valueRequired\":true,\"valueName\":\"search_term_string\"}}],\"inLanguage\":\"hu-HU\"},{\"@type\":\"Organization\",\"@id\":\"https:\/\/www.smedemokrati.sk\/#organization\",\"name\":\"Smedemokrati.sk\",\"url\":\"https:\/\/www.smedemokrati.sk\/\",\"logo\":{\"@type\":\"ImageObject\",\"inLanguage\":\"hu-HU\",\"@id\":\"https:\/\/www.smedemokrati.sk\/#\/schema\/logo\/image\/\",\"url\":\"https:\/\/www.smedemokrati.sk\/wp-content\/uploads\/2023\/04\/ff.002.jpeg\",\"contentUrl\":\"https:\/\/www.smedemokrati.sk\/wp-content\/uploads\/2023\/04\/ff.002.jpeg\",\"width\":640,\"height\":480,\"caption\":\"Smedemokrati.sk\"},\"image\":{\"@id\":\"https:\/\/www.smedemokrati.sk\/#\/schema\/logo\/image\/\"},\"sameAs\":[\"https:\/\/www.facebook.com\/smedemokrati2023\"]},{\"@type\":\"Person\",\"@id\":\"https:\/\/www.smedemokrati.sk\/#\/schema\/person\/21f147c88d605aa7ded900e1e7c344ba\",\"name\":\"miro.sopko\",\"image\":{\"@type\":\"ImageObject\",\"inLanguage\":\"hu-HU\",\"@id\":\"https:\/\/secure.gravatar.com\/avatar\/267e4a36f704376c109afe3a78740c1f5dd8675a2180a908699e7863c9247606?s=96&d=mm&r=g\",\"url\":\"https:\/\/secure.gravatar.com\/avatar\/267e4a36f704376c109afe3a78740c1f5dd8675a2180a908699e7863c9247606?s=96&d=mm&r=g\",\"contentUrl\":\"https:\/\/secure.gravatar.com\/avatar\/267e4a36f704376c109afe3a78740c1f5dd8675a2180a908699e7863c9247606?s=96&d=mm&r=g\",\"caption\":\"miro.sopko\"},\"url\":\"https:\/\/www.smedemokrati.sk\/hu\/author\/miro-sopko\/\"}]}<\/script>\n<!-- \/ Yoast SEO plugin. -->","yoast_head_json":{"title":"Snaha zatkn\u00fa\u0165 Jaroslava Na\u010fa je aktom politickej pomsty","robots":{"index":"index","follow":"follow","max-snippet":"max-snippet:-1","max-image-preview":"max-image-preview:large","max-video-preview":"max-video-preview:-1"},"canonical":"https:\/\/www.smedemokrati.sk\/hu\/snaha-zatknut-jaroslava-nada-je-aktom-politickej-pomsty\/","og_locale":"hu_HU","og_type":"article","og_title":"[:sk]Snaha zatkn\u00fa\u0165 Jaroslava Na\u010fa je aktom politickej pomsty[:] - Smedemokrati.sk","og_description":"Strana Demokrati ozna\u010duje dne\u0161n\u00fa snahu zadr\u017ea\u0165 predsedu strany Demokrati, aj napriek tomu, \u017ee je na vopred avizovanej zahrani\u010dnej ceste, za politick\u00fa pomstu. Pod\u013ea podpredsedu strany Juraja \u0160eligu ide o medzin\u00e1rodn\u00fd \u0161kand\u00e1l, preto\u017ee v demokratickom svete nie je be\u017en\u00e9, aby bol predstavite\u013e vl\u00e1dy trestne st\u00edhan\u00fd za pomoc Ukrajine. Demokrati prijali uznesenie, ktor\u00fdm vyjadrili podporu predsedovi Jaroslavovi [&hellip;]","og_url":"https:\/\/www.smedemokrati.sk\/hu\/snaha-zatknut-jaroslava-nada-je-aktom-politickej-pomsty\/","og_site_name":"Smedemokrati.sk","article_publisher":"https:\/\/www.facebook.com\/smedemokrati2023","article_published_time":"2025-06-18T14:39:46+00:00","article_modified_time":"2025-06-18T14:39:47+00:00","og_image":[{"width":905,"height":431,"url":"https:\/\/www.smedemokrati.sk\/wp-content\/uploads\/2025\/06\/podpora-jara-nada.jpg","type":"image\/jpeg"}],"author":"miro.sopko","twitter_card":"summary_large_image","twitter_misc":{"Szerz\u0151:":"miro.sopko","Becs\u00fclt olvas\u00e1si id\u0151":"2 perc"},"schema":{"@context":"https:\/\/schema.org","@graph":[{"@type":"Article","@id":"https:\/\/www.smedemokrati.sk\/snaha-zatknut-jaroslava-nada-je-aktom-politickej-pomsty\/#article","isPartOf":{"@id":"https:\/\/www.smedemokrati.sk\/snaha-zatknut-jaroslava-nada-je-aktom-politickej-pomsty\/"},"author":{"name":"miro.sopko","@id":"https:\/\/www.smedemokrati.sk\/#\/schema\/person\/21f147c88d605aa7ded900e1e7c344ba"},"headline":"Snaha zatkn\u00fa\u0165 Jaroslava Na\u010fa je aktom politickej pomsty","datePublished":"2025-06-18T14:39:46+00:00","dateModified":"2025-06-18T14:39:47+00:00","mainEntityOfPage":{"@id":"https:\/\/www.smedemokrati.sk\/snaha-zatknut-jaroslava-nada-je-aktom-politickej-pomsty\/"},"wordCount":426,"publisher":{"@id":"https:\/\/www.smedemokrati.sk\/#organization"},"image":{"@id":"https:\/\/www.smedemokrati.sk\/snaha-zatknut-jaroslava-nada-je-aktom-politickej-pomsty\/#primaryimage"},"thumbnailUrl":"https:\/\/www.smedemokrati.sk\/wp-content\/uploads\/2025\/06\/podpora-jara-nada.jpg","articleSection":["Tla\u010dov\u00e9 spr\u00e1vy"],"inLanguage":"hu-HU"},{"@type":"WebPage","@id":"https:\/\/www.smedemokrati.sk\/snaha-zatknut-jaroslava-nada-je-aktom-politickej-pomsty\/","url":"https:\/\/www.smedemokrati.sk\/snaha-zatknut-jaroslava-nada-je-aktom-politickej-pomsty\/","name":"Snaha zatkn\u00fa\u0165 Jaroslava Na\u010fa je aktom politickej pomsty","isPartOf":{"@id":"https:\/\/www.smedemokrati.sk\/#website"},"primaryImageOfPage":{"@id":"https:\/\/www.smedemokrati.sk\/snaha-zatknut-jaroslava-nada-je-aktom-politickej-pomsty\/#primaryimage"},"image":{"@id":"https:\/\/www.smedemokrati.sk\/snaha-zatknut-jaroslava-nada-je-aktom-politickej-pomsty\/#primaryimage"},"thumbnailUrl":"https:\/\/www.smedemokrati.sk\/wp-content\/uploads\/2025\/06\/podpora-jara-nada.jpg","datePublished":"2025-06-18T14:39:46+00:00","dateModified":"2025-06-18T14:39:47+00:00","breadcrumb":{"@id":"https:\/\/www.smedemokrati.sk\/snaha-zatknut-jaroslava-nada-je-aktom-politickej-pomsty\/#breadcrumb"},"inLanguage":"hu-HU","potentialAction":[{"@type":"ReadAction","target":["https:\/\/www.smedemokrati.sk\/snaha-zatknut-jaroslava-nada-je-aktom-politickej-pomsty\/"]}]},{"@type":"ImageObject","inLanguage":"hu-HU","@id":"https:\/\/www.smedemokrati.sk\/snaha-zatknut-jaroslava-nada-je-aktom-politickej-pomsty\/#primaryimage","url":"https:\/\/www.smedemokrati.sk\/wp-content\/uploads\/2025\/06\/podpora-jara-nada.jpg","contentUrl":"https:\/\/www.smedemokrati.sk\/wp-content\/uploads\/2025\/06\/podpora-jara-nada.jpg","width":905,"height":431},{"@type":"BreadcrumbList","@id":"https:\/\/www.smedemokrati.sk\/snaha-zatknut-jaroslava-nada-je-aktom-politickej-pomsty\/#breadcrumb","itemListElement":[{"@type":"ListItem","position":1,"name":"Domovsk\u00e1 str\u00e1nka","item":"https:\/\/www.smedemokrati.sk\/"},{"@type":"ListItem","position":2,"name":"Snaha zatkn\u00fa\u0165 Jaroslava Na\u010fa je aktom politickej pomsty"}]},{"@type":"WebSite","@id":"https:\/\/www.smedemokrati.sk\/#website","url":"https:\/\/www.smedemokrati.sk\/","name":"Smedemokrati.sk","description":"Demokracia a slu\u0161nos\u0165 zv\u00ed\u0165az\u00ed","publisher":{"@id":"https:\/\/www.smedemokrati.sk\/#organization"},"potentialAction":[{"@type":"SearchAction","target":{"@type":"EntryPoint","urlTemplate":"https:\/\/www.smedemokrati.sk\/?s={search_term_string}"},"query-input":{"@type":"PropertyValueSpecification","valueRequired":true,"valueName":"search_term_string"}}],"inLanguage":"hu-HU"},{"@type":"Organization","@id":"https:\/\/www.smedemokrati.sk\/#organization","name":"Smedemokrati.sk","url":"https:\/\/www.smedemokrati.sk\/","logo":{"@type":"ImageObject","inLanguage":"hu-HU","@id":"https:\/\/www.smedemokrati.sk\/#\/schema\/logo\/image\/","url":"https:\/\/www.smedemokrati.sk\/wp-content\/uploads\/2023\/04\/ff.002.jpeg","contentUrl":"https:\/\/www.smedemokrati.sk\/wp-content\/uploads\/2023\/04\/ff.002.jpeg","width":640,"height":480,"caption":"Smedemokrati.sk"},"image":{"@id":"https:\/\/www.smedemokrati.sk\/#\/schema\/logo\/image\/"},"sameAs":["https:\/\/www.facebook.com\/smedemokrati2023"]},{"@type":"Person","@id":"https:\/\/www.smedemokrati.sk\/#\/schema\/person\/21f147c88d605aa7ded900e1e7c344ba","name":"miro.sopko","image":{"@type":"ImageObject","inLanguage":"hu-HU","@id":"https:\/\/secure.gravatar.com\/avatar\/267e4a36f704376c109afe3a78740c1f5dd8675a2180a908699e7863c9247606?s=96&d=mm&r=g","url":"https:\/\/secure.gravatar.com\/avatar\/267e4a36f704376c109afe3a78740c1f5dd8675a2180a908699e7863c9247606?s=96&d=mm&r=g","contentUrl":"https:\/\/secure.gravatar.com\/avatar\/267e4a36f704376c109afe3a78740c1f5dd8675a2180a908699e7863c9247606?s=96&d=mm&r=g","caption":"miro.sopko"},"url":"https:\/\/www.smedemokrati.sk\/hu\/author\/miro-sopko\/"}]}},"_links":{"self":[{"href":"https:\/\/www.smedemokrati.sk\/hu\/wp-json\/wp\/v2\/posts\/7568","targetHints":{"allow":["GET"]}}],"collection":[{"href":"https:\/\/www.smedemokrati.sk\/hu\/wp-json\/wp\/v2\/posts"}],"about":[{"href":"https:\/\/www.smedemokrati.sk\/hu\/wp-json\/wp\/v2\/types\/post"}],"author":[{"embeddable":true,"href":"https:\/\/www.smedemokrati.sk\/hu\/wp-json\/wp\/v2\/users\/13"}],"replies":[{"embeddable":true,"href":"https:\/\/www.smedemokrati.sk\/hu\/wp-json\/wp\/v2\/comments?post=7568"}],"version-history":[{"count":1,"href":"https:\/\/www.smedemokrati.sk\/hu\/wp-json\/wp\/v2\/posts\/7568\/revisions"}],"predecessor-version":[{"id":7570,"href":"https:\/\/www.smedemokrati.sk\/hu\/wp-json\/wp\/v2\/posts\/7568\/revisions\/7570"}],"wp:featuredmedia":[{"embeddable":true,"href":"https:\/\/www.smedemokrati.sk\/hu\/wp-json\/wp\/v2\/media\/7569"}],"wp:attachment":[{"href":"https:\/\/www.smedemokrati.sk\/hu\/wp-json\/wp\/v2\/media?parent=7568"}],"wp:term":[{"taxonomy":"category","embeddable":true,"href":"https:\/\/www.smedemokrati.sk\/hu\/wp-json\/wp\/v2\/categories?post=7568"},{"taxonomy":"post_tag","embeddable":true,"href":"https:\/\/www.smedemokrati.sk\/hu\/wp-json\/wp\/v2\/tags?post=7568"}],"curies":[{"name":"wp","href":"https:\/\/api.w.org\/{rel}","templated":true}]}}