{"id":7513,"date":"2025-06-10T16:54:00","date_gmt":"2025-06-10T15:54:00","guid":{"rendered":"https:\/\/www.smedemokrati.sk\/?p=7513"},"modified":"2025-06-10T17:08:57","modified_gmt":"2025-06-10T16:08:57","slug":"prokuratura-napadla-zonaciu-tatranskeho-narodneho-parku","status":"publish","type":"post","link":"https:\/\/www.smedemokrati.sk\/hu\/prokuratura-napadla-zonaciu-tatranskeho-narodneho-parku\/","title":{"rendered":"Prokurat\u00fara napadla zon\u00e1ciu Tatransk\u00e9ho n\u00e1rodn\u00e9ho parku"},"content":{"rendered":"<div id=\"fb-root\"><\/div>\n\n<p><strong>Tarabova a Kuffova zon\u00e1cia Tatransk\u00e9ho n\u00e1rodn\u00e9ho parku jednozna\u010dne poru\u0161ovala z\u00e1kon. Ignorovali to, napriek na\u0161im upozorneniam. Demokrati sa preto 23. m\u00e1ja obr\u00e1tili s podnetom na Krajsk\u00fa prokurat\u00faru v Pre\u0161ove, ktor\u00e1 n\u00e1m dnes dala v na\u0161ej argument\u00e1cii za pravdu.<\/strong><\/p>\n\n\n\n<p><em>\u201eZon\u00e1cia, ktorou sa chv\u00e1lil Kuffa, neobsahovala d\u00f4le\u017eit\u00fd dokument, n\u00e1vrh programu starostlivosti. T\u00fdm do\u0161lo k poru\u0161eniu z\u00e1kona o ochrane pr\u00edrody a krajiny. Prokur\u00e1torka preto podala proti zon\u00e1cii protest a navrhla ju zru\u0161i\u0165. O proteste bude rozhodova\u0165 Okresn\u00fd \u00farad Pre\u0161ov, ale argument\u00e1cia je nepriestreln\u00e1. D\u00f4sledkom mus\u00ed by\u0165 opakovanie cel\u00e9ho procesu,<\/em>\u201d vysvet\u013euje enviroexpert strany Michal Ki\u010da.<\/p>\n\n\n\n<p>Sme radi, \u017ee aj v\u010faka n\u00e1\u0161mu tlaku sa podarilo \u0161kandal\u00f3znu zon\u00e1ciu nateraz zbrzdi\u0165. T\u00e1 toti\u017e z\u00e1sadne oslabovala ochranu tatranskej pr\u00edrody a bola aj v rozpore s pl\u00e1nom obnovy.&nbsp;<\/p>\n\n\n\n<p><em>\u201eVyz\u00fdvam ministra Tarabu a Kuffu, aby sa pou\u010dili a predlo\u017eili nanovo tak\u00fa zon\u00e1ciu, ktor\u00e1 nebude v rozpore so z\u00e1konom a nebude po\u0161kodzova\u0165 slovensk\u00fa pr\u00edrodu. Mus\u00edme by\u0165 v strehu, o\u010dak\u00e1vam, \u017ee v snahe presadi\u0165 svoje ciele m\u00f4\u017eu z\u00e1kon ignorova\u0165. Ponuka pre Filipa Kuffu na dou\u010dovanie zo z\u00e1kona o ochrane pr\u00edrody a krajiny st\u00e1le plat\u00ed,<\/em>\u201d uzavrel Michal Ki\u010da.<\/p>\n","protected":false},"excerpt":{"rendered":"<p>Tarabova a Kuffova zon\u00e1cia Tatransk\u00e9ho n\u00e1rodn\u00e9ho parku jednozna\u010dne poru\u0161ovala z\u00e1kon. Ignorovali to, napriek na\u0161im upozorneniam. Demokrati sa preto 23. m\u00e1ja obr\u00e1tili s podnetom na Krajsk\u00fa prokurat\u00faru v Pre\u0161ove, ktor\u00e1 n\u00e1m dnes dala v na\u0161ej argument\u00e1cii za pravdu. \u201eZon\u00e1cia, ktorou sa chv\u00e1lil Kuffa, neobsahovala d\u00f4le\u017eit\u00fd dokument, n\u00e1vrh programu starostlivosti. T\u00fdm do\u0161lo k poru\u0161eniu z\u00e1kona o ochrane [&hellip;]<\/p>\n","protected":false},"author":13,"featured_media":3995,"comment_status":"closed","ping_status":"closed","sticky":false,"template":"","format":"standard","meta":{"_acf_changed":false,"ngg_post_thumbnail":0,"footnotes":""},"categories":[4],"tags":[],"class_list":["post-7513","post","type-post","status-publish","format-standard","has-post-thumbnail","hentry","category-tlacove-spravy"],"acf":[],"yoast_head":"<!-- This site is optimized with the Yoast SEO plugin v27.2 - https:\/\/yoast.com\/product\/yoast-seo-wordpress\/ -->\n<title>Prokurat\u00fara napadla zon\u00e1ciu Tatransk\u00e9ho n\u00e1rodn\u00e9ho parku<\/title>\n<meta name=\"robots\" content=\"index, follow, max-snippet:-1, max-image-preview:large, max-video-preview:-1\" \/>\n<link rel=\"canonical\" href=\"https:\/\/www.smedemokrati.sk\/hu\/prokuratura-napadla-zonaciu-tatranskeho-narodneho-parku\/\" \/>\n<meta property=\"og:locale\" content=\"hu_HU\" \/>\n<meta property=\"og:locale:alternate\" content=\"en_US\" \/>\n<meta property=\"og:locale:alternate\" content=\"cs_CZ\" \/>\n<meta property=\"og:locale:alternate\" content=\"sk_SK\" \/>\n<meta property=\"og:locale:alternate\" content=\"sv_SE\" \/>\n<meta property=\"og:type\" content=\"article\" \/>\n<meta property=\"og:title\" content=\"Prokurat\u00fara napadla zon\u00e1ciu Tatransk\u00e9ho n\u00e1rodn\u00e9ho parku\" \/>\n<meta property=\"og:description\" content=\"Tarabova a Kuffova zon\u00e1cia Tatransk\u00e9ho n\u00e1rodn\u00e9ho parku jednozna\u010dne poru\u0161ovala z\u00e1kon. Ignorovali to, napriek na\u0161im upozorneniam. Demokrati sa preto 23. m\u00e1ja obr\u00e1tili s podnetom na Krajsk\u00fa prokurat\u00faru v Pre\u0161ove, ktor\u00e1 n\u00e1m dnes dala v na\u0161ej argument\u00e1cii za pravdu. \u201eZon\u00e1cia, ktorou sa chv\u00e1lil Kuffa, neobsahovala d\u00f4le\u017eit\u00fd dokument, n\u00e1vrh programu starostlivosti. T\u00fdm do\u0161lo k poru\u0161eniu z\u00e1kona o ochrane [&hellip;]\" \/>\n<meta property=\"og:url\" content=\"https:\/\/www.smedemokrati.sk\/hu\/prokuratura-napadla-zonaciu-tatranskeho-narodneho-parku\/\" \/>\n<meta property=\"og:site_name\" content=\"Smedemokrati.sk\" \/>\n<meta property=\"article:publisher\" content=\"https:\/\/www.facebook.com\/smedemokrati2023\" \/>\n<meta property=\"article:published_time\" content=\"2025-06-10T15:54:00+00:00\" \/>\n<meta property=\"article:modified_time\" content=\"2025-06-10T16:08:57+00:00\" \/>\n<meta property=\"og:image\" content=\"https:\/\/www.smedemokrati.sk\/wp-content\/uploads\/2024\/04\/kufovci.jpg\" \/>\n\t<meta property=\"og:image:width\" content=\"1200\" \/>\n\t<meta property=\"og:image:height\" content=\"1094\" \/>\n\t<meta property=\"og:image:type\" content=\"image\/jpeg\" \/>\n<meta name=\"author\" content=\"miro.sopko\" \/>\n<meta name=\"twitter:card\" content=\"summary_large_image\" \/>\n<meta name=\"twitter:label1\" content=\"Szerz\u0151:\" \/>\n\t<meta name=\"twitter:data1\" content=\"miro.sopko\" \/>\n\t<meta name=\"twitter:label2\" content=\"Becs\u00fclt olvas\u00e1si id\u0151\" \/>\n\t<meta name=\"twitter:data2\" content=\"2 perc\" \/>\n<script type=\"application\/ld+json\" class=\"yoast-schema-graph\">{\"@context\":\"https:\/\/schema.org\",\"@graph\":[{\"@type\":\"Article\",\"@id\":\"https:\/\/www.smedemokrati.sk\/prokuratura-napadla-zonaciu-tatranskeho-narodneho-parku\/#article\",\"isPartOf\":{\"@id\":\"https:\/\/www.smedemokrati.sk\/prokuratura-napadla-zonaciu-tatranskeho-narodneho-parku\/\"},\"author\":{\"name\":\"miro.sopko\",\"@id\":\"https:\/\/www.smedemokrati.sk\/#\/schema\/person\/21f147c88d605aa7ded900e1e7c344ba\"},\"headline\":\"Prokurat\u00fara napadla zon\u00e1ciu Tatransk\u00e9ho n\u00e1rodn\u00e9ho parku\",\"datePublished\":\"2025-06-10T15:54:00+00:00\",\"dateModified\":\"2025-06-10T16:08:57+00:00\",\"mainEntityOfPage\":{\"@id\":\"https:\/\/www.smedemokrati.sk\/prokuratura-napadla-zonaciu-tatranskeho-narodneho-parku\/\"},\"wordCount\":245,\"publisher\":{\"@id\":\"https:\/\/www.smedemokrati.sk\/#organization\"},\"image\":{\"@id\":\"https:\/\/www.smedemokrati.sk\/prokuratura-napadla-zonaciu-tatranskeho-narodneho-parku\/#primaryimage\"},\"thumbnailUrl\":\"https:\/\/www.smedemokrati.sk\/wp-content\/uploads\/2024\/04\/kufovci.jpg\",\"articleSection\":[\"Tla\u010dov\u00e9 spr\u00e1vy\"],\"inLanguage\":\"hu-HU\"},{\"@type\":\"WebPage\",\"@id\":\"https:\/\/www.smedemokrati.sk\/prokuratura-napadla-zonaciu-tatranskeho-narodneho-parku\/\",\"url\":\"https:\/\/www.smedemokrati.sk\/prokuratura-napadla-zonaciu-tatranskeho-narodneho-parku\/\",\"name\":\"Prokurat\u00fara napadla zon\u00e1ciu Tatransk\u00e9ho n\u00e1rodn\u00e9ho parku\",\"isPartOf\":{\"@id\":\"https:\/\/www.smedemokrati.sk\/#website\"},\"primaryImageOfPage\":{\"@id\":\"https:\/\/www.smedemokrati.sk\/prokuratura-napadla-zonaciu-tatranskeho-narodneho-parku\/#primaryimage\"},\"image\":{\"@id\":\"https:\/\/www.smedemokrati.sk\/prokuratura-napadla-zonaciu-tatranskeho-narodneho-parku\/#primaryimage\"},\"thumbnailUrl\":\"https:\/\/www.smedemokrati.sk\/wp-content\/uploads\/2024\/04\/kufovci.jpg\",\"datePublished\":\"2025-06-10T15:54:00+00:00\",\"dateModified\":\"2025-06-10T16:08:57+00:00\",\"breadcrumb\":{\"@id\":\"https:\/\/www.smedemokrati.sk\/prokuratura-napadla-zonaciu-tatranskeho-narodneho-parku\/#breadcrumb\"},\"inLanguage\":\"hu-HU\",\"potentialAction\":[{\"@type\":\"ReadAction\",\"target\":[\"https:\/\/www.smedemokrati.sk\/prokuratura-napadla-zonaciu-tatranskeho-narodneho-parku\/\"]}]},{\"@type\":\"ImageObject\",\"inLanguage\":\"hu-HU\",\"@id\":\"https:\/\/www.smedemokrati.sk\/prokuratura-napadla-zonaciu-tatranskeho-narodneho-parku\/#primaryimage\",\"url\":\"https:\/\/www.smedemokrati.sk\/wp-content\/uploads\/2024\/04\/kufovci.jpg\",\"contentUrl\":\"https:\/\/www.smedemokrati.sk\/wp-content\/uploads\/2024\/04\/kufovci.jpg\",\"width\":1200,\"height\":1094},{\"@type\":\"BreadcrumbList\",\"@id\":\"https:\/\/www.smedemokrati.sk\/prokuratura-napadla-zonaciu-tatranskeho-narodneho-parku\/#breadcrumb\",\"itemListElement\":[{\"@type\":\"ListItem\",\"position\":1,\"name\":\"Domovsk\u00e1 str\u00e1nka\",\"item\":\"https:\/\/www.smedemokrati.sk\/\"},{\"@type\":\"ListItem\",\"position\":2,\"name\":\"Prokurat\u00fara napadla zon\u00e1ciu Tatransk\u00e9ho n\u00e1rodn\u00e9ho parku\"}]},{\"@type\":\"WebSite\",\"@id\":\"https:\/\/www.smedemokrati.sk\/#website\",\"url\":\"https:\/\/www.smedemokrati.sk\/\",\"name\":\"Smedemokrati.sk\",\"description\":\"Demokracia a slu\u0161nos\u0165 zv\u00ed\u0165az\u00ed\",\"publisher\":{\"@id\":\"https:\/\/www.smedemokrati.sk\/#organization\"},\"potentialAction\":[{\"@type\":\"SearchAction\",\"target\":{\"@type\":\"EntryPoint\",\"urlTemplate\":\"https:\/\/www.smedemokrati.sk\/?s={search_term_string}\"},\"query-input\":{\"@type\":\"PropertyValueSpecification\",\"valueRequired\":true,\"valueName\":\"search_term_string\"}}],\"inLanguage\":\"hu-HU\"},{\"@type\":\"Organization\",\"@id\":\"https:\/\/www.smedemokrati.sk\/#organization\",\"name\":\"Smedemokrati.sk\",\"url\":\"https:\/\/www.smedemokrati.sk\/\",\"logo\":{\"@type\":\"ImageObject\",\"inLanguage\":\"hu-HU\",\"@id\":\"https:\/\/www.smedemokrati.sk\/#\/schema\/logo\/image\/\",\"url\":\"https:\/\/www.smedemokrati.sk\/wp-content\/uploads\/2023\/04\/ff.002.jpeg\",\"contentUrl\":\"https:\/\/www.smedemokrati.sk\/wp-content\/uploads\/2023\/04\/ff.002.jpeg\",\"width\":640,\"height\":480,\"caption\":\"Smedemokrati.sk\"},\"image\":{\"@id\":\"https:\/\/www.smedemokrati.sk\/#\/schema\/logo\/image\/\"},\"sameAs\":[\"https:\/\/www.facebook.com\/smedemokrati2023\"]},{\"@type\":\"Person\",\"@id\":\"https:\/\/www.smedemokrati.sk\/#\/schema\/person\/21f147c88d605aa7ded900e1e7c344ba\",\"name\":\"miro.sopko\",\"image\":{\"@type\":\"ImageObject\",\"inLanguage\":\"hu-HU\",\"@id\":\"https:\/\/secure.gravatar.com\/avatar\/267e4a36f704376c109afe3a78740c1f5dd8675a2180a908699e7863c9247606?s=96&d=mm&r=g\",\"url\":\"https:\/\/secure.gravatar.com\/avatar\/267e4a36f704376c109afe3a78740c1f5dd8675a2180a908699e7863c9247606?s=96&d=mm&r=g\",\"contentUrl\":\"https:\/\/secure.gravatar.com\/avatar\/267e4a36f704376c109afe3a78740c1f5dd8675a2180a908699e7863c9247606?s=96&d=mm&r=g\",\"caption\":\"miro.sopko\"},\"url\":\"https:\/\/www.smedemokrati.sk\/hu\/author\/miro-sopko\/\"}]}<\/script>\n<!-- \/ Yoast SEO plugin. -->","yoast_head_json":{"title":"Prokurat\u00fara napadla zon\u00e1ciu Tatransk\u00e9ho n\u00e1rodn\u00e9ho parku","robots":{"index":"index","follow":"follow","max-snippet":"max-snippet:-1","max-image-preview":"max-image-preview:large","max-video-preview":"max-video-preview:-1"},"canonical":"https:\/\/www.smedemokrati.sk\/hu\/prokuratura-napadla-zonaciu-tatranskeho-narodneho-parku\/","og_locale":"hu_HU","og_type":"article","og_title":"[:sk]Prokurat\u00fara napadla zon\u00e1ciu Tatransk\u00e9ho n\u00e1rodn\u00e9ho parku[:] - Smedemokrati.sk","og_description":"Tarabova a Kuffova zon\u00e1cia Tatransk\u00e9ho n\u00e1rodn\u00e9ho parku jednozna\u010dne poru\u0161ovala z\u00e1kon. Ignorovali to, napriek na\u0161im upozorneniam. Demokrati sa preto 23. m\u00e1ja obr\u00e1tili s podnetom na Krajsk\u00fa prokurat\u00faru v Pre\u0161ove, ktor\u00e1 n\u00e1m dnes dala v na\u0161ej argument\u00e1cii za pravdu. \u201eZon\u00e1cia, ktorou sa chv\u00e1lil Kuffa, neobsahovala d\u00f4le\u017eit\u00fd dokument, n\u00e1vrh programu starostlivosti. T\u00fdm do\u0161lo k poru\u0161eniu z\u00e1kona o ochrane [&hellip;]","og_url":"https:\/\/www.smedemokrati.sk\/hu\/prokuratura-napadla-zonaciu-tatranskeho-narodneho-parku\/","og_site_name":"Smedemokrati.sk","article_publisher":"https:\/\/www.facebook.com\/smedemokrati2023","article_published_time":"2025-06-10T15:54:00+00:00","article_modified_time":"2025-06-10T16:08:57+00:00","og_image":[{"width":1200,"height":1094,"url":"https:\/\/www.smedemokrati.sk\/wp-content\/uploads\/2024\/04\/kufovci.jpg","type":"image\/jpeg"}],"author":"miro.sopko","twitter_card":"summary_large_image","twitter_misc":{"Szerz\u0151:":"miro.sopko","Becs\u00fclt olvas\u00e1si id\u0151":"2 perc"},"schema":{"@context":"https:\/\/schema.org","@graph":[{"@type":"Article","@id":"https:\/\/www.smedemokrati.sk\/prokuratura-napadla-zonaciu-tatranskeho-narodneho-parku\/#article","isPartOf":{"@id":"https:\/\/www.smedemokrati.sk\/prokuratura-napadla-zonaciu-tatranskeho-narodneho-parku\/"},"author":{"name":"miro.sopko","@id":"https:\/\/www.smedemokrati.sk\/#\/schema\/person\/21f147c88d605aa7ded900e1e7c344ba"},"headline":"Prokurat\u00fara napadla zon\u00e1ciu Tatransk\u00e9ho n\u00e1rodn\u00e9ho parku","datePublished":"2025-06-10T15:54:00+00:00","dateModified":"2025-06-10T16:08:57+00:00","mainEntityOfPage":{"@id":"https:\/\/www.smedemokrati.sk\/prokuratura-napadla-zonaciu-tatranskeho-narodneho-parku\/"},"wordCount":245,"publisher":{"@id":"https:\/\/www.smedemokrati.sk\/#organization"},"image":{"@id":"https:\/\/www.smedemokrati.sk\/prokuratura-napadla-zonaciu-tatranskeho-narodneho-parku\/#primaryimage"},"thumbnailUrl":"https:\/\/www.smedemokrati.sk\/wp-content\/uploads\/2024\/04\/kufovci.jpg","articleSection":["Tla\u010dov\u00e9 spr\u00e1vy"],"inLanguage":"hu-HU"},{"@type":"WebPage","@id":"https:\/\/www.smedemokrati.sk\/prokuratura-napadla-zonaciu-tatranskeho-narodneho-parku\/","url":"https:\/\/www.smedemokrati.sk\/prokuratura-napadla-zonaciu-tatranskeho-narodneho-parku\/","name":"Prokurat\u00fara napadla zon\u00e1ciu Tatransk\u00e9ho n\u00e1rodn\u00e9ho parku","isPartOf":{"@id":"https:\/\/www.smedemokrati.sk\/#website"},"primaryImageOfPage":{"@id":"https:\/\/www.smedemokrati.sk\/prokuratura-napadla-zonaciu-tatranskeho-narodneho-parku\/#primaryimage"},"image":{"@id":"https:\/\/www.smedemokrati.sk\/prokuratura-napadla-zonaciu-tatranskeho-narodneho-parku\/#primaryimage"},"thumbnailUrl":"https:\/\/www.smedemokrati.sk\/wp-content\/uploads\/2024\/04\/kufovci.jpg","datePublished":"2025-06-10T15:54:00+00:00","dateModified":"2025-06-10T16:08:57+00:00","breadcrumb":{"@id":"https:\/\/www.smedemokrati.sk\/prokuratura-napadla-zonaciu-tatranskeho-narodneho-parku\/#breadcrumb"},"inLanguage":"hu-HU","potentialAction":[{"@type":"ReadAction","target":["https:\/\/www.smedemokrati.sk\/prokuratura-napadla-zonaciu-tatranskeho-narodneho-parku\/"]}]},{"@type":"ImageObject","inLanguage":"hu-HU","@id":"https:\/\/www.smedemokrati.sk\/prokuratura-napadla-zonaciu-tatranskeho-narodneho-parku\/#primaryimage","url":"https:\/\/www.smedemokrati.sk\/wp-content\/uploads\/2024\/04\/kufovci.jpg","contentUrl":"https:\/\/www.smedemokrati.sk\/wp-content\/uploads\/2024\/04\/kufovci.jpg","width":1200,"height":1094},{"@type":"BreadcrumbList","@id":"https:\/\/www.smedemokrati.sk\/prokuratura-napadla-zonaciu-tatranskeho-narodneho-parku\/#breadcrumb","itemListElement":[{"@type":"ListItem","position":1,"name":"Domovsk\u00e1 str\u00e1nka","item":"https:\/\/www.smedemokrati.sk\/"},{"@type":"ListItem","position":2,"name":"Prokurat\u00fara napadla zon\u00e1ciu Tatransk\u00e9ho n\u00e1rodn\u00e9ho parku"}]},{"@type":"WebSite","@id":"https:\/\/www.smedemokrati.sk\/#website","url":"https:\/\/www.smedemokrati.sk\/","name":"Smedemokrati.sk","description":"Demokracia a slu\u0161nos\u0165 zv\u00ed\u0165az\u00ed","publisher":{"@id":"https:\/\/www.smedemokrati.sk\/#organization"},"potentialAction":[{"@type":"SearchAction","target":{"@type":"EntryPoint","urlTemplate":"https:\/\/www.smedemokrati.sk\/?s={search_term_string}"},"query-input":{"@type":"PropertyValueSpecification","valueRequired":true,"valueName":"search_term_string"}}],"inLanguage":"hu-HU"},{"@type":"Organization","@id":"https:\/\/www.smedemokrati.sk\/#organization","name":"Smedemokrati.sk","url":"https:\/\/www.smedemokrati.sk\/","logo":{"@type":"ImageObject","inLanguage":"hu-HU","@id":"https:\/\/www.smedemokrati.sk\/#\/schema\/logo\/image\/","url":"https:\/\/www.smedemokrati.sk\/wp-content\/uploads\/2023\/04\/ff.002.jpeg","contentUrl":"https:\/\/www.smedemokrati.sk\/wp-content\/uploads\/2023\/04\/ff.002.jpeg","width":640,"height":480,"caption":"Smedemokrati.sk"},"image":{"@id":"https:\/\/www.smedemokrati.sk\/#\/schema\/logo\/image\/"},"sameAs":["https:\/\/www.facebook.com\/smedemokrati2023"]},{"@type":"Person","@id":"https:\/\/www.smedemokrati.sk\/#\/schema\/person\/21f147c88d605aa7ded900e1e7c344ba","name":"miro.sopko","image":{"@type":"ImageObject","inLanguage":"hu-HU","@id":"https:\/\/secure.gravatar.com\/avatar\/267e4a36f704376c109afe3a78740c1f5dd8675a2180a908699e7863c9247606?s=96&d=mm&r=g","url":"https:\/\/secure.gravatar.com\/avatar\/267e4a36f704376c109afe3a78740c1f5dd8675a2180a908699e7863c9247606?s=96&d=mm&r=g","contentUrl":"https:\/\/secure.gravatar.com\/avatar\/267e4a36f704376c109afe3a78740c1f5dd8675a2180a908699e7863c9247606?s=96&d=mm&r=g","caption":"miro.sopko"},"url":"https:\/\/www.smedemokrati.sk\/hu\/author\/miro-sopko\/"}]}},"_links":{"self":[{"href":"https:\/\/www.smedemokrati.sk\/hu\/wp-json\/wp\/v2\/posts\/7513","targetHints":{"allow":["GET"]}}],"collection":[{"href":"https:\/\/www.smedemokrati.sk\/hu\/wp-json\/wp\/v2\/posts"}],"about":[{"href":"https:\/\/www.smedemokrati.sk\/hu\/wp-json\/wp\/v2\/types\/post"}],"author":[{"embeddable":true,"href":"https:\/\/www.smedemokrati.sk\/hu\/wp-json\/wp\/v2\/users\/13"}],"replies":[{"embeddable":true,"href":"https:\/\/www.smedemokrati.sk\/hu\/wp-json\/wp\/v2\/comments?post=7513"}],"version-history":[{"count":2,"href":"https:\/\/www.smedemokrati.sk\/hu\/wp-json\/wp\/v2\/posts\/7513\/revisions"}],"predecessor-version":[{"id":7516,"href":"https:\/\/www.smedemokrati.sk\/hu\/wp-json\/wp\/v2\/posts\/7513\/revisions\/7516"}],"wp:featuredmedia":[{"embeddable":true,"href":"https:\/\/www.smedemokrati.sk\/hu\/wp-json\/wp\/v2\/media\/3995"}],"wp:attachment":[{"href":"https:\/\/www.smedemokrati.sk\/hu\/wp-json\/wp\/v2\/media?parent=7513"}],"wp:term":[{"taxonomy":"category","embeddable":true,"href":"https:\/\/www.smedemokrati.sk\/hu\/wp-json\/wp\/v2\/categories?post=7513"},{"taxonomy":"post_tag","embeddable":true,"href":"https:\/\/www.smedemokrati.sk\/hu\/wp-json\/wp\/v2\/tags?post=7513"}],"curies":[{"name":"wp","href":"https:\/\/api.w.org\/{rel}","templated":true}]}}