{"id":7455,"date":"2025-06-05T13:57:33","date_gmt":"2025-06-05T12:57:33","guid":{"rendered":"https:\/\/www.smedemokrati.sk\/?p=7455"},"modified":"2025-06-05T14:59:17","modified_gmt":"2025-06-05T13:59:17","slug":"pre-postup-pri-pve-malinec-sa-obratime-na-nku","status":"publish","type":"post","link":"https:\/\/www.smedemokrati.sk\/hu\/pre-postup-pri-pve-malinec-sa-obratime-na-nku\/","title":{"rendered":"Pre postup pri PVE M\u00e1linec sa obr\u00e1time na NK\u00da"},"content":{"rendered":"<div id=\"fb-root\"><\/div>\n\n<p><strong>Dnes podp\u00edsan\u00e9 memorandum medzi niektor\u00fdmi starostami a \u0161t\u00e1tnym podnikom Vodohospod\u00e1rska v\u00fdstavba pova\u017eujeme za rozporn\u00e9 so z\u00e1konom o \u0161t\u00e1tnom podniku. K Tarabovej pre\u010derp\u00e1vacej elektr\u00e1rni navy\u0161e doteraz neexistuje \u0161t\u00fadia uskuto\u010dnite\u013enosti, \u010do je v rozpore s uznesen\u00edm vl\u00e1dy z decembra minul\u00e9ho roka. Z obavy o poru\u0161enie z\u00e1kona a nehospod\u00e1rne nakladanie s verejn\u00fdmi prostriedkami sa obr\u00e1time na Najvy\u0161\u0161\u00ed kontroln\u00fd \u00farad SR. Memorandum je z\u00e1rove\u0148 pre obce nev\u00fdhodn\u00e9, ke\u010f\u017ee nijako nereflektuje v\u00fdpadky z miestnych dan\u00ed, ktor\u00e9 bud\u00fa so stavbou priehrady spojen\u00e9.<\/strong><\/p>\n\n\n\n<p>\u0160t\u00e1t sa dnes zaviazal na investovanie mili\u00f3nov eur bez toho, aby bolo jasn\u00e9, \u010di sa pre\u010derp\u00e1vacia vodn\u00e1 elektr\u00e1re\u0148 (PVE) v\u00f4bec niekedy zrealizuje.&nbsp;<em>\u201eTarabov rezort navy\u0161e nedodr\u017eal uznesenie vl\u00e1dy z decembra 2024, ktor\u00e9 ho zav\u00e4zovalo spracova\u0165 \u0161t\u00fadiu uskuto\u010dnite\u013enosti pred ak\u00fdmiko\u013evek \u010fal\u0161\u00edmi krokmi. Tak\u00fdto postup nem\u00e1 oporu v z\u00e1kone o \u0161t\u00e1tnom podniku, a preto po\u017eadujeme, aby ho \u0161t\u00e1tni kontrol\u00f3ri presk\u00famali z h\u013eadiska z\u00e1konnosti a hospod\u00e1rnosti,\u201c<\/em>&nbsp;uv\u00e1dza enviroexpert Demokratov Michal Ki\u010da.<\/p>\n\n\n\n<p>Tarabovo tvrdenie, \u017ee miliardov\u00fd projekt nebude financovan\u00fd zo \u0161t\u00e1tneho rozpo\u010dtu, je nezmyseln\u00e9. Stovky mili\u00f3nov eur, ktor\u00e9 by mohla Vodohospod\u00e1rska v\u00fdstavba odvies\u0165 do rozpo\u010dtu, toti\u017e p\u00f4jdu pr\u00e1ve na realiz\u00e1ciu tohto projektu. St\u00e1le pritom nie je ist\u00e9, \u010di bude t\u00e1to invest\u00edcia n\u00e1vratn\u00e1. Memorandum je pre obce nev\u00fdhodn\u00e9 aj preto, \u017ee jeho vym\u00e1hate\u013enos\u0165 nie je podlo\u017een\u00e1 \u017eiadnym z\u00e1konom a v\u00f4bec ner\u00e1ta s kompenz\u00e1ciami za v\u00fdpadok z miestnych dan\u00ed.&nbsp;<em>\u201eStavby priehrad (vr\u00e1tane s\u00favisiacej infra\u0161trukt\u00fary) s\u00fa toti\u017e z miestnych dan\u00ed vy\u0148at\u00e9. K\u00fdm doteraz obce za dotknut\u00e9 pozemky inkasovali miestne dane priamo na z\u00e1klade z\u00e1kona, v pr\u00edpade v\u00fdstavby priehrady u\u017e tieto pr\u00edjmy nedostan\u00fa. M\u00f4\u017ee \u00eds\u0165 o v\u00fdpadky v stovk\u00e1ch tis\u00edc eur ro\u010dne. Niektor\u00ed starostovia sa nechali zl\u00e1ka\u0165 na vzdu\u0161n\u00e9 z\u00e1mky a nevyn\u00fatite\u013en\u00e9 s\u013euby o cyklotras\u00e1ch, rozh\u013eadniach a vodovodoch. No pr\u00edklady viac ako 30 rokov star\u00fdch a dodnes nenaplnen\u00fdch s\u013eubov pri v\u00fdstavbe Vodn\u00e9ho diela Gab\u010d\u00edkovo hovoria o opaku,\u201c<\/em>&nbsp;vysvet\u013euje Michal Ki\u010da.<\/p>\n\n\n\n<p>Prekvapiv\u00e9 je aj to, \u017ee memorandum r\u00e1ta s kompenz\u00e1ciami pre obce, ktor\u00e9 v\u00fdstavbou PVE nebud\u00fa v\u00f4bec dotknut\u00e9, napr\u00edklad O\u010dov\u00e1. Ako sa na to maj\u00fa pozera\u0165 obyvatelia skuto\u010dne dotknut\u00fdch obc\u00ed? Mechanizmus memoranda je navy\u0161e diskrimina\u010dn\u00fd vo\u010di stovk\u00e1m in\u00fdch obc\u00ed, ktor\u00e9 s\u00fa u\u017e dnes podobn\u00fdmi stavbami zasiahnut\u00e9.&nbsp;<em>\u201eVyz\u00fdvam ministra Tarabu, aby prist\u00fapil k podobn\u00fdm kompenz\u00e1ci\u00e1m aj pre v\u0161etky ostatn\u00e9 obce zasiahnut\u00e9 vodn\u00fdmi stavbami. Taraba aj dnes pokra\u010doval v donebavolaj\u00facej arogancii vo\u010di miestnym obyvate\u013eom, ktor\u00fdm sa vysmieval pre ich vidiecky sp\u00f4sob \u017eivota. Jeho tvrdenia o bud\u00facich milion\u00e1roch s\u00fa smie\u0161ne v pr\u00edpade vyvlastnenia toti\u017e \u013eudia dostan\u00fa len 1,2-n\u00e1sobok znaleckej ceny, \u010do nikdy nenahrad\u00ed kvalitu \u017eivota na Podpo\u013ean\u00ed,\u201c<\/em>&nbsp;kritizuje Ki\u010da.<\/p>\n\n\n\n<p>Taraba z\u00e1rove\u0148 zvolil mimoriadne zbabel\u00fd postup, materi\u00e1l o strategickej invest\u00edcii pl\u00e1nuje predklada\u0165 nanovo, bez toho, aby prerokoval hromadn\u00e9 pripomienky podporen\u00e9 desa\u0165tis\u00edcmi \u013eud\u00ed. T\u00fdm tieto pripomienky doslova spl\u00e1chol do z\u00e1choda, preto\u017ee bud\u00fa musie\u0165 by\u0165 op\u00e4tovne podan\u00e9. Neakceptovate\u013en\u00e9 je aj to, \u017ee samotn\u00e9 znenie memoranda nebolo zverejnen\u00e9, a to ani na zasadnutiach zastupite\u013estiev, ktor\u00e9 o jeho podpore hlasovali. Viacer\u00ed starostovia navy\u0161e obi\u0161li svoje obecn\u00e9 zastupite\u013estv\u00e1 \u00faplne. Na\u0161e obavy o zachovanie zdroja pitnej vody pre 60 000 obyvate\u013eov preto na\u010falej pretrv\u00e1vaj\u00fa. Sk\u00fasenosti zo zahrani\u010dia poukazuj\u00fa na mimoriadnu technologick\u00fa n\u00e1ro\u010dnos\u0165 a\u017e nemo\u017enos\u0165 s\u00fa\u010dasne prev\u00e1dzkova\u0165 PVE a z\u00e1rove\u0148 zabezpe\u010di\u0165 dod\u00e1vku pitnej vody.<\/p>\n\n\n\n<p><em>\u201eNiektor\u00ed starostovia dnes spe\u010datili \u2018poz\u00fdvac\u00ed list\u2019 pre Tarabu. Proti memorandu sa zdvihla vlna nev\u00f4le ob\u010danov. Pln\u00e9 kult\u00farne domy na L\u00e1tkach a v \u010fal\u0161\u00edch obciach predstavovali presn\u00fd opak postoja, ktor\u00fd zaujali niektor\u00ed starostovia. V\u010dera sa od memoranda di\u0161tancovali z\u00e1stupcovia dotknut\u00fdch samospr\u00e1v, ob\u010dianske zdru\u017eenia i samospr\u00e1vny kraj. Je len na signat\u00e1roch, \u010di si svoje rozhodnutia obh\u00e1ja aj pred ob\u010danmi no to u\u017e Tarabu zrejme tr\u00e1pi\u0165 nebude. Po dne\u0161ku m\u00f4\u017eeme o\u010dak\u00e1va\u0165 mimoriadny tlak na realiz\u00e1ciu PVE M\u00e1linec. O to viac mus\u00edme pracova\u0165 na ochrane pr\u00e1v ob\u010danov,\u201c&nbsp;<\/em>uzavrel Michal Ki\u010da.<\/p>\n","protected":false},"excerpt":{"rendered":"<p>Dnes podp\u00edsan\u00e9 memorandum medzi niektor\u00fdmi starostami a \u0161t\u00e1tnym podnikom Vodohospod\u00e1rska v\u00fdstavba pova\u017eujeme za rozporn\u00e9 so z\u00e1konom o \u0161t\u00e1tnom podniku. K Tarabovej pre\u010derp\u00e1vacej elektr\u00e1rni navy\u0161e doteraz neexistuje \u0161t\u00fadia uskuto\u010dnite\u013enosti, \u010do je v rozpore s uznesen\u00edm vl\u00e1dy z decembra minul\u00e9ho roka. Z obavy o poru\u0161enie z\u00e1kona a nehospod\u00e1rne nakladanie s verejn\u00fdmi prostriedkami sa obr\u00e1time na Najvy\u0161\u0161\u00ed kontroln\u00fd [&hellip;]<\/p>\n","protected":false},"author":13,"featured_media":7456,"comment_status":"closed","ping_status":"closed","sticky":false,"template":"","format":"standard","meta":{"_acf_changed":false,"ngg_post_thumbnail":0,"footnotes":""},"categories":[4],"tags":[],"class_list":["post-7455","post","type-post","status-publish","format-standard","has-post-thumbnail","hentry","category-tlacove-spravy"],"acf":[],"yoast_head":"<!-- This site is optimized with the Yoast SEO plugin v27.2 - https:\/\/yoast.com\/product\/yoast-seo-wordpress\/ -->\n<title>Pre postup pri PVE M\u00e1linec sa obr\u00e1time na NK\u00da<\/title>\n<meta name=\"robots\" content=\"index, follow, max-snippet:-1, max-image-preview:large, max-video-preview:-1\" \/>\n<link rel=\"canonical\" href=\"https:\/\/www.smedemokrati.sk\/hu\/pre-postup-pri-pve-malinec-sa-obratime-na-nku\/\" \/>\n<meta property=\"og:locale\" content=\"hu_HU\" \/>\n<meta property=\"og:locale:alternate\" content=\"en_US\" \/>\n<meta property=\"og:locale:alternate\" content=\"cs_CZ\" \/>\n<meta property=\"og:locale:alternate\" content=\"sk_SK\" \/>\n<meta property=\"og:locale:alternate\" content=\"sv_SE\" \/>\n<meta property=\"og:type\" content=\"article\" \/>\n<meta property=\"og:title\" content=\"Pre postup pri PVE M\u00e1linec sa obr\u00e1time na NK\u00da\" \/>\n<meta property=\"og:description\" content=\"Dnes podp\u00edsan\u00e9 memorandum medzi niektor\u00fdmi starostami a \u0161t\u00e1tnym podnikom Vodohospod\u00e1rska v\u00fdstavba pova\u017eujeme za rozporn\u00e9 so z\u00e1konom o \u0161t\u00e1tnom podniku. K Tarabovej pre\u010derp\u00e1vacej elektr\u00e1rni navy\u0161e doteraz neexistuje \u0161t\u00fadia uskuto\u010dnite\u013enosti, \u010do je v rozpore s uznesen\u00edm vl\u00e1dy z decembra minul\u00e9ho roka. Z obavy o poru\u0161enie z\u00e1kona a nehospod\u00e1rne nakladanie s verejn\u00fdmi prostriedkami sa obr\u00e1time na Najvy\u0161\u0161\u00ed kontroln\u00fd [&hellip;]\" \/>\n<meta property=\"og:url\" content=\"https:\/\/www.smedemokrati.sk\/hu\/pre-postup-pri-pve-malinec-sa-obratime-na-nku\/\" \/>\n<meta property=\"og:site_name\" content=\"Smedemokrati.sk\" \/>\n<meta property=\"article:publisher\" content=\"https:\/\/www.facebook.com\/smedemokrati2023\" \/>\n<meta property=\"article:published_time\" content=\"2025-06-05T12:57:33+00:00\" \/>\n<meta property=\"article:modified_time\" content=\"2025-06-05T13:59:17+00:00\" \/>\n<meta property=\"og:image\" content=\"https:\/\/www.smedemokrati.sk\/wp-content\/uploads\/2025\/06\/malinec.jpg\" \/>\n\t<meta property=\"og:image:width\" content=\"935\" \/>\n\t<meta property=\"og:image:height\" content=\"531\" \/>\n\t<meta property=\"og:image:type\" content=\"image\/jpeg\" \/>\n<meta name=\"author\" content=\"miro.sopko\" \/>\n<meta name=\"twitter:card\" content=\"summary_large_image\" \/>\n<meta name=\"twitter:label1\" content=\"Szerz\u0151:\" \/>\n\t<meta name=\"twitter:data1\" content=\"miro.sopko\" \/>\n\t<meta name=\"twitter:label2\" content=\"Becs\u00fclt olvas\u00e1si id\u0151\" \/>\n\t<meta name=\"twitter:data2\" content=\"4 perc\" \/>\n<script type=\"application\/ld+json\" class=\"yoast-schema-graph\">{\"@context\":\"https:\/\/schema.org\",\"@graph\":[{\"@type\":\"Article\",\"@id\":\"https:\/\/www.smedemokrati.sk\/pre-postup-pri-pve-malinec-sa-obratime-na-nku\/#article\",\"isPartOf\":{\"@id\":\"https:\/\/www.smedemokrati.sk\/pre-postup-pri-pve-malinec-sa-obratime-na-nku\/\"},\"author\":{\"name\":\"miro.sopko\",\"@id\":\"https:\/\/www.smedemokrati.sk\/#\/schema\/person\/21f147c88d605aa7ded900e1e7c344ba\"},\"headline\":\"Pre postup pri PVE M\u00e1linec sa obr\u00e1time na NK\u00da\",\"datePublished\":\"2025-06-05T12:57:33+00:00\",\"dateModified\":\"2025-06-05T13:59:17+00:00\",\"mainEntityOfPage\":{\"@id\":\"https:\/\/www.smedemokrati.sk\/pre-postup-pri-pve-malinec-sa-obratime-na-nku\/\"},\"wordCount\":795,\"publisher\":{\"@id\":\"https:\/\/www.smedemokrati.sk\/#organization\"},\"image\":{\"@id\":\"https:\/\/www.smedemokrati.sk\/pre-postup-pri-pve-malinec-sa-obratime-na-nku\/#primaryimage\"},\"thumbnailUrl\":\"https:\/\/www.smedemokrati.sk\/wp-content\/uploads\/2025\/06\/malinec.jpg\",\"articleSection\":[\"Tla\u010dov\u00e9 spr\u00e1vy\"],\"inLanguage\":\"hu-HU\"},{\"@type\":\"WebPage\",\"@id\":\"https:\/\/www.smedemokrati.sk\/pre-postup-pri-pve-malinec-sa-obratime-na-nku\/\",\"url\":\"https:\/\/www.smedemokrati.sk\/pre-postup-pri-pve-malinec-sa-obratime-na-nku\/\",\"name\":\"Pre postup pri PVE M\u00e1linec sa obr\u00e1time na NK\u00da\",\"isPartOf\":{\"@id\":\"https:\/\/www.smedemokrati.sk\/#website\"},\"primaryImageOfPage\":{\"@id\":\"https:\/\/www.smedemokrati.sk\/pre-postup-pri-pve-malinec-sa-obratime-na-nku\/#primaryimage\"},\"image\":{\"@id\":\"https:\/\/www.smedemokrati.sk\/pre-postup-pri-pve-malinec-sa-obratime-na-nku\/#primaryimage\"},\"thumbnailUrl\":\"https:\/\/www.smedemokrati.sk\/wp-content\/uploads\/2025\/06\/malinec.jpg\",\"datePublished\":\"2025-06-05T12:57:33+00:00\",\"dateModified\":\"2025-06-05T13:59:17+00:00\",\"breadcrumb\":{\"@id\":\"https:\/\/www.smedemokrati.sk\/pre-postup-pri-pve-malinec-sa-obratime-na-nku\/#breadcrumb\"},\"inLanguage\":\"hu-HU\",\"potentialAction\":[{\"@type\":\"ReadAction\",\"target\":[\"https:\/\/www.smedemokrati.sk\/pre-postup-pri-pve-malinec-sa-obratime-na-nku\/\"]}]},{\"@type\":\"ImageObject\",\"inLanguage\":\"hu-HU\",\"@id\":\"https:\/\/www.smedemokrati.sk\/pre-postup-pri-pve-malinec-sa-obratime-na-nku\/#primaryimage\",\"url\":\"https:\/\/www.smedemokrati.sk\/wp-content\/uploads\/2025\/06\/malinec.jpg\",\"contentUrl\":\"https:\/\/www.smedemokrati.sk\/wp-content\/uploads\/2025\/06\/malinec.jpg\",\"width\":935,\"height\":531},{\"@type\":\"BreadcrumbList\",\"@id\":\"https:\/\/www.smedemokrati.sk\/pre-postup-pri-pve-malinec-sa-obratime-na-nku\/#breadcrumb\",\"itemListElement\":[{\"@type\":\"ListItem\",\"position\":1,\"name\":\"Domovsk\u00e1 str\u00e1nka\",\"item\":\"https:\/\/www.smedemokrati.sk\/\"},{\"@type\":\"ListItem\",\"position\":2,\"name\":\"Pre postup pri PVE M\u00e1linec sa obr\u00e1time na NK\u00da\"}]},{\"@type\":\"WebSite\",\"@id\":\"https:\/\/www.smedemokrati.sk\/#website\",\"url\":\"https:\/\/www.smedemokrati.sk\/\",\"name\":\"Smedemokrati.sk\",\"description\":\"Demokracia a slu\u0161nos\u0165 zv\u00ed\u0165az\u00ed\",\"publisher\":{\"@id\":\"https:\/\/www.smedemokrati.sk\/#organization\"},\"potentialAction\":[{\"@type\":\"SearchAction\",\"target\":{\"@type\":\"EntryPoint\",\"urlTemplate\":\"https:\/\/www.smedemokrati.sk\/?s={search_term_string}\"},\"query-input\":{\"@type\":\"PropertyValueSpecification\",\"valueRequired\":true,\"valueName\":\"search_term_string\"}}],\"inLanguage\":\"hu-HU\"},{\"@type\":\"Organization\",\"@id\":\"https:\/\/www.smedemokrati.sk\/#organization\",\"name\":\"Smedemokrati.sk\",\"url\":\"https:\/\/www.smedemokrati.sk\/\",\"logo\":{\"@type\":\"ImageObject\",\"inLanguage\":\"hu-HU\",\"@id\":\"https:\/\/www.smedemokrati.sk\/#\/schema\/logo\/image\/\",\"url\":\"https:\/\/www.smedemokrati.sk\/wp-content\/uploads\/2023\/04\/ff.002.jpeg\",\"contentUrl\":\"https:\/\/www.smedemokrati.sk\/wp-content\/uploads\/2023\/04\/ff.002.jpeg\",\"width\":640,\"height\":480,\"caption\":\"Smedemokrati.sk\"},\"image\":{\"@id\":\"https:\/\/www.smedemokrati.sk\/#\/schema\/logo\/image\/\"},\"sameAs\":[\"https:\/\/www.facebook.com\/smedemokrati2023\"]},{\"@type\":\"Person\",\"@id\":\"https:\/\/www.smedemokrati.sk\/#\/schema\/person\/21f147c88d605aa7ded900e1e7c344ba\",\"name\":\"miro.sopko\",\"image\":{\"@type\":\"ImageObject\",\"inLanguage\":\"hu-HU\",\"@id\":\"https:\/\/secure.gravatar.com\/avatar\/267e4a36f704376c109afe3a78740c1f5dd8675a2180a908699e7863c9247606?s=96&d=mm&r=g\",\"url\":\"https:\/\/secure.gravatar.com\/avatar\/267e4a36f704376c109afe3a78740c1f5dd8675a2180a908699e7863c9247606?s=96&d=mm&r=g\",\"contentUrl\":\"https:\/\/secure.gravatar.com\/avatar\/267e4a36f704376c109afe3a78740c1f5dd8675a2180a908699e7863c9247606?s=96&d=mm&r=g\",\"caption\":\"miro.sopko\"},\"url\":\"https:\/\/www.smedemokrati.sk\/hu\/author\/miro-sopko\/\"}]}<\/script>\n<!-- \/ Yoast SEO plugin. -->","yoast_head_json":{"title":"Pre postup pri PVE M\u00e1linec sa obr\u00e1time na NK\u00da","robots":{"index":"index","follow":"follow","max-snippet":"max-snippet:-1","max-image-preview":"max-image-preview:large","max-video-preview":"max-video-preview:-1"},"canonical":"https:\/\/www.smedemokrati.sk\/hu\/pre-postup-pri-pve-malinec-sa-obratime-na-nku\/","og_locale":"hu_HU","og_type":"article","og_title":"[:sk]Pre postup pri PVE M\u00e1linec sa obr\u00e1time na NK\u00da[:] - Smedemokrati.sk","og_description":"Dnes podp\u00edsan\u00e9 memorandum medzi niektor\u00fdmi starostami a \u0161t\u00e1tnym podnikom Vodohospod\u00e1rska v\u00fdstavba pova\u017eujeme za rozporn\u00e9 so z\u00e1konom o \u0161t\u00e1tnom podniku. K Tarabovej pre\u010derp\u00e1vacej elektr\u00e1rni navy\u0161e doteraz neexistuje \u0161t\u00fadia uskuto\u010dnite\u013enosti, \u010do je v rozpore s uznesen\u00edm vl\u00e1dy z decembra minul\u00e9ho roka. Z obavy o poru\u0161enie z\u00e1kona a nehospod\u00e1rne nakladanie s verejn\u00fdmi prostriedkami sa obr\u00e1time na Najvy\u0161\u0161\u00ed kontroln\u00fd [&hellip;]","og_url":"https:\/\/www.smedemokrati.sk\/hu\/pre-postup-pri-pve-malinec-sa-obratime-na-nku\/","og_site_name":"Smedemokrati.sk","article_publisher":"https:\/\/www.facebook.com\/smedemokrati2023","article_published_time":"2025-06-05T12:57:33+00:00","article_modified_time":"2025-06-05T13:59:17+00:00","og_image":[{"width":935,"height":531,"url":"https:\/\/www.smedemokrati.sk\/wp-content\/uploads\/2025\/06\/malinec.jpg","type":"image\/jpeg"}],"author":"miro.sopko","twitter_card":"summary_large_image","twitter_misc":{"Szerz\u0151:":"miro.sopko","Becs\u00fclt olvas\u00e1si id\u0151":"4 perc"},"schema":{"@context":"https:\/\/schema.org","@graph":[{"@type":"Article","@id":"https:\/\/www.smedemokrati.sk\/pre-postup-pri-pve-malinec-sa-obratime-na-nku\/#article","isPartOf":{"@id":"https:\/\/www.smedemokrati.sk\/pre-postup-pri-pve-malinec-sa-obratime-na-nku\/"},"author":{"name":"miro.sopko","@id":"https:\/\/www.smedemokrati.sk\/#\/schema\/person\/21f147c88d605aa7ded900e1e7c344ba"},"headline":"Pre postup pri PVE M\u00e1linec sa obr\u00e1time na NK\u00da","datePublished":"2025-06-05T12:57:33+00:00","dateModified":"2025-06-05T13:59:17+00:00","mainEntityOfPage":{"@id":"https:\/\/www.smedemokrati.sk\/pre-postup-pri-pve-malinec-sa-obratime-na-nku\/"},"wordCount":795,"publisher":{"@id":"https:\/\/www.smedemokrati.sk\/#organization"},"image":{"@id":"https:\/\/www.smedemokrati.sk\/pre-postup-pri-pve-malinec-sa-obratime-na-nku\/#primaryimage"},"thumbnailUrl":"https:\/\/www.smedemokrati.sk\/wp-content\/uploads\/2025\/06\/malinec.jpg","articleSection":["Tla\u010dov\u00e9 spr\u00e1vy"],"inLanguage":"hu-HU"},{"@type":"WebPage","@id":"https:\/\/www.smedemokrati.sk\/pre-postup-pri-pve-malinec-sa-obratime-na-nku\/","url":"https:\/\/www.smedemokrati.sk\/pre-postup-pri-pve-malinec-sa-obratime-na-nku\/","name":"Pre postup pri PVE M\u00e1linec sa obr\u00e1time na NK\u00da","isPartOf":{"@id":"https:\/\/www.smedemokrati.sk\/#website"},"primaryImageOfPage":{"@id":"https:\/\/www.smedemokrati.sk\/pre-postup-pri-pve-malinec-sa-obratime-na-nku\/#primaryimage"},"image":{"@id":"https:\/\/www.smedemokrati.sk\/pre-postup-pri-pve-malinec-sa-obratime-na-nku\/#primaryimage"},"thumbnailUrl":"https:\/\/www.smedemokrati.sk\/wp-content\/uploads\/2025\/06\/malinec.jpg","datePublished":"2025-06-05T12:57:33+00:00","dateModified":"2025-06-05T13:59:17+00:00","breadcrumb":{"@id":"https:\/\/www.smedemokrati.sk\/pre-postup-pri-pve-malinec-sa-obratime-na-nku\/#breadcrumb"},"inLanguage":"hu-HU","potentialAction":[{"@type":"ReadAction","target":["https:\/\/www.smedemokrati.sk\/pre-postup-pri-pve-malinec-sa-obratime-na-nku\/"]}]},{"@type":"ImageObject","inLanguage":"hu-HU","@id":"https:\/\/www.smedemokrati.sk\/pre-postup-pri-pve-malinec-sa-obratime-na-nku\/#primaryimage","url":"https:\/\/www.smedemokrati.sk\/wp-content\/uploads\/2025\/06\/malinec.jpg","contentUrl":"https:\/\/www.smedemokrati.sk\/wp-content\/uploads\/2025\/06\/malinec.jpg","width":935,"height":531},{"@type":"BreadcrumbList","@id":"https:\/\/www.smedemokrati.sk\/pre-postup-pri-pve-malinec-sa-obratime-na-nku\/#breadcrumb","itemListElement":[{"@type":"ListItem","position":1,"name":"Domovsk\u00e1 str\u00e1nka","item":"https:\/\/www.smedemokrati.sk\/"},{"@type":"ListItem","position":2,"name":"Pre postup pri PVE M\u00e1linec sa obr\u00e1time na NK\u00da"}]},{"@type":"WebSite","@id":"https:\/\/www.smedemokrati.sk\/#website","url":"https:\/\/www.smedemokrati.sk\/","name":"Smedemokrati.sk","description":"Demokracia a slu\u0161nos\u0165 zv\u00ed\u0165az\u00ed","publisher":{"@id":"https:\/\/www.smedemokrati.sk\/#organization"},"potentialAction":[{"@type":"SearchAction","target":{"@type":"EntryPoint","urlTemplate":"https:\/\/www.smedemokrati.sk\/?s={search_term_string}"},"query-input":{"@type":"PropertyValueSpecification","valueRequired":true,"valueName":"search_term_string"}}],"inLanguage":"hu-HU"},{"@type":"Organization","@id":"https:\/\/www.smedemokrati.sk\/#organization","name":"Smedemokrati.sk","url":"https:\/\/www.smedemokrati.sk\/","logo":{"@type":"ImageObject","inLanguage":"hu-HU","@id":"https:\/\/www.smedemokrati.sk\/#\/schema\/logo\/image\/","url":"https:\/\/www.smedemokrati.sk\/wp-content\/uploads\/2023\/04\/ff.002.jpeg","contentUrl":"https:\/\/www.smedemokrati.sk\/wp-content\/uploads\/2023\/04\/ff.002.jpeg","width":640,"height":480,"caption":"Smedemokrati.sk"},"image":{"@id":"https:\/\/www.smedemokrati.sk\/#\/schema\/logo\/image\/"},"sameAs":["https:\/\/www.facebook.com\/smedemokrati2023"]},{"@type":"Person","@id":"https:\/\/www.smedemokrati.sk\/#\/schema\/person\/21f147c88d605aa7ded900e1e7c344ba","name":"miro.sopko","image":{"@type":"ImageObject","inLanguage":"hu-HU","@id":"https:\/\/secure.gravatar.com\/avatar\/267e4a36f704376c109afe3a78740c1f5dd8675a2180a908699e7863c9247606?s=96&d=mm&r=g","url":"https:\/\/secure.gravatar.com\/avatar\/267e4a36f704376c109afe3a78740c1f5dd8675a2180a908699e7863c9247606?s=96&d=mm&r=g","contentUrl":"https:\/\/secure.gravatar.com\/avatar\/267e4a36f704376c109afe3a78740c1f5dd8675a2180a908699e7863c9247606?s=96&d=mm&r=g","caption":"miro.sopko"},"url":"https:\/\/www.smedemokrati.sk\/hu\/author\/miro-sopko\/"}]}},"_links":{"self":[{"href":"https:\/\/www.smedemokrati.sk\/hu\/wp-json\/wp\/v2\/posts\/7455","targetHints":{"allow":["GET"]}}],"collection":[{"href":"https:\/\/www.smedemokrati.sk\/hu\/wp-json\/wp\/v2\/posts"}],"about":[{"href":"https:\/\/www.smedemokrati.sk\/hu\/wp-json\/wp\/v2\/types\/post"}],"author":[{"embeddable":true,"href":"https:\/\/www.smedemokrati.sk\/hu\/wp-json\/wp\/v2\/users\/13"}],"replies":[{"embeddable":true,"href":"https:\/\/www.smedemokrati.sk\/hu\/wp-json\/wp\/v2\/comments?post=7455"}],"version-history":[{"count":1,"href":"https:\/\/www.smedemokrati.sk\/hu\/wp-json\/wp\/v2\/posts\/7455\/revisions"}],"predecessor-version":[{"id":7457,"href":"https:\/\/www.smedemokrati.sk\/hu\/wp-json\/wp\/v2\/posts\/7455\/revisions\/7457"}],"wp:featuredmedia":[{"embeddable":true,"href":"https:\/\/www.smedemokrati.sk\/hu\/wp-json\/wp\/v2\/media\/7456"}],"wp:attachment":[{"href":"https:\/\/www.smedemokrati.sk\/hu\/wp-json\/wp\/v2\/media?parent=7455"}],"wp:term":[{"taxonomy":"category","embeddable":true,"href":"https:\/\/www.smedemokrati.sk\/hu\/wp-json\/wp\/v2\/categories?post=7455"},{"taxonomy":"post_tag","embeddable":true,"href":"https:\/\/www.smedemokrati.sk\/hu\/wp-json\/wp\/v2\/tags?post=7455"}],"curies":[{"name":"wp","href":"https:\/\/api.w.org\/{rel}","templated":true}]}}