{"id":7452,"date":"2025-06-05T14:34:06","date_gmt":"2025-06-05T13:34:06","guid":{"rendered":"https:\/\/www.smedemokrati.sk\/?p=7452"},"modified":"2025-06-05T14:34:07","modified_gmt":"2025-06-05T13:34:07","slug":"fico-rozostaval-slovensko-ale-len-recami","status":"publish","type":"post","link":"https:\/\/www.smedemokrati.sk\/hu\/fico-rozostaval-slovensko-ale-len-recami\/","title":{"rendered":"Fico rozostaval Slovensko, ale len re\u010dami"},"content":{"rendered":"<div id=\"fb-root\"><\/div>\n\n<p><strong>V\u00fdstavba bytov skolabovala a mlad\u00ed nemaj\u00fa kde b\u00fdva\u0165. Demokrati prich\u00e1dzaj\u00fa s rie\u0161en\u00edm, a to prv\u00e9 b\u00fdvanie bez DPH.&nbsp;Vl\u00e1da Roberta Fica tvrd\u00ed, \u017ee rozbieha bytov\u00fa v\u00fdstavbu. Fakty zverejnen\u00e9 \u0160tatistick\u00fdm \u00faradom SR, pod veden\u00fdm nominantom strany Smer-SD&nbsp; v\u0161ak hovoria jasnou re\u010dou, v\u00fdstavba nov\u00fdch bytov skolabovala.<\/strong><\/p>\n\n\n\n<p>Medziro\u010dn\u00fd prepad v\u00fdstavby je 24 %,&nbsp;\u010do je najhor\u0161\u00ed za\u010diatok roka za posledn\u00fdch 12 rokov.&nbsp;V Bratislavskom kraji, kde je najv\u00e4\u010d\u0161\u00ed dopyt po b\u00fdvan\u00ed, sa za\u010dalo stava\u0165 o takmer polovicu menej&nbsp;bytov ako pred rokom.&nbsp;<em>\u201eRobert Fico rozpr\u00e1va o n\u00e1jomn\u00fdch bytoch, ktor\u00e9 zdedil po na\u0161ej vl\u00e1de. Ale v\u00fdstavba nov\u00fdch bytov dnes stagnuje. V skuto\u010dnosti len \u0161pekulanti zar\u00e1baj\u00fa a be\u017en\u00ed \u013eudia nemaj\u00fa kde b\u00fdva\u0165,\u201c<\/em>&nbsp;vyhl\u00e1sil Eduard Heger, podpredseda strany Demokrati.<\/p>\n\n\n\n<p>Najviac trpia mlad\u00e9 rodiny, ktor\u00e9 si vlastn\u00e9 b\u00fdvanie nem\u00f4\u017eu dovoli\u0165, ke\u010f\u017ee ceny bytov s\u00fa vyhnan\u00e9 nahor kv\u00f4li ich kritick\u00e9mu nedostatku. A to nie pre rast\u00face n\u00e1klady ale pre zlyhanie \u0161t\u00e1tu zabezpe\u010di\u0165 dostatok nov\u00fdch bytov. Rie\u0161enie Demokratov, a to prv\u00e9 b\u00fdvanie bez DPH.<\/p>\n\n\n\n<p><em>\u201eV\u010faka tomuto opatreniu, kedy by \u0161t\u00e1t odpustil DPH pri k\u00fape prv\u00e9ho nov\u00e9ho bytu,&nbsp;bude b\u00fdvanie kone\u010dne dostupnej\u0161ie. Dnes si mnoh\u00ed ob\u010dania nem\u00f4\u017eu dovoli\u0165 k\u00fapi\u0165 byt, lebo ich cena je v\u010faka nedostatku nov\u00fdch bytov vyhnan\u00e1 umelo nahor. N\u00e1\u0161 n\u00e1vrh to zmen\u00ed,\u201c<\/em>&nbsp;vysvet\u013euje Dominik Sumbal, expert strany Demokrati pre podnikanie a inov\u00e1cie.<\/p>\n\n\n\n<p>T\u00fdmto opatren\u00edm z\u00e1rove\u0148 podpor\u00edme stavebn\u00fd sektor, ktor\u00fd je jedn\u00fdm z najv\u00e4\u010d\u0161\u00edch zamestn\u00e1vate\u013eov&nbsp;na Slovensku a ktor\u00fd na rozdiel od vl\u00e1dy Fica potrebujeme na\u0161tartova\u0165, nie zablokova\u0165. Rozbehneme v\u00fdstavbu, zv\u00fd\u0161ime ponuku bytov a vytvor\u00edme tlak na pokles cien.<\/p>\n\n\n\n<p>Robert Fico hovor\u00ed, \u017ee Slovensko rozostaval. Demokrati hovoria, \u017ee ho zabet\u00f3noval do kr\u00edzy nedostupn\u00e9ho b\u00fdvania. Miesto rie\u0161en\u00ed pon\u00faka v\u00fdhovorky. Strana pon\u00faka konkr\u00e9tny pl\u00e1n: prv\u00e9 b\u00fdvanie bez DPH, viac bytov = ni\u017e\u0161ie ceny, na\u0161tartovanie stavebn\u00edctva a ekonomiky, pomoc mlad\u00fdm rodin\u00e1m, ktor\u00e9 dnes \u0161t\u00e1t nech\u00e1va napospas.<\/p>\n\n\n<div class=\"fb-video\" data-href=\"https:\/\/fb.watch\/A18tcZwz4Q\" data-allowfullscreen=\"true\" data-autoplay=\"false\" data-width=\"\" data-show-text=\"false\" data-show-captions=\"true\"><\/div>\n","protected":false},"excerpt":{"rendered":"<p>V\u00fdstavba bytov skolabovala a mlad\u00ed nemaj\u00fa kde b\u00fdva\u0165. Demokrati prich\u00e1dzaj\u00fa s rie\u0161en\u00edm, a to prv\u00e9 b\u00fdvanie bez DPH.&nbsp;Vl\u00e1da Roberta Fica tvrd\u00ed, \u017ee rozbieha bytov\u00fa v\u00fdstavbu. Fakty zverejnen\u00e9 \u0160tatistick\u00fdm \u00faradom SR, pod veden\u00fdm nominantom strany Smer-SD&nbsp; v\u0161ak hovoria jasnou re\u010dou, v\u00fdstavba nov\u00fdch bytov skolabovala. Medziro\u010dn\u00fd prepad v\u00fdstavby je 24 %,&nbsp;\u010do je najhor\u0161\u00ed za\u010diatok roka za posledn\u00fdch [&hellip;]<\/p>\n","protected":false},"author":13,"featured_media":7453,"comment_status":"closed","ping_status":"closed","sticky":false,"template":"","format":"standard","meta":{"_acf_changed":false,"ngg_post_thumbnail":0,"footnotes":""},"categories":[4],"tags":[],"class_list":["post-7452","post","type-post","status-publish","format-standard","has-post-thumbnail","hentry","category-tlacove-spravy"],"acf":[],"yoast_head":"<!-- This site is optimized with the Yoast SEO plugin v27.2 - https:\/\/yoast.com\/product\/yoast-seo-wordpress\/ -->\n<title>Fico rozostaval Slovensko, ale len re\u010dami<\/title>\n<meta name=\"robots\" content=\"index, follow, max-snippet:-1, max-image-preview:large, max-video-preview:-1\" \/>\n<link rel=\"canonical\" href=\"https:\/\/www.smedemokrati.sk\/hu\/fico-rozostaval-slovensko-ale-len-recami\/\" \/>\n<meta property=\"og:locale\" content=\"hu_HU\" \/>\n<meta property=\"og:locale:alternate\" content=\"en_US\" \/>\n<meta property=\"og:locale:alternate\" content=\"cs_CZ\" \/>\n<meta property=\"og:locale:alternate\" content=\"sk_SK\" \/>\n<meta property=\"og:locale:alternate\" content=\"sv_SE\" \/>\n<meta property=\"og:type\" content=\"article\" \/>\n<meta property=\"og:title\" content=\"Fico rozostaval Slovensko, ale len re\u010dami\" \/>\n<meta property=\"og:description\" content=\"V\u00fdstavba bytov skolabovala a mlad\u00ed nemaj\u00fa kde b\u00fdva\u0165. Demokrati prich\u00e1dzaj\u00fa s rie\u0161en\u00edm, a to prv\u00e9 b\u00fdvanie bez DPH.&nbsp;Vl\u00e1da Roberta Fica tvrd\u00ed, \u017ee rozbieha bytov\u00fa v\u00fdstavbu. Fakty zverejnen\u00e9 \u0160tatistick\u00fdm \u00faradom SR, pod veden\u00fdm nominantom strany Smer-SD&nbsp; v\u0161ak hovoria jasnou re\u010dou, v\u00fdstavba nov\u00fdch bytov skolabovala. Medziro\u010dn\u00fd prepad v\u00fdstavby je 24 %,&nbsp;\u010do je najhor\u0161\u00ed za\u010diatok roka za posledn\u00fdch [&hellip;]\" \/>\n<meta property=\"og:url\" content=\"https:\/\/www.smedemokrati.sk\/hu\/fico-rozostaval-slovensko-ale-len-recami\/\" \/>\n<meta property=\"og:site_name\" content=\"Smedemokrati.sk\" \/>\n<meta property=\"article:publisher\" content=\"https:\/\/www.facebook.com\/smedemokrati2023\" \/>\n<meta property=\"article:published_time\" content=\"2025-06-05T13:34:06+00:00\" \/>\n<meta property=\"article:modified_time\" content=\"2025-06-05T13:34:07+00:00\" \/>\n<meta property=\"og:image\" content=\"https:\/\/www.smedemokrati.sk\/wp-content\/uploads\/2025\/06\/fico-nestavia.jpg\" \/>\n\t<meta property=\"og:image:width\" content=\"1668\" \/>\n\t<meta property=\"og:image:height\" content=\"928\" \/>\n\t<meta property=\"og:image:type\" content=\"image\/jpeg\" \/>\n<meta name=\"author\" content=\"miro.sopko\" \/>\n<meta name=\"twitter:card\" content=\"summary_large_image\" \/>\n<meta name=\"twitter:label1\" content=\"Szerz\u0151:\" \/>\n\t<meta name=\"twitter:data1\" content=\"miro.sopko\" \/>\n\t<meta name=\"twitter:label2\" content=\"Becs\u00fclt olvas\u00e1si id\u0151\" \/>\n\t<meta name=\"twitter:data2\" content=\"2 perc\" \/>\n<script type=\"application\/ld+json\" class=\"yoast-schema-graph\">{\"@context\":\"https:\/\/schema.org\",\"@graph\":[{\"@type\":\"Article\",\"@id\":\"https:\/\/www.smedemokrati.sk\/fico-rozostaval-slovensko-ale-len-recami\/#article\",\"isPartOf\":{\"@id\":\"https:\/\/www.smedemokrati.sk\/fico-rozostaval-slovensko-ale-len-recami\/\"},\"author\":{\"name\":\"miro.sopko\",\"@id\":\"https:\/\/www.smedemokrati.sk\/#\/schema\/person\/21f147c88d605aa7ded900e1e7c344ba\"},\"headline\":\"Fico rozostaval Slovensko, ale len re\u010dami\",\"datePublished\":\"2025-06-05T13:34:06+00:00\",\"dateModified\":\"2025-06-05T13:34:07+00:00\",\"mainEntityOfPage\":{\"@id\":\"https:\/\/www.smedemokrati.sk\/fico-rozostaval-slovensko-ale-len-recami\/\"},\"wordCount\":401,\"publisher\":{\"@id\":\"https:\/\/www.smedemokrati.sk\/#organization\"},\"image\":{\"@id\":\"https:\/\/www.smedemokrati.sk\/fico-rozostaval-slovensko-ale-len-recami\/#primaryimage\"},\"thumbnailUrl\":\"https:\/\/www.smedemokrati.sk\/wp-content\/uploads\/2025\/06\/fico-nestavia.jpg\",\"articleSection\":[\"Tla\u010dov\u00e9 spr\u00e1vy\"],\"inLanguage\":\"hu-HU\"},{\"@type\":\"WebPage\",\"@id\":\"https:\/\/www.smedemokrati.sk\/fico-rozostaval-slovensko-ale-len-recami\/\",\"url\":\"https:\/\/www.smedemokrati.sk\/fico-rozostaval-slovensko-ale-len-recami\/\",\"name\":\"Fico rozostaval Slovensko, ale len re\u010dami\",\"isPartOf\":{\"@id\":\"https:\/\/www.smedemokrati.sk\/#website\"},\"primaryImageOfPage\":{\"@id\":\"https:\/\/www.smedemokrati.sk\/fico-rozostaval-slovensko-ale-len-recami\/#primaryimage\"},\"image\":{\"@id\":\"https:\/\/www.smedemokrati.sk\/fico-rozostaval-slovensko-ale-len-recami\/#primaryimage\"},\"thumbnailUrl\":\"https:\/\/www.smedemokrati.sk\/wp-content\/uploads\/2025\/06\/fico-nestavia.jpg\",\"datePublished\":\"2025-06-05T13:34:06+00:00\",\"dateModified\":\"2025-06-05T13:34:07+00:00\",\"breadcrumb\":{\"@id\":\"https:\/\/www.smedemokrati.sk\/fico-rozostaval-slovensko-ale-len-recami\/#breadcrumb\"},\"inLanguage\":\"hu-HU\",\"potentialAction\":[{\"@type\":\"ReadAction\",\"target\":[\"https:\/\/www.smedemokrati.sk\/fico-rozostaval-slovensko-ale-len-recami\/\"]}]},{\"@type\":\"ImageObject\",\"inLanguage\":\"hu-HU\",\"@id\":\"https:\/\/www.smedemokrati.sk\/fico-rozostaval-slovensko-ale-len-recami\/#primaryimage\",\"url\":\"https:\/\/www.smedemokrati.sk\/wp-content\/uploads\/2025\/06\/fico-nestavia.jpg\",\"contentUrl\":\"https:\/\/www.smedemokrati.sk\/wp-content\/uploads\/2025\/06\/fico-nestavia.jpg\",\"width\":1668,\"height\":928},{\"@type\":\"BreadcrumbList\",\"@id\":\"https:\/\/www.smedemokrati.sk\/fico-rozostaval-slovensko-ale-len-recami\/#breadcrumb\",\"itemListElement\":[{\"@type\":\"ListItem\",\"position\":1,\"name\":\"Domovsk\u00e1 str\u00e1nka\",\"item\":\"https:\/\/www.smedemokrati.sk\/\"},{\"@type\":\"ListItem\",\"position\":2,\"name\":\"Fico rozostaval Slovensko, ale len re\u010dami\"}]},{\"@type\":\"WebSite\",\"@id\":\"https:\/\/www.smedemokrati.sk\/#website\",\"url\":\"https:\/\/www.smedemokrati.sk\/\",\"name\":\"Smedemokrati.sk\",\"description\":\"Demokracia a slu\u0161nos\u0165 zv\u00ed\u0165az\u00ed\",\"publisher\":{\"@id\":\"https:\/\/www.smedemokrati.sk\/#organization\"},\"potentialAction\":[{\"@type\":\"SearchAction\",\"target\":{\"@type\":\"EntryPoint\",\"urlTemplate\":\"https:\/\/www.smedemokrati.sk\/?s={search_term_string}\"},\"query-input\":{\"@type\":\"PropertyValueSpecification\",\"valueRequired\":true,\"valueName\":\"search_term_string\"}}],\"inLanguage\":\"hu-HU\"},{\"@type\":\"Organization\",\"@id\":\"https:\/\/www.smedemokrati.sk\/#organization\",\"name\":\"Smedemokrati.sk\",\"url\":\"https:\/\/www.smedemokrati.sk\/\",\"logo\":{\"@type\":\"ImageObject\",\"inLanguage\":\"hu-HU\",\"@id\":\"https:\/\/www.smedemokrati.sk\/#\/schema\/logo\/image\/\",\"url\":\"https:\/\/www.smedemokrati.sk\/wp-content\/uploads\/2023\/04\/ff.002.jpeg\",\"contentUrl\":\"https:\/\/www.smedemokrati.sk\/wp-content\/uploads\/2023\/04\/ff.002.jpeg\",\"width\":640,\"height\":480,\"caption\":\"Smedemokrati.sk\"},\"image\":{\"@id\":\"https:\/\/www.smedemokrati.sk\/#\/schema\/logo\/image\/\"},\"sameAs\":[\"https:\/\/www.facebook.com\/smedemokrati2023\"]},{\"@type\":\"Person\",\"@id\":\"https:\/\/www.smedemokrati.sk\/#\/schema\/person\/21f147c88d605aa7ded900e1e7c344ba\",\"name\":\"miro.sopko\",\"image\":{\"@type\":\"ImageObject\",\"inLanguage\":\"hu-HU\",\"@id\":\"https:\/\/secure.gravatar.com\/avatar\/267e4a36f704376c109afe3a78740c1f5dd8675a2180a908699e7863c9247606?s=96&d=mm&r=g\",\"url\":\"https:\/\/secure.gravatar.com\/avatar\/267e4a36f704376c109afe3a78740c1f5dd8675a2180a908699e7863c9247606?s=96&d=mm&r=g\",\"contentUrl\":\"https:\/\/secure.gravatar.com\/avatar\/267e4a36f704376c109afe3a78740c1f5dd8675a2180a908699e7863c9247606?s=96&d=mm&r=g\",\"caption\":\"miro.sopko\"},\"url\":\"https:\/\/www.smedemokrati.sk\/hu\/author\/miro-sopko\/\"}]}<\/script>\n<!-- \/ Yoast SEO plugin. -->","yoast_head_json":{"title":"Fico rozostaval Slovensko, ale len re\u010dami","robots":{"index":"index","follow":"follow","max-snippet":"max-snippet:-1","max-image-preview":"max-image-preview:large","max-video-preview":"max-video-preview:-1"},"canonical":"https:\/\/www.smedemokrati.sk\/hu\/fico-rozostaval-slovensko-ale-len-recami\/","og_locale":"hu_HU","og_type":"article","og_title":"[:sk]Fico rozostaval Slovensko, ale len re\u010dami[:] - Smedemokrati.sk","og_description":"V\u00fdstavba bytov skolabovala a mlad\u00ed nemaj\u00fa kde b\u00fdva\u0165. Demokrati prich\u00e1dzaj\u00fa s rie\u0161en\u00edm, a to prv\u00e9 b\u00fdvanie bez DPH.&nbsp;Vl\u00e1da Roberta Fica tvrd\u00ed, \u017ee rozbieha bytov\u00fa v\u00fdstavbu. Fakty zverejnen\u00e9 \u0160tatistick\u00fdm \u00faradom SR, pod veden\u00fdm nominantom strany Smer-SD&nbsp; v\u0161ak hovoria jasnou re\u010dou, v\u00fdstavba nov\u00fdch bytov skolabovala. Medziro\u010dn\u00fd prepad v\u00fdstavby je 24 %,&nbsp;\u010do je najhor\u0161\u00ed za\u010diatok roka za posledn\u00fdch [&hellip;]","og_url":"https:\/\/www.smedemokrati.sk\/hu\/fico-rozostaval-slovensko-ale-len-recami\/","og_site_name":"Smedemokrati.sk","article_publisher":"https:\/\/www.facebook.com\/smedemokrati2023","article_published_time":"2025-06-05T13:34:06+00:00","article_modified_time":"2025-06-05T13:34:07+00:00","og_image":[{"width":1668,"height":928,"url":"https:\/\/www.smedemokrati.sk\/wp-content\/uploads\/2025\/06\/fico-nestavia.jpg","type":"image\/jpeg"}],"author":"miro.sopko","twitter_card":"summary_large_image","twitter_misc":{"Szerz\u0151:":"miro.sopko","Becs\u00fclt olvas\u00e1si id\u0151":"2 perc"},"schema":{"@context":"https:\/\/schema.org","@graph":[{"@type":"Article","@id":"https:\/\/www.smedemokrati.sk\/fico-rozostaval-slovensko-ale-len-recami\/#article","isPartOf":{"@id":"https:\/\/www.smedemokrati.sk\/fico-rozostaval-slovensko-ale-len-recami\/"},"author":{"name":"miro.sopko","@id":"https:\/\/www.smedemokrati.sk\/#\/schema\/person\/21f147c88d605aa7ded900e1e7c344ba"},"headline":"Fico rozostaval Slovensko, ale len re\u010dami","datePublished":"2025-06-05T13:34:06+00:00","dateModified":"2025-06-05T13:34:07+00:00","mainEntityOfPage":{"@id":"https:\/\/www.smedemokrati.sk\/fico-rozostaval-slovensko-ale-len-recami\/"},"wordCount":401,"publisher":{"@id":"https:\/\/www.smedemokrati.sk\/#organization"},"image":{"@id":"https:\/\/www.smedemokrati.sk\/fico-rozostaval-slovensko-ale-len-recami\/#primaryimage"},"thumbnailUrl":"https:\/\/www.smedemokrati.sk\/wp-content\/uploads\/2025\/06\/fico-nestavia.jpg","articleSection":["Tla\u010dov\u00e9 spr\u00e1vy"],"inLanguage":"hu-HU"},{"@type":"WebPage","@id":"https:\/\/www.smedemokrati.sk\/fico-rozostaval-slovensko-ale-len-recami\/","url":"https:\/\/www.smedemokrati.sk\/fico-rozostaval-slovensko-ale-len-recami\/","name":"Fico rozostaval Slovensko, ale len re\u010dami","isPartOf":{"@id":"https:\/\/www.smedemokrati.sk\/#website"},"primaryImageOfPage":{"@id":"https:\/\/www.smedemokrati.sk\/fico-rozostaval-slovensko-ale-len-recami\/#primaryimage"},"image":{"@id":"https:\/\/www.smedemokrati.sk\/fico-rozostaval-slovensko-ale-len-recami\/#primaryimage"},"thumbnailUrl":"https:\/\/www.smedemokrati.sk\/wp-content\/uploads\/2025\/06\/fico-nestavia.jpg","datePublished":"2025-06-05T13:34:06+00:00","dateModified":"2025-06-05T13:34:07+00:00","breadcrumb":{"@id":"https:\/\/www.smedemokrati.sk\/fico-rozostaval-slovensko-ale-len-recami\/#breadcrumb"},"inLanguage":"hu-HU","potentialAction":[{"@type":"ReadAction","target":["https:\/\/www.smedemokrati.sk\/fico-rozostaval-slovensko-ale-len-recami\/"]}]},{"@type":"ImageObject","inLanguage":"hu-HU","@id":"https:\/\/www.smedemokrati.sk\/fico-rozostaval-slovensko-ale-len-recami\/#primaryimage","url":"https:\/\/www.smedemokrati.sk\/wp-content\/uploads\/2025\/06\/fico-nestavia.jpg","contentUrl":"https:\/\/www.smedemokrati.sk\/wp-content\/uploads\/2025\/06\/fico-nestavia.jpg","width":1668,"height":928},{"@type":"BreadcrumbList","@id":"https:\/\/www.smedemokrati.sk\/fico-rozostaval-slovensko-ale-len-recami\/#breadcrumb","itemListElement":[{"@type":"ListItem","position":1,"name":"Domovsk\u00e1 str\u00e1nka","item":"https:\/\/www.smedemokrati.sk\/"},{"@type":"ListItem","position":2,"name":"Fico rozostaval Slovensko, ale len re\u010dami"}]},{"@type":"WebSite","@id":"https:\/\/www.smedemokrati.sk\/#website","url":"https:\/\/www.smedemokrati.sk\/","name":"Smedemokrati.sk","description":"Demokracia a slu\u0161nos\u0165 zv\u00ed\u0165az\u00ed","publisher":{"@id":"https:\/\/www.smedemokrati.sk\/#organization"},"potentialAction":[{"@type":"SearchAction","target":{"@type":"EntryPoint","urlTemplate":"https:\/\/www.smedemokrati.sk\/?s={search_term_string}"},"query-input":{"@type":"PropertyValueSpecification","valueRequired":true,"valueName":"search_term_string"}}],"inLanguage":"hu-HU"},{"@type":"Organization","@id":"https:\/\/www.smedemokrati.sk\/#organization","name":"Smedemokrati.sk","url":"https:\/\/www.smedemokrati.sk\/","logo":{"@type":"ImageObject","inLanguage":"hu-HU","@id":"https:\/\/www.smedemokrati.sk\/#\/schema\/logo\/image\/","url":"https:\/\/www.smedemokrati.sk\/wp-content\/uploads\/2023\/04\/ff.002.jpeg","contentUrl":"https:\/\/www.smedemokrati.sk\/wp-content\/uploads\/2023\/04\/ff.002.jpeg","width":640,"height":480,"caption":"Smedemokrati.sk"},"image":{"@id":"https:\/\/www.smedemokrati.sk\/#\/schema\/logo\/image\/"},"sameAs":["https:\/\/www.facebook.com\/smedemokrati2023"]},{"@type":"Person","@id":"https:\/\/www.smedemokrati.sk\/#\/schema\/person\/21f147c88d605aa7ded900e1e7c344ba","name":"miro.sopko","image":{"@type":"ImageObject","inLanguage":"hu-HU","@id":"https:\/\/secure.gravatar.com\/avatar\/267e4a36f704376c109afe3a78740c1f5dd8675a2180a908699e7863c9247606?s=96&d=mm&r=g","url":"https:\/\/secure.gravatar.com\/avatar\/267e4a36f704376c109afe3a78740c1f5dd8675a2180a908699e7863c9247606?s=96&d=mm&r=g","contentUrl":"https:\/\/secure.gravatar.com\/avatar\/267e4a36f704376c109afe3a78740c1f5dd8675a2180a908699e7863c9247606?s=96&d=mm&r=g","caption":"miro.sopko"},"url":"https:\/\/www.smedemokrati.sk\/hu\/author\/miro-sopko\/"}]}},"_links":{"self":[{"href":"https:\/\/www.smedemokrati.sk\/hu\/wp-json\/wp\/v2\/posts\/7452","targetHints":{"allow":["GET"]}}],"collection":[{"href":"https:\/\/www.smedemokrati.sk\/hu\/wp-json\/wp\/v2\/posts"}],"about":[{"href":"https:\/\/www.smedemokrati.sk\/hu\/wp-json\/wp\/v2\/types\/post"}],"author":[{"embeddable":true,"href":"https:\/\/www.smedemokrati.sk\/hu\/wp-json\/wp\/v2\/users\/13"}],"replies":[{"embeddable":true,"href":"https:\/\/www.smedemokrati.sk\/hu\/wp-json\/wp\/v2\/comments?post=7452"}],"version-history":[{"count":1,"href":"https:\/\/www.smedemokrati.sk\/hu\/wp-json\/wp\/v2\/posts\/7452\/revisions"}],"predecessor-version":[{"id":7454,"href":"https:\/\/www.smedemokrati.sk\/hu\/wp-json\/wp\/v2\/posts\/7452\/revisions\/7454"}],"wp:featuredmedia":[{"embeddable":true,"href":"https:\/\/www.smedemokrati.sk\/hu\/wp-json\/wp\/v2\/media\/7453"}],"wp:attachment":[{"href":"https:\/\/www.smedemokrati.sk\/hu\/wp-json\/wp\/v2\/media?parent=7452"}],"wp:term":[{"taxonomy":"category","embeddable":true,"href":"https:\/\/www.smedemokrati.sk\/hu\/wp-json\/wp\/v2\/categories?post=7452"},{"taxonomy":"post_tag","embeddable":true,"href":"https:\/\/www.smedemokrati.sk\/hu\/wp-json\/wp\/v2\/tags?post=7452"}],"curies":[{"name":"wp","href":"https:\/\/api.w.org\/{rel}","templated":true}]}}