{"id":7395,"date":"2025-05-30T16:13:45","date_gmt":"2025-05-30T15:13:45","guid":{"rendered":"https:\/\/www.smedemokrati.sk\/?p=7395"},"modified":"2025-05-30T16:13:45","modified_gmt":"2025-05-30T15:13:45","slug":"inflacia-papalasov-pokracuje-statny-tajomnik-upratany-ako-splnomocnenec-vlady","status":"publish","type":"post","link":"https:\/\/www.smedemokrati.sk\/hu\/inflacia-papalasov-pokracuje-statny-tajomnik-upratany-ako-splnomocnenec-vlady\/","title":{"rendered":"Infl\u00e1cia papal\u00e1\u0161ov pokra\u010duje: \u0161t\u00e1tny tajomn\u00edk \u201eupratan\u00fd\u201c ako splnomocnenec vl\u00e1dy"},"content":{"rendered":"<div id=\"fb-root\"><\/div>\n\n<p><strong>Demokrati opakovane kritizuj\u00fa navy\u0161ovanie po\u010dtu politick\u00fdch nominantov, ktor\u00fd za \u0161tvrtej vl\u00e1dy Roberta Fica dosahuje bezprecedentn\u00e9 rozmery. Po zriaden\u00ed nov\u00e9ho ministerstva a rekordnom po\u010dte \u0161t\u00e1tnych tajomn\u00edkov vl\u00e1da vytvorila u\u017e svojho jeden\u00e1steho splnomocnenca. To nem\u00e1 v hist\u00f3rii samostatnej Slovenskej republiky obdobu.<\/strong><\/p>\n\n\n\n<p><em>\u201eFicove vl\u00e1dy boli v\u017edy rajom pre svojich \u013eud\u00ed. Dnes v\u0161ak prekra\u010duj\u00fa v\u0161etky hranice. K\u00fdm tak obyvatelia, ako aj samospr\u00e1vy \u0161kr\u00edpu pod \u0165archou takzvanej konsolid\u00e1cie, vo vl\u00e1de sa veselo vytv\u00e1raj\u00fa nov\u00e9 trafiky. Z&nbsp;toho v\u0161ak \u017eivoriace obce, mest\u00e1 a&nbsp;kraje nebud\u00fa ma\u0165 v\u00f4bec ni\u010d. Premi\u00e9r hr\u00e1 so samospr\u00e1vami a<br>verejnos\u0165ou falo\u0161n\u00fa alibistick\u00fa hru. Pokra\u010duje vo vykos\u0165ovan\u00ed strany Hlas, ktor\u00e1 v osobe Michala Kali\u0148\u00e1ka akceptovala pln\u00fa politick\u00fa zodpovednos\u0165 za reformu verejnej spr\u00e1vy, ktor\u00e1 celkom zjavne nebude,\u201c&nbsp;<\/em>vyhl\u00e1sil gener\u00e1lny sekret\u00e1r Demokratov a&nbsp;expert na verejn\u00fa spr\u00e1vu&nbsp;Peter Markovi\u010d. Michal Kali\u0148\u00e1k musel ako \u0161t\u00e1tny tajomn\u00edk skon\u010di\u0165 na ministerstve region\u00e1lneho rozvoja. Bez fleku v\u0161ak nezostal dlho, okam\u017eite ho upratali na ministerstvo vn\u00fatra. Aby toho nebolo m\u00e1lo, po chv\u00edli ho vykopli vy\u0161\u0161ie, konkr\u00e9tne do novovytvoren\u00e9ho kresla splnomocnenca vl\u00e1dy pre \u00fazemn\u00fa samospr\u00e1vu.<\/p>\n\n\n\n<p><em>\u201eNepotrebujeme \u010fal\u0161ie fig\u00farky, ale rie\u0161enia. Samospr\u00e1vy potrebuj\u00fa reformu, nie papal\u00e1\u0161ov. My, Demokrati, vn\u00edmame transform\u00e1ciu verejnej spr\u00e1vy z dne\u0161n\u00e9ho stavu na stav zodpovedaj\u00faci 21. Storo\u010diu ako z\u00e1sadn\u00fa strategick\u00fa \u00falohu. Aby sa tak\u00e9 nie\u010do podarilo, mus\u00ed ma\u0165 z\u00e1sadn\u00fa politick\u00fa podporu, a teda by\u0165 zastre\u0161en\u00e1 odhodlan\u00fdm premi\u00e9rom s jasnou v\u00edziou. Pon\u00fakame obciam, mest\u00e1m a&nbsp;krajom dial\u00f3g a re\u0161pekt. Ich reprezentantov vn\u00edmame ako partnerov, v&nbsp;spolupr\u00e1ci s&nbsp;ktor\u00fdmi dok\u00e1\u017eeme vr\u00e1ti\u0165 Slovensko na cestu moderniz\u00e1cie a&nbsp;dobiehania ekonomickej \u00farovne priemeru Eur\u00f3pskej \u00fanie. V&nbsp;r\u00e1mci reformy verejnej spr\u00e1vy navrhujeme skuto\u010dn\u00fa decentraliz\u00e1ciu, teda presun kompetenci\u00ed, posilnenie finan\u010dnej auton\u00f3mie a predv\u00eddate\u013en\u00e9 prostredie pre kvalitnej\u0161ie slu\u017eby v regi\u00f3noch,\u201c<\/em>&nbsp;dodal Markovi\u010d.<\/p>\n\n\n\n<p>Demokrati upozor\u0148uj\u00fa, \u017ee vl\u00e1da namiesto z\u00e1kladn\u00fdch probl\u00e9mov rie\u0161i z\u00e1stupn\u00e9 t\u00e9my ako volebn\u00fd syst\u00e9m \u010di \u00fazemnospr\u00e1vne \u010dlenenie. Skuto\u010dn\u00fd rozvoj v\u0161ak nastane len vtedy, ke\u010f samospr\u00e1vy dostan\u00fa priestor a zdroje.<\/p>\n","protected":false},"excerpt":{"rendered":"<p>Demokrati opakovane kritizuj\u00fa navy\u0161ovanie po\u010dtu politick\u00fdch nominantov, ktor\u00fd za \u0161tvrtej vl\u00e1dy Roberta Fica dosahuje bezprecedentn\u00e9 rozmery. Po zriaden\u00ed nov\u00e9ho ministerstva a rekordnom po\u010dte \u0161t\u00e1tnych tajomn\u00edkov vl\u00e1da vytvorila u\u017e svojho jeden\u00e1steho splnomocnenca. To nem\u00e1 v hist\u00f3rii samostatnej Slovenskej republiky obdobu. \u201eFicove vl\u00e1dy boli v\u017edy rajom pre svojich \u013eud\u00ed. Dnes v\u0161ak prekra\u010duj\u00fa v\u0161etky hranice. K\u00fdm tak obyvatelia, [&hellip;]<\/p>\n","protected":false},"author":13,"featured_media":387,"comment_status":"closed","ping_status":"closed","sticky":false,"template":"","format":"standard","meta":{"_acf_changed":false,"ngg_post_thumbnail":0,"footnotes":""},"categories":[4],"tags":[],"class_list":["post-7395","post","type-post","status-publish","format-standard","has-post-thumbnail","hentry","category-tlacove-spravy"],"acf":[],"yoast_head":"<!-- This site is optimized with the Yoast SEO plugin v27.2 - https:\/\/yoast.com\/product\/yoast-seo-wordpress\/ -->\n<title>Infl\u00e1cia papal\u00e1\u0161ov pokra\u010duje: \u0161t\u00e1tny tajomn\u00edk \u201eupratan\u00fd\u201c ako splnomocnenec vl\u00e1dy<\/title>\n<meta name=\"robots\" content=\"index, follow, max-snippet:-1, max-image-preview:large, max-video-preview:-1\" \/>\n<link rel=\"canonical\" href=\"https:\/\/www.smedemokrati.sk\/hu\/inflacia-papalasov-pokracuje-statny-tajomnik-upratany-ako-splnomocnenec-vlady\/\" \/>\n<meta property=\"og:locale\" content=\"hu_HU\" \/>\n<meta property=\"og:locale:alternate\" content=\"en_US\" \/>\n<meta property=\"og:locale:alternate\" content=\"cs_CZ\" \/>\n<meta property=\"og:locale:alternate\" content=\"sk_SK\" \/>\n<meta property=\"og:locale:alternate\" content=\"sv_SE\" \/>\n<meta property=\"og:type\" content=\"article\" \/>\n<meta property=\"og:title\" content=\"Infl\u00e1cia papal\u00e1\u0161ov pokra\u010duje: \u0161t\u00e1tny tajomn\u00edk \u201eupratan\u00fd\u201c ako splnomocnenec vl\u00e1dy\" \/>\n<meta property=\"og:description\" content=\"Demokrati opakovane kritizuj\u00fa navy\u0161ovanie po\u010dtu politick\u00fdch nominantov, ktor\u00fd za \u0161tvrtej vl\u00e1dy Roberta Fica dosahuje bezprecedentn\u00e9 rozmery. Po zriaden\u00ed nov\u00e9ho ministerstva a rekordnom po\u010dte \u0161t\u00e1tnych tajomn\u00edkov vl\u00e1da vytvorila u\u017e svojho jeden\u00e1steho splnomocnenca. To nem\u00e1 v hist\u00f3rii samostatnej Slovenskej republiky obdobu. \u201eFicove vl\u00e1dy boli v\u017edy rajom pre svojich \u013eud\u00ed. Dnes v\u0161ak prekra\u010duj\u00fa v\u0161etky hranice. K\u00fdm tak obyvatelia, [&hellip;]\" \/>\n<meta property=\"og:url\" content=\"https:\/\/www.smedemokrati.sk\/hu\/inflacia-papalasov-pokracuje-statny-tajomnik-upratany-ako-splnomocnenec-vlady\/\" \/>\n<meta property=\"og:site_name\" content=\"Smedemokrati.sk\" \/>\n<meta property=\"article:publisher\" content=\"https:\/\/www.facebook.com\/smedemokrati2023\" \/>\n<meta property=\"article:published_time\" content=\"2025-05-30T15:13:45+00:00\" \/>\n<meta property=\"og:image\" content=\"https:\/\/www.smedemokrati.sk\/wp-content\/uploads\/2023\/04\/PM.jpg\" \/>\n\t<meta property=\"og:image:width\" content=\"1520\" \/>\n\t<meta property=\"og:image:height\" content=\"1080\" \/>\n\t<meta property=\"og:image:type\" content=\"image\/jpeg\" \/>\n<meta name=\"author\" content=\"miro.sopko\" \/>\n<meta name=\"twitter:card\" content=\"summary_large_image\" \/>\n<meta name=\"twitter:label1\" content=\"Szerz\u0151:\" \/>\n\t<meta name=\"twitter:data1\" content=\"miro.sopko\" \/>\n\t<meta name=\"twitter:label2\" content=\"Becs\u00fclt olvas\u00e1si id\u0151\" \/>\n\t<meta name=\"twitter:data2\" content=\"2 perc\" \/>\n<script type=\"application\/ld+json\" class=\"yoast-schema-graph\">{\"@context\":\"https:\/\/schema.org\",\"@graph\":[{\"@type\":\"Article\",\"@id\":\"https:\/\/www.smedemokrati.sk\/inflacia-papalasov-pokracuje-statny-tajomnik-upratany-ako-splnomocnenec-vlady\/#article\",\"isPartOf\":{\"@id\":\"https:\/\/www.smedemokrati.sk\/inflacia-papalasov-pokracuje-statny-tajomnik-upratany-ako-splnomocnenec-vlady\/\"},\"author\":{\"name\":\"miro.sopko\",\"@id\":\"https:\/\/www.smedemokrati.sk\/#\/schema\/person\/21f147c88d605aa7ded900e1e7c344ba\"},\"headline\":\"Infl\u00e1cia papal\u00e1\u0161ov pokra\u010duje: \u0161t\u00e1tny tajomn\u00edk \u201eupratan\u00fd\u201c ako splnomocnenec vl\u00e1dy\",\"datePublished\":\"2025-05-30T15:13:45+00:00\",\"mainEntityOfPage\":{\"@id\":\"https:\/\/www.smedemokrati.sk\/inflacia-papalasov-pokracuje-statny-tajomnik-upratany-ako-splnomocnenec-vlady\/\"},\"wordCount\":424,\"publisher\":{\"@id\":\"https:\/\/www.smedemokrati.sk\/#organization\"},\"image\":{\"@id\":\"https:\/\/www.smedemokrati.sk\/inflacia-papalasov-pokracuje-statny-tajomnik-upratany-ako-splnomocnenec-vlady\/#primaryimage\"},\"thumbnailUrl\":\"https:\/\/www.smedemokrati.sk\/wp-content\/uploads\/2023\/04\/PM.jpg\",\"articleSection\":[\"Tla\u010dov\u00e9 spr\u00e1vy\"],\"inLanguage\":\"hu-HU\"},{\"@type\":\"WebPage\",\"@id\":\"https:\/\/www.smedemokrati.sk\/inflacia-papalasov-pokracuje-statny-tajomnik-upratany-ako-splnomocnenec-vlady\/\",\"url\":\"https:\/\/www.smedemokrati.sk\/inflacia-papalasov-pokracuje-statny-tajomnik-upratany-ako-splnomocnenec-vlady\/\",\"name\":\"Infl\u00e1cia papal\u00e1\u0161ov pokra\u010duje: \u0161t\u00e1tny tajomn\u00edk \u201eupratan\u00fd\u201c ako splnomocnenec vl\u00e1dy\",\"isPartOf\":{\"@id\":\"https:\/\/www.smedemokrati.sk\/#website\"},\"primaryImageOfPage\":{\"@id\":\"https:\/\/www.smedemokrati.sk\/inflacia-papalasov-pokracuje-statny-tajomnik-upratany-ako-splnomocnenec-vlady\/#primaryimage\"},\"image\":{\"@id\":\"https:\/\/www.smedemokrati.sk\/inflacia-papalasov-pokracuje-statny-tajomnik-upratany-ako-splnomocnenec-vlady\/#primaryimage\"},\"thumbnailUrl\":\"https:\/\/www.smedemokrati.sk\/wp-content\/uploads\/2023\/04\/PM.jpg\",\"datePublished\":\"2025-05-30T15:13:45+00:00\",\"breadcrumb\":{\"@id\":\"https:\/\/www.smedemokrati.sk\/inflacia-papalasov-pokracuje-statny-tajomnik-upratany-ako-splnomocnenec-vlady\/#breadcrumb\"},\"inLanguage\":\"hu-HU\",\"potentialAction\":[{\"@type\":\"ReadAction\",\"target\":[\"https:\/\/www.smedemokrati.sk\/inflacia-papalasov-pokracuje-statny-tajomnik-upratany-ako-splnomocnenec-vlady\/\"]}]},{\"@type\":\"ImageObject\",\"inLanguage\":\"hu-HU\",\"@id\":\"https:\/\/www.smedemokrati.sk\/inflacia-papalasov-pokracuje-statny-tajomnik-upratany-ako-splnomocnenec-vlady\/#primaryimage\",\"url\":\"https:\/\/www.smedemokrati.sk\/wp-content\/uploads\/2023\/04\/PM.jpg\",\"contentUrl\":\"https:\/\/www.smedemokrati.sk\/wp-content\/uploads\/2023\/04\/PM.jpg\",\"width\":1520,\"height\":1080},{\"@type\":\"BreadcrumbList\",\"@id\":\"https:\/\/www.smedemokrati.sk\/inflacia-papalasov-pokracuje-statny-tajomnik-upratany-ako-splnomocnenec-vlady\/#breadcrumb\",\"itemListElement\":[{\"@type\":\"ListItem\",\"position\":1,\"name\":\"Domovsk\u00e1 str\u00e1nka\",\"item\":\"https:\/\/www.smedemokrati.sk\/\"},{\"@type\":\"ListItem\",\"position\":2,\"name\":\"Infl\u00e1cia papal\u00e1\u0161ov pokra\u010duje: \u0161t\u00e1tny tajomn\u00edk \u201eupratan\u00fd\u201c ako splnomocnenec vl\u00e1dy\"}]},{\"@type\":\"WebSite\",\"@id\":\"https:\/\/www.smedemokrati.sk\/#website\",\"url\":\"https:\/\/www.smedemokrati.sk\/\",\"name\":\"Smedemokrati.sk\",\"description\":\"Demokracia a slu\u0161nos\u0165 zv\u00ed\u0165az\u00ed\",\"publisher\":{\"@id\":\"https:\/\/www.smedemokrati.sk\/#organization\"},\"potentialAction\":[{\"@type\":\"SearchAction\",\"target\":{\"@type\":\"EntryPoint\",\"urlTemplate\":\"https:\/\/www.smedemokrati.sk\/?s={search_term_string}\"},\"query-input\":{\"@type\":\"PropertyValueSpecification\",\"valueRequired\":true,\"valueName\":\"search_term_string\"}}],\"inLanguage\":\"hu-HU\"},{\"@type\":\"Organization\",\"@id\":\"https:\/\/www.smedemokrati.sk\/#organization\",\"name\":\"Smedemokrati.sk\",\"url\":\"https:\/\/www.smedemokrati.sk\/\",\"logo\":{\"@type\":\"ImageObject\",\"inLanguage\":\"hu-HU\",\"@id\":\"https:\/\/www.smedemokrati.sk\/#\/schema\/logo\/image\/\",\"url\":\"https:\/\/www.smedemokrati.sk\/wp-content\/uploads\/2023\/04\/ff.002.jpeg\",\"contentUrl\":\"https:\/\/www.smedemokrati.sk\/wp-content\/uploads\/2023\/04\/ff.002.jpeg\",\"width\":640,\"height\":480,\"caption\":\"Smedemokrati.sk\"},\"image\":{\"@id\":\"https:\/\/www.smedemokrati.sk\/#\/schema\/logo\/image\/\"},\"sameAs\":[\"https:\/\/www.facebook.com\/smedemokrati2023\"]},{\"@type\":\"Person\",\"@id\":\"https:\/\/www.smedemokrati.sk\/#\/schema\/person\/21f147c88d605aa7ded900e1e7c344ba\",\"name\":\"miro.sopko\",\"image\":{\"@type\":\"ImageObject\",\"inLanguage\":\"hu-HU\",\"@id\":\"https:\/\/secure.gravatar.com\/avatar\/267e4a36f704376c109afe3a78740c1f5dd8675a2180a908699e7863c9247606?s=96&d=mm&r=g\",\"url\":\"https:\/\/secure.gravatar.com\/avatar\/267e4a36f704376c109afe3a78740c1f5dd8675a2180a908699e7863c9247606?s=96&d=mm&r=g\",\"contentUrl\":\"https:\/\/secure.gravatar.com\/avatar\/267e4a36f704376c109afe3a78740c1f5dd8675a2180a908699e7863c9247606?s=96&d=mm&r=g\",\"caption\":\"miro.sopko\"},\"url\":\"https:\/\/www.smedemokrati.sk\/hu\/author\/miro-sopko\/\"}]}<\/script>\n<!-- \/ Yoast SEO plugin. -->","yoast_head_json":{"title":"Infl\u00e1cia papal\u00e1\u0161ov pokra\u010duje: \u0161t\u00e1tny tajomn\u00edk \u201eupratan\u00fd\u201c ako splnomocnenec vl\u00e1dy","robots":{"index":"index","follow":"follow","max-snippet":"max-snippet:-1","max-image-preview":"max-image-preview:large","max-video-preview":"max-video-preview:-1"},"canonical":"https:\/\/www.smedemokrati.sk\/hu\/inflacia-papalasov-pokracuje-statny-tajomnik-upratany-ako-splnomocnenec-vlady\/","og_locale":"hu_HU","og_type":"article","og_title":"[:sk]Infl\u00e1cia papal\u00e1\u0161ov pokra\u010duje: \u0161t\u00e1tny tajomn\u00edk \u201eupratan\u00fd\u201c ako splnomocnenec vl\u00e1dy[:] - Smedemokrati.sk","og_description":"Demokrati opakovane kritizuj\u00fa navy\u0161ovanie po\u010dtu politick\u00fdch nominantov, ktor\u00fd za \u0161tvrtej vl\u00e1dy Roberta Fica dosahuje bezprecedentn\u00e9 rozmery. Po zriaden\u00ed nov\u00e9ho ministerstva a rekordnom po\u010dte \u0161t\u00e1tnych tajomn\u00edkov vl\u00e1da vytvorila u\u017e svojho jeden\u00e1steho splnomocnenca. To nem\u00e1 v hist\u00f3rii samostatnej Slovenskej republiky obdobu. \u201eFicove vl\u00e1dy boli v\u017edy rajom pre svojich \u013eud\u00ed. Dnes v\u0161ak prekra\u010duj\u00fa v\u0161etky hranice. K\u00fdm tak obyvatelia, [&hellip;]","og_url":"https:\/\/www.smedemokrati.sk\/hu\/inflacia-papalasov-pokracuje-statny-tajomnik-upratany-ako-splnomocnenec-vlady\/","og_site_name":"Smedemokrati.sk","article_publisher":"https:\/\/www.facebook.com\/smedemokrati2023","article_published_time":"2025-05-30T15:13:45+00:00","og_image":[{"width":1520,"height":1080,"url":"https:\/\/www.smedemokrati.sk\/wp-content\/uploads\/2023\/04\/PM.jpg","type":"image\/jpeg"}],"author":"miro.sopko","twitter_card":"summary_large_image","twitter_misc":{"Szerz\u0151:":"miro.sopko","Becs\u00fclt olvas\u00e1si id\u0151":"2 perc"},"schema":{"@context":"https:\/\/schema.org","@graph":[{"@type":"Article","@id":"https:\/\/www.smedemokrati.sk\/inflacia-papalasov-pokracuje-statny-tajomnik-upratany-ako-splnomocnenec-vlady\/#article","isPartOf":{"@id":"https:\/\/www.smedemokrati.sk\/inflacia-papalasov-pokracuje-statny-tajomnik-upratany-ako-splnomocnenec-vlady\/"},"author":{"name":"miro.sopko","@id":"https:\/\/www.smedemokrati.sk\/#\/schema\/person\/21f147c88d605aa7ded900e1e7c344ba"},"headline":"Infl\u00e1cia papal\u00e1\u0161ov pokra\u010duje: \u0161t\u00e1tny tajomn\u00edk \u201eupratan\u00fd\u201c ako splnomocnenec vl\u00e1dy","datePublished":"2025-05-30T15:13:45+00:00","mainEntityOfPage":{"@id":"https:\/\/www.smedemokrati.sk\/inflacia-papalasov-pokracuje-statny-tajomnik-upratany-ako-splnomocnenec-vlady\/"},"wordCount":424,"publisher":{"@id":"https:\/\/www.smedemokrati.sk\/#organization"},"image":{"@id":"https:\/\/www.smedemokrati.sk\/inflacia-papalasov-pokracuje-statny-tajomnik-upratany-ako-splnomocnenec-vlady\/#primaryimage"},"thumbnailUrl":"https:\/\/www.smedemokrati.sk\/wp-content\/uploads\/2023\/04\/PM.jpg","articleSection":["Tla\u010dov\u00e9 spr\u00e1vy"],"inLanguage":"hu-HU"},{"@type":"WebPage","@id":"https:\/\/www.smedemokrati.sk\/inflacia-papalasov-pokracuje-statny-tajomnik-upratany-ako-splnomocnenec-vlady\/","url":"https:\/\/www.smedemokrati.sk\/inflacia-papalasov-pokracuje-statny-tajomnik-upratany-ako-splnomocnenec-vlady\/","name":"Infl\u00e1cia papal\u00e1\u0161ov pokra\u010duje: \u0161t\u00e1tny tajomn\u00edk \u201eupratan\u00fd\u201c ako splnomocnenec vl\u00e1dy","isPartOf":{"@id":"https:\/\/www.smedemokrati.sk\/#website"},"primaryImageOfPage":{"@id":"https:\/\/www.smedemokrati.sk\/inflacia-papalasov-pokracuje-statny-tajomnik-upratany-ako-splnomocnenec-vlady\/#primaryimage"},"image":{"@id":"https:\/\/www.smedemokrati.sk\/inflacia-papalasov-pokracuje-statny-tajomnik-upratany-ako-splnomocnenec-vlady\/#primaryimage"},"thumbnailUrl":"https:\/\/www.smedemokrati.sk\/wp-content\/uploads\/2023\/04\/PM.jpg","datePublished":"2025-05-30T15:13:45+00:00","breadcrumb":{"@id":"https:\/\/www.smedemokrati.sk\/inflacia-papalasov-pokracuje-statny-tajomnik-upratany-ako-splnomocnenec-vlady\/#breadcrumb"},"inLanguage":"hu-HU","potentialAction":[{"@type":"ReadAction","target":["https:\/\/www.smedemokrati.sk\/inflacia-papalasov-pokracuje-statny-tajomnik-upratany-ako-splnomocnenec-vlady\/"]}]},{"@type":"ImageObject","inLanguage":"hu-HU","@id":"https:\/\/www.smedemokrati.sk\/inflacia-papalasov-pokracuje-statny-tajomnik-upratany-ako-splnomocnenec-vlady\/#primaryimage","url":"https:\/\/www.smedemokrati.sk\/wp-content\/uploads\/2023\/04\/PM.jpg","contentUrl":"https:\/\/www.smedemokrati.sk\/wp-content\/uploads\/2023\/04\/PM.jpg","width":1520,"height":1080},{"@type":"BreadcrumbList","@id":"https:\/\/www.smedemokrati.sk\/inflacia-papalasov-pokracuje-statny-tajomnik-upratany-ako-splnomocnenec-vlady\/#breadcrumb","itemListElement":[{"@type":"ListItem","position":1,"name":"Domovsk\u00e1 str\u00e1nka","item":"https:\/\/www.smedemokrati.sk\/"},{"@type":"ListItem","position":2,"name":"Infl\u00e1cia papal\u00e1\u0161ov pokra\u010duje: \u0161t\u00e1tny tajomn\u00edk \u201eupratan\u00fd\u201c ako splnomocnenec vl\u00e1dy"}]},{"@type":"WebSite","@id":"https:\/\/www.smedemokrati.sk\/#website","url":"https:\/\/www.smedemokrati.sk\/","name":"Smedemokrati.sk","description":"Demokracia a slu\u0161nos\u0165 zv\u00ed\u0165az\u00ed","publisher":{"@id":"https:\/\/www.smedemokrati.sk\/#organization"},"potentialAction":[{"@type":"SearchAction","target":{"@type":"EntryPoint","urlTemplate":"https:\/\/www.smedemokrati.sk\/?s={search_term_string}"},"query-input":{"@type":"PropertyValueSpecification","valueRequired":true,"valueName":"search_term_string"}}],"inLanguage":"hu-HU"},{"@type":"Organization","@id":"https:\/\/www.smedemokrati.sk\/#organization","name":"Smedemokrati.sk","url":"https:\/\/www.smedemokrati.sk\/","logo":{"@type":"ImageObject","inLanguage":"hu-HU","@id":"https:\/\/www.smedemokrati.sk\/#\/schema\/logo\/image\/","url":"https:\/\/www.smedemokrati.sk\/wp-content\/uploads\/2023\/04\/ff.002.jpeg","contentUrl":"https:\/\/www.smedemokrati.sk\/wp-content\/uploads\/2023\/04\/ff.002.jpeg","width":640,"height":480,"caption":"Smedemokrati.sk"},"image":{"@id":"https:\/\/www.smedemokrati.sk\/#\/schema\/logo\/image\/"},"sameAs":["https:\/\/www.facebook.com\/smedemokrati2023"]},{"@type":"Person","@id":"https:\/\/www.smedemokrati.sk\/#\/schema\/person\/21f147c88d605aa7ded900e1e7c344ba","name":"miro.sopko","image":{"@type":"ImageObject","inLanguage":"hu-HU","@id":"https:\/\/secure.gravatar.com\/avatar\/267e4a36f704376c109afe3a78740c1f5dd8675a2180a908699e7863c9247606?s=96&d=mm&r=g","url":"https:\/\/secure.gravatar.com\/avatar\/267e4a36f704376c109afe3a78740c1f5dd8675a2180a908699e7863c9247606?s=96&d=mm&r=g","contentUrl":"https:\/\/secure.gravatar.com\/avatar\/267e4a36f704376c109afe3a78740c1f5dd8675a2180a908699e7863c9247606?s=96&d=mm&r=g","caption":"miro.sopko"},"url":"https:\/\/www.smedemokrati.sk\/hu\/author\/miro-sopko\/"}]}},"_links":{"self":[{"href":"https:\/\/www.smedemokrati.sk\/hu\/wp-json\/wp\/v2\/posts\/7395","targetHints":{"allow":["GET"]}}],"collection":[{"href":"https:\/\/www.smedemokrati.sk\/hu\/wp-json\/wp\/v2\/posts"}],"about":[{"href":"https:\/\/www.smedemokrati.sk\/hu\/wp-json\/wp\/v2\/types\/post"}],"author":[{"embeddable":true,"href":"https:\/\/www.smedemokrati.sk\/hu\/wp-json\/wp\/v2\/users\/13"}],"replies":[{"embeddable":true,"href":"https:\/\/www.smedemokrati.sk\/hu\/wp-json\/wp\/v2\/comments?post=7395"}],"version-history":[{"count":1,"href":"https:\/\/www.smedemokrati.sk\/hu\/wp-json\/wp\/v2\/posts\/7395\/revisions"}],"predecessor-version":[{"id":7396,"href":"https:\/\/www.smedemokrati.sk\/hu\/wp-json\/wp\/v2\/posts\/7395\/revisions\/7396"}],"wp:featuredmedia":[{"embeddable":true,"href":"https:\/\/www.smedemokrati.sk\/hu\/wp-json\/wp\/v2\/media\/387"}],"wp:attachment":[{"href":"https:\/\/www.smedemokrati.sk\/hu\/wp-json\/wp\/v2\/media?parent=7395"}],"wp:term":[{"taxonomy":"category","embeddable":true,"href":"https:\/\/www.smedemokrati.sk\/hu\/wp-json\/wp\/v2\/categories?post=7395"},{"taxonomy":"post_tag","embeddable":true,"href":"https:\/\/www.smedemokrati.sk\/hu\/wp-json\/wp\/v2\/tags?post=7395"}],"curies":[{"name":"wp","href":"https:\/\/api.w.org\/{rel}","templated":true}]}}