{"id":7381,"date":"2025-05-29T17:18:24","date_gmt":"2025-05-29T16:18:24","guid":{"rendered":"https:\/\/www.smedemokrati.sk\/?p=7381"},"modified":"2025-06-02T18:20:52","modified_gmt":"2025-06-02T17:20:52","slug":"kalinak-sabotuje-bezpecnost-slovenska-nesystemovou-modernizaciou-v-prospech-vybraneho-dodavatela","status":"publish","type":"post","link":"https:\/\/www.smedemokrati.sk\/hu\/kalinak-sabotuje-bezpecnost-slovenska-nesystemovou-modernizaciou-v-prospech-vybraneho-dodavatela\/","title":{"rendered":"Kali\u0148\u00e1k sabotuje bezpe\u010dnos\u0165 Slovenska nesyst\u00e9movou moderniz\u00e1ciou v prospech vybran\u00e9ho dod\u00e1vate\u013ea"},"content":{"rendered":"<div id=\"fb-root\"><\/div>\n\n<p><strong><em>\u201eStoto\u017e\u0148ujem sa s jedin\u00fdm v\u00fdrokom Roberta Fica, a to, \u017ee minister Kali\u0148\u00e1k splnil za rok a pol 75 % pl\u00e1nu \u00faradu vl\u00e1dy, ja hovor\u00edm, \u017ee \u00e1no, splnil, ale zjavne 75% pl\u00e1nu &#8222;zlodej\u00edn&#8221;,\u201c\u00a0<\/em>reaguje Jaroslav Na\u010f na dne\u0161n\u00fa n\u00e1v\u0161tevu premi\u00e9ra Fica na ministerstve obrany.<\/strong><\/p>\n\n\n\n<p>Robert Fico pod\u013ea b\u00fdval\u00e9ho ministra obrany Jaroslava Na\u010fa klamal o \u201evynikaj\u00facom\u201c person\u00e1lnom stave v rezorte a v Ozbrojen\u00fdch sil\u00e1ch SR.<em>&nbsp;\u201eZa jeden a pol roka odi\u0161lo to\u013eko odborn\u00edkov ako nikdy v hist\u00f3rii ministerstva obrany. Odi\u0161li bu\u010f preto, \u017ee boli vyhoden\u00ed, alebo preto, \u017ee nechceli participova\u0165 na t\u00fdch obludnostiach. Prvoligov\u00fdch odborn\u00edkov nahradili stran\u00edcke trafiky, ktor\u00e9 doslova nemaj\u00fa \u0161ajnu o obrane a bezpe\u010dnosti.\u201c&nbsp;<\/em>Exminister svoje tvrdenia opiera o verejne dostupn\u00e9 dokumenty.<em>&nbsp;\u201ePod\u013ea tabu\u013eky naplnenosti po\u010dtov, ktor\u00fa m\u00e1m priamo z Kali\u0148\u00e1kovho rezortu, je zrejm\u00e9, \u017ee aktu\u00e1lna naplnenos\u0165 je na \u00farovni 69%, \u010do je najhor\u0161\u00ed \u00fadaj od roku 1994. Z\u00e1rove\u0148 plat\u00ed, \u017ee za ostatn\u00e9 dva roky po\u010das p\u00f4sobenia pr\u00e1ve Kali\u0148\u00e1ka, naplnenos\u0165 rap\u00eddne klesala.\u201c<\/em><\/p>\n\n\n\n<p>Jaroslav Na\u010f z\u00e1rove\u0148 upozor\u0148uje, \u017ee Ficova vl\u00e1da s\u00edce zastavila formu pomoci Ukrajine prostredn\u00edctvom spolupr\u00e1ce medzi vl\u00e1dami, no komer\u010dn\u00e9 dod\u00e1vky pokra\u010duj\u00fa bez akejko\u013evek pridanej hodnoty pre rezort obrany.<em>&nbsp;\u201eZastavili pomoc Ukrajine, pri ktorej finan\u010dn\u00e9 n\u00e1hrady z E\u00da za poskytnut\u00fa pomoc smerovali do \u0161t\u00e1tneho rozpo\u010dtu, a z\u00e1rove\u0148 ozbrojen\u00e9 sily dostali modern\u00fa techniku, \u010di u\u017e syst\u00e9m protivzdu\u0161nej MANTIS alebo tanky Leopard 2A4 od Nemecka, ktor\u00fdmi sa Kali\u0148\u00e1k chv\u00e1lil na vojensk\u00fdch prehliadkach alebo od USA vy\u0161e 200 mil. za ktor\u00e9 sme nak\u00fapili a tento rok za\u010dn\u00fa prich\u00e1dza\u0165, \u0161pi\u010dkov\u00e9 modern\u00e9 viac\u00fa\u010delov\u00e9 taktick\u00e9 motorov\u00e9 vozidl\u00e1 OSHKOSH JLTV. Naproti tomu si \u013eudia bl\u00edzki Smeru zjavne naba\u013euj\u00fa vreck\u00e1 cez konkr\u00e9tneho zbroj\u00e1ra, \u010do neprospieva ani dom\u00e1cemu obrann\u00e9mu priemyslu, reput\u00e1ci\u00ed a ani syst\u00e9movej moderniz\u00e1cie OSSR.\u201c&nbsp;<\/em>Kritizuje tie\u017e, \u017ee Kali\u0148\u00e1k je jedin\u00fdm ministrom obrany kraj\u00edn NATO, ktor\u00fd ne\u017eiada nav\u00fd\u0161enie obrann\u00e9ho rozpo\u010dtu.<\/p>\n\n\n\n<p>Na\u010f upozor\u0148uje aj na nesyst\u00e9mov\u00fa moderniz\u00e1ciu a chaos v obstar\u00e1van\u00ed.<em>&nbsp;\u201eKali\u0148\u00e1k nem\u00e1 \u017eiadny dlhodob\u00fd pl\u00e1n moderniz\u00e1cie a ten, ktor\u00fd sme mu ponechali my, schv\u00e1len\u00fd NR SR, nedodr\u017eiava. Nakupuje od vopred dohodnut\u00e9ho dod\u00e1vate\u013ea bez riadnej s\u00fa\u0165a\u017ee, bez oh\u013eadu na to, \u010do potrebuj\u00fa vojaci a \u010do vy\u017eaduje NATO. Rezort obrany stavia nemocnice, opravuje mosty, dokonca buduje \u0161k\u00f4lky. Po\u010duli ste v\u0161ak dnes nie\u010do o rekon\u0161trukcii letiska Slia\u010d, ktor\u00fa minister s\u013euboval expresne dokon\u010di\u0165? Alebo o zn\u00e1mej budove \u2018Kukurica\u2019, kde si dal na hornom poschod\u00ed nezmyselne postavi\u0165 svoju vlastn\u00fa l\u00f3\u017eu? Priznal sa dnes Kali\u0148\u00e1k, \u017ee doslova zo d\u0148a na de\u0148 nav\u00fd\u0161il rozpo\u010det na rekon\u0161trukciu Kukurice o tretinu, a to z necel\u00fdch 40 mili\u00f3nov na vy\u0161e 60 mili\u00f3nov?\u201c<\/em><\/p>\n\n\n\n<p>Jaroslav Na\u010f v s\u00favislosti s Ficov\u00fdmi slovami o &#8222;\u0161pi\u010dkovom&#8221; izraelskom syst\u00e9me protivzdu\u0161nej obrany pripom\u00edna, \u017ee bol vys\u00fa\u0165a\u017een\u00fd za jeho p\u00f4sobenia a na Slovensko, neby\u0165 Kali\u0148\u00e1kovho politik\u00e1r\u010denia, mohol pr\u00eds\u0165 sk\u00f4r, ako je to pl\u00e1novan\u00e9:&nbsp;<em>&#8222;Kv\u00f4li Kali\u0148\u00e1kovej neschopnosti a politik\u00e1r\u010deniu, sme ako krajina pri syst\u00e9me protivzdu\u0161nej obrany stratili doslova rok. Boli sme to my, ktor\u00ed sme vys\u00fa\u0165a\u017eili izraelsk\u00fd syst\u00e9m Barak, no pri\u0161iel Kali\u0148\u00e1k a rok politik\u00e1r\u010dil aby potom nakoniec potvrdil, \u017ee Barak je \u0161pi\u010dkov\u00fd syst\u00e9m a podp\u00edsal zmluvu.&#8221;<\/em><\/p>\n\n\n\n<p>Jaroslav Na\u010f tie\u017e kritizuje, \u017ee Slovensko m\u00e1 moment\u00e1lne de facto tri \u0161t\u00e1tne letky, a to jednu, ktor\u00e1 patr\u00ed pod ozbrojen\u00e9 sily, druh\u00e1 je pod rezortom vn\u00fatra a n\u00e1kupom lietadiel, tzv. &#8222;VIP tax\u00edkov&#8221; sa roz\u0161\u00edril tento bal\u00edk letiek a vznikla nov\u00e1, ktor\u00e1 patr\u00ed priamo pod ministra obrany:&nbsp;<em>&#8222;K letke OSSR a letke vn\u00fatra pribudla VIP letka ministra obrany, ktorej lietadl\u00e1 navy\u0161e doteraz nemaj\u00fa potrebn\u00fa certifik\u00e1ciu a dokument\u00e1ciu aby mohli lieta\u0165 na Slovensku.&#8221;<\/em><\/p>\n\n\n\n<p>Monika Podhor\u00e1ny Masarikov\u00e1, b\u00fdval\u00e1 \u0161\u00e9fka kancel\u00e1rie ministra obrany, tvrd\u00ed, \u017ee Kali\u0148\u00e1k rozpustil k\u013e\u00fa\u010dov\u00e9 \u00fatvary v rezorte.<em>&nbsp;\u201ePod moj\u00edm veden\u00edm vznikol odbor, ktor\u00fd sa venoval hoaxom a dezinform\u00e1ci\u00e1m. Dnes je nefunk\u010dn\u00fd. Takisto rozpustil analytick\u00fd \u00fatvar, kde p\u00f4sobili odborn\u00edci a pripravovali strategick\u00e9 dokumenty pre cel\u00fd rezort a tie\u017e dohliadali nad hodnotou za peniaze pri moderniza\u010dn\u00fdch projektoch. Vyhodili \u0161pi\u010dkov\u00fdch odborn\u00edkov a raduj\u00fa sa z toho, \u017ee sa zbavili 10 % zamestnancov. Naproti tomu vid\u00edme, odpustite, pom\u00fdlencov typu Kol\u00e1r, ktor\u00ed stoja \u0161t\u00e1t st\u00e1tis\u00edce eur mesa\u010dne.\u201c<\/em><\/p>\n\n\n<div class=\"fb-video\" data-href=\"https:\/\/fb.watch\/zUbDLePGn1\" data-allowfullscreen=\"true\" data-autoplay=\"false\" data-width=\"\" data-show-text=\"false\" data-show-captions=\"true\"><\/div>\n","protected":false},"excerpt":{"rendered":"<p>\u201eStoto\u017e\u0148ujem sa s jedin\u00fdm v\u00fdrokom Roberta Fica, a to, \u017ee minister Kali\u0148\u00e1k splnil za rok a pol 75 % pl\u00e1nu \u00faradu vl\u00e1dy, ja hovor\u00edm, \u017ee \u00e1no, splnil, ale zjavne 75% pl\u00e1nu &#8222;zlodej\u00edn&#8221;,\u201c\u00a0reaguje Jaroslav Na\u010f na dne\u0161n\u00fa n\u00e1v\u0161tevu premi\u00e9ra Fica na ministerstve obrany. Robert Fico pod\u013ea b\u00fdval\u00e9ho ministra obrany Jaroslava Na\u010fa klamal o \u201evynikaj\u00facom\u201c person\u00e1lnom stave [&hellip;]<\/p>\n","protected":false},"author":13,"featured_media":7436,"comment_status":"closed","ping_status":"closed","sticky":false,"template":"","format":"standard","meta":{"_acf_changed":false,"ngg_post_thumbnail":0,"footnotes":""},"categories":[4],"tags":[],"class_list":["post-7381","post","type-post","status-publish","format-standard","has-post-thumbnail","hentry","category-tlacove-spravy"],"acf":[],"yoast_head":"<!-- This site is optimized with the Yoast SEO plugin v27.2 - https:\/\/yoast.com\/product\/yoast-seo-wordpress\/ -->\n<title>Kali\u0148\u00e1k sabotuje bezpe\u010dnos\u0165 Slovenska nesyst\u00e9movou moderniz\u00e1ciou v prospech vybran\u00e9ho dod\u00e1vate\u013ea<\/title>\n<meta name=\"robots\" content=\"index, follow, max-snippet:-1, max-image-preview:large, max-video-preview:-1\" \/>\n<link rel=\"canonical\" href=\"https:\/\/www.smedemokrati.sk\/hu\/kalinak-sabotuje-bezpecnost-slovenska-nesystemovou-modernizaciou-v-prospech-vybraneho-dodavatela\/\" \/>\n<meta property=\"og:locale\" content=\"hu_HU\" \/>\n<meta property=\"og:locale:alternate\" content=\"en_US\" \/>\n<meta property=\"og:locale:alternate\" content=\"cs_CZ\" \/>\n<meta property=\"og:locale:alternate\" content=\"sk_SK\" \/>\n<meta property=\"og:locale:alternate\" content=\"sv_SE\" \/>\n<meta property=\"og:type\" content=\"article\" \/>\n<meta property=\"og:title\" content=\"Kali\u0148\u00e1k sabotuje bezpe\u010dnos\u0165 Slovenska nesyst\u00e9movou moderniz\u00e1ciou v prospech vybran\u00e9ho dod\u00e1vate\u013ea\" \/>\n<meta property=\"og:description\" content=\"\u201eStoto\u017e\u0148ujem sa s jedin\u00fdm v\u00fdrokom Roberta Fica, a to, \u017ee minister Kali\u0148\u00e1k splnil za rok a pol 75 % pl\u00e1nu \u00faradu vl\u00e1dy, ja hovor\u00edm, \u017ee \u00e1no, splnil, ale zjavne 75% pl\u00e1nu &#8222;zlodej\u00edn&#8221;,\u201c\u00a0reaguje Jaroslav Na\u010f na dne\u0161n\u00fa n\u00e1v\u0161tevu premi\u00e9ra Fica na ministerstve obrany. Robert Fico pod\u013ea b\u00fdval\u00e9ho ministra obrany Jaroslava Na\u010fa klamal o \u201evynikaj\u00facom\u201c person\u00e1lnom stave [&hellip;]\" \/>\n<meta property=\"og:url\" content=\"https:\/\/www.smedemokrati.sk\/hu\/kalinak-sabotuje-bezpecnost-slovenska-nesystemovou-modernizaciou-v-prospech-vybraneho-dodavatela\/\" \/>\n<meta property=\"og:site_name\" content=\"Smedemokrati.sk\" \/>\n<meta property=\"article:publisher\" content=\"https:\/\/www.facebook.com\/smedemokrati2023\" \/>\n<meta property=\"article:published_time\" content=\"2025-05-29T16:18:24+00:00\" \/>\n<meta property=\"article:modified_time\" content=\"2025-06-02T17:20:52+00:00\" \/>\n<meta property=\"og:image\" content=\"https:\/\/www.smedemokrati.sk\/wp-content\/uploads\/2025\/05\/expert-kalinak.jpg\" \/>\n\t<meta property=\"og:image:width\" content=\"1812\" \/>\n\t<meta property=\"og:image:height\" content=\"938\" \/>\n\t<meta property=\"og:image:type\" content=\"image\/jpeg\" \/>\n<meta name=\"author\" content=\"miro.sopko\" \/>\n<meta name=\"twitter:card\" content=\"summary_large_image\" \/>\n<meta name=\"twitter:label1\" content=\"Szerz\u0151:\" \/>\n\t<meta name=\"twitter:data1\" content=\"miro.sopko\" \/>\n\t<meta name=\"twitter:label2\" content=\"Becs\u00fclt olvas\u00e1si id\u0151\" \/>\n\t<meta name=\"twitter:data2\" content=\"4 perc\" \/>\n<script type=\"application\/ld+json\" class=\"yoast-schema-graph\">{\"@context\":\"https:\/\/schema.org\",\"@graph\":[{\"@type\":\"Article\",\"@id\":\"https:\/\/www.smedemokrati.sk\/kalinak-sabotuje-bezpecnost-slovenska-nesystemovou-modernizaciou-v-prospech-vybraneho-dodavatela\/#article\",\"isPartOf\":{\"@id\":\"https:\/\/www.smedemokrati.sk\/kalinak-sabotuje-bezpecnost-slovenska-nesystemovou-modernizaciou-v-prospech-vybraneho-dodavatela\/\"},\"author\":{\"name\":\"miro.sopko\",\"@id\":\"https:\/\/www.smedemokrati.sk\/#\/schema\/person\/21f147c88d605aa7ded900e1e7c344ba\"},\"headline\":\"Kali\u0148\u00e1k sabotuje bezpe\u010dnos\u0165 Slovenska nesyst\u00e9movou moderniz\u00e1ciou v prospech vybran\u00e9ho dod\u00e1vate\u013ea\",\"datePublished\":\"2025-05-29T16:18:24+00:00\",\"dateModified\":\"2025-06-02T17:20:52+00:00\",\"mainEntityOfPage\":{\"@id\":\"https:\/\/www.smedemokrati.sk\/kalinak-sabotuje-bezpecnost-slovenska-nesystemovou-modernizaciou-v-prospech-vybraneho-dodavatela\/\"},\"wordCount\":835,\"publisher\":{\"@id\":\"https:\/\/www.smedemokrati.sk\/#organization\"},\"image\":{\"@id\":\"https:\/\/www.smedemokrati.sk\/kalinak-sabotuje-bezpecnost-slovenska-nesystemovou-modernizaciou-v-prospech-vybraneho-dodavatela\/#primaryimage\"},\"thumbnailUrl\":\"https:\/\/www.smedemokrati.sk\/wp-content\/uploads\/2025\/05\/expert-kalinak.jpg\",\"articleSection\":[\"Tla\u010dov\u00e9 spr\u00e1vy\"],\"inLanguage\":\"hu-HU\"},{\"@type\":\"WebPage\",\"@id\":\"https:\/\/www.smedemokrati.sk\/kalinak-sabotuje-bezpecnost-slovenska-nesystemovou-modernizaciou-v-prospech-vybraneho-dodavatela\/\",\"url\":\"https:\/\/www.smedemokrati.sk\/kalinak-sabotuje-bezpecnost-slovenska-nesystemovou-modernizaciou-v-prospech-vybraneho-dodavatela\/\",\"name\":\"Kali\u0148\u00e1k sabotuje bezpe\u010dnos\u0165 Slovenska nesyst\u00e9movou moderniz\u00e1ciou v prospech vybran\u00e9ho dod\u00e1vate\u013ea\",\"isPartOf\":{\"@id\":\"https:\/\/www.smedemokrati.sk\/#website\"},\"primaryImageOfPage\":{\"@id\":\"https:\/\/www.smedemokrati.sk\/kalinak-sabotuje-bezpecnost-slovenska-nesystemovou-modernizaciou-v-prospech-vybraneho-dodavatela\/#primaryimage\"},\"image\":{\"@id\":\"https:\/\/www.smedemokrati.sk\/kalinak-sabotuje-bezpecnost-slovenska-nesystemovou-modernizaciou-v-prospech-vybraneho-dodavatela\/#primaryimage\"},\"thumbnailUrl\":\"https:\/\/www.smedemokrati.sk\/wp-content\/uploads\/2025\/05\/expert-kalinak.jpg\",\"datePublished\":\"2025-05-29T16:18:24+00:00\",\"dateModified\":\"2025-06-02T17:20:52+00:00\",\"breadcrumb\":{\"@id\":\"https:\/\/www.smedemokrati.sk\/kalinak-sabotuje-bezpecnost-slovenska-nesystemovou-modernizaciou-v-prospech-vybraneho-dodavatela\/#breadcrumb\"},\"inLanguage\":\"hu-HU\",\"potentialAction\":[{\"@type\":\"ReadAction\",\"target\":[\"https:\/\/www.smedemokrati.sk\/kalinak-sabotuje-bezpecnost-slovenska-nesystemovou-modernizaciou-v-prospech-vybraneho-dodavatela\/\"]}]},{\"@type\":\"ImageObject\",\"inLanguage\":\"hu-HU\",\"@id\":\"https:\/\/www.smedemokrati.sk\/kalinak-sabotuje-bezpecnost-slovenska-nesystemovou-modernizaciou-v-prospech-vybraneho-dodavatela\/#primaryimage\",\"url\":\"https:\/\/www.smedemokrati.sk\/wp-content\/uploads\/2025\/05\/expert-kalinak.jpg\",\"contentUrl\":\"https:\/\/www.smedemokrati.sk\/wp-content\/uploads\/2025\/05\/expert-kalinak.jpg\",\"width\":1812,\"height\":938},{\"@type\":\"BreadcrumbList\",\"@id\":\"https:\/\/www.smedemokrati.sk\/kalinak-sabotuje-bezpecnost-slovenska-nesystemovou-modernizaciou-v-prospech-vybraneho-dodavatela\/#breadcrumb\",\"itemListElement\":[{\"@type\":\"ListItem\",\"position\":1,\"name\":\"Domovsk\u00e1 str\u00e1nka\",\"item\":\"https:\/\/www.smedemokrati.sk\/\"},{\"@type\":\"ListItem\",\"position\":2,\"name\":\"Kali\u0148\u00e1k sabotuje bezpe\u010dnos\u0165 Slovenska nesyst\u00e9movou moderniz\u00e1ciou v prospech vybran\u00e9ho dod\u00e1vate\u013ea\"}]},{\"@type\":\"WebSite\",\"@id\":\"https:\/\/www.smedemokrati.sk\/#website\",\"url\":\"https:\/\/www.smedemokrati.sk\/\",\"name\":\"Smedemokrati.sk\",\"description\":\"Demokracia a slu\u0161nos\u0165 zv\u00ed\u0165az\u00ed\",\"publisher\":{\"@id\":\"https:\/\/www.smedemokrati.sk\/#organization\"},\"potentialAction\":[{\"@type\":\"SearchAction\",\"target\":{\"@type\":\"EntryPoint\",\"urlTemplate\":\"https:\/\/www.smedemokrati.sk\/?s={search_term_string}\"},\"query-input\":{\"@type\":\"PropertyValueSpecification\",\"valueRequired\":true,\"valueName\":\"search_term_string\"}}],\"inLanguage\":\"hu-HU\"},{\"@type\":\"Organization\",\"@id\":\"https:\/\/www.smedemokrati.sk\/#organization\",\"name\":\"Smedemokrati.sk\",\"url\":\"https:\/\/www.smedemokrati.sk\/\",\"logo\":{\"@type\":\"ImageObject\",\"inLanguage\":\"hu-HU\",\"@id\":\"https:\/\/www.smedemokrati.sk\/#\/schema\/logo\/image\/\",\"url\":\"https:\/\/www.smedemokrati.sk\/wp-content\/uploads\/2023\/04\/ff.002.jpeg\",\"contentUrl\":\"https:\/\/www.smedemokrati.sk\/wp-content\/uploads\/2023\/04\/ff.002.jpeg\",\"width\":640,\"height\":480,\"caption\":\"Smedemokrati.sk\"},\"image\":{\"@id\":\"https:\/\/www.smedemokrati.sk\/#\/schema\/logo\/image\/\"},\"sameAs\":[\"https:\/\/www.facebook.com\/smedemokrati2023\"]},{\"@type\":\"Person\",\"@id\":\"https:\/\/www.smedemokrati.sk\/#\/schema\/person\/21f147c88d605aa7ded900e1e7c344ba\",\"name\":\"miro.sopko\",\"image\":{\"@type\":\"ImageObject\",\"inLanguage\":\"hu-HU\",\"@id\":\"https:\/\/secure.gravatar.com\/avatar\/267e4a36f704376c109afe3a78740c1f5dd8675a2180a908699e7863c9247606?s=96&d=mm&r=g\",\"url\":\"https:\/\/secure.gravatar.com\/avatar\/267e4a36f704376c109afe3a78740c1f5dd8675a2180a908699e7863c9247606?s=96&d=mm&r=g\",\"contentUrl\":\"https:\/\/secure.gravatar.com\/avatar\/267e4a36f704376c109afe3a78740c1f5dd8675a2180a908699e7863c9247606?s=96&d=mm&r=g\",\"caption\":\"miro.sopko\"},\"url\":\"https:\/\/www.smedemokrati.sk\/hu\/author\/miro-sopko\/\"}]}<\/script>\n<!-- \/ Yoast SEO plugin. -->","yoast_head_json":{"title":"Kali\u0148\u00e1k sabotuje bezpe\u010dnos\u0165 Slovenska nesyst\u00e9movou moderniz\u00e1ciou v prospech vybran\u00e9ho dod\u00e1vate\u013ea","robots":{"index":"index","follow":"follow","max-snippet":"max-snippet:-1","max-image-preview":"max-image-preview:large","max-video-preview":"max-video-preview:-1"},"canonical":"https:\/\/www.smedemokrati.sk\/hu\/kalinak-sabotuje-bezpecnost-slovenska-nesystemovou-modernizaciou-v-prospech-vybraneho-dodavatela\/","og_locale":"hu_HU","og_type":"article","og_title":"[:sk]Kali\u0148\u00e1k sabotuje bezpe\u010dnos\u0165 Slovenska nesyst\u00e9movou moderniz\u00e1ciou v prospech vybran\u00e9ho dod\u00e1vate\u013ea[:] - Smedemokrati.sk","og_description":"\u201eStoto\u017e\u0148ujem sa s jedin\u00fdm v\u00fdrokom Roberta Fica, a to, \u017ee minister Kali\u0148\u00e1k splnil za rok a pol 75 % pl\u00e1nu \u00faradu vl\u00e1dy, ja hovor\u00edm, \u017ee \u00e1no, splnil, ale zjavne 75% pl\u00e1nu &#8222;zlodej\u00edn&#8221;,\u201c\u00a0reaguje Jaroslav Na\u010f na dne\u0161n\u00fa n\u00e1v\u0161tevu premi\u00e9ra Fica na ministerstve obrany. Robert Fico pod\u013ea b\u00fdval\u00e9ho ministra obrany Jaroslava Na\u010fa klamal o \u201evynikaj\u00facom\u201c person\u00e1lnom stave [&hellip;]","og_url":"https:\/\/www.smedemokrati.sk\/hu\/kalinak-sabotuje-bezpecnost-slovenska-nesystemovou-modernizaciou-v-prospech-vybraneho-dodavatela\/","og_site_name":"Smedemokrati.sk","article_publisher":"https:\/\/www.facebook.com\/smedemokrati2023","article_published_time":"2025-05-29T16:18:24+00:00","article_modified_time":"2025-06-02T17:20:52+00:00","og_image":[{"width":1812,"height":938,"url":"https:\/\/www.smedemokrati.sk\/wp-content\/uploads\/2025\/05\/expert-kalinak.jpg","type":"image\/jpeg"}],"author":"miro.sopko","twitter_card":"summary_large_image","twitter_misc":{"Szerz\u0151:":"miro.sopko","Becs\u00fclt olvas\u00e1si id\u0151":"4 perc"},"schema":{"@context":"https:\/\/schema.org","@graph":[{"@type":"Article","@id":"https:\/\/www.smedemokrati.sk\/kalinak-sabotuje-bezpecnost-slovenska-nesystemovou-modernizaciou-v-prospech-vybraneho-dodavatela\/#article","isPartOf":{"@id":"https:\/\/www.smedemokrati.sk\/kalinak-sabotuje-bezpecnost-slovenska-nesystemovou-modernizaciou-v-prospech-vybraneho-dodavatela\/"},"author":{"name":"miro.sopko","@id":"https:\/\/www.smedemokrati.sk\/#\/schema\/person\/21f147c88d605aa7ded900e1e7c344ba"},"headline":"Kali\u0148\u00e1k sabotuje bezpe\u010dnos\u0165 Slovenska nesyst\u00e9movou moderniz\u00e1ciou v prospech vybran\u00e9ho dod\u00e1vate\u013ea","datePublished":"2025-05-29T16:18:24+00:00","dateModified":"2025-06-02T17:20:52+00:00","mainEntityOfPage":{"@id":"https:\/\/www.smedemokrati.sk\/kalinak-sabotuje-bezpecnost-slovenska-nesystemovou-modernizaciou-v-prospech-vybraneho-dodavatela\/"},"wordCount":835,"publisher":{"@id":"https:\/\/www.smedemokrati.sk\/#organization"},"image":{"@id":"https:\/\/www.smedemokrati.sk\/kalinak-sabotuje-bezpecnost-slovenska-nesystemovou-modernizaciou-v-prospech-vybraneho-dodavatela\/#primaryimage"},"thumbnailUrl":"https:\/\/www.smedemokrati.sk\/wp-content\/uploads\/2025\/05\/expert-kalinak.jpg","articleSection":["Tla\u010dov\u00e9 spr\u00e1vy"],"inLanguage":"hu-HU"},{"@type":"WebPage","@id":"https:\/\/www.smedemokrati.sk\/kalinak-sabotuje-bezpecnost-slovenska-nesystemovou-modernizaciou-v-prospech-vybraneho-dodavatela\/","url":"https:\/\/www.smedemokrati.sk\/kalinak-sabotuje-bezpecnost-slovenska-nesystemovou-modernizaciou-v-prospech-vybraneho-dodavatela\/","name":"Kali\u0148\u00e1k sabotuje bezpe\u010dnos\u0165 Slovenska nesyst\u00e9movou moderniz\u00e1ciou v prospech vybran\u00e9ho dod\u00e1vate\u013ea","isPartOf":{"@id":"https:\/\/www.smedemokrati.sk\/#website"},"primaryImageOfPage":{"@id":"https:\/\/www.smedemokrati.sk\/kalinak-sabotuje-bezpecnost-slovenska-nesystemovou-modernizaciou-v-prospech-vybraneho-dodavatela\/#primaryimage"},"image":{"@id":"https:\/\/www.smedemokrati.sk\/kalinak-sabotuje-bezpecnost-slovenska-nesystemovou-modernizaciou-v-prospech-vybraneho-dodavatela\/#primaryimage"},"thumbnailUrl":"https:\/\/www.smedemokrati.sk\/wp-content\/uploads\/2025\/05\/expert-kalinak.jpg","datePublished":"2025-05-29T16:18:24+00:00","dateModified":"2025-06-02T17:20:52+00:00","breadcrumb":{"@id":"https:\/\/www.smedemokrati.sk\/kalinak-sabotuje-bezpecnost-slovenska-nesystemovou-modernizaciou-v-prospech-vybraneho-dodavatela\/#breadcrumb"},"inLanguage":"hu-HU","potentialAction":[{"@type":"ReadAction","target":["https:\/\/www.smedemokrati.sk\/kalinak-sabotuje-bezpecnost-slovenska-nesystemovou-modernizaciou-v-prospech-vybraneho-dodavatela\/"]}]},{"@type":"ImageObject","inLanguage":"hu-HU","@id":"https:\/\/www.smedemokrati.sk\/kalinak-sabotuje-bezpecnost-slovenska-nesystemovou-modernizaciou-v-prospech-vybraneho-dodavatela\/#primaryimage","url":"https:\/\/www.smedemokrati.sk\/wp-content\/uploads\/2025\/05\/expert-kalinak.jpg","contentUrl":"https:\/\/www.smedemokrati.sk\/wp-content\/uploads\/2025\/05\/expert-kalinak.jpg","width":1812,"height":938},{"@type":"BreadcrumbList","@id":"https:\/\/www.smedemokrati.sk\/kalinak-sabotuje-bezpecnost-slovenska-nesystemovou-modernizaciou-v-prospech-vybraneho-dodavatela\/#breadcrumb","itemListElement":[{"@type":"ListItem","position":1,"name":"Domovsk\u00e1 str\u00e1nka","item":"https:\/\/www.smedemokrati.sk\/"},{"@type":"ListItem","position":2,"name":"Kali\u0148\u00e1k sabotuje bezpe\u010dnos\u0165 Slovenska nesyst\u00e9movou moderniz\u00e1ciou v prospech vybran\u00e9ho dod\u00e1vate\u013ea"}]},{"@type":"WebSite","@id":"https:\/\/www.smedemokrati.sk\/#website","url":"https:\/\/www.smedemokrati.sk\/","name":"Smedemokrati.sk","description":"Demokracia a slu\u0161nos\u0165 zv\u00ed\u0165az\u00ed","publisher":{"@id":"https:\/\/www.smedemokrati.sk\/#organization"},"potentialAction":[{"@type":"SearchAction","target":{"@type":"EntryPoint","urlTemplate":"https:\/\/www.smedemokrati.sk\/?s={search_term_string}"},"query-input":{"@type":"PropertyValueSpecification","valueRequired":true,"valueName":"search_term_string"}}],"inLanguage":"hu-HU"},{"@type":"Organization","@id":"https:\/\/www.smedemokrati.sk\/#organization","name":"Smedemokrati.sk","url":"https:\/\/www.smedemokrati.sk\/","logo":{"@type":"ImageObject","inLanguage":"hu-HU","@id":"https:\/\/www.smedemokrati.sk\/#\/schema\/logo\/image\/","url":"https:\/\/www.smedemokrati.sk\/wp-content\/uploads\/2023\/04\/ff.002.jpeg","contentUrl":"https:\/\/www.smedemokrati.sk\/wp-content\/uploads\/2023\/04\/ff.002.jpeg","width":640,"height":480,"caption":"Smedemokrati.sk"},"image":{"@id":"https:\/\/www.smedemokrati.sk\/#\/schema\/logo\/image\/"},"sameAs":["https:\/\/www.facebook.com\/smedemokrati2023"]},{"@type":"Person","@id":"https:\/\/www.smedemokrati.sk\/#\/schema\/person\/21f147c88d605aa7ded900e1e7c344ba","name":"miro.sopko","image":{"@type":"ImageObject","inLanguage":"hu-HU","@id":"https:\/\/secure.gravatar.com\/avatar\/267e4a36f704376c109afe3a78740c1f5dd8675a2180a908699e7863c9247606?s=96&d=mm&r=g","url":"https:\/\/secure.gravatar.com\/avatar\/267e4a36f704376c109afe3a78740c1f5dd8675a2180a908699e7863c9247606?s=96&d=mm&r=g","contentUrl":"https:\/\/secure.gravatar.com\/avatar\/267e4a36f704376c109afe3a78740c1f5dd8675a2180a908699e7863c9247606?s=96&d=mm&r=g","caption":"miro.sopko"},"url":"https:\/\/www.smedemokrati.sk\/hu\/author\/miro-sopko\/"}]}},"_links":{"self":[{"href":"https:\/\/www.smedemokrati.sk\/hu\/wp-json\/wp\/v2\/posts\/7381","targetHints":{"allow":["GET"]}}],"collection":[{"href":"https:\/\/www.smedemokrati.sk\/hu\/wp-json\/wp\/v2\/posts"}],"about":[{"href":"https:\/\/www.smedemokrati.sk\/hu\/wp-json\/wp\/v2\/types\/post"}],"author":[{"embeddable":true,"href":"https:\/\/www.smedemokrati.sk\/hu\/wp-json\/wp\/v2\/users\/13"}],"replies":[{"embeddable":true,"href":"https:\/\/www.smedemokrati.sk\/hu\/wp-json\/wp\/v2\/comments?post=7381"}],"version-history":[{"count":1,"href":"https:\/\/www.smedemokrati.sk\/hu\/wp-json\/wp\/v2\/posts\/7381\/revisions"}],"predecessor-version":[{"id":7383,"href":"https:\/\/www.smedemokrati.sk\/hu\/wp-json\/wp\/v2\/posts\/7381\/revisions\/7383"}],"wp:featuredmedia":[{"embeddable":true,"href":"https:\/\/www.smedemokrati.sk\/hu\/wp-json\/wp\/v2\/media\/7436"}],"wp:attachment":[{"href":"https:\/\/www.smedemokrati.sk\/hu\/wp-json\/wp\/v2\/media?parent=7381"}],"wp:term":[{"taxonomy":"category","embeddable":true,"href":"https:\/\/www.smedemokrati.sk\/hu\/wp-json\/wp\/v2\/categories?post=7381"},{"taxonomy":"post_tag","embeddable":true,"href":"https:\/\/www.smedemokrati.sk\/hu\/wp-json\/wp\/v2\/tags?post=7381"}],"curies":[{"name":"wp","href":"https:\/\/api.w.org\/{rel}","templated":true}]}}