{"id":7356,"date":"2025-05-29T12:03:00","date_gmt":"2025-05-29T11:03:00","guid":{"rendered":"https:\/\/www.smedemokrati.sk\/?p=7356"},"modified":"2025-05-29T12:04:22","modified_gmt":"2025-05-29T11:04:22","slug":"prokuratura-prikazala-dalej-vysetrovat-sutajov-vylet-na-f1-do-abu-dhabi","status":"publish","type":"post","link":"https:\/\/www.smedemokrati.sk\/hu\/prokuratura-prikazala-dalej-vysetrovat-sutajov-vylet-na-f1-do-abu-dhabi\/","title":{"rendered":"Prokurat\u00fara prik\u00e1zala \u010falej vy\u0161etrova\u0165 \u0160utajov v\u00fdlet na F1 do Ab\u00fa Dhabi"},"content":{"rendered":"<div id=\"fb-root\"><\/div>\n\n<p><strong>Krajsk\u00e1 prokurat\u00fara v&nbsp;Bratislave zru\u0161ila rozhodnutie policajn\u00e9ho vy\u0161etrovate\u013ea, ktor\u00fdm odmietol trestn\u00e9 ozn\u00e1menia na \u0160utaja E\u0161toka za jeho cestu do na preteky F1 do Ab\u00fa Dhabi a&nbsp;prik\u00e1zala vy\u0161etrova\u0165 \u010falej. \u0160utaj E\u0161tok sa vo svojej v\u00fdpovedi zamot\u00e1va do rozpr\u00e1vok, ktor\u00e9 logicky nesedia a&nbsp;prokurat\u00fara to nemohla ignorova\u0165. Ot\u00e1zka v\u0161ak zost\u00e1va, kto platil \u0160utajovcom luxusn\u00fd v\u00fdlet.<\/strong><\/p>\n\n\n\n<p><em>\u201eMinister vn\u00fatra Mat\u00fa\u0161 \u0160utaj E\u0161tok rozhoduje o&nbsp;rozpo\u010dte takmer 2 mld. eur preto je d\u00f4le\u017eit\u00e9, aby neboli \u017eiadne pochybnosti o&nbsp;transparentnosti tohto rozhodovania. \u017dia\u013e z&nbsp;jeho doteraj\u0161ej \u010dinnosti sa pochybnosti objavuj\u00fa pravidelne. Nielen pri tendroch napr\u00edklad na hasi\u010dsk\u00fa techniku alebo oble\u010denie, ale i&nbsp;pri jeho majetkov\u00fdch pomeroch (luxusn\u00e9 hodinky). Tieto pochybnosti vzbudzuje aj jeho cesta do preteky F1 do Ab\u00fa Dhabi v&nbsp;decembri 2024. Pod\u013ea predbe\u017en\u00fdch odhadov n\u00e1klady na tak\u00fato cestu m\u00f4\u017eu pokojne dosiahnu\u0165 30&nbsp;000 eur. Preto sme sa obr\u00e1tili na O\u010cTK, aby preverila tento v\u00fdlet a&nbsp;najm\u00e4 zistila kto ho platil a&nbsp;\u010do za to mohol od ministra chcie\u0165.\u201c<\/em>&nbsp;hovor\u00ed Juraj \u0160eliga, podpredseda strany Demokrati<\/p>\n\n\n\n<p><em>\u201eMinister vn\u00fatra sa v\u0161ak pri vysvet\u013eovan\u00ed svojej cesty poriadne zamotal a&nbsp;aj to ukazuje, \u017ee na\u0161e podozrenia, \u017ee si neplatil cestu s\u00e1m s\u00fa d\u00f4vodn\u00e9. Najprv povedal, \u017ee si cestu platil s\u00e1m, z\u00e1rove\u0148 si ale vraj nepam\u00e4t\u00e1 ko\u013eko st\u00e1li letenky z&nbsp;Viedne a&nbsp;z&nbsp;ktor\u00e9ho \u00fa\u010dtu, ale vie \u017ee to bol biznis class. Hotel v&nbsp;Ab\u00fa Dhabi platili v&nbsp;hotovosti, ko\u013eko st\u00e1l si samozrejme nepam\u00e4t\u00e1 a&nbsp;ani doklad nena\u0161iel. Vie, \u017ee hotel bol pri mori. Rovnako \u0160utaj tvrd\u00ed, \u017ee do Ab\u00fa Dhabi i\u0161iel s\u00fakromne, zhodou okolnosti v&nbsp;\u010dase, ke\u010f tam boli preteky F1. A&nbsp;na preteky ho pozval riadite\u013e FIA, ale prim\u00e1rny d\u00f4vod cesty do Ab\u00fa Dhabi neboli preteky, no ke\u010f im dali vstupky do VIP, tak u\u017e boli aj s&nbsp;partnerkou na pretekoch. On tam aj vraj rokoval o&nbsp;kyberbezpe\u010dnosti pilotov F1, ale ofici\u00e1lny z\u00e1znam nepredlo\u017eil. Napriek tomu, \u017ee v\u0161etko si mali plati\u0165 zo svojich \u00fa\u010dtov, predlo\u017eil fakt\u00faru na 6200 eur za \u201eslu\u017eby\u201c v&nbsp;Ab\u00fa Dhabi, pri\u010dom nikto nerozumie, \u010do to tie slu\u017eby boli.\u201c<\/em>&nbsp;Vysvet\u013euje z&nbsp;rozhodnutia pol\u00edcie a&nbsp;prokurat\u00fary Juraj \u0160eliga.<\/p>\n\n\n\n<p><em>\u201ePolicajti si nepochopite\u013ene nevyp\u00fdtali v\u00fdpis z\u00a0\u00fa\u010dtu \u0160utaja E\u0161toka a\u00a0jeho partnerky. To by \u013eahko preuk\u00e1zalo v\u0161etko, no im sta\u010dili \u0160utajove tvrdenia v\u00a0\u0161t\u00fdle &#8222;nepam\u00e4t\u00e1m si, mysl\u00edm si&#8221;. To, \u017ee \u0160utaj E\u0161tok nepredlo\u017eil doklady ukazuje, \u017ee m\u00e1 probl\u00e9m vysvetli\u0165, kto v\u00a0skuto\u010dnosti platil cel\u00fa cestu. Je to naozaj jednoduch\u00e9, zrejme v\u0161ak nie pre ministra \u0160utaja E\u0161toka. Be\u017en\u00fd \u010dlovek vie, kedy a\u00a0za \u010do plat\u00ed tis\u00edce eur a\u00a0vie to preuk\u00e1za\u0165. Minister vn\u00fatra v\u0161ak \u010falej potvrdzuje, \u017ee nevie d\u00f4veryhodne vysvetli\u0165 svoje majetkov\u00e9 pomery a\u00a0n\u00e1klady na svoj \u017eivot. Mat\u00fa\u0161 \u0160utaj E\u0161tok je nesp\u00f4sobil\u00fd vykon\u00e1va\u0165 funkciu ministra vn\u00fatra a\u00a0v\u00a0z\u00e1ujme Slovenska by mal od\u00eds\u0165. Chcem veri\u0165, \u017ee prokurat\u00fara a\u00a0pol\u00edcia sa nepoddaj\u00fa tlakom, ktor\u00e9 s\u00fa na nich vyv\u00edjan\u00e9 a\u00a0cestu do Ab\u00fa Dhabi, ktor\u00fa \u0160utaj E\u0161tok nevie vysvetli\u0165 riadne vy\u0161etria. Ak niekto z\u00a0finan\u010dn\u00fdch skup\u00edn plat\u00ed cesty \u0160utaja E\u0161toka, to by bol ve\u013ek\u00fd probl\u00e9m pre fungovanie a\u00a0transparentnos\u0165 ministerstva vn\u00fatra.\u201c<\/em>\u00a0uzatv\u00e1ra Juraj \u0160eliga.\u00a0<\/p>\n\n\n<div class=\"fb-post\" data-href=\"https:\/\/www.facebook.com\/share\/15LpMUtYTE\/?mibextid=wwXIfr\" data-width=\"500\" data-show-text=\"false\"><\/div>\n\n\n\n<div data-wp-interactive=\"core\/file\" class=\"wp-block-file\"><object data-wp-bind--hidden=\"!state.hasPdfPreview\" hidden class=\"wp-block-file__embed\" data=\"https:\/\/www.smedemokrati.sk\/wp-content\/uploads\/2025\/05\/Uznesenie_Estok_F1.pdf\" type=\"application\/pdf\" style=\"width:100%;height:600px\" aria-label=\"Uznesenie_Es\u030ctok_F1 be\u00e1gyaz\u00e1sa\"><\/object><a id=\"wp-block-file--media-31bc08f3-2d91-4c36-903b-3986c5b308b1\" href=\"https:\/\/www.smedemokrati.sk\/wp-content\/uploads\/2025\/05\/Uznesenie_Estok_F1.pdf\">Uznesenie_Es\u030ctok_F1<\/a><a href=\"https:\/\/www.smedemokrati.sk\/wp-content\/uploads\/2025\/05\/Uznesenie_Estok_F1.pdf\" class=\"wp-block-file__button wp-element-button\" download aria-describedby=\"wp-block-file--media-31bc08f3-2d91-4c36-903b-3986c5b308b1\">Stiahnu\u0165<\/a><\/div>\n","protected":false},"excerpt":{"rendered":"<p>Krajsk\u00e1 prokurat\u00fara v&nbsp;Bratislave zru\u0161ila rozhodnutie policajn\u00e9ho vy\u0161etrovate\u013ea, ktor\u00fdm odmietol trestn\u00e9 ozn\u00e1menia na \u0160utaja E\u0161toka za jeho cestu do na preteky F1 do Ab\u00fa Dhabi a&nbsp;prik\u00e1zala vy\u0161etrova\u0165 \u010falej. \u0160utaj E\u0161tok sa vo svojej v\u00fdpovedi zamot\u00e1va do rozpr\u00e1vok, ktor\u00e9 logicky nesedia a&nbsp;prokurat\u00fara to nemohla ignorova\u0165. Ot\u00e1zka v\u0161ak zost\u00e1va, kto platil \u0160utajovcom luxusn\u00fd v\u00fdlet. \u201eMinister vn\u00fatra Mat\u00fa\u0161 \u0160utaj [&hellip;]<\/p>\n","protected":false},"author":13,"featured_media":7358,"comment_status":"closed","ping_status":"closed","sticky":false,"template":"","format":"standard","meta":{"_acf_changed":false,"ngg_post_thumbnail":0,"footnotes":""},"categories":[4],"tags":[],"class_list":["post-7356","post","type-post","status-publish","format-standard","has-post-thumbnail","hentry","category-tlacove-spravy"],"acf":[],"yoast_head":"<!-- This site is optimized with the Yoast SEO plugin v27.2 - https:\/\/yoast.com\/product\/yoast-seo-wordpress\/ -->\n<title>Prokurat\u00fara prik\u00e1zala \u010falej vy\u0161etrova\u0165 \u0160utajov v\u00fdlet na F1 do Ab\u00fa Dhabi<\/title>\n<meta name=\"robots\" content=\"index, follow, max-snippet:-1, max-image-preview:large, max-video-preview:-1\" \/>\n<link rel=\"canonical\" href=\"https:\/\/www.smedemokrati.sk\/hu\/prokuratura-prikazala-dalej-vysetrovat-sutajov-vylet-na-f1-do-abu-dhabi\/\" \/>\n<meta property=\"og:locale\" content=\"hu_HU\" \/>\n<meta property=\"og:locale:alternate\" content=\"en_US\" \/>\n<meta property=\"og:locale:alternate\" content=\"cs_CZ\" \/>\n<meta property=\"og:locale:alternate\" content=\"sk_SK\" \/>\n<meta property=\"og:locale:alternate\" content=\"sv_SE\" \/>\n<meta property=\"og:type\" content=\"article\" \/>\n<meta property=\"og:title\" content=\"Prokurat\u00fara prik\u00e1zala \u010falej vy\u0161etrova\u0165 \u0160utajov v\u00fdlet na F1 do Ab\u00fa Dhabi\" \/>\n<meta property=\"og:description\" content=\"Krajsk\u00e1 prokurat\u00fara v&nbsp;Bratislave zru\u0161ila rozhodnutie policajn\u00e9ho vy\u0161etrovate\u013ea, ktor\u00fdm odmietol trestn\u00e9 ozn\u00e1menia na \u0160utaja E\u0161toka za jeho cestu do na preteky F1 do Ab\u00fa Dhabi a&nbsp;prik\u00e1zala vy\u0161etrova\u0165 \u010falej. \u0160utaj E\u0161tok sa vo svojej v\u00fdpovedi zamot\u00e1va do rozpr\u00e1vok, ktor\u00e9 logicky nesedia a&nbsp;prokurat\u00fara to nemohla ignorova\u0165. Ot\u00e1zka v\u0161ak zost\u00e1va, kto platil \u0160utajovcom luxusn\u00fd v\u00fdlet. \u201eMinister vn\u00fatra Mat\u00fa\u0161 \u0160utaj [&hellip;]\" \/>\n<meta property=\"og:url\" content=\"https:\/\/www.smedemokrati.sk\/hu\/prokuratura-prikazala-dalej-vysetrovat-sutajov-vylet-na-f1-do-abu-dhabi\/\" \/>\n<meta property=\"og:site_name\" content=\"Smedemokrati.sk\" \/>\n<meta property=\"article:publisher\" content=\"https:\/\/www.facebook.com\/smedemokrati2023\" \/>\n<meta property=\"article:published_time\" content=\"2025-05-29T11:03:00+00:00\" \/>\n<meta property=\"article:modified_time\" content=\"2025-05-29T11:04:22+00:00\" \/>\n<meta property=\"og:image\" content=\"https:\/\/www.smedemokrati.sk\/wp-content\/uploads\/2025\/05\/481829556_1219515426207950_3534662116505033990_n.jpg\" \/>\n\t<meta property=\"og:image:width\" content=\"894\" \/>\n\t<meta property=\"og:image:height\" content=\"1119\" \/>\n\t<meta property=\"og:image:type\" content=\"image\/jpeg\" \/>\n<meta name=\"author\" content=\"miro.sopko\" \/>\n<meta name=\"twitter:card\" content=\"summary_large_image\" \/>\n<meta name=\"twitter:label1\" content=\"Szerz\u0151:\" \/>\n\t<meta name=\"twitter:data1\" content=\"miro.sopko\" \/>\n\t<meta name=\"twitter:label2\" content=\"Becs\u00fclt olvas\u00e1si id\u0151\" \/>\n\t<meta name=\"twitter:data2\" content=\"3 perc\" \/>\n<script type=\"application\/ld+json\" class=\"yoast-schema-graph\">{\"@context\":\"https:\/\/schema.org\",\"@graph\":[{\"@type\":\"Article\",\"@id\":\"https:\/\/www.smedemokrati.sk\/prokuratura-prikazala-dalej-vysetrovat-sutajov-vylet-na-f1-do-abu-dhabi\/#article\",\"isPartOf\":{\"@id\":\"https:\/\/www.smedemokrati.sk\/prokuratura-prikazala-dalej-vysetrovat-sutajov-vylet-na-f1-do-abu-dhabi\/\"},\"author\":{\"name\":\"miro.sopko\",\"@id\":\"https:\/\/www.smedemokrati.sk\/#\/schema\/person\/21f147c88d605aa7ded900e1e7c344ba\"},\"headline\":\"Prokurat\u00fara prik\u00e1zala \u010falej vy\u0161etrova\u0165 \u0160utajov v\u00fdlet na F1 do Ab\u00fa Dhabi\",\"datePublished\":\"2025-05-29T11:03:00+00:00\",\"dateModified\":\"2025-05-29T11:04:22+00:00\",\"mainEntityOfPage\":{\"@id\":\"https:\/\/www.smedemokrati.sk\/prokuratura-prikazala-dalej-vysetrovat-sutajov-vylet-na-f1-do-abu-dhabi\/\"},\"wordCount\":655,\"publisher\":{\"@id\":\"https:\/\/www.smedemokrati.sk\/#organization\"},\"image\":{\"@id\":\"https:\/\/www.smedemokrati.sk\/prokuratura-prikazala-dalej-vysetrovat-sutajov-vylet-na-f1-do-abu-dhabi\/#primaryimage\"},\"thumbnailUrl\":\"https:\/\/www.smedemokrati.sk\/wp-content\/uploads\/2025\/05\/481829556_1219515426207950_3534662116505033990_n-e1748516712153.jpg\",\"articleSection\":[\"Tla\u010dov\u00e9 spr\u00e1vy\"],\"inLanguage\":\"hu-HU\"},{\"@type\":\"WebPage\",\"@id\":\"https:\/\/www.smedemokrati.sk\/prokuratura-prikazala-dalej-vysetrovat-sutajov-vylet-na-f1-do-abu-dhabi\/\",\"url\":\"https:\/\/www.smedemokrati.sk\/prokuratura-prikazala-dalej-vysetrovat-sutajov-vylet-na-f1-do-abu-dhabi\/\",\"name\":\"Prokurat\u00fara prik\u00e1zala \u010falej vy\u0161etrova\u0165 \u0160utajov v\u00fdlet na F1 do Ab\u00fa Dhabi\",\"isPartOf\":{\"@id\":\"https:\/\/www.smedemokrati.sk\/#website\"},\"primaryImageOfPage\":{\"@id\":\"https:\/\/www.smedemokrati.sk\/prokuratura-prikazala-dalej-vysetrovat-sutajov-vylet-na-f1-do-abu-dhabi\/#primaryimage\"},\"image\":{\"@id\":\"https:\/\/www.smedemokrati.sk\/prokuratura-prikazala-dalej-vysetrovat-sutajov-vylet-na-f1-do-abu-dhabi\/#primaryimage\"},\"thumbnailUrl\":\"https:\/\/www.smedemokrati.sk\/wp-content\/uploads\/2025\/05\/481829556_1219515426207950_3534662116505033990_n-e1748516712153.jpg\",\"datePublished\":\"2025-05-29T11:03:00+00:00\",\"dateModified\":\"2025-05-29T11:04:22+00:00\",\"breadcrumb\":{\"@id\":\"https:\/\/www.smedemokrati.sk\/prokuratura-prikazala-dalej-vysetrovat-sutajov-vylet-na-f1-do-abu-dhabi\/#breadcrumb\"},\"inLanguage\":\"hu-HU\",\"potentialAction\":[{\"@type\":\"ReadAction\",\"target\":[\"https:\/\/www.smedemokrati.sk\/prokuratura-prikazala-dalej-vysetrovat-sutajov-vylet-na-f1-do-abu-dhabi\/\"]}]},{\"@type\":\"ImageObject\",\"inLanguage\":\"hu-HU\",\"@id\":\"https:\/\/www.smedemokrati.sk\/prokuratura-prikazala-dalej-vysetrovat-sutajov-vylet-na-f1-do-abu-dhabi\/#primaryimage\",\"url\":\"https:\/\/www.smedemokrati.sk\/wp-content\/uploads\/2025\/05\/481829556_1219515426207950_3534662116505033990_n-e1748516712153.jpg\",\"contentUrl\":\"https:\/\/www.smedemokrati.sk\/wp-content\/uploads\/2025\/05\/481829556_1219515426207950_3534662116505033990_n-e1748516712153.jpg\",\"width\":893,\"height\":718},{\"@type\":\"BreadcrumbList\",\"@id\":\"https:\/\/www.smedemokrati.sk\/prokuratura-prikazala-dalej-vysetrovat-sutajov-vylet-na-f1-do-abu-dhabi\/#breadcrumb\",\"itemListElement\":[{\"@type\":\"ListItem\",\"position\":1,\"name\":\"Domovsk\u00e1 str\u00e1nka\",\"item\":\"https:\/\/www.smedemokrati.sk\/\"},{\"@type\":\"ListItem\",\"position\":2,\"name\":\"Prokurat\u00fara prik\u00e1zala \u010falej vy\u0161etrova\u0165 \u0160utajov v\u00fdlet na F1 do Ab\u00fa Dhabi\"}]},{\"@type\":\"WebSite\",\"@id\":\"https:\/\/www.smedemokrati.sk\/#website\",\"url\":\"https:\/\/www.smedemokrati.sk\/\",\"name\":\"Smedemokrati.sk\",\"description\":\"Demokracia a slu\u0161nos\u0165 zv\u00ed\u0165az\u00ed\",\"publisher\":{\"@id\":\"https:\/\/www.smedemokrati.sk\/#organization\"},\"potentialAction\":[{\"@type\":\"SearchAction\",\"target\":{\"@type\":\"EntryPoint\",\"urlTemplate\":\"https:\/\/www.smedemokrati.sk\/?s={search_term_string}\"},\"query-input\":{\"@type\":\"PropertyValueSpecification\",\"valueRequired\":true,\"valueName\":\"search_term_string\"}}],\"inLanguage\":\"hu-HU\"},{\"@type\":\"Organization\",\"@id\":\"https:\/\/www.smedemokrati.sk\/#organization\",\"name\":\"Smedemokrati.sk\",\"url\":\"https:\/\/www.smedemokrati.sk\/\",\"logo\":{\"@type\":\"ImageObject\",\"inLanguage\":\"hu-HU\",\"@id\":\"https:\/\/www.smedemokrati.sk\/#\/schema\/logo\/image\/\",\"url\":\"https:\/\/www.smedemokrati.sk\/wp-content\/uploads\/2023\/04\/ff.002.jpeg\",\"contentUrl\":\"https:\/\/www.smedemokrati.sk\/wp-content\/uploads\/2023\/04\/ff.002.jpeg\",\"width\":640,\"height\":480,\"caption\":\"Smedemokrati.sk\"},\"image\":{\"@id\":\"https:\/\/www.smedemokrati.sk\/#\/schema\/logo\/image\/\"},\"sameAs\":[\"https:\/\/www.facebook.com\/smedemokrati2023\"]},{\"@type\":\"Person\",\"@id\":\"https:\/\/www.smedemokrati.sk\/#\/schema\/person\/21f147c88d605aa7ded900e1e7c344ba\",\"name\":\"miro.sopko\",\"image\":{\"@type\":\"ImageObject\",\"inLanguage\":\"hu-HU\",\"@id\":\"https:\/\/secure.gravatar.com\/avatar\/267e4a36f704376c109afe3a78740c1f5dd8675a2180a908699e7863c9247606?s=96&d=mm&r=g\",\"url\":\"https:\/\/secure.gravatar.com\/avatar\/267e4a36f704376c109afe3a78740c1f5dd8675a2180a908699e7863c9247606?s=96&d=mm&r=g\",\"contentUrl\":\"https:\/\/secure.gravatar.com\/avatar\/267e4a36f704376c109afe3a78740c1f5dd8675a2180a908699e7863c9247606?s=96&d=mm&r=g\",\"caption\":\"miro.sopko\"},\"url\":\"https:\/\/www.smedemokrati.sk\/hu\/author\/miro-sopko\/\"}]}<\/script>\n<!-- \/ Yoast SEO plugin. -->","yoast_head_json":{"title":"Prokurat\u00fara prik\u00e1zala \u010falej vy\u0161etrova\u0165 \u0160utajov v\u00fdlet na F1 do Ab\u00fa Dhabi","robots":{"index":"index","follow":"follow","max-snippet":"max-snippet:-1","max-image-preview":"max-image-preview:large","max-video-preview":"max-video-preview:-1"},"canonical":"https:\/\/www.smedemokrati.sk\/hu\/prokuratura-prikazala-dalej-vysetrovat-sutajov-vylet-na-f1-do-abu-dhabi\/","og_locale":"hu_HU","og_type":"article","og_title":"[:sk]Prokurat\u00fara prik\u00e1zala \u010falej vy\u0161etrova\u0165 \u0160utajov v\u00fdlet na F1 do Ab\u00fa Dhabi[:] - Smedemokrati.sk","og_description":"Krajsk\u00e1 prokurat\u00fara v&nbsp;Bratislave zru\u0161ila rozhodnutie policajn\u00e9ho vy\u0161etrovate\u013ea, ktor\u00fdm odmietol trestn\u00e9 ozn\u00e1menia na \u0160utaja E\u0161toka za jeho cestu do na preteky F1 do Ab\u00fa Dhabi a&nbsp;prik\u00e1zala vy\u0161etrova\u0165 \u010falej. \u0160utaj E\u0161tok sa vo svojej v\u00fdpovedi zamot\u00e1va do rozpr\u00e1vok, ktor\u00e9 logicky nesedia a&nbsp;prokurat\u00fara to nemohla ignorova\u0165. Ot\u00e1zka v\u0161ak zost\u00e1va, kto platil \u0160utajovcom luxusn\u00fd v\u00fdlet. \u201eMinister vn\u00fatra Mat\u00fa\u0161 \u0160utaj [&hellip;]","og_url":"https:\/\/www.smedemokrati.sk\/hu\/prokuratura-prikazala-dalej-vysetrovat-sutajov-vylet-na-f1-do-abu-dhabi\/","og_site_name":"Smedemokrati.sk","article_publisher":"https:\/\/www.facebook.com\/smedemokrati2023","article_published_time":"2025-05-29T11:03:00+00:00","article_modified_time":"2025-05-29T11:04:22+00:00","og_image":[{"width":894,"height":1119,"url":"https:\/\/www.smedemokrati.sk\/wp-content\/uploads\/2025\/05\/481829556_1219515426207950_3534662116505033990_n.jpg","type":"image\/jpeg"}],"author":"miro.sopko","twitter_card":"summary_large_image","twitter_misc":{"Szerz\u0151:":"miro.sopko","Becs\u00fclt olvas\u00e1si id\u0151":"3 perc"},"schema":{"@context":"https:\/\/schema.org","@graph":[{"@type":"Article","@id":"https:\/\/www.smedemokrati.sk\/prokuratura-prikazala-dalej-vysetrovat-sutajov-vylet-na-f1-do-abu-dhabi\/#article","isPartOf":{"@id":"https:\/\/www.smedemokrati.sk\/prokuratura-prikazala-dalej-vysetrovat-sutajov-vylet-na-f1-do-abu-dhabi\/"},"author":{"name":"miro.sopko","@id":"https:\/\/www.smedemokrati.sk\/#\/schema\/person\/21f147c88d605aa7ded900e1e7c344ba"},"headline":"Prokurat\u00fara prik\u00e1zala \u010falej vy\u0161etrova\u0165 \u0160utajov v\u00fdlet na F1 do Ab\u00fa Dhabi","datePublished":"2025-05-29T11:03:00+00:00","dateModified":"2025-05-29T11:04:22+00:00","mainEntityOfPage":{"@id":"https:\/\/www.smedemokrati.sk\/prokuratura-prikazala-dalej-vysetrovat-sutajov-vylet-na-f1-do-abu-dhabi\/"},"wordCount":655,"publisher":{"@id":"https:\/\/www.smedemokrati.sk\/#organization"},"image":{"@id":"https:\/\/www.smedemokrati.sk\/prokuratura-prikazala-dalej-vysetrovat-sutajov-vylet-na-f1-do-abu-dhabi\/#primaryimage"},"thumbnailUrl":"https:\/\/www.smedemokrati.sk\/wp-content\/uploads\/2025\/05\/481829556_1219515426207950_3534662116505033990_n-e1748516712153.jpg","articleSection":["Tla\u010dov\u00e9 spr\u00e1vy"],"inLanguage":"hu-HU"},{"@type":"WebPage","@id":"https:\/\/www.smedemokrati.sk\/prokuratura-prikazala-dalej-vysetrovat-sutajov-vylet-na-f1-do-abu-dhabi\/","url":"https:\/\/www.smedemokrati.sk\/prokuratura-prikazala-dalej-vysetrovat-sutajov-vylet-na-f1-do-abu-dhabi\/","name":"Prokurat\u00fara prik\u00e1zala \u010falej vy\u0161etrova\u0165 \u0160utajov v\u00fdlet na F1 do Ab\u00fa Dhabi","isPartOf":{"@id":"https:\/\/www.smedemokrati.sk\/#website"},"primaryImageOfPage":{"@id":"https:\/\/www.smedemokrati.sk\/prokuratura-prikazala-dalej-vysetrovat-sutajov-vylet-na-f1-do-abu-dhabi\/#primaryimage"},"image":{"@id":"https:\/\/www.smedemokrati.sk\/prokuratura-prikazala-dalej-vysetrovat-sutajov-vylet-na-f1-do-abu-dhabi\/#primaryimage"},"thumbnailUrl":"https:\/\/www.smedemokrati.sk\/wp-content\/uploads\/2025\/05\/481829556_1219515426207950_3534662116505033990_n-e1748516712153.jpg","datePublished":"2025-05-29T11:03:00+00:00","dateModified":"2025-05-29T11:04:22+00:00","breadcrumb":{"@id":"https:\/\/www.smedemokrati.sk\/prokuratura-prikazala-dalej-vysetrovat-sutajov-vylet-na-f1-do-abu-dhabi\/#breadcrumb"},"inLanguage":"hu-HU","potentialAction":[{"@type":"ReadAction","target":["https:\/\/www.smedemokrati.sk\/prokuratura-prikazala-dalej-vysetrovat-sutajov-vylet-na-f1-do-abu-dhabi\/"]}]},{"@type":"ImageObject","inLanguage":"hu-HU","@id":"https:\/\/www.smedemokrati.sk\/prokuratura-prikazala-dalej-vysetrovat-sutajov-vylet-na-f1-do-abu-dhabi\/#primaryimage","url":"https:\/\/www.smedemokrati.sk\/wp-content\/uploads\/2025\/05\/481829556_1219515426207950_3534662116505033990_n-e1748516712153.jpg","contentUrl":"https:\/\/www.smedemokrati.sk\/wp-content\/uploads\/2025\/05\/481829556_1219515426207950_3534662116505033990_n-e1748516712153.jpg","width":893,"height":718},{"@type":"BreadcrumbList","@id":"https:\/\/www.smedemokrati.sk\/prokuratura-prikazala-dalej-vysetrovat-sutajov-vylet-na-f1-do-abu-dhabi\/#breadcrumb","itemListElement":[{"@type":"ListItem","position":1,"name":"Domovsk\u00e1 str\u00e1nka","item":"https:\/\/www.smedemokrati.sk\/"},{"@type":"ListItem","position":2,"name":"Prokurat\u00fara prik\u00e1zala \u010falej vy\u0161etrova\u0165 \u0160utajov v\u00fdlet na F1 do Ab\u00fa Dhabi"}]},{"@type":"WebSite","@id":"https:\/\/www.smedemokrati.sk\/#website","url":"https:\/\/www.smedemokrati.sk\/","name":"Smedemokrati.sk","description":"Demokracia a slu\u0161nos\u0165 zv\u00ed\u0165az\u00ed","publisher":{"@id":"https:\/\/www.smedemokrati.sk\/#organization"},"potentialAction":[{"@type":"SearchAction","target":{"@type":"EntryPoint","urlTemplate":"https:\/\/www.smedemokrati.sk\/?s={search_term_string}"},"query-input":{"@type":"PropertyValueSpecification","valueRequired":true,"valueName":"search_term_string"}}],"inLanguage":"hu-HU"},{"@type":"Organization","@id":"https:\/\/www.smedemokrati.sk\/#organization","name":"Smedemokrati.sk","url":"https:\/\/www.smedemokrati.sk\/","logo":{"@type":"ImageObject","inLanguage":"hu-HU","@id":"https:\/\/www.smedemokrati.sk\/#\/schema\/logo\/image\/","url":"https:\/\/www.smedemokrati.sk\/wp-content\/uploads\/2023\/04\/ff.002.jpeg","contentUrl":"https:\/\/www.smedemokrati.sk\/wp-content\/uploads\/2023\/04\/ff.002.jpeg","width":640,"height":480,"caption":"Smedemokrati.sk"},"image":{"@id":"https:\/\/www.smedemokrati.sk\/#\/schema\/logo\/image\/"},"sameAs":["https:\/\/www.facebook.com\/smedemokrati2023"]},{"@type":"Person","@id":"https:\/\/www.smedemokrati.sk\/#\/schema\/person\/21f147c88d605aa7ded900e1e7c344ba","name":"miro.sopko","image":{"@type":"ImageObject","inLanguage":"hu-HU","@id":"https:\/\/secure.gravatar.com\/avatar\/267e4a36f704376c109afe3a78740c1f5dd8675a2180a908699e7863c9247606?s=96&d=mm&r=g","url":"https:\/\/secure.gravatar.com\/avatar\/267e4a36f704376c109afe3a78740c1f5dd8675a2180a908699e7863c9247606?s=96&d=mm&r=g","contentUrl":"https:\/\/secure.gravatar.com\/avatar\/267e4a36f704376c109afe3a78740c1f5dd8675a2180a908699e7863c9247606?s=96&d=mm&r=g","caption":"miro.sopko"},"url":"https:\/\/www.smedemokrati.sk\/hu\/author\/miro-sopko\/"}]}},"_links":{"self":[{"href":"https:\/\/www.smedemokrati.sk\/hu\/wp-json\/wp\/v2\/posts\/7356","targetHints":{"allow":["GET"]}}],"collection":[{"href":"https:\/\/www.smedemokrati.sk\/hu\/wp-json\/wp\/v2\/posts"}],"about":[{"href":"https:\/\/www.smedemokrati.sk\/hu\/wp-json\/wp\/v2\/types\/post"}],"author":[{"embeddable":true,"href":"https:\/\/www.smedemokrati.sk\/hu\/wp-json\/wp\/v2\/users\/13"}],"replies":[{"embeddable":true,"href":"https:\/\/www.smedemokrati.sk\/hu\/wp-json\/wp\/v2\/comments?post=7356"}],"version-history":[{"count":1,"href":"https:\/\/www.smedemokrati.sk\/hu\/wp-json\/wp\/v2\/posts\/7356\/revisions"}],"predecessor-version":[{"id":7359,"href":"https:\/\/www.smedemokrati.sk\/hu\/wp-json\/wp\/v2\/posts\/7356\/revisions\/7359"}],"wp:featuredmedia":[{"embeddable":true,"href":"https:\/\/www.smedemokrati.sk\/hu\/wp-json\/wp\/v2\/media\/7358"}],"wp:attachment":[{"href":"https:\/\/www.smedemokrati.sk\/hu\/wp-json\/wp\/v2\/media?parent=7356"}],"wp:term":[{"taxonomy":"category","embeddable":true,"href":"https:\/\/www.smedemokrati.sk\/hu\/wp-json\/wp\/v2\/categories?post=7356"},{"taxonomy":"post_tag","embeddable":true,"href":"https:\/\/www.smedemokrati.sk\/hu\/wp-json\/wp\/v2\/tags?post=7356"}],"curies":[{"name":"wp","href":"https:\/\/api.w.org\/{rel}","templated":true}]}}