{"id":7352,"date":"2025-05-28T17:10:29","date_gmt":"2025-05-28T16:10:29","guid":{"rendered":"https:\/\/www.smedemokrati.sk\/?p=7352"},"modified":"2025-05-28T17:10:30","modified_gmt":"2025-05-28T16:10:30","slug":"ficov-kompas-je-pokazeny-v-zahranicnej-politike-je-strateny","status":"publish","type":"post","link":"https:\/\/www.smedemokrati.sk\/hu\/ficov-kompas-je-pokazeny-v-zahranicnej-politike-je-strateny\/","title":{"rendered":"Ficov kompas je pokazen\u00fd, v zahrani\u010dnej politike je straten\u00fd!\u00a0"},"content":{"rendered":"<div id=\"fb-root\"><\/div>\n\n<p><strong>Strana Demokrati ostro odmieta v\u00fdroky Andreja Danka o\u00a0potrebe vyst\u00fapi\u0165 z\u00a0Eur\u00f3pskej \u00fanie. Je to nebezpe\u010dn\u00e9 hazardovanie s\u00a0verejnou mienkou, hl\u00fapy populizmus a\u00a0\u010fal\u0161ia medzin\u00e1rodn\u00e1 hanba. Demokrati pri pr\u00edle\u017eitosti kontroln\u00e9ho d\u0148a na Ministerstve zahrani\u010dn\u00fdch vec\u00ed pripom\u00ednaj\u00fa Robertovi Ficovi, \u017ee suver\u00e9nna politika na \u0161tyri svetov\u00e9 strany nie je pchanie sa do priazne Putinovi a\u00a0Luka\u0161enkovi. Slovensko patr\u00ed na z\u00e1pad a\u00a0nie na kolen\u00e1 pred c\u00e1rom v\u00a0Kremli. Robert Fico nie je cel\u00e9 Slovensko, naopak na\u0161i ob\u010dania chc\u00fa by\u0165 \u010dlenmi E\u00da a\u00a0NATO nie obnovu ZSSR.\u00a0<\/strong><\/p>\n\n\n\n<p><em>\u201eNie je ni\u010d suver\u00e9nne na tom, ak premi\u00e9r sl\u00fa\u017ei len svojim populistick\u00fdm a\u00a0ekonomick\u00fdm z\u00e1ujmom. Skuto\u010dn\u00e1 suverenita je sl\u00fa\u017ei\u0165 ob\u010danom, ktor\u00ed chc\u00fa, aby sme boli pevnou s\u00fa\u010das\u0165ou E\u00da a\u00a0NATO. Takmer v\u0161etky invest\u00edcie na Slovensko prich\u00e1dzaj\u00fa zo z\u00e1padu, na\u0161a bezpe\u010dnos\u0165 je garantovan\u00e1 z\u00e1padom, na\u0161a ekonomika, na\u0161a \u013eudskopr\u00e1vne \u0161tandardy, to v\u0161etko vych\u00e1dza z\u00a0na\u0161ej pr\u00edslu\u0161nosti k\u00a0z\u00e1padnej civiliz\u00e1cii. Cielen\u00e9 ni\u010denie na\u0161ej pr\u00edslu\u0161nosti je zradou na vlastn\u00fdch ob\u010danoch. Mali by sme pozorne po\u010d\u00fava\u0165, \u010do n\u00e1m hovoria na\u0161i spojenci v\u00a0Berl\u00edne, Par\u00ed\u017ei alebo Prahe. Hovoria jasne, \u017ee kroky premi\u00e9ra Fica n\u00e1s vylu\u010duj\u00fa zo spolupr\u00e1ce, k\u00fdm oni maj\u00fa z\u00e1ujem o\u00a0spolupr\u00e1cu, ale Fico sa s\u00e1m vylu\u010duje. Tu by sme mali by\u0165 pozorn\u00ed a\u00a0jasne poveda\u0165 vl\u00e1de nie, odmietame politiku izolacionizmu. Ke\u010f sme patrili k\u00a0Moskve, mali sme tu tyraniu, dnes tu m\u00e1me slobodu. To mus\u00edme chr\u00e1ni\u0165. \u017dia\u013e, to \u010do predv\u00e1dza Robert Fico nie je suver\u00e9nna politika, to je pchanie sa Putinovi do zadnej \u010dasti jeho tela. Hanba, hanba a\u00a0e\u0161te raz hanba!\u201c<\/em> hovor\u00ed pred Ministerstvom zahrani\u010dn\u00fdch vec\u00ed Juraj \u0160eliga, podpredseda strany Demokrati.<\/p>\n\n\n\n<p>Bezpe\u010dnostn\u00e1 experta Monika Podhor\u00e1ny Masarykov\u00e1 pripom\u00edna, \u017ee: <em>\u201eV zahrani\u010dnej politike Slovenska dnes \u017eia\u013e plat\u00ed, \u017ee len \u010do si mysl\u00edme, \u017ee sme prerazili dno, pr\u00edde \u010fal\u0161\u00ed de\u0148 a e\u0161te v\u00e4\u010d\u0161\u00ed \u0161kand\u00e1l a v\u00e4\u010d\u0161ia medzin\u00e1rodn\u00e1 hanba. Touto cestou chcem povzbudi\u0165 mojich b\u00fdval\u00fdch kolegov \u010di diplomatov, ktor\u00ed na\u010falej p\u00f4sobia v rezortoch a ktor\u00ed denno-denne za\u017e\u00edvaj\u00fa tr\u00e1pne situ\u00e1cie, ke\u010f musia obhajova\u0165 neobh\u00e1jite\u013en\u00e9, aby vytrvali. Aby na\u010falej pom\u00e1hali chr\u00e1ni\u0165 na\u0161e ukotvenie na z\u00e1pade, preto\u017ee in\u00fa alternat\u00edvu nem\u00e1me. Robert Fico nie je Slovensko.\u201c<\/em><\/p>\n\n\n<div class=\"fb-video\" data-href=\"https:\/\/fb.watch\/zSS3JJP7Gw\" data-allowfullscreen=\"true\" data-autoplay=\"false\" data-width=\"\" data-show-text=\"false\" data-show-captions=\"true\"><\/div>\n","protected":false},"excerpt":{"rendered":"<p>Strana Demokrati ostro odmieta v\u00fdroky Andreja Danka o\u00a0potrebe vyst\u00fapi\u0165 z\u00a0Eur\u00f3pskej \u00fanie. Je to nebezpe\u010dn\u00e9 hazardovanie s\u00a0verejnou mienkou, hl\u00fapy populizmus a\u00a0\u010fal\u0161ia medzin\u00e1rodn\u00e1 hanba. Demokrati pri pr\u00edle\u017eitosti kontroln\u00e9ho d\u0148a na Ministerstve zahrani\u010dn\u00fdch vec\u00ed pripom\u00ednaj\u00fa Robertovi Ficovi, \u017ee suver\u00e9nna politika na \u0161tyri svetov\u00e9 strany nie je pchanie sa do priazne Putinovi a\u00a0Luka\u0161enkovi. Slovensko patr\u00ed na z\u00e1pad a\u00a0nie na [&hellip;]<\/p>\n","protected":false},"author":13,"featured_media":7353,"comment_status":"closed","ping_status":"closed","sticky":false,"template":"","format":"standard","meta":{"_acf_changed":false,"ngg_post_thumbnail":0,"footnotes":""},"categories":[4],"tags":[],"class_list":["post-7352","post","type-post","status-publish","format-standard","has-post-thumbnail","hentry","category-tlacove-spravy"],"acf":[],"yoast_head":"<!-- This site is optimized with the Yoast SEO plugin v27.2 - https:\/\/yoast.com\/product\/yoast-seo-wordpress\/ -->\n<title>Ficov kompas je pokazen\u00fd, v zahrani\u010dnej politike je straten\u00fd!\u00a0<\/title>\n<meta name=\"robots\" content=\"index, follow, max-snippet:-1, max-image-preview:large, max-video-preview:-1\" \/>\n<link rel=\"canonical\" href=\"https:\/\/www.smedemokrati.sk\/hu\/ficov-kompas-je-pokazeny-v-zahranicnej-politike-je-strateny\/\" \/>\n<meta property=\"og:locale\" content=\"hu_HU\" \/>\n<meta property=\"og:locale:alternate\" content=\"en_US\" \/>\n<meta property=\"og:locale:alternate\" content=\"cs_CZ\" \/>\n<meta property=\"og:locale:alternate\" content=\"sk_SK\" \/>\n<meta property=\"og:locale:alternate\" content=\"sv_SE\" \/>\n<meta property=\"og:type\" content=\"article\" \/>\n<meta property=\"og:title\" content=\"Ficov kompas je pokazen\u00fd, v zahrani\u010dnej politike je straten\u00fd!\u00a0\" \/>\n<meta property=\"og:description\" content=\"Strana Demokrati ostro odmieta v\u00fdroky Andreja Danka o\u00a0potrebe vyst\u00fapi\u0165 z\u00a0Eur\u00f3pskej \u00fanie. Je to nebezpe\u010dn\u00e9 hazardovanie s\u00a0verejnou mienkou, hl\u00fapy populizmus a\u00a0\u010fal\u0161ia medzin\u00e1rodn\u00e1 hanba. Demokrati pri pr\u00edle\u017eitosti kontroln\u00e9ho d\u0148a na Ministerstve zahrani\u010dn\u00fdch vec\u00ed pripom\u00ednaj\u00fa Robertovi Ficovi, \u017ee suver\u00e9nna politika na \u0161tyri svetov\u00e9 strany nie je pchanie sa do priazne Putinovi a\u00a0Luka\u0161enkovi. Slovensko patr\u00ed na z\u00e1pad a\u00a0nie na [&hellip;]\" \/>\n<meta property=\"og:url\" content=\"https:\/\/www.smedemokrati.sk\/hu\/ficov-kompas-je-pokazeny-v-zahranicnej-politike-je-strateny\/\" \/>\n<meta property=\"og:site_name\" content=\"Smedemokrati.sk\" \/>\n<meta property=\"article:publisher\" content=\"https:\/\/www.facebook.com\/smedemokrati2023\" \/>\n<meta property=\"article:published_time\" content=\"2025-05-28T16:10:29+00:00\" \/>\n<meta property=\"article:modified_time\" content=\"2025-05-28T16:10:30+00:00\" \/>\n<meta property=\"og:image\" content=\"https:\/\/www.smedemokrati.sk\/wp-content\/uploads\/2025\/05\/zahranicna-politika.jpg\" \/>\n\t<meta property=\"og:image:width\" content=\"1675\" \/>\n\t<meta property=\"og:image:height\" content=\"933\" \/>\n\t<meta property=\"og:image:type\" content=\"image\/jpeg\" \/>\n<meta name=\"author\" content=\"miro.sopko\" \/>\n<meta name=\"twitter:card\" content=\"summary_large_image\" \/>\n<meta name=\"twitter:label1\" content=\"Szerz\u0151:\" \/>\n\t<meta name=\"twitter:data1\" content=\"miro.sopko\" \/>\n\t<meta name=\"twitter:label2\" content=\"Becs\u00fclt olvas\u00e1si id\u0151\" \/>\n\t<meta name=\"twitter:data2\" content=\"3 perc\" \/>\n<script type=\"application\/ld+json\" class=\"yoast-schema-graph\">{\"@context\":\"https:\/\/schema.org\",\"@graph\":[{\"@type\":\"Article\",\"@id\":\"https:\/\/www.smedemokrati.sk\/ficov-kompas-je-pokazeny-v-zahranicnej-politike-je-strateny\/#article\",\"isPartOf\":{\"@id\":\"https:\/\/www.smedemokrati.sk\/ficov-kompas-je-pokazeny-v-zahranicnej-politike-je-strateny\/\"},\"author\":{\"name\":\"miro.sopko\",\"@id\":\"https:\/\/www.smedemokrati.sk\/#\/schema\/person\/21f147c88d605aa7ded900e1e7c344ba\"},\"headline\":\"Ficov kompas je pokazen\u00fd, v zahrani\u010dnej politike je straten\u00fd!\u00a0\",\"datePublished\":\"2025-05-28T16:10:29+00:00\",\"dateModified\":\"2025-05-28T16:10:30+00:00\",\"mainEntityOfPage\":{\"@id\":\"https:\/\/www.smedemokrati.sk\/ficov-kompas-je-pokazeny-v-zahranicnej-politike-je-strateny\/\"},\"wordCount\":455,\"publisher\":{\"@id\":\"https:\/\/www.smedemokrati.sk\/#organization\"},\"image\":{\"@id\":\"https:\/\/www.smedemokrati.sk\/ficov-kompas-je-pokazeny-v-zahranicnej-politike-je-strateny\/#primaryimage\"},\"thumbnailUrl\":\"https:\/\/www.smedemokrati.sk\/wp-content\/uploads\/2025\/05\/zahranicna-politika.jpg\",\"articleSection\":[\"Tla\u010dov\u00e9 spr\u00e1vy\"],\"inLanguage\":\"hu-HU\"},{\"@type\":\"WebPage\",\"@id\":\"https:\/\/www.smedemokrati.sk\/ficov-kompas-je-pokazeny-v-zahranicnej-politike-je-strateny\/\",\"url\":\"https:\/\/www.smedemokrati.sk\/ficov-kompas-je-pokazeny-v-zahranicnej-politike-je-strateny\/\",\"name\":\"Ficov kompas je pokazen\u00fd, v zahrani\u010dnej politike je straten\u00fd!\u00a0\",\"isPartOf\":{\"@id\":\"https:\/\/www.smedemokrati.sk\/#website\"},\"primaryImageOfPage\":{\"@id\":\"https:\/\/www.smedemokrati.sk\/ficov-kompas-je-pokazeny-v-zahranicnej-politike-je-strateny\/#primaryimage\"},\"image\":{\"@id\":\"https:\/\/www.smedemokrati.sk\/ficov-kompas-je-pokazeny-v-zahranicnej-politike-je-strateny\/#primaryimage\"},\"thumbnailUrl\":\"https:\/\/www.smedemokrati.sk\/wp-content\/uploads\/2025\/05\/zahranicna-politika.jpg\",\"datePublished\":\"2025-05-28T16:10:29+00:00\",\"dateModified\":\"2025-05-28T16:10:30+00:00\",\"breadcrumb\":{\"@id\":\"https:\/\/www.smedemokrati.sk\/ficov-kompas-je-pokazeny-v-zahranicnej-politike-je-strateny\/#breadcrumb\"},\"inLanguage\":\"hu-HU\",\"potentialAction\":[{\"@type\":\"ReadAction\",\"target\":[\"https:\/\/www.smedemokrati.sk\/ficov-kompas-je-pokazeny-v-zahranicnej-politike-je-strateny\/\"]}]},{\"@type\":\"ImageObject\",\"inLanguage\":\"hu-HU\",\"@id\":\"https:\/\/www.smedemokrati.sk\/ficov-kompas-je-pokazeny-v-zahranicnej-politike-je-strateny\/#primaryimage\",\"url\":\"https:\/\/www.smedemokrati.sk\/wp-content\/uploads\/2025\/05\/zahranicna-politika.jpg\",\"contentUrl\":\"https:\/\/www.smedemokrati.sk\/wp-content\/uploads\/2025\/05\/zahranicna-politika.jpg\",\"width\":1675,\"height\":933},{\"@type\":\"BreadcrumbList\",\"@id\":\"https:\/\/www.smedemokrati.sk\/ficov-kompas-je-pokazeny-v-zahranicnej-politike-je-strateny\/#breadcrumb\",\"itemListElement\":[{\"@type\":\"ListItem\",\"position\":1,\"name\":\"Domovsk\u00e1 str\u00e1nka\",\"item\":\"https:\/\/www.smedemokrati.sk\/\"},{\"@type\":\"ListItem\",\"position\":2,\"name\":\"Ficov kompas je pokazen\u00fd, v zahrani\u010dnej politike je straten\u00fd!\u00a0\"}]},{\"@type\":\"WebSite\",\"@id\":\"https:\/\/www.smedemokrati.sk\/#website\",\"url\":\"https:\/\/www.smedemokrati.sk\/\",\"name\":\"Smedemokrati.sk\",\"description\":\"Demokracia a slu\u0161nos\u0165 zv\u00ed\u0165az\u00ed\",\"publisher\":{\"@id\":\"https:\/\/www.smedemokrati.sk\/#organization\"},\"potentialAction\":[{\"@type\":\"SearchAction\",\"target\":{\"@type\":\"EntryPoint\",\"urlTemplate\":\"https:\/\/www.smedemokrati.sk\/?s={search_term_string}\"},\"query-input\":{\"@type\":\"PropertyValueSpecification\",\"valueRequired\":true,\"valueName\":\"search_term_string\"}}],\"inLanguage\":\"hu-HU\"},{\"@type\":\"Organization\",\"@id\":\"https:\/\/www.smedemokrati.sk\/#organization\",\"name\":\"Smedemokrati.sk\",\"url\":\"https:\/\/www.smedemokrati.sk\/\",\"logo\":{\"@type\":\"ImageObject\",\"inLanguage\":\"hu-HU\",\"@id\":\"https:\/\/www.smedemokrati.sk\/#\/schema\/logo\/image\/\",\"url\":\"https:\/\/www.smedemokrati.sk\/wp-content\/uploads\/2023\/04\/ff.002.jpeg\",\"contentUrl\":\"https:\/\/www.smedemokrati.sk\/wp-content\/uploads\/2023\/04\/ff.002.jpeg\",\"width\":640,\"height\":480,\"caption\":\"Smedemokrati.sk\"},\"image\":{\"@id\":\"https:\/\/www.smedemokrati.sk\/#\/schema\/logo\/image\/\"},\"sameAs\":[\"https:\/\/www.facebook.com\/smedemokrati2023\"]},{\"@type\":\"Person\",\"@id\":\"https:\/\/www.smedemokrati.sk\/#\/schema\/person\/21f147c88d605aa7ded900e1e7c344ba\",\"name\":\"miro.sopko\",\"image\":{\"@type\":\"ImageObject\",\"inLanguage\":\"hu-HU\",\"@id\":\"https:\/\/secure.gravatar.com\/avatar\/267e4a36f704376c109afe3a78740c1f5dd8675a2180a908699e7863c9247606?s=96&d=mm&r=g\",\"url\":\"https:\/\/secure.gravatar.com\/avatar\/267e4a36f704376c109afe3a78740c1f5dd8675a2180a908699e7863c9247606?s=96&d=mm&r=g\",\"contentUrl\":\"https:\/\/secure.gravatar.com\/avatar\/267e4a36f704376c109afe3a78740c1f5dd8675a2180a908699e7863c9247606?s=96&d=mm&r=g\",\"caption\":\"miro.sopko\"},\"url\":\"https:\/\/www.smedemokrati.sk\/hu\/author\/miro-sopko\/\"}]}<\/script>\n<!-- \/ Yoast SEO plugin. -->","yoast_head_json":{"title":"Ficov kompas je pokazen\u00fd, v zahrani\u010dnej politike je straten\u00fd!\u00a0","robots":{"index":"index","follow":"follow","max-snippet":"max-snippet:-1","max-image-preview":"max-image-preview:large","max-video-preview":"max-video-preview:-1"},"canonical":"https:\/\/www.smedemokrati.sk\/hu\/ficov-kompas-je-pokazeny-v-zahranicnej-politike-je-strateny\/","og_locale":"hu_HU","og_type":"article","og_title":"[:sk]Ficov kompas je pokazen\u00fd, v zahrani\u010dnej politike je straten\u00fd!\u00a0[:] - Smedemokrati.sk","og_description":"Strana Demokrati ostro odmieta v\u00fdroky Andreja Danka o\u00a0potrebe vyst\u00fapi\u0165 z\u00a0Eur\u00f3pskej \u00fanie. Je to nebezpe\u010dn\u00e9 hazardovanie s\u00a0verejnou mienkou, hl\u00fapy populizmus a\u00a0\u010fal\u0161ia medzin\u00e1rodn\u00e1 hanba. Demokrati pri pr\u00edle\u017eitosti kontroln\u00e9ho d\u0148a na Ministerstve zahrani\u010dn\u00fdch vec\u00ed pripom\u00ednaj\u00fa Robertovi Ficovi, \u017ee suver\u00e9nna politika na \u0161tyri svetov\u00e9 strany nie je pchanie sa do priazne Putinovi a\u00a0Luka\u0161enkovi. Slovensko patr\u00ed na z\u00e1pad a\u00a0nie na [&hellip;]","og_url":"https:\/\/www.smedemokrati.sk\/hu\/ficov-kompas-je-pokazeny-v-zahranicnej-politike-je-strateny\/","og_site_name":"Smedemokrati.sk","article_publisher":"https:\/\/www.facebook.com\/smedemokrati2023","article_published_time":"2025-05-28T16:10:29+00:00","article_modified_time":"2025-05-28T16:10:30+00:00","og_image":[{"width":1675,"height":933,"url":"https:\/\/www.smedemokrati.sk\/wp-content\/uploads\/2025\/05\/zahranicna-politika.jpg","type":"image\/jpeg"}],"author":"miro.sopko","twitter_card":"summary_large_image","twitter_misc":{"Szerz\u0151:":"miro.sopko","Becs\u00fclt olvas\u00e1si id\u0151":"3 perc"},"schema":{"@context":"https:\/\/schema.org","@graph":[{"@type":"Article","@id":"https:\/\/www.smedemokrati.sk\/ficov-kompas-je-pokazeny-v-zahranicnej-politike-je-strateny\/#article","isPartOf":{"@id":"https:\/\/www.smedemokrati.sk\/ficov-kompas-je-pokazeny-v-zahranicnej-politike-je-strateny\/"},"author":{"name":"miro.sopko","@id":"https:\/\/www.smedemokrati.sk\/#\/schema\/person\/21f147c88d605aa7ded900e1e7c344ba"},"headline":"Ficov kompas je pokazen\u00fd, v zahrani\u010dnej politike je straten\u00fd!\u00a0","datePublished":"2025-05-28T16:10:29+00:00","dateModified":"2025-05-28T16:10:30+00:00","mainEntityOfPage":{"@id":"https:\/\/www.smedemokrati.sk\/ficov-kompas-je-pokazeny-v-zahranicnej-politike-je-strateny\/"},"wordCount":455,"publisher":{"@id":"https:\/\/www.smedemokrati.sk\/#organization"},"image":{"@id":"https:\/\/www.smedemokrati.sk\/ficov-kompas-je-pokazeny-v-zahranicnej-politike-je-strateny\/#primaryimage"},"thumbnailUrl":"https:\/\/www.smedemokrati.sk\/wp-content\/uploads\/2025\/05\/zahranicna-politika.jpg","articleSection":["Tla\u010dov\u00e9 spr\u00e1vy"],"inLanguage":"hu-HU"},{"@type":"WebPage","@id":"https:\/\/www.smedemokrati.sk\/ficov-kompas-je-pokazeny-v-zahranicnej-politike-je-strateny\/","url":"https:\/\/www.smedemokrati.sk\/ficov-kompas-je-pokazeny-v-zahranicnej-politike-je-strateny\/","name":"Ficov kompas je pokazen\u00fd, v zahrani\u010dnej politike je straten\u00fd!\u00a0","isPartOf":{"@id":"https:\/\/www.smedemokrati.sk\/#website"},"primaryImageOfPage":{"@id":"https:\/\/www.smedemokrati.sk\/ficov-kompas-je-pokazeny-v-zahranicnej-politike-je-strateny\/#primaryimage"},"image":{"@id":"https:\/\/www.smedemokrati.sk\/ficov-kompas-je-pokazeny-v-zahranicnej-politike-je-strateny\/#primaryimage"},"thumbnailUrl":"https:\/\/www.smedemokrati.sk\/wp-content\/uploads\/2025\/05\/zahranicna-politika.jpg","datePublished":"2025-05-28T16:10:29+00:00","dateModified":"2025-05-28T16:10:30+00:00","breadcrumb":{"@id":"https:\/\/www.smedemokrati.sk\/ficov-kompas-je-pokazeny-v-zahranicnej-politike-je-strateny\/#breadcrumb"},"inLanguage":"hu-HU","potentialAction":[{"@type":"ReadAction","target":["https:\/\/www.smedemokrati.sk\/ficov-kompas-je-pokazeny-v-zahranicnej-politike-je-strateny\/"]}]},{"@type":"ImageObject","inLanguage":"hu-HU","@id":"https:\/\/www.smedemokrati.sk\/ficov-kompas-je-pokazeny-v-zahranicnej-politike-je-strateny\/#primaryimage","url":"https:\/\/www.smedemokrati.sk\/wp-content\/uploads\/2025\/05\/zahranicna-politika.jpg","contentUrl":"https:\/\/www.smedemokrati.sk\/wp-content\/uploads\/2025\/05\/zahranicna-politika.jpg","width":1675,"height":933},{"@type":"BreadcrumbList","@id":"https:\/\/www.smedemokrati.sk\/ficov-kompas-je-pokazeny-v-zahranicnej-politike-je-strateny\/#breadcrumb","itemListElement":[{"@type":"ListItem","position":1,"name":"Domovsk\u00e1 str\u00e1nka","item":"https:\/\/www.smedemokrati.sk\/"},{"@type":"ListItem","position":2,"name":"Ficov kompas je pokazen\u00fd, v zahrani\u010dnej politike je straten\u00fd!\u00a0"}]},{"@type":"WebSite","@id":"https:\/\/www.smedemokrati.sk\/#website","url":"https:\/\/www.smedemokrati.sk\/","name":"Smedemokrati.sk","description":"Demokracia a slu\u0161nos\u0165 zv\u00ed\u0165az\u00ed","publisher":{"@id":"https:\/\/www.smedemokrati.sk\/#organization"},"potentialAction":[{"@type":"SearchAction","target":{"@type":"EntryPoint","urlTemplate":"https:\/\/www.smedemokrati.sk\/?s={search_term_string}"},"query-input":{"@type":"PropertyValueSpecification","valueRequired":true,"valueName":"search_term_string"}}],"inLanguage":"hu-HU"},{"@type":"Organization","@id":"https:\/\/www.smedemokrati.sk\/#organization","name":"Smedemokrati.sk","url":"https:\/\/www.smedemokrati.sk\/","logo":{"@type":"ImageObject","inLanguage":"hu-HU","@id":"https:\/\/www.smedemokrati.sk\/#\/schema\/logo\/image\/","url":"https:\/\/www.smedemokrati.sk\/wp-content\/uploads\/2023\/04\/ff.002.jpeg","contentUrl":"https:\/\/www.smedemokrati.sk\/wp-content\/uploads\/2023\/04\/ff.002.jpeg","width":640,"height":480,"caption":"Smedemokrati.sk"},"image":{"@id":"https:\/\/www.smedemokrati.sk\/#\/schema\/logo\/image\/"},"sameAs":["https:\/\/www.facebook.com\/smedemokrati2023"]},{"@type":"Person","@id":"https:\/\/www.smedemokrati.sk\/#\/schema\/person\/21f147c88d605aa7ded900e1e7c344ba","name":"miro.sopko","image":{"@type":"ImageObject","inLanguage":"hu-HU","@id":"https:\/\/secure.gravatar.com\/avatar\/267e4a36f704376c109afe3a78740c1f5dd8675a2180a908699e7863c9247606?s=96&d=mm&r=g","url":"https:\/\/secure.gravatar.com\/avatar\/267e4a36f704376c109afe3a78740c1f5dd8675a2180a908699e7863c9247606?s=96&d=mm&r=g","contentUrl":"https:\/\/secure.gravatar.com\/avatar\/267e4a36f704376c109afe3a78740c1f5dd8675a2180a908699e7863c9247606?s=96&d=mm&r=g","caption":"miro.sopko"},"url":"https:\/\/www.smedemokrati.sk\/hu\/author\/miro-sopko\/"}]}},"_links":{"self":[{"href":"https:\/\/www.smedemokrati.sk\/hu\/wp-json\/wp\/v2\/posts\/7352","targetHints":{"allow":["GET"]}}],"collection":[{"href":"https:\/\/www.smedemokrati.sk\/hu\/wp-json\/wp\/v2\/posts"}],"about":[{"href":"https:\/\/www.smedemokrati.sk\/hu\/wp-json\/wp\/v2\/types\/post"}],"author":[{"embeddable":true,"href":"https:\/\/www.smedemokrati.sk\/hu\/wp-json\/wp\/v2\/users\/13"}],"replies":[{"embeddable":true,"href":"https:\/\/www.smedemokrati.sk\/hu\/wp-json\/wp\/v2\/comments?post=7352"}],"version-history":[{"count":1,"href":"https:\/\/www.smedemokrati.sk\/hu\/wp-json\/wp\/v2\/posts\/7352\/revisions"}],"predecessor-version":[{"id":7354,"href":"https:\/\/www.smedemokrati.sk\/hu\/wp-json\/wp\/v2\/posts\/7352\/revisions\/7354"}],"wp:featuredmedia":[{"embeddable":true,"href":"https:\/\/www.smedemokrati.sk\/hu\/wp-json\/wp\/v2\/media\/7353"}],"wp:attachment":[{"href":"https:\/\/www.smedemokrati.sk\/hu\/wp-json\/wp\/v2\/media?parent=7352"}],"wp:term":[{"taxonomy":"category","embeddable":true,"href":"https:\/\/www.smedemokrati.sk\/hu\/wp-json\/wp\/v2\/categories?post=7352"},{"taxonomy":"post_tag","embeddable":true,"href":"https:\/\/www.smedemokrati.sk\/hu\/wp-json\/wp\/v2\/tags?post=7352"}],"curies":[{"name":"wp","href":"https:\/\/api.w.org\/{rel}","templated":true}]}}