{"id":7293,"date":"2025-05-22T11:38:25","date_gmt":"2025-05-22T10:38:25","guid":{"rendered":"https:\/\/www.smedemokrati.sk\/?p=7293"},"modified":"2025-05-22T11:38:26","modified_gmt":"2025-05-22T10:38:26","slug":"vlada-nerespektuje-regiony-cim-skodi-obcanom-strana-demokrati-reaguje-na-najnovsie-zistenia-prieskumu-verejnej-mienky","status":"publish","type":"post","link":"https:\/\/www.smedemokrati.sk\/hu\/vlada-nerespektuje-regiony-cim-skodi-obcanom-strana-demokrati-reaguje-na-najnovsie-zistenia-prieskumu-verejnej-mienky\/","title":{"rendered":"Vl\u00e1da nere\u0161pektuje regi\u00f3ny, \u010d\u00edm \u0161kod\u00ed ob\u010danom. Strana Demokrati reaguje na najnov\u0161ie zistenia prieskumu verejnej mienky"},"content":{"rendered":"<div id=\"fb-root\"><\/div>\n\n<p><strong>\u0160tvrt\u00e1 Ficova vl\u00e1da je odtrhnut\u00e1 od be\u017en\u00e9ho \u017eivota a&nbsp;probl\u00e9mov \u013eud\u00ed. Rozhoduje o \u201epomn\u00edkoch Koneva,&#8221; \u0161krt\u00ed podnikanie da\u0148ami, zvy\u0161uje si platy alebo ude\u013euje do\u017eivotn\u00e9 renty papal\u00e1\u0161om.<\/strong><\/p>\n\n\n\n<p>Aj preto sa samospr\u00e1vy te\u0161ia vy\u0161\u0161ej d\u00f4vere obyvate\u013eov ako vl\u00e1da. V\u00fdsledky prieskumu, ktor\u00fd pre zdru\u017eenie samospr\u00e1vnych krajov SK8 realizovala agent\u00fara NMS, hovoria jasne. A\u017e 90 % op\u00fdtan\u00fdch je za to, aby mali regi\u00f3ny v\u00e4\u010d\u0161iu kontrolu nad eurofondami. Proti zasahovaniu vl\u00e1dy do rozpo\u010dtov samospr\u00e1v bez predch\u00e1dzaj\u00facej diskusie sa vyslovilo a\u017e 72 % \u013eud\u00ed.<\/p>\n\n\n\n<p><em><strong>\u201e<\/strong>Demokrati s\u00fa stranou \u013eud\u00ed z regi\u00f3nov. Chceme sa sta\u0165 s\u00fa\u010das\u0165ou vl\u00e1dy, ktor\u00e1 bude po\u010d\u00fava\u0165 a re\u0161pektova\u0165 samospr\u00e1vy. To znamen\u00e1 tri k\u013e\u00fa\u010dov\u00e9 veci, ktor\u00e9 sme avizovali vo volebnom programe u\u017e pred dvomi rokmi,\u201d\u00a0<\/em>povedal gener\u00e1lny sekret\u00e1r Demokratov Peter Markovi\u010d, ktor\u00fd je s\u00fa\u010dasne odborn\u00edkom strany pre oblas\u0165 samospr\u00e1vy.<\/p>\n\n\n\n<p><em><strong>\u201e<\/strong>Po prv\u00e9, priprav\u00edme a budeme presadzova\u0165 prijatie z\u00e1kona, pr\u00edpadne \u00fastavn\u00e9ho z\u00e1kona, ktor\u00fd zavedie\u00a0<u>povinn\u00fd konzulta\u010dn\u00fd mechanizmus<\/u>\u00a0medzi centr\u00e1lnou \u00farov\u0148ou (vl\u00e1da a parlament) a \u00fazemnou samospr\u00e1vou, a\u00a0to najm\u00e4 vo veciach legislat\u00edvnych opatren\u00ed s\u00a0negat\u00edvnym finan\u010dn\u00fdm vplyvom na samospr\u00e1vy.<\/em><\/p>\n\n\n\n<p><em>Po druh\u00e9,\u00a0<strong>posiln\u00edme finan\u010dn\u00fa auton\u00f3miu samospr\u00e1v.<\/strong>\u00a0To v praxi znamen\u00e1 zavedenie ich skuto\u010dn\u00e9ho viaczdrojov\u00e9ho financovania. Presad\u00edme, aby \u00a0samospr\u00e1vy obc\u00ed, miest a krajov mali mo\u017enos\u0165 ovplyv\u0148ova\u0165 vlastn\u00e9 da\u0148ov\u00e9 pr\u00edjmy a ur\u010dova\u0165 ich v\u00fd\u0161ku tak, aby dok\u00e1zali reagova\u0165 na cyklick\u00e9 a neo\u010dak\u00e1van\u00e9 v\u00fdkyvy ekonomiky (v s\u00fa\u010dasnosti predov\u0161etk\u00fdm v\u00fdpadky dane z pr\u00edjmov fyzick\u00fdch os\u00f4b).<\/em><\/p>\n\n\n\n<p><em>A\u00a0v\u00a0neposlednom tre\u0165om rade, v spolupr\u00e1ci so z\u00e1stupcami ZMOS, \u00daMS a SK 8, v r\u00e1mci st\u00e1lej pracovnej skupiny vl\u00e1dy SR, priprav\u00edme a za\u010dneme s realiz\u00e1ciou moderniza\u010dnej\u00a0<strong>reformy verejnej spr\u00e1vy<\/strong>,\u00a0prioritne zameranej na re\u00e1lnu decentraliz\u00e1ciu riadenia \u0161t\u00e1tu a rev\u00edziu kompetenci\u00ed samospr\u00e1v, respekt\u00edve sp\u00f4sobu ich financovania,\u201d<\/em>dodal.<\/p>\n\n\n\n<p><a href=\"https:\/\/www.samospravnekraje.sk\/wp-content\/uploads\/2025\/05\/2025-04_SK8-prieskum_eurofondy-fungovanie-verejnej-spravy.pdf\" target=\"_blank\" rel=\"noreferrer noopener\">Prieskum verejnej mienky<\/a>&nbsp;realizovala agent\u00fara NMS pre zdru\u017eenie samospr\u00e1vnych krajov SK8 v mesiaci apr\u00edl 2025 na reprezentat\u00edvnej vzorke 1 016 respondentov naprie\u010d cel\u00fdm Slovenskom formou online dotazn\u00edka.&nbsp;<\/p>\n","protected":false},"excerpt":{"rendered":"<p>\u0160tvrt\u00e1 Ficova vl\u00e1da je odtrhnut\u00e1 od be\u017en\u00e9ho \u017eivota a&nbsp;probl\u00e9mov \u013eud\u00ed. Rozhoduje o \u201epomn\u00edkoch Koneva,&#8221; \u0161krt\u00ed podnikanie da\u0148ami, zvy\u0161uje si platy alebo ude\u013euje do\u017eivotn\u00e9 renty papal\u00e1\u0161om. Aj preto sa samospr\u00e1vy te\u0161ia vy\u0161\u0161ej d\u00f4vere obyvate\u013eov ako vl\u00e1da. V\u00fdsledky prieskumu, ktor\u00fd pre zdru\u017eenie samospr\u00e1vnych krajov SK8 realizovala agent\u00fara NMS, hovoria jasne. A\u017e 90 % op\u00fdtan\u00fdch je za to, [&hellip;]<\/p>\n","protected":false},"author":13,"featured_media":7294,"comment_status":"closed","ping_status":"closed","sticky":false,"template":"","format":"standard","meta":{"_acf_changed":false,"ngg_post_thumbnail":0,"footnotes":""},"categories":[4],"tags":[],"class_list":["post-7293","post","type-post","status-publish","format-standard","has-post-thumbnail","hentry","category-tlacove-spravy"],"acf":[],"yoast_head":"<!-- This site is optimized with the Yoast SEO plugin v27.2 - https:\/\/yoast.com\/product\/yoast-seo-wordpress\/ -->\n<title>Vl\u00e1da nere\u0161pektuje regi\u00f3ny, \u010d\u00edm \u0161kod\u00ed ob\u010danom. Strana Demokrati reaguje na najnov\u0161ie zistenia prieskumu verejnej mienky<\/title>\n<meta name=\"robots\" content=\"index, follow, max-snippet:-1, max-image-preview:large, max-video-preview:-1\" \/>\n<link rel=\"canonical\" href=\"https:\/\/www.smedemokrati.sk\/hu\/vlada-nerespektuje-regiony-cim-skodi-obcanom-strana-demokrati-reaguje-na-najnovsie-zistenia-prieskumu-verejnej-mienky\/\" \/>\n<meta property=\"og:locale\" content=\"hu_HU\" \/>\n<meta property=\"og:locale:alternate\" content=\"en_US\" \/>\n<meta property=\"og:locale:alternate\" content=\"cs_CZ\" \/>\n<meta property=\"og:locale:alternate\" content=\"sk_SK\" \/>\n<meta property=\"og:locale:alternate\" content=\"sv_SE\" \/>\n<meta property=\"og:type\" content=\"article\" \/>\n<meta property=\"og:title\" content=\"Vl\u00e1da nere\u0161pektuje regi\u00f3ny, \u010d\u00edm \u0161kod\u00ed ob\u010danom. Strana Demokrati reaguje na najnov\u0161ie zistenia prieskumu verejnej mienky\" \/>\n<meta property=\"og:description\" content=\"\u0160tvrt\u00e1 Ficova vl\u00e1da je odtrhnut\u00e1 od be\u017en\u00e9ho \u017eivota a&nbsp;probl\u00e9mov \u013eud\u00ed. Rozhoduje o \u201epomn\u00edkoch Koneva,&#8221; \u0161krt\u00ed podnikanie da\u0148ami, zvy\u0161uje si platy alebo ude\u013euje do\u017eivotn\u00e9 renty papal\u00e1\u0161om. Aj preto sa samospr\u00e1vy te\u0161ia vy\u0161\u0161ej d\u00f4vere obyvate\u013eov ako vl\u00e1da. V\u00fdsledky prieskumu, ktor\u00fd pre zdru\u017eenie samospr\u00e1vnych krajov SK8 realizovala agent\u00fara NMS, hovoria jasne. A\u017e 90 % op\u00fdtan\u00fdch je za to, [&hellip;]\" \/>\n<meta property=\"og:url\" content=\"https:\/\/www.smedemokrati.sk\/hu\/vlada-nerespektuje-regiony-cim-skodi-obcanom-strana-demokrati-reaguje-na-najnovsie-zistenia-prieskumu-verejnej-mienky\/\" \/>\n<meta property=\"og:site_name\" content=\"Smedemokrati.sk\" \/>\n<meta property=\"article:publisher\" content=\"https:\/\/www.facebook.com\/smedemokrati2023\" \/>\n<meta property=\"article:published_time\" content=\"2025-05-22T10:38:25+00:00\" \/>\n<meta property=\"article:modified_time\" content=\"2025-05-22T10:38:26+00:00\" \/>\n<meta property=\"og:image\" content=\"https:\/\/www.smedemokrati.sk\/wp-content\/uploads\/2025\/05\/Snimka-obrazovky-2025-05-22-123726.png\" \/>\n\t<meta property=\"og:image:width\" content=\"1297\" \/>\n\t<meta property=\"og:image:height\" content=\"722\" \/>\n\t<meta property=\"og:image:type\" content=\"image\/png\" \/>\n<meta name=\"author\" content=\"miro.sopko\" \/>\n<meta name=\"twitter:card\" content=\"summary_large_image\" \/>\n<meta name=\"twitter:label1\" content=\"Szerz\u0151:\" \/>\n\t<meta name=\"twitter:data1\" content=\"miro.sopko\" \/>\n\t<meta name=\"twitter:label2\" content=\"Becs\u00fclt olvas\u00e1si id\u0151\" \/>\n\t<meta name=\"twitter:data2\" content=\"2 perc\" \/>\n<script type=\"application\/ld+json\" class=\"yoast-schema-graph\">{\"@context\":\"https:\/\/schema.org\",\"@graph\":[{\"@type\":\"Article\",\"@id\":\"https:\/\/www.smedemokrati.sk\/vlada-nerespektuje-regiony-cim-skodi-obcanom-strana-demokrati-reaguje-na-najnovsie-zistenia-prieskumu-verejnej-mienky\/#article\",\"isPartOf\":{\"@id\":\"https:\/\/www.smedemokrati.sk\/vlada-nerespektuje-regiony-cim-skodi-obcanom-strana-demokrati-reaguje-na-najnovsie-zistenia-prieskumu-verejnej-mienky\/\"},\"author\":{\"name\":\"miro.sopko\",\"@id\":\"https:\/\/www.smedemokrati.sk\/#\/schema\/person\/21f147c88d605aa7ded900e1e7c344ba\"},\"headline\":\"Vl\u00e1da nere\u0161pektuje regi\u00f3ny, \u010d\u00edm \u0161kod\u00ed ob\u010danom. Strana Demokrati reaguje na najnov\u0161ie zistenia prieskumu verejnej mienky\",\"datePublished\":\"2025-05-22T10:38:25+00:00\",\"dateModified\":\"2025-05-22T10:38:26+00:00\",\"mainEntityOfPage\":{\"@id\":\"https:\/\/www.smedemokrati.sk\/vlada-nerespektuje-regiony-cim-skodi-obcanom-strana-demokrati-reaguje-na-najnovsie-zistenia-prieskumu-verejnej-mienky\/\"},\"wordCount\":411,\"publisher\":{\"@id\":\"https:\/\/www.smedemokrati.sk\/#organization\"},\"image\":{\"@id\":\"https:\/\/www.smedemokrati.sk\/vlada-nerespektuje-regiony-cim-skodi-obcanom-strana-demokrati-reaguje-na-najnovsie-zistenia-prieskumu-verejnej-mienky\/#primaryimage\"},\"thumbnailUrl\":\"https:\/\/www.smedemokrati.sk\/wp-content\/uploads\/2025\/05\/Snimka-obrazovky-2025-05-22-123726.png\",\"articleSection\":[\"Tla\u010dov\u00e9 spr\u00e1vy\"],\"inLanguage\":\"hu-HU\"},{\"@type\":\"WebPage\",\"@id\":\"https:\/\/www.smedemokrati.sk\/vlada-nerespektuje-regiony-cim-skodi-obcanom-strana-demokrati-reaguje-na-najnovsie-zistenia-prieskumu-verejnej-mienky\/\",\"url\":\"https:\/\/www.smedemokrati.sk\/vlada-nerespektuje-regiony-cim-skodi-obcanom-strana-demokrati-reaguje-na-najnovsie-zistenia-prieskumu-verejnej-mienky\/\",\"name\":\"Vl\u00e1da nere\u0161pektuje regi\u00f3ny, \u010d\u00edm \u0161kod\u00ed ob\u010danom. Strana Demokrati reaguje na najnov\u0161ie zistenia prieskumu verejnej mienky\",\"isPartOf\":{\"@id\":\"https:\/\/www.smedemokrati.sk\/#website\"},\"primaryImageOfPage\":{\"@id\":\"https:\/\/www.smedemokrati.sk\/vlada-nerespektuje-regiony-cim-skodi-obcanom-strana-demokrati-reaguje-na-najnovsie-zistenia-prieskumu-verejnej-mienky\/#primaryimage\"},\"image\":{\"@id\":\"https:\/\/www.smedemokrati.sk\/vlada-nerespektuje-regiony-cim-skodi-obcanom-strana-demokrati-reaguje-na-najnovsie-zistenia-prieskumu-verejnej-mienky\/#primaryimage\"},\"thumbnailUrl\":\"https:\/\/www.smedemokrati.sk\/wp-content\/uploads\/2025\/05\/Snimka-obrazovky-2025-05-22-123726.png\",\"datePublished\":\"2025-05-22T10:38:25+00:00\",\"dateModified\":\"2025-05-22T10:38:26+00:00\",\"breadcrumb\":{\"@id\":\"https:\/\/www.smedemokrati.sk\/vlada-nerespektuje-regiony-cim-skodi-obcanom-strana-demokrati-reaguje-na-najnovsie-zistenia-prieskumu-verejnej-mienky\/#breadcrumb\"},\"inLanguage\":\"hu-HU\",\"potentialAction\":[{\"@type\":\"ReadAction\",\"target\":[\"https:\/\/www.smedemokrati.sk\/vlada-nerespektuje-regiony-cim-skodi-obcanom-strana-demokrati-reaguje-na-najnovsie-zistenia-prieskumu-verejnej-mienky\/\"]}]},{\"@type\":\"ImageObject\",\"inLanguage\":\"hu-HU\",\"@id\":\"https:\/\/www.smedemokrati.sk\/vlada-nerespektuje-regiony-cim-skodi-obcanom-strana-demokrati-reaguje-na-najnovsie-zistenia-prieskumu-verejnej-mienky\/#primaryimage\",\"url\":\"https:\/\/www.smedemokrati.sk\/wp-content\/uploads\/2025\/05\/Snimka-obrazovky-2025-05-22-123726.png\",\"contentUrl\":\"https:\/\/www.smedemokrati.sk\/wp-content\/uploads\/2025\/05\/Snimka-obrazovky-2025-05-22-123726.png\",\"width\":1297,\"height\":722},{\"@type\":\"BreadcrumbList\",\"@id\":\"https:\/\/www.smedemokrati.sk\/vlada-nerespektuje-regiony-cim-skodi-obcanom-strana-demokrati-reaguje-na-najnovsie-zistenia-prieskumu-verejnej-mienky\/#breadcrumb\",\"itemListElement\":[{\"@type\":\"ListItem\",\"position\":1,\"name\":\"Domovsk\u00e1 str\u00e1nka\",\"item\":\"https:\/\/www.smedemokrati.sk\/\"},{\"@type\":\"ListItem\",\"position\":2,\"name\":\"Vl\u00e1da nere\u0161pektuje regi\u00f3ny, \u010d\u00edm \u0161kod\u00ed ob\u010danom. Strana Demokrati reaguje na najnov\u0161ie zistenia prieskumu verejnej mienky\"}]},{\"@type\":\"WebSite\",\"@id\":\"https:\/\/www.smedemokrati.sk\/#website\",\"url\":\"https:\/\/www.smedemokrati.sk\/\",\"name\":\"Smedemokrati.sk\",\"description\":\"Demokracia a slu\u0161nos\u0165 zv\u00ed\u0165az\u00ed\",\"publisher\":{\"@id\":\"https:\/\/www.smedemokrati.sk\/#organization\"},\"potentialAction\":[{\"@type\":\"SearchAction\",\"target\":{\"@type\":\"EntryPoint\",\"urlTemplate\":\"https:\/\/www.smedemokrati.sk\/?s={search_term_string}\"},\"query-input\":{\"@type\":\"PropertyValueSpecification\",\"valueRequired\":true,\"valueName\":\"search_term_string\"}}],\"inLanguage\":\"hu-HU\"},{\"@type\":\"Organization\",\"@id\":\"https:\/\/www.smedemokrati.sk\/#organization\",\"name\":\"Smedemokrati.sk\",\"url\":\"https:\/\/www.smedemokrati.sk\/\",\"logo\":{\"@type\":\"ImageObject\",\"inLanguage\":\"hu-HU\",\"@id\":\"https:\/\/www.smedemokrati.sk\/#\/schema\/logo\/image\/\",\"url\":\"https:\/\/www.smedemokrati.sk\/wp-content\/uploads\/2023\/04\/ff.002.jpeg\",\"contentUrl\":\"https:\/\/www.smedemokrati.sk\/wp-content\/uploads\/2023\/04\/ff.002.jpeg\",\"width\":640,\"height\":480,\"caption\":\"Smedemokrati.sk\"},\"image\":{\"@id\":\"https:\/\/www.smedemokrati.sk\/#\/schema\/logo\/image\/\"},\"sameAs\":[\"https:\/\/www.facebook.com\/smedemokrati2023\"]},{\"@type\":\"Person\",\"@id\":\"https:\/\/www.smedemokrati.sk\/#\/schema\/person\/21f147c88d605aa7ded900e1e7c344ba\",\"name\":\"miro.sopko\",\"image\":{\"@type\":\"ImageObject\",\"inLanguage\":\"hu-HU\",\"@id\":\"https:\/\/secure.gravatar.com\/avatar\/267e4a36f704376c109afe3a78740c1f5dd8675a2180a908699e7863c9247606?s=96&d=mm&r=g\",\"url\":\"https:\/\/secure.gravatar.com\/avatar\/267e4a36f704376c109afe3a78740c1f5dd8675a2180a908699e7863c9247606?s=96&d=mm&r=g\",\"contentUrl\":\"https:\/\/secure.gravatar.com\/avatar\/267e4a36f704376c109afe3a78740c1f5dd8675a2180a908699e7863c9247606?s=96&d=mm&r=g\",\"caption\":\"miro.sopko\"},\"url\":\"https:\/\/www.smedemokrati.sk\/hu\/author\/miro-sopko\/\"}]}<\/script>\n<!-- \/ Yoast SEO plugin. -->","yoast_head_json":{"title":"Vl\u00e1da nere\u0161pektuje regi\u00f3ny, \u010d\u00edm \u0161kod\u00ed ob\u010danom. Strana Demokrati reaguje na najnov\u0161ie zistenia prieskumu verejnej mienky","robots":{"index":"index","follow":"follow","max-snippet":"max-snippet:-1","max-image-preview":"max-image-preview:large","max-video-preview":"max-video-preview:-1"},"canonical":"https:\/\/www.smedemokrati.sk\/hu\/vlada-nerespektuje-regiony-cim-skodi-obcanom-strana-demokrati-reaguje-na-najnovsie-zistenia-prieskumu-verejnej-mienky\/","og_locale":"hu_HU","og_type":"article","og_title":"[:sk]Vl\u00e1da nere\u0161pektuje regi\u00f3ny, \u010d\u00edm \u0161kod\u00ed ob\u010danom. Strana Demokrati reaguje na najnov\u0161ie zistenia prieskumu verejnej mienky[:] - Smedemokrati.sk","og_description":"\u0160tvrt\u00e1 Ficova vl\u00e1da je odtrhnut\u00e1 od be\u017en\u00e9ho \u017eivota a&nbsp;probl\u00e9mov \u013eud\u00ed. Rozhoduje o \u201epomn\u00edkoch Koneva,&#8221; \u0161krt\u00ed podnikanie da\u0148ami, zvy\u0161uje si platy alebo ude\u013euje do\u017eivotn\u00e9 renty papal\u00e1\u0161om. Aj preto sa samospr\u00e1vy te\u0161ia vy\u0161\u0161ej d\u00f4vere obyvate\u013eov ako vl\u00e1da. V\u00fdsledky prieskumu, ktor\u00fd pre zdru\u017eenie samospr\u00e1vnych krajov SK8 realizovala agent\u00fara NMS, hovoria jasne. A\u017e 90 % op\u00fdtan\u00fdch je za to, [&hellip;]","og_url":"https:\/\/www.smedemokrati.sk\/hu\/vlada-nerespektuje-regiony-cim-skodi-obcanom-strana-demokrati-reaguje-na-najnovsie-zistenia-prieskumu-verejnej-mienky\/","og_site_name":"Smedemokrati.sk","article_publisher":"https:\/\/www.facebook.com\/smedemokrati2023","article_published_time":"2025-05-22T10:38:25+00:00","article_modified_time":"2025-05-22T10:38:26+00:00","og_image":[{"width":1297,"height":722,"url":"https:\/\/www.smedemokrati.sk\/wp-content\/uploads\/2025\/05\/Snimka-obrazovky-2025-05-22-123726.png","type":"image\/png"}],"author":"miro.sopko","twitter_card":"summary_large_image","twitter_misc":{"Szerz\u0151:":"miro.sopko","Becs\u00fclt olvas\u00e1si id\u0151":"2 perc"},"schema":{"@context":"https:\/\/schema.org","@graph":[{"@type":"Article","@id":"https:\/\/www.smedemokrati.sk\/vlada-nerespektuje-regiony-cim-skodi-obcanom-strana-demokrati-reaguje-na-najnovsie-zistenia-prieskumu-verejnej-mienky\/#article","isPartOf":{"@id":"https:\/\/www.smedemokrati.sk\/vlada-nerespektuje-regiony-cim-skodi-obcanom-strana-demokrati-reaguje-na-najnovsie-zistenia-prieskumu-verejnej-mienky\/"},"author":{"name":"miro.sopko","@id":"https:\/\/www.smedemokrati.sk\/#\/schema\/person\/21f147c88d605aa7ded900e1e7c344ba"},"headline":"Vl\u00e1da nere\u0161pektuje regi\u00f3ny, \u010d\u00edm \u0161kod\u00ed ob\u010danom. Strana Demokrati reaguje na najnov\u0161ie zistenia prieskumu verejnej mienky","datePublished":"2025-05-22T10:38:25+00:00","dateModified":"2025-05-22T10:38:26+00:00","mainEntityOfPage":{"@id":"https:\/\/www.smedemokrati.sk\/vlada-nerespektuje-regiony-cim-skodi-obcanom-strana-demokrati-reaguje-na-najnovsie-zistenia-prieskumu-verejnej-mienky\/"},"wordCount":411,"publisher":{"@id":"https:\/\/www.smedemokrati.sk\/#organization"},"image":{"@id":"https:\/\/www.smedemokrati.sk\/vlada-nerespektuje-regiony-cim-skodi-obcanom-strana-demokrati-reaguje-na-najnovsie-zistenia-prieskumu-verejnej-mienky\/#primaryimage"},"thumbnailUrl":"https:\/\/www.smedemokrati.sk\/wp-content\/uploads\/2025\/05\/Snimka-obrazovky-2025-05-22-123726.png","articleSection":["Tla\u010dov\u00e9 spr\u00e1vy"],"inLanguage":"hu-HU"},{"@type":"WebPage","@id":"https:\/\/www.smedemokrati.sk\/vlada-nerespektuje-regiony-cim-skodi-obcanom-strana-demokrati-reaguje-na-najnovsie-zistenia-prieskumu-verejnej-mienky\/","url":"https:\/\/www.smedemokrati.sk\/vlada-nerespektuje-regiony-cim-skodi-obcanom-strana-demokrati-reaguje-na-najnovsie-zistenia-prieskumu-verejnej-mienky\/","name":"Vl\u00e1da nere\u0161pektuje regi\u00f3ny, \u010d\u00edm \u0161kod\u00ed ob\u010danom. Strana Demokrati reaguje na najnov\u0161ie zistenia prieskumu verejnej mienky","isPartOf":{"@id":"https:\/\/www.smedemokrati.sk\/#website"},"primaryImageOfPage":{"@id":"https:\/\/www.smedemokrati.sk\/vlada-nerespektuje-regiony-cim-skodi-obcanom-strana-demokrati-reaguje-na-najnovsie-zistenia-prieskumu-verejnej-mienky\/#primaryimage"},"image":{"@id":"https:\/\/www.smedemokrati.sk\/vlada-nerespektuje-regiony-cim-skodi-obcanom-strana-demokrati-reaguje-na-najnovsie-zistenia-prieskumu-verejnej-mienky\/#primaryimage"},"thumbnailUrl":"https:\/\/www.smedemokrati.sk\/wp-content\/uploads\/2025\/05\/Snimka-obrazovky-2025-05-22-123726.png","datePublished":"2025-05-22T10:38:25+00:00","dateModified":"2025-05-22T10:38:26+00:00","breadcrumb":{"@id":"https:\/\/www.smedemokrati.sk\/vlada-nerespektuje-regiony-cim-skodi-obcanom-strana-demokrati-reaguje-na-najnovsie-zistenia-prieskumu-verejnej-mienky\/#breadcrumb"},"inLanguage":"hu-HU","potentialAction":[{"@type":"ReadAction","target":["https:\/\/www.smedemokrati.sk\/vlada-nerespektuje-regiony-cim-skodi-obcanom-strana-demokrati-reaguje-na-najnovsie-zistenia-prieskumu-verejnej-mienky\/"]}]},{"@type":"ImageObject","inLanguage":"hu-HU","@id":"https:\/\/www.smedemokrati.sk\/vlada-nerespektuje-regiony-cim-skodi-obcanom-strana-demokrati-reaguje-na-najnovsie-zistenia-prieskumu-verejnej-mienky\/#primaryimage","url":"https:\/\/www.smedemokrati.sk\/wp-content\/uploads\/2025\/05\/Snimka-obrazovky-2025-05-22-123726.png","contentUrl":"https:\/\/www.smedemokrati.sk\/wp-content\/uploads\/2025\/05\/Snimka-obrazovky-2025-05-22-123726.png","width":1297,"height":722},{"@type":"BreadcrumbList","@id":"https:\/\/www.smedemokrati.sk\/vlada-nerespektuje-regiony-cim-skodi-obcanom-strana-demokrati-reaguje-na-najnovsie-zistenia-prieskumu-verejnej-mienky\/#breadcrumb","itemListElement":[{"@type":"ListItem","position":1,"name":"Domovsk\u00e1 str\u00e1nka","item":"https:\/\/www.smedemokrati.sk\/"},{"@type":"ListItem","position":2,"name":"Vl\u00e1da nere\u0161pektuje regi\u00f3ny, \u010d\u00edm \u0161kod\u00ed ob\u010danom. Strana Demokrati reaguje na najnov\u0161ie zistenia prieskumu verejnej mienky"}]},{"@type":"WebSite","@id":"https:\/\/www.smedemokrati.sk\/#website","url":"https:\/\/www.smedemokrati.sk\/","name":"Smedemokrati.sk","description":"Demokracia a slu\u0161nos\u0165 zv\u00ed\u0165az\u00ed","publisher":{"@id":"https:\/\/www.smedemokrati.sk\/#organization"},"potentialAction":[{"@type":"SearchAction","target":{"@type":"EntryPoint","urlTemplate":"https:\/\/www.smedemokrati.sk\/?s={search_term_string}"},"query-input":{"@type":"PropertyValueSpecification","valueRequired":true,"valueName":"search_term_string"}}],"inLanguage":"hu-HU"},{"@type":"Organization","@id":"https:\/\/www.smedemokrati.sk\/#organization","name":"Smedemokrati.sk","url":"https:\/\/www.smedemokrati.sk\/","logo":{"@type":"ImageObject","inLanguage":"hu-HU","@id":"https:\/\/www.smedemokrati.sk\/#\/schema\/logo\/image\/","url":"https:\/\/www.smedemokrati.sk\/wp-content\/uploads\/2023\/04\/ff.002.jpeg","contentUrl":"https:\/\/www.smedemokrati.sk\/wp-content\/uploads\/2023\/04\/ff.002.jpeg","width":640,"height":480,"caption":"Smedemokrati.sk"},"image":{"@id":"https:\/\/www.smedemokrati.sk\/#\/schema\/logo\/image\/"},"sameAs":["https:\/\/www.facebook.com\/smedemokrati2023"]},{"@type":"Person","@id":"https:\/\/www.smedemokrati.sk\/#\/schema\/person\/21f147c88d605aa7ded900e1e7c344ba","name":"miro.sopko","image":{"@type":"ImageObject","inLanguage":"hu-HU","@id":"https:\/\/secure.gravatar.com\/avatar\/267e4a36f704376c109afe3a78740c1f5dd8675a2180a908699e7863c9247606?s=96&d=mm&r=g","url":"https:\/\/secure.gravatar.com\/avatar\/267e4a36f704376c109afe3a78740c1f5dd8675a2180a908699e7863c9247606?s=96&d=mm&r=g","contentUrl":"https:\/\/secure.gravatar.com\/avatar\/267e4a36f704376c109afe3a78740c1f5dd8675a2180a908699e7863c9247606?s=96&d=mm&r=g","caption":"miro.sopko"},"url":"https:\/\/www.smedemokrati.sk\/hu\/author\/miro-sopko\/"}]}},"_links":{"self":[{"href":"https:\/\/www.smedemokrati.sk\/hu\/wp-json\/wp\/v2\/posts\/7293","targetHints":{"allow":["GET"]}}],"collection":[{"href":"https:\/\/www.smedemokrati.sk\/hu\/wp-json\/wp\/v2\/posts"}],"about":[{"href":"https:\/\/www.smedemokrati.sk\/hu\/wp-json\/wp\/v2\/types\/post"}],"author":[{"embeddable":true,"href":"https:\/\/www.smedemokrati.sk\/hu\/wp-json\/wp\/v2\/users\/13"}],"replies":[{"embeddable":true,"href":"https:\/\/www.smedemokrati.sk\/hu\/wp-json\/wp\/v2\/comments?post=7293"}],"version-history":[{"count":1,"href":"https:\/\/www.smedemokrati.sk\/hu\/wp-json\/wp\/v2\/posts\/7293\/revisions"}],"predecessor-version":[{"id":7295,"href":"https:\/\/www.smedemokrati.sk\/hu\/wp-json\/wp\/v2\/posts\/7293\/revisions\/7295"}],"wp:featuredmedia":[{"embeddable":true,"href":"https:\/\/www.smedemokrati.sk\/hu\/wp-json\/wp\/v2\/media\/7294"}],"wp:attachment":[{"href":"https:\/\/www.smedemokrati.sk\/hu\/wp-json\/wp\/v2\/media?parent=7293"}],"wp:term":[{"taxonomy":"category","embeddable":true,"href":"https:\/\/www.smedemokrati.sk\/hu\/wp-json\/wp\/v2\/categories?post=7293"},{"taxonomy":"post_tag","embeddable":true,"href":"https:\/\/www.smedemokrati.sk\/hu\/wp-json\/wp\/v2\/tags?post=7293"}],"curies":[{"name":"wp","href":"https:\/\/api.w.org\/{rel}","templated":true}]}}