{"id":7274,"date":"2025-05-20T19:20:38","date_gmt":"2025-05-20T18:20:38","guid":{"rendered":"https:\/\/www.smedemokrati.sk\/?p=7274"},"modified":"2025-05-20T19:20:40","modified_gmt":"2025-05-20T18:20:40","slug":"takaca-moze-pochvalit-za-jeho-kvacky-s-uspechmi-iba-fico","status":"publish","type":"post","link":"https:\/\/www.smedemokrati.sk\/hu\/takaca-moze-pochvalit-za-jeho-kvacky-s-uspechmi-iba-fico\/","title":{"rendered":"Tak\u00e1\u010da m\u00f4\u017ee pochv\u00e1li\u0165 za jeho kva\u010dky s \u201e\u00faspechmi\u201c iba Fico"},"content":{"rendered":"<div id=\"fb-root\"><\/div>\n\n<p><strong>Premi\u00e9r Fico a ani minister p\u00f4dohospod\u00e1rstva Tak\u00e1\u010d \u017eiadnou tla\u010dovkou neprekryj\u00fa skuto\u010dn\u00e9 probl\u00e9my rezortu. Minister sa nepochv\u00e1lil dvoma ve\u013ek\u00fdmi \u00faspechmi: krytie svojich \u013eud\u00ed na rezorte, osobitne vo vz\u0165ahu ku kauze dobytk\u00e1r a hor\u00fa\u010dkovitou aktivitou na soci\u00e1lnych sie\u0165ach. V\u0161ade inde zlyhal. Demokrati podrobne rozoberaj\u00fa v\u00fdsledky rezortu.<\/strong><\/p>\n\n\n\n<p>Vl\u00e1da nedok\u00e1zala nijako pohn\u00fa\u0165 v jej vlajkovej lodi, potravinovej sebesta\u010dnosti. Dovoz potrav\u00edn na Slovensko na\u010falej st\u00fapa. V minulom roku st\u00faplo saldo o viac ako 300 mil. euro. Navy\u0161e, za hranice smeruj\u00fa \u010dasto z\u00e1kladn\u00e9 produkty, zatia\u013e \u010do k n\u00e1m prich\u00e1dzaj\u00fa u\u017e spracovan\u00e9 potraviny.\u00a0<em>\u201eS cenami potrav\u00edn Tak\u00e1\u010d bojuje podobne ako rusk\u00ed \u0161tatistici, kedy sa mu podarilo na prelome rokov akur\u00e1t zmeni\u0165 metodiku ich vykazovania, v\u010faka \u010domu s\u00fa lacnej\u0161ie len na papieri. Realitu nech si porovnaj\u00fa be\u017en\u00ed spotrebitelia vo svojich pe\u0148a\u017eenk\u00e1ch. Podpora po\u013enohospod\u00e1rov zo \u0161t\u00e1tneho rozpo\u010dtu je ni\u017e\u0161ia ako v obdob\u00ed Hegerov\u00fdch vl\u00e1d (pribli\u017ene 100 mil. euro ro\u010dne oproti pribli\u017ene 80 mil. za Tak\u00e1\u010da). \u0160t\u00e1tne lesy \u0165a\u017ebu dreva a tr\u017eby z nej zvy\u0161uj\u00fa, zisk paradoxne nest\u00fapa. Pr\u00ed\u010dinou m\u00f4\u017eu by\u0165 st\u00e1mili\u00f3nov\u00e9 pofid\u00e9rne z\u00e1kazky, ako napr\u00edklad t\u00e1 na \u0165a\u017ebu dreva, ktor\u00e1 zav\u00e1\u0148a kartelom. Tak\u00e1\u010d naviac \u00faplne opustil pr\u00edrode bl\u00edzke hospod\u00e1renie v lesoch, ktor\u00e9 sa menia na holoruby,\u201d\u00a0<\/em>kritizuje Michal Ki\u010da, enviroexpert Demokratov.\u00a0<\/p>\n\n\n\n<p>Tak\u00e1\u010d fat\u00e1lne zlyhal v \u00favodn\u00fdch f\u00e1zach slinta\u010dky a kr\u00edva\u010dky, kedy jeho ne\u010dinn\u00fd rezort p\u00f4sobil len ako atrapa ministerstva a kr\u00edzu naopak preh\u013abil. N\u00edm vychva\u013eovan\u00fd soci\u00e1lny dial\u00f3g je iba predstieran\u00fd, \u010dastokr\u00e1t ide o zastra\u0161ovanie jednotliv\u00fdch hr\u00e1\u010dov na trhu alebo pr\u00e1zdny marketing na predstieranie aktivity v o\u010diach voli\u010dov.<em>\u00a0\u201e\u00dasmevne p\u00f4sob\u00ed sebachv\u00e1la k zbabran\u00e9mu z\u00e1konu o po\u013eovn\u00edctve, ktor\u00fd nedok\u00e1zal pretla\u010di\u0165 vl\u00e1dou a naviac n\u00edm u ps\u00ed\u010dkarov vyvolal vlnu nev\u00f4le kv\u00f4li z\u00e1kazu vo\u013en\u00e9ho pohybu psov. Nebol schopn\u00fd predlo\u017ei\u0165 jedin\u00fd z\u00e1kon, ktor\u00fd by viedol k efekt\u00edvnemu zn\u00ed\u017eeniu cien potrav\u00edn,\u201d<\/em>\u00a0dop\u013a\u0148a Michal Ki\u010da.\u00a0<\/p>\n\n\n\n<p>Medzi skuto\u010dn\u00e9 \u00faspechy, ktor\u00fdmi sa ale Tak\u00e1\u010d nepochv\u00e1lil, patr\u00ed kontrarevol\u00facia v protikorup\u010dnom programe. O t\u00fa im napokon i\u0161lo. Ministerstvo a PPA op\u00e4\u0165 ovl\u00e1dla bodorovsk\u00e1 klika a na\u0161i \u013eudia a silnou fig\u00farou v rezorte je Stred\u00e1k.\u00a0<em>\u201eTak\u00e1\u010d sa zmohol akur\u00e1t na trestn\u00e9 ozn\u00e1menia na kritikov a celou silou sa sna\u017e\u00ed zmari\u0165 verejn\u00fa kontrolu pri smer\u00e1ckej kauze penzi\u00f3nov, ktor\u00e9 s\u00fa vlastne luxusn\u00fdmi vilami. Aby sme ministrovi nekrivdili, ve\u013ek\u00e9 \u00faspechy \u017ene aspo\u0148 v oblasti soci\u00e1lnych siet\u00ed. Po\u010dtom rozko\u0161n\u00fdch fotiek tromfne ktor\u00e9hoko\u013evek vl\u00e1dneho kolegu. Mysl\u00edme si, \u017ee jedin\u00fdm spokojn\u00fdm m\u00f4\u017ee by\u0165 iba Robert Fico a oligarchovia v pozad\u00ed, ktor\u00fdm o Slovensko nikdy ne\u0161lo,\u201d<\/em>\u00a0uzavrel Michal Ki\u010da.<\/p>\n\n\n<div class=\"fb-video\" data-href=\"https:\/\/www.facebook.com\/100089966184789\/videos\/-tak%C3%A1%C4%8Da-m%C3%B4%C5%BEe-pochv%C3%A1li%C5%A5-za-jeho-kva%C4%8Dky-s-%C3%BAspechmi-iba-ficotak-sme-mu-spravili-sku\/698961286188815\" data-allowfullscreen=\"true\" data-autoplay=\"false\" data-width=\"\" data-show-text=\"false\" data-show-captions=\"true\"><\/div>\n","protected":false},"excerpt":{"rendered":"<p>Premi\u00e9r Fico a ani minister p\u00f4dohospod\u00e1rstva Tak\u00e1\u010d \u017eiadnou tla\u010dovkou neprekryj\u00fa skuto\u010dn\u00e9 probl\u00e9my rezortu. Minister sa nepochv\u00e1lil dvoma ve\u013ek\u00fdmi \u00faspechmi: krytie svojich \u013eud\u00ed na rezorte, osobitne vo vz\u0165ahu ku kauze dobytk\u00e1r a hor\u00fa\u010dkovitou aktivitou na soci\u00e1lnych sie\u0165ach. V\u0161ade inde zlyhal. Demokrati podrobne rozoberaj\u00fa v\u00fdsledky rezortu. Vl\u00e1da nedok\u00e1zala nijako pohn\u00fa\u0165 v jej vlajkovej lodi, potravinovej sebesta\u010dnosti. Dovoz [&hellip;]<\/p>\n","protected":false},"author":13,"featured_media":4814,"comment_status":"closed","ping_status":"closed","sticky":false,"template":"","format":"standard","meta":{"_acf_changed":false,"ngg_post_thumbnail":0,"footnotes":""},"categories":[4],"tags":[],"class_list":["post-7274","post","type-post","status-publish","format-standard","has-post-thumbnail","hentry","category-tlacove-spravy"],"acf":[],"yoast_head":"<!-- This site is optimized with the Yoast SEO plugin v27.2 - https:\/\/yoast.com\/product\/yoast-seo-wordpress\/ -->\n<title>Tak\u00e1\u010da m\u00f4\u017ee pochv\u00e1li\u0165 za jeho kva\u010dky s \u201e\u00faspechmi\u201c iba Fico<\/title>\n<meta name=\"robots\" content=\"index, follow, max-snippet:-1, max-image-preview:large, max-video-preview:-1\" \/>\n<link rel=\"canonical\" href=\"https:\/\/www.smedemokrati.sk\/hu\/takaca-moze-pochvalit-za-jeho-kvacky-s-uspechmi-iba-fico\/\" \/>\n<meta property=\"og:locale\" content=\"hu_HU\" \/>\n<meta property=\"og:locale:alternate\" content=\"en_US\" \/>\n<meta property=\"og:locale:alternate\" content=\"cs_CZ\" \/>\n<meta property=\"og:locale:alternate\" content=\"sk_SK\" \/>\n<meta property=\"og:locale:alternate\" content=\"sv_SE\" \/>\n<meta property=\"og:type\" content=\"article\" \/>\n<meta property=\"og:title\" content=\"Tak\u00e1\u010da m\u00f4\u017ee pochv\u00e1li\u0165 za jeho kva\u010dky s \u201e\u00faspechmi\u201c iba Fico\" \/>\n<meta property=\"og:description\" content=\"Premi\u00e9r Fico a ani minister p\u00f4dohospod\u00e1rstva Tak\u00e1\u010d \u017eiadnou tla\u010dovkou neprekryj\u00fa skuto\u010dn\u00e9 probl\u00e9my rezortu. Minister sa nepochv\u00e1lil dvoma ve\u013ek\u00fdmi \u00faspechmi: krytie svojich \u013eud\u00ed na rezorte, osobitne vo vz\u0165ahu ku kauze dobytk\u00e1r a hor\u00fa\u010dkovitou aktivitou na soci\u00e1lnych sie\u0165ach. V\u0161ade inde zlyhal. Demokrati podrobne rozoberaj\u00fa v\u00fdsledky rezortu. Vl\u00e1da nedok\u00e1zala nijako pohn\u00fa\u0165 v jej vlajkovej lodi, potravinovej sebesta\u010dnosti. Dovoz [&hellip;]\" \/>\n<meta property=\"og:url\" content=\"https:\/\/www.smedemokrati.sk\/hu\/takaca-moze-pochvalit-za-jeho-kvacky-s-uspechmi-iba-fico\/\" \/>\n<meta property=\"og:site_name\" content=\"Smedemokrati.sk\" \/>\n<meta property=\"article:publisher\" content=\"https:\/\/www.facebook.com\/smedemokrati2023\" \/>\n<meta property=\"article:published_time\" content=\"2025-05-20T18:20:38+00:00\" \/>\n<meta property=\"article:modified_time\" content=\"2025-05-20T18:20:40+00:00\" \/>\n<meta property=\"og:image\" content=\"https:\/\/www.smedemokrati.sk\/wp-content\/uploads\/2024\/08\/takac.jpg\" \/>\n\t<meta property=\"og:image:width\" content=\"1080\" \/>\n\t<meta property=\"og:image:height\" content=\"810\" \/>\n\t<meta property=\"og:image:type\" content=\"image\/jpeg\" \/>\n<meta name=\"author\" content=\"miro.sopko\" \/>\n<meta name=\"twitter:card\" content=\"summary_large_image\" \/>\n<meta name=\"twitter:label1\" content=\"Szerz\u0151:\" \/>\n\t<meta name=\"twitter:data1\" content=\"miro.sopko\" \/>\n\t<meta name=\"twitter:label2\" content=\"Becs\u00fclt olvas\u00e1si id\u0151\" \/>\n\t<meta name=\"twitter:data2\" content=\"3 perc\" \/>\n<script type=\"application\/ld+json\" class=\"yoast-schema-graph\">{\"@context\":\"https:\/\/schema.org\",\"@graph\":[{\"@type\":\"Article\",\"@id\":\"https:\/\/www.smedemokrati.sk\/takaca-moze-pochvalit-za-jeho-kvacky-s-uspechmi-iba-fico\/#article\",\"isPartOf\":{\"@id\":\"https:\/\/www.smedemokrati.sk\/takaca-moze-pochvalit-za-jeho-kvacky-s-uspechmi-iba-fico\/\"},\"author\":{\"name\":\"miro.sopko\",\"@id\":\"https:\/\/www.smedemokrati.sk\/#\/schema\/person\/21f147c88d605aa7ded900e1e7c344ba\"},\"headline\":\"Tak\u00e1\u010da m\u00f4\u017ee pochv\u00e1li\u0165 za jeho kva\u010dky s \u201e\u00faspechmi\u201c iba Fico\",\"datePublished\":\"2025-05-20T18:20:38+00:00\",\"dateModified\":\"2025-05-20T18:20:40+00:00\",\"mainEntityOfPage\":{\"@id\":\"https:\/\/www.smedemokrati.sk\/takaca-moze-pochvalit-za-jeho-kvacky-s-uspechmi-iba-fico\/\"},\"wordCount\":560,\"publisher\":{\"@id\":\"https:\/\/www.smedemokrati.sk\/#organization\"},\"image\":{\"@id\":\"https:\/\/www.smedemokrati.sk\/takaca-moze-pochvalit-za-jeho-kvacky-s-uspechmi-iba-fico\/#primaryimage\"},\"thumbnailUrl\":\"https:\/\/www.smedemokrati.sk\/wp-content\/uploads\/2024\/08\/takac.jpg\",\"articleSection\":[\"Tla\u010dov\u00e9 spr\u00e1vy\"],\"inLanguage\":\"hu-HU\"},{\"@type\":\"WebPage\",\"@id\":\"https:\/\/www.smedemokrati.sk\/takaca-moze-pochvalit-za-jeho-kvacky-s-uspechmi-iba-fico\/\",\"url\":\"https:\/\/www.smedemokrati.sk\/takaca-moze-pochvalit-za-jeho-kvacky-s-uspechmi-iba-fico\/\",\"name\":\"Tak\u00e1\u010da m\u00f4\u017ee pochv\u00e1li\u0165 za jeho kva\u010dky s \u201e\u00faspechmi\u201c iba Fico\",\"isPartOf\":{\"@id\":\"https:\/\/www.smedemokrati.sk\/#website\"},\"primaryImageOfPage\":{\"@id\":\"https:\/\/www.smedemokrati.sk\/takaca-moze-pochvalit-za-jeho-kvacky-s-uspechmi-iba-fico\/#primaryimage\"},\"image\":{\"@id\":\"https:\/\/www.smedemokrati.sk\/takaca-moze-pochvalit-za-jeho-kvacky-s-uspechmi-iba-fico\/#primaryimage\"},\"thumbnailUrl\":\"https:\/\/www.smedemokrati.sk\/wp-content\/uploads\/2024\/08\/takac.jpg\",\"datePublished\":\"2025-05-20T18:20:38+00:00\",\"dateModified\":\"2025-05-20T18:20:40+00:00\",\"breadcrumb\":{\"@id\":\"https:\/\/www.smedemokrati.sk\/takaca-moze-pochvalit-za-jeho-kvacky-s-uspechmi-iba-fico\/#breadcrumb\"},\"inLanguage\":\"hu-HU\",\"potentialAction\":[{\"@type\":\"ReadAction\",\"target\":[\"https:\/\/www.smedemokrati.sk\/takaca-moze-pochvalit-za-jeho-kvacky-s-uspechmi-iba-fico\/\"]}]},{\"@type\":\"ImageObject\",\"inLanguage\":\"hu-HU\",\"@id\":\"https:\/\/www.smedemokrati.sk\/takaca-moze-pochvalit-za-jeho-kvacky-s-uspechmi-iba-fico\/#primaryimage\",\"url\":\"https:\/\/www.smedemokrati.sk\/wp-content\/uploads\/2024\/08\/takac.jpg\",\"contentUrl\":\"https:\/\/www.smedemokrati.sk\/wp-content\/uploads\/2024\/08\/takac.jpg\",\"width\":1080,\"height\":810},{\"@type\":\"BreadcrumbList\",\"@id\":\"https:\/\/www.smedemokrati.sk\/takaca-moze-pochvalit-za-jeho-kvacky-s-uspechmi-iba-fico\/#breadcrumb\",\"itemListElement\":[{\"@type\":\"ListItem\",\"position\":1,\"name\":\"Domovsk\u00e1 str\u00e1nka\",\"item\":\"https:\/\/www.smedemokrati.sk\/\"},{\"@type\":\"ListItem\",\"position\":2,\"name\":\"Tak\u00e1\u010da m\u00f4\u017ee pochv\u00e1li\u0165 za jeho kva\u010dky s \u201e\u00faspechmi\u201c iba Fico\"}]},{\"@type\":\"WebSite\",\"@id\":\"https:\/\/www.smedemokrati.sk\/#website\",\"url\":\"https:\/\/www.smedemokrati.sk\/\",\"name\":\"Smedemokrati.sk\",\"description\":\"Demokracia a slu\u0161nos\u0165 zv\u00ed\u0165az\u00ed\",\"publisher\":{\"@id\":\"https:\/\/www.smedemokrati.sk\/#organization\"},\"potentialAction\":[{\"@type\":\"SearchAction\",\"target\":{\"@type\":\"EntryPoint\",\"urlTemplate\":\"https:\/\/www.smedemokrati.sk\/?s={search_term_string}\"},\"query-input\":{\"@type\":\"PropertyValueSpecification\",\"valueRequired\":true,\"valueName\":\"search_term_string\"}}],\"inLanguage\":\"hu-HU\"},{\"@type\":\"Organization\",\"@id\":\"https:\/\/www.smedemokrati.sk\/#organization\",\"name\":\"Smedemokrati.sk\",\"url\":\"https:\/\/www.smedemokrati.sk\/\",\"logo\":{\"@type\":\"ImageObject\",\"inLanguage\":\"hu-HU\",\"@id\":\"https:\/\/www.smedemokrati.sk\/#\/schema\/logo\/image\/\",\"url\":\"https:\/\/www.smedemokrati.sk\/wp-content\/uploads\/2023\/04\/ff.002.jpeg\",\"contentUrl\":\"https:\/\/www.smedemokrati.sk\/wp-content\/uploads\/2023\/04\/ff.002.jpeg\",\"width\":640,\"height\":480,\"caption\":\"Smedemokrati.sk\"},\"image\":{\"@id\":\"https:\/\/www.smedemokrati.sk\/#\/schema\/logo\/image\/\"},\"sameAs\":[\"https:\/\/www.facebook.com\/smedemokrati2023\"]},{\"@type\":\"Person\",\"@id\":\"https:\/\/www.smedemokrati.sk\/#\/schema\/person\/21f147c88d605aa7ded900e1e7c344ba\",\"name\":\"miro.sopko\",\"image\":{\"@type\":\"ImageObject\",\"inLanguage\":\"hu-HU\",\"@id\":\"https:\/\/secure.gravatar.com\/avatar\/267e4a36f704376c109afe3a78740c1f5dd8675a2180a908699e7863c9247606?s=96&d=mm&r=g\",\"url\":\"https:\/\/secure.gravatar.com\/avatar\/267e4a36f704376c109afe3a78740c1f5dd8675a2180a908699e7863c9247606?s=96&d=mm&r=g\",\"contentUrl\":\"https:\/\/secure.gravatar.com\/avatar\/267e4a36f704376c109afe3a78740c1f5dd8675a2180a908699e7863c9247606?s=96&d=mm&r=g\",\"caption\":\"miro.sopko\"},\"url\":\"https:\/\/www.smedemokrati.sk\/hu\/author\/miro-sopko\/\"}]}<\/script>\n<!-- \/ Yoast SEO plugin. -->","yoast_head_json":{"title":"Tak\u00e1\u010da m\u00f4\u017ee pochv\u00e1li\u0165 za jeho kva\u010dky s \u201e\u00faspechmi\u201c iba Fico","robots":{"index":"index","follow":"follow","max-snippet":"max-snippet:-1","max-image-preview":"max-image-preview:large","max-video-preview":"max-video-preview:-1"},"canonical":"https:\/\/www.smedemokrati.sk\/hu\/takaca-moze-pochvalit-za-jeho-kvacky-s-uspechmi-iba-fico\/","og_locale":"hu_HU","og_type":"article","og_title":"[:sk]Tak\u00e1\u010da m\u00f4\u017ee pochv\u00e1li\u0165 za jeho kva\u010dky s \u201e\u00faspechmi\u201c iba Fico[:] - Smedemokrati.sk","og_description":"Premi\u00e9r Fico a ani minister p\u00f4dohospod\u00e1rstva Tak\u00e1\u010d \u017eiadnou tla\u010dovkou neprekryj\u00fa skuto\u010dn\u00e9 probl\u00e9my rezortu. Minister sa nepochv\u00e1lil dvoma ve\u013ek\u00fdmi \u00faspechmi: krytie svojich \u013eud\u00ed na rezorte, osobitne vo vz\u0165ahu ku kauze dobytk\u00e1r a hor\u00fa\u010dkovitou aktivitou na soci\u00e1lnych sie\u0165ach. V\u0161ade inde zlyhal. Demokrati podrobne rozoberaj\u00fa v\u00fdsledky rezortu. Vl\u00e1da nedok\u00e1zala nijako pohn\u00fa\u0165 v jej vlajkovej lodi, potravinovej sebesta\u010dnosti. Dovoz [&hellip;]","og_url":"https:\/\/www.smedemokrati.sk\/hu\/takaca-moze-pochvalit-za-jeho-kvacky-s-uspechmi-iba-fico\/","og_site_name":"Smedemokrati.sk","article_publisher":"https:\/\/www.facebook.com\/smedemokrati2023","article_published_time":"2025-05-20T18:20:38+00:00","article_modified_time":"2025-05-20T18:20:40+00:00","og_image":[{"width":1080,"height":810,"url":"https:\/\/www.smedemokrati.sk\/wp-content\/uploads\/2024\/08\/takac.jpg","type":"image\/jpeg"}],"author":"miro.sopko","twitter_card":"summary_large_image","twitter_misc":{"Szerz\u0151:":"miro.sopko","Becs\u00fclt olvas\u00e1si id\u0151":"3 perc"},"schema":{"@context":"https:\/\/schema.org","@graph":[{"@type":"Article","@id":"https:\/\/www.smedemokrati.sk\/takaca-moze-pochvalit-za-jeho-kvacky-s-uspechmi-iba-fico\/#article","isPartOf":{"@id":"https:\/\/www.smedemokrati.sk\/takaca-moze-pochvalit-za-jeho-kvacky-s-uspechmi-iba-fico\/"},"author":{"name":"miro.sopko","@id":"https:\/\/www.smedemokrati.sk\/#\/schema\/person\/21f147c88d605aa7ded900e1e7c344ba"},"headline":"Tak\u00e1\u010da m\u00f4\u017ee pochv\u00e1li\u0165 za jeho kva\u010dky s \u201e\u00faspechmi\u201c iba Fico","datePublished":"2025-05-20T18:20:38+00:00","dateModified":"2025-05-20T18:20:40+00:00","mainEntityOfPage":{"@id":"https:\/\/www.smedemokrati.sk\/takaca-moze-pochvalit-za-jeho-kvacky-s-uspechmi-iba-fico\/"},"wordCount":560,"publisher":{"@id":"https:\/\/www.smedemokrati.sk\/#organization"},"image":{"@id":"https:\/\/www.smedemokrati.sk\/takaca-moze-pochvalit-za-jeho-kvacky-s-uspechmi-iba-fico\/#primaryimage"},"thumbnailUrl":"https:\/\/www.smedemokrati.sk\/wp-content\/uploads\/2024\/08\/takac.jpg","articleSection":["Tla\u010dov\u00e9 spr\u00e1vy"],"inLanguage":"hu-HU"},{"@type":"WebPage","@id":"https:\/\/www.smedemokrati.sk\/takaca-moze-pochvalit-za-jeho-kvacky-s-uspechmi-iba-fico\/","url":"https:\/\/www.smedemokrati.sk\/takaca-moze-pochvalit-za-jeho-kvacky-s-uspechmi-iba-fico\/","name":"Tak\u00e1\u010da m\u00f4\u017ee pochv\u00e1li\u0165 za jeho kva\u010dky s \u201e\u00faspechmi\u201c iba Fico","isPartOf":{"@id":"https:\/\/www.smedemokrati.sk\/#website"},"primaryImageOfPage":{"@id":"https:\/\/www.smedemokrati.sk\/takaca-moze-pochvalit-za-jeho-kvacky-s-uspechmi-iba-fico\/#primaryimage"},"image":{"@id":"https:\/\/www.smedemokrati.sk\/takaca-moze-pochvalit-za-jeho-kvacky-s-uspechmi-iba-fico\/#primaryimage"},"thumbnailUrl":"https:\/\/www.smedemokrati.sk\/wp-content\/uploads\/2024\/08\/takac.jpg","datePublished":"2025-05-20T18:20:38+00:00","dateModified":"2025-05-20T18:20:40+00:00","breadcrumb":{"@id":"https:\/\/www.smedemokrati.sk\/takaca-moze-pochvalit-za-jeho-kvacky-s-uspechmi-iba-fico\/#breadcrumb"},"inLanguage":"hu-HU","potentialAction":[{"@type":"ReadAction","target":["https:\/\/www.smedemokrati.sk\/takaca-moze-pochvalit-za-jeho-kvacky-s-uspechmi-iba-fico\/"]}]},{"@type":"ImageObject","inLanguage":"hu-HU","@id":"https:\/\/www.smedemokrati.sk\/takaca-moze-pochvalit-za-jeho-kvacky-s-uspechmi-iba-fico\/#primaryimage","url":"https:\/\/www.smedemokrati.sk\/wp-content\/uploads\/2024\/08\/takac.jpg","contentUrl":"https:\/\/www.smedemokrati.sk\/wp-content\/uploads\/2024\/08\/takac.jpg","width":1080,"height":810},{"@type":"BreadcrumbList","@id":"https:\/\/www.smedemokrati.sk\/takaca-moze-pochvalit-za-jeho-kvacky-s-uspechmi-iba-fico\/#breadcrumb","itemListElement":[{"@type":"ListItem","position":1,"name":"Domovsk\u00e1 str\u00e1nka","item":"https:\/\/www.smedemokrati.sk\/"},{"@type":"ListItem","position":2,"name":"Tak\u00e1\u010da m\u00f4\u017ee pochv\u00e1li\u0165 za jeho kva\u010dky s \u201e\u00faspechmi\u201c iba Fico"}]},{"@type":"WebSite","@id":"https:\/\/www.smedemokrati.sk\/#website","url":"https:\/\/www.smedemokrati.sk\/","name":"Smedemokrati.sk","description":"Demokracia a slu\u0161nos\u0165 zv\u00ed\u0165az\u00ed","publisher":{"@id":"https:\/\/www.smedemokrati.sk\/#organization"},"potentialAction":[{"@type":"SearchAction","target":{"@type":"EntryPoint","urlTemplate":"https:\/\/www.smedemokrati.sk\/?s={search_term_string}"},"query-input":{"@type":"PropertyValueSpecification","valueRequired":true,"valueName":"search_term_string"}}],"inLanguage":"hu-HU"},{"@type":"Organization","@id":"https:\/\/www.smedemokrati.sk\/#organization","name":"Smedemokrati.sk","url":"https:\/\/www.smedemokrati.sk\/","logo":{"@type":"ImageObject","inLanguage":"hu-HU","@id":"https:\/\/www.smedemokrati.sk\/#\/schema\/logo\/image\/","url":"https:\/\/www.smedemokrati.sk\/wp-content\/uploads\/2023\/04\/ff.002.jpeg","contentUrl":"https:\/\/www.smedemokrati.sk\/wp-content\/uploads\/2023\/04\/ff.002.jpeg","width":640,"height":480,"caption":"Smedemokrati.sk"},"image":{"@id":"https:\/\/www.smedemokrati.sk\/#\/schema\/logo\/image\/"},"sameAs":["https:\/\/www.facebook.com\/smedemokrati2023"]},{"@type":"Person","@id":"https:\/\/www.smedemokrati.sk\/#\/schema\/person\/21f147c88d605aa7ded900e1e7c344ba","name":"miro.sopko","image":{"@type":"ImageObject","inLanguage":"hu-HU","@id":"https:\/\/secure.gravatar.com\/avatar\/267e4a36f704376c109afe3a78740c1f5dd8675a2180a908699e7863c9247606?s=96&d=mm&r=g","url":"https:\/\/secure.gravatar.com\/avatar\/267e4a36f704376c109afe3a78740c1f5dd8675a2180a908699e7863c9247606?s=96&d=mm&r=g","contentUrl":"https:\/\/secure.gravatar.com\/avatar\/267e4a36f704376c109afe3a78740c1f5dd8675a2180a908699e7863c9247606?s=96&d=mm&r=g","caption":"miro.sopko"},"url":"https:\/\/www.smedemokrati.sk\/hu\/author\/miro-sopko\/"}]}},"_links":{"self":[{"href":"https:\/\/www.smedemokrati.sk\/hu\/wp-json\/wp\/v2\/posts\/7274","targetHints":{"allow":["GET"]}}],"collection":[{"href":"https:\/\/www.smedemokrati.sk\/hu\/wp-json\/wp\/v2\/posts"}],"about":[{"href":"https:\/\/www.smedemokrati.sk\/hu\/wp-json\/wp\/v2\/types\/post"}],"author":[{"embeddable":true,"href":"https:\/\/www.smedemokrati.sk\/hu\/wp-json\/wp\/v2\/users\/13"}],"replies":[{"embeddable":true,"href":"https:\/\/www.smedemokrati.sk\/hu\/wp-json\/wp\/v2\/comments?post=7274"}],"version-history":[{"count":1,"href":"https:\/\/www.smedemokrati.sk\/hu\/wp-json\/wp\/v2\/posts\/7274\/revisions"}],"predecessor-version":[{"id":7275,"href":"https:\/\/www.smedemokrati.sk\/hu\/wp-json\/wp\/v2\/posts\/7274\/revisions\/7275"}],"wp:featuredmedia":[{"embeddable":true,"href":"https:\/\/www.smedemokrati.sk\/hu\/wp-json\/wp\/v2\/media\/4814"}],"wp:attachment":[{"href":"https:\/\/www.smedemokrati.sk\/hu\/wp-json\/wp\/v2\/media?parent=7274"}],"wp:term":[{"taxonomy":"category","embeddable":true,"href":"https:\/\/www.smedemokrati.sk\/hu\/wp-json\/wp\/v2\/categories?post=7274"},{"taxonomy":"post_tag","embeddable":true,"href":"https:\/\/www.smedemokrati.sk\/hu\/wp-json\/wp\/v2\/tags?post=7274"}],"curies":[{"name":"wp","href":"https:\/\/api.w.org\/{rel}","templated":true}]}}