{"id":7243,"date":"2025-05-16T12:46:15","date_gmt":"2025-05-16T11:46:15","guid":{"rendered":"https:\/\/www.smedemokrati.sk\/?p=7243"},"modified":"2025-05-16T12:53:27","modified_gmt":"2025-05-16T11:53:27","slug":"latakovi-do-dnesneho-dna-nebolo-dorucene-obvinenie-sutaj-estok-zneuziva-policiu-na-politicky-boj-opakovane","status":"publish","type":"post","link":"https:\/\/www.smedemokrati.sk\/hu\/latakovi-do-dnesneho-dna-nebolo-dorucene-obvinenie-sutaj-estok-zneuziva-policiu-na-politicky-boj-opakovane\/","title":{"rendered":"La\u0165\u00e1kovi do dne\u0161n\u00e9ho d\u0148a nebolo doru\u010den\u00e9 obvinenie, \u0160utaj E\u0161tok zneu\u017e\u00edva pol\u00edciu na politick\u00fd boj, opakovane"},"content":{"rendered":"<div id=\"fb-root\"><\/div>\n\n<p><strong>Mat\u00fa\u0161 \u0160utaj E\u0161tok ozn\u00e1mil na soci\u00e1lnej sieti, \u017ee \u010dlen strany Demokrati Peter La\u0165\u00e1k bol obvinen\u00fd, a to aj napriek tomu, \u017ee prokurat\u00fara zhodila trestn\u00e9 ozn\u00e1menie za \u00fadajn\u00e9 nebezpe\u010dn\u00e9&nbsp;vyhr\u00e1\u017eanie zo stola. Petrovi La\u0165\u00e1kovi do dne\u0161n\u00e9ho d\u0148a nebolo obvinenie doru\u010den\u00e9 a pod\u013ea \u0161tandardn\u00fdch predpisov \u0160utaj E\u0161tok nem\u00e1 \u010do disponova\u0165 takouto inform\u00e1ciou. Demokrati hovoria o zasahovan\u00ed do nez\u00e1vislosti pol\u00edcie a pre zv\u00fd\u0161en\u00e9 vyhr\u00e1\u017eky \u010dlenovi strany z Oravy opakovane \u017eiadaj\u00fa ochranu pol\u00edcie.&nbsp;<\/strong><\/p>\n\n\n\n<p><em>&#8222;Poviem v\u00e1m, \u010do sa v\u010dera stalo. Tibor Ga\u0161par v \u00favodzovk\u00e1ch nah\u00fakal&nbsp;na svojej tla\u010dovke na \u0160utaja E\u0161toka, \u017ee je slab\u00fd minister. Minister vn\u00fatra potreboval uk\u00e1za\u0165 svaly a tak po n\u00e1vrate zo slne\u010dn\u00e9ho Dubaja ozn\u00e1mil na soci\u00e1lnej sieti, \u017ee Peter La\u0165\u00e1k je obvinen\u00fd. Do dne\u0161n\u00e9ho d\u0148a Petrovi nebolo ni\u010d doru\u010den\u00e9. To sme kde, \u017ee minister vn\u00fatra m\u00e1 inform\u00e1cie o akomko\u013evek konan\u00ed a zverej\u0148uje&nbsp;ich na Facebooku? Kde v Trestnom poriadku a Trestnom z\u00e1kone je opr\u00e1vnenie ministra vstupova\u0165 a oznamova\u0165 inform\u00e1cie&nbsp;o trestn\u00fdch konaniach?&#8221;<\/em>&nbsp;Hovor\u00ed Juraj \u0160eliga, podpredseda a dod\u00e1va, \u017ee pol\u00edcia je pod veden\u00edm s\u00fa\u010dasn\u00e9ho ministra jednozna\u010dne zneu\u017e\u00edvan\u00e1 na politick\u00fd boj.<\/p>\n\n\n\n<p>Jaroslav&nbsp;Na\u010f, predseda strany nazna\u010duje, \u017ee Mat\u00fa\u0161 \u0160utaj E\u0161tok potrebuje posilni\u0165 svoju poz\u00edciu v strane:&nbsp;<em>&#8222;Kroky \u0160utaja E\u0161toka potvrdzuj\u00fa to, o \u010dom u\u017e dlho po\u010d\u00favame. Panuje ve\u013ek\u00e1 nespokojnos\u0165 s jeho riaden\u00edm rezortu a tie\u017e riaden\u00edm strany. Jeho \u00fadajn\u00fdm n\u00e1hradn\u00edkom na stoli\u010dke predsedu m\u00e1 by\u0165 Kamil \u0160a\u0161ko. Nezmyseln\u00e9 obvinenie n\u00e1\u0161ho \u010dlena a najm\u00e4, \u017ee ho minister komunikuje, a to, ako to komunikuje, s\u00fa pla\u010dliv\u00fdm v\u00fdkrikom o z\u00e1chranu predsedn\u00edckej stoli\u010dky. Minister \u0160utaj E\u0161tok by mal ako minister vn\u00fatra \u010do&nbsp;najsk\u00f4r skon\u010di\u0165, preto\u017ee ministerstvu a Slovensku iba \u0161kod\u00ed.&#8221;<\/em><\/p>\n\n\n\n<p>Eduard Heger expremi\u00e9r hovor\u00ed, \u017ee obvinen\u00edm nama\u013eovali smer\u00e1ci P. La\u0165\u00e1kovi ter\u010d na chrb\u00e1t:&nbsp;<em>&#8222;V\u010dera cel\u00e1 koal\u00edcia mala plamenn\u00e9 prejavy o tom, ako chc\u00fa pom\u00f4c\u0165 t\u00fdm, ktor\u00ed s\u00fa vystaven\u00ed n\u00e1siliu. Zd\u00e1 sa, \u017ee op\u00e4\u0165 to bude plati\u0165 iba pre &#8222;na\u0161ich \u013eud\u00ed&#8221;. Opakovane \u017eiadame ministra vn\u00fatra tak, ako to u\u017e urobil aj Peter La\u0165\u00e1k, aby mu bola pridelen\u00e1 ochrana, preto\u017ee vyhr\u00e1\u017eky smr\u0165ou na jeho adresu s\u00fa doslova ne\u00fanosn\u00e9. Snaha \u00fato\u010di\u0165 na stranu Demokrati je znamen\u00edm, \u017ee Demokrati s\u00fa jaz\u00fd\u010dkom na v\u00e1hach, \u010di vznikne nov\u00e1 vl\u00e1da. Preto tieto \u00fatoky vn\u00edmame ako vizitku dobrej opozi\u010dnej pr\u00e1ce na\u0161ej strany.&#8221;<\/em><\/p>\n\n\n<div class=\"fb-video\" data-href=\"https:\/\/fb.watch\/zCSHrPi8ty\" data-allowfullscreen=\"true\" data-autoplay=\"false\" data-width=\"\" data-show-text=\"false\" data-show-captions=\"true\"><\/div>\n","protected":false},"excerpt":{"rendered":"<p>Mat\u00fa\u0161 \u0160utaj E\u0161tok ozn\u00e1mil na soci\u00e1lnej sieti, \u017ee \u010dlen strany Demokrati Peter La\u0165\u00e1k bol obvinen\u00fd, a to aj napriek tomu, \u017ee prokurat\u00fara zhodila trestn\u00e9 ozn\u00e1menie za \u00fadajn\u00e9 nebezpe\u010dn\u00e9&nbsp;vyhr\u00e1\u017eanie zo stola. Petrovi La\u0165\u00e1kovi do dne\u0161n\u00e9ho d\u0148a nebolo obvinenie doru\u010den\u00e9 a pod\u013ea \u0161tandardn\u00fdch predpisov \u0160utaj E\u0161tok nem\u00e1 \u010do disponova\u0165 takouto inform\u00e1ciou. Demokrati hovoria o zasahovan\u00ed do nez\u00e1vislosti [&hellip;]<\/p>\n","protected":false},"author":13,"featured_media":7244,"comment_status":"closed","ping_status":"closed","sticky":false,"template":"","format":"standard","meta":{"_acf_changed":false,"ngg_post_thumbnail":0,"footnotes":""},"categories":[4],"tags":[],"class_list":["post-7243","post","type-post","status-publish","format-standard","has-post-thumbnail","hentry","category-tlacove-spravy"],"acf":[],"yoast_head":"<!-- This site is optimized with the Yoast SEO plugin v27.2 - https:\/\/yoast.com\/product\/yoast-seo-wordpress\/ -->\n<title>La\u0165\u00e1kovi do dne\u0161n\u00e9ho d\u0148a nebolo doru\u010den\u00e9 obvinenie, \u0160utaj E\u0161tok zneu\u017e\u00edva pol\u00edciu na politick\u00fd boj, opakovane<\/title>\n<meta name=\"robots\" content=\"index, follow, max-snippet:-1, max-image-preview:large, max-video-preview:-1\" \/>\n<link rel=\"canonical\" href=\"https:\/\/www.smedemokrati.sk\/hu\/latakovi-do-dnesneho-dna-nebolo-dorucene-obvinenie-sutaj-estok-zneuziva-policiu-na-politicky-boj-opakovane\/\" \/>\n<meta property=\"og:locale\" content=\"hu_HU\" \/>\n<meta property=\"og:locale:alternate\" content=\"en_US\" \/>\n<meta property=\"og:locale:alternate\" content=\"cs_CZ\" \/>\n<meta property=\"og:locale:alternate\" content=\"sk_SK\" \/>\n<meta property=\"og:locale:alternate\" content=\"sv_SE\" \/>\n<meta property=\"og:type\" content=\"article\" \/>\n<meta property=\"og:title\" content=\"La\u0165\u00e1kovi do dne\u0161n\u00e9ho d\u0148a nebolo doru\u010den\u00e9 obvinenie, \u0160utaj E\u0161tok zneu\u017e\u00edva pol\u00edciu na politick\u00fd boj, opakovane\" \/>\n<meta property=\"og:description\" content=\"Mat\u00fa\u0161 \u0160utaj E\u0161tok ozn\u00e1mil na soci\u00e1lnej sieti, \u017ee \u010dlen strany Demokrati Peter La\u0165\u00e1k bol obvinen\u00fd, a to aj napriek tomu, \u017ee prokurat\u00fara zhodila trestn\u00e9 ozn\u00e1menie za \u00fadajn\u00e9 nebezpe\u010dn\u00e9&nbsp;vyhr\u00e1\u017eanie zo stola. Petrovi La\u0165\u00e1kovi do dne\u0161n\u00e9ho d\u0148a nebolo obvinenie doru\u010den\u00e9 a pod\u013ea \u0161tandardn\u00fdch predpisov \u0160utaj E\u0161tok nem\u00e1 \u010do disponova\u0165 takouto inform\u00e1ciou. Demokrati hovoria o zasahovan\u00ed do nez\u00e1vislosti [&hellip;]\" \/>\n<meta property=\"og:url\" content=\"https:\/\/www.smedemokrati.sk\/hu\/latakovi-do-dnesneho-dna-nebolo-dorucene-obvinenie-sutaj-estok-zneuziva-policiu-na-politicky-boj-opakovane\/\" \/>\n<meta property=\"og:site_name\" content=\"Smedemokrati.sk\" \/>\n<meta property=\"article:publisher\" content=\"https:\/\/www.facebook.com\/smedemokrati2023\" \/>\n<meta property=\"article:published_time\" content=\"2025-05-16T11:46:15+00:00\" \/>\n<meta property=\"article:modified_time\" content=\"2025-05-16T11:53:27+00:00\" \/>\n<meta property=\"og:image\" content=\"https:\/\/www.smedemokrati.sk\/wp-content\/uploads\/2025\/05\/sikana-obcana.jpg\" \/>\n\t<meta property=\"og:image:width\" content=\"908\" \/>\n\t<meta property=\"og:image:height\" content=\"471\" \/>\n\t<meta property=\"og:image:type\" content=\"image\/jpeg\" \/>\n<meta name=\"author\" content=\"miro.sopko\" \/>\n<meta name=\"twitter:card\" content=\"summary_large_image\" \/>\n<meta name=\"twitter:label1\" content=\"Szerz\u0151:\" \/>\n\t<meta name=\"twitter:data1\" content=\"miro.sopko\" \/>\n\t<meta name=\"twitter:label2\" content=\"Becs\u00fclt olvas\u00e1si id\u0151\" \/>\n\t<meta name=\"twitter:data2\" content=\"3 perc\" \/>\n<script type=\"application\/ld+json\" class=\"yoast-schema-graph\">{\"@context\":\"https:\/\/schema.org\",\"@graph\":[{\"@type\":\"Article\",\"@id\":\"https:\/\/www.smedemokrati.sk\/latakovi-do-dnesneho-dna-nebolo-dorucene-obvinenie-sutaj-estok-zneuziva-policiu-na-politicky-boj-opakovane\/#article\",\"isPartOf\":{\"@id\":\"https:\/\/www.smedemokrati.sk\/latakovi-do-dnesneho-dna-nebolo-dorucene-obvinenie-sutaj-estok-zneuziva-policiu-na-politicky-boj-opakovane\/\"},\"author\":{\"name\":\"miro.sopko\",\"@id\":\"https:\/\/www.smedemokrati.sk\/#\/schema\/person\/21f147c88d605aa7ded900e1e7c344ba\"},\"headline\":\"La\u0165\u00e1kovi do dne\u0161n\u00e9ho d\u0148a nebolo doru\u010den\u00e9 obvinenie, \u0160utaj E\u0161tok zneu\u017e\u00edva pol\u00edciu na politick\u00fd boj, opakovane\",\"datePublished\":\"2025-05-16T11:46:15+00:00\",\"dateModified\":\"2025-05-16T11:53:27+00:00\",\"mainEntityOfPage\":{\"@id\":\"https:\/\/www.smedemokrati.sk\/latakovi-do-dnesneho-dna-nebolo-dorucene-obvinenie-sutaj-estok-zneuziva-policiu-na-politicky-boj-opakovane\/\"},\"wordCount\":500,\"publisher\":{\"@id\":\"https:\/\/www.smedemokrati.sk\/#organization\"},\"image\":{\"@id\":\"https:\/\/www.smedemokrati.sk\/latakovi-do-dnesneho-dna-nebolo-dorucene-obvinenie-sutaj-estok-zneuziva-policiu-na-politicky-boj-opakovane\/#primaryimage\"},\"thumbnailUrl\":\"https:\/\/www.smedemokrati.sk\/wp-content\/uploads\/2025\/05\/sikana-obcana.jpg\",\"articleSection\":[\"Tla\u010dov\u00e9 spr\u00e1vy\"],\"inLanguage\":\"hu-HU\"},{\"@type\":\"WebPage\",\"@id\":\"https:\/\/www.smedemokrati.sk\/latakovi-do-dnesneho-dna-nebolo-dorucene-obvinenie-sutaj-estok-zneuziva-policiu-na-politicky-boj-opakovane\/\",\"url\":\"https:\/\/www.smedemokrati.sk\/latakovi-do-dnesneho-dna-nebolo-dorucene-obvinenie-sutaj-estok-zneuziva-policiu-na-politicky-boj-opakovane\/\",\"name\":\"La\u0165\u00e1kovi do dne\u0161n\u00e9ho d\u0148a nebolo doru\u010den\u00e9 obvinenie, \u0160utaj E\u0161tok zneu\u017e\u00edva pol\u00edciu na politick\u00fd boj, opakovane\",\"isPartOf\":{\"@id\":\"https:\/\/www.smedemokrati.sk\/#website\"},\"primaryImageOfPage\":{\"@id\":\"https:\/\/www.smedemokrati.sk\/latakovi-do-dnesneho-dna-nebolo-dorucene-obvinenie-sutaj-estok-zneuziva-policiu-na-politicky-boj-opakovane\/#primaryimage\"},\"image\":{\"@id\":\"https:\/\/www.smedemokrati.sk\/latakovi-do-dnesneho-dna-nebolo-dorucene-obvinenie-sutaj-estok-zneuziva-policiu-na-politicky-boj-opakovane\/#primaryimage\"},\"thumbnailUrl\":\"https:\/\/www.smedemokrati.sk\/wp-content\/uploads\/2025\/05\/sikana-obcana.jpg\",\"datePublished\":\"2025-05-16T11:46:15+00:00\",\"dateModified\":\"2025-05-16T11:53:27+00:00\",\"breadcrumb\":{\"@id\":\"https:\/\/www.smedemokrati.sk\/latakovi-do-dnesneho-dna-nebolo-dorucene-obvinenie-sutaj-estok-zneuziva-policiu-na-politicky-boj-opakovane\/#breadcrumb\"},\"inLanguage\":\"hu-HU\",\"potentialAction\":[{\"@type\":\"ReadAction\",\"target\":[\"https:\/\/www.smedemokrati.sk\/latakovi-do-dnesneho-dna-nebolo-dorucene-obvinenie-sutaj-estok-zneuziva-policiu-na-politicky-boj-opakovane\/\"]}]},{\"@type\":\"ImageObject\",\"inLanguage\":\"hu-HU\",\"@id\":\"https:\/\/www.smedemokrati.sk\/latakovi-do-dnesneho-dna-nebolo-dorucene-obvinenie-sutaj-estok-zneuziva-policiu-na-politicky-boj-opakovane\/#primaryimage\",\"url\":\"https:\/\/www.smedemokrati.sk\/wp-content\/uploads\/2025\/05\/sikana-obcana.jpg\",\"contentUrl\":\"https:\/\/www.smedemokrati.sk\/wp-content\/uploads\/2025\/05\/sikana-obcana.jpg\",\"width\":908,\"height\":471},{\"@type\":\"BreadcrumbList\",\"@id\":\"https:\/\/www.smedemokrati.sk\/latakovi-do-dnesneho-dna-nebolo-dorucene-obvinenie-sutaj-estok-zneuziva-policiu-na-politicky-boj-opakovane\/#breadcrumb\",\"itemListElement\":[{\"@type\":\"ListItem\",\"position\":1,\"name\":\"Domovsk\u00e1 str\u00e1nka\",\"item\":\"https:\/\/www.smedemokrati.sk\/\"},{\"@type\":\"ListItem\",\"position\":2,\"name\":\"La\u0165\u00e1kovi do dne\u0161n\u00e9ho d\u0148a nebolo doru\u010den\u00e9 obvinenie, \u0160utaj E\u0161tok zneu\u017e\u00edva pol\u00edciu na politick\u00fd boj, opakovane\"}]},{\"@type\":\"WebSite\",\"@id\":\"https:\/\/www.smedemokrati.sk\/#website\",\"url\":\"https:\/\/www.smedemokrati.sk\/\",\"name\":\"Smedemokrati.sk\",\"description\":\"Demokracia a slu\u0161nos\u0165 zv\u00ed\u0165az\u00ed\",\"publisher\":{\"@id\":\"https:\/\/www.smedemokrati.sk\/#organization\"},\"potentialAction\":[{\"@type\":\"SearchAction\",\"target\":{\"@type\":\"EntryPoint\",\"urlTemplate\":\"https:\/\/www.smedemokrati.sk\/?s={search_term_string}\"},\"query-input\":{\"@type\":\"PropertyValueSpecification\",\"valueRequired\":true,\"valueName\":\"search_term_string\"}}],\"inLanguage\":\"hu-HU\"},{\"@type\":\"Organization\",\"@id\":\"https:\/\/www.smedemokrati.sk\/#organization\",\"name\":\"Smedemokrati.sk\",\"url\":\"https:\/\/www.smedemokrati.sk\/\",\"logo\":{\"@type\":\"ImageObject\",\"inLanguage\":\"hu-HU\",\"@id\":\"https:\/\/www.smedemokrati.sk\/#\/schema\/logo\/image\/\",\"url\":\"https:\/\/www.smedemokrati.sk\/wp-content\/uploads\/2023\/04\/ff.002.jpeg\",\"contentUrl\":\"https:\/\/www.smedemokrati.sk\/wp-content\/uploads\/2023\/04\/ff.002.jpeg\",\"width\":640,\"height\":480,\"caption\":\"Smedemokrati.sk\"},\"image\":{\"@id\":\"https:\/\/www.smedemokrati.sk\/#\/schema\/logo\/image\/\"},\"sameAs\":[\"https:\/\/www.facebook.com\/smedemokrati2023\"]},{\"@type\":\"Person\",\"@id\":\"https:\/\/www.smedemokrati.sk\/#\/schema\/person\/21f147c88d605aa7ded900e1e7c344ba\",\"name\":\"miro.sopko\",\"image\":{\"@type\":\"ImageObject\",\"inLanguage\":\"hu-HU\",\"@id\":\"https:\/\/secure.gravatar.com\/avatar\/267e4a36f704376c109afe3a78740c1f5dd8675a2180a908699e7863c9247606?s=96&d=mm&r=g\",\"url\":\"https:\/\/secure.gravatar.com\/avatar\/267e4a36f704376c109afe3a78740c1f5dd8675a2180a908699e7863c9247606?s=96&d=mm&r=g\",\"contentUrl\":\"https:\/\/secure.gravatar.com\/avatar\/267e4a36f704376c109afe3a78740c1f5dd8675a2180a908699e7863c9247606?s=96&d=mm&r=g\",\"caption\":\"miro.sopko\"},\"url\":\"https:\/\/www.smedemokrati.sk\/hu\/author\/miro-sopko\/\"}]}<\/script>\n<!-- \/ Yoast SEO plugin. -->","yoast_head_json":{"title":"La\u0165\u00e1kovi do dne\u0161n\u00e9ho d\u0148a nebolo doru\u010den\u00e9 obvinenie, \u0160utaj E\u0161tok zneu\u017e\u00edva pol\u00edciu na politick\u00fd boj, opakovane","robots":{"index":"index","follow":"follow","max-snippet":"max-snippet:-1","max-image-preview":"max-image-preview:large","max-video-preview":"max-video-preview:-1"},"canonical":"https:\/\/www.smedemokrati.sk\/hu\/latakovi-do-dnesneho-dna-nebolo-dorucene-obvinenie-sutaj-estok-zneuziva-policiu-na-politicky-boj-opakovane\/","og_locale":"hu_HU","og_type":"article","og_title":"[:sk]La\u0165\u00e1kovi do dne\u0161n\u00e9ho d\u0148a nebolo doru\u010den\u00e9 obvinenie, \u0160utaj E\u0161tok zneu\u017e\u00edva pol\u00edciu na politick\u00fd boj, opakovane[:] - Smedemokrati.sk","og_description":"Mat\u00fa\u0161 \u0160utaj E\u0161tok ozn\u00e1mil na soci\u00e1lnej sieti, \u017ee \u010dlen strany Demokrati Peter La\u0165\u00e1k bol obvinen\u00fd, a to aj napriek tomu, \u017ee prokurat\u00fara zhodila trestn\u00e9 ozn\u00e1menie za \u00fadajn\u00e9 nebezpe\u010dn\u00e9&nbsp;vyhr\u00e1\u017eanie zo stola. Petrovi La\u0165\u00e1kovi do dne\u0161n\u00e9ho d\u0148a nebolo obvinenie doru\u010den\u00e9 a pod\u013ea \u0161tandardn\u00fdch predpisov \u0160utaj E\u0161tok nem\u00e1 \u010do disponova\u0165 takouto inform\u00e1ciou. Demokrati hovoria o zasahovan\u00ed do nez\u00e1vislosti [&hellip;]","og_url":"https:\/\/www.smedemokrati.sk\/hu\/latakovi-do-dnesneho-dna-nebolo-dorucene-obvinenie-sutaj-estok-zneuziva-policiu-na-politicky-boj-opakovane\/","og_site_name":"Smedemokrati.sk","article_publisher":"https:\/\/www.facebook.com\/smedemokrati2023","article_published_time":"2025-05-16T11:46:15+00:00","article_modified_time":"2025-05-16T11:53:27+00:00","og_image":[{"width":908,"height":471,"url":"https:\/\/www.smedemokrati.sk\/wp-content\/uploads\/2025\/05\/sikana-obcana.jpg","type":"image\/jpeg"}],"author":"miro.sopko","twitter_card":"summary_large_image","twitter_misc":{"Szerz\u0151:":"miro.sopko","Becs\u00fclt olvas\u00e1si id\u0151":"3 perc"},"schema":{"@context":"https:\/\/schema.org","@graph":[{"@type":"Article","@id":"https:\/\/www.smedemokrati.sk\/latakovi-do-dnesneho-dna-nebolo-dorucene-obvinenie-sutaj-estok-zneuziva-policiu-na-politicky-boj-opakovane\/#article","isPartOf":{"@id":"https:\/\/www.smedemokrati.sk\/latakovi-do-dnesneho-dna-nebolo-dorucene-obvinenie-sutaj-estok-zneuziva-policiu-na-politicky-boj-opakovane\/"},"author":{"name":"miro.sopko","@id":"https:\/\/www.smedemokrati.sk\/#\/schema\/person\/21f147c88d605aa7ded900e1e7c344ba"},"headline":"La\u0165\u00e1kovi do dne\u0161n\u00e9ho d\u0148a nebolo doru\u010den\u00e9 obvinenie, \u0160utaj E\u0161tok zneu\u017e\u00edva pol\u00edciu na politick\u00fd boj, opakovane","datePublished":"2025-05-16T11:46:15+00:00","dateModified":"2025-05-16T11:53:27+00:00","mainEntityOfPage":{"@id":"https:\/\/www.smedemokrati.sk\/latakovi-do-dnesneho-dna-nebolo-dorucene-obvinenie-sutaj-estok-zneuziva-policiu-na-politicky-boj-opakovane\/"},"wordCount":500,"publisher":{"@id":"https:\/\/www.smedemokrati.sk\/#organization"},"image":{"@id":"https:\/\/www.smedemokrati.sk\/latakovi-do-dnesneho-dna-nebolo-dorucene-obvinenie-sutaj-estok-zneuziva-policiu-na-politicky-boj-opakovane\/#primaryimage"},"thumbnailUrl":"https:\/\/www.smedemokrati.sk\/wp-content\/uploads\/2025\/05\/sikana-obcana.jpg","articleSection":["Tla\u010dov\u00e9 spr\u00e1vy"],"inLanguage":"hu-HU"},{"@type":"WebPage","@id":"https:\/\/www.smedemokrati.sk\/latakovi-do-dnesneho-dna-nebolo-dorucene-obvinenie-sutaj-estok-zneuziva-policiu-na-politicky-boj-opakovane\/","url":"https:\/\/www.smedemokrati.sk\/latakovi-do-dnesneho-dna-nebolo-dorucene-obvinenie-sutaj-estok-zneuziva-policiu-na-politicky-boj-opakovane\/","name":"La\u0165\u00e1kovi do dne\u0161n\u00e9ho d\u0148a nebolo doru\u010den\u00e9 obvinenie, \u0160utaj E\u0161tok zneu\u017e\u00edva pol\u00edciu na politick\u00fd boj, opakovane","isPartOf":{"@id":"https:\/\/www.smedemokrati.sk\/#website"},"primaryImageOfPage":{"@id":"https:\/\/www.smedemokrati.sk\/latakovi-do-dnesneho-dna-nebolo-dorucene-obvinenie-sutaj-estok-zneuziva-policiu-na-politicky-boj-opakovane\/#primaryimage"},"image":{"@id":"https:\/\/www.smedemokrati.sk\/latakovi-do-dnesneho-dna-nebolo-dorucene-obvinenie-sutaj-estok-zneuziva-policiu-na-politicky-boj-opakovane\/#primaryimage"},"thumbnailUrl":"https:\/\/www.smedemokrati.sk\/wp-content\/uploads\/2025\/05\/sikana-obcana.jpg","datePublished":"2025-05-16T11:46:15+00:00","dateModified":"2025-05-16T11:53:27+00:00","breadcrumb":{"@id":"https:\/\/www.smedemokrati.sk\/latakovi-do-dnesneho-dna-nebolo-dorucene-obvinenie-sutaj-estok-zneuziva-policiu-na-politicky-boj-opakovane\/#breadcrumb"},"inLanguage":"hu-HU","potentialAction":[{"@type":"ReadAction","target":["https:\/\/www.smedemokrati.sk\/latakovi-do-dnesneho-dna-nebolo-dorucene-obvinenie-sutaj-estok-zneuziva-policiu-na-politicky-boj-opakovane\/"]}]},{"@type":"ImageObject","inLanguage":"hu-HU","@id":"https:\/\/www.smedemokrati.sk\/latakovi-do-dnesneho-dna-nebolo-dorucene-obvinenie-sutaj-estok-zneuziva-policiu-na-politicky-boj-opakovane\/#primaryimage","url":"https:\/\/www.smedemokrati.sk\/wp-content\/uploads\/2025\/05\/sikana-obcana.jpg","contentUrl":"https:\/\/www.smedemokrati.sk\/wp-content\/uploads\/2025\/05\/sikana-obcana.jpg","width":908,"height":471},{"@type":"BreadcrumbList","@id":"https:\/\/www.smedemokrati.sk\/latakovi-do-dnesneho-dna-nebolo-dorucene-obvinenie-sutaj-estok-zneuziva-policiu-na-politicky-boj-opakovane\/#breadcrumb","itemListElement":[{"@type":"ListItem","position":1,"name":"Domovsk\u00e1 str\u00e1nka","item":"https:\/\/www.smedemokrati.sk\/"},{"@type":"ListItem","position":2,"name":"La\u0165\u00e1kovi do dne\u0161n\u00e9ho d\u0148a nebolo doru\u010den\u00e9 obvinenie, \u0160utaj E\u0161tok zneu\u017e\u00edva pol\u00edciu na politick\u00fd boj, opakovane"}]},{"@type":"WebSite","@id":"https:\/\/www.smedemokrati.sk\/#website","url":"https:\/\/www.smedemokrati.sk\/","name":"Smedemokrati.sk","description":"Demokracia a slu\u0161nos\u0165 zv\u00ed\u0165az\u00ed","publisher":{"@id":"https:\/\/www.smedemokrati.sk\/#organization"},"potentialAction":[{"@type":"SearchAction","target":{"@type":"EntryPoint","urlTemplate":"https:\/\/www.smedemokrati.sk\/?s={search_term_string}"},"query-input":{"@type":"PropertyValueSpecification","valueRequired":true,"valueName":"search_term_string"}}],"inLanguage":"hu-HU"},{"@type":"Organization","@id":"https:\/\/www.smedemokrati.sk\/#organization","name":"Smedemokrati.sk","url":"https:\/\/www.smedemokrati.sk\/","logo":{"@type":"ImageObject","inLanguage":"hu-HU","@id":"https:\/\/www.smedemokrati.sk\/#\/schema\/logo\/image\/","url":"https:\/\/www.smedemokrati.sk\/wp-content\/uploads\/2023\/04\/ff.002.jpeg","contentUrl":"https:\/\/www.smedemokrati.sk\/wp-content\/uploads\/2023\/04\/ff.002.jpeg","width":640,"height":480,"caption":"Smedemokrati.sk"},"image":{"@id":"https:\/\/www.smedemokrati.sk\/#\/schema\/logo\/image\/"},"sameAs":["https:\/\/www.facebook.com\/smedemokrati2023"]},{"@type":"Person","@id":"https:\/\/www.smedemokrati.sk\/#\/schema\/person\/21f147c88d605aa7ded900e1e7c344ba","name":"miro.sopko","image":{"@type":"ImageObject","inLanguage":"hu-HU","@id":"https:\/\/secure.gravatar.com\/avatar\/267e4a36f704376c109afe3a78740c1f5dd8675a2180a908699e7863c9247606?s=96&d=mm&r=g","url":"https:\/\/secure.gravatar.com\/avatar\/267e4a36f704376c109afe3a78740c1f5dd8675a2180a908699e7863c9247606?s=96&d=mm&r=g","contentUrl":"https:\/\/secure.gravatar.com\/avatar\/267e4a36f704376c109afe3a78740c1f5dd8675a2180a908699e7863c9247606?s=96&d=mm&r=g","caption":"miro.sopko"},"url":"https:\/\/www.smedemokrati.sk\/hu\/author\/miro-sopko\/"}]}},"_links":{"self":[{"href":"https:\/\/www.smedemokrati.sk\/hu\/wp-json\/wp\/v2\/posts\/7243","targetHints":{"allow":["GET"]}}],"collection":[{"href":"https:\/\/www.smedemokrati.sk\/hu\/wp-json\/wp\/v2\/posts"}],"about":[{"href":"https:\/\/www.smedemokrati.sk\/hu\/wp-json\/wp\/v2\/types\/post"}],"author":[{"embeddable":true,"href":"https:\/\/www.smedemokrati.sk\/hu\/wp-json\/wp\/v2\/users\/13"}],"replies":[{"embeddable":true,"href":"https:\/\/www.smedemokrati.sk\/hu\/wp-json\/wp\/v2\/comments?post=7243"}],"version-history":[{"count":1,"href":"https:\/\/www.smedemokrati.sk\/hu\/wp-json\/wp\/v2\/posts\/7243\/revisions"}],"predecessor-version":[{"id":7245,"href":"https:\/\/www.smedemokrati.sk\/hu\/wp-json\/wp\/v2\/posts\/7243\/revisions\/7245"}],"wp:featuredmedia":[{"embeddable":true,"href":"https:\/\/www.smedemokrati.sk\/hu\/wp-json\/wp\/v2\/media\/7244"}],"wp:attachment":[{"href":"https:\/\/www.smedemokrati.sk\/hu\/wp-json\/wp\/v2\/media?parent=7243"}],"wp:term":[{"taxonomy":"category","embeddable":true,"href":"https:\/\/www.smedemokrati.sk\/hu\/wp-json\/wp\/v2\/categories?post=7243"},{"taxonomy":"post_tag","embeddable":true,"href":"https:\/\/www.smedemokrati.sk\/hu\/wp-json\/wp\/v2\/tags?post=7243"}],"curies":[{"name":"wp","href":"https:\/\/api.w.org\/{rel}","templated":true}]}}