{"id":7229,"date":"2025-05-15T13:48:25","date_gmt":"2025-05-15T12:48:25","guid":{"rendered":"https:\/\/www.smedemokrati.sk\/?p=7229"},"modified":"2025-05-15T13:49:10","modified_gmt":"2025-05-15T12:49:10","slug":"ak-chce-koalicia-naozaj-zmierenie-v-spolocnosti-nech-vyhlasi-predcasne-volby","status":"publish","type":"post","link":"https:\/\/www.smedemokrati.sk\/hu\/ak-chce-koalicia-naozaj-zmierenie-v-spolocnosti-nech-vyhlasi-predcasne-volby\/","title":{"rendered":"Ak chce koal\u00edcia naozaj zmierenie v spolo\u010dnosti, nech vyhl\u00e1si pred\u010dasn\u00e9 vo\u013eby"},"content":{"rendered":"<div id=\"fb-root\"><\/div>\n\n<p><strong>Pod\u013ea Demokratov je to pr\u00e1ve vl\u00e1dna koal\u00edcia, ktor\u00e1 legitimizuje nen\u00e1vistn\u00e9 prejavy, vytv\u00e1ra ich a \u0161\u00edri s cie\u013eom z\u00edskania politick\u00fdch bodov. Strana Demokrati pripom\u00edna, \u017ee \u010dlenovia vl\u00e1dy prij\u00edmaj\u00fa pozvania do diskusi\u00ed s ods\u00faden\u00fdm extr\u00e9mistom, premi\u00e9r vyz\u00fdval verejnos\u0165 aby i\u0161la s lopatami na parlament, novin\u00e1rov ozna\u010duje za prostit\u00fatky a svojich politick\u00fdch oponentov naz\u00fdva potkanmi. Demokrati hovoria, \u017ee jedin\u00fdm sp\u00f4sobom na upokojenie situ\u00e1cie je vyhl\u00e1senie pred\u010dasn\u00fdch volieb.<\/strong><\/p>\n\n\n\n<p><em>&#8222;Dnes sme symbolicky pri\u0161li na Z\u00e1mock\u00fa ulicu pred Tepl\u00e1re\u0148, kde nen\u00e1vis\u0165 zabila dvoch nevinn\u00fdch \u013eud\u00ed a u\u017e sedem rokov si pripom\u00edname ohavn\u00fa vra\u017edu novin\u00e1ra a jeho sn\u00fabenice, ktor\u00fd chr\u00e1nil pravdu a fakty. Bol si Robert Fico niekedy ucti\u0165 ich pamiatku a vyzval po t\u00fdchto vra\u017ed\u00e1ch na upokojenie v spolo\u010dnosti?&#8221;&nbsp;<\/em>Otv\u00e1ra t\u00e9mu Jaroslav Na\u010f, ktor\u00fd hovor\u00ed, \u017ee vl\u00e1dna koal\u00edcia pou\u017e\u00edva klamstvo a zastra\u0161ovanie ako pracovn\u00fa met\u00f3du. Pripom\u00edna tie\u017e, \u017ee \u00fato\u010dn\u00edk z Tepl\u00e1rne mal za prvotn\u00fd cie\u013e expremi\u00e9ra Hegera, ktor\u00fd vo veci nechal komunikova\u0165 iba pol\u00edciu a postavil sa k veci \u0161t\u00e1tnicky. Naproti tomu d\u00e1va do kontrastu dne\u0161n\u00e9 podujatie v Handlovej, ktor\u00e9 ozna\u010duje za zneu\u017eitie na vyt\u013akanie politick\u00e9ho kapit\u00e1lu.<\/p>\n\n\n\n<p><em>&#8222;Rok od atent\u00e1tu na premi\u00e9ra, ktor\u00fd sme okam\u017eite ods\u00fadili sa sna\u017eia spoji\u0165 Demokratov s \u00fato\u010dn\u00edkom, a to aj napriek tomu, \u017ee vo veci relevantn\u00e9 org\u00e1ny konaj\u00fa iba a len vo\u010di Jurajovi Cintulovi. Chc\u00fa n\u00e1s zastra\u0161i\u0165 a domnievam sa, \u017ee to cel\u00e9 smeruje k snahe rozpusti\u0165 politick\u00fa stranu Demokrati, lebo vedia, \u017ee sme mo\u017en\u00fdm jaz\u00fd\u010dkom na v\u00e1hach v bud\u00facich vo\u013eb\u00e1ch.&#8221;&nbsp;<\/em>Hovor\u00ed Na\u010f. Z\u00e1rove\u0148 odmietol ak\u00e9ko\u013evek nen\u00e1vistn\u00e9 prejavy a pripomenul, \u017ee pod\u013ea ofici\u00e1lnych \u0161tatist\u00edk Slovensk\u00e9ho n\u00e1rodn\u00e9ho strediska pre \u013eudsk\u00e9 pr\u00e1va s\u00fa to pr\u00e1ve teraj\u0161\u00ed ministri najm\u00e4 Mat\u00fa\u0161 \u0160utaj E\u0161tok, Tom\u00e1\u0161 Taraba, Ladislav Kamenick\u00fd a Robert Fico, ktor\u00ed \u0161\u00edrili nen\u00e1vistn\u00e9 prejavy v ned\u00e1vnom obdob\u00ed.<\/p>\n\n\n\n<p>Pod\u013ea Demokratov je jedinou mo\u017enos\u0165ou na upokojenie situ\u00e1cie vyhl\u00e1senie pred\u010dasn\u00fdch volieb:&nbsp;<em>&#8222;Hovoria o zlej situ\u00e1cii v spolo\u010dnosti, s\u00fahlas\u00edme. Zv\u00fd\u0161ili dane, zaviedli transak\u010dn\u00fa da\u0148, firmy zatv\u00e1raj\u00fa, podnikatelia odch\u00e1dzaj\u00fa a zru\u0161ili in\u0161tit\u00facie, ktor\u00e9 garantovali spravodlivos\u0165. Nemysl\u00edm si, \u017ee je to nie\u010do, s \u010d\u00edm s\u00fahlas\u00ed verejnos\u0165 a domnievam sa, \u017ee pr\u00e1ve kroky vl\u00e1dy sp\u00f4sobuj\u00fa na\u0161ej spolo\u010dnosti traumu. Navrhujeme, aby rozdali karty nanovo, preto\u017ee je ne\u00fanosn\u00e9, ko\u013eko zloby a klamstiev musia absorbova\u0165 slovensk\u00ed ob\u010dania.&#8221;&nbsp;<\/em>Povedal Juraj \u0160eliga, podpredseda Demokratov.&nbsp;<\/p>\n\n\n\n<p>Hovor\u00ed tie\u017e, \u017ee ak chce Mat\u00fa\u0161 \u0160utaj E\u0161tok pripravi\u0165 z\u00e1kon k nen\u00e1vistn\u00fdm prejavom, mal by sa skuto\u010dne in\u0161pirova\u0165 Nemeckom:&nbsp;<em>&#8222;Je to z\u00e1kon, ktor\u00fd nijako neobmedzuje ob\u010danov, no nastavuje pravidl\u00e1 vo\u010di Facebooku, spolo\u010dnosti Meta a pod\u013ea m\u00f4jho pozorovania, by sa bolo potrebn\u00e9 pozrie\u0165 najm\u00e4 na sie\u0165, ktor\u00fa vyu\u017e\u00edvaj\u00fa na propagandu vl\u00e1dni predstavitelia &#8211; Telegram. Ob\u00e1vam sa v\u0161ak, \u017ee sa vyber\u00fa cestou z\u00e1kazov vo\u010di \u013eu\u010fom a nebol by som prekvapen\u00fd, ak by to bolo iba vo\u010di vybran\u00fdm \u013eu\u010fom, najm\u00e4 z radov opoz\u00edcie. Nes\u00fahlas\u00edme&nbsp;so zav\u00e1dzan\u00edm&nbsp;nov\u00fdch skutkov\u00fdch podst\u00e1t. Ak m\u00e1 niekto moderova\u0165 obsah na soci\u00e1lnych sie\u0165ach, tak to s\u00fa soci\u00e1lne siete a ich vlastn\u00edci. Ke\u010f sme v minulosti chceli tak\u00fdto z\u00e1kon prija\u0165, tak to bol pr\u00e1ve internetov\u00fd troll \u0160utaj E\u0161tok, ktor\u00fd tak\u00fato legislat\u00edvu&nbsp;odmietal.&#8221;<\/em><\/p>\n\n\n<div class=\"fb-video\" data-href=\"https:\/\/fb.watch\/zByNLNNp4r\" data-allowfullscreen=\"true\" data-autoplay=\"false\" data-width=\"\" data-show-text=\"false\" data-show-captions=\"true\"><\/div>\n","protected":false},"excerpt":{"rendered":"<p>Pod\u013ea Demokratov je to pr\u00e1ve vl\u00e1dna koal\u00edcia, ktor\u00e1 legitimizuje nen\u00e1vistn\u00e9 prejavy, vytv\u00e1ra ich a \u0161\u00edri s cie\u013eom z\u00edskania politick\u00fdch bodov. Strana Demokrati pripom\u00edna, \u017ee \u010dlenovia vl\u00e1dy prij\u00edmaj\u00fa pozvania do diskusi\u00ed s ods\u00faden\u00fdm extr\u00e9mistom, premi\u00e9r vyz\u00fdval verejnos\u0165 aby i\u0161la s lopatami na parlament, novin\u00e1rov ozna\u010duje za prostit\u00fatky a svojich politick\u00fdch oponentov naz\u00fdva potkanmi. Demokrati hovoria, \u017ee [&hellip;]<\/p>\n","protected":false},"author":13,"featured_media":7231,"comment_status":"closed","ping_status":"closed","sticky":false,"template":"","format":"standard","meta":{"_acf_changed":false,"ngg_post_thumbnail":0,"footnotes":""},"categories":[4],"tags":[],"class_list":["post-7229","post","type-post","status-publish","format-standard","has-post-thumbnail","hentry","category-tlacove-spravy"],"acf":[],"yoast_head":"<!-- This site is optimized with the Yoast SEO plugin v27.2 - https:\/\/yoast.com\/product\/yoast-seo-wordpress\/ -->\n<title>Ak chce koal\u00edcia naozaj zmierenie v spolo\u010dnosti, nech vyhl\u00e1si pred\u010dasn\u00e9 vo\u013eby<\/title>\n<meta name=\"robots\" content=\"index, follow, max-snippet:-1, max-image-preview:large, max-video-preview:-1\" \/>\n<link rel=\"canonical\" href=\"https:\/\/www.smedemokrati.sk\/hu\/ak-chce-koalicia-naozaj-zmierenie-v-spolocnosti-nech-vyhlasi-predcasne-volby\/\" \/>\n<meta property=\"og:locale\" content=\"hu_HU\" \/>\n<meta property=\"og:locale:alternate\" content=\"en_US\" \/>\n<meta property=\"og:locale:alternate\" content=\"cs_CZ\" \/>\n<meta property=\"og:locale:alternate\" content=\"sk_SK\" \/>\n<meta property=\"og:locale:alternate\" content=\"sv_SE\" \/>\n<meta property=\"og:type\" content=\"article\" \/>\n<meta property=\"og:title\" content=\"Ak chce koal\u00edcia naozaj zmierenie v spolo\u010dnosti, nech vyhl\u00e1si pred\u010dasn\u00e9 vo\u013eby\" \/>\n<meta property=\"og:description\" content=\"Pod\u013ea Demokratov je to pr\u00e1ve vl\u00e1dna koal\u00edcia, ktor\u00e1 legitimizuje nen\u00e1vistn\u00e9 prejavy, vytv\u00e1ra ich a \u0161\u00edri s cie\u013eom z\u00edskania politick\u00fdch bodov. Strana Demokrati pripom\u00edna, \u017ee \u010dlenovia vl\u00e1dy prij\u00edmaj\u00fa pozvania do diskusi\u00ed s ods\u00faden\u00fdm extr\u00e9mistom, premi\u00e9r vyz\u00fdval verejnos\u0165 aby i\u0161la s lopatami na parlament, novin\u00e1rov ozna\u010duje za prostit\u00fatky a svojich politick\u00fdch oponentov naz\u00fdva potkanmi. Demokrati hovoria, \u017ee [&hellip;]\" \/>\n<meta property=\"og:url\" content=\"https:\/\/www.smedemokrati.sk\/hu\/ak-chce-koalicia-naozaj-zmierenie-v-spolocnosti-nech-vyhlasi-predcasne-volby\/\" \/>\n<meta property=\"og:site_name\" content=\"Smedemokrati.sk\" \/>\n<meta property=\"article:publisher\" content=\"https:\/\/www.facebook.com\/smedemokrati2023\" \/>\n<meta property=\"article:published_time\" content=\"2025-05-15T12:48:25+00:00\" \/>\n<meta property=\"article:modified_time\" content=\"2025-05-15T12:49:10+00:00\" \/>\n<meta property=\"og:image\" content=\"https:\/\/www.smedemokrati.sk\/wp-content\/uploads\/2025\/05\/sirenie-nenavisti.jpg\" \/>\n\t<meta property=\"og:image:width\" content=\"1881\" \/>\n\t<meta property=\"og:image:height\" content=\"983\" \/>\n\t<meta property=\"og:image:type\" content=\"image\/jpeg\" \/>\n<meta name=\"author\" content=\"miro.sopko\" \/>\n<meta name=\"twitter:card\" content=\"summary_large_image\" \/>\n<meta name=\"twitter:label1\" content=\"Szerz\u0151:\" \/>\n\t<meta name=\"twitter:data1\" content=\"miro.sopko\" \/>\n\t<meta name=\"twitter:label2\" content=\"Becs\u00fclt olvas\u00e1si id\u0151\" \/>\n\t<meta name=\"twitter:data2\" content=\"3 perc\" \/>\n<script type=\"application\/ld+json\" class=\"yoast-schema-graph\">{\"@context\":\"https:\/\/schema.org\",\"@graph\":[{\"@type\":\"Article\",\"@id\":\"https:\/\/www.smedemokrati.sk\/ak-chce-koalicia-naozaj-zmierenie-v-spolocnosti-nech-vyhlasi-predcasne-volby\/#article\",\"isPartOf\":{\"@id\":\"https:\/\/www.smedemokrati.sk\/ak-chce-koalicia-naozaj-zmierenie-v-spolocnosti-nech-vyhlasi-predcasne-volby\/\"},\"author\":{\"name\":\"miro.sopko\",\"@id\":\"https:\/\/www.smedemokrati.sk\/#\/schema\/person\/21f147c88d605aa7ded900e1e7c344ba\"},\"headline\":\"Ak chce koal\u00edcia naozaj zmierenie v spolo\u010dnosti, nech vyhl\u00e1si pred\u010dasn\u00e9 vo\u013eby\",\"datePublished\":\"2025-05-15T12:48:25+00:00\",\"dateModified\":\"2025-05-15T12:49:10+00:00\",\"mainEntityOfPage\":{\"@id\":\"https:\/\/www.smedemokrati.sk\/ak-chce-koalicia-naozaj-zmierenie-v-spolocnosti-nech-vyhlasi-predcasne-volby\/\"},\"wordCount\":672,\"publisher\":{\"@id\":\"https:\/\/www.smedemokrati.sk\/#organization\"},\"image\":{\"@id\":\"https:\/\/www.smedemokrati.sk\/ak-chce-koalicia-naozaj-zmierenie-v-spolocnosti-nech-vyhlasi-predcasne-volby\/#primaryimage\"},\"thumbnailUrl\":\"https:\/\/www.smedemokrati.sk\/wp-content\/uploads\/2025\/05\/sirenie-nenavisti.jpg\",\"articleSection\":[\"Tla\u010dov\u00e9 spr\u00e1vy\"],\"inLanguage\":\"hu-HU\"},{\"@type\":\"WebPage\",\"@id\":\"https:\/\/www.smedemokrati.sk\/ak-chce-koalicia-naozaj-zmierenie-v-spolocnosti-nech-vyhlasi-predcasne-volby\/\",\"url\":\"https:\/\/www.smedemokrati.sk\/ak-chce-koalicia-naozaj-zmierenie-v-spolocnosti-nech-vyhlasi-predcasne-volby\/\",\"name\":\"Ak chce koal\u00edcia naozaj zmierenie v spolo\u010dnosti, nech vyhl\u00e1si pred\u010dasn\u00e9 vo\u013eby\",\"isPartOf\":{\"@id\":\"https:\/\/www.smedemokrati.sk\/#website\"},\"primaryImageOfPage\":{\"@id\":\"https:\/\/www.smedemokrati.sk\/ak-chce-koalicia-naozaj-zmierenie-v-spolocnosti-nech-vyhlasi-predcasne-volby\/#primaryimage\"},\"image\":{\"@id\":\"https:\/\/www.smedemokrati.sk\/ak-chce-koalicia-naozaj-zmierenie-v-spolocnosti-nech-vyhlasi-predcasne-volby\/#primaryimage\"},\"thumbnailUrl\":\"https:\/\/www.smedemokrati.sk\/wp-content\/uploads\/2025\/05\/sirenie-nenavisti.jpg\",\"datePublished\":\"2025-05-15T12:48:25+00:00\",\"dateModified\":\"2025-05-15T12:49:10+00:00\",\"breadcrumb\":{\"@id\":\"https:\/\/www.smedemokrati.sk\/ak-chce-koalicia-naozaj-zmierenie-v-spolocnosti-nech-vyhlasi-predcasne-volby\/#breadcrumb\"},\"inLanguage\":\"hu-HU\",\"potentialAction\":[{\"@type\":\"ReadAction\",\"target\":[\"https:\/\/www.smedemokrati.sk\/ak-chce-koalicia-naozaj-zmierenie-v-spolocnosti-nech-vyhlasi-predcasne-volby\/\"]}]},{\"@type\":\"ImageObject\",\"inLanguage\":\"hu-HU\",\"@id\":\"https:\/\/www.smedemokrati.sk\/ak-chce-koalicia-naozaj-zmierenie-v-spolocnosti-nech-vyhlasi-predcasne-volby\/#primaryimage\",\"url\":\"https:\/\/www.smedemokrati.sk\/wp-content\/uploads\/2025\/05\/sirenie-nenavisti.jpg\",\"contentUrl\":\"https:\/\/www.smedemokrati.sk\/wp-content\/uploads\/2025\/05\/sirenie-nenavisti.jpg\",\"width\":1881,\"height\":983},{\"@type\":\"BreadcrumbList\",\"@id\":\"https:\/\/www.smedemokrati.sk\/ak-chce-koalicia-naozaj-zmierenie-v-spolocnosti-nech-vyhlasi-predcasne-volby\/#breadcrumb\",\"itemListElement\":[{\"@type\":\"ListItem\",\"position\":1,\"name\":\"Domovsk\u00e1 str\u00e1nka\",\"item\":\"https:\/\/www.smedemokrati.sk\/\"},{\"@type\":\"ListItem\",\"position\":2,\"name\":\"Ak chce koal\u00edcia naozaj zmierenie v spolo\u010dnosti, nech vyhl\u00e1si pred\u010dasn\u00e9 vo\u013eby\"}]},{\"@type\":\"WebSite\",\"@id\":\"https:\/\/www.smedemokrati.sk\/#website\",\"url\":\"https:\/\/www.smedemokrati.sk\/\",\"name\":\"Smedemokrati.sk\",\"description\":\"Demokracia a slu\u0161nos\u0165 zv\u00ed\u0165az\u00ed\",\"publisher\":{\"@id\":\"https:\/\/www.smedemokrati.sk\/#organization\"},\"potentialAction\":[{\"@type\":\"SearchAction\",\"target\":{\"@type\":\"EntryPoint\",\"urlTemplate\":\"https:\/\/www.smedemokrati.sk\/?s={search_term_string}\"},\"query-input\":{\"@type\":\"PropertyValueSpecification\",\"valueRequired\":true,\"valueName\":\"search_term_string\"}}],\"inLanguage\":\"hu-HU\"},{\"@type\":\"Organization\",\"@id\":\"https:\/\/www.smedemokrati.sk\/#organization\",\"name\":\"Smedemokrati.sk\",\"url\":\"https:\/\/www.smedemokrati.sk\/\",\"logo\":{\"@type\":\"ImageObject\",\"inLanguage\":\"hu-HU\",\"@id\":\"https:\/\/www.smedemokrati.sk\/#\/schema\/logo\/image\/\",\"url\":\"https:\/\/www.smedemokrati.sk\/wp-content\/uploads\/2023\/04\/ff.002.jpeg\",\"contentUrl\":\"https:\/\/www.smedemokrati.sk\/wp-content\/uploads\/2023\/04\/ff.002.jpeg\",\"width\":640,\"height\":480,\"caption\":\"Smedemokrati.sk\"},\"image\":{\"@id\":\"https:\/\/www.smedemokrati.sk\/#\/schema\/logo\/image\/\"},\"sameAs\":[\"https:\/\/www.facebook.com\/smedemokrati2023\"]},{\"@type\":\"Person\",\"@id\":\"https:\/\/www.smedemokrati.sk\/#\/schema\/person\/21f147c88d605aa7ded900e1e7c344ba\",\"name\":\"miro.sopko\",\"image\":{\"@type\":\"ImageObject\",\"inLanguage\":\"hu-HU\",\"@id\":\"https:\/\/secure.gravatar.com\/avatar\/267e4a36f704376c109afe3a78740c1f5dd8675a2180a908699e7863c9247606?s=96&d=mm&r=g\",\"url\":\"https:\/\/secure.gravatar.com\/avatar\/267e4a36f704376c109afe3a78740c1f5dd8675a2180a908699e7863c9247606?s=96&d=mm&r=g\",\"contentUrl\":\"https:\/\/secure.gravatar.com\/avatar\/267e4a36f704376c109afe3a78740c1f5dd8675a2180a908699e7863c9247606?s=96&d=mm&r=g\",\"caption\":\"miro.sopko\"},\"url\":\"https:\/\/www.smedemokrati.sk\/hu\/author\/miro-sopko\/\"}]}<\/script>\n<!-- \/ Yoast SEO plugin. -->","yoast_head_json":{"title":"Ak chce koal\u00edcia naozaj zmierenie v spolo\u010dnosti, nech vyhl\u00e1si pred\u010dasn\u00e9 vo\u013eby","robots":{"index":"index","follow":"follow","max-snippet":"max-snippet:-1","max-image-preview":"max-image-preview:large","max-video-preview":"max-video-preview:-1"},"canonical":"https:\/\/www.smedemokrati.sk\/hu\/ak-chce-koalicia-naozaj-zmierenie-v-spolocnosti-nech-vyhlasi-predcasne-volby\/","og_locale":"hu_HU","og_type":"article","og_title":"[:sk]Ak chce koal\u00edcia naozaj zmierenie v spolo\u010dnosti, nech vyhl\u00e1si pred\u010dasn\u00e9 vo\u013eby[:] - Smedemokrati.sk","og_description":"Pod\u013ea Demokratov je to pr\u00e1ve vl\u00e1dna koal\u00edcia, ktor\u00e1 legitimizuje nen\u00e1vistn\u00e9 prejavy, vytv\u00e1ra ich a \u0161\u00edri s cie\u013eom z\u00edskania politick\u00fdch bodov. Strana Demokrati pripom\u00edna, \u017ee \u010dlenovia vl\u00e1dy prij\u00edmaj\u00fa pozvania do diskusi\u00ed s ods\u00faden\u00fdm extr\u00e9mistom, premi\u00e9r vyz\u00fdval verejnos\u0165 aby i\u0161la s lopatami na parlament, novin\u00e1rov ozna\u010duje za prostit\u00fatky a svojich politick\u00fdch oponentov naz\u00fdva potkanmi. Demokrati hovoria, \u017ee [&hellip;]","og_url":"https:\/\/www.smedemokrati.sk\/hu\/ak-chce-koalicia-naozaj-zmierenie-v-spolocnosti-nech-vyhlasi-predcasne-volby\/","og_site_name":"Smedemokrati.sk","article_publisher":"https:\/\/www.facebook.com\/smedemokrati2023","article_published_time":"2025-05-15T12:48:25+00:00","article_modified_time":"2025-05-15T12:49:10+00:00","og_image":[{"width":1881,"height":983,"url":"https:\/\/www.smedemokrati.sk\/wp-content\/uploads\/2025\/05\/sirenie-nenavisti.jpg","type":"image\/jpeg"}],"author":"miro.sopko","twitter_card":"summary_large_image","twitter_misc":{"Szerz\u0151:":"miro.sopko","Becs\u00fclt olvas\u00e1si id\u0151":"3 perc"},"schema":{"@context":"https:\/\/schema.org","@graph":[{"@type":"Article","@id":"https:\/\/www.smedemokrati.sk\/ak-chce-koalicia-naozaj-zmierenie-v-spolocnosti-nech-vyhlasi-predcasne-volby\/#article","isPartOf":{"@id":"https:\/\/www.smedemokrati.sk\/ak-chce-koalicia-naozaj-zmierenie-v-spolocnosti-nech-vyhlasi-predcasne-volby\/"},"author":{"name":"miro.sopko","@id":"https:\/\/www.smedemokrati.sk\/#\/schema\/person\/21f147c88d605aa7ded900e1e7c344ba"},"headline":"Ak chce koal\u00edcia naozaj zmierenie v spolo\u010dnosti, nech vyhl\u00e1si pred\u010dasn\u00e9 vo\u013eby","datePublished":"2025-05-15T12:48:25+00:00","dateModified":"2025-05-15T12:49:10+00:00","mainEntityOfPage":{"@id":"https:\/\/www.smedemokrati.sk\/ak-chce-koalicia-naozaj-zmierenie-v-spolocnosti-nech-vyhlasi-predcasne-volby\/"},"wordCount":672,"publisher":{"@id":"https:\/\/www.smedemokrati.sk\/#organization"},"image":{"@id":"https:\/\/www.smedemokrati.sk\/ak-chce-koalicia-naozaj-zmierenie-v-spolocnosti-nech-vyhlasi-predcasne-volby\/#primaryimage"},"thumbnailUrl":"https:\/\/www.smedemokrati.sk\/wp-content\/uploads\/2025\/05\/sirenie-nenavisti.jpg","articleSection":["Tla\u010dov\u00e9 spr\u00e1vy"],"inLanguage":"hu-HU"},{"@type":"WebPage","@id":"https:\/\/www.smedemokrati.sk\/ak-chce-koalicia-naozaj-zmierenie-v-spolocnosti-nech-vyhlasi-predcasne-volby\/","url":"https:\/\/www.smedemokrati.sk\/ak-chce-koalicia-naozaj-zmierenie-v-spolocnosti-nech-vyhlasi-predcasne-volby\/","name":"Ak chce koal\u00edcia naozaj zmierenie v spolo\u010dnosti, nech vyhl\u00e1si pred\u010dasn\u00e9 vo\u013eby","isPartOf":{"@id":"https:\/\/www.smedemokrati.sk\/#website"},"primaryImageOfPage":{"@id":"https:\/\/www.smedemokrati.sk\/ak-chce-koalicia-naozaj-zmierenie-v-spolocnosti-nech-vyhlasi-predcasne-volby\/#primaryimage"},"image":{"@id":"https:\/\/www.smedemokrati.sk\/ak-chce-koalicia-naozaj-zmierenie-v-spolocnosti-nech-vyhlasi-predcasne-volby\/#primaryimage"},"thumbnailUrl":"https:\/\/www.smedemokrati.sk\/wp-content\/uploads\/2025\/05\/sirenie-nenavisti.jpg","datePublished":"2025-05-15T12:48:25+00:00","dateModified":"2025-05-15T12:49:10+00:00","breadcrumb":{"@id":"https:\/\/www.smedemokrati.sk\/ak-chce-koalicia-naozaj-zmierenie-v-spolocnosti-nech-vyhlasi-predcasne-volby\/#breadcrumb"},"inLanguage":"hu-HU","potentialAction":[{"@type":"ReadAction","target":["https:\/\/www.smedemokrati.sk\/ak-chce-koalicia-naozaj-zmierenie-v-spolocnosti-nech-vyhlasi-predcasne-volby\/"]}]},{"@type":"ImageObject","inLanguage":"hu-HU","@id":"https:\/\/www.smedemokrati.sk\/ak-chce-koalicia-naozaj-zmierenie-v-spolocnosti-nech-vyhlasi-predcasne-volby\/#primaryimage","url":"https:\/\/www.smedemokrati.sk\/wp-content\/uploads\/2025\/05\/sirenie-nenavisti.jpg","contentUrl":"https:\/\/www.smedemokrati.sk\/wp-content\/uploads\/2025\/05\/sirenie-nenavisti.jpg","width":1881,"height":983},{"@type":"BreadcrumbList","@id":"https:\/\/www.smedemokrati.sk\/ak-chce-koalicia-naozaj-zmierenie-v-spolocnosti-nech-vyhlasi-predcasne-volby\/#breadcrumb","itemListElement":[{"@type":"ListItem","position":1,"name":"Domovsk\u00e1 str\u00e1nka","item":"https:\/\/www.smedemokrati.sk\/"},{"@type":"ListItem","position":2,"name":"Ak chce koal\u00edcia naozaj zmierenie v spolo\u010dnosti, nech vyhl\u00e1si pred\u010dasn\u00e9 vo\u013eby"}]},{"@type":"WebSite","@id":"https:\/\/www.smedemokrati.sk\/#website","url":"https:\/\/www.smedemokrati.sk\/","name":"Smedemokrati.sk","description":"Demokracia a slu\u0161nos\u0165 zv\u00ed\u0165az\u00ed","publisher":{"@id":"https:\/\/www.smedemokrati.sk\/#organization"},"potentialAction":[{"@type":"SearchAction","target":{"@type":"EntryPoint","urlTemplate":"https:\/\/www.smedemokrati.sk\/?s={search_term_string}"},"query-input":{"@type":"PropertyValueSpecification","valueRequired":true,"valueName":"search_term_string"}}],"inLanguage":"hu-HU"},{"@type":"Organization","@id":"https:\/\/www.smedemokrati.sk\/#organization","name":"Smedemokrati.sk","url":"https:\/\/www.smedemokrati.sk\/","logo":{"@type":"ImageObject","inLanguage":"hu-HU","@id":"https:\/\/www.smedemokrati.sk\/#\/schema\/logo\/image\/","url":"https:\/\/www.smedemokrati.sk\/wp-content\/uploads\/2023\/04\/ff.002.jpeg","contentUrl":"https:\/\/www.smedemokrati.sk\/wp-content\/uploads\/2023\/04\/ff.002.jpeg","width":640,"height":480,"caption":"Smedemokrati.sk"},"image":{"@id":"https:\/\/www.smedemokrati.sk\/#\/schema\/logo\/image\/"},"sameAs":["https:\/\/www.facebook.com\/smedemokrati2023"]},{"@type":"Person","@id":"https:\/\/www.smedemokrati.sk\/#\/schema\/person\/21f147c88d605aa7ded900e1e7c344ba","name":"miro.sopko","image":{"@type":"ImageObject","inLanguage":"hu-HU","@id":"https:\/\/secure.gravatar.com\/avatar\/267e4a36f704376c109afe3a78740c1f5dd8675a2180a908699e7863c9247606?s=96&d=mm&r=g","url":"https:\/\/secure.gravatar.com\/avatar\/267e4a36f704376c109afe3a78740c1f5dd8675a2180a908699e7863c9247606?s=96&d=mm&r=g","contentUrl":"https:\/\/secure.gravatar.com\/avatar\/267e4a36f704376c109afe3a78740c1f5dd8675a2180a908699e7863c9247606?s=96&d=mm&r=g","caption":"miro.sopko"},"url":"https:\/\/www.smedemokrati.sk\/hu\/author\/miro-sopko\/"}]}},"_links":{"self":[{"href":"https:\/\/www.smedemokrati.sk\/hu\/wp-json\/wp\/v2\/posts\/7229","targetHints":{"allow":["GET"]}}],"collection":[{"href":"https:\/\/www.smedemokrati.sk\/hu\/wp-json\/wp\/v2\/posts"}],"about":[{"href":"https:\/\/www.smedemokrati.sk\/hu\/wp-json\/wp\/v2\/types\/post"}],"author":[{"embeddable":true,"href":"https:\/\/www.smedemokrati.sk\/hu\/wp-json\/wp\/v2\/users\/13"}],"replies":[{"embeddable":true,"href":"https:\/\/www.smedemokrati.sk\/hu\/wp-json\/wp\/v2\/comments?post=7229"}],"version-history":[{"count":2,"href":"https:\/\/www.smedemokrati.sk\/hu\/wp-json\/wp\/v2\/posts\/7229\/revisions"}],"predecessor-version":[{"id":7237,"href":"https:\/\/www.smedemokrati.sk\/hu\/wp-json\/wp\/v2\/posts\/7229\/revisions\/7237"}],"wp:featuredmedia":[{"embeddable":true,"href":"https:\/\/www.smedemokrati.sk\/hu\/wp-json\/wp\/v2\/media\/7231"}],"wp:attachment":[{"href":"https:\/\/www.smedemokrati.sk\/hu\/wp-json\/wp\/v2\/media?parent=7229"}],"wp:term":[{"taxonomy":"category","embeddable":true,"href":"https:\/\/www.smedemokrati.sk\/hu\/wp-json\/wp\/v2\/categories?post=7229"},{"taxonomy":"post_tag","embeddable":true,"href":"https:\/\/www.smedemokrati.sk\/hu\/wp-json\/wp\/v2\/tags?post=7229"}],"curies":[{"name":"wp","href":"https:\/\/api.w.org\/{rel}","templated":true}]}}