{"id":7154,"date":"2025-05-06T10:38:01","date_gmt":"2025-05-06T09:38:01","guid":{"rendered":"https:\/\/www.smedemokrati.sk\/?p=7154"},"modified":"2025-05-06T10:38:02","modified_gmt":"2025-05-06T09:38:02","slug":"pakt-fica-a-orbana-nas-nateraz-stoji-250-mil-eur-a-hrozi-ze-prideme-o-dalsich-200-mil-eur-rocne","status":"publish","type":"post","link":"https:\/\/www.smedemokrati.sk\/hu\/pakt-fica-a-orbana-nas-nateraz-stoji-250-mil-eur-a-hrozi-ze-prideme-o-dalsich-200-mil-eur-rocne\/","title":{"rendered":"Pakt Fica a Orb\u00e1na n\u00e1s nateraz stoj\u00ed 250 mil. eur a hroz\u00ed, \u017ee pr\u00eddeme o \u010fal\u0161\u00edch 200 mil. eur ro\u010dne"},"content":{"rendered":"<div id=\"fb-root\"><\/div>\n\n<p><strong>Demokrati kritizuj\u00fa, \u017ee Robert Fico sa chv\u00e1li nad\u0161tandardn\u00fdmi vz\u0165ahmi s Ma\u010farskom, no v\u00fdsledkom je, \u017ee Orb\u00e1n blokuje Slovensku preplatenie 250 mil. eur za st\u00edha\u010dky MiG-29 a \u010fal\u0161iu vojensk\u00fa pomoc Ukrajine a \u010fal\u0161\u00edch 200 mil. eur ro\u010dne zrejme pl\u00e1nuj\u00fa odovzda\u0165 Ma\u010farsku v podobe Slovenskom vyprodukovanej zelenej energie. Strana vyz\u00fdva premi\u00e9ra, aby namiesto pr\u00e1zdnych slov za\u010dal rokova\u0165 s Viktorom Orb\u00e1nom, preto\u017ee ak by SR tieto financie z\u00edskala, mohla by okam\u017eite zru\u0161i\u0165 transak\u010dn\u00fa da\u0148 alebo opravi\u0165 nemocnice po celej krajine.<\/strong><\/p>\n\n\n\n<p>Demokrati upozornili na materi\u00e1l z dielne podpredsedu vl\u00e1dy Petra Kmeca, ktor\u00fd sa nach\u00e1dza v medzirezortnom pripomienkovom konan\u00ed a potvrdzuje, \u017ee vyu\u017eite\u013enos\u0165 vojensk\u00e9ho materi\u00e1lu, ktor\u00fd Ukrajine za n\u00e1hradu darovala e\u0161te vl\u00e1da Eduarda Hegera, bola u\u017e zna\u010dne obmedzen\u00e1:&nbsp;<em>\u201eKmecov \u00farad potvrdzuje to, \u010do sme cel\u00fd \u010das hovorili. Vojensk\u00fd materi\u00e1l, ktor\u00fd sme za n\u00e1hradu darovali Ukrajine, bol pre Slovensk\u00fa republiku u\u017e \u0165a\u017eko vyu\u017eite\u013en\u00fd. A \u010do cel\u00fd n\u00e1rod mesiace \u2013 najm\u00e4 pred vo\u013ebami \u2013 po\u010d\u00faval od Fica, Pellegriniho \u010di \u0160utaja E\u0161toka? \u017de S-300 a MiGy boli v perfektnom stave, plne pou\u017eite\u013en\u00e9 a funk\u010dn\u00e9. S\u00fa to oby\u010dajn\u00ed klam\u00e1ri, ktor\u00fdch usved\u010dil vlastn\u00fd podpredseda vl\u00e1dy,\u201c hovor\u00ed Jaroslav Na\u010f a pokra\u010duje, \u017ee v dokumente je jasne nap\u00edsan\u00e9, \u017ee SR m\u00f4\u017ee za pomoc Ukrajine z\u00edska\u0165 a\u017e 327 mil. eur vo forme financi\u00ed. \u201eFico sa chv\u00e1li nad\u0161tandardn\u00fdmi vz\u0165ahmi s Orb\u00e1nom. \u00c1no, to veru s\u00fa \u2013 a konkr\u00e9tne n\u00e1s v\u0161etk\u00fdch stoja 250 mil. eur, ktor\u00e9 n\u00e1m Orb\u00e1n blokuje za st\u00edha\u010dky MiG-29. Ani toto nie je premi\u00e9rska t\u00e9ma? P\u00fdtam sa, \u010do rie\u0161ili na Orb\u00e1novej poslednej n\u00e1v\u0161teve?\u201c<\/em>&nbsp;hovor\u00ed b\u00fdval\u00fd minister obrany Jaroslav Na\u010f a kritizuje, \u017ee za vl\u00e1dy Roberta Fica Slovensk\u00fa republiku nenav\u0161tevuj\u00fa \u017eiadne in\u00e9 v\u00fdznamn\u00e9 zahrani\u010dn\u00e9 deleg\u00e1cie \u2013 iba Viktor Orb\u00e1n, \u010do jasne ukazuje na na\u0161u zahrani\u010dn\u00fa izol\u00e1ciu.<\/p>\n\n\n\n<p>Demokrati tvrdia, \u017ee Slovensko m\u00f4\u017ee pr\u00eds\u0165 o \u010fal\u0161\u00edch 200 mil. eur, ktor\u00e9 vl\u00e1da m\u00f4\u017ee odovzda\u0165 Ma\u010farsku:&nbsp;<em>\u201eU\u017e mesiace po\u010d\u00favame o rokovaniach Tarabu s Ma\u010farskom, s\u00fa\u010das\u0165ou ktor\u00fdch m\u00f4\u017ee by\u0165 odovzdanie alebo pre Slovensko mimoriadne nev\u00fdhodne odpredanie na\u0161ej zelenej energie vyrobenej v Gab\u010d\u00edkove. Je na mieste, aby premi\u00e9r a minister u\u017e kone\u010dne odpovedali, \u010di je tento z\u00e1mer, pri ktorom m\u00f4\u017eeme pr\u00eds\u0165 o 200 mil. eur ro\u010dne, re\u00e1lny,\u201c&nbsp;<\/em>p\u00fdta sa enviroexpert Michal Ki\u010da.<\/p>\n\n\n\n<p>Expremi\u00e9r Eduard Heger, ktor\u00fd je podpredsedom Demokratov, hovor\u00ed, \u017ee Fico po\u0161kodzuje reput\u00e1ciu a tie\u017e ekonomick\u00fa kond\u00edciu Slovenska:&nbsp;<em>\u201eZhrniem to a poviem, \u017ee za t\u00fdchto takmer 500 mil. eur by mohli by\u0165 opraven\u00e9 slovensk\u00e9 nemocnice, ka\u017ed\u00e9 die\u0165a by mohlo mesa\u010dne dost\u00e1va\u0165 pr\u00edspevok vo v\u00fd\u0161ke nieko\u013eko desiatok eur po\u010das cel\u00e9ho roka, alebo by mohla by\u0165 okam\u017eite zru\u0161en\u00e1 hl\u00fapa transak\u010dn\u00e1 da\u0148. P\u00e1n Fico, va\u0161a \u201asuver\u00e9nna\u2018 politika n\u00e1s stoj\u00ed stovky mili\u00f3nov eur. Vyz\u00fdvam v\u00e1s, aby ste svojho spojenca Orb\u00e1na okam\u017eite vyzvali, aby prestal blokova\u0165 250 mil. eur za st\u00edha\u010dky, a z\u00e1rove\u0148, aby ste ani neuva\u017eovali o tom, \u017ee darujete na\u0161u zelen\u00fa energiu Ma\u010farsku.\u201c<\/em><\/p>\n\n\n<div class=\"fb-video\" data-href=\"https:\/\/fb.watch\/zpx9Qrx13E\" data-allowfullscreen=\"true\" data-autoplay=\"false\" data-width=\"\" data-show-text=\"false\" data-show-captions=\"true\"><\/div>\n","protected":false},"excerpt":{"rendered":"<p>Demokrati kritizuj\u00fa, \u017ee Robert Fico sa chv\u00e1li nad\u0161tandardn\u00fdmi vz\u0165ahmi s Ma\u010farskom, no v\u00fdsledkom je, \u017ee Orb\u00e1n blokuje Slovensku preplatenie 250 mil. eur za st\u00edha\u010dky MiG-29 a \u010fal\u0161iu vojensk\u00fa pomoc Ukrajine a \u010fal\u0161\u00edch 200 mil. eur ro\u010dne zrejme pl\u00e1nuj\u00fa odovzda\u0165 Ma\u010farsku v podobe Slovenskom vyprodukovanej zelenej energie. Strana vyz\u00fdva premi\u00e9ra, aby namiesto pr\u00e1zdnych slov za\u010dal rokova\u0165 [&hellip;]<\/p>\n","protected":false},"author":13,"featured_media":7155,"comment_status":"closed","ping_status":"closed","sticky":false,"template":"","format":"standard","meta":{"_acf_changed":false,"ngg_post_thumbnail":0,"footnotes":""},"categories":[4],"tags":[],"class_list":["post-7154","post","type-post","status-publish","format-standard","has-post-thumbnail","hentry","category-tlacove-spravy"],"acf":[],"yoast_head":"<!-- This site is optimized with the Yoast SEO plugin v27.2 - https:\/\/yoast.com\/product\/yoast-seo-wordpress\/ -->\n<title>Pakt Fica a Orb\u00e1na n\u00e1s nateraz stoj\u00ed 250 mil. eur a hroz\u00ed, \u017ee pr\u00eddeme o \u010fal\u0161\u00edch 200 mil. eur ro\u010dne<\/title>\n<meta name=\"robots\" content=\"index, follow, max-snippet:-1, max-image-preview:large, max-video-preview:-1\" \/>\n<link rel=\"canonical\" href=\"https:\/\/www.smedemokrati.sk\/hu\/pakt-fica-a-orbana-nas-nateraz-stoji-250-mil-eur-a-hrozi-ze-prideme-o-dalsich-200-mil-eur-rocne\/\" \/>\n<meta property=\"og:locale\" content=\"hu_HU\" \/>\n<meta property=\"og:locale:alternate\" content=\"en_US\" \/>\n<meta property=\"og:locale:alternate\" content=\"cs_CZ\" \/>\n<meta property=\"og:locale:alternate\" content=\"sk_SK\" \/>\n<meta property=\"og:locale:alternate\" content=\"sv_SE\" \/>\n<meta property=\"og:type\" content=\"article\" \/>\n<meta property=\"og:title\" content=\"Pakt Fica a Orb\u00e1na n\u00e1s nateraz stoj\u00ed 250 mil. eur a hroz\u00ed, \u017ee pr\u00eddeme o \u010fal\u0161\u00edch 200 mil. eur ro\u010dne\" \/>\n<meta property=\"og:description\" content=\"Demokrati kritizuj\u00fa, \u017ee Robert Fico sa chv\u00e1li nad\u0161tandardn\u00fdmi vz\u0165ahmi s Ma\u010farskom, no v\u00fdsledkom je, \u017ee Orb\u00e1n blokuje Slovensku preplatenie 250 mil. eur za st\u00edha\u010dky MiG-29 a \u010fal\u0161iu vojensk\u00fa pomoc Ukrajine a \u010fal\u0161\u00edch 200 mil. eur ro\u010dne zrejme pl\u00e1nuj\u00fa odovzda\u0165 Ma\u010farsku v podobe Slovenskom vyprodukovanej zelenej energie. Strana vyz\u00fdva premi\u00e9ra, aby namiesto pr\u00e1zdnych slov za\u010dal rokova\u0165 [&hellip;]\" \/>\n<meta property=\"og:url\" content=\"https:\/\/www.smedemokrati.sk\/hu\/pakt-fica-a-orbana-nas-nateraz-stoji-250-mil-eur-a-hrozi-ze-prideme-o-dalsich-200-mil-eur-rocne\/\" \/>\n<meta property=\"og:site_name\" content=\"Smedemokrati.sk\" \/>\n<meta property=\"article:publisher\" content=\"https:\/\/www.facebook.com\/smedemokrati2023\" \/>\n<meta property=\"article:published_time\" content=\"2025-05-06T09:38:01+00:00\" \/>\n<meta property=\"article:modified_time\" content=\"2025-05-06T09:38:02+00:00\" \/>\n<meta property=\"og:image\" content=\"https:\/\/www.smedemokrati.sk\/wp-content\/uploads\/2025\/05\/fico-orban-pakt.jpg\" \/>\n\t<meta property=\"og:image:width\" content=\"1052\" \/>\n\t<meta property=\"og:image:height\" content=\"571\" \/>\n\t<meta property=\"og:image:type\" content=\"image\/jpeg\" \/>\n<meta name=\"author\" content=\"miro.sopko\" \/>\n<meta name=\"twitter:card\" content=\"summary_large_image\" \/>\n<meta name=\"twitter:label1\" content=\"Szerz\u0151:\" \/>\n\t<meta name=\"twitter:data1\" content=\"miro.sopko\" \/>\n\t<meta name=\"twitter:label2\" content=\"Becs\u00fclt olvas\u00e1si id\u0151\" \/>\n\t<meta name=\"twitter:data2\" content=\"3 perc\" \/>\n<script type=\"application\/ld+json\" class=\"yoast-schema-graph\">{\"@context\":\"https:\/\/schema.org\",\"@graph\":[{\"@type\":\"Article\",\"@id\":\"https:\/\/www.smedemokrati.sk\/pakt-fica-a-orbana-nas-nateraz-stoji-250-mil-eur-a-hrozi-ze-prideme-o-dalsich-200-mil-eur-rocne\/#article\",\"isPartOf\":{\"@id\":\"https:\/\/www.smedemokrati.sk\/pakt-fica-a-orbana-nas-nateraz-stoji-250-mil-eur-a-hrozi-ze-prideme-o-dalsich-200-mil-eur-rocne\/\"},\"author\":{\"name\":\"miro.sopko\",\"@id\":\"https:\/\/www.smedemokrati.sk\/#\/schema\/person\/21f147c88d605aa7ded900e1e7c344ba\"},\"headline\":\"Pakt Fica a Orb\u00e1na n\u00e1s nateraz stoj\u00ed 250 mil. eur a hroz\u00ed, \u017ee pr\u00eddeme o \u010fal\u0161\u00edch 200 mil. eur ro\u010dne\",\"datePublished\":\"2025-05-06T09:38:01+00:00\",\"dateModified\":\"2025-05-06T09:38:02+00:00\",\"mainEntityOfPage\":{\"@id\":\"https:\/\/www.smedemokrati.sk\/pakt-fica-a-orbana-nas-nateraz-stoji-250-mil-eur-a-hrozi-ze-prideme-o-dalsich-200-mil-eur-rocne\/\"},\"wordCount\":613,\"publisher\":{\"@id\":\"https:\/\/www.smedemokrati.sk\/#organization\"},\"image\":{\"@id\":\"https:\/\/www.smedemokrati.sk\/pakt-fica-a-orbana-nas-nateraz-stoji-250-mil-eur-a-hrozi-ze-prideme-o-dalsich-200-mil-eur-rocne\/#primaryimage\"},\"thumbnailUrl\":\"https:\/\/www.smedemokrati.sk\/wp-content\/uploads\/2025\/05\/fico-orban-pakt.jpg\",\"articleSection\":[\"Tla\u010dov\u00e9 spr\u00e1vy\"],\"inLanguage\":\"hu-HU\"},{\"@type\":\"WebPage\",\"@id\":\"https:\/\/www.smedemokrati.sk\/pakt-fica-a-orbana-nas-nateraz-stoji-250-mil-eur-a-hrozi-ze-prideme-o-dalsich-200-mil-eur-rocne\/\",\"url\":\"https:\/\/www.smedemokrati.sk\/pakt-fica-a-orbana-nas-nateraz-stoji-250-mil-eur-a-hrozi-ze-prideme-o-dalsich-200-mil-eur-rocne\/\",\"name\":\"Pakt Fica a Orb\u00e1na n\u00e1s nateraz stoj\u00ed 250 mil. eur a hroz\u00ed, \u017ee pr\u00eddeme o \u010fal\u0161\u00edch 200 mil. eur ro\u010dne\",\"isPartOf\":{\"@id\":\"https:\/\/www.smedemokrati.sk\/#website\"},\"primaryImageOfPage\":{\"@id\":\"https:\/\/www.smedemokrati.sk\/pakt-fica-a-orbana-nas-nateraz-stoji-250-mil-eur-a-hrozi-ze-prideme-o-dalsich-200-mil-eur-rocne\/#primaryimage\"},\"image\":{\"@id\":\"https:\/\/www.smedemokrati.sk\/pakt-fica-a-orbana-nas-nateraz-stoji-250-mil-eur-a-hrozi-ze-prideme-o-dalsich-200-mil-eur-rocne\/#primaryimage\"},\"thumbnailUrl\":\"https:\/\/www.smedemokrati.sk\/wp-content\/uploads\/2025\/05\/fico-orban-pakt.jpg\",\"datePublished\":\"2025-05-06T09:38:01+00:00\",\"dateModified\":\"2025-05-06T09:38:02+00:00\",\"breadcrumb\":{\"@id\":\"https:\/\/www.smedemokrati.sk\/pakt-fica-a-orbana-nas-nateraz-stoji-250-mil-eur-a-hrozi-ze-prideme-o-dalsich-200-mil-eur-rocne\/#breadcrumb\"},\"inLanguage\":\"hu-HU\",\"potentialAction\":[{\"@type\":\"ReadAction\",\"target\":[\"https:\/\/www.smedemokrati.sk\/pakt-fica-a-orbana-nas-nateraz-stoji-250-mil-eur-a-hrozi-ze-prideme-o-dalsich-200-mil-eur-rocne\/\"]}]},{\"@type\":\"ImageObject\",\"inLanguage\":\"hu-HU\",\"@id\":\"https:\/\/www.smedemokrati.sk\/pakt-fica-a-orbana-nas-nateraz-stoji-250-mil-eur-a-hrozi-ze-prideme-o-dalsich-200-mil-eur-rocne\/#primaryimage\",\"url\":\"https:\/\/www.smedemokrati.sk\/wp-content\/uploads\/2025\/05\/fico-orban-pakt.jpg\",\"contentUrl\":\"https:\/\/www.smedemokrati.sk\/wp-content\/uploads\/2025\/05\/fico-orban-pakt.jpg\",\"width\":1052,\"height\":571},{\"@type\":\"BreadcrumbList\",\"@id\":\"https:\/\/www.smedemokrati.sk\/pakt-fica-a-orbana-nas-nateraz-stoji-250-mil-eur-a-hrozi-ze-prideme-o-dalsich-200-mil-eur-rocne\/#breadcrumb\",\"itemListElement\":[{\"@type\":\"ListItem\",\"position\":1,\"name\":\"Domovsk\u00e1 str\u00e1nka\",\"item\":\"https:\/\/www.smedemokrati.sk\/\"},{\"@type\":\"ListItem\",\"position\":2,\"name\":\"Pakt Fica a Orb\u00e1na n\u00e1s nateraz stoj\u00ed 250 mil. eur a hroz\u00ed, \u017ee pr\u00eddeme o \u010fal\u0161\u00edch 200 mil. eur ro\u010dne\"}]},{\"@type\":\"WebSite\",\"@id\":\"https:\/\/www.smedemokrati.sk\/#website\",\"url\":\"https:\/\/www.smedemokrati.sk\/\",\"name\":\"Smedemokrati.sk\",\"description\":\"Demokracia a slu\u0161nos\u0165 zv\u00ed\u0165az\u00ed\",\"publisher\":{\"@id\":\"https:\/\/www.smedemokrati.sk\/#organization\"},\"potentialAction\":[{\"@type\":\"SearchAction\",\"target\":{\"@type\":\"EntryPoint\",\"urlTemplate\":\"https:\/\/www.smedemokrati.sk\/?s={search_term_string}\"},\"query-input\":{\"@type\":\"PropertyValueSpecification\",\"valueRequired\":true,\"valueName\":\"search_term_string\"}}],\"inLanguage\":\"hu-HU\"},{\"@type\":\"Organization\",\"@id\":\"https:\/\/www.smedemokrati.sk\/#organization\",\"name\":\"Smedemokrati.sk\",\"url\":\"https:\/\/www.smedemokrati.sk\/\",\"logo\":{\"@type\":\"ImageObject\",\"inLanguage\":\"hu-HU\",\"@id\":\"https:\/\/www.smedemokrati.sk\/#\/schema\/logo\/image\/\",\"url\":\"https:\/\/www.smedemokrati.sk\/wp-content\/uploads\/2023\/04\/ff.002.jpeg\",\"contentUrl\":\"https:\/\/www.smedemokrati.sk\/wp-content\/uploads\/2023\/04\/ff.002.jpeg\",\"width\":640,\"height\":480,\"caption\":\"Smedemokrati.sk\"},\"image\":{\"@id\":\"https:\/\/www.smedemokrati.sk\/#\/schema\/logo\/image\/\"},\"sameAs\":[\"https:\/\/www.facebook.com\/smedemokrati2023\"]},{\"@type\":\"Person\",\"@id\":\"https:\/\/www.smedemokrati.sk\/#\/schema\/person\/21f147c88d605aa7ded900e1e7c344ba\",\"name\":\"miro.sopko\",\"image\":{\"@type\":\"ImageObject\",\"inLanguage\":\"hu-HU\",\"@id\":\"https:\/\/secure.gravatar.com\/avatar\/267e4a36f704376c109afe3a78740c1f5dd8675a2180a908699e7863c9247606?s=96&d=mm&r=g\",\"url\":\"https:\/\/secure.gravatar.com\/avatar\/267e4a36f704376c109afe3a78740c1f5dd8675a2180a908699e7863c9247606?s=96&d=mm&r=g\",\"contentUrl\":\"https:\/\/secure.gravatar.com\/avatar\/267e4a36f704376c109afe3a78740c1f5dd8675a2180a908699e7863c9247606?s=96&d=mm&r=g\",\"caption\":\"miro.sopko\"},\"url\":\"https:\/\/www.smedemokrati.sk\/hu\/author\/miro-sopko\/\"}]}<\/script>\n<!-- \/ Yoast SEO plugin. -->","yoast_head_json":{"title":"Pakt Fica a Orb\u00e1na n\u00e1s nateraz stoj\u00ed 250 mil. eur a hroz\u00ed, \u017ee pr\u00eddeme o \u010fal\u0161\u00edch 200 mil. eur ro\u010dne","robots":{"index":"index","follow":"follow","max-snippet":"max-snippet:-1","max-image-preview":"max-image-preview:large","max-video-preview":"max-video-preview:-1"},"canonical":"https:\/\/www.smedemokrati.sk\/hu\/pakt-fica-a-orbana-nas-nateraz-stoji-250-mil-eur-a-hrozi-ze-prideme-o-dalsich-200-mil-eur-rocne\/","og_locale":"hu_HU","og_type":"article","og_title":"[:sk]Pakt Fica a Orb\u00e1na n\u00e1s nateraz stoj\u00ed 250 mil. eur a hroz\u00ed, \u017ee pr\u00eddeme o \u010fal\u0161\u00edch 200 mil. eur ro\u010dne[:] - Smedemokrati.sk","og_description":"Demokrati kritizuj\u00fa, \u017ee Robert Fico sa chv\u00e1li nad\u0161tandardn\u00fdmi vz\u0165ahmi s Ma\u010farskom, no v\u00fdsledkom je, \u017ee Orb\u00e1n blokuje Slovensku preplatenie 250 mil. eur za st\u00edha\u010dky MiG-29 a \u010fal\u0161iu vojensk\u00fa pomoc Ukrajine a \u010fal\u0161\u00edch 200 mil. eur ro\u010dne zrejme pl\u00e1nuj\u00fa odovzda\u0165 Ma\u010farsku v podobe Slovenskom vyprodukovanej zelenej energie. Strana vyz\u00fdva premi\u00e9ra, aby namiesto pr\u00e1zdnych slov za\u010dal rokova\u0165 [&hellip;]","og_url":"https:\/\/www.smedemokrati.sk\/hu\/pakt-fica-a-orbana-nas-nateraz-stoji-250-mil-eur-a-hrozi-ze-prideme-o-dalsich-200-mil-eur-rocne\/","og_site_name":"Smedemokrati.sk","article_publisher":"https:\/\/www.facebook.com\/smedemokrati2023","article_published_time":"2025-05-06T09:38:01+00:00","article_modified_time":"2025-05-06T09:38:02+00:00","og_image":[{"width":1052,"height":571,"url":"https:\/\/www.smedemokrati.sk\/wp-content\/uploads\/2025\/05\/fico-orban-pakt.jpg","type":"image\/jpeg"}],"author":"miro.sopko","twitter_card":"summary_large_image","twitter_misc":{"Szerz\u0151:":"miro.sopko","Becs\u00fclt olvas\u00e1si id\u0151":"3 perc"},"schema":{"@context":"https:\/\/schema.org","@graph":[{"@type":"Article","@id":"https:\/\/www.smedemokrati.sk\/pakt-fica-a-orbana-nas-nateraz-stoji-250-mil-eur-a-hrozi-ze-prideme-o-dalsich-200-mil-eur-rocne\/#article","isPartOf":{"@id":"https:\/\/www.smedemokrati.sk\/pakt-fica-a-orbana-nas-nateraz-stoji-250-mil-eur-a-hrozi-ze-prideme-o-dalsich-200-mil-eur-rocne\/"},"author":{"name":"miro.sopko","@id":"https:\/\/www.smedemokrati.sk\/#\/schema\/person\/21f147c88d605aa7ded900e1e7c344ba"},"headline":"Pakt Fica a Orb\u00e1na n\u00e1s nateraz stoj\u00ed 250 mil. eur a hroz\u00ed, \u017ee pr\u00eddeme o \u010fal\u0161\u00edch 200 mil. eur ro\u010dne","datePublished":"2025-05-06T09:38:01+00:00","dateModified":"2025-05-06T09:38:02+00:00","mainEntityOfPage":{"@id":"https:\/\/www.smedemokrati.sk\/pakt-fica-a-orbana-nas-nateraz-stoji-250-mil-eur-a-hrozi-ze-prideme-o-dalsich-200-mil-eur-rocne\/"},"wordCount":613,"publisher":{"@id":"https:\/\/www.smedemokrati.sk\/#organization"},"image":{"@id":"https:\/\/www.smedemokrati.sk\/pakt-fica-a-orbana-nas-nateraz-stoji-250-mil-eur-a-hrozi-ze-prideme-o-dalsich-200-mil-eur-rocne\/#primaryimage"},"thumbnailUrl":"https:\/\/www.smedemokrati.sk\/wp-content\/uploads\/2025\/05\/fico-orban-pakt.jpg","articleSection":["Tla\u010dov\u00e9 spr\u00e1vy"],"inLanguage":"hu-HU"},{"@type":"WebPage","@id":"https:\/\/www.smedemokrati.sk\/pakt-fica-a-orbana-nas-nateraz-stoji-250-mil-eur-a-hrozi-ze-prideme-o-dalsich-200-mil-eur-rocne\/","url":"https:\/\/www.smedemokrati.sk\/pakt-fica-a-orbana-nas-nateraz-stoji-250-mil-eur-a-hrozi-ze-prideme-o-dalsich-200-mil-eur-rocne\/","name":"Pakt Fica a Orb\u00e1na n\u00e1s nateraz stoj\u00ed 250 mil. eur a hroz\u00ed, \u017ee pr\u00eddeme o \u010fal\u0161\u00edch 200 mil. eur ro\u010dne","isPartOf":{"@id":"https:\/\/www.smedemokrati.sk\/#website"},"primaryImageOfPage":{"@id":"https:\/\/www.smedemokrati.sk\/pakt-fica-a-orbana-nas-nateraz-stoji-250-mil-eur-a-hrozi-ze-prideme-o-dalsich-200-mil-eur-rocne\/#primaryimage"},"image":{"@id":"https:\/\/www.smedemokrati.sk\/pakt-fica-a-orbana-nas-nateraz-stoji-250-mil-eur-a-hrozi-ze-prideme-o-dalsich-200-mil-eur-rocne\/#primaryimage"},"thumbnailUrl":"https:\/\/www.smedemokrati.sk\/wp-content\/uploads\/2025\/05\/fico-orban-pakt.jpg","datePublished":"2025-05-06T09:38:01+00:00","dateModified":"2025-05-06T09:38:02+00:00","breadcrumb":{"@id":"https:\/\/www.smedemokrati.sk\/pakt-fica-a-orbana-nas-nateraz-stoji-250-mil-eur-a-hrozi-ze-prideme-o-dalsich-200-mil-eur-rocne\/#breadcrumb"},"inLanguage":"hu-HU","potentialAction":[{"@type":"ReadAction","target":["https:\/\/www.smedemokrati.sk\/pakt-fica-a-orbana-nas-nateraz-stoji-250-mil-eur-a-hrozi-ze-prideme-o-dalsich-200-mil-eur-rocne\/"]}]},{"@type":"ImageObject","inLanguage":"hu-HU","@id":"https:\/\/www.smedemokrati.sk\/pakt-fica-a-orbana-nas-nateraz-stoji-250-mil-eur-a-hrozi-ze-prideme-o-dalsich-200-mil-eur-rocne\/#primaryimage","url":"https:\/\/www.smedemokrati.sk\/wp-content\/uploads\/2025\/05\/fico-orban-pakt.jpg","contentUrl":"https:\/\/www.smedemokrati.sk\/wp-content\/uploads\/2025\/05\/fico-orban-pakt.jpg","width":1052,"height":571},{"@type":"BreadcrumbList","@id":"https:\/\/www.smedemokrati.sk\/pakt-fica-a-orbana-nas-nateraz-stoji-250-mil-eur-a-hrozi-ze-prideme-o-dalsich-200-mil-eur-rocne\/#breadcrumb","itemListElement":[{"@type":"ListItem","position":1,"name":"Domovsk\u00e1 str\u00e1nka","item":"https:\/\/www.smedemokrati.sk\/"},{"@type":"ListItem","position":2,"name":"Pakt Fica a Orb\u00e1na n\u00e1s nateraz stoj\u00ed 250 mil. eur a hroz\u00ed, \u017ee pr\u00eddeme o \u010fal\u0161\u00edch 200 mil. eur ro\u010dne"}]},{"@type":"WebSite","@id":"https:\/\/www.smedemokrati.sk\/#website","url":"https:\/\/www.smedemokrati.sk\/","name":"Smedemokrati.sk","description":"Demokracia a slu\u0161nos\u0165 zv\u00ed\u0165az\u00ed","publisher":{"@id":"https:\/\/www.smedemokrati.sk\/#organization"},"potentialAction":[{"@type":"SearchAction","target":{"@type":"EntryPoint","urlTemplate":"https:\/\/www.smedemokrati.sk\/?s={search_term_string}"},"query-input":{"@type":"PropertyValueSpecification","valueRequired":true,"valueName":"search_term_string"}}],"inLanguage":"hu-HU"},{"@type":"Organization","@id":"https:\/\/www.smedemokrati.sk\/#organization","name":"Smedemokrati.sk","url":"https:\/\/www.smedemokrati.sk\/","logo":{"@type":"ImageObject","inLanguage":"hu-HU","@id":"https:\/\/www.smedemokrati.sk\/#\/schema\/logo\/image\/","url":"https:\/\/www.smedemokrati.sk\/wp-content\/uploads\/2023\/04\/ff.002.jpeg","contentUrl":"https:\/\/www.smedemokrati.sk\/wp-content\/uploads\/2023\/04\/ff.002.jpeg","width":640,"height":480,"caption":"Smedemokrati.sk"},"image":{"@id":"https:\/\/www.smedemokrati.sk\/#\/schema\/logo\/image\/"},"sameAs":["https:\/\/www.facebook.com\/smedemokrati2023"]},{"@type":"Person","@id":"https:\/\/www.smedemokrati.sk\/#\/schema\/person\/21f147c88d605aa7ded900e1e7c344ba","name":"miro.sopko","image":{"@type":"ImageObject","inLanguage":"hu-HU","@id":"https:\/\/secure.gravatar.com\/avatar\/267e4a36f704376c109afe3a78740c1f5dd8675a2180a908699e7863c9247606?s=96&d=mm&r=g","url":"https:\/\/secure.gravatar.com\/avatar\/267e4a36f704376c109afe3a78740c1f5dd8675a2180a908699e7863c9247606?s=96&d=mm&r=g","contentUrl":"https:\/\/secure.gravatar.com\/avatar\/267e4a36f704376c109afe3a78740c1f5dd8675a2180a908699e7863c9247606?s=96&d=mm&r=g","caption":"miro.sopko"},"url":"https:\/\/www.smedemokrati.sk\/hu\/author\/miro-sopko\/"}]}},"_links":{"self":[{"href":"https:\/\/www.smedemokrati.sk\/hu\/wp-json\/wp\/v2\/posts\/7154","targetHints":{"allow":["GET"]}}],"collection":[{"href":"https:\/\/www.smedemokrati.sk\/hu\/wp-json\/wp\/v2\/posts"}],"about":[{"href":"https:\/\/www.smedemokrati.sk\/hu\/wp-json\/wp\/v2\/types\/post"}],"author":[{"embeddable":true,"href":"https:\/\/www.smedemokrati.sk\/hu\/wp-json\/wp\/v2\/users\/13"}],"replies":[{"embeddable":true,"href":"https:\/\/www.smedemokrati.sk\/hu\/wp-json\/wp\/v2\/comments?post=7154"}],"version-history":[{"count":1,"href":"https:\/\/www.smedemokrati.sk\/hu\/wp-json\/wp\/v2\/posts\/7154\/revisions"}],"predecessor-version":[{"id":7156,"href":"https:\/\/www.smedemokrati.sk\/hu\/wp-json\/wp\/v2\/posts\/7154\/revisions\/7156"}],"wp:featuredmedia":[{"embeddable":true,"href":"https:\/\/www.smedemokrati.sk\/hu\/wp-json\/wp\/v2\/media\/7155"}],"wp:attachment":[{"href":"https:\/\/www.smedemokrati.sk\/hu\/wp-json\/wp\/v2\/media?parent=7154"}],"wp:term":[{"taxonomy":"category","embeddable":true,"href":"https:\/\/www.smedemokrati.sk\/hu\/wp-json\/wp\/v2\/categories?post=7154"},{"taxonomy":"post_tag","embeddable":true,"href":"https:\/\/www.smedemokrati.sk\/hu\/wp-json\/wp\/v2\/tags?post=7154"}],"curies":[{"name":"wp","href":"https:\/\/api.w.org\/{rel}","templated":true}]}}