{"id":7032,"date":"2025-04-29T09:34:07","date_gmt":"2025-04-29T08:34:07","guid":{"rendered":"https:\/\/www.smedemokrati.sk\/?p=7032"},"modified":"2025-04-29T09:44:12","modified_gmt":"2025-04-29T08:44:12","slug":"peticia-nestrielajte-psikov-ma-uz-vyse-15-tisic-podpisov-ziadame-takaca-o-rokovanie","status":"publish","type":"post","link":"https:\/\/www.smedemokrati.sk\/hu\/peticia-nestrielajte-psikov-ma-uz-vyse-15-tisic-podpisov-ziadame-takaca-o-rokovanie\/","title":{"rendered":"Pet\u00edcia \u201eNestrie\u013eajte ps\u00edkov\u201c m\u00e1 u\u017e vy\u0161e 15 t\u00edsic podpisov, \u017eiadame Tak\u00e1\u010da o rokovanie"},"content":{"rendered":"<div id=\"fb-root\"><\/div>\n\n<p><strong>Demokrati \u017eiadaj\u00fa ministra Tak\u00e1\u010da o rokovanie k pripravovan\u00fdm zmen\u00e1m k z\u00e1konu o po\u013eovn\u00edctve. Pod ich pet\u00edciu&nbsp; \u201eNestrie\u013eajte ps\u00edkov&#8221; sa podp\u00edsalo u\u017e vy\u0161e 15 000 \u013eud\u00ed, verejnos\u0165 sa m\u00f4\u017ee st\u00e1le zapoji\u0165 a vyjadri\u0165 svoj nes\u00fahlas so zam\u00fd\u0161\u013ean\u00fdm mas\u00edvnym roz\u0161\u00edren\u00edm z\u00e1kazu vo\u013en\u00e9ho pohybu psov v pr\u00edrode a hrozbou ich strie\u013eania tak, ako to zam\u00fd\u0161\u013ea vl\u00e1da SR.<\/strong><\/p>\n\n\n\n<p>Demokrati spustili v piatok (25. apr\u00edla 2025) pet\u00edciu \u201eNestrie\u013eajte ps\u00edkov\u201c.&nbsp;<em>\u201ePodp\u00edsalo sa u\u017e takmer 15 tis\u00edc \u013eud\u00ed, \u010fakujeme v\u0161etk\u00fdm, ktor\u00fdm nie je t\u00e9ma \u013eahostajn\u00e1. Pet\u00edcia je st\u00e1le aktu\u00e1lna a budeme radi, ak budeme ma\u0165 od \u013eud\u00ed \u010do najv\u00e4\u010d\u0161\u00ed mand\u00e1t na to, aby sme zastupovali komunitu, ktor\u00fdch sa zmeny t\u00fdkaj\u00fa. Na Slovensku je skoro 2 mili\u00f3ny psi\u010dk\u00e1rov. Z\u00e1rove\u0148 \u017eiadame ministra Tak\u00e1\u010da, aby zvolal odborn\u00e9 rokovanie, kde mu predostrieme v\u0161etky vecn\u00e9 argumenty, pre\u010do s\u00fa zam\u00fd\u0161\u013ean\u00e9 zmeny absol\u00fatnym nonsensom,\u201c&nbsp;<\/em>povedal Michal Ki\u010da, ktor\u00fd na z\u00e1mer vl\u00e1dy upravi\u0165 vo\u013en\u00fd pohyb psov upozornil.<\/p>\n\n\n\n<p>Demokrati iniciovali pet\u00edciu pre zam\u00fd\u0161\u013ean\u00e9 mas\u00edvne roz\u0161\u00edrenie z\u00e1kazu vo\u013en\u00e9ho pohybu psov v pr\u00edrode.&nbsp;K\u00fdm doteraz platilo, \u017ee psa m\u00f4\u017eete ma\u0165 \u201ena vo\u013eno&#8221;, pokia\u013e sa od majite\u013ea nevzdiali na viac ako 50 metrov, minister p\u00f4dohospod\u00e1rstva Richard Tak\u00e1\u010d navrhuje, aby platil \u00fapln\u00fd z\u00e1kaz vo\u013en\u00e9ho pohybu psov. Ten by mal plati\u0165 prakticky na celom Slovensku &#8211; po\u013eovnou plochou je toti\u017e pribli\u017ene 4,5 mil. hekt\u00e1rov pozemkov, \u010do je v podstate ak\u00e9ko\u013evek \u00fazemie mimo intravil\u00e1nov miest a obc\u00ed.<\/p>\n\n\n\n<p>Pet\u00edcia:<\/p>\n\n\n\n<a href=\"https:\/\/www.peticie.com\/nestrieajte_psikov_peticia_za_zmenu_zakona_o_poovnictve\" target=\"_blank\" class=\"btn btn--secondary btn--loading\"><span>NESTRIE\u013dAJTE PS\u00cdKOV! PET\u00cdCIA ZA ZMENU Z\u00c1KONA O PO\u013dOVN\u00cdCTVE<\/span><\/a>\n","protected":false},"excerpt":{"rendered":"<p>Demokrati \u017eiadaj\u00fa ministra Tak\u00e1\u010da o rokovanie k pripravovan\u00fdm zmen\u00e1m k z\u00e1konu o po\u013eovn\u00edctve. Pod ich pet\u00edciu&nbsp; \u201eNestrie\u013eajte ps\u00edkov&#8221; sa podp\u00edsalo u\u017e vy\u0161e 15 000 \u013eud\u00ed, verejnos\u0165 sa m\u00f4\u017ee st\u00e1le zapoji\u0165 a vyjadri\u0165 svoj nes\u00fahlas so zam\u00fd\u0161\u013ean\u00fdm mas\u00edvnym roz\u0161\u00edren\u00edm z\u00e1kazu vo\u013en\u00e9ho pohybu psov v pr\u00edrode a hrozbou ich strie\u013eania tak, ako to zam\u00fd\u0161\u013ea vl\u00e1da SR. Demokrati [&hellip;]<\/p>\n","protected":false},"author":13,"featured_media":7033,"comment_status":"closed","ping_status":"closed","sticky":false,"template":"","format":"standard","meta":{"_acf_changed":false,"ngg_post_thumbnail":0,"footnotes":""},"categories":[4],"tags":[],"class_list":["post-7032","post","type-post","status-publish","format-standard","has-post-thumbnail","hentry","category-tlacove-spravy"],"acf":[],"yoast_head":"<!-- This site is optimized with the Yoast SEO plugin v27.2 - https:\/\/yoast.com\/product\/yoast-seo-wordpress\/ -->\n<title>Pet\u00edcia \u201eNestrie\u013eajte ps\u00edkov\u201c m\u00e1 u\u017e vy\u0161e 15 t\u00edsic podpisov, \u017eiadame Tak\u00e1\u010da o rokovanie<\/title>\n<meta name=\"robots\" content=\"index, follow, max-snippet:-1, max-image-preview:large, max-video-preview:-1\" \/>\n<link rel=\"canonical\" href=\"https:\/\/www.smedemokrati.sk\/hu\/peticia-nestrielajte-psikov-ma-uz-vyse-15-tisic-podpisov-ziadame-takaca-o-rokovanie\/\" \/>\n<meta property=\"og:locale\" content=\"hu_HU\" \/>\n<meta property=\"og:locale:alternate\" content=\"en_US\" \/>\n<meta property=\"og:locale:alternate\" content=\"cs_CZ\" \/>\n<meta property=\"og:locale:alternate\" content=\"sk_SK\" \/>\n<meta property=\"og:locale:alternate\" content=\"sv_SE\" \/>\n<meta property=\"og:type\" content=\"article\" \/>\n<meta property=\"og:title\" content=\"Pet\u00edcia \u201eNestrie\u013eajte ps\u00edkov\u201c m\u00e1 u\u017e vy\u0161e 15 t\u00edsic podpisov, \u017eiadame Tak\u00e1\u010da o rokovanie\" \/>\n<meta property=\"og:description\" content=\"Demokrati \u017eiadaj\u00fa ministra Tak\u00e1\u010da o rokovanie k pripravovan\u00fdm zmen\u00e1m k z\u00e1konu o po\u013eovn\u00edctve. Pod ich pet\u00edciu&nbsp; \u201eNestrie\u013eajte ps\u00edkov&#8221; sa podp\u00edsalo u\u017e vy\u0161e 15 000 \u013eud\u00ed, verejnos\u0165 sa m\u00f4\u017ee st\u00e1le zapoji\u0165 a vyjadri\u0165 svoj nes\u00fahlas so zam\u00fd\u0161\u013ean\u00fdm mas\u00edvnym roz\u0161\u00edren\u00edm z\u00e1kazu vo\u013en\u00e9ho pohybu psov v pr\u00edrode a hrozbou ich strie\u013eania tak, ako to zam\u00fd\u0161\u013ea vl\u00e1da SR. Demokrati [&hellip;]\" \/>\n<meta property=\"og:url\" content=\"https:\/\/www.smedemokrati.sk\/hu\/peticia-nestrielajte-psikov-ma-uz-vyse-15-tisic-podpisov-ziadame-takaca-o-rokovanie\/\" \/>\n<meta property=\"og:site_name\" content=\"Smedemokrati.sk\" \/>\n<meta property=\"article:publisher\" content=\"https:\/\/www.facebook.com\/smedemokrati2023\" \/>\n<meta property=\"article:published_time\" content=\"2025-04-29T08:34:07+00:00\" \/>\n<meta property=\"article:modified_time\" content=\"2025-04-29T08:44:12+00:00\" \/>\n<meta property=\"og:image\" content=\"https:\/\/www.smedemokrati.sk\/wp-content\/uploads\/2025\/04\/492225543_1254366102722882_6060272847152538745_n.jpg\" \/>\n\t<meta property=\"og:image:width\" content=\"1280\" \/>\n\t<meta property=\"og:image:height\" content=\"1600\" \/>\n\t<meta property=\"og:image:type\" content=\"image\/jpeg\" \/>\n<meta name=\"author\" content=\"miro.sopko\" \/>\n<meta name=\"twitter:card\" content=\"summary_large_image\" \/>\n<meta name=\"twitter:label1\" content=\"Szerz\u0151:\" \/>\n\t<meta name=\"twitter:data1\" content=\"miro.sopko\" \/>\n\t<meta name=\"twitter:label2\" content=\"Becs\u00fclt olvas\u00e1si id\u0151\" \/>\n\t<meta name=\"twitter:data2\" content=\"2 perc\" \/>\n<script type=\"application\/ld+json\" class=\"yoast-schema-graph\">{\"@context\":\"https:\/\/schema.org\",\"@graph\":[{\"@type\":\"Article\",\"@id\":\"https:\/\/www.smedemokrati.sk\/peticia-nestrielajte-psikov-ma-uz-vyse-15-tisic-podpisov-ziadame-takaca-o-rokovanie\/#article\",\"isPartOf\":{\"@id\":\"https:\/\/www.smedemokrati.sk\/peticia-nestrielajte-psikov-ma-uz-vyse-15-tisic-podpisov-ziadame-takaca-o-rokovanie\/\"},\"author\":{\"name\":\"miro.sopko\",\"@id\":\"https:\/\/www.smedemokrati.sk\/#\/schema\/person\/21f147c88d605aa7ded900e1e7c344ba\"},\"headline\":\"Pet\u00edcia \u201eNestrie\u013eajte ps\u00edkov\u201c m\u00e1 u\u017e vy\u0161e 15 t\u00edsic podpisov, \u017eiadame Tak\u00e1\u010da o rokovanie\",\"datePublished\":\"2025-04-29T08:34:07+00:00\",\"dateModified\":\"2025-04-29T08:44:12+00:00\",\"mainEntityOfPage\":{\"@id\":\"https:\/\/www.smedemokrati.sk\/peticia-nestrielajte-psikov-ma-uz-vyse-15-tisic-podpisov-ziadame-takaca-o-rokovanie\/\"},\"wordCount\":325,\"publisher\":{\"@id\":\"https:\/\/www.smedemokrati.sk\/#organization\"},\"image\":{\"@id\":\"https:\/\/www.smedemokrati.sk\/peticia-nestrielajte-psikov-ma-uz-vyse-15-tisic-podpisov-ziadame-takaca-o-rokovanie\/#primaryimage\"},\"thumbnailUrl\":\"https:\/\/www.smedemokrati.sk\/wp-content\/uploads\/2025\/04\/492225543_1254366102722882_6060272847152538745_n.jpg\",\"articleSection\":[\"Tla\u010dov\u00e9 spr\u00e1vy\"],\"inLanguage\":\"hu-HU\"},{\"@type\":\"WebPage\",\"@id\":\"https:\/\/www.smedemokrati.sk\/peticia-nestrielajte-psikov-ma-uz-vyse-15-tisic-podpisov-ziadame-takaca-o-rokovanie\/\",\"url\":\"https:\/\/www.smedemokrati.sk\/peticia-nestrielajte-psikov-ma-uz-vyse-15-tisic-podpisov-ziadame-takaca-o-rokovanie\/\",\"name\":\"Pet\u00edcia \u201eNestrie\u013eajte ps\u00edkov\u201c m\u00e1 u\u017e vy\u0161e 15 t\u00edsic podpisov, \u017eiadame Tak\u00e1\u010da o rokovanie\",\"isPartOf\":{\"@id\":\"https:\/\/www.smedemokrati.sk\/#website\"},\"primaryImageOfPage\":{\"@id\":\"https:\/\/www.smedemokrati.sk\/peticia-nestrielajte-psikov-ma-uz-vyse-15-tisic-podpisov-ziadame-takaca-o-rokovanie\/#primaryimage\"},\"image\":{\"@id\":\"https:\/\/www.smedemokrati.sk\/peticia-nestrielajte-psikov-ma-uz-vyse-15-tisic-podpisov-ziadame-takaca-o-rokovanie\/#primaryimage\"},\"thumbnailUrl\":\"https:\/\/www.smedemokrati.sk\/wp-content\/uploads\/2025\/04\/492225543_1254366102722882_6060272847152538745_n.jpg\",\"datePublished\":\"2025-04-29T08:34:07+00:00\",\"dateModified\":\"2025-04-29T08:44:12+00:00\",\"breadcrumb\":{\"@id\":\"https:\/\/www.smedemokrati.sk\/peticia-nestrielajte-psikov-ma-uz-vyse-15-tisic-podpisov-ziadame-takaca-o-rokovanie\/#breadcrumb\"},\"inLanguage\":\"hu-HU\",\"potentialAction\":[{\"@type\":\"ReadAction\",\"target\":[\"https:\/\/www.smedemokrati.sk\/peticia-nestrielajte-psikov-ma-uz-vyse-15-tisic-podpisov-ziadame-takaca-o-rokovanie\/\"]}]},{\"@type\":\"ImageObject\",\"inLanguage\":\"hu-HU\",\"@id\":\"https:\/\/www.smedemokrati.sk\/peticia-nestrielajte-psikov-ma-uz-vyse-15-tisic-podpisov-ziadame-takaca-o-rokovanie\/#primaryimage\",\"url\":\"https:\/\/www.smedemokrati.sk\/wp-content\/uploads\/2025\/04\/492225543_1254366102722882_6060272847152538745_n.jpg\",\"contentUrl\":\"https:\/\/www.smedemokrati.sk\/wp-content\/uploads\/2025\/04\/492225543_1254366102722882_6060272847152538745_n.jpg\",\"width\":1280,\"height\":1600},{\"@type\":\"BreadcrumbList\",\"@id\":\"https:\/\/www.smedemokrati.sk\/peticia-nestrielajte-psikov-ma-uz-vyse-15-tisic-podpisov-ziadame-takaca-o-rokovanie\/#breadcrumb\",\"itemListElement\":[{\"@type\":\"ListItem\",\"position\":1,\"name\":\"Domovsk\u00e1 str\u00e1nka\",\"item\":\"https:\/\/www.smedemokrati.sk\/\"},{\"@type\":\"ListItem\",\"position\":2,\"name\":\"Pet\u00edcia \u201eNestrie\u013eajte ps\u00edkov\u201c m\u00e1 u\u017e vy\u0161e 15 t\u00edsic podpisov, \u017eiadame Tak\u00e1\u010da o rokovanie\"}]},{\"@type\":\"WebSite\",\"@id\":\"https:\/\/www.smedemokrati.sk\/#website\",\"url\":\"https:\/\/www.smedemokrati.sk\/\",\"name\":\"Smedemokrati.sk\",\"description\":\"Demokracia a slu\u0161nos\u0165 zv\u00ed\u0165az\u00ed\",\"publisher\":{\"@id\":\"https:\/\/www.smedemokrati.sk\/#organization\"},\"potentialAction\":[{\"@type\":\"SearchAction\",\"target\":{\"@type\":\"EntryPoint\",\"urlTemplate\":\"https:\/\/www.smedemokrati.sk\/?s={search_term_string}\"},\"query-input\":{\"@type\":\"PropertyValueSpecification\",\"valueRequired\":true,\"valueName\":\"search_term_string\"}}],\"inLanguage\":\"hu-HU\"},{\"@type\":\"Organization\",\"@id\":\"https:\/\/www.smedemokrati.sk\/#organization\",\"name\":\"Smedemokrati.sk\",\"url\":\"https:\/\/www.smedemokrati.sk\/\",\"logo\":{\"@type\":\"ImageObject\",\"inLanguage\":\"hu-HU\",\"@id\":\"https:\/\/www.smedemokrati.sk\/#\/schema\/logo\/image\/\",\"url\":\"https:\/\/www.smedemokrati.sk\/wp-content\/uploads\/2023\/04\/ff.002.jpeg\",\"contentUrl\":\"https:\/\/www.smedemokrati.sk\/wp-content\/uploads\/2023\/04\/ff.002.jpeg\",\"width\":640,\"height\":480,\"caption\":\"Smedemokrati.sk\"},\"image\":{\"@id\":\"https:\/\/www.smedemokrati.sk\/#\/schema\/logo\/image\/\"},\"sameAs\":[\"https:\/\/www.facebook.com\/smedemokrati2023\"]},{\"@type\":\"Person\",\"@id\":\"https:\/\/www.smedemokrati.sk\/#\/schema\/person\/21f147c88d605aa7ded900e1e7c344ba\",\"name\":\"miro.sopko\",\"image\":{\"@type\":\"ImageObject\",\"inLanguage\":\"hu-HU\",\"@id\":\"https:\/\/secure.gravatar.com\/avatar\/267e4a36f704376c109afe3a78740c1f5dd8675a2180a908699e7863c9247606?s=96&d=mm&r=g\",\"url\":\"https:\/\/secure.gravatar.com\/avatar\/267e4a36f704376c109afe3a78740c1f5dd8675a2180a908699e7863c9247606?s=96&d=mm&r=g\",\"contentUrl\":\"https:\/\/secure.gravatar.com\/avatar\/267e4a36f704376c109afe3a78740c1f5dd8675a2180a908699e7863c9247606?s=96&d=mm&r=g\",\"caption\":\"miro.sopko\"},\"url\":\"https:\/\/www.smedemokrati.sk\/hu\/author\/miro-sopko\/\"}]}<\/script>\n<!-- \/ Yoast SEO plugin. -->","yoast_head_json":{"title":"Pet\u00edcia \u201eNestrie\u013eajte ps\u00edkov\u201c m\u00e1 u\u017e vy\u0161e 15 t\u00edsic podpisov, \u017eiadame Tak\u00e1\u010da o rokovanie","robots":{"index":"index","follow":"follow","max-snippet":"max-snippet:-1","max-image-preview":"max-image-preview:large","max-video-preview":"max-video-preview:-1"},"canonical":"https:\/\/www.smedemokrati.sk\/hu\/peticia-nestrielajte-psikov-ma-uz-vyse-15-tisic-podpisov-ziadame-takaca-o-rokovanie\/","og_locale":"hu_HU","og_type":"article","og_title":"[:sk]Pet\u00edcia \u201eNestrie\u013eajte ps\u00edkov\u201c m\u00e1 u\u017e vy\u0161e 15 t\u00edsic podpisov, \u017eiadame Tak\u00e1\u010da o rokovanie[:] - Smedemokrati.sk","og_description":"Demokrati \u017eiadaj\u00fa ministra Tak\u00e1\u010da o rokovanie k pripravovan\u00fdm zmen\u00e1m k z\u00e1konu o po\u013eovn\u00edctve. Pod ich pet\u00edciu&nbsp; \u201eNestrie\u013eajte ps\u00edkov&#8221; sa podp\u00edsalo u\u017e vy\u0161e 15 000 \u013eud\u00ed, verejnos\u0165 sa m\u00f4\u017ee st\u00e1le zapoji\u0165 a vyjadri\u0165 svoj nes\u00fahlas so zam\u00fd\u0161\u013ean\u00fdm mas\u00edvnym roz\u0161\u00edren\u00edm z\u00e1kazu vo\u013en\u00e9ho pohybu psov v pr\u00edrode a hrozbou ich strie\u013eania tak, ako to zam\u00fd\u0161\u013ea vl\u00e1da SR. Demokrati [&hellip;]","og_url":"https:\/\/www.smedemokrati.sk\/hu\/peticia-nestrielajte-psikov-ma-uz-vyse-15-tisic-podpisov-ziadame-takaca-o-rokovanie\/","og_site_name":"Smedemokrati.sk","article_publisher":"https:\/\/www.facebook.com\/smedemokrati2023","article_published_time":"2025-04-29T08:34:07+00:00","article_modified_time":"2025-04-29T08:44:12+00:00","og_image":[{"width":1280,"height":1600,"url":"https:\/\/www.smedemokrati.sk\/wp-content\/uploads\/2025\/04\/492225543_1254366102722882_6060272847152538745_n.jpg","type":"image\/jpeg"}],"author":"miro.sopko","twitter_card":"summary_large_image","twitter_misc":{"Szerz\u0151:":"miro.sopko","Becs\u00fclt olvas\u00e1si id\u0151":"2 perc"},"schema":{"@context":"https:\/\/schema.org","@graph":[{"@type":"Article","@id":"https:\/\/www.smedemokrati.sk\/peticia-nestrielajte-psikov-ma-uz-vyse-15-tisic-podpisov-ziadame-takaca-o-rokovanie\/#article","isPartOf":{"@id":"https:\/\/www.smedemokrati.sk\/peticia-nestrielajte-psikov-ma-uz-vyse-15-tisic-podpisov-ziadame-takaca-o-rokovanie\/"},"author":{"name":"miro.sopko","@id":"https:\/\/www.smedemokrati.sk\/#\/schema\/person\/21f147c88d605aa7ded900e1e7c344ba"},"headline":"Pet\u00edcia \u201eNestrie\u013eajte ps\u00edkov\u201c m\u00e1 u\u017e vy\u0161e 15 t\u00edsic podpisov, \u017eiadame Tak\u00e1\u010da o rokovanie","datePublished":"2025-04-29T08:34:07+00:00","dateModified":"2025-04-29T08:44:12+00:00","mainEntityOfPage":{"@id":"https:\/\/www.smedemokrati.sk\/peticia-nestrielajte-psikov-ma-uz-vyse-15-tisic-podpisov-ziadame-takaca-o-rokovanie\/"},"wordCount":325,"publisher":{"@id":"https:\/\/www.smedemokrati.sk\/#organization"},"image":{"@id":"https:\/\/www.smedemokrati.sk\/peticia-nestrielajte-psikov-ma-uz-vyse-15-tisic-podpisov-ziadame-takaca-o-rokovanie\/#primaryimage"},"thumbnailUrl":"https:\/\/www.smedemokrati.sk\/wp-content\/uploads\/2025\/04\/492225543_1254366102722882_6060272847152538745_n.jpg","articleSection":["Tla\u010dov\u00e9 spr\u00e1vy"],"inLanguage":"hu-HU"},{"@type":"WebPage","@id":"https:\/\/www.smedemokrati.sk\/peticia-nestrielajte-psikov-ma-uz-vyse-15-tisic-podpisov-ziadame-takaca-o-rokovanie\/","url":"https:\/\/www.smedemokrati.sk\/peticia-nestrielajte-psikov-ma-uz-vyse-15-tisic-podpisov-ziadame-takaca-o-rokovanie\/","name":"Pet\u00edcia \u201eNestrie\u013eajte ps\u00edkov\u201c m\u00e1 u\u017e vy\u0161e 15 t\u00edsic podpisov, \u017eiadame Tak\u00e1\u010da o rokovanie","isPartOf":{"@id":"https:\/\/www.smedemokrati.sk\/#website"},"primaryImageOfPage":{"@id":"https:\/\/www.smedemokrati.sk\/peticia-nestrielajte-psikov-ma-uz-vyse-15-tisic-podpisov-ziadame-takaca-o-rokovanie\/#primaryimage"},"image":{"@id":"https:\/\/www.smedemokrati.sk\/peticia-nestrielajte-psikov-ma-uz-vyse-15-tisic-podpisov-ziadame-takaca-o-rokovanie\/#primaryimage"},"thumbnailUrl":"https:\/\/www.smedemokrati.sk\/wp-content\/uploads\/2025\/04\/492225543_1254366102722882_6060272847152538745_n.jpg","datePublished":"2025-04-29T08:34:07+00:00","dateModified":"2025-04-29T08:44:12+00:00","breadcrumb":{"@id":"https:\/\/www.smedemokrati.sk\/peticia-nestrielajte-psikov-ma-uz-vyse-15-tisic-podpisov-ziadame-takaca-o-rokovanie\/#breadcrumb"},"inLanguage":"hu-HU","potentialAction":[{"@type":"ReadAction","target":["https:\/\/www.smedemokrati.sk\/peticia-nestrielajte-psikov-ma-uz-vyse-15-tisic-podpisov-ziadame-takaca-o-rokovanie\/"]}]},{"@type":"ImageObject","inLanguage":"hu-HU","@id":"https:\/\/www.smedemokrati.sk\/peticia-nestrielajte-psikov-ma-uz-vyse-15-tisic-podpisov-ziadame-takaca-o-rokovanie\/#primaryimage","url":"https:\/\/www.smedemokrati.sk\/wp-content\/uploads\/2025\/04\/492225543_1254366102722882_6060272847152538745_n.jpg","contentUrl":"https:\/\/www.smedemokrati.sk\/wp-content\/uploads\/2025\/04\/492225543_1254366102722882_6060272847152538745_n.jpg","width":1280,"height":1600},{"@type":"BreadcrumbList","@id":"https:\/\/www.smedemokrati.sk\/peticia-nestrielajte-psikov-ma-uz-vyse-15-tisic-podpisov-ziadame-takaca-o-rokovanie\/#breadcrumb","itemListElement":[{"@type":"ListItem","position":1,"name":"Domovsk\u00e1 str\u00e1nka","item":"https:\/\/www.smedemokrati.sk\/"},{"@type":"ListItem","position":2,"name":"Pet\u00edcia \u201eNestrie\u013eajte ps\u00edkov\u201c m\u00e1 u\u017e vy\u0161e 15 t\u00edsic podpisov, \u017eiadame Tak\u00e1\u010da o rokovanie"}]},{"@type":"WebSite","@id":"https:\/\/www.smedemokrati.sk\/#website","url":"https:\/\/www.smedemokrati.sk\/","name":"Smedemokrati.sk","description":"Demokracia a slu\u0161nos\u0165 zv\u00ed\u0165az\u00ed","publisher":{"@id":"https:\/\/www.smedemokrati.sk\/#organization"},"potentialAction":[{"@type":"SearchAction","target":{"@type":"EntryPoint","urlTemplate":"https:\/\/www.smedemokrati.sk\/?s={search_term_string}"},"query-input":{"@type":"PropertyValueSpecification","valueRequired":true,"valueName":"search_term_string"}}],"inLanguage":"hu-HU"},{"@type":"Organization","@id":"https:\/\/www.smedemokrati.sk\/#organization","name":"Smedemokrati.sk","url":"https:\/\/www.smedemokrati.sk\/","logo":{"@type":"ImageObject","inLanguage":"hu-HU","@id":"https:\/\/www.smedemokrati.sk\/#\/schema\/logo\/image\/","url":"https:\/\/www.smedemokrati.sk\/wp-content\/uploads\/2023\/04\/ff.002.jpeg","contentUrl":"https:\/\/www.smedemokrati.sk\/wp-content\/uploads\/2023\/04\/ff.002.jpeg","width":640,"height":480,"caption":"Smedemokrati.sk"},"image":{"@id":"https:\/\/www.smedemokrati.sk\/#\/schema\/logo\/image\/"},"sameAs":["https:\/\/www.facebook.com\/smedemokrati2023"]},{"@type":"Person","@id":"https:\/\/www.smedemokrati.sk\/#\/schema\/person\/21f147c88d605aa7ded900e1e7c344ba","name":"miro.sopko","image":{"@type":"ImageObject","inLanguage":"hu-HU","@id":"https:\/\/secure.gravatar.com\/avatar\/267e4a36f704376c109afe3a78740c1f5dd8675a2180a908699e7863c9247606?s=96&d=mm&r=g","url":"https:\/\/secure.gravatar.com\/avatar\/267e4a36f704376c109afe3a78740c1f5dd8675a2180a908699e7863c9247606?s=96&d=mm&r=g","contentUrl":"https:\/\/secure.gravatar.com\/avatar\/267e4a36f704376c109afe3a78740c1f5dd8675a2180a908699e7863c9247606?s=96&d=mm&r=g","caption":"miro.sopko"},"url":"https:\/\/www.smedemokrati.sk\/hu\/author\/miro-sopko\/"}]}},"_links":{"self":[{"href":"https:\/\/www.smedemokrati.sk\/hu\/wp-json\/wp\/v2\/posts\/7032","targetHints":{"allow":["GET"]}}],"collection":[{"href":"https:\/\/www.smedemokrati.sk\/hu\/wp-json\/wp\/v2\/posts"}],"about":[{"href":"https:\/\/www.smedemokrati.sk\/hu\/wp-json\/wp\/v2\/types\/post"}],"author":[{"embeddable":true,"href":"https:\/\/www.smedemokrati.sk\/hu\/wp-json\/wp\/v2\/users\/13"}],"replies":[{"embeddable":true,"href":"https:\/\/www.smedemokrati.sk\/hu\/wp-json\/wp\/v2\/comments?post=7032"}],"version-history":[{"count":7,"href":"https:\/\/www.smedemokrati.sk\/hu\/wp-json\/wp\/v2\/posts\/7032\/revisions"}],"predecessor-version":[{"id":7042,"href":"https:\/\/www.smedemokrati.sk\/hu\/wp-json\/wp\/v2\/posts\/7032\/revisions\/7042"}],"wp:featuredmedia":[{"embeddable":true,"href":"https:\/\/www.smedemokrati.sk\/hu\/wp-json\/wp\/v2\/media\/7033"}],"wp:attachment":[{"href":"https:\/\/www.smedemokrati.sk\/hu\/wp-json\/wp\/v2\/media?parent=7032"}],"wp:term":[{"taxonomy":"category","embeddable":true,"href":"https:\/\/www.smedemokrati.sk\/hu\/wp-json\/wp\/v2\/categories?post=7032"},{"taxonomy":"post_tag","embeddable":true,"href":"https:\/\/www.smedemokrati.sk\/hu\/wp-json\/wp\/v2\/tags?post=7032"}],"curies":[{"name":"wp","href":"https:\/\/api.w.org\/{rel}","templated":true}]}}