{"id":6982,"date":"2025-04-23T18:54:29","date_gmt":"2025-04-23T17:54:29","guid":{"rendered":"https:\/\/www.smedemokrati.sk\/?p=6982"},"modified":"2025-04-23T18:57:21","modified_gmt":"2025-04-23T17:57:21","slug":"vyclenenie-vojakov-aj-na-usmrcovanie-medvedov-je-absurdnym-rozhodnutim","status":"publish","type":"post","link":"https:\/\/www.smedemokrati.sk\/hu\/vyclenenie-vojakov-aj-na-usmrcovanie-medvedov-je-absurdnym-rozhodnutim\/","title":{"rendered":"Vy\u010dlenenie vojakov aj na usmrcovanie medve\u010fov je absurdn\u00fdm rozhodnut\u00edm"},"content":{"rendered":"<div id=\"fb-root\"><\/div>\n\n<p><strong>Schv\u00e1len\u00e9 uznesenie vl\u00e1dy vy\u010dle\u0148uje 50 profesion\u00e1lnych vojakov nielen na monitoring ich popul\u00e1cie, ale aj na \u201erie\u0161enie mimoriadnej situ\u00e1cie\u201d, ktor\u00e1 sa vyhl\u00e1sila za \u00fa\u010delom usmrtenia 350 jedincov medve\u010fa hned\u00e9ho. Vojaci maj\u00fa by\u0165 z\u00e1rove\u0148 ozbrojen\u00ed. Mand\u00e1t pre ozbrojen\u00e9 sily ide v\u00fdrazne \u010falej ako len monitoring ich popul\u00e1cie a pokr\u00fdva potenci\u00e1lne aj ich usmrcovanie. Pova\u017eujeme to za zneu\u017e\u00edvanie ozbrojen\u00fdch s\u00edl a doslova absurdn\u00e9 rozhodnutie.&nbsp;<\/strong><\/p>\n\n\n\n<p>Minister \u017eivotn\u00e9ho prostredia p\u00f4vodne avizoval zapojenie ozbrojen\u00fdch s\u00edl len do leteck\u00e9ho monitoringu popul\u00e1cie medve\u010fa hned\u00e9ho. <em>\u201eSchv\u00e1len\u00e9 uznesenie vl\u00e1dy v\u0161ak hovor\u00ed o vy\u010dlenen\u00ed 50 ozbrojen\u00fdch profesion\u00e1lnych vojakov nielen na monitoring, ale aj na rie\u0161enie mimoriadnej situ\u00e1cie, \u010do m\u00f4\u017ee pokr\u00fdva\u0165 strie\u013eanie medve\u010fov. Skuto\u010dne budeme v pr\u00edrode streta\u0165 vojakov so zbra\u0148ami na love medve\u010fov? Ide o bezprecedentn\u00fa situ\u00e1ciu, ktor\u00e1 len zv\u00fd\u0161i riziko konfliktn\u00fdch situ\u00e1ci\u00ed v pr\u00edrode. Slovensko sa op\u00e4\u0165 st\u00e1va svetov\u00fdm unik\u00e1tom, bohu\u017ea\u013e, v negat\u00edvnom zmysle,\u201d<\/em> uviedol environment\u00e1lny expert strany Michal Ki\u010da.<\/p>\n\n\n\n<p>Vl\u00e1da \u00faplne rezignovala na ak\u00e9ko\u013evek zmyslupln\u00e9 opatrenia, ktor\u00e9 by predch\u00e1dzali stretom medzi \u010dlovekom a medve\u010fom. Pod\u013ea na\u0161ich inform\u00e1ci\u00ed m\u00f4\u017ee zapojenie ozbrojen\u00fdch s\u00edl s\u00favisie\u0165 s predbe\u017enou neochotou po\u013eovn\u00fdch zdru\u017een\u00ed zap\u00e1ja\u0165 sa kv\u00f3tov\u00e9ho lovu medve\u010fa hned\u00e9ho, schv\u00e1len\u00e9ho vl\u00e1dou. Minister Taraba aj priamo spochybnil kompetentnos\u0165 jeho vlastn\u00fdch z\u00e1sahov\u00fdch t\u00edmov. Neschopnos\u0165 vl\u00e1dy chr\u00e1ni\u0165 obyvate\u013eov sa nahr\u00e1dza marketingov\u00fdmi rie\u0161eniami, ktor\u00e9 v\u0161ak nebezpe\u010denstvo pre \u013eud\u00ed len zv\u00fd\u0161ia.<\/p>\n\n\n\n<figure class=\"wp-block-video\"><video height=\"1080\" style=\"aspect-ratio: 1920 \/ 1080;\" width=\"1920\" controls src=\"https:\/\/www.smedemokrati.sk\/wp-content\/uploads\/2025\/04\/IMG_8873.mov\"><\/video><\/figure>\n","protected":false},"excerpt":{"rendered":"<p>Schv\u00e1len\u00e9 uznesenie vl\u00e1dy vy\u010dle\u0148uje 50 profesion\u00e1lnych vojakov nielen na monitoring ich popul\u00e1cie, ale aj na \u201erie\u0161enie mimoriadnej situ\u00e1cie\u201d, ktor\u00e1 sa vyhl\u00e1sila za \u00fa\u010delom usmrtenia 350 jedincov medve\u010fa hned\u00e9ho. Vojaci maj\u00fa by\u0165 z\u00e1rove\u0148 ozbrojen\u00ed. Mand\u00e1t pre ozbrojen\u00e9 sily ide v\u00fdrazne \u010falej ako len monitoring ich popul\u00e1cie a pokr\u00fdva potenci\u00e1lne aj ich usmrcovanie. Pova\u017eujeme to za zneu\u017e\u00edvanie [&hellip;]<\/p>\n","protected":false},"author":13,"featured_media":6983,"comment_status":"closed","ping_status":"closed","sticky":false,"template":"","format":"standard","meta":{"_acf_changed":false,"ngg_post_thumbnail":0,"footnotes":""},"categories":[4],"tags":[],"class_list":["post-6982","post","type-post","status-publish","format-standard","has-post-thumbnail","hentry","category-tlacove-spravy"],"acf":[],"yoast_head":"<!-- This site is optimized with the Yoast SEO plugin v27.2 - https:\/\/yoast.com\/product\/yoast-seo-wordpress\/ -->\n<title>Vy\u010dlenenie vojakov aj na usmrcovanie medve\u010fov je absurdn\u00fdm rozhodnut\u00edm<\/title>\n<meta name=\"robots\" content=\"index, follow, max-snippet:-1, max-image-preview:large, max-video-preview:-1\" \/>\n<link rel=\"canonical\" href=\"https:\/\/www.smedemokrati.sk\/hu\/vyclenenie-vojakov-aj-na-usmrcovanie-medvedov-je-absurdnym-rozhodnutim\/\" \/>\n<meta property=\"og:locale\" content=\"hu_HU\" \/>\n<meta property=\"og:locale:alternate\" content=\"en_US\" \/>\n<meta property=\"og:locale:alternate\" content=\"cs_CZ\" \/>\n<meta property=\"og:locale:alternate\" content=\"sk_SK\" \/>\n<meta property=\"og:locale:alternate\" content=\"sv_SE\" \/>\n<meta property=\"og:type\" content=\"article\" \/>\n<meta property=\"og:title\" content=\"Vy\u010dlenenie vojakov aj na usmrcovanie medve\u010fov je absurdn\u00fdm rozhodnut\u00edm\" \/>\n<meta property=\"og:description\" content=\"Schv\u00e1len\u00e9 uznesenie vl\u00e1dy vy\u010dle\u0148uje 50 profesion\u00e1lnych vojakov nielen na monitoring ich popul\u00e1cie, ale aj na \u201erie\u0161enie mimoriadnej situ\u00e1cie\u201d, ktor\u00e1 sa vyhl\u00e1sila za \u00fa\u010delom usmrtenia 350 jedincov medve\u010fa hned\u00e9ho. Vojaci maj\u00fa by\u0165 z\u00e1rove\u0148 ozbrojen\u00ed. Mand\u00e1t pre ozbrojen\u00e9 sily ide v\u00fdrazne \u010falej ako len monitoring ich popul\u00e1cie a pokr\u00fdva potenci\u00e1lne aj ich usmrcovanie. Pova\u017eujeme to za zneu\u017e\u00edvanie [&hellip;]\" \/>\n<meta property=\"og:url\" content=\"https:\/\/www.smedemokrati.sk\/hu\/vyclenenie-vojakov-aj-na-usmrcovanie-medvedov-je-absurdnym-rozhodnutim\/\" \/>\n<meta property=\"og:site_name\" content=\"Smedemokrati.sk\" \/>\n<meta property=\"article:publisher\" content=\"https:\/\/www.facebook.com\/smedemokrati2023\" \/>\n<meta property=\"article:published_time\" content=\"2025-04-23T17:54:29+00:00\" \/>\n<meta property=\"article:modified_time\" content=\"2025-04-23T17:57:21+00:00\" \/>\n<meta property=\"og:image\" content=\"https:\/\/www.smedemokrati.sk\/wp-content\/uploads\/2025\/04\/1502.jpg\" \/>\n\t<meta property=\"og:image:width\" content=\"1000\" \/>\n\t<meta property=\"og:image:height\" content=\"630\" \/>\n\t<meta property=\"og:image:type\" content=\"image\/jpeg\" \/>\n<meta name=\"author\" content=\"miro.sopko\" \/>\n<meta name=\"twitter:card\" content=\"summary_large_image\" \/>\n<meta name=\"twitter:label1\" content=\"Szerz\u0151:\" \/>\n\t<meta name=\"twitter:data1\" content=\"miro.sopko\" \/>\n\t<meta name=\"twitter:label2\" content=\"Becs\u00fclt olvas\u00e1si id\u0151\" \/>\n\t<meta name=\"twitter:data2\" content=\"2 perc\" \/>\n<script type=\"application\/ld+json\" class=\"yoast-schema-graph\">{\"@context\":\"https:\/\/schema.org\",\"@graph\":[{\"@type\":\"Article\",\"@id\":\"https:\/\/www.smedemokrati.sk\/vyclenenie-vojakov-aj-na-usmrcovanie-medvedov-je-absurdnym-rozhodnutim\/#article\",\"isPartOf\":{\"@id\":\"https:\/\/www.smedemokrati.sk\/vyclenenie-vojakov-aj-na-usmrcovanie-medvedov-je-absurdnym-rozhodnutim\/\"},\"author\":{\"name\":\"miro.sopko\",\"@id\":\"https:\/\/www.smedemokrati.sk\/#\/schema\/person\/21f147c88d605aa7ded900e1e7c344ba\"},\"headline\":\"Vy\u010dlenenie vojakov aj na usmrcovanie medve\u010fov je absurdn\u00fdm rozhodnut\u00edm\",\"datePublished\":\"2025-04-23T17:54:29+00:00\",\"dateModified\":\"2025-04-23T17:57:21+00:00\",\"mainEntityOfPage\":{\"@id\":\"https:\/\/www.smedemokrati.sk\/vyclenenie-vojakov-aj-na-usmrcovanie-medvedov-je-absurdnym-rozhodnutim\/\"},\"wordCount\":308,\"publisher\":{\"@id\":\"https:\/\/www.smedemokrati.sk\/#organization\"},\"image\":{\"@id\":\"https:\/\/www.smedemokrati.sk\/vyclenenie-vojakov-aj-na-usmrcovanie-medvedov-je-absurdnym-rozhodnutim\/#primaryimage\"},\"thumbnailUrl\":\"https:\/\/www.smedemokrati.sk\/wp-content\/uploads\/2025\/04\/1502.jpg\",\"articleSection\":[\"Tla\u010dov\u00e9 spr\u00e1vy\"],\"inLanguage\":\"hu-HU\"},{\"@type\":\"WebPage\",\"@id\":\"https:\/\/www.smedemokrati.sk\/vyclenenie-vojakov-aj-na-usmrcovanie-medvedov-je-absurdnym-rozhodnutim\/\",\"url\":\"https:\/\/www.smedemokrati.sk\/vyclenenie-vojakov-aj-na-usmrcovanie-medvedov-je-absurdnym-rozhodnutim\/\",\"name\":\"Vy\u010dlenenie vojakov aj na usmrcovanie medve\u010fov je absurdn\u00fdm rozhodnut\u00edm\",\"isPartOf\":{\"@id\":\"https:\/\/www.smedemokrati.sk\/#website\"},\"primaryImageOfPage\":{\"@id\":\"https:\/\/www.smedemokrati.sk\/vyclenenie-vojakov-aj-na-usmrcovanie-medvedov-je-absurdnym-rozhodnutim\/#primaryimage\"},\"image\":{\"@id\":\"https:\/\/www.smedemokrati.sk\/vyclenenie-vojakov-aj-na-usmrcovanie-medvedov-je-absurdnym-rozhodnutim\/#primaryimage\"},\"thumbnailUrl\":\"https:\/\/www.smedemokrati.sk\/wp-content\/uploads\/2025\/04\/1502.jpg\",\"datePublished\":\"2025-04-23T17:54:29+00:00\",\"dateModified\":\"2025-04-23T17:57:21+00:00\",\"breadcrumb\":{\"@id\":\"https:\/\/www.smedemokrati.sk\/vyclenenie-vojakov-aj-na-usmrcovanie-medvedov-je-absurdnym-rozhodnutim\/#breadcrumb\"},\"inLanguage\":\"hu-HU\",\"potentialAction\":[{\"@type\":\"ReadAction\",\"target\":[\"https:\/\/www.smedemokrati.sk\/vyclenenie-vojakov-aj-na-usmrcovanie-medvedov-je-absurdnym-rozhodnutim\/\"]}]},{\"@type\":\"ImageObject\",\"inLanguage\":\"hu-HU\",\"@id\":\"https:\/\/www.smedemokrati.sk\/vyclenenie-vojakov-aj-na-usmrcovanie-medvedov-je-absurdnym-rozhodnutim\/#primaryimage\",\"url\":\"https:\/\/www.smedemokrati.sk\/wp-content\/uploads\/2025\/04\/1502.jpg\",\"contentUrl\":\"https:\/\/www.smedemokrati.sk\/wp-content\/uploads\/2025\/04\/1502.jpg\",\"width\":1000,\"height\":630},{\"@type\":\"BreadcrumbList\",\"@id\":\"https:\/\/www.smedemokrati.sk\/vyclenenie-vojakov-aj-na-usmrcovanie-medvedov-je-absurdnym-rozhodnutim\/#breadcrumb\",\"itemListElement\":[{\"@type\":\"ListItem\",\"position\":1,\"name\":\"Domovsk\u00e1 str\u00e1nka\",\"item\":\"https:\/\/www.smedemokrati.sk\/\"},{\"@type\":\"ListItem\",\"position\":2,\"name\":\"Vy\u010dlenenie vojakov aj na usmrcovanie medve\u010fov je absurdn\u00fdm rozhodnut\u00edm\"}]},{\"@type\":\"WebSite\",\"@id\":\"https:\/\/www.smedemokrati.sk\/#website\",\"url\":\"https:\/\/www.smedemokrati.sk\/\",\"name\":\"Smedemokrati.sk\",\"description\":\"Demokracia a slu\u0161nos\u0165 zv\u00ed\u0165az\u00ed\",\"publisher\":{\"@id\":\"https:\/\/www.smedemokrati.sk\/#organization\"},\"potentialAction\":[{\"@type\":\"SearchAction\",\"target\":{\"@type\":\"EntryPoint\",\"urlTemplate\":\"https:\/\/www.smedemokrati.sk\/?s={search_term_string}\"},\"query-input\":{\"@type\":\"PropertyValueSpecification\",\"valueRequired\":true,\"valueName\":\"search_term_string\"}}],\"inLanguage\":\"hu-HU\"},{\"@type\":\"Organization\",\"@id\":\"https:\/\/www.smedemokrati.sk\/#organization\",\"name\":\"Smedemokrati.sk\",\"url\":\"https:\/\/www.smedemokrati.sk\/\",\"logo\":{\"@type\":\"ImageObject\",\"inLanguage\":\"hu-HU\",\"@id\":\"https:\/\/www.smedemokrati.sk\/#\/schema\/logo\/image\/\",\"url\":\"https:\/\/www.smedemokrati.sk\/wp-content\/uploads\/2023\/04\/ff.002.jpeg\",\"contentUrl\":\"https:\/\/www.smedemokrati.sk\/wp-content\/uploads\/2023\/04\/ff.002.jpeg\",\"width\":640,\"height\":480,\"caption\":\"Smedemokrati.sk\"},\"image\":{\"@id\":\"https:\/\/www.smedemokrati.sk\/#\/schema\/logo\/image\/\"},\"sameAs\":[\"https:\/\/www.facebook.com\/smedemokrati2023\"]},{\"@type\":\"Person\",\"@id\":\"https:\/\/www.smedemokrati.sk\/#\/schema\/person\/21f147c88d605aa7ded900e1e7c344ba\",\"name\":\"miro.sopko\",\"image\":{\"@type\":\"ImageObject\",\"inLanguage\":\"hu-HU\",\"@id\":\"https:\/\/secure.gravatar.com\/avatar\/267e4a36f704376c109afe3a78740c1f5dd8675a2180a908699e7863c9247606?s=96&d=mm&r=g\",\"url\":\"https:\/\/secure.gravatar.com\/avatar\/267e4a36f704376c109afe3a78740c1f5dd8675a2180a908699e7863c9247606?s=96&d=mm&r=g\",\"contentUrl\":\"https:\/\/secure.gravatar.com\/avatar\/267e4a36f704376c109afe3a78740c1f5dd8675a2180a908699e7863c9247606?s=96&d=mm&r=g\",\"caption\":\"miro.sopko\"},\"url\":\"https:\/\/www.smedemokrati.sk\/hu\/author\/miro-sopko\/\"}]}<\/script>\n<!-- \/ Yoast SEO plugin. -->","yoast_head_json":{"title":"Vy\u010dlenenie vojakov aj na usmrcovanie medve\u010fov je absurdn\u00fdm rozhodnut\u00edm","robots":{"index":"index","follow":"follow","max-snippet":"max-snippet:-1","max-image-preview":"max-image-preview:large","max-video-preview":"max-video-preview:-1"},"canonical":"https:\/\/www.smedemokrati.sk\/hu\/vyclenenie-vojakov-aj-na-usmrcovanie-medvedov-je-absurdnym-rozhodnutim\/","og_locale":"hu_HU","og_type":"article","og_title":"[:sk]Vy\u010dlenenie vojakov aj na usmrcovanie medve\u010fov je absurdn\u00fdm rozhodnut\u00edm[:] - Smedemokrati.sk","og_description":"Schv\u00e1len\u00e9 uznesenie vl\u00e1dy vy\u010dle\u0148uje 50 profesion\u00e1lnych vojakov nielen na monitoring ich popul\u00e1cie, ale aj na \u201erie\u0161enie mimoriadnej situ\u00e1cie\u201d, ktor\u00e1 sa vyhl\u00e1sila za \u00fa\u010delom usmrtenia 350 jedincov medve\u010fa hned\u00e9ho. Vojaci maj\u00fa by\u0165 z\u00e1rove\u0148 ozbrojen\u00ed. Mand\u00e1t pre ozbrojen\u00e9 sily ide v\u00fdrazne \u010falej ako len monitoring ich popul\u00e1cie a pokr\u00fdva potenci\u00e1lne aj ich usmrcovanie. Pova\u017eujeme to za zneu\u017e\u00edvanie [&hellip;]","og_url":"https:\/\/www.smedemokrati.sk\/hu\/vyclenenie-vojakov-aj-na-usmrcovanie-medvedov-je-absurdnym-rozhodnutim\/","og_site_name":"Smedemokrati.sk","article_publisher":"https:\/\/www.facebook.com\/smedemokrati2023","article_published_time":"2025-04-23T17:54:29+00:00","article_modified_time":"2025-04-23T17:57:21+00:00","og_image":[{"width":1000,"height":630,"url":"https:\/\/www.smedemokrati.sk\/wp-content\/uploads\/2025\/04\/1502.jpg","type":"image\/jpeg"}],"author":"miro.sopko","twitter_card":"summary_large_image","twitter_misc":{"Szerz\u0151:":"miro.sopko","Becs\u00fclt olvas\u00e1si id\u0151":"2 perc"},"schema":{"@context":"https:\/\/schema.org","@graph":[{"@type":"Article","@id":"https:\/\/www.smedemokrati.sk\/vyclenenie-vojakov-aj-na-usmrcovanie-medvedov-je-absurdnym-rozhodnutim\/#article","isPartOf":{"@id":"https:\/\/www.smedemokrati.sk\/vyclenenie-vojakov-aj-na-usmrcovanie-medvedov-je-absurdnym-rozhodnutim\/"},"author":{"name":"miro.sopko","@id":"https:\/\/www.smedemokrati.sk\/#\/schema\/person\/21f147c88d605aa7ded900e1e7c344ba"},"headline":"Vy\u010dlenenie vojakov aj na usmrcovanie medve\u010fov je absurdn\u00fdm rozhodnut\u00edm","datePublished":"2025-04-23T17:54:29+00:00","dateModified":"2025-04-23T17:57:21+00:00","mainEntityOfPage":{"@id":"https:\/\/www.smedemokrati.sk\/vyclenenie-vojakov-aj-na-usmrcovanie-medvedov-je-absurdnym-rozhodnutim\/"},"wordCount":308,"publisher":{"@id":"https:\/\/www.smedemokrati.sk\/#organization"},"image":{"@id":"https:\/\/www.smedemokrati.sk\/vyclenenie-vojakov-aj-na-usmrcovanie-medvedov-je-absurdnym-rozhodnutim\/#primaryimage"},"thumbnailUrl":"https:\/\/www.smedemokrati.sk\/wp-content\/uploads\/2025\/04\/1502.jpg","articleSection":["Tla\u010dov\u00e9 spr\u00e1vy"],"inLanguage":"hu-HU"},{"@type":"WebPage","@id":"https:\/\/www.smedemokrati.sk\/vyclenenie-vojakov-aj-na-usmrcovanie-medvedov-je-absurdnym-rozhodnutim\/","url":"https:\/\/www.smedemokrati.sk\/vyclenenie-vojakov-aj-na-usmrcovanie-medvedov-je-absurdnym-rozhodnutim\/","name":"Vy\u010dlenenie vojakov aj na usmrcovanie medve\u010fov je absurdn\u00fdm rozhodnut\u00edm","isPartOf":{"@id":"https:\/\/www.smedemokrati.sk\/#website"},"primaryImageOfPage":{"@id":"https:\/\/www.smedemokrati.sk\/vyclenenie-vojakov-aj-na-usmrcovanie-medvedov-je-absurdnym-rozhodnutim\/#primaryimage"},"image":{"@id":"https:\/\/www.smedemokrati.sk\/vyclenenie-vojakov-aj-na-usmrcovanie-medvedov-je-absurdnym-rozhodnutim\/#primaryimage"},"thumbnailUrl":"https:\/\/www.smedemokrati.sk\/wp-content\/uploads\/2025\/04\/1502.jpg","datePublished":"2025-04-23T17:54:29+00:00","dateModified":"2025-04-23T17:57:21+00:00","breadcrumb":{"@id":"https:\/\/www.smedemokrati.sk\/vyclenenie-vojakov-aj-na-usmrcovanie-medvedov-je-absurdnym-rozhodnutim\/#breadcrumb"},"inLanguage":"hu-HU","potentialAction":[{"@type":"ReadAction","target":["https:\/\/www.smedemokrati.sk\/vyclenenie-vojakov-aj-na-usmrcovanie-medvedov-je-absurdnym-rozhodnutim\/"]}]},{"@type":"ImageObject","inLanguage":"hu-HU","@id":"https:\/\/www.smedemokrati.sk\/vyclenenie-vojakov-aj-na-usmrcovanie-medvedov-je-absurdnym-rozhodnutim\/#primaryimage","url":"https:\/\/www.smedemokrati.sk\/wp-content\/uploads\/2025\/04\/1502.jpg","contentUrl":"https:\/\/www.smedemokrati.sk\/wp-content\/uploads\/2025\/04\/1502.jpg","width":1000,"height":630},{"@type":"BreadcrumbList","@id":"https:\/\/www.smedemokrati.sk\/vyclenenie-vojakov-aj-na-usmrcovanie-medvedov-je-absurdnym-rozhodnutim\/#breadcrumb","itemListElement":[{"@type":"ListItem","position":1,"name":"Domovsk\u00e1 str\u00e1nka","item":"https:\/\/www.smedemokrati.sk\/"},{"@type":"ListItem","position":2,"name":"Vy\u010dlenenie vojakov aj na usmrcovanie medve\u010fov je absurdn\u00fdm rozhodnut\u00edm"}]},{"@type":"WebSite","@id":"https:\/\/www.smedemokrati.sk\/#website","url":"https:\/\/www.smedemokrati.sk\/","name":"Smedemokrati.sk","description":"Demokracia a slu\u0161nos\u0165 zv\u00ed\u0165az\u00ed","publisher":{"@id":"https:\/\/www.smedemokrati.sk\/#organization"},"potentialAction":[{"@type":"SearchAction","target":{"@type":"EntryPoint","urlTemplate":"https:\/\/www.smedemokrati.sk\/?s={search_term_string}"},"query-input":{"@type":"PropertyValueSpecification","valueRequired":true,"valueName":"search_term_string"}}],"inLanguage":"hu-HU"},{"@type":"Organization","@id":"https:\/\/www.smedemokrati.sk\/#organization","name":"Smedemokrati.sk","url":"https:\/\/www.smedemokrati.sk\/","logo":{"@type":"ImageObject","inLanguage":"hu-HU","@id":"https:\/\/www.smedemokrati.sk\/#\/schema\/logo\/image\/","url":"https:\/\/www.smedemokrati.sk\/wp-content\/uploads\/2023\/04\/ff.002.jpeg","contentUrl":"https:\/\/www.smedemokrati.sk\/wp-content\/uploads\/2023\/04\/ff.002.jpeg","width":640,"height":480,"caption":"Smedemokrati.sk"},"image":{"@id":"https:\/\/www.smedemokrati.sk\/#\/schema\/logo\/image\/"},"sameAs":["https:\/\/www.facebook.com\/smedemokrati2023"]},{"@type":"Person","@id":"https:\/\/www.smedemokrati.sk\/#\/schema\/person\/21f147c88d605aa7ded900e1e7c344ba","name":"miro.sopko","image":{"@type":"ImageObject","inLanguage":"hu-HU","@id":"https:\/\/secure.gravatar.com\/avatar\/267e4a36f704376c109afe3a78740c1f5dd8675a2180a908699e7863c9247606?s=96&d=mm&r=g","url":"https:\/\/secure.gravatar.com\/avatar\/267e4a36f704376c109afe3a78740c1f5dd8675a2180a908699e7863c9247606?s=96&d=mm&r=g","contentUrl":"https:\/\/secure.gravatar.com\/avatar\/267e4a36f704376c109afe3a78740c1f5dd8675a2180a908699e7863c9247606?s=96&d=mm&r=g","caption":"miro.sopko"},"url":"https:\/\/www.smedemokrati.sk\/hu\/author\/miro-sopko\/"}]}},"_links":{"self":[{"href":"https:\/\/www.smedemokrati.sk\/hu\/wp-json\/wp\/v2\/posts\/6982","targetHints":{"allow":["GET"]}}],"collection":[{"href":"https:\/\/www.smedemokrati.sk\/hu\/wp-json\/wp\/v2\/posts"}],"about":[{"href":"https:\/\/www.smedemokrati.sk\/hu\/wp-json\/wp\/v2\/types\/post"}],"author":[{"embeddable":true,"href":"https:\/\/www.smedemokrati.sk\/hu\/wp-json\/wp\/v2\/users\/13"}],"replies":[{"embeddable":true,"href":"https:\/\/www.smedemokrati.sk\/hu\/wp-json\/wp\/v2\/comments?post=6982"}],"version-history":[{"count":2,"href":"https:\/\/www.smedemokrati.sk\/hu\/wp-json\/wp\/v2\/posts\/6982\/revisions"}],"predecessor-version":[{"id":6987,"href":"https:\/\/www.smedemokrati.sk\/hu\/wp-json\/wp\/v2\/posts\/6982\/revisions\/6987"}],"wp:featuredmedia":[{"embeddable":true,"href":"https:\/\/www.smedemokrati.sk\/hu\/wp-json\/wp\/v2\/media\/6983"}],"wp:attachment":[{"href":"https:\/\/www.smedemokrati.sk\/hu\/wp-json\/wp\/v2\/media?parent=6982"}],"wp:term":[{"taxonomy":"category","embeddable":true,"href":"https:\/\/www.smedemokrati.sk\/hu\/wp-json\/wp\/v2\/categories?post=6982"},{"taxonomy":"post_tag","embeddable":true,"href":"https:\/\/www.smedemokrati.sk\/hu\/wp-json\/wp\/v2\/tags?post=6982"}],"curies":[{"name":"wp","href":"https:\/\/api.w.org\/{rel}","templated":true}]}}