{"id":6951,"date":"2025-04-16T17:59:19","date_gmt":"2025-04-16T16:59:19","guid":{"rendered":"https:\/\/www.smedemokrati.sk\/?p=6951"},"modified":"2025-04-16T17:59:23","modified_gmt":"2025-04-16T16:59:23","slug":"vyzyvame-envirorezort-aby-zabranil-dovozu-zahranicneho-odpadu-do-chystanej-megaspalovne-v-bratislave","status":"publish","type":"post","link":"https:\/\/www.smedemokrati.sk\/hu\/vyzyvame-envirorezort-aby-zabranil-dovozu-zahranicneho-odpadu-do-chystanej-megaspalovne-v-bratislave\/","title":{"rendered":"Vyz\u00fdvame envirorezort, aby zabr\u00e1nil dovozu zahrani\u010dn\u00e9ho odpadu do chystanej megaspa\u013eovne v Bratislave"},"content":{"rendered":"<div id=\"fb-root\"><\/div>\n\n<p><strong>Dne\u0161n\u00e9 verejn\u00e9 prerokovanie z\u00e1meru spolo\u010dnosti Slovnaft vybudova\u0165 v Bratislave megaspa\u013eov\u0148u \u2013 Centrum energetick\u00e9ho zhodnotenia odpadov \u2013 len preh\u013abilo na\u0161e obavy z dovozu odpadov zo zahrani\u010dia, na ktor\u00e9 sme pouk\u00e1zali u\u017e koncom minul\u00e9ho roka. Z\u00e1stupcovia investora s\u00edce deklarovali, \u017ee nemaj\u00fa z\u00e1ujem o dovoz odpadov zo zahrani\u010dia, av\u0161ak jasn\u00fa v\u00fdzvu, aby sa toto obmedzenie stalo pr\u00e1vne z\u00e1v\u00e4zn\u00fdm v\u00fdsledkom procesu posudzovania vplyvov na \u017eivotn\u00e9 prostredie, odmietli. Demokrati preto t\u00fato po\u017eiadavku uplatnia v pripomienkach v r\u00e1mci posudzovania vplyvov na \u017eivotn\u00e9 prostredie a vyz\u00fdvaj\u00fa ministra Tarabu, aby na\u010falej neignoroval obavy Bratislav\u010danov a zabr\u00e1nil dovozu odpadov zo zahrani\u010dia.&nbsp;<\/strong><\/p>\n\n\n\n<p><em>\u201eV are\u00e1li priemyseln\u00e9ho podniku Slovnaft v Bratislave m\u00e1 vyr\u00e1s\u0165 centrum energetick\u00e9ho zhodnocovania odpadov. Navrhovan\u00e1 kapacita je a\u017e 316 700 ton odpadu, vr\u00e1tane nebezpe\u010dn\u00e9ho. Nehovoriac o tom, \u017ee s\u00fa\u010dasn\u00e9 kapacity u\u017e vybudovan\u00fdch alebo povo\u013eovan\u00fdch spa\u013eovn\u00ed dostato\u010dne pokr\u00fdvaj\u00fa potreby zhodnocovania odpadu. P\u00fdtame sa, na \u010do je potrebn\u00e1 \u010fal\u0161ia spa\u013eov\u0148a,\u201c&nbsp;<\/em>otv\u00e1ra t\u00e9mu enviroexpert strany Demokrati Michal Ki\u010da.<\/p>\n\n\n\n<p>Znepokojenie verejnosti vyvol\u00e1va obava, \u017ee v spa\u013eovni sa bude spa\u013eova\u0165 odpad zo zahrani\u010dia. Preto sme priamo na dne\u0161nom verejnom prerokovan\u00ed vyzvali investora, aby s\u00fahlasil s pr\u00e1vnym obmedzen\u00edm spa\u013eova\u0165 iba odpad poch\u00e1dzaj\u00faci z \u00fazemia Slovenska.&nbsp;<em>\u201eNapriek tomu, \u017ee investor deklaruje pl\u00e1ny pracova\u0165 iba so slovensk\u00fdm odpadom, tak\u00fato pripomienku odmietol. Z\u00e1mer spa\u013eova\u0165 iba slovensk\u00fd odpad tak zost\u00e1va len pr\u00eds\u013eubom investora, ktor\u00fd m\u00f4\u017ee kedyko\u013evek v bud\u00facnosti zmeni\u0165. Nebude mu v tom st\u00e1\u0165 \u017eiadna pr\u00e1vna prek\u00e1\u017eka. Neochota urobi\u0165 tento krok len umoc\u0148uje na\u0161e obavy, \u017ee v bud\u00facnosti nie je spa\u013eovanie zahrani\u010dn\u00e9ho odpadu, najm\u00e4 z Ma\u010farska, vyl\u00fa\u010den\u00e9. Pripomienku, aby bolo spa\u013eovanie zahrani\u010dn\u00e9ho odpadu pr\u00e1vne vyl\u00fa\u010den\u00e9, preto predklad\u00e1me v r\u00e1mci procesu posudzovania vplyvov na \u017eivotn\u00e9 prostredie a vyz\u00fdvame ministerstvo \u017eivotn\u00e9ho prostredia, aby ju akceptovalo. Po\u017eadujeme, aby sa do z\u00e1vere\u010dn\u00e9ho povolenia spa\u013eovne dostala jednozna\u010dn\u00e1 pr\u00e1vna podmienka, \u017ee spa\u013eov\u0148a nebude ur\u010den\u00e1 pre cudz\u00ed odpad,\u201c<\/em>&nbsp;vyhl\u00e1sil Michal Ki\u010da.<\/p>\n\n\n\n<p>Nepreh\u013eadnosti situ\u00e1cie nahr\u00e1va aj ne\u010dinnos\u0165 ministra Tarabu. Najnesk\u00f4r do konca roka 2023 mala by\u0165 na \u00farovni vl\u00e1dy spracovan\u00e1 \u0161t\u00fadia o potreb\u00e1ch energetick\u00e9ho zhodnocovania nebezpe\u010dn\u00fdch odpadov na Slovensku. T\u00e1to \u00faloha pre ministra Tarabu vypl\u00fdva z Programu odpadov\u00e9ho hospod\u00e1rstva SR na roky 2021 \u2013 2025. Ani po takmer roku a pol ju nesplnil. Neexistuje tak \u017eiadny strategick\u00fd a z\u00e1v\u00e4zn\u00fd dokument, ktor\u00fd by ur\u010doval, \u010di a ko\u013eko spa\u013eovn\u00ed potrebujeme.&nbsp;<em>\u201eDomnievame sa, \u017ee to ministrovi Tarabovi vyhovuje, preto\u017ee tak z\u00edskava obrovsk\u00fd vplyv nad spa\u013eovac\u00edm biznisom na Slovensku. To, \u010di a kde vyrastie spa\u013eov\u0148a a \u010di sa bud\u00fa spa\u013eova\u0165 aj zahrani\u010dn\u00e9 odpady, z\u00e1vis\u00ed len od jeho \u013eubov\u00f4le. A to je neakceptovate\u013en\u00e9. Slovensku, osobitne Bratislave, hroz\u00ed, \u017ee sa stane dierou pre zahrani\u010dn\u00fd odpad,\u201c<\/em>&nbsp;uzavrel Michal Ki\u010da.<\/p>\n","protected":false},"excerpt":{"rendered":"<p>Dne\u0161n\u00e9 verejn\u00e9 prerokovanie z\u00e1meru spolo\u010dnosti Slovnaft vybudova\u0165 v Bratislave megaspa\u013eov\u0148u \u2013 Centrum energetick\u00e9ho zhodnotenia odpadov \u2013 len preh\u013abilo na\u0161e obavy z dovozu odpadov zo zahrani\u010dia, na ktor\u00e9 sme pouk\u00e1zali u\u017e koncom minul\u00e9ho roka. Z\u00e1stupcovia investora s\u00edce deklarovali, \u017ee nemaj\u00fa z\u00e1ujem o dovoz odpadov zo zahrani\u010dia, av\u0161ak jasn\u00fa v\u00fdzvu, aby sa toto obmedzenie stalo pr\u00e1vne z\u00e1v\u00e4zn\u00fdm [&hellip;]<\/p>\n","protected":false},"author":13,"featured_media":6952,"comment_status":"closed","ping_status":"closed","sticky":false,"template":"","format":"standard","meta":{"_acf_changed":false,"ngg_post_thumbnail":0,"footnotes":""},"categories":[4],"tags":[],"class_list":["post-6951","post","type-post","status-publish","format-standard","has-post-thumbnail","hentry","category-tlacove-spravy"],"acf":[],"yoast_head":"<!-- This site is optimized with the Yoast SEO plugin v27.2 - https:\/\/yoast.com\/product\/yoast-seo-wordpress\/ -->\n<title>Vyz\u00fdvame envirorezort, aby zabr\u00e1nil dovozu zahrani\u010dn\u00e9ho odpadu do chystanej megaspa\u013eovne v Bratislave<\/title>\n<meta name=\"robots\" content=\"index, follow, max-snippet:-1, max-image-preview:large, max-video-preview:-1\" \/>\n<link rel=\"canonical\" href=\"https:\/\/www.smedemokrati.sk\/hu\/vyzyvame-envirorezort-aby-zabranil-dovozu-zahranicneho-odpadu-do-chystanej-megaspalovne-v-bratislave\/\" \/>\n<meta property=\"og:locale\" content=\"hu_HU\" \/>\n<meta property=\"og:locale:alternate\" content=\"en_US\" \/>\n<meta property=\"og:locale:alternate\" content=\"cs_CZ\" \/>\n<meta property=\"og:locale:alternate\" content=\"sk_SK\" \/>\n<meta property=\"og:locale:alternate\" content=\"sv_SE\" \/>\n<meta property=\"og:type\" content=\"article\" \/>\n<meta property=\"og:title\" content=\"Vyz\u00fdvame envirorezort, aby zabr\u00e1nil dovozu zahrani\u010dn\u00e9ho odpadu do chystanej megaspa\u013eovne v Bratislave\" \/>\n<meta property=\"og:description\" content=\"Dne\u0161n\u00e9 verejn\u00e9 prerokovanie z\u00e1meru spolo\u010dnosti Slovnaft vybudova\u0165 v Bratislave megaspa\u013eov\u0148u \u2013 Centrum energetick\u00e9ho zhodnotenia odpadov \u2013 len preh\u013abilo na\u0161e obavy z dovozu odpadov zo zahrani\u010dia, na ktor\u00e9 sme pouk\u00e1zali u\u017e koncom minul\u00e9ho roka. Z\u00e1stupcovia investora s\u00edce deklarovali, \u017ee nemaj\u00fa z\u00e1ujem o dovoz odpadov zo zahrani\u010dia, av\u0161ak jasn\u00fa v\u00fdzvu, aby sa toto obmedzenie stalo pr\u00e1vne z\u00e1v\u00e4zn\u00fdm [&hellip;]\" \/>\n<meta property=\"og:url\" content=\"https:\/\/www.smedemokrati.sk\/hu\/vyzyvame-envirorezort-aby-zabranil-dovozu-zahranicneho-odpadu-do-chystanej-megaspalovne-v-bratislave\/\" \/>\n<meta property=\"og:site_name\" content=\"Smedemokrati.sk\" \/>\n<meta property=\"article:publisher\" content=\"https:\/\/www.facebook.com\/smedemokrati2023\" \/>\n<meta property=\"article:published_time\" content=\"2025-04-16T16:59:19+00:00\" \/>\n<meta property=\"article:modified_time\" content=\"2025-04-16T16:59:23+00:00\" \/>\n<meta property=\"og:image\" content=\"https:\/\/www.smedemokrati.sk\/wp-content\/uploads\/2025\/04\/23424.jpg\" \/>\n\t<meta property=\"og:image:width\" content=\"1000\" \/>\n\t<meta property=\"og:image:height\" content=\"667\" \/>\n\t<meta property=\"og:image:type\" content=\"image\/jpeg\" \/>\n<meta name=\"author\" content=\"miro.sopko\" \/>\n<meta name=\"twitter:card\" content=\"summary_large_image\" \/>\n<meta name=\"twitter:label1\" content=\"Szerz\u0151:\" \/>\n\t<meta name=\"twitter:data1\" content=\"miro.sopko\" \/>\n\t<meta name=\"twitter:label2\" content=\"Becs\u00fclt olvas\u00e1si id\u0151\" \/>\n\t<meta name=\"twitter:data2\" content=\"3 perc\" \/>\n<script type=\"application\/ld+json\" class=\"yoast-schema-graph\">{\"@context\":\"https:\/\/schema.org\",\"@graph\":[{\"@type\":\"Article\",\"@id\":\"https:\/\/www.smedemokrati.sk\/vyzyvame-envirorezort-aby-zabranil-dovozu-zahranicneho-odpadu-do-chystanej-megaspalovne-v-bratislave\/#article\",\"isPartOf\":{\"@id\":\"https:\/\/www.smedemokrati.sk\/vyzyvame-envirorezort-aby-zabranil-dovozu-zahranicneho-odpadu-do-chystanej-megaspalovne-v-bratislave\/\"},\"author\":{\"name\":\"miro.sopko\",\"@id\":\"https:\/\/www.smedemokrati.sk\/#\/schema\/person\/21f147c88d605aa7ded900e1e7c344ba\"},\"headline\":\"Vyz\u00fdvame envirorezort, aby zabr\u00e1nil dovozu zahrani\u010dn\u00e9ho odpadu do chystanej megaspa\u013eovne v Bratislave\",\"datePublished\":\"2025-04-16T16:59:19+00:00\",\"dateModified\":\"2025-04-16T16:59:23+00:00\",\"mainEntityOfPage\":{\"@id\":\"https:\/\/www.smedemokrati.sk\/vyzyvame-envirorezort-aby-zabranil-dovozu-zahranicneho-odpadu-do-chystanej-megaspalovne-v-bratislave\/\"},\"wordCount\":559,\"publisher\":{\"@id\":\"https:\/\/www.smedemokrati.sk\/#organization\"},\"image\":{\"@id\":\"https:\/\/www.smedemokrati.sk\/vyzyvame-envirorezort-aby-zabranil-dovozu-zahranicneho-odpadu-do-chystanej-megaspalovne-v-bratislave\/#primaryimage\"},\"thumbnailUrl\":\"https:\/\/www.smedemokrati.sk\/wp-content\/uploads\/2025\/04\/23424.jpg\",\"articleSection\":[\"Tla\u010dov\u00e9 spr\u00e1vy\"],\"inLanguage\":\"hu-HU\"},{\"@type\":\"WebPage\",\"@id\":\"https:\/\/www.smedemokrati.sk\/vyzyvame-envirorezort-aby-zabranil-dovozu-zahranicneho-odpadu-do-chystanej-megaspalovne-v-bratislave\/\",\"url\":\"https:\/\/www.smedemokrati.sk\/vyzyvame-envirorezort-aby-zabranil-dovozu-zahranicneho-odpadu-do-chystanej-megaspalovne-v-bratislave\/\",\"name\":\"Vyz\u00fdvame envirorezort, aby zabr\u00e1nil dovozu zahrani\u010dn\u00e9ho odpadu do chystanej megaspa\u013eovne v Bratislave\",\"isPartOf\":{\"@id\":\"https:\/\/www.smedemokrati.sk\/#website\"},\"primaryImageOfPage\":{\"@id\":\"https:\/\/www.smedemokrati.sk\/vyzyvame-envirorezort-aby-zabranil-dovozu-zahranicneho-odpadu-do-chystanej-megaspalovne-v-bratislave\/#primaryimage\"},\"image\":{\"@id\":\"https:\/\/www.smedemokrati.sk\/vyzyvame-envirorezort-aby-zabranil-dovozu-zahranicneho-odpadu-do-chystanej-megaspalovne-v-bratislave\/#primaryimage\"},\"thumbnailUrl\":\"https:\/\/www.smedemokrati.sk\/wp-content\/uploads\/2025\/04\/23424.jpg\",\"datePublished\":\"2025-04-16T16:59:19+00:00\",\"dateModified\":\"2025-04-16T16:59:23+00:00\",\"breadcrumb\":{\"@id\":\"https:\/\/www.smedemokrati.sk\/vyzyvame-envirorezort-aby-zabranil-dovozu-zahranicneho-odpadu-do-chystanej-megaspalovne-v-bratislave\/#breadcrumb\"},\"inLanguage\":\"hu-HU\",\"potentialAction\":[{\"@type\":\"ReadAction\",\"target\":[\"https:\/\/www.smedemokrati.sk\/vyzyvame-envirorezort-aby-zabranil-dovozu-zahranicneho-odpadu-do-chystanej-megaspalovne-v-bratislave\/\"]}]},{\"@type\":\"ImageObject\",\"inLanguage\":\"hu-HU\",\"@id\":\"https:\/\/www.smedemokrati.sk\/vyzyvame-envirorezort-aby-zabranil-dovozu-zahranicneho-odpadu-do-chystanej-megaspalovne-v-bratislave\/#primaryimage\",\"url\":\"https:\/\/www.smedemokrati.sk\/wp-content\/uploads\/2025\/04\/23424.jpg\",\"contentUrl\":\"https:\/\/www.smedemokrati.sk\/wp-content\/uploads\/2025\/04\/23424.jpg\",\"width\":1000,\"height\":667},{\"@type\":\"BreadcrumbList\",\"@id\":\"https:\/\/www.smedemokrati.sk\/vyzyvame-envirorezort-aby-zabranil-dovozu-zahranicneho-odpadu-do-chystanej-megaspalovne-v-bratislave\/#breadcrumb\",\"itemListElement\":[{\"@type\":\"ListItem\",\"position\":1,\"name\":\"Domovsk\u00e1 str\u00e1nka\",\"item\":\"https:\/\/www.smedemokrati.sk\/\"},{\"@type\":\"ListItem\",\"position\":2,\"name\":\"Vyz\u00fdvame envirorezort, aby zabr\u00e1nil dovozu zahrani\u010dn\u00e9ho odpadu do chystanej megaspa\u013eovne v Bratislave\"}]},{\"@type\":\"WebSite\",\"@id\":\"https:\/\/www.smedemokrati.sk\/#website\",\"url\":\"https:\/\/www.smedemokrati.sk\/\",\"name\":\"Smedemokrati.sk\",\"description\":\"Demokracia a slu\u0161nos\u0165 zv\u00ed\u0165az\u00ed\",\"publisher\":{\"@id\":\"https:\/\/www.smedemokrati.sk\/#organization\"},\"potentialAction\":[{\"@type\":\"SearchAction\",\"target\":{\"@type\":\"EntryPoint\",\"urlTemplate\":\"https:\/\/www.smedemokrati.sk\/?s={search_term_string}\"},\"query-input\":{\"@type\":\"PropertyValueSpecification\",\"valueRequired\":true,\"valueName\":\"search_term_string\"}}],\"inLanguage\":\"hu-HU\"},{\"@type\":\"Organization\",\"@id\":\"https:\/\/www.smedemokrati.sk\/#organization\",\"name\":\"Smedemokrati.sk\",\"url\":\"https:\/\/www.smedemokrati.sk\/\",\"logo\":{\"@type\":\"ImageObject\",\"inLanguage\":\"hu-HU\",\"@id\":\"https:\/\/www.smedemokrati.sk\/#\/schema\/logo\/image\/\",\"url\":\"https:\/\/www.smedemokrati.sk\/wp-content\/uploads\/2023\/04\/ff.002.jpeg\",\"contentUrl\":\"https:\/\/www.smedemokrati.sk\/wp-content\/uploads\/2023\/04\/ff.002.jpeg\",\"width\":640,\"height\":480,\"caption\":\"Smedemokrati.sk\"},\"image\":{\"@id\":\"https:\/\/www.smedemokrati.sk\/#\/schema\/logo\/image\/\"},\"sameAs\":[\"https:\/\/www.facebook.com\/smedemokrati2023\"]},{\"@type\":\"Person\",\"@id\":\"https:\/\/www.smedemokrati.sk\/#\/schema\/person\/21f147c88d605aa7ded900e1e7c344ba\",\"name\":\"miro.sopko\",\"image\":{\"@type\":\"ImageObject\",\"inLanguage\":\"hu-HU\",\"@id\":\"https:\/\/secure.gravatar.com\/avatar\/267e4a36f704376c109afe3a78740c1f5dd8675a2180a908699e7863c9247606?s=96&d=mm&r=g\",\"url\":\"https:\/\/secure.gravatar.com\/avatar\/267e4a36f704376c109afe3a78740c1f5dd8675a2180a908699e7863c9247606?s=96&d=mm&r=g\",\"contentUrl\":\"https:\/\/secure.gravatar.com\/avatar\/267e4a36f704376c109afe3a78740c1f5dd8675a2180a908699e7863c9247606?s=96&d=mm&r=g\",\"caption\":\"miro.sopko\"},\"url\":\"https:\/\/www.smedemokrati.sk\/hu\/author\/miro-sopko\/\"}]}<\/script>\n<!-- \/ Yoast SEO plugin. -->","yoast_head_json":{"title":"Vyz\u00fdvame envirorezort, aby zabr\u00e1nil dovozu zahrani\u010dn\u00e9ho odpadu do chystanej megaspa\u013eovne v Bratislave","robots":{"index":"index","follow":"follow","max-snippet":"max-snippet:-1","max-image-preview":"max-image-preview:large","max-video-preview":"max-video-preview:-1"},"canonical":"https:\/\/www.smedemokrati.sk\/hu\/vyzyvame-envirorezort-aby-zabranil-dovozu-zahranicneho-odpadu-do-chystanej-megaspalovne-v-bratislave\/","og_locale":"hu_HU","og_type":"article","og_title":"[:sk]Vyz\u00fdvame envirorezort, aby zabr\u00e1nil dovozu zahrani\u010dn\u00e9ho odpadu do chystanej megaspa\u013eovne v Bratislave[:] - Smedemokrati.sk","og_description":"Dne\u0161n\u00e9 verejn\u00e9 prerokovanie z\u00e1meru spolo\u010dnosti Slovnaft vybudova\u0165 v Bratislave megaspa\u013eov\u0148u \u2013 Centrum energetick\u00e9ho zhodnotenia odpadov \u2013 len preh\u013abilo na\u0161e obavy z dovozu odpadov zo zahrani\u010dia, na ktor\u00e9 sme pouk\u00e1zali u\u017e koncom minul\u00e9ho roka. Z\u00e1stupcovia investora s\u00edce deklarovali, \u017ee nemaj\u00fa z\u00e1ujem o dovoz odpadov zo zahrani\u010dia, av\u0161ak jasn\u00fa v\u00fdzvu, aby sa toto obmedzenie stalo pr\u00e1vne z\u00e1v\u00e4zn\u00fdm [&hellip;]","og_url":"https:\/\/www.smedemokrati.sk\/hu\/vyzyvame-envirorezort-aby-zabranil-dovozu-zahranicneho-odpadu-do-chystanej-megaspalovne-v-bratislave\/","og_site_name":"Smedemokrati.sk","article_publisher":"https:\/\/www.facebook.com\/smedemokrati2023","article_published_time":"2025-04-16T16:59:19+00:00","article_modified_time":"2025-04-16T16:59:23+00:00","og_image":[{"width":1000,"height":667,"url":"https:\/\/www.smedemokrati.sk\/wp-content\/uploads\/2025\/04\/23424.jpg","type":"image\/jpeg"}],"author":"miro.sopko","twitter_card":"summary_large_image","twitter_misc":{"Szerz\u0151:":"miro.sopko","Becs\u00fclt olvas\u00e1si id\u0151":"3 perc"},"schema":{"@context":"https:\/\/schema.org","@graph":[{"@type":"Article","@id":"https:\/\/www.smedemokrati.sk\/vyzyvame-envirorezort-aby-zabranil-dovozu-zahranicneho-odpadu-do-chystanej-megaspalovne-v-bratislave\/#article","isPartOf":{"@id":"https:\/\/www.smedemokrati.sk\/vyzyvame-envirorezort-aby-zabranil-dovozu-zahranicneho-odpadu-do-chystanej-megaspalovne-v-bratislave\/"},"author":{"name":"miro.sopko","@id":"https:\/\/www.smedemokrati.sk\/#\/schema\/person\/21f147c88d605aa7ded900e1e7c344ba"},"headline":"Vyz\u00fdvame envirorezort, aby zabr\u00e1nil dovozu zahrani\u010dn\u00e9ho odpadu do chystanej megaspa\u013eovne v Bratislave","datePublished":"2025-04-16T16:59:19+00:00","dateModified":"2025-04-16T16:59:23+00:00","mainEntityOfPage":{"@id":"https:\/\/www.smedemokrati.sk\/vyzyvame-envirorezort-aby-zabranil-dovozu-zahranicneho-odpadu-do-chystanej-megaspalovne-v-bratislave\/"},"wordCount":559,"publisher":{"@id":"https:\/\/www.smedemokrati.sk\/#organization"},"image":{"@id":"https:\/\/www.smedemokrati.sk\/vyzyvame-envirorezort-aby-zabranil-dovozu-zahranicneho-odpadu-do-chystanej-megaspalovne-v-bratislave\/#primaryimage"},"thumbnailUrl":"https:\/\/www.smedemokrati.sk\/wp-content\/uploads\/2025\/04\/23424.jpg","articleSection":["Tla\u010dov\u00e9 spr\u00e1vy"],"inLanguage":"hu-HU"},{"@type":"WebPage","@id":"https:\/\/www.smedemokrati.sk\/vyzyvame-envirorezort-aby-zabranil-dovozu-zahranicneho-odpadu-do-chystanej-megaspalovne-v-bratislave\/","url":"https:\/\/www.smedemokrati.sk\/vyzyvame-envirorezort-aby-zabranil-dovozu-zahranicneho-odpadu-do-chystanej-megaspalovne-v-bratislave\/","name":"Vyz\u00fdvame envirorezort, aby zabr\u00e1nil dovozu zahrani\u010dn\u00e9ho odpadu do chystanej megaspa\u013eovne v Bratislave","isPartOf":{"@id":"https:\/\/www.smedemokrati.sk\/#website"},"primaryImageOfPage":{"@id":"https:\/\/www.smedemokrati.sk\/vyzyvame-envirorezort-aby-zabranil-dovozu-zahranicneho-odpadu-do-chystanej-megaspalovne-v-bratislave\/#primaryimage"},"image":{"@id":"https:\/\/www.smedemokrati.sk\/vyzyvame-envirorezort-aby-zabranil-dovozu-zahranicneho-odpadu-do-chystanej-megaspalovne-v-bratislave\/#primaryimage"},"thumbnailUrl":"https:\/\/www.smedemokrati.sk\/wp-content\/uploads\/2025\/04\/23424.jpg","datePublished":"2025-04-16T16:59:19+00:00","dateModified":"2025-04-16T16:59:23+00:00","breadcrumb":{"@id":"https:\/\/www.smedemokrati.sk\/vyzyvame-envirorezort-aby-zabranil-dovozu-zahranicneho-odpadu-do-chystanej-megaspalovne-v-bratislave\/#breadcrumb"},"inLanguage":"hu-HU","potentialAction":[{"@type":"ReadAction","target":["https:\/\/www.smedemokrati.sk\/vyzyvame-envirorezort-aby-zabranil-dovozu-zahranicneho-odpadu-do-chystanej-megaspalovne-v-bratislave\/"]}]},{"@type":"ImageObject","inLanguage":"hu-HU","@id":"https:\/\/www.smedemokrati.sk\/vyzyvame-envirorezort-aby-zabranil-dovozu-zahranicneho-odpadu-do-chystanej-megaspalovne-v-bratislave\/#primaryimage","url":"https:\/\/www.smedemokrati.sk\/wp-content\/uploads\/2025\/04\/23424.jpg","contentUrl":"https:\/\/www.smedemokrati.sk\/wp-content\/uploads\/2025\/04\/23424.jpg","width":1000,"height":667},{"@type":"BreadcrumbList","@id":"https:\/\/www.smedemokrati.sk\/vyzyvame-envirorezort-aby-zabranil-dovozu-zahranicneho-odpadu-do-chystanej-megaspalovne-v-bratislave\/#breadcrumb","itemListElement":[{"@type":"ListItem","position":1,"name":"Domovsk\u00e1 str\u00e1nka","item":"https:\/\/www.smedemokrati.sk\/"},{"@type":"ListItem","position":2,"name":"Vyz\u00fdvame envirorezort, aby zabr\u00e1nil dovozu zahrani\u010dn\u00e9ho odpadu do chystanej megaspa\u013eovne v Bratislave"}]},{"@type":"WebSite","@id":"https:\/\/www.smedemokrati.sk\/#website","url":"https:\/\/www.smedemokrati.sk\/","name":"Smedemokrati.sk","description":"Demokracia a slu\u0161nos\u0165 zv\u00ed\u0165az\u00ed","publisher":{"@id":"https:\/\/www.smedemokrati.sk\/#organization"},"potentialAction":[{"@type":"SearchAction","target":{"@type":"EntryPoint","urlTemplate":"https:\/\/www.smedemokrati.sk\/?s={search_term_string}"},"query-input":{"@type":"PropertyValueSpecification","valueRequired":true,"valueName":"search_term_string"}}],"inLanguage":"hu-HU"},{"@type":"Organization","@id":"https:\/\/www.smedemokrati.sk\/#organization","name":"Smedemokrati.sk","url":"https:\/\/www.smedemokrati.sk\/","logo":{"@type":"ImageObject","inLanguage":"hu-HU","@id":"https:\/\/www.smedemokrati.sk\/#\/schema\/logo\/image\/","url":"https:\/\/www.smedemokrati.sk\/wp-content\/uploads\/2023\/04\/ff.002.jpeg","contentUrl":"https:\/\/www.smedemokrati.sk\/wp-content\/uploads\/2023\/04\/ff.002.jpeg","width":640,"height":480,"caption":"Smedemokrati.sk"},"image":{"@id":"https:\/\/www.smedemokrati.sk\/#\/schema\/logo\/image\/"},"sameAs":["https:\/\/www.facebook.com\/smedemokrati2023"]},{"@type":"Person","@id":"https:\/\/www.smedemokrati.sk\/#\/schema\/person\/21f147c88d605aa7ded900e1e7c344ba","name":"miro.sopko","image":{"@type":"ImageObject","inLanguage":"hu-HU","@id":"https:\/\/secure.gravatar.com\/avatar\/267e4a36f704376c109afe3a78740c1f5dd8675a2180a908699e7863c9247606?s=96&d=mm&r=g","url":"https:\/\/secure.gravatar.com\/avatar\/267e4a36f704376c109afe3a78740c1f5dd8675a2180a908699e7863c9247606?s=96&d=mm&r=g","contentUrl":"https:\/\/secure.gravatar.com\/avatar\/267e4a36f704376c109afe3a78740c1f5dd8675a2180a908699e7863c9247606?s=96&d=mm&r=g","caption":"miro.sopko"},"url":"https:\/\/www.smedemokrati.sk\/hu\/author\/miro-sopko\/"}]}},"_links":{"self":[{"href":"https:\/\/www.smedemokrati.sk\/hu\/wp-json\/wp\/v2\/posts\/6951","targetHints":{"allow":["GET"]}}],"collection":[{"href":"https:\/\/www.smedemokrati.sk\/hu\/wp-json\/wp\/v2\/posts"}],"about":[{"href":"https:\/\/www.smedemokrati.sk\/hu\/wp-json\/wp\/v2\/types\/post"}],"author":[{"embeddable":true,"href":"https:\/\/www.smedemokrati.sk\/hu\/wp-json\/wp\/v2\/users\/13"}],"replies":[{"embeddable":true,"href":"https:\/\/www.smedemokrati.sk\/hu\/wp-json\/wp\/v2\/comments?post=6951"}],"version-history":[{"count":1,"href":"https:\/\/www.smedemokrati.sk\/hu\/wp-json\/wp\/v2\/posts\/6951\/revisions"}],"predecessor-version":[{"id":6953,"href":"https:\/\/www.smedemokrati.sk\/hu\/wp-json\/wp\/v2\/posts\/6951\/revisions\/6953"}],"wp:featuredmedia":[{"embeddable":true,"href":"https:\/\/www.smedemokrati.sk\/hu\/wp-json\/wp\/v2\/media\/6952"}],"wp:attachment":[{"href":"https:\/\/www.smedemokrati.sk\/hu\/wp-json\/wp\/v2\/media?parent=6951"}],"wp:term":[{"taxonomy":"category","embeddable":true,"href":"https:\/\/www.smedemokrati.sk\/hu\/wp-json\/wp\/v2\/categories?post=6951"},{"taxonomy":"post_tag","embeddable":true,"href":"https:\/\/www.smedemokrati.sk\/hu\/wp-json\/wp\/v2\/tags?post=6951"}],"curies":[{"name":"wp","href":"https:\/\/api.w.org\/{rel}","templated":true}]}}