{"id":6879,"date":"2025-04-10T14:22:49","date_gmt":"2025-04-10T13:22:49","guid":{"rendered":"https:\/\/www.smedemokrati.sk\/?p=6879"},"modified":"2025-04-10T14:24:22","modified_gmt":"2025-04-10T13:24:22","slug":"policajna-inspekcia-potvrdila-ze-t-gaspar-obvinil-j-nada-z-brania-uplatku-na-zaklade-falosneho-dokumentu-podavame-trestne-oznamenia","status":"publish","type":"post","link":"https:\/\/www.smedemokrati.sk\/hu\/policajna-inspekcia-potvrdila-ze-t-gaspar-obvinil-j-nada-z-brania-uplatku-na-zaklade-falosneho-dokumentu-podavame-trestne-oznamenia\/","title":{"rendered":"Policajn\u00e1 in\u0161pekcia potvrdila, \u017ee T. Ga\u0161par obvinil J. Na\u010fa z brania \u00faplatku na z\u00e1klade falo\u0161n\u00e9ho dokumentu, pod\u00e1vame trestn\u00e9 ozn\u00e1menia"},"content":{"rendered":"<div id=\"fb-root\"><\/div>\n\n<p><strong>Policajn\u00e1 in\u0161pekcia spadaj\u00faca pod \u0160utaj E\u0161toka potvrdila, \u017ee dokument, ktor\u00fd e\u0161te v septembri 2024 prezentoval na tla\u010dovej konferencii podpredseda NR SR Tibor Ga\u0161par (a tie\u017e ob\u017ealovan\u00fd podnikate\u013e Zoroslav Koll\u00e1r) je falzifik\u00e1t a inform\u00e1tor, ktor\u00fd mal o \u00faplatku poda\u0165 ofici\u00e1lnu v\u00fdpove\u010f neexistuje a nikdy neexistoval. Tibor Ga\u0161par na z\u00e1klade dokumentu obvinil Jaroslava Na\u010fa z \u00faplatku vo v\u00fd\u0161ke 3,5 mili\u00f3na eur, ktor\u00e9ho sa mal dopusti\u0165 e\u0161te ako minister obrany.<\/strong><\/p>\n\n\n\n<p>Pod\u013ea Tibora Ga\u0161para mal zobral Jaroslav Na\u010f ako minister obrany \u00faplatok, a to vo veci poistenia \u0161t\u00e1tneho majetku:\u00a0<em>\u201ePodpredseda NR SR na tla\u010dovej konferencii presvied\u010dal cel\u00e9 Slovensko, na z\u00e1klade citujem, listinn\u00e9ho d\u00f4kazu, tzv. krimin\u00e1lna inform\u00e1cia, \u017ee inform\u00e1tor s kryc\u00edm menom My\u0161 podala na NAKA inform\u00e1ciu o tom, \u017ee som zobral \u00faplatok vo v\u00fd\u0161ke 3,5 mili\u00f3na eur.&#8221;<\/em>\u00a0Vysvet\u013euje predseda Demokratov Jaroslav Na\u010f. Pokra\u010duje, \u017ee Tibor Ga\u0161par na tej istej tla\u010dovej konferencii vyjadril presved\u010denie, \u017ee sa t\u00e1to, pod\u013ea neho, ofici\u00e1lna inform\u00e1cia, dostala k niektor\u00e9mu z &#8222;\u010curillovcov&#8221; a ten ju zamietol pod koberec.\u00a0<\/p>\n\n\n\n<p><em>\u201ePo tejto tla\u010dovej konferencii Tibora Ga\u0161para podal J\u00e1n \u010curilla trestn\u00e9 ozn\u00e1menie na nezn\u00e1meho p\u00e1chate\u013ea, teda prakticky &#8222;s\u00e1m na seba&#8221;, aby sa uk\u00e1zalo, \u010di sp\u00e1chal on alebo jeho kolegovia nejak\u00fd trestn\u00fd \u010din. Z\u00e1very policajnej in\u0161pekcie pod veden\u00edm Mat\u00fa\u0161a \u0160utaja E\u0161toka preuk\u00e1zali \u010dierne na bielom, \u017ee jedin\u00e9, \u010do bolo v rozpore so z\u00e1konom bol dokument, ktor\u00fdm sa Tibor Ga\u0161par oh\u00e1\u0148al a tie\u017e v\u0161etky inform\u00e1cie, ktor\u00e9 na tla\u010dovke prezentoval.&#8221;<\/em>\u00a0Hovor\u00ed Jaroslav Na\u010f.<\/p>\n\n\n\n<p>Z\u00e1very vy\u0161etrovania Policajnej in\u0161pekcie, ktor\u00e1 spad\u00e1 priamo pod \u0160utaj E\u0161toka potvrdila, \u017ee dokument, ktor\u00fd T. Ga\u0161par prezentoval, nezodpoved\u00e1 schv\u00e1len\u00e9mu vzoru p\u00edsomnost\u00ed\u00a0o operat\u00edvno-p\u00e1tracej \u010dinnosti, to znamen\u00e1, \u017ee ide o falzifik\u00e1t. Druh\u00fd ofici\u00e1lny z\u00e1ver je, \u017ee osoba s kryc\u00edm menom &#8222;MY\u0160&#8221; nikdy nebola a nie je evidovan\u00e1 na NAKA ako policajn\u00fd inform\u00e1tor a tie\u017e, \u017ee tejto osobe nikdy neboli vyplaten\u00e9 finan\u010dn\u00e9 prostriedky, ktor\u00e9 sa vypl\u00e1caj\u00fa inform\u00e1torom.\u00a0<em>\u201eTibor Ga\u0161par je falo\u0161n\u00fd ako dokument, s ktor\u00fdm sa oh\u00e1\u0148al. Inform\u00e1tor My\u0161 neexistuje a v\u0161etko o tom, \u017ee som mal bra\u0165 \u00faplatok je komplot. Hovor\u00edm to aj ja, preto\u017ee som sa so \u017eiadnym p\u00e1nom Gul\u00e1\u0161om oh\u013eadom pois\u0165ovania \u0161t\u00e1tneho majetku nikdy nestretol. No najm\u00e4, hovor\u00ed to policajn\u00e1 in\u0161pekcia Mat\u00fa\u0161a \u0160utaja E\u0161toka.&#8221;\u00a0<\/em>Ozrejmuje Jaroslav Na\u010f a na z\u00e1klade t\u00fdchto skuto\u010dnost\u00ed pod\u00e1va trestn\u00e9 ozn\u00e1menie za fal\u0161ovanie a pozme\u0148ovanie verejnej listiny.<\/p>\n\n\n\n<p>Pod\u013ea Tibora Ga\u0161para na z\u00e1klade vide\u00ed podnikate\u013ea Z. Koll\u00e1ra existuje \u010fal\u0161\u00ed d\u00f4kaz o brania \u00faplatku zo strany J. Na\u010fa, a to v podobe zvukov\u00e9ho z\u00e1znamu.\u00a0<em>\u201eAko to povedal pred p\u00e1r d\u0148ami p\u00e1n Ga\u0161par, \u017ee mu chodia r\u00f4zne nahr\u00e1vky, tak potvrdzujem, \u017ee chodia aj n\u00e1m. Z nahr\u00e1vky, ktorej \u010das\u0165 p\u00fa\u0161\u0165al vo svojich vide\u00e1ch Zoroslav Koll\u00e1r a prezentoval na tla\u010dovej konferencii Tibor Ga\u0161par a poslanec Gluck je zrejm\u00e9, \u017ee hlavn\u00fdm akt\u00e9rom tohto vyfabrikovan\u00e9ho komplotu je RSDr. Jozef Viktor\u00edn z hnutia Republika, ktor\u00fd ma pod\u013ea nahr\u00e1vky chcel zdiskreditova\u0165 za to, aby sa n\u00e1sledne stal ministrom obrany namiesto m\u0148a, a to vo vl\u00e1de Igora Matovi\u010da, ktor\u00fa tak navonok kritizoval.&#8221;\u00a0<\/em>Uzatv\u00e1ra Jaroslav Na\u010f a dod\u00e1va, \u017ee v\u00a0tejto veci pod\u00e1va trestn\u00e9 ozn\u00e1menie za ohov\u00e1ranie a kriv\u00e9 obvinenie.<\/p>\n\n\n\nngg_shortcode_0_placeholder\n\n\n<div class=\"fb-video\" data-href=\"https:\/\/fb.watch\/yTv1TFAS7z\" data-allowfullscreen=\"true\" data-autoplay=\"false\" data-width=\"\" data-show-text=\"false\" data-show-captions=\"true\"><\/div>\n","protected":false},"excerpt":{"rendered":"<p>Policajn\u00e1 in\u0161pekcia spadaj\u00faca pod \u0160utaj E\u0161toka potvrdila, \u017ee dokument, ktor\u00fd e\u0161te v septembri 2024 prezentoval na tla\u010dovej konferencii podpredseda NR SR Tibor Ga\u0161par (a tie\u017e ob\u017ealovan\u00fd podnikate\u013e Zoroslav Koll\u00e1r) je falzifik\u00e1t a inform\u00e1tor, ktor\u00fd mal o \u00faplatku poda\u0165 ofici\u00e1lnu v\u00fdpove\u010f neexistuje a nikdy neexistoval. Tibor Ga\u0161par na z\u00e1klade dokumentu obvinil Jaroslava Na\u010fa z \u00faplatku vo [&hellip;]<\/p>\n","protected":false},"author":13,"featured_media":6881,"comment_status":"closed","ping_status":"closed","sticky":false,"template":"","format":"standard","meta":{"_acf_changed":false,"ngg_post_thumbnail":0,"footnotes":""},"categories":[4],"tags":[],"class_list":["post-6879","post","type-post","status-publish","format-standard","has-post-thumbnail","hentry","category-tlacove-spravy"],"acf":[],"yoast_head":"<!-- This site is optimized with the Yoast SEO plugin v27.2 - https:\/\/yoast.com\/product\/yoast-seo-wordpress\/ -->\n<title>Policajn\u00e1 in\u0161pekcia potvrdila, \u017ee T. Ga\u0161par obvinil J. Na\u010fa z brania \u00faplatku na z\u00e1klade falo\u0161n\u00e9ho dokumentu, pod\u00e1vame trestn\u00e9 ozn\u00e1menia<\/title>\n<meta name=\"robots\" content=\"index, follow, max-snippet:-1, max-image-preview:large, max-video-preview:-1\" \/>\n<link rel=\"canonical\" href=\"https:\/\/www.smedemokrati.sk\/hu\/policajna-inspekcia-potvrdila-ze-t-gaspar-obvinil-j-nada-z-brania-uplatku-na-zaklade-falosneho-dokumentu-podavame-trestne-oznamenia\/\" \/>\n<meta property=\"og:locale\" content=\"hu_HU\" \/>\n<meta property=\"og:locale:alternate\" content=\"en_US\" \/>\n<meta property=\"og:locale:alternate\" content=\"cs_CZ\" \/>\n<meta property=\"og:locale:alternate\" content=\"sk_SK\" \/>\n<meta property=\"og:locale:alternate\" content=\"sv_SE\" \/>\n<meta property=\"og:type\" content=\"article\" \/>\n<meta property=\"og:title\" content=\"Policajn\u00e1 in\u0161pekcia potvrdila, \u017ee T. Ga\u0161par obvinil J. Na\u010fa z brania \u00faplatku na z\u00e1klade falo\u0161n\u00e9ho dokumentu, pod\u00e1vame trestn\u00e9 ozn\u00e1menia\" \/>\n<meta property=\"og:description\" content=\"Policajn\u00e1 in\u0161pekcia spadaj\u00faca pod \u0160utaj E\u0161toka potvrdila, \u017ee dokument, ktor\u00fd e\u0161te v septembri 2024 prezentoval na tla\u010dovej konferencii podpredseda NR SR Tibor Ga\u0161par (a tie\u017e ob\u017ealovan\u00fd podnikate\u013e Zoroslav Koll\u00e1r) je falzifik\u00e1t a inform\u00e1tor, ktor\u00fd mal o \u00faplatku poda\u0165 ofici\u00e1lnu v\u00fdpove\u010f neexistuje a nikdy neexistoval. Tibor Ga\u0161par na z\u00e1klade dokumentu obvinil Jaroslava Na\u010fa z \u00faplatku vo [&hellip;]\" \/>\n<meta property=\"og:url\" content=\"https:\/\/www.smedemokrati.sk\/hu\/policajna-inspekcia-potvrdila-ze-t-gaspar-obvinil-j-nada-z-brania-uplatku-na-zaklade-falosneho-dokumentu-podavame-trestne-oznamenia\/\" \/>\n<meta property=\"og:site_name\" content=\"Smedemokrati.sk\" \/>\n<meta property=\"article:publisher\" content=\"https:\/\/www.facebook.com\/smedemokrati2023\" \/>\n<meta property=\"article:published_time\" content=\"2025-04-10T13:22:49+00:00\" \/>\n<meta property=\"article:modified_time\" content=\"2025-04-10T13:24:22+00:00\" \/>\n<meta property=\"og:image\" content=\"https:\/\/www.smedemokrati.sk\/wp-content\/uploads\/2025\/04\/Nad-podanie-TO.jpg\" \/>\n\t<meta property=\"og:image:width\" content=\"745\" \/>\n\t<meta property=\"og:image:height\" content=\"390\" \/>\n\t<meta property=\"og:image:type\" content=\"image\/jpeg\" \/>\n<meta name=\"author\" content=\"miro.sopko\" \/>\n<meta name=\"twitter:card\" content=\"summary_large_image\" \/>\n<meta name=\"twitter:label1\" content=\"Szerz\u0151:\" \/>\n\t<meta name=\"twitter:data1\" content=\"miro.sopko\" \/>\n\t<meta name=\"twitter:label2\" content=\"Becs\u00fclt olvas\u00e1si id\u0151\" \/>\n\t<meta name=\"twitter:data2\" content=\"3 perc\" \/>\n<script type=\"application\/ld+json\" class=\"yoast-schema-graph\">{\"@context\":\"https:\/\/schema.org\",\"@graph\":[{\"@type\":\"Article\",\"@id\":\"https:\/\/www.smedemokrati.sk\/policajna-inspekcia-potvrdila-ze-t-gaspar-obvinil-j-nada-z-brania-uplatku-na-zaklade-falosneho-dokumentu-podavame-trestne-oznamenia\/#article\",\"isPartOf\":{\"@id\":\"https:\/\/www.smedemokrati.sk\/policajna-inspekcia-potvrdila-ze-t-gaspar-obvinil-j-nada-z-brania-uplatku-na-zaklade-falosneho-dokumentu-podavame-trestne-oznamenia\/\"},\"author\":{\"name\":\"miro.sopko\",\"@id\":\"https:\/\/www.smedemokrati.sk\/#\/schema\/person\/21f147c88d605aa7ded900e1e7c344ba\"},\"headline\":\"Policajn\u00e1 in\u0161pekcia potvrdila, \u017ee T. Ga\u0161par obvinil J. Na\u010fa z brania \u00faplatku na z\u00e1klade falo\u0161n\u00e9ho dokumentu, pod\u00e1vame trestn\u00e9 ozn\u00e1menia\",\"datePublished\":\"2025-04-10T13:22:49+00:00\",\"dateModified\":\"2025-04-10T13:24:22+00:00\",\"mainEntityOfPage\":{\"@id\":\"https:\/\/www.smedemokrati.sk\/policajna-inspekcia-potvrdila-ze-t-gaspar-obvinil-j-nada-z-brania-uplatku-na-zaklade-falosneho-dokumentu-podavame-trestne-oznamenia\/\"},\"wordCount\":673,\"publisher\":{\"@id\":\"https:\/\/www.smedemokrati.sk\/#organization\"},\"image\":{\"@id\":\"https:\/\/www.smedemokrati.sk\/policajna-inspekcia-potvrdila-ze-t-gaspar-obvinil-j-nada-z-brania-uplatku-na-zaklade-falosneho-dokumentu-podavame-trestne-oznamenia\/#primaryimage\"},\"thumbnailUrl\":\"https:\/\/www.smedemokrati.sk\/wp-content\/uploads\/2025\/04\/Nad-podanie-TO.jpg\",\"articleSection\":[\"Tla\u010dov\u00e9 spr\u00e1vy\"],\"inLanguage\":\"hu-HU\"},{\"@type\":\"WebPage\",\"@id\":\"https:\/\/www.smedemokrati.sk\/policajna-inspekcia-potvrdila-ze-t-gaspar-obvinil-j-nada-z-brania-uplatku-na-zaklade-falosneho-dokumentu-podavame-trestne-oznamenia\/\",\"url\":\"https:\/\/www.smedemokrati.sk\/policajna-inspekcia-potvrdila-ze-t-gaspar-obvinil-j-nada-z-brania-uplatku-na-zaklade-falosneho-dokumentu-podavame-trestne-oznamenia\/\",\"name\":\"Policajn\u00e1 in\u0161pekcia potvrdila, \u017ee T. Ga\u0161par obvinil J. Na\u010fa z brania \u00faplatku na z\u00e1klade falo\u0161n\u00e9ho dokumentu, pod\u00e1vame trestn\u00e9 ozn\u00e1menia\",\"isPartOf\":{\"@id\":\"https:\/\/www.smedemokrati.sk\/#website\"},\"primaryImageOfPage\":{\"@id\":\"https:\/\/www.smedemokrati.sk\/policajna-inspekcia-potvrdila-ze-t-gaspar-obvinil-j-nada-z-brania-uplatku-na-zaklade-falosneho-dokumentu-podavame-trestne-oznamenia\/#primaryimage\"},\"image\":{\"@id\":\"https:\/\/www.smedemokrati.sk\/policajna-inspekcia-potvrdila-ze-t-gaspar-obvinil-j-nada-z-brania-uplatku-na-zaklade-falosneho-dokumentu-podavame-trestne-oznamenia\/#primaryimage\"},\"thumbnailUrl\":\"https:\/\/www.smedemokrati.sk\/wp-content\/uploads\/2025\/04\/Nad-podanie-TO.jpg\",\"datePublished\":\"2025-04-10T13:22:49+00:00\",\"dateModified\":\"2025-04-10T13:24:22+00:00\",\"breadcrumb\":{\"@id\":\"https:\/\/www.smedemokrati.sk\/policajna-inspekcia-potvrdila-ze-t-gaspar-obvinil-j-nada-z-brania-uplatku-na-zaklade-falosneho-dokumentu-podavame-trestne-oznamenia\/#breadcrumb\"},\"inLanguage\":\"hu-HU\",\"potentialAction\":[{\"@type\":\"ReadAction\",\"target\":[\"https:\/\/www.smedemokrati.sk\/policajna-inspekcia-potvrdila-ze-t-gaspar-obvinil-j-nada-z-brania-uplatku-na-zaklade-falosneho-dokumentu-podavame-trestne-oznamenia\/\"]}]},{\"@type\":\"ImageObject\",\"inLanguage\":\"hu-HU\",\"@id\":\"https:\/\/www.smedemokrati.sk\/policajna-inspekcia-potvrdila-ze-t-gaspar-obvinil-j-nada-z-brania-uplatku-na-zaklade-falosneho-dokumentu-podavame-trestne-oznamenia\/#primaryimage\",\"url\":\"https:\/\/www.smedemokrati.sk\/wp-content\/uploads\/2025\/04\/Nad-podanie-TO.jpg\",\"contentUrl\":\"https:\/\/www.smedemokrati.sk\/wp-content\/uploads\/2025\/04\/Nad-podanie-TO.jpg\",\"width\":745,\"height\":390},{\"@type\":\"BreadcrumbList\",\"@id\":\"https:\/\/www.smedemokrati.sk\/policajna-inspekcia-potvrdila-ze-t-gaspar-obvinil-j-nada-z-brania-uplatku-na-zaklade-falosneho-dokumentu-podavame-trestne-oznamenia\/#breadcrumb\",\"itemListElement\":[{\"@type\":\"ListItem\",\"position\":1,\"name\":\"Domovsk\u00e1 str\u00e1nka\",\"item\":\"https:\/\/www.smedemokrati.sk\/\"},{\"@type\":\"ListItem\",\"position\":2,\"name\":\"Policajn\u00e1 in\u0161pekcia potvrdila, \u017ee T. Ga\u0161par obvinil J. Na\u010fa z brania \u00faplatku na z\u00e1klade falo\u0161n\u00e9ho dokumentu, pod\u00e1vame trestn\u00e9 ozn\u00e1menia\"}]},{\"@type\":\"WebSite\",\"@id\":\"https:\/\/www.smedemokrati.sk\/#website\",\"url\":\"https:\/\/www.smedemokrati.sk\/\",\"name\":\"Smedemokrati.sk\",\"description\":\"Demokracia a slu\u0161nos\u0165 zv\u00ed\u0165az\u00ed\",\"publisher\":{\"@id\":\"https:\/\/www.smedemokrati.sk\/#organization\"},\"potentialAction\":[{\"@type\":\"SearchAction\",\"target\":{\"@type\":\"EntryPoint\",\"urlTemplate\":\"https:\/\/www.smedemokrati.sk\/?s={search_term_string}\"},\"query-input\":{\"@type\":\"PropertyValueSpecification\",\"valueRequired\":true,\"valueName\":\"search_term_string\"}}],\"inLanguage\":\"hu-HU\"},{\"@type\":\"Organization\",\"@id\":\"https:\/\/www.smedemokrati.sk\/#organization\",\"name\":\"Smedemokrati.sk\",\"url\":\"https:\/\/www.smedemokrati.sk\/\",\"logo\":{\"@type\":\"ImageObject\",\"inLanguage\":\"hu-HU\",\"@id\":\"https:\/\/www.smedemokrati.sk\/#\/schema\/logo\/image\/\",\"url\":\"https:\/\/www.smedemokrati.sk\/wp-content\/uploads\/2023\/04\/ff.002.jpeg\",\"contentUrl\":\"https:\/\/www.smedemokrati.sk\/wp-content\/uploads\/2023\/04\/ff.002.jpeg\",\"width\":640,\"height\":480,\"caption\":\"Smedemokrati.sk\"},\"image\":{\"@id\":\"https:\/\/www.smedemokrati.sk\/#\/schema\/logo\/image\/\"},\"sameAs\":[\"https:\/\/www.facebook.com\/smedemokrati2023\"]},{\"@type\":\"Person\",\"@id\":\"https:\/\/www.smedemokrati.sk\/#\/schema\/person\/21f147c88d605aa7ded900e1e7c344ba\",\"name\":\"miro.sopko\",\"image\":{\"@type\":\"ImageObject\",\"inLanguage\":\"hu-HU\",\"@id\":\"https:\/\/secure.gravatar.com\/avatar\/267e4a36f704376c109afe3a78740c1f5dd8675a2180a908699e7863c9247606?s=96&d=mm&r=g\",\"url\":\"https:\/\/secure.gravatar.com\/avatar\/267e4a36f704376c109afe3a78740c1f5dd8675a2180a908699e7863c9247606?s=96&d=mm&r=g\",\"contentUrl\":\"https:\/\/secure.gravatar.com\/avatar\/267e4a36f704376c109afe3a78740c1f5dd8675a2180a908699e7863c9247606?s=96&d=mm&r=g\",\"caption\":\"miro.sopko\"},\"url\":\"https:\/\/www.smedemokrati.sk\/hu\/author\/miro-sopko\/\"}]}<\/script>\n<!-- \/ Yoast SEO plugin. -->","yoast_head_json":{"title":"Policajn\u00e1 in\u0161pekcia potvrdila, \u017ee T. Ga\u0161par obvinil J. Na\u010fa z brania \u00faplatku na z\u00e1klade falo\u0161n\u00e9ho dokumentu, pod\u00e1vame trestn\u00e9 ozn\u00e1menia","robots":{"index":"index","follow":"follow","max-snippet":"max-snippet:-1","max-image-preview":"max-image-preview:large","max-video-preview":"max-video-preview:-1"},"canonical":"https:\/\/www.smedemokrati.sk\/hu\/policajna-inspekcia-potvrdila-ze-t-gaspar-obvinil-j-nada-z-brania-uplatku-na-zaklade-falosneho-dokumentu-podavame-trestne-oznamenia\/","og_locale":"hu_HU","og_type":"article","og_title":"[:sk]Policajn\u00e1 in\u0161pekcia potvrdila, \u017ee T. Ga\u0161par obvinil J. Na\u010fa z brania \u00faplatku na z\u00e1klade falo\u0161n\u00e9ho dokumentu, pod\u00e1vame trestn\u00e9 ozn\u00e1menia[:] - Smedemokrati.sk","og_description":"Policajn\u00e1 in\u0161pekcia spadaj\u00faca pod \u0160utaj E\u0161toka potvrdila, \u017ee dokument, ktor\u00fd e\u0161te v septembri 2024 prezentoval na tla\u010dovej konferencii podpredseda NR SR Tibor Ga\u0161par (a tie\u017e ob\u017ealovan\u00fd podnikate\u013e Zoroslav Koll\u00e1r) je falzifik\u00e1t a inform\u00e1tor, ktor\u00fd mal o \u00faplatku poda\u0165 ofici\u00e1lnu v\u00fdpove\u010f neexistuje a nikdy neexistoval. Tibor Ga\u0161par na z\u00e1klade dokumentu obvinil Jaroslava Na\u010fa z \u00faplatku vo [&hellip;]","og_url":"https:\/\/www.smedemokrati.sk\/hu\/policajna-inspekcia-potvrdila-ze-t-gaspar-obvinil-j-nada-z-brania-uplatku-na-zaklade-falosneho-dokumentu-podavame-trestne-oznamenia\/","og_site_name":"Smedemokrati.sk","article_publisher":"https:\/\/www.facebook.com\/smedemokrati2023","article_published_time":"2025-04-10T13:22:49+00:00","article_modified_time":"2025-04-10T13:24:22+00:00","og_image":[{"width":745,"height":390,"url":"https:\/\/www.smedemokrati.sk\/wp-content\/uploads\/2025\/04\/Nad-podanie-TO.jpg","type":"image\/jpeg"}],"author":"miro.sopko","twitter_card":"summary_large_image","twitter_misc":{"Szerz\u0151:":"miro.sopko","Becs\u00fclt olvas\u00e1si id\u0151":"3 perc"},"schema":{"@context":"https:\/\/schema.org","@graph":[{"@type":"Article","@id":"https:\/\/www.smedemokrati.sk\/policajna-inspekcia-potvrdila-ze-t-gaspar-obvinil-j-nada-z-brania-uplatku-na-zaklade-falosneho-dokumentu-podavame-trestne-oznamenia\/#article","isPartOf":{"@id":"https:\/\/www.smedemokrati.sk\/policajna-inspekcia-potvrdila-ze-t-gaspar-obvinil-j-nada-z-brania-uplatku-na-zaklade-falosneho-dokumentu-podavame-trestne-oznamenia\/"},"author":{"name":"miro.sopko","@id":"https:\/\/www.smedemokrati.sk\/#\/schema\/person\/21f147c88d605aa7ded900e1e7c344ba"},"headline":"Policajn\u00e1 in\u0161pekcia potvrdila, \u017ee T. Ga\u0161par obvinil J. Na\u010fa z brania \u00faplatku na z\u00e1klade falo\u0161n\u00e9ho dokumentu, pod\u00e1vame trestn\u00e9 ozn\u00e1menia","datePublished":"2025-04-10T13:22:49+00:00","dateModified":"2025-04-10T13:24:22+00:00","mainEntityOfPage":{"@id":"https:\/\/www.smedemokrati.sk\/policajna-inspekcia-potvrdila-ze-t-gaspar-obvinil-j-nada-z-brania-uplatku-na-zaklade-falosneho-dokumentu-podavame-trestne-oznamenia\/"},"wordCount":673,"publisher":{"@id":"https:\/\/www.smedemokrati.sk\/#organization"},"image":{"@id":"https:\/\/www.smedemokrati.sk\/policajna-inspekcia-potvrdila-ze-t-gaspar-obvinil-j-nada-z-brania-uplatku-na-zaklade-falosneho-dokumentu-podavame-trestne-oznamenia\/#primaryimage"},"thumbnailUrl":"https:\/\/www.smedemokrati.sk\/wp-content\/uploads\/2025\/04\/Nad-podanie-TO.jpg","articleSection":["Tla\u010dov\u00e9 spr\u00e1vy"],"inLanguage":"hu-HU"},{"@type":"WebPage","@id":"https:\/\/www.smedemokrati.sk\/policajna-inspekcia-potvrdila-ze-t-gaspar-obvinil-j-nada-z-brania-uplatku-na-zaklade-falosneho-dokumentu-podavame-trestne-oznamenia\/","url":"https:\/\/www.smedemokrati.sk\/policajna-inspekcia-potvrdila-ze-t-gaspar-obvinil-j-nada-z-brania-uplatku-na-zaklade-falosneho-dokumentu-podavame-trestne-oznamenia\/","name":"Policajn\u00e1 in\u0161pekcia potvrdila, \u017ee T. Ga\u0161par obvinil J. Na\u010fa z brania \u00faplatku na z\u00e1klade falo\u0161n\u00e9ho dokumentu, pod\u00e1vame trestn\u00e9 ozn\u00e1menia","isPartOf":{"@id":"https:\/\/www.smedemokrati.sk\/#website"},"primaryImageOfPage":{"@id":"https:\/\/www.smedemokrati.sk\/policajna-inspekcia-potvrdila-ze-t-gaspar-obvinil-j-nada-z-brania-uplatku-na-zaklade-falosneho-dokumentu-podavame-trestne-oznamenia\/#primaryimage"},"image":{"@id":"https:\/\/www.smedemokrati.sk\/policajna-inspekcia-potvrdila-ze-t-gaspar-obvinil-j-nada-z-brania-uplatku-na-zaklade-falosneho-dokumentu-podavame-trestne-oznamenia\/#primaryimage"},"thumbnailUrl":"https:\/\/www.smedemokrati.sk\/wp-content\/uploads\/2025\/04\/Nad-podanie-TO.jpg","datePublished":"2025-04-10T13:22:49+00:00","dateModified":"2025-04-10T13:24:22+00:00","breadcrumb":{"@id":"https:\/\/www.smedemokrati.sk\/policajna-inspekcia-potvrdila-ze-t-gaspar-obvinil-j-nada-z-brania-uplatku-na-zaklade-falosneho-dokumentu-podavame-trestne-oznamenia\/#breadcrumb"},"inLanguage":"hu-HU","potentialAction":[{"@type":"ReadAction","target":["https:\/\/www.smedemokrati.sk\/policajna-inspekcia-potvrdila-ze-t-gaspar-obvinil-j-nada-z-brania-uplatku-na-zaklade-falosneho-dokumentu-podavame-trestne-oznamenia\/"]}]},{"@type":"ImageObject","inLanguage":"hu-HU","@id":"https:\/\/www.smedemokrati.sk\/policajna-inspekcia-potvrdila-ze-t-gaspar-obvinil-j-nada-z-brania-uplatku-na-zaklade-falosneho-dokumentu-podavame-trestne-oznamenia\/#primaryimage","url":"https:\/\/www.smedemokrati.sk\/wp-content\/uploads\/2025\/04\/Nad-podanie-TO.jpg","contentUrl":"https:\/\/www.smedemokrati.sk\/wp-content\/uploads\/2025\/04\/Nad-podanie-TO.jpg","width":745,"height":390},{"@type":"BreadcrumbList","@id":"https:\/\/www.smedemokrati.sk\/policajna-inspekcia-potvrdila-ze-t-gaspar-obvinil-j-nada-z-brania-uplatku-na-zaklade-falosneho-dokumentu-podavame-trestne-oznamenia\/#breadcrumb","itemListElement":[{"@type":"ListItem","position":1,"name":"Domovsk\u00e1 str\u00e1nka","item":"https:\/\/www.smedemokrati.sk\/"},{"@type":"ListItem","position":2,"name":"Policajn\u00e1 in\u0161pekcia potvrdila, \u017ee T. Ga\u0161par obvinil J. Na\u010fa z brania \u00faplatku na z\u00e1klade falo\u0161n\u00e9ho dokumentu, pod\u00e1vame trestn\u00e9 ozn\u00e1menia"}]},{"@type":"WebSite","@id":"https:\/\/www.smedemokrati.sk\/#website","url":"https:\/\/www.smedemokrati.sk\/","name":"Smedemokrati.sk","description":"Demokracia a slu\u0161nos\u0165 zv\u00ed\u0165az\u00ed","publisher":{"@id":"https:\/\/www.smedemokrati.sk\/#organization"},"potentialAction":[{"@type":"SearchAction","target":{"@type":"EntryPoint","urlTemplate":"https:\/\/www.smedemokrati.sk\/?s={search_term_string}"},"query-input":{"@type":"PropertyValueSpecification","valueRequired":true,"valueName":"search_term_string"}}],"inLanguage":"hu-HU"},{"@type":"Organization","@id":"https:\/\/www.smedemokrati.sk\/#organization","name":"Smedemokrati.sk","url":"https:\/\/www.smedemokrati.sk\/","logo":{"@type":"ImageObject","inLanguage":"hu-HU","@id":"https:\/\/www.smedemokrati.sk\/#\/schema\/logo\/image\/","url":"https:\/\/www.smedemokrati.sk\/wp-content\/uploads\/2023\/04\/ff.002.jpeg","contentUrl":"https:\/\/www.smedemokrati.sk\/wp-content\/uploads\/2023\/04\/ff.002.jpeg","width":640,"height":480,"caption":"Smedemokrati.sk"},"image":{"@id":"https:\/\/www.smedemokrati.sk\/#\/schema\/logo\/image\/"},"sameAs":["https:\/\/www.facebook.com\/smedemokrati2023"]},{"@type":"Person","@id":"https:\/\/www.smedemokrati.sk\/#\/schema\/person\/21f147c88d605aa7ded900e1e7c344ba","name":"miro.sopko","image":{"@type":"ImageObject","inLanguage":"hu-HU","@id":"https:\/\/secure.gravatar.com\/avatar\/267e4a36f704376c109afe3a78740c1f5dd8675a2180a908699e7863c9247606?s=96&d=mm&r=g","url":"https:\/\/secure.gravatar.com\/avatar\/267e4a36f704376c109afe3a78740c1f5dd8675a2180a908699e7863c9247606?s=96&d=mm&r=g","contentUrl":"https:\/\/secure.gravatar.com\/avatar\/267e4a36f704376c109afe3a78740c1f5dd8675a2180a908699e7863c9247606?s=96&d=mm&r=g","caption":"miro.sopko"},"url":"https:\/\/www.smedemokrati.sk\/hu\/author\/miro-sopko\/"}]}},"_links":{"self":[{"href":"https:\/\/www.smedemokrati.sk\/hu\/wp-json\/wp\/v2\/posts\/6879","targetHints":{"allow":["GET"]}}],"collection":[{"href":"https:\/\/www.smedemokrati.sk\/hu\/wp-json\/wp\/v2\/posts"}],"about":[{"href":"https:\/\/www.smedemokrati.sk\/hu\/wp-json\/wp\/v2\/types\/post"}],"author":[{"embeddable":true,"href":"https:\/\/www.smedemokrati.sk\/hu\/wp-json\/wp\/v2\/users\/13"}],"replies":[{"embeddable":true,"href":"https:\/\/www.smedemokrati.sk\/hu\/wp-json\/wp\/v2\/comments?post=6879"}],"version-history":[{"count":1,"href":"https:\/\/www.smedemokrati.sk\/hu\/wp-json\/wp\/v2\/posts\/6879\/revisions"}],"predecessor-version":[{"id":6882,"href":"https:\/\/www.smedemokrati.sk\/hu\/wp-json\/wp\/v2\/posts\/6879\/revisions\/6882"}],"wp:featuredmedia":[{"embeddable":true,"href":"https:\/\/www.smedemokrati.sk\/hu\/wp-json\/wp\/v2\/media\/6881"}],"wp:attachment":[{"href":"https:\/\/www.smedemokrati.sk\/hu\/wp-json\/wp\/v2\/media?parent=6879"}],"wp:term":[{"taxonomy":"category","embeddable":true,"href":"https:\/\/www.smedemokrati.sk\/hu\/wp-json\/wp\/v2\/categories?post=6879"},{"taxonomy":"post_tag","embeddable":true,"href":"https:\/\/www.smedemokrati.sk\/hu\/wp-json\/wp\/v2\/tags?post=6879"}],"curies":[{"name":"wp","href":"https:\/\/api.w.org\/{rel}","templated":true}]}}