{"id":6822,"date":"2025-04-04T11:18:54","date_gmt":"2025-04-04T10:18:54","guid":{"rendered":"https:\/\/www.smedemokrati.sk\/?p=6822"},"modified":"2025-04-04T11:18:55","modified_gmt":"2025-04-04T10:18:55","slug":"predkladame-navrh-zakona-ktory-pomoze-farmarom-pri-slak","status":"publish","type":"post","link":"https:\/\/www.smedemokrati.sk\/hu\/predkladame-navrh-zakona-ktory-pomoze-farmarom-pri-slak\/","title":{"rendered":"Predklad\u00e1me n\u00e1vrh z\u00e1kona, ktor\u00fd pomo\u017ee farm\u00e1rom pri SLAK"},"content":{"rendered":"<div id=\"fb-root\"><\/div>\n\n<p><strong>Strana Demokrati v spolupr\u00e1ci s poslancom \u013dubom\u00edrom Galkom podala do N\u00e1rodnej rady Slovenskej republiky n\u00e1vrh z\u00e1kona, ktor\u00fd pom\u00e1ha s r\u00fdchlym od\u0161kodnen\u00edm, najm\u00e4 drobn\u00fdch farm\u00e1rov zasiahnut\u00fdch SLAK. Rovnako tento n\u00e1vrh upravuje i povinnos\u0165 \u0161t\u00e1tu vopred riadne informova\u0165 o pohrebisk\u00e1ch utraten\u00fdch zvierat, a to tak, aby verejnos\u0165 nemala pochybnos\u0165 o riadnom, bezpe\u010dnom a odbornom v\u00fdbere t\u00fdchto miest.&nbsp;<\/strong><\/p>\n\n\n\n<p>\u201e<em>V aktu\u00e1lnej situ\u00e1cii, ke\u010f vl\u00e1da Slovenskej republiky nevie, \u010do m\u00e1 robi\u0165 som ve\u013emi r\u00e1d, \u017ee strana Demokrati je kon\u0161trukt\u00edvnou opoz\u00edciou. Nevraciame vl\u00e1dnym stran\u00e1m rovnak\u00fdm metrom, ako sa oni spr\u00e1vali pri pand\u00e9mii Covidu 19, ke\u010f postupovali \u0161t\u00fdlom &#8222;\u010d\u00edm hor\u0161ie pre krajinu, t\u00fdm lep\u0161ie pre nich&#8221;. Naopak, sme ve\u013emi kon\u0161trukt\u00edvni a v pondelok sme predstavili 20 konkr\u00e9tnych opatren\u00ed, ako zabr\u00e1ni\u0165 \u0161\u00edreniu n\u00e1kazy SLAK a dnes predklad\u00e1me n\u00e1vrh z\u00e1kona, ktor\u00fd pom\u00e1ha r\u00fdchlo a v\u010das od\u0161kodni\u0165 zasiahnut\u00fdch farm\u00e1rov a z\u00e1rove\u0148 poskytuje verejnosti dostatok inform\u00e1ci\u00ed o pohrebisk\u00e1ch utraten\u00fdch zvierat. Ver\u00edm, \u017ee toto je dostato\u010dn\u00fd odkaz i pre Tibora Ga\u0161para, ktor\u00fd kritizuje, \u017ee m\u00e1me spolo\u010dn\u00e9 tla\u010dov\u00e9 konferencie s Demokratmi v parlamente. My tu nepolitik\u00e1r\u010dime, naopak, pod\u00e1vame v\u00e1m pomocn\u00fa ruku, preto\u017ee teraz ide o Slovensko a jeho po\u013enohospod\u00e1rstvo.&#8221;<\/em>\u00a0Hovor\u00ed \u013dubom\u00edr Galko, poslanec NR SR.\u00a0<\/p>\n\n\n\n<p>\u201e<em>N\u00e1vrh z\u00e1kona, ktor\u00fd sme spolo\u010dne s expertami pripravili, reaguje na dve situ\u00e1cie. Prv\u00e1 je komplikovan\u00e1 sch\u00e9ma od\u0161kodnenia pre farm\u00e1rov a absencia leh\u00f4t na rozhodnutie \u0161t\u00e1tnych org\u00e1nov. Druh\u00e1 skuto\u010dnos\u0165 je nedostatok inform\u00e1ci\u00ed a strach s t\u00fdm s\u00favisiaci, ktor\u00fd sa \u0161\u00edri medzi obyvate\u013emi obc\u00ed, v ktor\u00fdch okol\u00ed sa pochov\u00e1vaj\u00fa utraten\u00e9 zvierat\u00e1. N\u00e1\u0161 n\u00e1vrh z\u00e1kona pren\u00e1\u0161a rozhodovanie na od\u0161kodnenie na region\u00e1lne \u00farady veterin\u00e1rnej spr\u00e1vy (R\u00daVS) s t\u00fdm, \u017ee o n\u00e1roku mus\u00ed rozhodn\u00fa\u0165 do sedem dn\u00ed od kompletnej \u017eiadosti, pri\u010dom tento \u00farad m\u00e1 povinnos\u0165 i pom\u00f4c\u0165 vyplni\u0165 tieto \u017eiadosti tak, aby najm\u00e4 men\u0161\u00ed farm\u00e1ri neboli zasiahnut\u00ed pr\u00edli\u0161nou administrat\u00edvnou z\u00e1\u0165a\u017eou. Rovnako stanovuje povinnos\u0165 \u0161t\u00e1tu vopred jasne ozn\u00e1mi\u0165 potencion\u00e1lne pohrebisk\u00e1 utraten\u00fdch alebo uhynut\u00fdch zvierat.&#8221;<\/em>\u00a0Vysvet\u013euje Michal Ki\u010da, enviroexpert strany Demokrati.\u00a0<\/p>\n\n\n\n<p><em>\u201eTento n\u00e1vrh zasielame aj vl\u00e1de, aby mohla rozhodn\u00fa\u0165 o skr\u00e1tenom legislat\u00edvnom konan\u00ed, tak aby mohol by\u0165 tento n\u00e1vrh z\u00e1kona prerokovan\u00fd okam\u017eite. Je to \u010dist\u00e1, r\u00fdchla a najm\u00e4 adresn\u00e1 pomoc \u013eu\u010fom, ktor\u00ed s\u00fa dnes najviac zasiahnut\u00fd SLAK. Sp\u00e4tn\u00e1 v\u00e4zba od farm\u00e1rov je, \u017ee nevedia, \u010do maj\u00fa robi\u0165 so \u017eiados\u0165ami o dot\u00e1cie, nie s\u00fa \u017eiadne lehoty. Hovor\u00ed sa dokonca, \u017ee a\u017e v septembri bud\u00fa od\u0161kodnen\u00ed, \u010do je \u0161ialene neskoro. Chcem veri\u0165, \u017ee vl\u00e1da prijme n\u00e1\u0161 n\u00e1vrh. Rovnako mus\u00edm kon\u0161tatova\u0165, \u017ee pova\u017eujem za perf\u00eddne, ke\u010f v tejto situ\u00e1cii dostane dot\u00e1ciu 250 tis\u00edc eur ob\u010dianske zdru\u017eenie st\u00edhan\u00e9ho Culku, ktor\u00e9 m\u00e1 zabezpe\u010di\u0165 dezinfekcie pre farm\u00e1rov. Pre\u010do to nejde napriamo farm\u00e1rom? To aj v tejto situ\u00e1cii sa sna\u017e\u00ed niekto takto obohati\u0165? \u010co je to za syst\u00e9m, farm\u00e1r, ktor\u00e9mu bol utraten\u00ed dobytok nem\u00e1 ani euro, ale 250 tis\u00edc euro pre OZ-tko &#8222;kamar\u00e1ta&#8221; u\u017e m\u00e1 peniaze na \u00fa\u010dte? Tu naozaj absentuje zdrav\u00fd rozum.&#8221;\u00a0<\/em>dod\u00e1va Michal Ki\u010da.<\/p>\n\n\n\n<p><em>\u201eSme kon\u0161trukt\u00edvni, v pondelok sme predstavili opatrenia, dnes n\u00e1vrh z\u00e1kona. Postup pri tomto z\u00e1kone bude jednoduch\u00fd. Laicky povedan\u00e9,\u00a0 dotknut\u00fd farm\u00e1r v pr\u00edpade, \u017ee bol zasiahnut\u00fd SLAK pr\u00edde na region\u00e1lnu veterin\u00e1rnu spr\u00e1vu, dostane \u017eiados\u0165 a o 7 dn\u00ed bude ma\u0165 peniaze na \u00fa\u010dte. Je to \u0161peci\u00e1lne pre t\u00fdch, ktor\u00ed dnes musia zachra\u0148ova\u0165 svoje statky a nie rie\u0161i\u0165 hromadu administrat\u00edvy. Druh\u00e1 podstatn\u00e1 vec je pr\u00e1vo na inform\u00e1cie, op\u00e4\u0165 vych\u00e1dzame z praxe. Napr\u00edklad v obci Ve\u013ek\u00e9 Lev\u00e1re s\u00fa dodnes znepokojen\u00ed \u013eudia, \u010di zakop\u00e1vanie tiel zvierat nezne\u010dist\u00ed zdroj pitnej vody. Nebol im predlo\u017een\u00fd ani geologick\u00fd posudok ani testy podzemn\u00fdch v\u00f4d. Stretnutie s ministrom Tak\u00e1\u010dom prinieslo viac ot\u00e1zok ako odpoved\u00ed. Nemo\u017eno sa \u010dudova\u0165, \u017ee \u013eudia s\u00fa znepokojen\u00ed, ke\u010f im predstavitelia \u0161t\u00e1tu nevedia kvalifikovane odpoveda\u0165 na relevantn\u00e9 ot\u00e1zky. Opakujem, my chceme by\u0165 kon\u0161trukt\u00edvni a nie de\u0161trukt\u00edvni ako Robert Fico po\u010das pand\u00e9mie, ke\u010f bol v opoz\u00edcii. Tento n\u00e1vrh z\u00e1kona zasielame aj Tiborovi Ga\u0161parovi, aby videl, \u010do konkr\u00e9tne presadzuj\u00fa Demokrati na svojich tla\u010dovk\u00e1ch a nehovoril vo svojich vide\u00e1ch hl\u00faposti.&#8221;\u00a0<\/em>Uzatv\u00e1ra Juraj \u0160eliga podpredseda strany Demokrati.\u00a0<\/p>\n\n\n<div class=\"fb-video\" data-href=\"https:\/\/fb.watch\/yLmScqk0KE\" data-allowfullscreen=\"true\" data-autoplay=\"false\" data-width=\"\" data-show-text=\"false\" data-show-captions=\"true\"><\/div>\n","protected":false},"excerpt":{"rendered":"<p>Strana Demokrati v spolupr\u00e1ci s poslancom \u013dubom\u00edrom Galkom podala do N\u00e1rodnej rady Slovenskej republiky n\u00e1vrh z\u00e1kona, ktor\u00fd pom\u00e1ha s r\u00fdchlym od\u0161kodnen\u00edm, najm\u00e4 drobn\u00fdch farm\u00e1rov zasiahnut\u00fdch SLAK. Rovnako tento n\u00e1vrh upravuje i povinnos\u0165 \u0161t\u00e1tu vopred riadne informova\u0165 o pohrebisk\u00e1ch utraten\u00fdch zvierat, a to tak, aby verejnos\u0165 nemala pochybnos\u0165 o riadnom, bezpe\u010dnom a odbornom v\u00fdbere t\u00fdchto miest.&nbsp; [&hellip;]<\/p>\n","protected":false},"author":13,"featured_media":6823,"comment_status":"closed","ping_status":"closed","sticky":false,"template":"","format":"standard","meta":{"_acf_changed":false,"ngg_post_thumbnail":0,"footnotes":""},"categories":[4],"tags":[],"class_list":["post-6822","post","type-post","status-publish","format-standard","has-post-thumbnail","hentry","category-tlacove-spravy"],"acf":[],"yoast_head":"<!-- This site is optimized with the Yoast SEO plugin v27.2 - https:\/\/yoast.com\/product\/yoast-seo-wordpress\/ -->\n<title>Predklad\u00e1me n\u00e1vrh z\u00e1kona, ktor\u00fd pomo\u017ee farm\u00e1rom pri SLAK<\/title>\n<meta name=\"robots\" content=\"index, follow, max-snippet:-1, max-image-preview:large, max-video-preview:-1\" \/>\n<link rel=\"canonical\" href=\"https:\/\/www.smedemokrati.sk\/hu\/predkladame-navrh-zakona-ktory-pomoze-farmarom-pri-slak\/\" \/>\n<meta property=\"og:locale\" content=\"hu_HU\" \/>\n<meta property=\"og:locale:alternate\" content=\"en_US\" \/>\n<meta property=\"og:locale:alternate\" content=\"cs_CZ\" \/>\n<meta property=\"og:locale:alternate\" content=\"sk_SK\" \/>\n<meta property=\"og:locale:alternate\" content=\"sv_SE\" \/>\n<meta property=\"og:type\" content=\"article\" \/>\n<meta property=\"og:title\" content=\"Predklad\u00e1me n\u00e1vrh z\u00e1kona, ktor\u00fd pomo\u017ee farm\u00e1rom pri SLAK\" \/>\n<meta property=\"og:description\" content=\"Strana Demokrati v spolupr\u00e1ci s poslancom \u013dubom\u00edrom Galkom podala do N\u00e1rodnej rady Slovenskej republiky n\u00e1vrh z\u00e1kona, ktor\u00fd pom\u00e1ha s r\u00fdchlym od\u0161kodnen\u00edm, najm\u00e4 drobn\u00fdch farm\u00e1rov zasiahnut\u00fdch SLAK. Rovnako tento n\u00e1vrh upravuje i povinnos\u0165 \u0161t\u00e1tu vopred riadne informova\u0165 o pohrebisk\u00e1ch utraten\u00fdch zvierat, a to tak, aby verejnos\u0165 nemala pochybnos\u0165 o riadnom, bezpe\u010dnom a odbornom v\u00fdbere t\u00fdchto miest.&nbsp; [&hellip;]\" \/>\n<meta property=\"og:url\" content=\"https:\/\/www.smedemokrati.sk\/hu\/predkladame-navrh-zakona-ktory-pomoze-farmarom-pri-slak\/\" \/>\n<meta property=\"og:site_name\" content=\"Smedemokrati.sk\" \/>\n<meta property=\"article:publisher\" content=\"https:\/\/www.facebook.com\/smedemokrati2023\" \/>\n<meta property=\"article:published_time\" content=\"2025-04-04T10:18:54+00:00\" \/>\n<meta property=\"article:modified_time\" content=\"2025-04-04T10:18:55+00:00\" \/>\n<meta property=\"og:image\" content=\"https:\/\/www.smedemokrati.sk\/wp-content\/uploads\/2025\/04\/rychla-pomoc-farmarom-slak.jpg\" \/>\n\t<meta property=\"og:image:width\" content=\"763\" \/>\n\t<meta property=\"og:image:height\" content=\"513\" \/>\n\t<meta property=\"og:image:type\" content=\"image\/jpeg\" \/>\n<meta name=\"author\" content=\"miro.sopko\" \/>\n<meta name=\"twitter:card\" content=\"summary_large_image\" \/>\n<meta name=\"twitter:label1\" content=\"Szerz\u0151:\" \/>\n\t<meta name=\"twitter:data1\" content=\"miro.sopko\" \/>\n\t<meta name=\"twitter:label2\" content=\"Becs\u00fclt olvas\u00e1si id\u0151\" \/>\n\t<meta name=\"twitter:data2\" content=\"4 perc\" \/>\n<script type=\"application\/ld+json\" class=\"yoast-schema-graph\">{\"@context\":\"https:\/\/schema.org\",\"@graph\":[{\"@type\":\"Article\",\"@id\":\"https:\/\/www.smedemokrati.sk\/predkladame-navrh-zakona-ktory-pomoze-farmarom-pri-slak\/#article\",\"isPartOf\":{\"@id\":\"https:\/\/www.smedemokrati.sk\/predkladame-navrh-zakona-ktory-pomoze-farmarom-pri-slak\/\"},\"author\":{\"name\":\"miro.sopko\",\"@id\":\"https:\/\/www.smedemokrati.sk\/#\/schema\/person\/21f147c88d605aa7ded900e1e7c344ba\"},\"headline\":\"Predklad\u00e1me n\u00e1vrh z\u00e1kona, ktor\u00fd pomo\u017ee farm\u00e1rom pri SLAK\",\"datePublished\":\"2025-04-04T10:18:54+00:00\",\"dateModified\":\"2025-04-04T10:18:55+00:00\",\"mainEntityOfPage\":{\"@id\":\"https:\/\/www.smedemokrati.sk\/predkladame-navrh-zakona-ktory-pomoze-farmarom-pri-slak\/\"},\"wordCount\":830,\"publisher\":{\"@id\":\"https:\/\/www.smedemokrati.sk\/#organization\"},\"image\":{\"@id\":\"https:\/\/www.smedemokrati.sk\/predkladame-navrh-zakona-ktory-pomoze-farmarom-pri-slak\/#primaryimage\"},\"thumbnailUrl\":\"https:\/\/www.smedemokrati.sk\/wp-content\/uploads\/2025\/04\/rychla-pomoc-farmarom-slak.jpg\",\"articleSection\":[\"Tla\u010dov\u00e9 spr\u00e1vy\"],\"inLanguage\":\"hu-HU\"},{\"@type\":\"WebPage\",\"@id\":\"https:\/\/www.smedemokrati.sk\/predkladame-navrh-zakona-ktory-pomoze-farmarom-pri-slak\/\",\"url\":\"https:\/\/www.smedemokrati.sk\/predkladame-navrh-zakona-ktory-pomoze-farmarom-pri-slak\/\",\"name\":\"Predklad\u00e1me n\u00e1vrh z\u00e1kona, ktor\u00fd pomo\u017ee farm\u00e1rom pri SLAK\",\"isPartOf\":{\"@id\":\"https:\/\/www.smedemokrati.sk\/#website\"},\"primaryImageOfPage\":{\"@id\":\"https:\/\/www.smedemokrati.sk\/predkladame-navrh-zakona-ktory-pomoze-farmarom-pri-slak\/#primaryimage\"},\"image\":{\"@id\":\"https:\/\/www.smedemokrati.sk\/predkladame-navrh-zakona-ktory-pomoze-farmarom-pri-slak\/#primaryimage\"},\"thumbnailUrl\":\"https:\/\/www.smedemokrati.sk\/wp-content\/uploads\/2025\/04\/rychla-pomoc-farmarom-slak.jpg\",\"datePublished\":\"2025-04-04T10:18:54+00:00\",\"dateModified\":\"2025-04-04T10:18:55+00:00\",\"breadcrumb\":{\"@id\":\"https:\/\/www.smedemokrati.sk\/predkladame-navrh-zakona-ktory-pomoze-farmarom-pri-slak\/#breadcrumb\"},\"inLanguage\":\"hu-HU\",\"potentialAction\":[{\"@type\":\"ReadAction\",\"target\":[\"https:\/\/www.smedemokrati.sk\/predkladame-navrh-zakona-ktory-pomoze-farmarom-pri-slak\/\"]}]},{\"@type\":\"ImageObject\",\"inLanguage\":\"hu-HU\",\"@id\":\"https:\/\/www.smedemokrati.sk\/predkladame-navrh-zakona-ktory-pomoze-farmarom-pri-slak\/#primaryimage\",\"url\":\"https:\/\/www.smedemokrati.sk\/wp-content\/uploads\/2025\/04\/rychla-pomoc-farmarom-slak.jpg\",\"contentUrl\":\"https:\/\/www.smedemokrati.sk\/wp-content\/uploads\/2025\/04\/rychla-pomoc-farmarom-slak.jpg\",\"width\":763,\"height\":513},{\"@type\":\"BreadcrumbList\",\"@id\":\"https:\/\/www.smedemokrati.sk\/predkladame-navrh-zakona-ktory-pomoze-farmarom-pri-slak\/#breadcrumb\",\"itemListElement\":[{\"@type\":\"ListItem\",\"position\":1,\"name\":\"Domovsk\u00e1 str\u00e1nka\",\"item\":\"https:\/\/www.smedemokrati.sk\/\"},{\"@type\":\"ListItem\",\"position\":2,\"name\":\"Predklad\u00e1me n\u00e1vrh z\u00e1kona, ktor\u00fd pomo\u017ee farm\u00e1rom pri SLAK\"}]},{\"@type\":\"WebSite\",\"@id\":\"https:\/\/www.smedemokrati.sk\/#website\",\"url\":\"https:\/\/www.smedemokrati.sk\/\",\"name\":\"Smedemokrati.sk\",\"description\":\"Demokracia a slu\u0161nos\u0165 zv\u00ed\u0165az\u00ed\",\"publisher\":{\"@id\":\"https:\/\/www.smedemokrati.sk\/#organization\"},\"potentialAction\":[{\"@type\":\"SearchAction\",\"target\":{\"@type\":\"EntryPoint\",\"urlTemplate\":\"https:\/\/www.smedemokrati.sk\/?s={search_term_string}\"},\"query-input\":{\"@type\":\"PropertyValueSpecification\",\"valueRequired\":true,\"valueName\":\"search_term_string\"}}],\"inLanguage\":\"hu-HU\"},{\"@type\":\"Organization\",\"@id\":\"https:\/\/www.smedemokrati.sk\/#organization\",\"name\":\"Smedemokrati.sk\",\"url\":\"https:\/\/www.smedemokrati.sk\/\",\"logo\":{\"@type\":\"ImageObject\",\"inLanguage\":\"hu-HU\",\"@id\":\"https:\/\/www.smedemokrati.sk\/#\/schema\/logo\/image\/\",\"url\":\"https:\/\/www.smedemokrati.sk\/wp-content\/uploads\/2023\/04\/ff.002.jpeg\",\"contentUrl\":\"https:\/\/www.smedemokrati.sk\/wp-content\/uploads\/2023\/04\/ff.002.jpeg\",\"width\":640,\"height\":480,\"caption\":\"Smedemokrati.sk\"},\"image\":{\"@id\":\"https:\/\/www.smedemokrati.sk\/#\/schema\/logo\/image\/\"},\"sameAs\":[\"https:\/\/www.facebook.com\/smedemokrati2023\"]},{\"@type\":\"Person\",\"@id\":\"https:\/\/www.smedemokrati.sk\/#\/schema\/person\/21f147c88d605aa7ded900e1e7c344ba\",\"name\":\"miro.sopko\",\"image\":{\"@type\":\"ImageObject\",\"inLanguage\":\"hu-HU\",\"@id\":\"https:\/\/secure.gravatar.com\/avatar\/267e4a36f704376c109afe3a78740c1f5dd8675a2180a908699e7863c9247606?s=96&d=mm&r=g\",\"url\":\"https:\/\/secure.gravatar.com\/avatar\/267e4a36f704376c109afe3a78740c1f5dd8675a2180a908699e7863c9247606?s=96&d=mm&r=g\",\"contentUrl\":\"https:\/\/secure.gravatar.com\/avatar\/267e4a36f704376c109afe3a78740c1f5dd8675a2180a908699e7863c9247606?s=96&d=mm&r=g\",\"caption\":\"miro.sopko\"},\"url\":\"https:\/\/www.smedemokrati.sk\/hu\/author\/miro-sopko\/\"}]}<\/script>\n<!-- \/ Yoast SEO plugin. -->","yoast_head_json":{"title":"Predklad\u00e1me n\u00e1vrh z\u00e1kona, ktor\u00fd pomo\u017ee farm\u00e1rom pri SLAK","robots":{"index":"index","follow":"follow","max-snippet":"max-snippet:-1","max-image-preview":"max-image-preview:large","max-video-preview":"max-video-preview:-1"},"canonical":"https:\/\/www.smedemokrati.sk\/hu\/predkladame-navrh-zakona-ktory-pomoze-farmarom-pri-slak\/","og_locale":"hu_HU","og_type":"article","og_title":"[:sk]Predklad\u00e1me n\u00e1vrh z\u00e1kona, ktor\u00fd pomo\u017ee farm\u00e1rom pri SLAK[:] - Smedemokrati.sk","og_description":"Strana Demokrati v spolupr\u00e1ci s poslancom \u013dubom\u00edrom Galkom podala do N\u00e1rodnej rady Slovenskej republiky n\u00e1vrh z\u00e1kona, ktor\u00fd pom\u00e1ha s r\u00fdchlym od\u0161kodnen\u00edm, najm\u00e4 drobn\u00fdch farm\u00e1rov zasiahnut\u00fdch SLAK. Rovnako tento n\u00e1vrh upravuje i povinnos\u0165 \u0161t\u00e1tu vopred riadne informova\u0165 o pohrebisk\u00e1ch utraten\u00fdch zvierat, a to tak, aby verejnos\u0165 nemala pochybnos\u0165 o riadnom, bezpe\u010dnom a odbornom v\u00fdbere t\u00fdchto miest.&nbsp; [&hellip;]","og_url":"https:\/\/www.smedemokrati.sk\/hu\/predkladame-navrh-zakona-ktory-pomoze-farmarom-pri-slak\/","og_site_name":"Smedemokrati.sk","article_publisher":"https:\/\/www.facebook.com\/smedemokrati2023","article_published_time":"2025-04-04T10:18:54+00:00","article_modified_time":"2025-04-04T10:18:55+00:00","og_image":[{"width":763,"height":513,"url":"https:\/\/www.smedemokrati.sk\/wp-content\/uploads\/2025\/04\/rychla-pomoc-farmarom-slak.jpg","type":"image\/jpeg"}],"author":"miro.sopko","twitter_card":"summary_large_image","twitter_misc":{"Szerz\u0151:":"miro.sopko","Becs\u00fclt olvas\u00e1si id\u0151":"4 perc"},"schema":{"@context":"https:\/\/schema.org","@graph":[{"@type":"Article","@id":"https:\/\/www.smedemokrati.sk\/predkladame-navrh-zakona-ktory-pomoze-farmarom-pri-slak\/#article","isPartOf":{"@id":"https:\/\/www.smedemokrati.sk\/predkladame-navrh-zakona-ktory-pomoze-farmarom-pri-slak\/"},"author":{"name":"miro.sopko","@id":"https:\/\/www.smedemokrati.sk\/#\/schema\/person\/21f147c88d605aa7ded900e1e7c344ba"},"headline":"Predklad\u00e1me n\u00e1vrh z\u00e1kona, ktor\u00fd pomo\u017ee farm\u00e1rom pri SLAK","datePublished":"2025-04-04T10:18:54+00:00","dateModified":"2025-04-04T10:18:55+00:00","mainEntityOfPage":{"@id":"https:\/\/www.smedemokrati.sk\/predkladame-navrh-zakona-ktory-pomoze-farmarom-pri-slak\/"},"wordCount":830,"publisher":{"@id":"https:\/\/www.smedemokrati.sk\/#organization"},"image":{"@id":"https:\/\/www.smedemokrati.sk\/predkladame-navrh-zakona-ktory-pomoze-farmarom-pri-slak\/#primaryimage"},"thumbnailUrl":"https:\/\/www.smedemokrati.sk\/wp-content\/uploads\/2025\/04\/rychla-pomoc-farmarom-slak.jpg","articleSection":["Tla\u010dov\u00e9 spr\u00e1vy"],"inLanguage":"hu-HU"},{"@type":"WebPage","@id":"https:\/\/www.smedemokrati.sk\/predkladame-navrh-zakona-ktory-pomoze-farmarom-pri-slak\/","url":"https:\/\/www.smedemokrati.sk\/predkladame-navrh-zakona-ktory-pomoze-farmarom-pri-slak\/","name":"Predklad\u00e1me n\u00e1vrh z\u00e1kona, ktor\u00fd pomo\u017ee farm\u00e1rom pri SLAK","isPartOf":{"@id":"https:\/\/www.smedemokrati.sk\/#website"},"primaryImageOfPage":{"@id":"https:\/\/www.smedemokrati.sk\/predkladame-navrh-zakona-ktory-pomoze-farmarom-pri-slak\/#primaryimage"},"image":{"@id":"https:\/\/www.smedemokrati.sk\/predkladame-navrh-zakona-ktory-pomoze-farmarom-pri-slak\/#primaryimage"},"thumbnailUrl":"https:\/\/www.smedemokrati.sk\/wp-content\/uploads\/2025\/04\/rychla-pomoc-farmarom-slak.jpg","datePublished":"2025-04-04T10:18:54+00:00","dateModified":"2025-04-04T10:18:55+00:00","breadcrumb":{"@id":"https:\/\/www.smedemokrati.sk\/predkladame-navrh-zakona-ktory-pomoze-farmarom-pri-slak\/#breadcrumb"},"inLanguage":"hu-HU","potentialAction":[{"@type":"ReadAction","target":["https:\/\/www.smedemokrati.sk\/predkladame-navrh-zakona-ktory-pomoze-farmarom-pri-slak\/"]}]},{"@type":"ImageObject","inLanguage":"hu-HU","@id":"https:\/\/www.smedemokrati.sk\/predkladame-navrh-zakona-ktory-pomoze-farmarom-pri-slak\/#primaryimage","url":"https:\/\/www.smedemokrati.sk\/wp-content\/uploads\/2025\/04\/rychla-pomoc-farmarom-slak.jpg","contentUrl":"https:\/\/www.smedemokrati.sk\/wp-content\/uploads\/2025\/04\/rychla-pomoc-farmarom-slak.jpg","width":763,"height":513},{"@type":"BreadcrumbList","@id":"https:\/\/www.smedemokrati.sk\/predkladame-navrh-zakona-ktory-pomoze-farmarom-pri-slak\/#breadcrumb","itemListElement":[{"@type":"ListItem","position":1,"name":"Domovsk\u00e1 str\u00e1nka","item":"https:\/\/www.smedemokrati.sk\/"},{"@type":"ListItem","position":2,"name":"Predklad\u00e1me n\u00e1vrh z\u00e1kona, ktor\u00fd pomo\u017ee farm\u00e1rom pri SLAK"}]},{"@type":"WebSite","@id":"https:\/\/www.smedemokrati.sk\/#website","url":"https:\/\/www.smedemokrati.sk\/","name":"Smedemokrati.sk","description":"Demokracia a slu\u0161nos\u0165 zv\u00ed\u0165az\u00ed","publisher":{"@id":"https:\/\/www.smedemokrati.sk\/#organization"},"potentialAction":[{"@type":"SearchAction","target":{"@type":"EntryPoint","urlTemplate":"https:\/\/www.smedemokrati.sk\/?s={search_term_string}"},"query-input":{"@type":"PropertyValueSpecification","valueRequired":true,"valueName":"search_term_string"}}],"inLanguage":"hu-HU"},{"@type":"Organization","@id":"https:\/\/www.smedemokrati.sk\/#organization","name":"Smedemokrati.sk","url":"https:\/\/www.smedemokrati.sk\/","logo":{"@type":"ImageObject","inLanguage":"hu-HU","@id":"https:\/\/www.smedemokrati.sk\/#\/schema\/logo\/image\/","url":"https:\/\/www.smedemokrati.sk\/wp-content\/uploads\/2023\/04\/ff.002.jpeg","contentUrl":"https:\/\/www.smedemokrati.sk\/wp-content\/uploads\/2023\/04\/ff.002.jpeg","width":640,"height":480,"caption":"Smedemokrati.sk"},"image":{"@id":"https:\/\/www.smedemokrati.sk\/#\/schema\/logo\/image\/"},"sameAs":["https:\/\/www.facebook.com\/smedemokrati2023"]},{"@type":"Person","@id":"https:\/\/www.smedemokrati.sk\/#\/schema\/person\/21f147c88d605aa7ded900e1e7c344ba","name":"miro.sopko","image":{"@type":"ImageObject","inLanguage":"hu-HU","@id":"https:\/\/secure.gravatar.com\/avatar\/267e4a36f704376c109afe3a78740c1f5dd8675a2180a908699e7863c9247606?s=96&d=mm&r=g","url":"https:\/\/secure.gravatar.com\/avatar\/267e4a36f704376c109afe3a78740c1f5dd8675a2180a908699e7863c9247606?s=96&d=mm&r=g","contentUrl":"https:\/\/secure.gravatar.com\/avatar\/267e4a36f704376c109afe3a78740c1f5dd8675a2180a908699e7863c9247606?s=96&d=mm&r=g","caption":"miro.sopko"},"url":"https:\/\/www.smedemokrati.sk\/hu\/author\/miro-sopko\/"}]}},"_links":{"self":[{"href":"https:\/\/www.smedemokrati.sk\/hu\/wp-json\/wp\/v2\/posts\/6822","targetHints":{"allow":["GET"]}}],"collection":[{"href":"https:\/\/www.smedemokrati.sk\/hu\/wp-json\/wp\/v2\/posts"}],"about":[{"href":"https:\/\/www.smedemokrati.sk\/hu\/wp-json\/wp\/v2\/types\/post"}],"author":[{"embeddable":true,"href":"https:\/\/www.smedemokrati.sk\/hu\/wp-json\/wp\/v2\/users\/13"}],"replies":[{"embeddable":true,"href":"https:\/\/www.smedemokrati.sk\/hu\/wp-json\/wp\/v2\/comments?post=6822"}],"version-history":[{"count":1,"href":"https:\/\/www.smedemokrati.sk\/hu\/wp-json\/wp\/v2\/posts\/6822\/revisions"}],"predecessor-version":[{"id":6824,"href":"https:\/\/www.smedemokrati.sk\/hu\/wp-json\/wp\/v2\/posts\/6822\/revisions\/6824"}],"wp:featuredmedia":[{"embeddable":true,"href":"https:\/\/www.smedemokrati.sk\/hu\/wp-json\/wp\/v2\/media\/6823"}],"wp:attachment":[{"href":"https:\/\/www.smedemokrati.sk\/hu\/wp-json\/wp\/v2\/media?parent=6822"}],"wp:term":[{"taxonomy":"category","embeddable":true,"href":"https:\/\/www.smedemokrati.sk\/hu\/wp-json\/wp\/v2\/categories?post=6822"},{"taxonomy":"post_tag","embeddable":true,"href":"https:\/\/www.smedemokrati.sk\/hu\/wp-json\/wp\/v2\/tags?post=6822"}],"curies":[{"name":"wp","href":"https:\/\/api.w.org\/{rel}","templated":true}]}}