{"id":6771,"date":"2025-03-27T18:17:05","date_gmt":"2025-03-27T17:17:05","guid":{"rendered":"https:\/\/www.smedemokrati.sk\/?p=6771"},"modified":"2025-03-27T18:17:06","modified_gmt":"2025-03-27T17:17:06","slug":"vyzva-prezidentovi-pellegrinimu","status":"publish","type":"post","link":"https:\/\/www.smedemokrati.sk\/hu\/vyzva-prezidentovi-pellegrinimu\/","title":{"rendered":"V\u00fdzva prezidentovi Pellegrinimu"},"content":{"rendered":"<div id=\"fb-root\"><\/div>\n\n<p><em>\u201cVyz\u00fdvame prezidenta Pellegriniho, aby vetoval tzv. \u017dilinkovu do\u017eivotn\u00fa rentu. Nehor\u00e1znych 5 500 eur za 4 roky funkcie je bezprecedentn\u00fd v\u00fdsmech v\u0161etk\u00fdm \u013eu\u010fom. Na Slovensku je na hranici chudoby 1 000 000 \u013eud\u00ed a \u0161t\u00e1t rozd\u00e1va peniaze \u00faradn\u00edkovi, ktor\u00fd ma slu\u0161n\u00fd plat. Tento n\u00e1vrh pova\u017eujeme za politick\u00fd \u00faplatok a vonkoncom nie syst\u00e9mov\u00e9 rie\u0161enie. Ak prezident Pellegrini to\u013eko hovor\u00ed o soci\u00e1lnom \u0161t\u00e1te a solidarite, teraz je \u010das, aby ju uk\u00e1zal aj v praxi. Tento z\u00e1kon je v \u010dase konsolid\u00e1cie amor\u00e1lny p\u013euvanec do tv\u00e1re ob\u010danom  Opakovane vyz\u00fdvame prezidenta Pellegriniho, aby vetoval tento zl\u00fd doslova politick\u00fd \u00faplatok, ktor\u00fd zaplatia v\u0161etci ob\u010dania.\u201d<\/em> hovor\u00ed podpredseda strany Juraj \u0160eliga.<\/p>\n","protected":false},"excerpt":{"rendered":"<p>\u201cVyz\u00fdvame prezidenta Pellegriniho, aby vetoval tzv. \u017dilinkovu do\u017eivotn\u00fa rentu. Nehor\u00e1znych 5 500 eur za 4 roky funkcie je bezprecedentn\u00fd v\u00fdsmech v\u0161etk\u00fdm \u013eu\u010fom. Na Slovensku je na hranici chudoby 1 000 000 \u013eud\u00ed a \u0161t\u00e1t rozd\u00e1va peniaze \u00faradn\u00edkovi, ktor\u00fd ma slu\u0161n\u00fd plat. Tento n\u00e1vrh pova\u017eujeme za politick\u00fd \u00faplatok a vonkoncom nie syst\u00e9mov\u00e9 rie\u0161enie. Ak prezident Pellegrini [&hellip;]<\/p>\n","protected":false},"author":13,"featured_media":6773,"comment_status":"closed","ping_status":"closed","sticky":false,"template":"","format":"standard","meta":{"_acf_changed":false,"ngg_post_thumbnail":0,"footnotes":""},"categories":[11],"tags":[],"class_list":["post-6771","post","type-post","status-publish","format-standard","has-post-thumbnail","hentry","category-vyhlasenia"],"acf":[],"yoast_head":"<!-- This site is optimized with the Yoast SEO plugin v27.2 - https:\/\/yoast.com\/product\/yoast-seo-wordpress\/ -->\n<title>V\u00fdzva prezidentovi Pellegrinimu<\/title>\n<meta name=\"robots\" content=\"index, follow, max-snippet:-1, max-image-preview:large, max-video-preview:-1\" \/>\n<link rel=\"canonical\" href=\"https:\/\/www.smedemokrati.sk\/hu\/vyzva-prezidentovi-pellegrinimu\/\" \/>\n<meta property=\"og:locale\" content=\"hu_HU\" \/>\n<meta property=\"og:locale:alternate\" content=\"en_US\" \/>\n<meta property=\"og:locale:alternate\" content=\"cs_CZ\" \/>\n<meta property=\"og:locale:alternate\" content=\"sk_SK\" \/>\n<meta property=\"og:locale:alternate\" content=\"sv_SE\" \/>\n<meta property=\"og:type\" content=\"article\" \/>\n<meta property=\"og:title\" content=\"V\u00fdzva prezidentovi Pellegrinimu\" \/>\n<meta property=\"og:description\" content=\"\u201cVyz\u00fdvame prezidenta Pellegriniho, aby vetoval tzv. \u017dilinkovu do\u017eivotn\u00fa rentu. Nehor\u00e1znych 5 500 eur za 4 roky funkcie je bezprecedentn\u00fd v\u00fdsmech v\u0161etk\u00fdm \u013eu\u010fom. Na Slovensku je na hranici chudoby 1 000 000 \u013eud\u00ed a \u0161t\u00e1t rozd\u00e1va peniaze \u00faradn\u00edkovi, ktor\u00fd ma slu\u0161n\u00fd plat. Tento n\u00e1vrh pova\u017eujeme za politick\u00fd \u00faplatok a vonkoncom nie syst\u00e9mov\u00e9 rie\u0161enie. Ak prezident Pellegrini [&hellip;]\" \/>\n<meta property=\"og:url\" content=\"https:\/\/www.smedemokrati.sk\/hu\/vyzva-prezidentovi-pellegrinimu\/\" \/>\n<meta property=\"og:site_name\" content=\"Smedemokrati.sk\" \/>\n<meta property=\"article:publisher\" content=\"https:\/\/www.facebook.com\/smedemokrati2023\" \/>\n<meta property=\"article:published_time\" content=\"2025-03-27T17:17:05+00:00\" \/>\n<meta property=\"article:modified_time\" content=\"2025-03-27T17:17:06+00:00\" \/>\n<meta property=\"og:image\" content=\"https:\/\/www.smedemokrati.sk\/wp-content\/uploads\/2025\/03\/Standarda_prezidenta_SR12022009-1.jpg\" \/>\n\t<meta property=\"og:image:width\" content=\"922\" \/>\n\t<meta property=\"og:image:height\" content=\"1024\" \/>\n\t<meta property=\"og:image:type\" content=\"image\/jpeg\" \/>\n<meta name=\"author\" content=\"miro.sopko\" \/>\n<meta name=\"twitter:card\" content=\"summary_large_image\" \/>\n<meta name=\"twitter:label1\" content=\"Szerz\u0151:\" \/>\n\t<meta name=\"twitter:data1\" content=\"miro.sopko\" \/>\n\t<meta name=\"twitter:label2\" content=\"Becs\u00fclt olvas\u00e1si id\u0151\" \/>\n\t<meta name=\"twitter:data2\" content=\"1 perc\" \/>\n<script type=\"application\/ld+json\" class=\"yoast-schema-graph\">{\"@context\":\"https:\/\/schema.org\",\"@graph\":[{\"@type\":\"Article\",\"@id\":\"https:\/\/www.smedemokrati.sk\/vyzva-prezidentovi-pellegrinimu\/#article\",\"isPartOf\":{\"@id\":\"https:\/\/www.smedemokrati.sk\/vyzva-prezidentovi-pellegrinimu\/\"},\"author\":{\"name\":\"miro.sopko\",\"@id\":\"https:\/\/www.smedemokrati.sk\/#\/schema\/person\/21f147c88d605aa7ded900e1e7c344ba\"},\"headline\":\"V\u00fdzva prezidentovi Pellegrinimu\",\"datePublished\":\"2025-03-27T17:17:05+00:00\",\"dateModified\":\"2025-03-27T17:17:06+00:00\",\"mainEntityOfPage\":{\"@id\":\"https:\/\/www.smedemokrati.sk\/vyzva-prezidentovi-pellegrinimu\/\"},\"wordCount\":130,\"publisher\":{\"@id\":\"https:\/\/www.smedemokrati.sk\/#organization\"},\"image\":{\"@id\":\"https:\/\/www.smedemokrati.sk\/vyzva-prezidentovi-pellegrinimu\/#primaryimage\"},\"thumbnailUrl\":\"https:\/\/www.smedemokrati.sk\/wp-content\/uploads\/2025\/03\/Standarda_prezidenta_SR12022009-1.jpg\",\"articleSection\":[\"Vyhl\u00e1senia\"],\"inLanguage\":\"hu-HU\"},{\"@type\":\"WebPage\",\"@id\":\"https:\/\/www.smedemokrati.sk\/vyzva-prezidentovi-pellegrinimu\/\",\"url\":\"https:\/\/www.smedemokrati.sk\/vyzva-prezidentovi-pellegrinimu\/\",\"name\":\"V\u00fdzva prezidentovi Pellegrinimu\",\"isPartOf\":{\"@id\":\"https:\/\/www.smedemokrati.sk\/#website\"},\"primaryImageOfPage\":{\"@id\":\"https:\/\/www.smedemokrati.sk\/vyzva-prezidentovi-pellegrinimu\/#primaryimage\"},\"image\":{\"@id\":\"https:\/\/www.smedemokrati.sk\/vyzva-prezidentovi-pellegrinimu\/#primaryimage\"},\"thumbnailUrl\":\"https:\/\/www.smedemokrati.sk\/wp-content\/uploads\/2025\/03\/Standarda_prezidenta_SR12022009-1.jpg\",\"datePublished\":\"2025-03-27T17:17:05+00:00\",\"dateModified\":\"2025-03-27T17:17:06+00:00\",\"breadcrumb\":{\"@id\":\"https:\/\/www.smedemokrati.sk\/vyzva-prezidentovi-pellegrinimu\/#breadcrumb\"},\"inLanguage\":\"hu-HU\",\"potentialAction\":[{\"@type\":\"ReadAction\",\"target\":[\"https:\/\/www.smedemokrati.sk\/vyzva-prezidentovi-pellegrinimu\/\"]}]},{\"@type\":\"ImageObject\",\"inLanguage\":\"hu-HU\",\"@id\":\"https:\/\/www.smedemokrati.sk\/vyzva-prezidentovi-pellegrinimu\/#primaryimage\",\"url\":\"https:\/\/www.smedemokrati.sk\/wp-content\/uploads\/2025\/03\/Standarda_prezidenta_SR12022009-1.jpg\",\"contentUrl\":\"https:\/\/www.smedemokrati.sk\/wp-content\/uploads\/2025\/03\/Standarda_prezidenta_SR12022009-1.jpg\",\"width\":922,\"height\":1024},{\"@type\":\"BreadcrumbList\",\"@id\":\"https:\/\/www.smedemokrati.sk\/vyzva-prezidentovi-pellegrinimu\/#breadcrumb\",\"itemListElement\":[{\"@type\":\"ListItem\",\"position\":1,\"name\":\"Domovsk\u00e1 str\u00e1nka\",\"item\":\"https:\/\/www.smedemokrati.sk\/\"},{\"@type\":\"ListItem\",\"position\":2,\"name\":\"V\u00fdzva prezidentovi Pellegrinimu\"}]},{\"@type\":\"WebSite\",\"@id\":\"https:\/\/www.smedemokrati.sk\/#website\",\"url\":\"https:\/\/www.smedemokrati.sk\/\",\"name\":\"Smedemokrati.sk\",\"description\":\"Demokracia a slu\u0161nos\u0165 zv\u00ed\u0165az\u00ed\",\"publisher\":{\"@id\":\"https:\/\/www.smedemokrati.sk\/#organization\"},\"potentialAction\":[{\"@type\":\"SearchAction\",\"target\":{\"@type\":\"EntryPoint\",\"urlTemplate\":\"https:\/\/www.smedemokrati.sk\/?s={search_term_string}\"},\"query-input\":{\"@type\":\"PropertyValueSpecification\",\"valueRequired\":true,\"valueName\":\"search_term_string\"}}],\"inLanguage\":\"hu-HU\"},{\"@type\":\"Organization\",\"@id\":\"https:\/\/www.smedemokrati.sk\/#organization\",\"name\":\"Smedemokrati.sk\",\"url\":\"https:\/\/www.smedemokrati.sk\/\",\"logo\":{\"@type\":\"ImageObject\",\"inLanguage\":\"hu-HU\",\"@id\":\"https:\/\/www.smedemokrati.sk\/#\/schema\/logo\/image\/\",\"url\":\"https:\/\/www.smedemokrati.sk\/wp-content\/uploads\/2023\/04\/ff.002.jpeg\",\"contentUrl\":\"https:\/\/www.smedemokrati.sk\/wp-content\/uploads\/2023\/04\/ff.002.jpeg\",\"width\":640,\"height\":480,\"caption\":\"Smedemokrati.sk\"},\"image\":{\"@id\":\"https:\/\/www.smedemokrati.sk\/#\/schema\/logo\/image\/\"},\"sameAs\":[\"https:\/\/www.facebook.com\/smedemokrati2023\"]},{\"@type\":\"Person\",\"@id\":\"https:\/\/www.smedemokrati.sk\/#\/schema\/person\/21f147c88d605aa7ded900e1e7c344ba\",\"name\":\"miro.sopko\",\"image\":{\"@type\":\"ImageObject\",\"inLanguage\":\"hu-HU\",\"@id\":\"https:\/\/secure.gravatar.com\/avatar\/267e4a36f704376c109afe3a78740c1f5dd8675a2180a908699e7863c9247606?s=96&d=mm&r=g\",\"url\":\"https:\/\/secure.gravatar.com\/avatar\/267e4a36f704376c109afe3a78740c1f5dd8675a2180a908699e7863c9247606?s=96&d=mm&r=g\",\"contentUrl\":\"https:\/\/secure.gravatar.com\/avatar\/267e4a36f704376c109afe3a78740c1f5dd8675a2180a908699e7863c9247606?s=96&d=mm&r=g\",\"caption\":\"miro.sopko\"},\"url\":\"https:\/\/www.smedemokrati.sk\/hu\/author\/miro-sopko\/\"}]}<\/script>\n<!-- \/ Yoast SEO plugin. -->","yoast_head_json":{"title":"V\u00fdzva prezidentovi Pellegrinimu","robots":{"index":"index","follow":"follow","max-snippet":"max-snippet:-1","max-image-preview":"max-image-preview:large","max-video-preview":"max-video-preview:-1"},"canonical":"https:\/\/www.smedemokrati.sk\/hu\/vyzva-prezidentovi-pellegrinimu\/","og_locale":"hu_HU","og_type":"article","og_title":"[:sk]V\u00fdzva prezidentovi Pellegrinimu[:] - Smedemokrati.sk","og_description":"\u201cVyz\u00fdvame prezidenta Pellegriniho, aby vetoval tzv. \u017dilinkovu do\u017eivotn\u00fa rentu. Nehor\u00e1znych 5 500 eur za 4 roky funkcie je bezprecedentn\u00fd v\u00fdsmech v\u0161etk\u00fdm \u013eu\u010fom. Na Slovensku je na hranici chudoby 1 000 000 \u013eud\u00ed a \u0161t\u00e1t rozd\u00e1va peniaze \u00faradn\u00edkovi, ktor\u00fd ma slu\u0161n\u00fd plat. Tento n\u00e1vrh pova\u017eujeme za politick\u00fd \u00faplatok a vonkoncom nie syst\u00e9mov\u00e9 rie\u0161enie. Ak prezident Pellegrini [&hellip;]","og_url":"https:\/\/www.smedemokrati.sk\/hu\/vyzva-prezidentovi-pellegrinimu\/","og_site_name":"Smedemokrati.sk","article_publisher":"https:\/\/www.facebook.com\/smedemokrati2023","article_published_time":"2025-03-27T17:17:05+00:00","article_modified_time":"2025-03-27T17:17:06+00:00","og_image":[{"width":922,"height":1024,"url":"https:\/\/www.smedemokrati.sk\/wp-content\/uploads\/2025\/03\/Standarda_prezidenta_SR12022009-1.jpg","type":"image\/jpeg"}],"author":"miro.sopko","twitter_card":"summary_large_image","twitter_misc":{"Szerz\u0151:":"miro.sopko","Becs\u00fclt olvas\u00e1si id\u0151":"1 perc"},"schema":{"@context":"https:\/\/schema.org","@graph":[{"@type":"Article","@id":"https:\/\/www.smedemokrati.sk\/vyzva-prezidentovi-pellegrinimu\/#article","isPartOf":{"@id":"https:\/\/www.smedemokrati.sk\/vyzva-prezidentovi-pellegrinimu\/"},"author":{"name":"miro.sopko","@id":"https:\/\/www.smedemokrati.sk\/#\/schema\/person\/21f147c88d605aa7ded900e1e7c344ba"},"headline":"V\u00fdzva prezidentovi Pellegrinimu","datePublished":"2025-03-27T17:17:05+00:00","dateModified":"2025-03-27T17:17:06+00:00","mainEntityOfPage":{"@id":"https:\/\/www.smedemokrati.sk\/vyzva-prezidentovi-pellegrinimu\/"},"wordCount":130,"publisher":{"@id":"https:\/\/www.smedemokrati.sk\/#organization"},"image":{"@id":"https:\/\/www.smedemokrati.sk\/vyzva-prezidentovi-pellegrinimu\/#primaryimage"},"thumbnailUrl":"https:\/\/www.smedemokrati.sk\/wp-content\/uploads\/2025\/03\/Standarda_prezidenta_SR12022009-1.jpg","articleSection":["Vyhl\u00e1senia"],"inLanguage":"hu-HU"},{"@type":"WebPage","@id":"https:\/\/www.smedemokrati.sk\/vyzva-prezidentovi-pellegrinimu\/","url":"https:\/\/www.smedemokrati.sk\/vyzva-prezidentovi-pellegrinimu\/","name":"V\u00fdzva prezidentovi Pellegrinimu","isPartOf":{"@id":"https:\/\/www.smedemokrati.sk\/#website"},"primaryImageOfPage":{"@id":"https:\/\/www.smedemokrati.sk\/vyzva-prezidentovi-pellegrinimu\/#primaryimage"},"image":{"@id":"https:\/\/www.smedemokrati.sk\/vyzva-prezidentovi-pellegrinimu\/#primaryimage"},"thumbnailUrl":"https:\/\/www.smedemokrati.sk\/wp-content\/uploads\/2025\/03\/Standarda_prezidenta_SR12022009-1.jpg","datePublished":"2025-03-27T17:17:05+00:00","dateModified":"2025-03-27T17:17:06+00:00","breadcrumb":{"@id":"https:\/\/www.smedemokrati.sk\/vyzva-prezidentovi-pellegrinimu\/#breadcrumb"},"inLanguage":"hu-HU","potentialAction":[{"@type":"ReadAction","target":["https:\/\/www.smedemokrati.sk\/vyzva-prezidentovi-pellegrinimu\/"]}]},{"@type":"ImageObject","inLanguage":"hu-HU","@id":"https:\/\/www.smedemokrati.sk\/vyzva-prezidentovi-pellegrinimu\/#primaryimage","url":"https:\/\/www.smedemokrati.sk\/wp-content\/uploads\/2025\/03\/Standarda_prezidenta_SR12022009-1.jpg","contentUrl":"https:\/\/www.smedemokrati.sk\/wp-content\/uploads\/2025\/03\/Standarda_prezidenta_SR12022009-1.jpg","width":922,"height":1024},{"@type":"BreadcrumbList","@id":"https:\/\/www.smedemokrati.sk\/vyzva-prezidentovi-pellegrinimu\/#breadcrumb","itemListElement":[{"@type":"ListItem","position":1,"name":"Domovsk\u00e1 str\u00e1nka","item":"https:\/\/www.smedemokrati.sk\/"},{"@type":"ListItem","position":2,"name":"V\u00fdzva prezidentovi Pellegrinimu"}]},{"@type":"WebSite","@id":"https:\/\/www.smedemokrati.sk\/#website","url":"https:\/\/www.smedemokrati.sk\/","name":"Smedemokrati.sk","description":"Demokracia a slu\u0161nos\u0165 zv\u00ed\u0165az\u00ed","publisher":{"@id":"https:\/\/www.smedemokrati.sk\/#organization"},"potentialAction":[{"@type":"SearchAction","target":{"@type":"EntryPoint","urlTemplate":"https:\/\/www.smedemokrati.sk\/?s={search_term_string}"},"query-input":{"@type":"PropertyValueSpecification","valueRequired":true,"valueName":"search_term_string"}}],"inLanguage":"hu-HU"},{"@type":"Organization","@id":"https:\/\/www.smedemokrati.sk\/#organization","name":"Smedemokrati.sk","url":"https:\/\/www.smedemokrati.sk\/","logo":{"@type":"ImageObject","inLanguage":"hu-HU","@id":"https:\/\/www.smedemokrati.sk\/#\/schema\/logo\/image\/","url":"https:\/\/www.smedemokrati.sk\/wp-content\/uploads\/2023\/04\/ff.002.jpeg","contentUrl":"https:\/\/www.smedemokrati.sk\/wp-content\/uploads\/2023\/04\/ff.002.jpeg","width":640,"height":480,"caption":"Smedemokrati.sk"},"image":{"@id":"https:\/\/www.smedemokrati.sk\/#\/schema\/logo\/image\/"},"sameAs":["https:\/\/www.facebook.com\/smedemokrati2023"]},{"@type":"Person","@id":"https:\/\/www.smedemokrati.sk\/#\/schema\/person\/21f147c88d605aa7ded900e1e7c344ba","name":"miro.sopko","image":{"@type":"ImageObject","inLanguage":"hu-HU","@id":"https:\/\/secure.gravatar.com\/avatar\/267e4a36f704376c109afe3a78740c1f5dd8675a2180a908699e7863c9247606?s=96&d=mm&r=g","url":"https:\/\/secure.gravatar.com\/avatar\/267e4a36f704376c109afe3a78740c1f5dd8675a2180a908699e7863c9247606?s=96&d=mm&r=g","contentUrl":"https:\/\/secure.gravatar.com\/avatar\/267e4a36f704376c109afe3a78740c1f5dd8675a2180a908699e7863c9247606?s=96&d=mm&r=g","caption":"miro.sopko"},"url":"https:\/\/www.smedemokrati.sk\/hu\/author\/miro-sopko\/"}]}},"_links":{"self":[{"href":"https:\/\/www.smedemokrati.sk\/hu\/wp-json\/wp\/v2\/posts\/6771","targetHints":{"allow":["GET"]}}],"collection":[{"href":"https:\/\/www.smedemokrati.sk\/hu\/wp-json\/wp\/v2\/posts"}],"about":[{"href":"https:\/\/www.smedemokrati.sk\/hu\/wp-json\/wp\/v2\/types\/post"}],"author":[{"embeddable":true,"href":"https:\/\/www.smedemokrati.sk\/hu\/wp-json\/wp\/v2\/users\/13"}],"replies":[{"embeddable":true,"href":"https:\/\/www.smedemokrati.sk\/hu\/wp-json\/wp\/v2\/comments?post=6771"}],"version-history":[{"count":1,"href":"https:\/\/www.smedemokrati.sk\/hu\/wp-json\/wp\/v2\/posts\/6771\/revisions"}],"predecessor-version":[{"id":6774,"href":"https:\/\/www.smedemokrati.sk\/hu\/wp-json\/wp\/v2\/posts\/6771\/revisions\/6774"}],"wp:featuredmedia":[{"embeddable":true,"href":"https:\/\/www.smedemokrati.sk\/hu\/wp-json\/wp\/v2\/media\/6773"}],"wp:attachment":[{"href":"https:\/\/www.smedemokrati.sk\/hu\/wp-json\/wp\/v2\/media?parent=6771"}],"wp:term":[{"taxonomy":"category","embeddable":true,"href":"https:\/\/www.smedemokrati.sk\/hu\/wp-json\/wp\/v2\/categories?post=6771"},{"taxonomy":"post_tag","embeddable":true,"href":"https:\/\/www.smedemokrati.sk\/hu\/wp-json\/wp\/v2\/tags?post=6771"}],"curies":[{"name":"wp","href":"https:\/\/api.w.org\/{rel}","templated":true}]}}