{"id":6767,"date":"2025-03-27T15:29:14","date_gmt":"2025-03-27T14:29:14","guid":{"rendered":"https:\/\/www.smedemokrati.sk\/?p=6767"},"modified":"2025-03-27T15:29:16","modified_gmt":"2025-03-27T14:29:16","slug":"tvrda-rana-pre-slovensko-trumpove-cla-ohrozuju-desattisice-pracovnych-miest-vlada-neurobila-nic","status":"publish","type":"post","link":"https:\/\/www.smedemokrati.sk\/hu\/tvrda-rana-pre-slovensko-trumpove-cla-ohrozuju-desattisice-pracovnych-miest-vlada-neurobila-nic\/","title":{"rendered":"Tvrd\u00e1 rana pre Slovensko: Trumpove cl\u00e1 ohrozuj\u00fa desa\u0165tis\u00edce pracovn\u00fdch miest. Vl\u00e1da neurobila ni\u010d"},"content":{"rendered":"<div id=\"fb-root\"><\/div>\n\n<p><strong>Strana Demokrati d\u00f4razne upozor\u0148uje na v\u00e1\u017ene dopady rozhodnutia americk\u00e9ho prezidenta Donalda Trumpa zavies\u0165 25 % clo na dovoz v\u0161etk\u00fdch automobilov a s\u00fa\u010diastok do USA. Tento krok, ktor\u00fd nadobudne platnos\u0165 u\u017e bud\u00facu stredu, bude ma\u0165 na Slovensko katastrof\u00e1lny dopad. Ohrozen\u00fdch je a\u017e 20-tis\u00edc pracovn\u00fdch miest a jeden z k\u013e\u00fa\u010dov\u00fdch pilierov na\u0161ej ekonomiky.<\/strong><\/p>\n\n\n\n<p><em>\u201eStalo sa presne to, pred \u010d\u00edm sme varovali. A vl\u00e1da Roberta Fica neurobila ni\u010d. Namiesto rokovan\u00ed s americkou administrat\u00edvou \u010di obhajoby slovensk\u00fdch z\u00e1ujmov si premi\u00e9r robil fotky s Elonom Muskom. V\u00fdsledok? Slovensko sa r\u00fati do kr\u00edzy a automobilov\u00fd priemysel, ktor\u00fd tvor\u00ed 13 % n\u00e1\u0161ho HDP, m\u00f4\u017ee skon\u010di\u0165 na kolen\u00e1ch,\u201c<\/em>&nbsp;vyhl\u00e1sil Jaroslav Na\u010f, predseda strany Demokrati.<\/p>\n\n\n\n<p>Slovensko je pod\u013ea dostupn\u00fdch d\u00e1t najviac z\u00e1vislou krajinou v E\u00da od exportu automobilov do USA. A\u017e 87 % n\u00e1\u0161ho v\u00fdvozu do Spojen\u00fdch \u0161t\u00e1tov tvoria vozidl\u00e1 \u2013 ich hodnota presiahla 3,6 miliardy eur. Najv\u00e4\u010d\u0161\u00edm v\u00fdvozcom je Volkswagen, z ktor\u00e9ho bratislavskej fabriky smeruje ka\u017ed\u00e9 \u0161tvrt\u00e9 auto pr\u00e1ve na americk\u00fd trh.<\/p>\n\n\n\n<p><em>\u201ePremi\u00e9r zodpoved\u00e1 za ka\u017ed\u00fd jeden sektor. Namiesto rie\u0161enia ekonomick\u00fdch hrozieb sa ale venoval populistick\u00fdm gest\u00e1m. \u010cel\u00edme v\u00e1\u017enej hrozbe pre ekonomiku, pracovn\u00e9 miesta aj verejn\u00e9 financie. Pr\u00ednos jeho zahrani\u010dn\u00fdch ciest sa rovn\u00e1 nule,\u201c&nbsp;<\/em>dod\u00e1va Na\u010f.<\/p>\n\n\n\n<p>Eduard Heger, b\u00fdval\u00fd predseda vl\u00e1dy a podpredseda Demokratov, vyz\u00fdva na okam\u017eit\u00e9 kroky zo strany premi\u00e9ra Roberta Fica i eurokomis\u00e1ra Maro\u0161a \u0160ef\u010dovi\u010da, ktor\u00fd v Bruseli zastupuje z\u00e1ujmy Slovenska aj celej \u00danie.<\/p>\n\n\n\n<p><em>\u201eNie je \u010das na ot\u00e1\u013eanie. U\u017e t\u00fd\u017edne upozor\u0148ujeme, \u017ee tieto cl\u00e1 bud\u00fa ma\u0165 devasta\u010dn\u00e9 d\u00f4sledky pre slovensk\u00fa ekonomiku. Robert Fico \u00faplne zaspal, mesiace sa venuje pre Slovensko nepodstatn\u00fdm veciam a to najd\u00f4le\u017eitej\u0161ie, automobilov\u00fd priemysel &#8211; chrbtov\u00fa kos\u0165 na\u0161ej ekonomiky, op\u00e4\u0165 ignoroval. O\u010dak\u00e1vam, \u017ee on i jeho nominant eurokomis\u00e1r \u0160ef\u010dovi\u010d zaujm\u00fa jasn\u00fd postoj a bud\u00fa akt\u00edvne presadzova\u0165 opatrenia na ochranu slovenskej ekonomiky.\u201c<\/em>&nbsp;Uviedol Heger.<\/p>\n\n\n\n<p>Demokrati z\u00e1rove\u0148 apeluj\u00fa na vl\u00e1du, aby prestala zhor\u0161ova\u0165 podnikate\u013esk\u00e9 prostredie zvy\u0161ovan\u00edm dan\u00ed a za\u0165a\u017eovan\u00edm firiem, ktor\u00e9 u\u017e aj bez toho \u010delia historick\u00fdm v\u00fdzvam.<\/p>\n","protected":false},"excerpt":{"rendered":"<p>Strana Demokrati d\u00f4razne upozor\u0148uje na v\u00e1\u017ene dopady rozhodnutia americk\u00e9ho prezidenta Donalda Trumpa zavies\u0165 25 % clo na dovoz v\u0161etk\u00fdch automobilov a s\u00fa\u010diastok do USA. Tento krok, ktor\u00fd nadobudne platnos\u0165 u\u017e bud\u00facu stredu, bude ma\u0165 na Slovensko katastrof\u00e1lny dopad. Ohrozen\u00fdch je a\u017e 20-tis\u00edc pracovn\u00fdch miest a jeden z k\u013e\u00fa\u010dov\u00fdch pilierov na\u0161ej ekonomiky. \u201eStalo sa presne to, [&hellip;]<\/p>\n","protected":false},"author":13,"featured_media":6768,"comment_status":"closed","ping_status":"closed","sticky":false,"template":"","format":"standard","meta":{"_acf_changed":false,"ngg_post_thumbnail":0,"footnotes":""},"categories":[4],"tags":[],"class_list":["post-6767","post","type-post","status-publish","format-standard","has-post-thumbnail","hentry","category-tlacove-spravy"],"acf":[],"yoast_head":"<!-- This site is optimized with the Yoast SEO plugin v27.2 - https:\/\/yoast.com\/product\/yoast-seo-wordpress\/ -->\n<title>Tvrd\u00e1 rana pre Slovensko: Trumpove cl\u00e1 ohrozuj\u00fa desa\u0165tis\u00edce pracovn\u00fdch miest. Vl\u00e1da neurobila ni\u010d<\/title>\n<meta name=\"robots\" content=\"index, follow, max-snippet:-1, max-image-preview:large, max-video-preview:-1\" \/>\n<link rel=\"canonical\" href=\"https:\/\/www.smedemokrati.sk\/hu\/tvrda-rana-pre-slovensko-trumpove-cla-ohrozuju-desattisice-pracovnych-miest-vlada-neurobila-nic\/\" \/>\n<meta property=\"og:locale\" content=\"hu_HU\" \/>\n<meta property=\"og:locale:alternate\" content=\"en_US\" \/>\n<meta property=\"og:locale:alternate\" content=\"cs_CZ\" \/>\n<meta property=\"og:locale:alternate\" content=\"sk_SK\" \/>\n<meta property=\"og:locale:alternate\" content=\"sv_SE\" \/>\n<meta property=\"og:type\" content=\"article\" \/>\n<meta property=\"og:title\" content=\"Tvrd\u00e1 rana pre Slovensko: Trumpove cl\u00e1 ohrozuj\u00fa desa\u0165tis\u00edce pracovn\u00fdch miest. Vl\u00e1da neurobila ni\u010d\" \/>\n<meta property=\"og:description\" content=\"Strana Demokrati d\u00f4razne upozor\u0148uje na v\u00e1\u017ene dopady rozhodnutia americk\u00e9ho prezidenta Donalda Trumpa zavies\u0165 25 % clo na dovoz v\u0161etk\u00fdch automobilov a s\u00fa\u010diastok do USA. Tento krok, ktor\u00fd nadobudne platnos\u0165 u\u017e bud\u00facu stredu, bude ma\u0165 na Slovensko katastrof\u00e1lny dopad. Ohrozen\u00fdch je a\u017e 20-tis\u00edc pracovn\u00fdch miest a jeden z k\u013e\u00fa\u010dov\u00fdch pilierov na\u0161ej ekonomiky. \u201eStalo sa presne to, [&hellip;]\" \/>\n<meta property=\"og:url\" content=\"https:\/\/www.smedemokrati.sk\/hu\/tvrda-rana-pre-slovensko-trumpove-cla-ohrozuju-desattisice-pracovnych-miest-vlada-neurobila-nic\/\" \/>\n<meta property=\"og:site_name\" content=\"Smedemokrati.sk\" \/>\n<meta property=\"article:publisher\" content=\"https:\/\/www.facebook.com\/smedemokrati2023\" \/>\n<meta property=\"article:published_time\" content=\"2025-03-27T14:29:14+00:00\" \/>\n<meta property=\"article:modified_time\" content=\"2025-03-27T14:29:16+00:00\" \/>\n<meta property=\"og:image\" content=\"https:\/\/www.smedemokrati.sk\/wp-content\/uploads\/2025\/03\/2025-01-29T033047Z_2106871136_MT1USATODAY25288518_RTRMADP_3_ON-INAUGURATION-DAY-PRESIDENT-DONALD-TRUMP-SIGNS-EXECUTIVE-1.webp\" \/>\n\t<meta property=\"og:image:width\" content=\"1500\" \/>\n\t<meta property=\"og:image:height\" content=\"1000\" \/>\n\t<meta property=\"og:image:type\" content=\"image\/webp\" \/>\n<meta name=\"author\" content=\"miro.sopko\" \/>\n<meta name=\"twitter:card\" content=\"summary_large_image\" \/>\n<meta name=\"twitter:label1\" content=\"Szerz\u0151:\" \/>\n\t<meta name=\"twitter:data1\" content=\"miro.sopko\" \/>\n\t<meta name=\"twitter:label2\" content=\"Becs\u00fclt olvas\u00e1si id\u0151\" \/>\n\t<meta name=\"twitter:data2\" content=\"2 perc\" \/>\n<script type=\"application\/ld+json\" class=\"yoast-schema-graph\">{\"@context\":\"https:\/\/schema.org\",\"@graph\":[{\"@type\":\"Article\",\"@id\":\"https:\/\/www.smedemokrati.sk\/tvrda-rana-pre-slovensko-trumpove-cla-ohrozuju-desattisice-pracovnych-miest-vlada-neurobila-nic\/#article\",\"isPartOf\":{\"@id\":\"https:\/\/www.smedemokrati.sk\/tvrda-rana-pre-slovensko-trumpove-cla-ohrozuju-desattisice-pracovnych-miest-vlada-neurobila-nic\/\"},\"author\":{\"name\":\"miro.sopko\",\"@id\":\"https:\/\/www.smedemokrati.sk\/#\/schema\/person\/21f147c88d605aa7ded900e1e7c344ba\"},\"headline\":\"Tvrd\u00e1 rana pre Slovensko: Trumpove cl\u00e1 ohrozuj\u00fa desa\u0165tis\u00edce pracovn\u00fdch miest. Vl\u00e1da neurobila ni\u010d\",\"datePublished\":\"2025-03-27T14:29:14+00:00\",\"dateModified\":\"2025-03-27T14:29:16+00:00\",\"mainEntityOfPage\":{\"@id\":\"https:\/\/www.smedemokrati.sk\/tvrda-rana-pre-slovensko-trumpove-cla-ohrozuju-desattisice-pracovnych-miest-vlada-neurobila-nic\/\"},\"wordCount\":407,\"publisher\":{\"@id\":\"https:\/\/www.smedemokrati.sk\/#organization\"},\"image\":{\"@id\":\"https:\/\/www.smedemokrati.sk\/tvrda-rana-pre-slovensko-trumpove-cla-ohrozuju-desattisice-pracovnych-miest-vlada-neurobila-nic\/#primaryimage\"},\"thumbnailUrl\":\"https:\/\/www.smedemokrati.sk\/wp-content\/uploads\/2025\/03\/2025-01-29T033047Z_2106871136_MT1USATODAY25288518_RTRMADP_3_ON-INAUGURATION-DAY-PRESIDENT-DONALD-TRUMP-SIGNS-EXECUTIVE-1.webp\",\"articleSection\":[\"Tla\u010dov\u00e9 spr\u00e1vy\"],\"inLanguage\":\"hu-HU\"},{\"@type\":\"WebPage\",\"@id\":\"https:\/\/www.smedemokrati.sk\/tvrda-rana-pre-slovensko-trumpove-cla-ohrozuju-desattisice-pracovnych-miest-vlada-neurobila-nic\/\",\"url\":\"https:\/\/www.smedemokrati.sk\/tvrda-rana-pre-slovensko-trumpove-cla-ohrozuju-desattisice-pracovnych-miest-vlada-neurobila-nic\/\",\"name\":\"Tvrd\u00e1 rana pre Slovensko: Trumpove cl\u00e1 ohrozuj\u00fa desa\u0165tis\u00edce pracovn\u00fdch miest. Vl\u00e1da neurobila ni\u010d\",\"isPartOf\":{\"@id\":\"https:\/\/www.smedemokrati.sk\/#website\"},\"primaryImageOfPage\":{\"@id\":\"https:\/\/www.smedemokrati.sk\/tvrda-rana-pre-slovensko-trumpove-cla-ohrozuju-desattisice-pracovnych-miest-vlada-neurobila-nic\/#primaryimage\"},\"image\":{\"@id\":\"https:\/\/www.smedemokrati.sk\/tvrda-rana-pre-slovensko-trumpove-cla-ohrozuju-desattisice-pracovnych-miest-vlada-neurobila-nic\/#primaryimage\"},\"thumbnailUrl\":\"https:\/\/www.smedemokrati.sk\/wp-content\/uploads\/2025\/03\/2025-01-29T033047Z_2106871136_MT1USATODAY25288518_RTRMADP_3_ON-INAUGURATION-DAY-PRESIDENT-DONALD-TRUMP-SIGNS-EXECUTIVE-1.webp\",\"datePublished\":\"2025-03-27T14:29:14+00:00\",\"dateModified\":\"2025-03-27T14:29:16+00:00\",\"breadcrumb\":{\"@id\":\"https:\/\/www.smedemokrati.sk\/tvrda-rana-pre-slovensko-trumpove-cla-ohrozuju-desattisice-pracovnych-miest-vlada-neurobila-nic\/#breadcrumb\"},\"inLanguage\":\"hu-HU\",\"potentialAction\":[{\"@type\":\"ReadAction\",\"target\":[\"https:\/\/www.smedemokrati.sk\/tvrda-rana-pre-slovensko-trumpove-cla-ohrozuju-desattisice-pracovnych-miest-vlada-neurobila-nic\/\"]}]},{\"@type\":\"ImageObject\",\"inLanguage\":\"hu-HU\",\"@id\":\"https:\/\/www.smedemokrati.sk\/tvrda-rana-pre-slovensko-trumpove-cla-ohrozuju-desattisice-pracovnych-miest-vlada-neurobila-nic\/#primaryimage\",\"url\":\"https:\/\/www.smedemokrati.sk\/wp-content\/uploads\/2025\/03\/2025-01-29T033047Z_2106871136_MT1USATODAY25288518_RTRMADP_3_ON-INAUGURATION-DAY-PRESIDENT-DONALD-TRUMP-SIGNS-EXECUTIVE-1.webp\",\"contentUrl\":\"https:\/\/www.smedemokrati.sk\/wp-content\/uploads\/2025\/03\/2025-01-29T033047Z_2106871136_MT1USATODAY25288518_RTRMADP_3_ON-INAUGURATION-DAY-PRESIDENT-DONALD-TRUMP-SIGNS-EXECUTIVE-1.webp\",\"width\":1500,\"height\":1000},{\"@type\":\"BreadcrumbList\",\"@id\":\"https:\/\/www.smedemokrati.sk\/tvrda-rana-pre-slovensko-trumpove-cla-ohrozuju-desattisice-pracovnych-miest-vlada-neurobila-nic\/#breadcrumb\",\"itemListElement\":[{\"@type\":\"ListItem\",\"position\":1,\"name\":\"Domovsk\u00e1 str\u00e1nka\",\"item\":\"https:\/\/www.smedemokrati.sk\/\"},{\"@type\":\"ListItem\",\"position\":2,\"name\":\"Tvrd\u00e1 rana pre Slovensko: Trumpove cl\u00e1 ohrozuj\u00fa desa\u0165tis\u00edce pracovn\u00fdch miest. Vl\u00e1da neurobila ni\u010d\"}]},{\"@type\":\"WebSite\",\"@id\":\"https:\/\/www.smedemokrati.sk\/#website\",\"url\":\"https:\/\/www.smedemokrati.sk\/\",\"name\":\"Smedemokrati.sk\",\"description\":\"Demokracia a slu\u0161nos\u0165 zv\u00ed\u0165az\u00ed\",\"publisher\":{\"@id\":\"https:\/\/www.smedemokrati.sk\/#organization\"},\"potentialAction\":[{\"@type\":\"SearchAction\",\"target\":{\"@type\":\"EntryPoint\",\"urlTemplate\":\"https:\/\/www.smedemokrati.sk\/?s={search_term_string}\"},\"query-input\":{\"@type\":\"PropertyValueSpecification\",\"valueRequired\":true,\"valueName\":\"search_term_string\"}}],\"inLanguage\":\"hu-HU\"},{\"@type\":\"Organization\",\"@id\":\"https:\/\/www.smedemokrati.sk\/#organization\",\"name\":\"Smedemokrati.sk\",\"url\":\"https:\/\/www.smedemokrati.sk\/\",\"logo\":{\"@type\":\"ImageObject\",\"inLanguage\":\"hu-HU\",\"@id\":\"https:\/\/www.smedemokrati.sk\/#\/schema\/logo\/image\/\",\"url\":\"https:\/\/www.smedemokrati.sk\/wp-content\/uploads\/2023\/04\/ff.002.jpeg\",\"contentUrl\":\"https:\/\/www.smedemokrati.sk\/wp-content\/uploads\/2023\/04\/ff.002.jpeg\",\"width\":640,\"height\":480,\"caption\":\"Smedemokrati.sk\"},\"image\":{\"@id\":\"https:\/\/www.smedemokrati.sk\/#\/schema\/logo\/image\/\"},\"sameAs\":[\"https:\/\/www.facebook.com\/smedemokrati2023\"]},{\"@type\":\"Person\",\"@id\":\"https:\/\/www.smedemokrati.sk\/#\/schema\/person\/21f147c88d605aa7ded900e1e7c344ba\",\"name\":\"miro.sopko\",\"image\":{\"@type\":\"ImageObject\",\"inLanguage\":\"hu-HU\",\"@id\":\"https:\/\/secure.gravatar.com\/avatar\/267e4a36f704376c109afe3a78740c1f5dd8675a2180a908699e7863c9247606?s=96&d=mm&r=g\",\"url\":\"https:\/\/secure.gravatar.com\/avatar\/267e4a36f704376c109afe3a78740c1f5dd8675a2180a908699e7863c9247606?s=96&d=mm&r=g\",\"contentUrl\":\"https:\/\/secure.gravatar.com\/avatar\/267e4a36f704376c109afe3a78740c1f5dd8675a2180a908699e7863c9247606?s=96&d=mm&r=g\",\"caption\":\"miro.sopko\"},\"url\":\"https:\/\/www.smedemokrati.sk\/hu\/author\/miro-sopko\/\"}]}<\/script>\n<!-- \/ Yoast SEO plugin. -->","yoast_head_json":{"title":"Tvrd\u00e1 rana pre Slovensko: Trumpove cl\u00e1 ohrozuj\u00fa desa\u0165tis\u00edce pracovn\u00fdch miest. Vl\u00e1da neurobila ni\u010d","robots":{"index":"index","follow":"follow","max-snippet":"max-snippet:-1","max-image-preview":"max-image-preview:large","max-video-preview":"max-video-preview:-1"},"canonical":"https:\/\/www.smedemokrati.sk\/hu\/tvrda-rana-pre-slovensko-trumpove-cla-ohrozuju-desattisice-pracovnych-miest-vlada-neurobila-nic\/","og_locale":"hu_HU","og_type":"article","og_title":"[:sk]Tvrd\u00e1 rana pre Slovensko: Trumpove cl\u00e1 ohrozuj\u00fa desa\u0165tis\u00edce pracovn\u00fdch miest. Vl\u00e1da neurobila ni\u010d[:] - Smedemokrati.sk","og_description":"Strana Demokrati d\u00f4razne upozor\u0148uje na v\u00e1\u017ene dopady rozhodnutia americk\u00e9ho prezidenta Donalda Trumpa zavies\u0165 25 % clo na dovoz v\u0161etk\u00fdch automobilov a s\u00fa\u010diastok do USA. Tento krok, ktor\u00fd nadobudne platnos\u0165 u\u017e bud\u00facu stredu, bude ma\u0165 na Slovensko katastrof\u00e1lny dopad. Ohrozen\u00fdch je a\u017e 20-tis\u00edc pracovn\u00fdch miest a jeden z k\u013e\u00fa\u010dov\u00fdch pilierov na\u0161ej ekonomiky. \u201eStalo sa presne to, [&hellip;]","og_url":"https:\/\/www.smedemokrati.sk\/hu\/tvrda-rana-pre-slovensko-trumpove-cla-ohrozuju-desattisice-pracovnych-miest-vlada-neurobila-nic\/","og_site_name":"Smedemokrati.sk","article_publisher":"https:\/\/www.facebook.com\/smedemokrati2023","article_published_time":"2025-03-27T14:29:14+00:00","article_modified_time":"2025-03-27T14:29:16+00:00","og_image":[{"width":1500,"height":1000,"url":"https:\/\/www.smedemokrati.sk\/wp-content\/uploads\/2025\/03\/2025-01-29T033047Z_2106871136_MT1USATODAY25288518_RTRMADP_3_ON-INAUGURATION-DAY-PRESIDENT-DONALD-TRUMP-SIGNS-EXECUTIVE-1.webp","type":"image\/webp"}],"author":"miro.sopko","twitter_card":"summary_large_image","twitter_misc":{"Szerz\u0151:":"miro.sopko","Becs\u00fclt olvas\u00e1si id\u0151":"2 perc"},"schema":{"@context":"https:\/\/schema.org","@graph":[{"@type":"Article","@id":"https:\/\/www.smedemokrati.sk\/tvrda-rana-pre-slovensko-trumpove-cla-ohrozuju-desattisice-pracovnych-miest-vlada-neurobila-nic\/#article","isPartOf":{"@id":"https:\/\/www.smedemokrati.sk\/tvrda-rana-pre-slovensko-trumpove-cla-ohrozuju-desattisice-pracovnych-miest-vlada-neurobila-nic\/"},"author":{"name":"miro.sopko","@id":"https:\/\/www.smedemokrati.sk\/#\/schema\/person\/21f147c88d605aa7ded900e1e7c344ba"},"headline":"Tvrd\u00e1 rana pre Slovensko: Trumpove cl\u00e1 ohrozuj\u00fa desa\u0165tis\u00edce pracovn\u00fdch miest. Vl\u00e1da neurobila ni\u010d","datePublished":"2025-03-27T14:29:14+00:00","dateModified":"2025-03-27T14:29:16+00:00","mainEntityOfPage":{"@id":"https:\/\/www.smedemokrati.sk\/tvrda-rana-pre-slovensko-trumpove-cla-ohrozuju-desattisice-pracovnych-miest-vlada-neurobila-nic\/"},"wordCount":407,"publisher":{"@id":"https:\/\/www.smedemokrati.sk\/#organization"},"image":{"@id":"https:\/\/www.smedemokrati.sk\/tvrda-rana-pre-slovensko-trumpove-cla-ohrozuju-desattisice-pracovnych-miest-vlada-neurobila-nic\/#primaryimage"},"thumbnailUrl":"https:\/\/www.smedemokrati.sk\/wp-content\/uploads\/2025\/03\/2025-01-29T033047Z_2106871136_MT1USATODAY25288518_RTRMADP_3_ON-INAUGURATION-DAY-PRESIDENT-DONALD-TRUMP-SIGNS-EXECUTIVE-1.webp","articleSection":["Tla\u010dov\u00e9 spr\u00e1vy"],"inLanguage":"hu-HU"},{"@type":"WebPage","@id":"https:\/\/www.smedemokrati.sk\/tvrda-rana-pre-slovensko-trumpove-cla-ohrozuju-desattisice-pracovnych-miest-vlada-neurobila-nic\/","url":"https:\/\/www.smedemokrati.sk\/tvrda-rana-pre-slovensko-trumpove-cla-ohrozuju-desattisice-pracovnych-miest-vlada-neurobila-nic\/","name":"Tvrd\u00e1 rana pre Slovensko: Trumpove cl\u00e1 ohrozuj\u00fa desa\u0165tis\u00edce pracovn\u00fdch miest. Vl\u00e1da neurobila ni\u010d","isPartOf":{"@id":"https:\/\/www.smedemokrati.sk\/#website"},"primaryImageOfPage":{"@id":"https:\/\/www.smedemokrati.sk\/tvrda-rana-pre-slovensko-trumpove-cla-ohrozuju-desattisice-pracovnych-miest-vlada-neurobila-nic\/#primaryimage"},"image":{"@id":"https:\/\/www.smedemokrati.sk\/tvrda-rana-pre-slovensko-trumpove-cla-ohrozuju-desattisice-pracovnych-miest-vlada-neurobila-nic\/#primaryimage"},"thumbnailUrl":"https:\/\/www.smedemokrati.sk\/wp-content\/uploads\/2025\/03\/2025-01-29T033047Z_2106871136_MT1USATODAY25288518_RTRMADP_3_ON-INAUGURATION-DAY-PRESIDENT-DONALD-TRUMP-SIGNS-EXECUTIVE-1.webp","datePublished":"2025-03-27T14:29:14+00:00","dateModified":"2025-03-27T14:29:16+00:00","breadcrumb":{"@id":"https:\/\/www.smedemokrati.sk\/tvrda-rana-pre-slovensko-trumpove-cla-ohrozuju-desattisice-pracovnych-miest-vlada-neurobila-nic\/#breadcrumb"},"inLanguage":"hu-HU","potentialAction":[{"@type":"ReadAction","target":["https:\/\/www.smedemokrati.sk\/tvrda-rana-pre-slovensko-trumpove-cla-ohrozuju-desattisice-pracovnych-miest-vlada-neurobila-nic\/"]}]},{"@type":"ImageObject","inLanguage":"hu-HU","@id":"https:\/\/www.smedemokrati.sk\/tvrda-rana-pre-slovensko-trumpove-cla-ohrozuju-desattisice-pracovnych-miest-vlada-neurobila-nic\/#primaryimage","url":"https:\/\/www.smedemokrati.sk\/wp-content\/uploads\/2025\/03\/2025-01-29T033047Z_2106871136_MT1USATODAY25288518_RTRMADP_3_ON-INAUGURATION-DAY-PRESIDENT-DONALD-TRUMP-SIGNS-EXECUTIVE-1.webp","contentUrl":"https:\/\/www.smedemokrati.sk\/wp-content\/uploads\/2025\/03\/2025-01-29T033047Z_2106871136_MT1USATODAY25288518_RTRMADP_3_ON-INAUGURATION-DAY-PRESIDENT-DONALD-TRUMP-SIGNS-EXECUTIVE-1.webp","width":1500,"height":1000},{"@type":"BreadcrumbList","@id":"https:\/\/www.smedemokrati.sk\/tvrda-rana-pre-slovensko-trumpove-cla-ohrozuju-desattisice-pracovnych-miest-vlada-neurobila-nic\/#breadcrumb","itemListElement":[{"@type":"ListItem","position":1,"name":"Domovsk\u00e1 str\u00e1nka","item":"https:\/\/www.smedemokrati.sk\/"},{"@type":"ListItem","position":2,"name":"Tvrd\u00e1 rana pre Slovensko: Trumpove cl\u00e1 ohrozuj\u00fa desa\u0165tis\u00edce pracovn\u00fdch miest. Vl\u00e1da neurobila ni\u010d"}]},{"@type":"WebSite","@id":"https:\/\/www.smedemokrati.sk\/#website","url":"https:\/\/www.smedemokrati.sk\/","name":"Smedemokrati.sk","description":"Demokracia a slu\u0161nos\u0165 zv\u00ed\u0165az\u00ed","publisher":{"@id":"https:\/\/www.smedemokrati.sk\/#organization"},"potentialAction":[{"@type":"SearchAction","target":{"@type":"EntryPoint","urlTemplate":"https:\/\/www.smedemokrati.sk\/?s={search_term_string}"},"query-input":{"@type":"PropertyValueSpecification","valueRequired":true,"valueName":"search_term_string"}}],"inLanguage":"hu-HU"},{"@type":"Organization","@id":"https:\/\/www.smedemokrati.sk\/#organization","name":"Smedemokrati.sk","url":"https:\/\/www.smedemokrati.sk\/","logo":{"@type":"ImageObject","inLanguage":"hu-HU","@id":"https:\/\/www.smedemokrati.sk\/#\/schema\/logo\/image\/","url":"https:\/\/www.smedemokrati.sk\/wp-content\/uploads\/2023\/04\/ff.002.jpeg","contentUrl":"https:\/\/www.smedemokrati.sk\/wp-content\/uploads\/2023\/04\/ff.002.jpeg","width":640,"height":480,"caption":"Smedemokrati.sk"},"image":{"@id":"https:\/\/www.smedemokrati.sk\/#\/schema\/logo\/image\/"},"sameAs":["https:\/\/www.facebook.com\/smedemokrati2023"]},{"@type":"Person","@id":"https:\/\/www.smedemokrati.sk\/#\/schema\/person\/21f147c88d605aa7ded900e1e7c344ba","name":"miro.sopko","image":{"@type":"ImageObject","inLanguage":"hu-HU","@id":"https:\/\/secure.gravatar.com\/avatar\/267e4a36f704376c109afe3a78740c1f5dd8675a2180a908699e7863c9247606?s=96&d=mm&r=g","url":"https:\/\/secure.gravatar.com\/avatar\/267e4a36f704376c109afe3a78740c1f5dd8675a2180a908699e7863c9247606?s=96&d=mm&r=g","contentUrl":"https:\/\/secure.gravatar.com\/avatar\/267e4a36f704376c109afe3a78740c1f5dd8675a2180a908699e7863c9247606?s=96&d=mm&r=g","caption":"miro.sopko"},"url":"https:\/\/www.smedemokrati.sk\/hu\/author\/miro-sopko\/"}]}},"_links":{"self":[{"href":"https:\/\/www.smedemokrati.sk\/hu\/wp-json\/wp\/v2\/posts\/6767","targetHints":{"allow":["GET"]}}],"collection":[{"href":"https:\/\/www.smedemokrati.sk\/hu\/wp-json\/wp\/v2\/posts"}],"about":[{"href":"https:\/\/www.smedemokrati.sk\/hu\/wp-json\/wp\/v2\/types\/post"}],"author":[{"embeddable":true,"href":"https:\/\/www.smedemokrati.sk\/hu\/wp-json\/wp\/v2\/users\/13"}],"replies":[{"embeddable":true,"href":"https:\/\/www.smedemokrati.sk\/hu\/wp-json\/wp\/v2\/comments?post=6767"}],"version-history":[{"count":1,"href":"https:\/\/www.smedemokrati.sk\/hu\/wp-json\/wp\/v2\/posts\/6767\/revisions"}],"predecessor-version":[{"id":6769,"href":"https:\/\/www.smedemokrati.sk\/hu\/wp-json\/wp\/v2\/posts\/6767\/revisions\/6769"}],"wp:featuredmedia":[{"embeddable":true,"href":"https:\/\/www.smedemokrati.sk\/hu\/wp-json\/wp\/v2\/media\/6768"}],"wp:attachment":[{"href":"https:\/\/www.smedemokrati.sk\/hu\/wp-json\/wp\/v2\/media?parent=6767"}],"wp:term":[{"taxonomy":"category","embeddable":true,"href":"https:\/\/www.smedemokrati.sk\/hu\/wp-json\/wp\/v2\/categories?post=6767"},{"taxonomy":"post_tag","embeddable":true,"href":"https:\/\/www.smedemokrati.sk\/hu\/wp-json\/wp\/v2\/tags?post=6767"}],"curies":[{"name":"wp","href":"https:\/\/api.w.org\/{rel}","templated":true}]}}