{"id":6733,"date":"2025-03-25T13:23:55","date_gmt":"2025-03-25T12:23:55","guid":{"rendered":"https:\/\/www.smedemokrati.sk\/?p=6733"},"modified":"2025-03-25T13:24:25","modified_gmt":"2025-03-25T12:24:25","slug":"stanovisko-enviroexperta-strany-demokrati-michala-kicu","status":"publish","type":"post","link":"https:\/\/www.smedemokrati.sk\/hu\/stanovisko-enviroexperta-strany-demokrati-michala-kicu\/","title":{"rendered":"Stanovisko enviroexperta strany Demokrati Michala Ki\u010du"},"content":{"rendered":"<div id=\"fb-root\"><\/div>\n\n<p>N\u00e1\u0161 tlak mal zmysel. Huliakovci s\u0165ahuj\u00fa n\u00e1vrh novely, ktor\u00e1 by ru\u0161ila reformu n\u00e1rodn\u00fdch parkov. V\u010dera sme vyzvali premi\u00e9ra Fica, dotknut\u00fdch ministrov a l\u00eddrov vl\u00e1dnej koal\u00edcie na jej stiahnutie, a to najm\u00e4 s poukazom na vysok\u00e9 riziko zastavenia viac ako 3 mld. platieb z pl\u00e1nu obnovy. Preuk\u00e1zali sme ho ofici\u00e1lnou intern\u00fdm stanoviskom podpredsedu vl\u00e1dy pre pl\u00e1n obnovy Kmeca, ktor\u00e9 sme z\u00edskali. V tejto veci som opakovane komunikoval aj Eur\u00f3pskou komisiou. D\u00f4vodom pre stiahnutie novely uveden\u00fdm samotn\u00fdm Huliakom bolo pr\u00e1ve ohrozenie \u010derpania pl\u00e1nu obnovy.&nbsp;<\/p>\n\n\n\n<p>Je to v\u00fdborn\u00e1 spr\u00e1va. Reforma n\u00e1rodn\u00fdch parkov sa rodila \u0165a\u017eko a pokia\u013e sa ju nepodarilo zru\u0161i\u0165 tejto vl\u00e1de, ostane u\u017e natrvalo s\u00fa\u010das\u0165ou ochrany pr\u00edrody na Slovensku. Rozhodnutie na\u0161ej vl\u00e1dy zaradi\u0165 t\u00fato reformu do pl\u00e1nu obnovy sa uk\u00e1zalo ako spr\u00e1vne.&nbsp;<\/p>\n\n\n\n<p>Nie som naivn\u00fd, pokia\u013e s\u00fa n\u00e1rodn\u00e9 parky v ruk\u00e1ch Tarabu a Kuffu, s\u00fa st\u00e1le v obrovskom nebezpe\u010denstve. \u0164a\u017eiarske nomin\u00e1cie, vyhadzovanie expertov a mas\u00edvna \u0165a\u017eba ich ohrozuj\u00fa, ale na druhej strane ned\u00f4jde k zru\u0161eniu toho najpodstatnej\u0161ieho &#8211; \u017ee \u0161t\u00e1tne pozemky v n\u00e1rodn\u00fdch parkov spravuj\u00fa samotn\u00e9 n\u00e1rodn\u00e9 parky. A na tom sa d\u00e1 stava\u0165. Budeme ich str\u00e1\u017ei\u0165.<\/p>\n\n\n\n<figure class=\"wp-block-video\"><video height=\"640\" style=\"aspect-ratio: 480 \/ 640;\" width=\"480\" controls src=\"https:\/\/www.smedemokrati.sk\/wp-content\/uploads\/2025\/03\/IMG_7234.mp4\"><\/video><\/figure>\n","protected":false},"excerpt":{"rendered":"<p>N\u00e1\u0161 tlak mal zmysel. Huliakovci s\u0165ahuj\u00fa n\u00e1vrh novely, ktor\u00e1 by ru\u0161ila reformu n\u00e1rodn\u00fdch parkov. V\u010dera sme vyzvali premi\u00e9ra Fica, dotknut\u00fdch ministrov a l\u00eddrov vl\u00e1dnej koal\u00edcie na jej stiahnutie, a to najm\u00e4 s poukazom na vysok\u00e9 riziko zastavenia viac ako 3 mld. platieb z pl\u00e1nu obnovy. Preuk\u00e1zali sme ho ofici\u00e1lnou intern\u00fdm stanoviskom podpredsedu vl\u00e1dy pre pl\u00e1n [&hellip;]<\/p>\n","protected":false},"author":13,"featured_media":385,"comment_status":"closed","ping_status":"closed","sticky":false,"template":"","format":"standard","meta":{"_acf_changed":false,"ngg_post_thumbnail":0,"footnotes":""},"categories":[11],"tags":[],"class_list":["post-6733","post","type-post","status-publish","format-standard","has-post-thumbnail","hentry","category-vyhlasenia"],"acf":[],"yoast_head":"<!-- This site is optimized with the Yoast SEO plugin v27.2 - https:\/\/yoast.com\/product\/yoast-seo-wordpress\/ -->\n<title>Stanovisko enviroexperta strany Demokrati Michala Ki\u010du<\/title>\n<meta name=\"robots\" content=\"index, follow, max-snippet:-1, max-image-preview:large, max-video-preview:-1\" \/>\n<link rel=\"canonical\" href=\"https:\/\/www.smedemokrati.sk\/hu\/stanovisko-enviroexperta-strany-demokrati-michala-kicu\/\" \/>\n<meta property=\"og:locale\" content=\"hu_HU\" \/>\n<meta property=\"og:locale:alternate\" content=\"en_US\" \/>\n<meta property=\"og:locale:alternate\" content=\"cs_CZ\" \/>\n<meta property=\"og:locale:alternate\" content=\"sk_SK\" \/>\n<meta property=\"og:locale:alternate\" content=\"sv_SE\" \/>\n<meta property=\"og:type\" content=\"article\" \/>\n<meta property=\"og:title\" content=\"Stanovisko enviroexperta strany Demokrati Michala Ki\u010du\" \/>\n<meta property=\"og:description\" content=\"N\u00e1\u0161 tlak mal zmysel. Huliakovci s\u0165ahuj\u00fa n\u00e1vrh novely, ktor\u00e1 by ru\u0161ila reformu n\u00e1rodn\u00fdch parkov. V\u010dera sme vyzvali premi\u00e9ra Fica, dotknut\u00fdch ministrov a l\u00eddrov vl\u00e1dnej koal\u00edcie na jej stiahnutie, a to najm\u00e4 s poukazom na vysok\u00e9 riziko zastavenia viac ako 3 mld. platieb z pl\u00e1nu obnovy. Preuk\u00e1zali sme ho ofici\u00e1lnou intern\u00fdm stanoviskom podpredsedu vl\u00e1dy pre pl\u00e1n [&hellip;]\" \/>\n<meta property=\"og:url\" content=\"https:\/\/www.smedemokrati.sk\/hu\/stanovisko-enviroexperta-strany-demokrati-michala-kicu\/\" \/>\n<meta property=\"og:site_name\" content=\"Smedemokrati.sk\" \/>\n<meta property=\"article:publisher\" content=\"https:\/\/www.facebook.com\/smedemokrati2023\" \/>\n<meta property=\"article:published_time\" content=\"2025-03-25T12:23:55+00:00\" \/>\n<meta property=\"article:modified_time\" content=\"2025-03-25T12:24:25+00:00\" \/>\n<meta property=\"og:image\" content=\"https:\/\/www.smedemokrati.sk\/wp-content\/uploads\/2023\/04\/MKica.jpg\" \/>\n\t<meta property=\"og:image:width\" content=\"1520\" \/>\n\t<meta property=\"og:image:height\" content=\"1080\" \/>\n\t<meta property=\"og:image:type\" content=\"image\/jpeg\" \/>\n<meta name=\"author\" content=\"miro.sopko\" \/>\n<meta name=\"twitter:card\" content=\"summary_large_image\" \/>\n<meta name=\"twitter:label1\" content=\"Szerz\u0151:\" \/>\n\t<meta name=\"twitter:data1\" content=\"miro.sopko\" \/>\n\t<meta name=\"twitter:label2\" content=\"Becs\u00fclt olvas\u00e1si id\u0151\" \/>\n\t<meta name=\"twitter:data2\" content=\"2 perc\" \/>\n<script type=\"application\/ld+json\" class=\"yoast-schema-graph\">{\"@context\":\"https:\/\/schema.org\",\"@graph\":[{\"@type\":\"Article\",\"@id\":\"https:\/\/www.smedemokrati.sk\/stanovisko-enviroexperta-strany-demokrati-michala-kicu\/#article\",\"isPartOf\":{\"@id\":\"https:\/\/www.smedemokrati.sk\/stanovisko-enviroexperta-strany-demokrati-michala-kicu\/\"},\"author\":{\"name\":\"miro.sopko\",\"@id\":\"https:\/\/www.smedemokrati.sk\/#\/schema\/person\/21f147c88d605aa7ded900e1e7c344ba\"},\"headline\":\"Stanovisko enviroexperta strany Demokrati Michala Ki\u010du\",\"datePublished\":\"2025-03-25T12:23:55+00:00\",\"dateModified\":\"2025-03-25T12:24:25+00:00\",\"mainEntityOfPage\":{\"@id\":\"https:\/\/www.smedemokrati.sk\/stanovisko-enviroexperta-strany-demokrati-michala-kicu\/\"},\"wordCount\":242,\"publisher\":{\"@id\":\"https:\/\/www.smedemokrati.sk\/#organization\"},\"image\":{\"@id\":\"https:\/\/www.smedemokrati.sk\/stanovisko-enviroexperta-strany-demokrati-michala-kicu\/#primaryimage\"},\"thumbnailUrl\":\"https:\/\/www.smedemokrati.sk\/wp-content\/uploads\/2023\/04\/MKica.jpg\",\"articleSection\":[\"Vyhl\u00e1senia\"],\"inLanguage\":\"hu-HU\"},{\"@type\":\"WebPage\",\"@id\":\"https:\/\/www.smedemokrati.sk\/stanovisko-enviroexperta-strany-demokrati-michala-kicu\/\",\"url\":\"https:\/\/www.smedemokrati.sk\/stanovisko-enviroexperta-strany-demokrati-michala-kicu\/\",\"name\":\"Stanovisko enviroexperta strany Demokrati Michala Ki\u010du\",\"isPartOf\":{\"@id\":\"https:\/\/www.smedemokrati.sk\/#website\"},\"primaryImageOfPage\":{\"@id\":\"https:\/\/www.smedemokrati.sk\/stanovisko-enviroexperta-strany-demokrati-michala-kicu\/#primaryimage\"},\"image\":{\"@id\":\"https:\/\/www.smedemokrati.sk\/stanovisko-enviroexperta-strany-demokrati-michala-kicu\/#primaryimage\"},\"thumbnailUrl\":\"https:\/\/www.smedemokrati.sk\/wp-content\/uploads\/2023\/04\/MKica.jpg\",\"datePublished\":\"2025-03-25T12:23:55+00:00\",\"dateModified\":\"2025-03-25T12:24:25+00:00\",\"breadcrumb\":{\"@id\":\"https:\/\/www.smedemokrati.sk\/stanovisko-enviroexperta-strany-demokrati-michala-kicu\/#breadcrumb\"},\"inLanguage\":\"hu-HU\",\"potentialAction\":[{\"@type\":\"ReadAction\",\"target\":[\"https:\/\/www.smedemokrati.sk\/stanovisko-enviroexperta-strany-demokrati-michala-kicu\/\"]}]},{\"@type\":\"ImageObject\",\"inLanguage\":\"hu-HU\",\"@id\":\"https:\/\/www.smedemokrati.sk\/stanovisko-enviroexperta-strany-demokrati-michala-kicu\/#primaryimage\",\"url\":\"https:\/\/www.smedemokrati.sk\/wp-content\/uploads\/2023\/04\/MKica.jpg\",\"contentUrl\":\"https:\/\/www.smedemokrati.sk\/wp-content\/uploads\/2023\/04\/MKica.jpg\",\"width\":1520,\"height\":1080},{\"@type\":\"BreadcrumbList\",\"@id\":\"https:\/\/www.smedemokrati.sk\/stanovisko-enviroexperta-strany-demokrati-michala-kicu\/#breadcrumb\",\"itemListElement\":[{\"@type\":\"ListItem\",\"position\":1,\"name\":\"Domovsk\u00e1 str\u00e1nka\",\"item\":\"https:\/\/www.smedemokrati.sk\/\"},{\"@type\":\"ListItem\",\"position\":2,\"name\":\"Stanovisko enviroexperta strany Demokrati Michala Ki\u010du\"}]},{\"@type\":\"WebSite\",\"@id\":\"https:\/\/www.smedemokrati.sk\/#website\",\"url\":\"https:\/\/www.smedemokrati.sk\/\",\"name\":\"Smedemokrati.sk\",\"description\":\"Demokracia a slu\u0161nos\u0165 zv\u00ed\u0165az\u00ed\",\"publisher\":{\"@id\":\"https:\/\/www.smedemokrati.sk\/#organization\"},\"potentialAction\":[{\"@type\":\"SearchAction\",\"target\":{\"@type\":\"EntryPoint\",\"urlTemplate\":\"https:\/\/www.smedemokrati.sk\/?s={search_term_string}\"},\"query-input\":{\"@type\":\"PropertyValueSpecification\",\"valueRequired\":true,\"valueName\":\"search_term_string\"}}],\"inLanguage\":\"hu-HU\"},{\"@type\":\"Organization\",\"@id\":\"https:\/\/www.smedemokrati.sk\/#organization\",\"name\":\"Smedemokrati.sk\",\"url\":\"https:\/\/www.smedemokrati.sk\/\",\"logo\":{\"@type\":\"ImageObject\",\"inLanguage\":\"hu-HU\",\"@id\":\"https:\/\/www.smedemokrati.sk\/#\/schema\/logo\/image\/\",\"url\":\"https:\/\/www.smedemokrati.sk\/wp-content\/uploads\/2023\/04\/ff.002.jpeg\",\"contentUrl\":\"https:\/\/www.smedemokrati.sk\/wp-content\/uploads\/2023\/04\/ff.002.jpeg\",\"width\":640,\"height\":480,\"caption\":\"Smedemokrati.sk\"},\"image\":{\"@id\":\"https:\/\/www.smedemokrati.sk\/#\/schema\/logo\/image\/\"},\"sameAs\":[\"https:\/\/www.facebook.com\/smedemokrati2023\"]},{\"@type\":\"Person\",\"@id\":\"https:\/\/www.smedemokrati.sk\/#\/schema\/person\/21f147c88d605aa7ded900e1e7c344ba\",\"name\":\"miro.sopko\",\"image\":{\"@type\":\"ImageObject\",\"inLanguage\":\"hu-HU\",\"@id\":\"https:\/\/secure.gravatar.com\/avatar\/267e4a36f704376c109afe3a78740c1f5dd8675a2180a908699e7863c9247606?s=96&d=mm&r=g\",\"url\":\"https:\/\/secure.gravatar.com\/avatar\/267e4a36f704376c109afe3a78740c1f5dd8675a2180a908699e7863c9247606?s=96&d=mm&r=g\",\"contentUrl\":\"https:\/\/secure.gravatar.com\/avatar\/267e4a36f704376c109afe3a78740c1f5dd8675a2180a908699e7863c9247606?s=96&d=mm&r=g\",\"caption\":\"miro.sopko\"},\"url\":\"https:\/\/www.smedemokrati.sk\/hu\/author\/miro-sopko\/\"}]}<\/script>\n<!-- \/ Yoast SEO plugin. -->","yoast_head_json":{"title":"Stanovisko enviroexperta strany Demokrati Michala Ki\u010du","robots":{"index":"index","follow":"follow","max-snippet":"max-snippet:-1","max-image-preview":"max-image-preview:large","max-video-preview":"max-video-preview:-1"},"canonical":"https:\/\/www.smedemokrati.sk\/hu\/stanovisko-enviroexperta-strany-demokrati-michala-kicu\/","og_locale":"hu_HU","og_type":"article","og_title":"[:sk]Stanovisko enviroexperta strany Demokrati Michala Ki\u010du[:] - Smedemokrati.sk","og_description":"N\u00e1\u0161 tlak mal zmysel. Huliakovci s\u0165ahuj\u00fa n\u00e1vrh novely, ktor\u00e1 by ru\u0161ila reformu n\u00e1rodn\u00fdch parkov. V\u010dera sme vyzvali premi\u00e9ra Fica, dotknut\u00fdch ministrov a l\u00eddrov vl\u00e1dnej koal\u00edcie na jej stiahnutie, a to najm\u00e4 s poukazom na vysok\u00e9 riziko zastavenia viac ako 3 mld. platieb z pl\u00e1nu obnovy. Preuk\u00e1zali sme ho ofici\u00e1lnou intern\u00fdm stanoviskom podpredsedu vl\u00e1dy pre pl\u00e1n [&hellip;]","og_url":"https:\/\/www.smedemokrati.sk\/hu\/stanovisko-enviroexperta-strany-demokrati-michala-kicu\/","og_site_name":"Smedemokrati.sk","article_publisher":"https:\/\/www.facebook.com\/smedemokrati2023","article_published_time":"2025-03-25T12:23:55+00:00","article_modified_time":"2025-03-25T12:24:25+00:00","og_image":[{"width":1520,"height":1080,"url":"https:\/\/www.smedemokrati.sk\/wp-content\/uploads\/2023\/04\/MKica.jpg","type":"image\/jpeg"}],"author":"miro.sopko","twitter_card":"summary_large_image","twitter_misc":{"Szerz\u0151:":"miro.sopko","Becs\u00fclt olvas\u00e1si id\u0151":"2 perc"},"schema":{"@context":"https:\/\/schema.org","@graph":[{"@type":"Article","@id":"https:\/\/www.smedemokrati.sk\/stanovisko-enviroexperta-strany-demokrati-michala-kicu\/#article","isPartOf":{"@id":"https:\/\/www.smedemokrati.sk\/stanovisko-enviroexperta-strany-demokrati-michala-kicu\/"},"author":{"name":"miro.sopko","@id":"https:\/\/www.smedemokrati.sk\/#\/schema\/person\/21f147c88d605aa7ded900e1e7c344ba"},"headline":"Stanovisko enviroexperta strany Demokrati Michala Ki\u010du","datePublished":"2025-03-25T12:23:55+00:00","dateModified":"2025-03-25T12:24:25+00:00","mainEntityOfPage":{"@id":"https:\/\/www.smedemokrati.sk\/stanovisko-enviroexperta-strany-demokrati-michala-kicu\/"},"wordCount":242,"publisher":{"@id":"https:\/\/www.smedemokrati.sk\/#organization"},"image":{"@id":"https:\/\/www.smedemokrati.sk\/stanovisko-enviroexperta-strany-demokrati-michala-kicu\/#primaryimage"},"thumbnailUrl":"https:\/\/www.smedemokrati.sk\/wp-content\/uploads\/2023\/04\/MKica.jpg","articleSection":["Vyhl\u00e1senia"],"inLanguage":"hu-HU"},{"@type":"WebPage","@id":"https:\/\/www.smedemokrati.sk\/stanovisko-enviroexperta-strany-demokrati-michala-kicu\/","url":"https:\/\/www.smedemokrati.sk\/stanovisko-enviroexperta-strany-demokrati-michala-kicu\/","name":"Stanovisko enviroexperta strany Demokrati Michala Ki\u010du","isPartOf":{"@id":"https:\/\/www.smedemokrati.sk\/#website"},"primaryImageOfPage":{"@id":"https:\/\/www.smedemokrati.sk\/stanovisko-enviroexperta-strany-demokrati-michala-kicu\/#primaryimage"},"image":{"@id":"https:\/\/www.smedemokrati.sk\/stanovisko-enviroexperta-strany-demokrati-michala-kicu\/#primaryimage"},"thumbnailUrl":"https:\/\/www.smedemokrati.sk\/wp-content\/uploads\/2023\/04\/MKica.jpg","datePublished":"2025-03-25T12:23:55+00:00","dateModified":"2025-03-25T12:24:25+00:00","breadcrumb":{"@id":"https:\/\/www.smedemokrati.sk\/stanovisko-enviroexperta-strany-demokrati-michala-kicu\/#breadcrumb"},"inLanguage":"hu-HU","potentialAction":[{"@type":"ReadAction","target":["https:\/\/www.smedemokrati.sk\/stanovisko-enviroexperta-strany-demokrati-michala-kicu\/"]}]},{"@type":"ImageObject","inLanguage":"hu-HU","@id":"https:\/\/www.smedemokrati.sk\/stanovisko-enviroexperta-strany-demokrati-michala-kicu\/#primaryimage","url":"https:\/\/www.smedemokrati.sk\/wp-content\/uploads\/2023\/04\/MKica.jpg","contentUrl":"https:\/\/www.smedemokrati.sk\/wp-content\/uploads\/2023\/04\/MKica.jpg","width":1520,"height":1080},{"@type":"BreadcrumbList","@id":"https:\/\/www.smedemokrati.sk\/stanovisko-enviroexperta-strany-demokrati-michala-kicu\/#breadcrumb","itemListElement":[{"@type":"ListItem","position":1,"name":"Domovsk\u00e1 str\u00e1nka","item":"https:\/\/www.smedemokrati.sk\/"},{"@type":"ListItem","position":2,"name":"Stanovisko enviroexperta strany Demokrati Michala Ki\u010du"}]},{"@type":"WebSite","@id":"https:\/\/www.smedemokrati.sk\/#website","url":"https:\/\/www.smedemokrati.sk\/","name":"Smedemokrati.sk","description":"Demokracia a slu\u0161nos\u0165 zv\u00ed\u0165az\u00ed","publisher":{"@id":"https:\/\/www.smedemokrati.sk\/#organization"},"potentialAction":[{"@type":"SearchAction","target":{"@type":"EntryPoint","urlTemplate":"https:\/\/www.smedemokrati.sk\/?s={search_term_string}"},"query-input":{"@type":"PropertyValueSpecification","valueRequired":true,"valueName":"search_term_string"}}],"inLanguage":"hu-HU"},{"@type":"Organization","@id":"https:\/\/www.smedemokrati.sk\/#organization","name":"Smedemokrati.sk","url":"https:\/\/www.smedemokrati.sk\/","logo":{"@type":"ImageObject","inLanguage":"hu-HU","@id":"https:\/\/www.smedemokrati.sk\/#\/schema\/logo\/image\/","url":"https:\/\/www.smedemokrati.sk\/wp-content\/uploads\/2023\/04\/ff.002.jpeg","contentUrl":"https:\/\/www.smedemokrati.sk\/wp-content\/uploads\/2023\/04\/ff.002.jpeg","width":640,"height":480,"caption":"Smedemokrati.sk"},"image":{"@id":"https:\/\/www.smedemokrati.sk\/#\/schema\/logo\/image\/"},"sameAs":["https:\/\/www.facebook.com\/smedemokrati2023"]},{"@type":"Person","@id":"https:\/\/www.smedemokrati.sk\/#\/schema\/person\/21f147c88d605aa7ded900e1e7c344ba","name":"miro.sopko","image":{"@type":"ImageObject","inLanguage":"hu-HU","@id":"https:\/\/secure.gravatar.com\/avatar\/267e4a36f704376c109afe3a78740c1f5dd8675a2180a908699e7863c9247606?s=96&d=mm&r=g","url":"https:\/\/secure.gravatar.com\/avatar\/267e4a36f704376c109afe3a78740c1f5dd8675a2180a908699e7863c9247606?s=96&d=mm&r=g","contentUrl":"https:\/\/secure.gravatar.com\/avatar\/267e4a36f704376c109afe3a78740c1f5dd8675a2180a908699e7863c9247606?s=96&d=mm&r=g","caption":"miro.sopko"},"url":"https:\/\/www.smedemokrati.sk\/hu\/author\/miro-sopko\/"}]}},"_links":{"self":[{"href":"https:\/\/www.smedemokrati.sk\/hu\/wp-json\/wp\/v2\/posts\/6733","targetHints":{"allow":["GET"]}}],"collection":[{"href":"https:\/\/www.smedemokrati.sk\/hu\/wp-json\/wp\/v2\/posts"}],"about":[{"href":"https:\/\/www.smedemokrati.sk\/hu\/wp-json\/wp\/v2\/types\/post"}],"author":[{"embeddable":true,"href":"https:\/\/www.smedemokrati.sk\/hu\/wp-json\/wp\/v2\/users\/13"}],"replies":[{"embeddable":true,"href":"https:\/\/www.smedemokrati.sk\/hu\/wp-json\/wp\/v2\/comments?post=6733"}],"version-history":[{"count":1,"href":"https:\/\/www.smedemokrati.sk\/hu\/wp-json\/wp\/v2\/posts\/6733\/revisions"}],"predecessor-version":[{"id":6735,"href":"https:\/\/www.smedemokrati.sk\/hu\/wp-json\/wp\/v2\/posts\/6733\/revisions\/6735"}],"wp:featuredmedia":[{"embeddable":true,"href":"https:\/\/www.smedemokrati.sk\/hu\/wp-json\/wp\/v2\/media\/385"}],"wp:attachment":[{"href":"https:\/\/www.smedemokrati.sk\/hu\/wp-json\/wp\/v2\/media?parent=6733"}],"wp:term":[{"taxonomy":"category","embeddable":true,"href":"https:\/\/www.smedemokrati.sk\/hu\/wp-json\/wp\/v2\/categories?post=6733"},{"taxonomy":"post_tag","embeddable":true,"href":"https:\/\/www.smedemokrati.sk\/hu\/wp-json\/wp\/v2\/tags?post=6733"}],"curies":[{"name":"wp","href":"https:\/\/api.w.org\/{rel}","templated":true}]}}