{"id":6610,"date":"2025-03-13T17:54:33","date_gmt":"2025-03-13T16:54:33","guid":{"rendered":"https:\/\/www.smedemokrati.sk\/?p=6610"},"modified":"2025-03-13T17:54:35","modified_gmt":"2025-03-13T16:54:35","slug":"podporujeme-opatrovatelky-a-opatrovatelov-lepsie-pracovne-podmienky-ziadaju-opravnene","status":"publish","type":"post","link":"https:\/\/www.smedemokrati.sk\/hu\/podporujeme-opatrovatelky-a-opatrovatelov-lepsie-pracovne-podmienky-ziadaju-opravnene\/","title":{"rendered":"Podporujeme opatrovate\u013eky a opatrovate\u013eov, lep\u0161ie pracovn\u00e9 podmienky \u017eiadaj\u00fa opr\u00e1vnene"},"content":{"rendered":"<div id=\"fb-root\"><\/div>\n\n<p>Opatrovate\u013eky opr\u00e1vnene \u017eiadaj\u00fa zv\u00fd\u0161enie platov a lep\u0161ie pracovn\u00e9 podmienky, Demokrati podporuj\u00fa a s\u00fahlasia s ich po\u017eiadavkami.<\/p>\n\n\n\n<p>Na\u0161e opatrovate\u013eky, opatrovatelia a \u010fal\u0161\u00ed zamestnanci v soci\u00e1lnych slu\u017eb\u00e1ch u\u017e nevl\u00e1dzu a nov\u00ed neprich\u00e1dzaj\u00fa. T\u00e9ma lep\u0161\u00edch pracovn\u00fdch podmienok a vy\u0161\u0161ieho ohodnotenia opatrovateliek a \u010fal\u0161\u00edch zamestnancov v soci\u00e1lnych slu\u017eb\u00e1ch nem\u00f4\u017ee by\u0165 t\u00e9mou len t\u00fdch, ktor\u00fdch sa t\u00fdka. A nesta\u010d\u00ed, \u017ee je t\u00e9mou p\u00e1r politikov. Mus\u00ed by\u0165 t\u00e9mou celospolo\u010denskou. A politici rad za radom bez oh\u013eadu na politick\u00e9 tri\u010dko sa nielen musia k nej hl\u00e1si\u0165, ale ma\u0165 skuto\u010dn\u00fd z\u00e1ujem ju rie\u0161i\u0165.<\/p>\n\n\n\n<p>Strana Demokrati m\u00e1 podporu opatrovateliek a pomoc odk\u00e1zan\u00fdm medzi svojimi prioritami a aj na\u010falej sa bude sna\u017ei\u0165 presadi\u0165 tak\u00e9 opatrenia, ktor\u00e9 im pom\u00f4\u017eu.<\/p>\n","protected":false},"excerpt":{"rendered":"<p>Opatrovate\u013eky opr\u00e1vnene \u017eiadaj\u00fa zv\u00fd\u0161enie platov a lep\u0161ie pracovn\u00e9 podmienky, Demokrati podporuj\u00fa a s\u00fahlasia s ich po\u017eiadavkami. Na\u0161e opatrovate\u013eky, opatrovatelia a \u010fal\u0161\u00ed zamestnanci v soci\u00e1lnych slu\u017eb\u00e1ch u\u017e nevl\u00e1dzu a nov\u00ed neprich\u00e1dzaj\u00fa. T\u00e9ma lep\u0161\u00edch pracovn\u00fdch podmienok a vy\u0161\u0161ieho ohodnotenia opatrovateliek a \u010fal\u0161\u00edch zamestnancov v soci\u00e1lnych slu\u017eb\u00e1ch nem\u00f4\u017ee by\u0165 t\u00e9mou len t\u00fdch, ktor\u00fdch sa t\u00fdka. A nesta\u010d\u00ed, \u017ee [&hellip;]<\/p>\n","protected":false},"author":13,"featured_media":6611,"comment_status":"closed","ping_status":"closed","sticky":false,"template":"","format":"standard","meta":{"_acf_changed":false,"ngg_post_thumbnail":0,"footnotes":""},"categories":[11],"tags":[],"class_list":["post-6610","post","type-post","status-publish","format-standard","has-post-thumbnail","hentry","category-vyhlasenia"],"acf":[],"yoast_head":"<!-- This site is optimized with the Yoast SEO plugin v27.2 - https:\/\/yoast.com\/product\/yoast-seo-wordpress\/ -->\n<title>Podporujeme opatrovate\u013eky a opatrovate\u013eov, lep\u0161ie pracovn\u00e9 podmienky \u017eiadaj\u00fa opr\u00e1vnene<\/title>\n<meta name=\"robots\" content=\"index, follow, max-snippet:-1, max-image-preview:large, max-video-preview:-1\" \/>\n<link rel=\"canonical\" href=\"https:\/\/www.smedemokrati.sk\/hu\/podporujeme-opatrovatelky-a-opatrovatelov-lepsie-pracovne-podmienky-ziadaju-opravnene\/\" \/>\n<meta property=\"og:locale\" content=\"hu_HU\" \/>\n<meta property=\"og:locale:alternate\" content=\"en_US\" \/>\n<meta property=\"og:locale:alternate\" content=\"cs_CZ\" \/>\n<meta property=\"og:locale:alternate\" content=\"sk_SK\" \/>\n<meta property=\"og:locale:alternate\" content=\"sv_SE\" \/>\n<meta property=\"og:type\" content=\"article\" \/>\n<meta property=\"og:title\" content=\"Podporujeme opatrovate\u013eky a opatrovate\u013eov, lep\u0161ie pracovn\u00e9 podmienky \u017eiadaj\u00fa opr\u00e1vnene\" \/>\n<meta property=\"og:description\" content=\"Opatrovate\u013eky opr\u00e1vnene \u017eiadaj\u00fa zv\u00fd\u0161enie platov a lep\u0161ie pracovn\u00e9 podmienky, Demokrati podporuj\u00fa a s\u00fahlasia s ich po\u017eiadavkami. Na\u0161e opatrovate\u013eky, opatrovatelia a \u010fal\u0161\u00ed zamestnanci v soci\u00e1lnych slu\u017eb\u00e1ch u\u017e nevl\u00e1dzu a nov\u00ed neprich\u00e1dzaj\u00fa. T\u00e9ma lep\u0161\u00edch pracovn\u00fdch podmienok a vy\u0161\u0161ieho ohodnotenia opatrovateliek a \u010fal\u0161\u00edch zamestnancov v soci\u00e1lnych slu\u017eb\u00e1ch nem\u00f4\u017ee by\u0165 t\u00e9mou len t\u00fdch, ktor\u00fdch sa t\u00fdka. A nesta\u010d\u00ed, \u017ee [&hellip;]\" \/>\n<meta property=\"og:url\" content=\"https:\/\/www.smedemokrati.sk\/hu\/podporujeme-opatrovatelky-a-opatrovatelov-lepsie-pracovne-podmienky-ziadaju-opravnene\/\" \/>\n<meta property=\"og:site_name\" content=\"Smedemokrati.sk\" \/>\n<meta property=\"article:publisher\" content=\"https:\/\/www.facebook.com\/smedemokrati2023\" \/>\n<meta property=\"article:published_time\" content=\"2025-03-13T16:54:33+00:00\" \/>\n<meta property=\"article:modified_time\" content=\"2025-03-13T16:54:35+00:00\" \/>\n<meta property=\"og:image\" content=\"https:\/\/www.smedemokrati.sk\/wp-content\/uploads\/2025\/03\/opatrovanie.jpg\" \/>\n\t<meta property=\"og:image:width\" content=\"1600\" \/>\n\t<meta property=\"og:image:height\" content=\"1067\" \/>\n\t<meta property=\"og:image:type\" content=\"image\/jpeg\" \/>\n<meta name=\"author\" content=\"miro.sopko\" \/>\n<meta name=\"twitter:card\" content=\"summary_large_image\" \/>\n<meta name=\"twitter:label1\" content=\"Szerz\u0151:\" \/>\n\t<meta name=\"twitter:data1\" content=\"miro.sopko\" \/>\n\t<meta name=\"twitter:label2\" content=\"Becs\u00fclt olvas\u00e1si id\u0151\" \/>\n\t<meta name=\"twitter:data2\" content=\"1 perc\" \/>\n<script type=\"application\/ld+json\" class=\"yoast-schema-graph\">{\"@context\":\"https:\/\/schema.org\",\"@graph\":[{\"@type\":\"Article\",\"@id\":\"https:\/\/www.smedemokrati.sk\/podporujeme-opatrovatelky-a-opatrovatelov-lepsie-pracovne-podmienky-ziadaju-opravnene\/#article\",\"isPartOf\":{\"@id\":\"https:\/\/www.smedemokrati.sk\/podporujeme-opatrovatelky-a-opatrovatelov-lepsie-pracovne-podmienky-ziadaju-opravnene\/\"},\"author\":{\"name\":\"miro.sopko\",\"@id\":\"https:\/\/www.smedemokrati.sk\/#\/schema\/person\/21f147c88d605aa7ded900e1e7c344ba\"},\"headline\":\"Podporujeme opatrovate\u013eky a opatrovate\u013eov, lep\u0161ie pracovn\u00e9 podmienky \u017eiadaj\u00fa opr\u00e1vnene\",\"datePublished\":\"2025-03-13T16:54:33+00:00\",\"dateModified\":\"2025-03-13T16:54:35+00:00\",\"mainEntityOfPage\":{\"@id\":\"https:\/\/www.smedemokrati.sk\/podporujeme-opatrovatelky-a-opatrovatelov-lepsie-pracovne-podmienky-ziadaju-opravnene\/\"},\"wordCount\":164,\"publisher\":{\"@id\":\"https:\/\/www.smedemokrati.sk\/#organization\"},\"image\":{\"@id\":\"https:\/\/www.smedemokrati.sk\/podporujeme-opatrovatelky-a-opatrovatelov-lepsie-pracovne-podmienky-ziadaju-opravnene\/#primaryimage\"},\"thumbnailUrl\":\"https:\/\/www.smedemokrati.sk\/wp-content\/uploads\/2025\/03\/opatrovanie.jpg\",\"articleSection\":[\"Vyhl\u00e1senia\"],\"inLanguage\":\"hu-HU\"},{\"@type\":\"WebPage\",\"@id\":\"https:\/\/www.smedemokrati.sk\/podporujeme-opatrovatelky-a-opatrovatelov-lepsie-pracovne-podmienky-ziadaju-opravnene\/\",\"url\":\"https:\/\/www.smedemokrati.sk\/podporujeme-opatrovatelky-a-opatrovatelov-lepsie-pracovne-podmienky-ziadaju-opravnene\/\",\"name\":\"Podporujeme opatrovate\u013eky a opatrovate\u013eov, lep\u0161ie pracovn\u00e9 podmienky \u017eiadaj\u00fa opr\u00e1vnene\",\"isPartOf\":{\"@id\":\"https:\/\/www.smedemokrati.sk\/#website\"},\"primaryImageOfPage\":{\"@id\":\"https:\/\/www.smedemokrati.sk\/podporujeme-opatrovatelky-a-opatrovatelov-lepsie-pracovne-podmienky-ziadaju-opravnene\/#primaryimage\"},\"image\":{\"@id\":\"https:\/\/www.smedemokrati.sk\/podporujeme-opatrovatelky-a-opatrovatelov-lepsie-pracovne-podmienky-ziadaju-opravnene\/#primaryimage\"},\"thumbnailUrl\":\"https:\/\/www.smedemokrati.sk\/wp-content\/uploads\/2025\/03\/opatrovanie.jpg\",\"datePublished\":\"2025-03-13T16:54:33+00:00\",\"dateModified\":\"2025-03-13T16:54:35+00:00\",\"breadcrumb\":{\"@id\":\"https:\/\/www.smedemokrati.sk\/podporujeme-opatrovatelky-a-opatrovatelov-lepsie-pracovne-podmienky-ziadaju-opravnene\/#breadcrumb\"},\"inLanguage\":\"hu-HU\",\"potentialAction\":[{\"@type\":\"ReadAction\",\"target\":[\"https:\/\/www.smedemokrati.sk\/podporujeme-opatrovatelky-a-opatrovatelov-lepsie-pracovne-podmienky-ziadaju-opravnene\/\"]}]},{\"@type\":\"ImageObject\",\"inLanguage\":\"hu-HU\",\"@id\":\"https:\/\/www.smedemokrati.sk\/podporujeme-opatrovatelky-a-opatrovatelov-lepsie-pracovne-podmienky-ziadaju-opravnene\/#primaryimage\",\"url\":\"https:\/\/www.smedemokrati.sk\/wp-content\/uploads\/2025\/03\/opatrovanie.jpg\",\"contentUrl\":\"https:\/\/www.smedemokrati.sk\/wp-content\/uploads\/2025\/03\/opatrovanie.jpg\",\"width\":1600,\"height\":1067},{\"@type\":\"BreadcrumbList\",\"@id\":\"https:\/\/www.smedemokrati.sk\/podporujeme-opatrovatelky-a-opatrovatelov-lepsie-pracovne-podmienky-ziadaju-opravnene\/#breadcrumb\",\"itemListElement\":[{\"@type\":\"ListItem\",\"position\":1,\"name\":\"Domovsk\u00e1 str\u00e1nka\",\"item\":\"https:\/\/www.smedemokrati.sk\/\"},{\"@type\":\"ListItem\",\"position\":2,\"name\":\"Podporujeme opatrovate\u013eky a opatrovate\u013eov, lep\u0161ie pracovn\u00e9 podmienky \u017eiadaj\u00fa opr\u00e1vnene\"}]},{\"@type\":\"WebSite\",\"@id\":\"https:\/\/www.smedemokrati.sk\/#website\",\"url\":\"https:\/\/www.smedemokrati.sk\/\",\"name\":\"Smedemokrati.sk\",\"description\":\"Demokracia a slu\u0161nos\u0165 zv\u00ed\u0165az\u00ed\",\"publisher\":{\"@id\":\"https:\/\/www.smedemokrati.sk\/#organization\"},\"potentialAction\":[{\"@type\":\"SearchAction\",\"target\":{\"@type\":\"EntryPoint\",\"urlTemplate\":\"https:\/\/www.smedemokrati.sk\/?s={search_term_string}\"},\"query-input\":{\"@type\":\"PropertyValueSpecification\",\"valueRequired\":true,\"valueName\":\"search_term_string\"}}],\"inLanguage\":\"hu-HU\"},{\"@type\":\"Organization\",\"@id\":\"https:\/\/www.smedemokrati.sk\/#organization\",\"name\":\"Smedemokrati.sk\",\"url\":\"https:\/\/www.smedemokrati.sk\/\",\"logo\":{\"@type\":\"ImageObject\",\"inLanguage\":\"hu-HU\",\"@id\":\"https:\/\/www.smedemokrati.sk\/#\/schema\/logo\/image\/\",\"url\":\"https:\/\/www.smedemokrati.sk\/wp-content\/uploads\/2023\/04\/ff.002.jpeg\",\"contentUrl\":\"https:\/\/www.smedemokrati.sk\/wp-content\/uploads\/2023\/04\/ff.002.jpeg\",\"width\":640,\"height\":480,\"caption\":\"Smedemokrati.sk\"},\"image\":{\"@id\":\"https:\/\/www.smedemokrati.sk\/#\/schema\/logo\/image\/\"},\"sameAs\":[\"https:\/\/www.facebook.com\/smedemokrati2023\"]},{\"@type\":\"Person\",\"@id\":\"https:\/\/www.smedemokrati.sk\/#\/schema\/person\/21f147c88d605aa7ded900e1e7c344ba\",\"name\":\"miro.sopko\",\"image\":{\"@type\":\"ImageObject\",\"inLanguage\":\"hu-HU\",\"@id\":\"https:\/\/secure.gravatar.com\/avatar\/267e4a36f704376c109afe3a78740c1f5dd8675a2180a908699e7863c9247606?s=96&d=mm&r=g\",\"url\":\"https:\/\/secure.gravatar.com\/avatar\/267e4a36f704376c109afe3a78740c1f5dd8675a2180a908699e7863c9247606?s=96&d=mm&r=g\",\"contentUrl\":\"https:\/\/secure.gravatar.com\/avatar\/267e4a36f704376c109afe3a78740c1f5dd8675a2180a908699e7863c9247606?s=96&d=mm&r=g\",\"caption\":\"miro.sopko\"},\"url\":\"https:\/\/www.smedemokrati.sk\/hu\/author\/miro-sopko\/\"}]}<\/script>\n<!-- \/ Yoast SEO plugin. -->","yoast_head_json":{"title":"Podporujeme opatrovate\u013eky a opatrovate\u013eov, lep\u0161ie pracovn\u00e9 podmienky \u017eiadaj\u00fa opr\u00e1vnene","robots":{"index":"index","follow":"follow","max-snippet":"max-snippet:-1","max-image-preview":"max-image-preview:large","max-video-preview":"max-video-preview:-1"},"canonical":"https:\/\/www.smedemokrati.sk\/hu\/podporujeme-opatrovatelky-a-opatrovatelov-lepsie-pracovne-podmienky-ziadaju-opravnene\/","og_locale":"hu_HU","og_type":"article","og_title":"[:sk]Podporujeme opatrovate\u013eky a opatrovate\u013eov, lep\u0161ie pracovn\u00e9 podmienky \u017eiadaj\u00fa opr\u00e1vnene[:] - Smedemokrati.sk","og_description":"Opatrovate\u013eky opr\u00e1vnene \u017eiadaj\u00fa zv\u00fd\u0161enie platov a lep\u0161ie pracovn\u00e9 podmienky, Demokrati podporuj\u00fa a s\u00fahlasia s ich po\u017eiadavkami. Na\u0161e opatrovate\u013eky, opatrovatelia a \u010fal\u0161\u00ed zamestnanci v soci\u00e1lnych slu\u017eb\u00e1ch u\u017e nevl\u00e1dzu a nov\u00ed neprich\u00e1dzaj\u00fa. T\u00e9ma lep\u0161\u00edch pracovn\u00fdch podmienok a vy\u0161\u0161ieho ohodnotenia opatrovateliek a \u010fal\u0161\u00edch zamestnancov v soci\u00e1lnych slu\u017eb\u00e1ch nem\u00f4\u017ee by\u0165 t\u00e9mou len t\u00fdch, ktor\u00fdch sa t\u00fdka. A nesta\u010d\u00ed, \u017ee [&hellip;]","og_url":"https:\/\/www.smedemokrati.sk\/hu\/podporujeme-opatrovatelky-a-opatrovatelov-lepsie-pracovne-podmienky-ziadaju-opravnene\/","og_site_name":"Smedemokrati.sk","article_publisher":"https:\/\/www.facebook.com\/smedemokrati2023","article_published_time":"2025-03-13T16:54:33+00:00","article_modified_time":"2025-03-13T16:54:35+00:00","og_image":[{"width":1600,"height":1067,"url":"https:\/\/www.smedemokrati.sk\/wp-content\/uploads\/2025\/03\/opatrovanie.jpg","type":"image\/jpeg"}],"author":"miro.sopko","twitter_card":"summary_large_image","twitter_misc":{"Szerz\u0151:":"miro.sopko","Becs\u00fclt olvas\u00e1si id\u0151":"1 perc"},"schema":{"@context":"https:\/\/schema.org","@graph":[{"@type":"Article","@id":"https:\/\/www.smedemokrati.sk\/podporujeme-opatrovatelky-a-opatrovatelov-lepsie-pracovne-podmienky-ziadaju-opravnene\/#article","isPartOf":{"@id":"https:\/\/www.smedemokrati.sk\/podporujeme-opatrovatelky-a-opatrovatelov-lepsie-pracovne-podmienky-ziadaju-opravnene\/"},"author":{"name":"miro.sopko","@id":"https:\/\/www.smedemokrati.sk\/#\/schema\/person\/21f147c88d605aa7ded900e1e7c344ba"},"headline":"Podporujeme opatrovate\u013eky a opatrovate\u013eov, lep\u0161ie pracovn\u00e9 podmienky \u017eiadaj\u00fa opr\u00e1vnene","datePublished":"2025-03-13T16:54:33+00:00","dateModified":"2025-03-13T16:54:35+00:00","mainEntityOfPage":{"@id":"https:\/\/www.smedemokrati.sk\/podporujeme-opatrovatelky-a-opatrovatelov-lepsie-pracovne-podmienky-ziadaju-opravnene\/"},"wordCount":164,"publisher":{"@id":"https:\/\/www.smedemokrati.sk\/#organization"},"image":{"@id":"https:\/\/www.smedemokrati.sk\/podporujeme-opatrovatelky-a-opatrovatelov-lepsie-pracovne-podmienky-ziadaju-opravnene\/#primaryimage"},"thumbnailUrl":"https:\/\/www.smedemokrati.sk\/wp-content\/uploads\/2025\/03\/opatrovanie.jpg","articleSection":["Vyhl\u00e1senia"],"inLanguage":"hu-HU"},{"@type":"WebPage","@id":"https:\/\/www.smedemokrati.sk\/podporujeme-opatrovatelky-a-opatrovatelov-lepsie-pracovne-podmienky-ziadaju-opravnene\/","url":"https:\/\/www.smedemokrati.sk\/podporujeme-opatrovatelky-a-opatrovatelov-lepsie-pracovne-podmienky-ziadaju-opravnene\/","name":"Podporujeme opatrovate\u013eky a opatrovate\u013eov, lep\u0161ie pracovn\u00e9 podmienky \u017eiadaj\u00fa opr\u00e1vnene","isPartOf":{"@id":"https:\/\/www.smedemokrati.sk\/#website"},"primaryImageOfPage":{"@id":"https:\/\/www.smedemokrati.sk\/podporujeme-opatrovatelky-a-opatrovatelov-lepsie-pracovne-podmienky-ziadaju-opravnene\/#primaryimage"},"image":{"@id":"https:\/\/www.smedemokrati.sk\/podporujeme-opatrovatelky-a-opatrovatelov-lepsie-pracovne-podmienky-ziadaju-opravnene\/#primaryimage"},"thumbnailUrl":"https:\/\/www.smedemokrati.sk\/wp-content\/uploads\/2025\/03\/opatrovanie.jpg","datePublished":"2025-03-13T16:54:33+00:00","dateModified":"2025-03-13T16:54:35+00:00","breadcrumb":{"@id":"https:\/\/www.smedemokrati.sk\/podporujeme-opatrovatelky-a-opatrovatelov-lepsie-pracovne-podmienky-ziadaju-opravnene\/#breadcrumb"},"inLanguage":"hu-HU","potentialAction":[{"@type":"ReadAction","target":["https:\/\/www.smedemokrati.sk\/podporujeme-opatrovatelky-a-opatrovatelov-lepsie-pracovne-podmienky-ziadaju-opravnene\/"]}]},{"@type":"ImageObject","inLanguage":"hu-HU","@id":"https:\/\/www.smedemokrati.sk\/podporujeme-opatrovatelky-a-opatrovatelov-lepsie-pracovne-podmienky-ziadaju-opravnene\/#primaryimage","url":"https:\/\/www.smedemokrati.sk\/wp-content\/uploads\/2025\/03\/opatrovanie.jpg","contentUrl":"https:\/\/www.smedemokrati.sk\/wp-content\/uploads\/2025\/03\/opatrovanie.jpg","width":1600,"height":1067},{"@type":"BreadcrumbList","@id":"https:\/\/www.smedemokrati.sk\/podporujeme-opatrovatelky-a-opatrovatelov-lepsie-pracovne-podmienky-ziadaju-opravnene\/#breadcrumb","itemListElement":[{"@type":"ListItem","position":1,"name":"Domovsk\u00e1 str\u00e1nka","item":"https:\/\/www.smedemokrati.sk\/"},{"@type":"ListItem","position":2,"name":"Podporujeme opatrovate\u013eky a opatrovate\u013eov, lep\u0161ie pracovn\u00e9 podmienky \u017eiadaj\u00fa opr\u00e1vnene"}]},{"@type":"WebSite","@id":"https:\/\/www.smedemokrati.sk\/#website","url":"https:\/\/www.smedemokrati.sk\/","name":"Smedemokrati.sk","description":"Demokracia a slu\u0161nos\u0165 zv\u00ed\u0165az\u00ed","publisher":{"@id":"https:\/\/www.smedemokrati.sk\/#organization"},"potentialAction":[{"@type":"SearchAction","target":{"@type":"EntryPoint","urlTemplate":"https:\/\/www.smedemokrati.sk\/?s={search_term_string}"},"query-input":{"@type":"PropertyValueSpecification","valueRequired":true,"valueName":"search_term_string"}}],"inLanguage":"hu-HU"},{"@type":"Organization","@id":"https:\/\/www.smedemokrati.sk\/#organization","name":"Smedemokrati.sk","url":"https:\/\/www.smedemokrati.sk\/","logo":{"@type":"ImageObject","inLanguage":"hu-HU","@id":"https:\/\/www.smedemokrati.sk\/#\/schema\/logo\/image\/","url":"https:\/\/www.smedemokrati.sk\/wp-content\/uploads\/2023\/04\/ff.002.jpeg","contentUrl":"https:\/\/www.smedemokrati.sk\/wp-content\/uploads\/2023\/04\/ff.002.jpeg","width":640,"height":480,"caption":"Smedemokrati.sk"},"image":{"@id":"https:\/\/www.smedemokrati.sk\/#\/schema\/logo\/image\/"},"sameAs":["https:\/\/www.facebook.com\/smedemokrati2023"]},{"@type":"Person","@id":"https:\/\/www.smedemokrati.sk\/#\/schema\/person\/21f147c88d605aa7ded900e1e7c344ba","name":"miro.sopko","image":{"@type":"ImageObject","inLanguage":"hu-HU","@id":"https:\/\/secure.gravatar.com\/avatar\/267e4a36f704376c109afe3a78740c1f5dd8675a2180a908699e7863c9247606?s=96&d=mm&r=g","url":"https:\/\/secure.gravatar.com\/avatar\/267e4a36f704376c109afe3a78740c1f5dd8675a2180a908699e7863c9247606?s=96&d=mm&r=g","contentUrl":"https:\/\/secure.gravatar.com\/avatar\/267e4a36f704376c109afe3a78740c1f5dd8675a2180a908699e7863c9247606?s=96&d=mm&r=g","caption":"miro.sopko"},"url":"https:\/\/www.smedemokrati.sk\/hu\/author\/miro-sopko\/"}]}},"_links":{"self":[{"href":"https:\/\/www.smedemokrati.sk\/hu\/wp-json\/wp\/v2\/posts\/6610","targetHints":{"allow":["GET"]}}],"collection":[{"href":"https:\/\/www.smedemokrati.sk\/hu\/wp-json\/wp\/v2\/posts"}],"about":[{"href":"https:\/\/www.smedemokrati.sk\/hu\/wp-json\/wp\/v2\/types\/post"}],"author":[{"embeddable":true,"href":"https:\/\/www.smedemokrati.sk\/hu\/wp-json\/wp\/v2\/users\/13"}],"replies":[{"embeddable":true,"href":"https:\/\/www.smedemokrati.sk\/hu\/wp-json\/wp\/v2\/comments?post=6610"}],"version-history":[{"count":1,"href":"https:\/\/www.smedemokrati.sk\/hu\/wp-json\/wp\/v2\/posts\/6610\/revisions"}],"predecessor-version":[{"id":6612,"href":"https:\/\/www.smedemokrati.sk\/hu\/wp-json\/wp\/v2\/posts\/6610\/revisions\/6612"}],"wp:featuredmedia":[{"embeddable":true,"href":"https:\/\/www.smedemokrati.sk\/hu\/wp-json\/wp\/v2\/media\/6611"}],"wp:attachment":[{"href":"https:\/\/www.smedemokrati.sk\/hu\/wp-json\/wp\/v2\/media?parent=6610"}],"wp:term":[{"taxonomy":"category","embeddable":true,"href":"https:\/\/www.smedemokrati.sk\/hu\/wp-json\/wp\/v2\/categories?post=6610"},{"taxonomy":"post_tag","embeddable":true,"href":"https:\/\/www.smedemokrati.sk\/hu\/wp-json\/wp\/v2\/tags?post=6610"}],"curies":[{"name":"wp","href":"https:\/\/api.w.org\/{rel}","templated":true}]}}