{"id":6603,"date":"2025-03-12T17:58:50","date_gmt":"2025-03-12T16:58:50","guid":{"rendered":"https:\/\/www.smedemokrati.sk\/?p=6603"},"modified":"2025-03-12T17:58:54","modified_gmt":"2025-03-12T16:58:54","slug":"caka-nas-leto-bez-folkloru","status":"publish","type":"post","link":"https:\/\/www.smedemokrati.sk\/hu\/caka-nas-leto-bez-folkloru\/","title":{"rendered":"\u010cak\u00e1 n\u00e1s leto bez folkl\u00f3ru?"},"content":{"rendered":"<div id=\"fb-root\"><\/div>\n\n<p><strong>Fond na podporu umenia st\u00e1le nerozhodol o \u017eiadostiach v programe Tradi\u010dn\u00e1 kult\u00fara. Trojmesa\u010dn\u00e9 me\u0161kanie na rozhodnutia o pridelen\u00ed dot\u00e1ci\u00ed sa pod\u013ea inform\u00e1ci\u00ed, ktor\u00e9 maj\u00fa Demokrati natiahne o minim\u00e1lne o \u010fal\u0161ie mesiace.<\/strong><\/p>\n\n\n\n<p><em>\u201eKomisia, ktor\u00e1 m\u00e1 zasadn\u00fa\u0165 a predlo\u017ei\u0165 Rade Fondu na podporu umenia n\u00e1vrh na rozdelenie dot\u00e1ci\u00ed, e\u0161te ani nebola zlo\u017een\u00e1. D\u00f4vodom, pre\u010do doteraz nebola zlo\u017een\u00e1 je odmietanie odborn\u00edkov podie\u013ea\u0165 sa na novom smerovan\u00ed Fondu,\u201d\u00a0<\/em>tvrd\u00ed Dorota Nvotov\u00e1, expertka Demokratov na oblas\u0165 kult\u00fary.<\/p>\n\n\n\n<p>Uveden\u00fd program v minulosti podporil mnoh\u00e9 podujatia, ktor\u00fdch term\u00edn sa nezadr\u017eate\u013ene bl\u00ed\u017ei. Patrili medzi nie napr. Folkl\u00f3rne sl\u00e1vnosti pod Po\u013eanou, Gemersko &#8211; malohontsk\u00e9 folkl\u00f3rne sl\u00e1vnosti, Folkl\u00f3rny festival Koliesko, Zamagursk\u00e9 folkl\u00f3rne sl\u00e1vnosti, Hontianska par\u00e1da \u010di Salamadrove dni v Banskej \u0160tiavnice.<\/p>\n\n\n\n<p><em>\u201ePre uveden\u00e9 podujatia je posun v rozhodovan\u00ed o pridelen\u00ed dot\u00e1cie mimoriadne negat\u00edvnou spr\u00e1vou. V\u00fd\u0161ka dot\u00e1cie ovplyv\u0148uje kvalitu ich programu a jeho dramaturgiu. V tomto obdob\u00ed \u010dasto vstupuj\u00fa do fin\u00e1lnych pr\u00edprav dramaturgie a z\u00e1v\u00e4zn\u00e9ho objedn\u00e1vania umelcov a umeleck\u00fdch s\u00faborov. Bez poznania fin\u00e1lneho rozpo\u010dtu je tento proces zna\u010dne problematick\u00fd,\u201d\u00a0<\/em>dop\u013a\u0148a Nvotov\u00e1.<\/p>\n\n\n\n<p>Fond na podporu umenia je dlhodobo pod vplyvom de\u0161truk\u010dn\u00fdch sn\u00e1h zo strany vedenia ministerstva kult\u00fary, ktor\u00e9 svojim rozhodovan\u00edm vn\u00e1\u0161a chaos a netransparentnos\u0165 do cel\u00e9ho spektra kult\u00farnych aktiv\u00edt. In\u0161tit\u00facia, ktor\u00e1 dlhodobo dodr\u017eiavala term\u00edny uz\u00e1vierok a hodnoten\u00ed je pravidelne v sklze v d\u00f4sledku nekompetentn\u00fdch z\u00e1sahov do funguj\u00faceho syst\u00e9mu fondu a je uk\u00e1\u017ekou neschopnosti ministerky kult\u00fary Martiny \u0160imkovi\u010dovej.<\/p>\n","protected":false},"excerpt":{"rendered":"<p>Fond na podporu umenia st\u00e1le nerozhodol o \u017eiadostiach v programe Tradi\u010dn\u00e1 kult\u00fara. Trojmesa\u010dn\u00e9 me\u0161kanie na rozhodnutia o pridelen\u00ed dot\u00e1ci\u00ed sa pod\u013ea inform\u00e1ci\u00ed, ktor\u00e9 maj\u00fa Demokrati natiahne o minim\u00e1lne o \u010fal\u0161ie mesiace. \u201eKomisia, ktor\u00e1 m\u00e1 zasadn\u00fa\u0165 a predlo\u017ei\u0165 Rade Fondu na podporu umenia n\u00e1vrh na rozdelenie dot\u00e1ci\u00ed, e\u0161te ani nebola zlo\u017een\u00e1. D\u00f4vodom, pre\u010do doteraz nebola zlo\u017een\u00e1 [&hellip;]<\/p>\n","protected":false},"author":13,"featured_media":3097,"comment_status":"closed","ping_status":"closed","sticky":false,"template":"","format":"standard","meta":{"_acf_changed":false,"ngg_post_thumbnail":0,"footnotes":""},"categories":[4],"tags":[],"class_list":["post-6603","post","type-post","status-publish","format-standard","has-post-thumbnail","hentry","category-tlacove-spravy"],"acf":[],"yoast_head":"<!-- This site is optimized with the Yoast SEO plugin v27.2 - https:\/\/yoast.com\/product\/yoast-seo-wordpress\/ -->\n<title>\u010cak\u00e1 n\u00e1s leto bez folkl\u00f3ru?<\/title>\n<meta name=\"robots\" content=\"index, follow, max-snippet:-1, max-image-preview:large, max-video-preview:-1\" \/>\n<link rel=\"canonical\" href=\"https:\/\/www.smedemokrati.sk\/hu\/caka-nas-leto-bez-folkloru\/\" \/>\n<meta property=\"og:locale\" content=\"hu_HU\" \/>\n<meta property=\"og:locale:alternate\" content=\"en_US\" \/>\n<meta property=\"og:locale:alternate\" content=\"cs_CZ\" \/>\n<meta property=\"og:locale:alternate\" content=\"sk_SK\" \/>\n<meta property=\"og:locale:alternate\" content=\"sv_SE\" \/>\n<meta property=\"og:type\" content=\"article\" \/>\n<meta property=\"og:title\" content=\"\u010cak\u00e1 n\u00e1s leto bez folkl\u00f3ru?\" \/>\n<meta property=\"og:description\" content=\"Fond na podporu umenia st\u00e1le nerozhodol o \u017eiadostiach v programe Tradi\u010dn\u00e1 kult\u00fara. Trojmesa\u010dn\u00e9 me\u0161kanie na rozhodnutia o pridelen\u00ed dot\u00e1ci\u00ed sa pod\u013ea inform\u00e1ci\u00ed, ktor\u00e9 maj\u00fa Demokrati natiahne o minim\u00e1lne o \u010fal\u0161ie mesiace. \u201eKomisia, ktor\u00e1 m\u00e1 zasadn\u00fa\u0165 a predlo\u017ei\u0165 Rade Fondu na podporu umenia n\u00e1vrh na rozdelenie dot\u00e1ci\u00ed, e\u0161te ani nebola zlo\u017een\u00e1. D\u00f4vodom, pre\u010do doteraz nebola zlo\u017een\u00e1 [&hellip;]\" \/>\n<meta property=\"og:url\" content=\"https:\/\/www.smedemokrati.sk\/hu\/caka-nas-leto-bez-folkloru\/\" \/>\n<meta property=\"og:site_name\" content=\"Smedemokrati.sk\" \/>\n<meta property=\"article:publisher\" content=\"https:\/\/www.facebook.com\/smedemokrati2023\" \/>\n<meta property=\"article:published_time\" content=\"2025-03-12T16:58:50+00:00\" \/>\n<meta property=\"article:modified_time\" content=\"2025-03-12T16:58:54+00:00\" \/>\n<meta property=\"og:image\" content=\"https:\/\/www.smedemokrati.sk\/wp-content\/uploads\/2024\/03\/simkovicova-1.jpg\" \/>\n\t<meta property=\"og:image:width\" content=\"800\" \/>\n\t<meta property=\"og:image:height\" content=\"448\" \/>\n\t<meta property=\"og:image:type\" content=\"image\/jpeg\" \/>\n<meta name=\"author\" content=\"miro.sopko\" \/>\n<meta name=\"twitter:card\" content=\"summary_large_image\" \/>\n<meta name=\"twitter:label1\" content=\"Szerz\u0151:\" \/>\n\t<meta name=\"twitter:data1\" content=\"miro.sopko\" \/>\n\t<meta name=\"twitter:label2\" content=\"Becs\u00fclt olvas\u00e1si id\u0151\" \/>\n\t<meta name=\"twitter:data2\" content=\"2 perc\" \/>\n<script type=\"application\/ld+json\" class=\"yoast-schema-graph\">{\"@context\":\"https:\/\/schema.org\",\"@graph\":[{\"@type\":\"Article\",\"@id\":\"https:\/\/www.smedemokrati.sk\/caka-nas-leto-bez-folkloru\/#article\",\"isPartOf\":{\"@id\":\"https:\/\/www.smedemokrati.sk\/caka-nas-leto-bez-folkloru\/\"},\"author\":{\"name\":\"miro.sopko\",\"@id\":\"https:\/\/www.smedemokrati.sk\/#\/schema\/person\/21f147c88d605aa7ded900e1e7c344ba\"},\"headline\":\"\u010cak\u00e1 n\u00e1s leto bez folkl\u00f3ru?\",\"datePublished\":\"2025-03-12T16:58:50+00:00\",\"dateModified\":\"2025-03-12T16:58:54+00:00\",\"mainEntityOfPage\":{\"@id\":\"https:\/\/www.smedemokrati.sk\/caka-nas-leto-bez-folkloru\/\"},\"wordCount\":300,\"publisher\":{\"@id\":\"https:\/\/www.smedemokrati.sk\/#organization\"},\"image\":{\"@id\":\"https:\/\/www.smedemokrati.sk\/caka-nas-leto-bez-folkloru\/#primaryimage\"},\"thumbnailUrl\":\"https:\/\/www.smedemokrati.sk\/wp-content\/uploads\/2024\/03\/simkovicova-1.jpg\",\"articleSection\":[\"Tla\u010dov\u00e9 spr\u00e1vy\"],\"inLanguage\":\"hu-HU\"},{\"@type\":\"WebPage\",\"@id\":\"https:\/\/www.smedemokrati.sk\/caka-nas-leto-bez-folkloru\/\",\"url\":\"https:\/\/www.smedemokrati.sk\/caka-nas-leto-bez-folkloru\/\",\"name\":\"\u010cak\u00e1 n\u00e1s leto bez folkl\u00f3ru?\",\"isPartOf\":{\"@id\":\"https:\/\/www.smedemokrati.sk\/#website\"},\"primaryImageOfPage\":{\"@id\":\"https:\/\/www.smedemokrati.sk\/caka-nas-leto-bez-folkloru\/#primaryimage\"},\"image\":{\"@id\":\"https:\/\/www.smedemokrati.sk\/caka-nas-leto-bez-folkloru\/#primaryimage\"},\"thumbnailUrl\":\"https:\/\/www.smedemokrati.sk\/wp-content\/uploads\/2024\/03\/simkovicova-1.jpg\",\"datePublished\":\"2025-03-12T16:58:50+00:00\",\"dateModified\":\"2025-03-12T16:58:54+00:00\",\"breadcrumb\":{\"@id\":\"https:\/\/www.smedemokrati.sk\/caka-nas-leto-bez-folkloru\/#breadcrumb\"},\"inLanguage\":\"hu-HU\",\"potentialAction\":[{\"@type\":\"ReadAction\",\"target\":[\"https:\/\/www.smedemokrati.sk\/caka-nas-leto-bez-folkloru\/\"]}]},{\"@type\":\"ImageObject\",\"inLanguage\":\"hu-HU\",\"@id\":\"https:\/\/www.smedemokrati.sk\/caka-nas-leto-bez-folkloru\/#primaryimage\",\"url\":\"https:\/\/www.smedemokrati.sk\/wp-content\/uploads\/2024\/03\/simkovicova-1.jpg\",\"contentUrl\":\"https:\/\/www.smedemokrati.sk\/wp-content\/uploads\/2024\/03\/simkovicova-1.jpg\",\"width\":800,\"height\":448},{\"@type\":\"BreadcrumbList\",\"@id\":\"https:\/\/www.smedemokrati.sk\/caka-nas-leto-bez-folkloru\/#breadcrumb\",\"itemListElement\":[{\"@type\":\"ListItem\",\"position\":1,\"name\":\"Domovsk\u00e1 str\u00e1nka\",\"item\":\"https:\/\/www.smedemokrati.sk\/\"},{\"@type\":\"ListItem\",\"position\":2,\"name\":\"\u010cak\u00e1 n\u00e1s leto bez folkl\u00f3ru?\"}]},{\"@type\":\"WebSite\",\"@id\":\"https:\/\/www.smedemokrati.sk\/#website\",\"url\":\"https:\/\/www.smedemokrati.sk\/\",\"name\":\"Smedemokrati.sk\",\"description\":\"Demokracia a slu\u0161nos\u0165 zv\u00ed\u0165az\u00ed\",\"publisher\":{\"@id\":\"https:\/\/www.smedemokrati.sk\/#organization\"},\"potentialAction\":[{\"@type\":\"SearchAction\",\"target\":{\"@type\":\"EntryPoint\",\"urlTemplate\":\"https:\/\/www.smedemokrati.sk\/?s={search_term_string}\"},\"query-input\":{\"@type\":\"PropertyValueSpecification\",\"valueRequired\":true,\"valueName\":\"search_term_string\"}}],\"inLanguage\":\"hu-HU\"},{\"@type\":\"Organization\",\"@id\":\"https:\/\/www.smedemokrati.sk\/#organization\",\"name\":\"Smedemokrati.sk\",\"url\":\"https:\/\/www.smedemokrati.sk\/\",\"logo\":{\"@type\":\"ImageObject\",\"inLanguage\":\"hu-HU\",\"@id\":\"https:\/\/www.smedemokrati.sk\/#\/schema\/logo\/image\/\",\"url\":\"https:\/\/www.smedemokrati.sk\/wp-content\/uploads\/2023\/04\/ff.002.jpeg\",\"contentUrl\":\"https:\/\/www.smedemokrati.sk\/wp-content\/uploads\/2023\/04\/ff.002.jpeg\",\"width\":640,\"height\":480,\"caption\":\"Smedemokrati.sk\"},\"image\":{\"@id\":\"https:\/\/www.smedemokrati.sk\/#\/schema\/logo\/image\/\"},\"sameAs\":[\"https:\/\/www.facebook.com\/smedemokrati2023\"]},{\"@type\":\"Person\",\"@id\":\"https:\/\/www.smedemokrati.sk\/#\/schema\/person\/21f147c88d605aa7ded900e1e7c344ba\",\"name\":\"miro.sopko\",\"image\":{\"@type\":\"ImageObject\",\"inLanguage\":\"hu-HU\",\"@id\":\"https:\/\/secure.gravatar.com\/avatar\/267e4a36f704376c109afe3a78740c1f5dd8675a2180a908699e7863c9247606?s=96&d=mm&r=g\",\"url\":\"https:\/\/secure.gravatar.com\/avatar\/267e4a36f704376c109afe3a78740c1f5dd8675a2180a908699e7863c9247606?s=96&d=mm&r=g\",\"contentUrl\":\"https:\/\/secure.gravatar.com\/avatar\/267e4a36f704376c109afe3a78740c1f5dd8675a2180a908699e7863c9247606?s=96&d=mm&r=g\",\"caption\":\"miro.sopko\"},\"url\":\"https:\/\/www.smedemokrati.sk\/hu\/author\/miro-sopko\/\"}]}<\/script>\n<!-- \/ Yoast SEO plugin. -->","yoast_head_json":{"title":"\u010cak\u00e1 n\u00e1s leto bez folkl\u00f3ru?","robots":{"index":"index","follow":"follow","max-snippet":"max-snippet:-1","max-image-preview":"max-image-preview:large","max-video-preview":"max-video-preview:-1"},"canonical":"https:\/\/www.smedemokrati.sk\/hu\/caka-nas-leto-bez-folkloru\/","og_locale":"hu_HU","og_type":"article","og_title":"[:sk]\u010cak\u00e1 n\u00e1s leto bez folkl\u00f3ru?[:] - Smedemokrati.sk","og_description":"Fond na podporu umenia st\u00e1le nerozhodol o \u017eiadostiach v programe Tradi\u010dn\u00e1 kult\u00fara. Trojmesa\u010dn\u00e9 me\u0161kanie na rozhodnutia o pridelen\u00ed dot\u00e1ci\u00ed sa pod\u013ea inform\u00e1ci\u00ed, ktor\u00e9 maj\u00fa Demokrati natiahne o minim\u00e1lne o \u010fal\u0161ie mesiace. \u201eKomisia, ktor\u00e1 m\u00e1 zasadn\u00fa\u0165 a predlo\u017ei\u0165 Rade Fondu na podporu umenia n\u00e1vrh na rozdelenie dot\u00e1ci\u00ed, e\u0161te ani nebola zlo\u017een\u00e1. D\u00f4vodom, pre\u010do doteraz nebola zlo\u017een\u00e1 [&hellip;]","og_url":"https:\/\/www.smedemokrati.sk\/hu\/caka-nas-leto-bez-folkloru\/","og_site_name":"Smedemokrati.sk","article_publisher":"https:\/\/www.facebook.com\/smedemokrati2023","article_published_time":"2025-03-12T16:58:50+00:00","article_modified_time":"2025-03-12T16:58:54+00:00","og_image":[{"width":800,"height":448,"url":"https:\/\/www.smedemokrati.sk\/wp-content\/uploads\/2024\/03\/simkovicova-1.jpg","type":"image\/jpeg"}],"author":"miro.sopko","twitter_card":"summary_large_image","twitter_misc":{"Szerz\u0151:":"miro.sopko","Becs\u00fclt olvas\u00e1si id\u0151":"2 perc"},"schema":{"@context":"https:\/\/schema.org","@graph":[{"@type":"Article","@id":"https:\/\/www.smedemokrati.sk\/caka-nas-leto-bez-folkloru\/#article","isPartOf":{"@id":"https:\/\/www.smedemokrati.sk\/caka-nas-leto-bez-folkloru\/"},"author":{"name":"miro.sopko","@id":"https:\/\/www.smedemokrati.sk\/#\/schema\/person\/21f147c88d605aa7ded900e1e7c344ba"},"headline":"\u010cak\u00e1 n\u00e1s leto bez folkl\u00f3ru?","datePublished":"2025-03-12T16:58:50+00:00","dateModified":"2025-03-12T16:58:54+00:00","mainEntityOfPage":{"@id":"https:\/\/www.smedemokrati.sk\/caka-nas-leto-bez-folkloru\/"},"wordCount":300,"publisher":{"@id":"https:\/\/www.smedemokrati.sk\/#organization"},"image":{"@id":"https:\/\/www.smedemokrati.sk\/caka-nas-leto-bez-folkloru\/#primaryimage"},"thumbnailUrl":"https:\/\/www.smedemokrati.sk\/wp-content\/uploads\/2024\/03\/simkovicova-1.jpg","articleSection":["Tla\u010dov\u00e9 spr\u00e1vy"],"inLanguage":"hu-HU"},{"@type":"WebPage","@id":"https:\/\/www.smedemokrati.sk\/caka-nas-leto-bez-folkloru\/","url":"https:\/\/www.smedemokrati.sk\/caka-nas-leto-bez-folkloru\/","name":"\u010cak\u00e1 n\u00e1s leto bez folkl\u00f3ru?","isPartOf":{"@id":"https:\/\/www.smedemokrati.sk\/#website"},"primaryImageOfPage":{"@id":"https:\/\/www.smedemokrati.sk\/caka-nas-leto-bez-folkloru\/#primaryimage"},"image":{"@id":"https:\/\/www.smedemokrati.sk\/caka-nas-leto-bez-folkloru\/#primaryimage"},"thumbnailUrl":"https:\/\/www.smedemokrati.sk\/wp-content\/uploads\/2024\/03\/simkovicova-1.jpg","datePublished":"2025-03-12T16:58:50+00:00","dateModified":"2025-03-12T16:58:54+00:00","breadcrumb":{"@id":"https:\/\/www.smedemokrati.sk\/caka-nas-leto-bez-folkloru\/#breadcrumb"},"inLanguage":"hu-HU","potentialAction":[{"@type":"ReadAction","target":["https:\/\/www.smedemokrati.sk\/caka-nas-leto-bez-folkloru\/"]}]},{"@type":"ImageObject","inLanguage":"hu-HU","@id":"https:\/\/www.smedemokrati.sk\/caka-nas-leto-bez-folkloru\/#primaryimage","url":"https:\/\/www.smedemokrati.sk\/wp-content\/uploads\/2024\/03\/simkovicova-1.jpg","contentUrl":"https:\/\/www.smedemokrati.sk\/wp-content\/uploads\/2024\/03\/simkovicova-1.jpg","width":800,"height":448},{"@type":"BreadcrumbList","@id":"https:\/\/www.smedemokrati.sk\/caka-nas-leto-bez-folkloru\/#breadcrumb","itemListElement":[{"@type":"ListItem","position":1,"name":"Domovsk\u00e1 str\u00e1nka","item":"https:\/\/www.smedemokrati.sk\/"},{"@type":"ListItem","position":2,"name":"\u010cak\u00e1 n\u00e1s leto bez folkl\u00f3ru?"}]},{"@type":"WebSite","@id":"https:\/\/www.smedemokrati.sk\/#website","url":"https:\/\/www.smedemokrati.sk\/","name":"Smedemokrati.sk","description":"Demokracia a slu\u0161nos\u0165 zv\u00ed\u0165az\u00ed","publisher":{"@id":"https:\/\/www.smedemokrati.sk\/#organization"},"potentialAction":[{"@type":"SearchAction","target":{"@type":"EntryPoint","urlTemplate":"https:\/\/www.smedemokrati.sk\/?s={search_term_string}"},"query-input":{"@type":"PropertyValueSpecification","valueRequired":true,"valueName":"search_term_string"}}],"inLanguage":"hu-HU"},{"@type":"Organization","@id":"https:\/\/www.smedemokrati.sk\/#organization","name":"Smedemokrati.sk","url":"https:\/\/www.smedemokrati.sk\/","logo":{"@type":"ImageObject","inLanguage":"hu-HU","@id":"https:\/\/www.smedemokrati.sk\/#\/schema\/logo\/image\/","url":"https:\/\/www.smedemokrati.sk\/wp-content\/uploads\/2023\/04\/ff.002.jpeg","contentUrl":"https:\/\/www.smedemokrati.sk\/wp-content\/uploads\/2023\/04\/ff.002.jpeg","width":640,"height":480,"caption":"Smedemokrati.sk"},"image":{"@id":"https:\/\/www.smedemokrati.sk\/#\/schema\/logo\/image\/"},"sameAs":["https:\/\/www.facebook.com\/smedemokrati2023"]},{"@type":"Person","@id":"https:\/\/www.smedemokrati.sk\/#\/schema\/person\/21f147c88d605aa7ded900e1e7c344ba","name":"miro.sopko","image":{"@type":"ImageObject","inLanguage":"hu-HU","@id":"https:\/\/secure.gravatar.com\/avatar\/267e4a36f704376c109afe3a78740c1f5dd8675a2180a908699e7863c9247606?s=96&d=mm&r=g","url":"https:\/\/secure.gravatar.com\/avatar\/267e4a36f704376c109afe3a78740c1f5dd8675a2180a908699e7863c9247606?s=96&d=mm&r=g","contentUrl":"https:\/\/secure.gravatar.com\/avatar\/267e4a36f704376c109afe3a78740c1f5dd8675a2180a908699e7863c9247606?s=96&d=mm&r=g","caption":"miro.sopko"},"url":"https:\/\/www.smedemokrati.sk\/hu\/author\/miro-sopko\/"}]}},"_links":{"self":[{"href":"https:\/\/www.smedemokrati.sk\/hu\/wp-json\/wp\/v2\/posts\/6603","targetHints":{"allow":["GET"]}}],"collection":[{"href":"https:\/\/www.smedemokrati.sk\/hu\/wp-json\/wp\/v2\/posts"}],"about":[{"href":"https:\/\/www.smedemokrati.sk\/hu\/wp-json\/wp\/v2\/types\/post"}],"author":[{"embeddable":true,"href":"https:\/\/www.smedemokrati.sk\/hu\/wp-json\/wp\/v2\/users\/13"}],"replies":[{"embeddable":true,"href":"https:\/\/www.smedemokrati.sk\/hu\/wp-json\/wp\/v2\/comments?post=6603"}],"version-history":[{"count":1,"href":"https:\/\/www.smedemokrati.sk\/hu\/wp-json\/wp\/v2\/posts\/6603\/revisions"}],"predecessor-version":[{"id":6604,"href":"https:\/\/www.smedemokrati.sk\/hu\/wp-json\/wp\/v2\/posts\/6603\/revisions\/6604"}],"wp:featuredmedia":[{"embeddable":true,"href":"https:\/\/www.smedemokrati.sk\/hu\/wp-json\/wp\/v2\/media\/3097"}],"wp:attachment":[{"href":"https:\/\/www.smedemokrati.sk\/hu\/wp-json\/wp\/v2\/media?parent=6603"}],"wp:term":[{"taxonomy":"category","embeddable":true,"href":"https:\/\/www.smedemokrati.sk\/hu\/wp-json\/wp\/v2\/categories?post=6603"},{"taxonomy":"post_tag","embeddable":true,"href":"https:\/\/www.smedemokrati.sk\/hu\/wp-json\/wp\/v2\/tags?post=6603"}],"curies":[{"name":"wp","href":"https:\/\/api.w.org\/{rel}","templated":true}]}}