{"id":6573,"date":"2025-03-10T13:43:09","date_gmt":"2025-03-10T12:43:09","guid":{"rendered":"https:\/\/www.smedemokrati.sk\/?p=6573"},"modified":"2025-03-10T13:43:10","modified_gmt":"2025-03-10T12:43:10","slug":"statni-tajomnici-na-huliakovom-rezorte-su-prepojeni-na-suju-ma-vladna-koalicia-noveho-ticheho-piateho-partnera-hnutie-republika","status":"publish","type":"post","link":"https:\/\/www.smedemokrati.sk\/hu\/statni-tajomnici-na-huliakovom-rezorte-su-prepojeni-na-suju-ma-vladna-koalicia-noveho-ticheho-piateho-partnera-hnutie-republika\/","title":{"rendered":"\u0160t\u00e1tni tajomn\u00edci na Huliakovom rezorte s\u00fa prepojen\u00ed na Suju, m\u00e1 vl\u00e1dna koal\u00edcia nov\u00e9ho tich\u00e9ho piateho partnera hnutie Republika?"},"content":{"rendered":"<div id=\"fb-root\"><\/div>\n\n<p><strong>Man\u017eelka \u0161t\u00e1tneho tajomn\u00edka na ministerstve cestovn\u00e9ho ruchu a \u0161portu Martina Krn\u00e1\u010da je konate\u013ekou vo firme Miroslava Suju. \u0160t\u00e1tna tajomn\u00ed\u010dka \u0160ufliarska Libiakova by mala by\u0165 pod\u013ea inform\u00e1ci\u00ed b\u00fdvalou bl\u00edzkou osobou podpredsedu hnutia Republika Suju, jej b\u00fdval\u00fd zamestn\u00e1vate\u013e je dnes konate\u013eom v Sujovej firme.<\/strong><strong>Demokrati sa p\u00fdtaj\u00fa, \u010di sa takto stalo&nbsp;hnutie Republika piatym koali\u010dn\u00fdm partnerom a Robert Fico za\u010dal spolupracova\u0165 s hnut\u00edm, ktor\u00e9ho predstavitelia s\u00fa ods\u00faden\u00ed za extr\u00e9mizmus.<\/strong><\/p>\n\n\n\n<p>\u201e<em>Ministerstvo cestovn\u00e9ho ruchu a \u0161portu m\u00e1 rozpo\u010det 200 mil. a m\u00e1 o nich rozhodova\u0165 Huliak so svojimi \u0161t\u00e1tnymi tajomn\u00edkmi, o ktor\u00fdch vieme iba to, \u017ee s\u00fa prepojen\u00ed na Miroslava Suju z Republiky alebo to, \u017ee p\u00e1n Krn\u00e1\u010d je v\u00e1\u0161niv\u00fd po\u013eovn\u00edk a pani \u0160ufliarska Libiakova\u00a0bola obchodnou riadite\u013ekou lok\u00e1lnej tenisovej \u0161koly. \u017diadna odbornos\u0165, \u017eiadna v\u00edzia, \u017eiadne v\u00fdznamn\u00e9 men\u00e1, ktor\u00e9 by poznali fungovanie \u0161portov\u00fdch zv\u00e4zov alebo klubov.&#8221;\u00a0<\/em>Otv\u00e1ra t\u00e9mu podpredseda Demokratov Juraj \u0160eliga a upres\u0148uje, \u017ee man\u017eelka \u0161t\u00e1tneho tajomn\u00edka Krn\u00e1\u010da je konate\u013ekou v Sujovej firme a rovnako, \u0161t\u00e1tna tajomn\u00ed\u010dka pracovala pre J\u00e1na Fekia\u010da, ktor\u00fd je takisto konate\u013eom v rovnakej spolo\u010dnosti.\u00a0<\/p>\n\n\n\n<p><em>&#8222;Je Republika piatym koali\u010dn\u00fdm partnerom? Toto je t\u00e1 Ficova hr\u00e1dza proti extr\u00e9mizmu, \u017ee za\u010dne dosadzova\u0165 Sujov\u00fdch \u013eud\u00ed na ministerstv\u00e1? O n\u00e1hod\u00e1ch sme po\u010duli, ale zatia\u013e sme ich nevideli. Suja a Republika s\u00fa takto evidentne s\u00fa\u010das\u0165ou Ficovej vl\u00e1dy. Je dobre vedie\u0165, \u017ee na konci d\u0148a zas i\u0161lo len o fleky a nie o odbornos\u0165. Menovan\u00ed nemaj\u00fa so \u0161portom a cestovn\u00fdm ruchom ni\u010d, rovnako ako Huliak. Ak sa najbli\u017e\u0161ie&nbsp;bude Republika ako\u017ee kritizova\u0165 vl\u00e1du, tak im pripome\u0148te ich nominantov&nbsp;na ministerstve. Budeme pozorne sledova\u0165, aby to nenapadlo na ministerstve rovnako ako pri predaji techniky Sujom v Banskej Bystrici na V\u00daC.&#8221;&nbsp;<\/em>hovor\u00ed Juraj \u0160eliga. U\u017e len bonmotom je, \u017ee majetok z Banskobystrickej \u017eupy, ktor\u00fd pred\u00e1val Suja (st\u00e1le vy\u0161etrovan\u00fd) mal cez sprostredkovate\u013ea skon\u010di\u0165 vo firme Krn\u00e1\u010dovho otca.&nbsp;<\/p>\n\n\n\n<p>Richard Nemec b\u00fdval\u00fd \u0161t\u00e1tny tajomn\u00edk pre \u0161port a reprezentant a tr\u00e9ner vo volejbale kritizuje, \u017ee Huliak nepredstavil \u017eiadnu v\u00edziu:\u00a0<em>\u201e\u0160port nepotrebuje Huliakove stretnutia, z ktor\u00fdch nie je ni\u010d iba pekn\u00e9 fotky. Potrebujeme jasn\u00fa sch\u00e9mu fungovania \u0161portu a najm\u00e4 \u0161portov\u00fdch klubov, ktor\u00ed sa venuj\u00fa ml\u00e1de\u017ei. Preto\u017ee 85% mlad\u00fdch do 17 rokov kon\u010d\u00ed so \u0161portom, ako potom chceme vychova\u0165 profesion\u00e1lov?&#8221;\u00a0<\/em>Hovor\u00ed Nemec a pripom\u00edna, \u017ee b\u00fdval\u00e1 vl\u00e1da pripravila komplet z\u00e1kon ku \u0161portu a k digitaliz\u00e1cii, ktor\u00e9 sta\u010d\u00ed len vytiahnu\u0165 zo \u0161ufl\u00edka.\u00a0<\/p>\n\n\n\n<p>\u010clen pracovnej skupiny pre ekonomiku Dominik Sumbal upozor\u0148uje, \u017ee ministerstvo \u0161portu zdru\u017euje aj cestovn\u00fd ruch:<em>\u00a0\u201e150 tis\u00edc zamestnancov pracuje v cestovnom ruchu. V oblasti, ktor\u00fa dostal na zodpovednos\u0165 Rudolf Huliak. O\u010dak\u00e1vam, \u017ee sa bude venova\u0165 aj tejto agende a najm\u00e4 falo\u0161nej 5% dani, ktor\u00e1 je ur\u010den\u00e1 len pre prev\u00e1dzky, kde sa pred\u00e1 jedlo. Ostatn\u00e1 da\u0148 i\u0161la hore. Navrhujeme, aby t\u00e1to da\u0148 v hotelierstve a cestovnom ruchu bola upraven\u00e1 jednotne na 5%. Pri nomin\u00e1cii Huliaka sa ve\u013ea hovor\u00ed o \u0161porte, ale cestovn\u00fd ruch a teda pracovn\u00e9 miesta pre \u013eud\u00ed na Slovensku nem\u00f4\u017eu by\u0165 v \u00fazad\u00ed a ignorovan\u00e9.&#8221;<\/em><\/p>\n\n\n<div class=\"fb-video\" data-href=\"https:\/\/fb.watch\/yezussVFvH\" data-allowfullscreen=\"true\" data-autoplay=\"false\" data-width=\"\" data-show-text=\"false\" data-show-captions=\"true\"><\/div>\n","protected":false},"excerpt":{"rendered":"<p>Man\u017eelka \u0161t\u00e1tneho tajomn\u00edka na ministerstve cestovn\u00e9ho ruchu a \u0161portu Martina Krn\u00e1\u010da je konate\u013ekou vo firme Miroslava Suju. \u0160t\u00e1tna tajomn\u00ed\u010dka \u0160ufliarska Libiakova by mala by\u0165 pod\u013ea inform\u00e1ci\u00ed b\u00fdvalou bl\u00edzkou osobou podpredsedu hnutia Republika Suju, jej b\u00fdval\u00fd zamestn\u00e1vate\u013e je dnes konate\u013eom v Sujovej firme.Demokrati sa p\u00fdtaj\u00fa, \u010di sa takto stalo&nbsp;hnutie Republika piatym koali\u010dn\u00fdm partnerom a Robert Fico [&hellip;]<\/p>\n","protected":false},"author":13,"featured_media":6574,"comment_status":"closed","ping_status":"closed","sticky":false,"template":"","format":"standard","meta":{"_acf_changed":false,"ngg_post_thumbnail":0,"footnotes":""},"categories":[4],"tags":[],"class_list":["post-6573","post","type-post","status-publish","format-standard","has-post-thumbnail","hentry","category-tlacove-spravy"],"acf":[],"yoast_head":"<!-- This site is optimized with the Yoast SEO plugin v27.2 - https:\/\/yoast.com\/product\/yoast-seo-wordpress\/ -->\n<title>\u0160t\u00e1tni tajomn\u00edci na Huliakovom rezorte s\u00fa prepojen\u00ed na Suju, m\u00e1 vl\u00e1dna koal\u00edcia nov\u00e9ho tich\u00e9ho piateho partnera hnutie Republika?<\/title>\n<meta name=\"robots\" content=\"index, follow, max-snippet:-1, max-image-preview:large, max-video-preview:-1\" \/>\n<link rel=\"canonical\" href=\"https:\/\/www.smedemokrati.sk\/hu\/statni-tajomnici-na-huliakovom-rezorte-su-prepojeni-na-suju-ma-vladna-koalicia-noveho-ticheho-piateho-partnera-hnutie-republika\/\" \/>\n<meta property=\"og:locale\" content=\"hu_HU\" \/>\n<meta property=\"og:locale:alternate\" content=\"en_US\" \/>\n<meta property=\"og:locale:alternate\" content=\"cs_CZ\" \/>\n<meta property=\"og:locale:alternate\" content=\"sk_SK\" \/>\n<meta property=\"og:locale:alternate\" content=\"sv_SE\" \/>\n<meta property=\"og:type\" content=\"article\" \/>\n<meta property=\"og:title\" content=\"\u0160t\u00e1tni tajomn\u00edci na Huliakovom rezorte s\u00fa prepojen\u00ed na Suju, m\u00e1 vl\u00e1dna koal\u00edcia nov\u00e9ho tich\u00e9ho piateho partnera hnutie Republika?\" \/>\n<meta property=\"og:description\" content=\"Man\u017eelka \u0161t\u00e1tneho tajomn\u00edka na ministerstve cestovn\u00e9ho ruchu a \u0161portu Martina Krn\u00e1\u010da je konate\u013ekou vo firme Miroslava Suju. \u0160t\u00e1tna tajomn\u00ed\u010dka \u0160ufliarska Libiakova by mala by\u0165 pod\u013ea inform\u00e1ci\u00ed b\u00fdvalou bl\u00edzkou osobou podpredsedu hnutia Republika Suju, jej b\u00fdval\u00fd zamestn\u00e1vate\u013e je dnes konate\u013eom v Sujovej firme.Demokrati sa p\u00fdtaj\u00fa, \u010di sa takto stalo&nbsp;hnutie Republika piatym koali\u010dn\u00fdm partnerom a Robert Fico [&hellip;]\" \/>\n<meta property=\"og:url\" content=\"https:\/\/www.smedemokrati.sk\/hu\/statni-tajomnici-na-huliakovom-rezorte-su-prepojeni-na-suju-ma-vladna-koalicia-noveho-ticheho-piateho-partnera-hnutie-republika\/\" \/>\n<meta property=\"og:site_name\" content=\"Smedemokrati.sk\" \/>\n<meta property=\"article:publisher\" content=\"https:\/\/www.facebook.com\/smedemokrati2023\" \/>\n<meta property=\"article:published_time\" content=\"2025-03-10T12:43:09+00:00\" \/>\n<meta property=\"article:modified_time\" content=\"2025-03-10T12:43:10+00:00\" \/>\n<meta property=\"og:image\" content=\"https:\/\/www.smedemokrati.sk\/wp-content\/uploads\/2025\/03\/5-koalicny-partner.jpg\" \/>\n\t<meta property=\"og:image:width\" content=\"830\" \/>\n\t<meta property=\"og:image:height\" content=\"413\" \/>\n\t<meta property=\"og:image:type\" content=\"image\/jpeg\" \/>\n<meta name=\"author\" content=\"miro.sopko\" \/>\n<meta name=\"twitter:card\" content=\"summary_large_image\" \/>\n<meta name=\"twitter:label1\" content=\"Szerz\u0151:\" \/>\n\t<meta name=\"twitter:data1\" content=\"miro.sopko\" \/>\n\t<meta name=\"twitter:label2\" content=\"Becs\u00fclt olvas\u00e1si id\u0151\" \/>\n\t<meta name=\"twitter:data2\" content=\"3 perc\" \/>\n<script type=\"application\/ld+json\" class=\"yoast-schema-graph\">{\"@context\":\"https:\/\/schema.org\",\"@graph\":[{\"@type\":\"Article\",\"@id\":\"https:\/\/www.smedemokrati.sk\/statni-tajomnici-na-huliakovom-rezorte-su-prepojeni-na-suju-ma-vladna-koalicia-noveho-ticheho-piateho-partnera-hnutie-republika\/#article\",\"isPartOf\":{\"@id\":\"https:\/\/www.smedemokrati.sk\/statni-tajomnici-na-huliakovom-rezorte-su-prepojeni-na-suju-ma-vladna-koalicia-noveho-ticheho-piateho-partnera-hnutie-republika\/\"},\"author\":{\"name\":\"miro.sopko\",\"@id\":\"https:\/\/www.smedemokrati.sk\/#\/schema\/person\/21f147c88d605aa7ded900e1e7c344ba\"},\"headline\":\"\u0160t\u00e1tni tajomn\u00edci na Huliakovom rezorte s\u00fa prepojen\u00ed na Suju, m\u00e1 vl\u00e1dna koal\u00edcia nov\u00e9ho tich\u00e9ho piateho partnera hnutie Republika?\",\"datePublished\":\"2025-03-10T12:43:09+00:00\",\"dateModified\":\"2025-03-10T12:43:10+00:00\",\"mainEntityOfPage\":{\"@id\":\"https:\/\/www.smedemokrati.sk\/statni-tajomnici-na-huliakovom-rezorte-su-prepojeni-na-suju-ma-vladna-koalicia-noveho-ticheho-piateho-partnera-hnutie-republika\/\"},\"wordCount\":606,\"publisher\":{\"@id\":\"https:\/\/www.smedemokrati.sk\/#organization\"},\"image\":{\"@id\":\"https:\/\/www.smedemokrati.sk\/statni-tajomnici-na-huliakovom-rezorte-su-prepojeni-na-suju-ma-vladna-koalicia-noveho-ticheho-piateho-partnera-hnutie-republika\/#primaryimage\"},\"thumbnailUrl\":\"https:\/\/www.smedemokrati.sk\/wp-content\/uploads\/2025\/03\/5-koalicny-partner.jpg\",\"articleSection\":[\"Tla\u010dov\u00e9 spr\u00e1vy\"],\"inLanguage\":\"hu-HU\"},{\"@type\":\"WebPage\",\"@id\":\"https:\/\/www.smedemokrati.sk\/statni-tajomnici-na-huliakovom-rezorte-su-prepojeni-na-suju-ma-vladna-koalicia-noveho-ticheho-piateho-partnera-hnutie-republika\/\",\"url\":\"https:\/\/www.smedemokrati.sk\/statni-tajomnici-na-huliakovom-rezorte-su-prepojeni-na-suju-ma-vladna-koalicia-noveho-ticheho-piateho-partnera-hnutie-republika\/\",\"name\":\"\u0160t\u00e1tni tajomn\u00edci na Huliakovom rezorte s\u00fa prepojen\u00ed na Suju, m\u00e1 vl\u00e1dna koal\u00edcia nov\u00e9ho tich\u00e9ho piateho partnera hnutie Republika?\",\"isPartOf\":{\"@id\":\"https:\/\/www.smedemokrati.sk\/#website\"},\"primaryImageOfPage\":{\"@id\":\"https:\/\/www.smedemokrati.sk\/statni-tajomnici-na-huliakovom-rezorte-su-prepojeni-na-suju-ma-vladna-koalicia-noveho-ticheho-piateho-partnera-hnutie-republika\/#primaryimage\"},\"image\":{\"@id\":\"https:\/\/www.smedemokrati.sk\/statni-tajomnici-na-huliakovom-rezorte-su-prepojeni-na-suju-ma-vladna-koalicia-noveho-ticheho-piateho-partnera-hnutie-republika\/#primaryimage\"},\"thumbnailUrl\":\"https:\/\/www.smedemokrati.sk\/wp-content\/uploads\/2025\/03\/5-koalicny-partner.jpg\",\"datePublished\":\"2025-03-10T12:43:09+00:00\",\"dateModified\":\"2025-03-10T12:43:10+00:00\",\"breadcrumb\":{\"@id\":\"https:\/\/www.smedemokrati.sk\/statni-tajomnici-na-huliakovom-rezorte-su-prepojeni-na-suju-ma-vladna-koalicia-noveho-ticheho-piateho-partnera-hnutie-republika\/#breadcrumb\"},\"inLanguage\":\"hu-HU\",\"potentialAction\":[{\"@type\":\"ReadAction\",\"target\":[\"https:\/\/www.smedemokrati.sk\/statni-tajomnici-na-huliakovom-rezorte-su-prepojeni-na-suju-ma-vladna-koalicia-noveho-ticheho-piateho-partnera-hnutie-republika\/\"]}]},{\"@type\":\"ImageObject\",\"inLanguage\":\"hu-HU\",\"@id\":\"https:\/\/www.smedemokrati.sk\/statni-tajomnici-na-huliakovom-rezorte-su-prepojeni-na-suju-ma-vladna-koalicia-noveho-ticheho-piateho-partnera-hnutie-republika\/#primaryimage\",\"url\":\"https:\/\/www.smedemokrati.sk\/wp-content\/uploads\/2025\/03\/5-koalicny-partner.jpg\",\"contentUrl\":\"https:\/\/www.smedemokrati.sk\/wp-content\/uploads\/2025\/03\/5-koalicny-partner.jpg\",\"width\":830,\"height\":413},{\"@type\":\"BreadcrumbList\",\"@id\":\"https:\/\/www.smedemokrati.sk\/statni-tajomnici-na-huliakovom-rezorte-su-prepojeni-na-suju-ma-vladna-koalicia-noveho-ticheho-piateho-partnera-hnutie-republika\/#breadcrumb\",\"itemListElement\":[{\"@type\":\"ListItem\",\"position\":1,\"name\":\"Domovsk\u00e1 str\u00e1nka\",\"item\":\"https:\/\/www.smedemokrati.sk\/\"},{\"@type\":\"ListItem\",\"position\":2,\"name\":\"\u0160t\u00e1tni tajomn\u00edci na Huliakovom rezorte s\u00fa prepojen\u00ed na Suju, m\u00e1 vl\u00e1dna koal\u00edcia nov\u00e9ho tich\u00e9ho piateho partnera hnutie Republika?\"}]},{\"@type\":\"WebSite\",\"@id\":\"https:\/\/www.smedemokrati.sk\/#website\",\"url\":\"https:\/\/www.smedemokrati.sk\/\",\"name\":\"Smedemokrati.sk\",\"description\":\"Demokracia a slu\u0161nos\u0165 zv\u00ed\u0165az\u00ed\",\"publisher\":{\"@id\":\"https:\/\/www.smedemokrati.sk\/#organization\"},\"potentialAction\":[{\"@type\":\"SearchAction\",\"target\":{\"@type\":\"EntryPoint\",\"urlTemplate\":\"https:\/\/www.smedemokrati.sk\/?s={search_term_string}\"},\"query-input\":{\"@type\":\"PropertyValueSpecification\",\"valueRequired\":true,\"valueName\":\"search_term_string\"}}],\"inLanguage\":\"hu-HU\"},{\"@type\":\"Organization\",\"@id\":\"https:\/\/www.smedemokrati.sk\/#organization\",\"name\":\"Smedemokrati.sk\",\"url\":\"https:\/\/www.smedemokrati.sk\/\",\"logo\":{\"@type\":\"ImageObject\",\"inLanguage\":\"hu-HU\",\"@id\":\"https:\/\/www.smedemokrati.sk\/#\/schema\/logo\/image\/\",\"url\":\"https:\/\/www.smedemokrati.sk\/wp-content\/uploads\/2023\/04\/ff.002.jpeg\",\"contentUrl\":\"https:\/\/www.smedemokrati.sk\/wp-content\/uploads\/2023\/04\/ff.002.jpeg\",\"width\":640,\"height\":480,\"caption\":\"Smedemokrati.sk\"},\"image\":{\"@id\":\"https:\/\/www.smedemokrati.sk\/#\/schema\/logo\/image\/\"},\"sameAs\":[\"https:\/\/www.facebook.com\/smedemokrati2023\"]},{\"@type\":\"Person\",\"@id\":\"https:\/\/www.smedemokrati.sk\/#\/schema\/person\/21f147c88d605aa7ded900e1e7c344ba\",\"name\":\"miro.sopko\",\"image\":{\"@type\":\"ImageObject\",\"inLanguage\":\"hu-HU\",\"@id\":\"https:\/\/secure.gravatar.com\/avatar\/267e4a36f704376c109afe3a78740c1f5dd8675a2180a908699e7863c9247606?s=96&d=mm&r=g\",\"url\":\"https:\/\/secure.gravatar.com\/avatar\/267e4a36f704376c109afe3a78740c1f5dd8675a2180a908699e7863c9247606?s=96&d=mm&r=g\",\"contentUrl\":\"https:\/\/secure.gravatar.com\/avatar\/267e4a36f704376c109afe3a78740c1f5dd8675a2180a908699e7863c9247606?s=96&d=mm&r=g\",\"caption\":\"miro.sopko\"},\"url\":\"https:\/\/www.smedemokrati.sk\/hu\/author\/miro-sopko\/\"}]}<\/script>\n<!-- \/ Yoast SEO plugin. -->","yoast_head_json":{"title":"\u0160t\u00e1tni tajomn\u00edci na Huliakovom rezorte s\u00fa prepojen\u00ed na Suju, m\u00e1 vl\u00e1dna koal\u00edcia nov\u00e9ho tich\u00e9ho piateho partnera hnutie Republika?","robots":{"index":"index","follow":"follow","max-snippet":"max-snippet:-1","max-image-preview":"max-image-preview:large","max-video-preview":"max-video-preview:-1"},"canonical":"https:\/\/www.smedemokrati.sk\/hu\/statni-tajomnici-na-huliakovom-rezorte-su-prepojeni-na-suju-ma-vladna-koalicia-noveho-ticheho-piateho-partnera-hnutie-republika\/","og_locale":"hu_HU","og_type":"article","og_title":"[:sk]\u0160t\u00e1tni tajomn\u00edci na Huliakovom rezorte s\u00fa prepojen\u00ed na Suju, m\u00e1 vl\u00e1dna koal\u00edcia nov\u00e9ho tich\u00e9ho piateho partnera hnutie Republika?[:] - Smedemokrati.sk","og_description":"Man\u017eelka \u0161t\u00e1tneho tajomn\u00edka na ministerstve cestovn\u00e9ho ruchu a \u0161portu Martina Krn\u00e1\u010da je konate\u013ekou vo firme Miroslava Suju. \u0160t\u00e1tna tajomn\u00ed\u010dka \u0160ufliarska Libiakova by mala by\u0165 pod\u013ea inform\u00e1ci\u00ed b\u00fdvalou bl\u00edzkou osobou podpredsedu hnutia Republika Suju, jej b\u00fdval\u00fd zamestn\u00e1vate\u013e je dnes konate\u013eom v Sujovej firme.Demokrati sa p\u00fdtaj\u00fa, \u010di sa takto stalo&nbsp;hnutie Republika piatym koali\u010dn\u00fdm partnerom a Robert Fico [&hellip;]","og_url":"https:\/\/www.smedemokrati.sk\/hu\/statni-tajomnici-na-huliakovom-rezorte-su-prepojeni-na-suju-ma-vladna-koalicia-noveho-ticheho-piateho-partnera-hnutie-republika\/","og_site_name":"Smedemokrati.sk","article_publisher":"https:\/\/www.facebook.com\/smedemokrati2023","article_published_time":"2025-03-10T12:43:09+00:00","article_modified_time":"2025-03-10T12:43:10+00:00","og_image":[{"width":830,"height":413,"url":"https:\/\/www.smedemokrati.sk\/wp-content\/uploads\/2025\/03\/5-koalicny-partner.jpg","type":"image\/jpeg"}],"author":"miro.sopko","twitter_card":"summary_large_image","twitter_misc":{"Szerz\u0151:":"miro.sopko","Becs\u00fclt olvas\u00e1si id\u0151":"3 perc"},"schema":{"@context":"https:\/\/schema.org","@graph":[{"@type":"Article","@id":"https:\/\/www.smedemokrati.sk\/statni-tajomnici-na-huliakovom-rezorte-su-prepojeni-na-suju-ma-vladna-koalicia-noveho-ticheho-piateho-partnera-hnutie-republika\/#article","isPartOf":{"@id":"https:\/\/www.smedemokrati.sk\/statni-tajomnici-na-huliakovom-rezorte-su-prepojeni-na-suju-ma-vladna-koalicia-noveho-ticheho-piateho-partnera-hnutie-republika\/"},"author":{"name":"miro.sopko","@id":"https:\/\/www.smedemokrati.sk\/#\/schema\/person\/21f147c88d605aa7ded900e1e7c344ba"},"headline":"\u0160t\u00e1tni tajomn\u00edci na Huliakovom rezorte s\u00fa prepojen\u00ed na Suju, m\u00e1 vl\u00e1dna koal\u00edcia nov\u00e9ho tich\u00e9ho piateho partnera hnutie Republika?","datePublished":"2025-03-10T12:43:09+00:00","dateModified":"2025-03-10T12:43:10+00:00","mainEntityOfPage":{"@id":"https:\/\/www.smedemokrati.sk\/statni-tajomnici-na-huliakovom-rezorte-su-prepojeni-na-suju-ma-vladna-koalicia-noveho-ticheho-piateho-partnera-hnutie-republika\/"},"wordCount":606,"publisher":{"@id":"https:\/\/www.smedemokrati.sk\/#organization"},"image":{"@id":"https:\/\/www.smedemokrati.sk\/statni-tajomnici-na-huliakovom-rezorte-su-prepojeni-na-suju-ma-vladna-koalicia-noveho-ticheho-piateho-partnera-hnutie-republika\/#primaryimage"},"thumbnailUrl":"https:\/\/www.smedemokrati.sk\/wp-content\/uploads\/2025\/03\/5-koalicny-partner.jpg","articleSection":["Tla\u010dov\u00e9 spr\u00e1vy"],"inLanguage":"hu-HU"},{"@type":"WebPage","@id":"https:\/\/www.smedemokrati.sk\/statni-tajomnici-na-huliakovom-rezorte-su-prepojeni-na-suju-ma-vladna-koalicia-noveho-ticheho-piateho-partnera-hnutie-republika\/","url":"https:\/\/www.smedemokrati.sk\/statni-tajomnici-na-huliakovom-rezorte-su-prepojeni-na-suju-ma-vladna-koalicia-noveho-ticheho-piateho-partnera-hnutie-republika\/","name":"\u0160t\u00e1tni tajomn\u00edci na Huliakovom rezorte s\u00fa prepojen\u00ed na Suju, m\u00e1 vl\u00e1dna koal\u00edcia nov\u00e9ho tich\u00e9ho piateho partnera hnutie Republika?","isPartOf":{"@id":"https:\/\/www.smedemokrati.sk\/#website"},"primaryImageOfPage":{"@id":"https:\/\/www.smedemokrati.sk\/statni-tajomnici-na-huliakovom-rezorte-su-prepojeni-na-suju-ma-vladna-koalicia-noveho-ticheho-piateho-partnera-hnutie-republika\/#primaryimage"},"image":{"@id":"https:\/\/www.smedemokrati.sk\/statni-tajomnici-na-huliakovom-rezorte-su-prepojeni-na-suju-ma-vladna-koalicia-noveho-ticheho-piateho-partnera-hnutie-republika\/#primaryimage"},"thumbnailUrl":"https:\/\/www.smedemokrati.sk\/wp-content\/uploads\/2025\/03\/5-koalicny-partner.jpg","datePublished":"2025-03-10T12:43:09+00:00","dateModified":"2025-03-10T12:43:10+00:00","breadcrumb":{"@id":"https:\/\/www.smedemokrati.sk\/statni-tajomnici-na-huliakovom-rezorte-su-prepojeni-na-suju-ma-vladna-koalicia-noveho-ticheho-piateho-partnera-hnutie-republika\/#breadcrumb"},"inLanguage":"hu-HU","potentialAction":[{"@type":"ReadAction","target":["https:\/\/www.smedemokrati.sk\/statni-tajomnici-na-huliakovom-rezorte-su-prepojeni-na-suju-ma-vladna-koalicia-noveho-ticheho-piateho-partnera-hnutie-republika\/"]}]},{"@type":"ImageObject","inLanguage":"hu-HU","@id":"https:\/\/www.smedemokrati.sk\/statni-tajomnici-na-huliakovom-rezorte-su-prepojeni-na-suju-ma-vladna-koalicia-noveho-ticheho-piateho-partnera-hnutie-republika\/#primaryimage","url":"https:\/\/www.smedemokrati.sk\/wp-content\/uploads\/2025\/03\/5-koalicny-partner.jpg","contentUrl":"https:\/\/www.smedemokrati.sk\/wp-content\/uploads\/2025\/03\/5-koalicny-partner.jpg","width":830,"height":413},{"@type":"BreadcrumbList","@id":"https:\/\/www.smedemokrati.sk\/statni-tajomnici-na-huliakovom-rezorte-su-prepojeni-na-suju-ma-vladna-koalicia-noveho-ticheho-piateho-partnera-hnutie-republika\/#breadcrumb","itemListElement":[{"@type":"ListItem","position":1,"name":"Domovsk\u00e1 str\u00e1nka","item":"https:\/\/www.smedemokrati.sk\/"},{"@type":"ListItem","position":2,"name":"\u0160t\u00e1tni tajomn\u00edci na Huliakovom rezorte s\u00fa prepojen\u00ed na Suju, m\u00e1 vl\u00e1dna koal\u00edcia nov\u00e9ho tich\u00e9ho piateho partnera hnutie Republika?"}]},{"@type":"WebSite","@id":"https:\/\/www.smedemokrati.sk\/#website","url":"https:\/\/www.smedemokrati.sk\/","name":"Smedemokrati.sk","description":"Demokracia a slu\u0161nos\u0165 zv\u00ed\u0165az\u00ed","publisher":{"@id":"https:\/\/www.smedemokrati.sk\/#organization"},"potentialAction":[{"@type":"SearchAction","target":{"@type":"EntryPoint","urlTemplate":"https:\/\/www.smedemokrati.sk\/?s={search_term_string}"},"query-input":{"@type":"PropertyValueSpecification","valueRequired":true,"valueName":"search_term_string"}}],"inLanguage":"hu-HU"},{"@type":"Organization","@id":"https:\/\/www.smedemokrati.sk\/#organization","name":"Smedemokrati.sk","url":"https:\/\/www.smedemokrati.sk\/","logo":{"@type":"ImageObject","inLanguage":"hu-HU","@id":"https:\/\/www.smedemokrati.sk\/#\/schema\/logo\/image\/","url":"https:\/\/www.smedemokrati.sk\/wp-content\/uploads\/2023\/04\/ff.002.jpeg","contentUrl":"https:\/\/www.smedemokrati.sk\/wp-content\/uploads\/2023\/04\/ff.002.jpeg","width":640,"height":480,"caption":"Smedemokrati.sk"},"image":{"@id":"https:\/\/www.smedemokrati.sk\/#\/schema\/logo\/image\/"},"sameAs":["https:\/\/www.facebook.com\/smedemokrati2023"]},{"@type":"Person","@id":"https:\/\/www.smedemokrati.sk\/#\/schema\/person\/21f147c88d605aa7ded900e1e7c344ba","name":"miro.sopko","image":{"@type":"ImageObject","inLanguage":"hu-HU","@id":"https:\/\/secure.gravatar.com\/avatar\/267e4a36f704376c109afe3a78740c1f5dd8675a2180a908699e7863c9247606?s=96&d=mm&r=g","url":"https:\/\/secure.gravatar.com\/avatar\/267e4a36f704376c109afe3a78740c1f5dd8675a2180a908699e7863c9247606?s=96&d=mm&r=g","contentUrl":"https:\/\/secure.gravatar.com\/avatar\/267e4a36f704376c109afe3a78740c1f5dd8675a2180a908699e7863c9247606?s=96&d=mm&r=g","caption":"miro.sopko"},"url":"https:\/\/www.smedemokrati.sk\/hu\/author\/miro-sopko\/"}]}},"_links":{"self":[{"href":"https:\/\/www.smedemokrati.sk\/hu\/wp-json\/wp\/v2\/posts\/6573","targetHints":{"allow":["GET"]}}],"collection":[{"href":"https:\/\/www.smedemokrati.sk\/hu\/wp-json\/wp\/v2\/posts"}],"about":[{"href":"https:\/\/www.smedemokrati.sk\/hu\/wp-json\/wp\/v2\/types\/post"}],"author":[{"embeddable":true,"href":"https:\/\/www.smedemokrati.sk\/hu\/wp-json\/wp\/v2\/users\/13"}],"replies":[{"embeddable":true,"href":"https:\/\/www.smedemokrati.sk\/hu\/wp-json\/wp\/v2\/comments?post=6573"}],"version-history":[{"count":1,"href":"https:\/\/www.smedemokrati.sk\/hu\/wp-json\/wp\/v2\/posts\/6573\/revisions"}],"predecessor-version":[{"id":6575,"href":"https:\/\/www.smedemokrati.sk\/hu\/wp-json\/wp\/v2\/posts\/6573\/revisions\/6575"}],"wp:featuredmedia":[{"embeddable":true,"href":"https:\/\/www.smedemokrati.sk\/hu\/wp-json\/wp\/v2\/media\/6574"}],"wp:attachment":[{"href":"https:\/\/www.smedemokrati.sk\/hu\/wp-json\/wp\/v2\/media?parent=6573"}],"wp:term":[{"taxonomy":"category","embeddable":true,"href":"https:\/\/www.smedemokrati.sk\/hu\/wp-json\/wp\/v2\/categories?post=6573"},{"taxonomy":"post_tag","embeddable":true,"href":"https:\/\/www.smedemokrati.sk\/hu\/wp-json\/wp\/v2\/tags?post=6573"}],"curies":[{"name":"wp","href":"https:\/\/api.w.org\/{rel}","templated":true}]}}