{"id":6565,"date":"2025-03-07T13:59:06","date_gmt":"2025-03-07T12:59:06","guid":{"rendered":"https:\/\/www.smedemokrati.sk\/?p=6565"},"modified":"2025-03-07T13:59:06","modified_gmt":"2025-03-07T12:59:06","slug":"zbytocny-polep-od-zbytocneho-ministra-sutaja-estoka","status":"publish","type":"post","link":"https:\/\/www.smedemokrati.sk\/hu\/zbytocny-polep-od-zbytocneho-ministra-sutaja-estoka\/","title":{"rendered":"Zbyto\u010dn\u00fd polep od zbyto\u010dn\u00e9ho ministra \u0160utaja E\u0161toka"},"content":{"rendered":"<div id=\"fb-root\"><\/div>\n\n<p><strong>V&nbsp;\u010dase, ke\u010f policajn\u00fd zbor pad\u00e1 na kolen\u00e1 a st\u00fapa kriminalita, v&nbsp;\u010dase ke\u010f je nedostatok policajtov na celom Slovensku m\u00e1 minister vn\u00fatra \u0160utaj E\u0161tok \u010das na svoje \u201chranie sa s&nbsp;aut\u00ed\u010dkami\u201c a&nbsp;predstavuje \u010fal\u0161\u00ed polep policajn\u00fdch \u00e1ut.&nbsp;<\/strong><\/p>\n\n\n\n<p>\u201e<em>Toto je predstieranie pr\u00e1ce a&nbsp;\u010dinnosti, nie re\u00e1lny v\u00fdkon vedenie ministerstva vn\u00fatra a&nbsp;vedenia policajn\u00e9ho zboru. Nov\u00fd polep policajn\u00fdch \u00e1ut je e\u0161te zbyto\u010dnej\u0161\u00ed ako minister vn\u00fatra. Policajtov je m\u00e1lo, nemaj\u00fa dostato\u010dn\u00e9 materi\u00e1lno technick\u00e9 vybavenie, dokonca sa hovor\u00ed o&nbsp;pl\u00e1noch siahnu\u0165 na v\u00fdsluhov\u00e9 d\u00f4chodky a&nbsp;minister rie\u0161i nov\u00e9 polepy \u00e1ut, ktor\u00e9 maj\u00fa nov\u00e9 polepy? St\u00fapaj\u00faca kriminalita ho netr\u00e1pi. Bezpe\u010dnos\u0165 ob\u010danov ho netr\u00e1pi. To, \u017ee napr\u00edklad v&nbsp;Bratislave Nov\u00e9 Mesto ch\u00fdba 40% policajtov, to ho netr\u00e1pi?\u201c&nbsp;<\/em>Pod\u013ea Juraja \u0160eligu je toto skuto\u010dn\u00e9 ohrozenie bezpe\u010dnosti be\u017en\u00fdch \u013eud\u00ed, ktor\u00fdm sa m\u00e1 venova\u0165 minister vn\u00fatra.&nbsp;<\/p>\n\n\n\n<p><em>\u201eZ ministerstva vn\u00fatra si E\u0161tok okrem cestovnej kancel\u00e1rie urobil po novom u\u017e aj PR agent\u00faru. Nov\u00e9 polepy nov\u00fdch policajtov nepril\u00e1kaj\u00fa. Kde je nejak\u00e1 v\u00edzia moderniz\u00e1cie policajn\u00e9ho zboru, skuto\u010dn\u00e1 n\u00e1borov\u00e1 kampa\u0148 a&nbsp;syst\u00e9mov\u00e9 kroky ako zabezpe\u010di\u0165 dostatok kvalitn\u00e9ho person\u00e1lu? Ni\u010d, \u017eiaden obsah iba pekn\u00e9 fotky na soci\u00e1lnych sie\u0165ach. Hanba a&nbsp;ne\u00facta k&nbsp;policajtom a ob\u010danom.\u201c&nbsp;<\/em>Uzatv\u00e1ra Juraj \u0160eliga, podpredseda Demokratov.<\/p>\n","protected":false},"excerpt":{"rendered":"<p>V&nbsp;\u010dase, ke\u010f policajn\u00fd zbor pad\u00e1 na kolen\u00e1 a st\u00fapa kriminalita, v&nbsp;\u010dase ke\u010f je nedostatok policajtov na celom Slovensku m\u00e1 minister vn\u00fatra \u0160utaj E\u0161tok \u010das na svoje \u201chranie sa s&nbsp;aut\u00ed\u010dkami\u201c a&nbsp;predstavuje \u010fal\u0161\u00ed polep policajn\u00fdch \u00e1ut.&nbsp; \u201eToto je predstieranie pr\u00e1ce a&nbsp;\u010dinnosti, nie re\u00e1lny v\u00fdkon vedenie ministerstva vn\u00fatra a&nbsp;vedenia policajn\u00e9ho zboru. Nov\u00fd polep policajn\u00fdch \u00e1ut je e\u0161te zbyto\u010dnej\u0161\u00ed [&hellip;]<\/p>\n","protected":false},"author":13,"featured_media":6566,"comment_status":"closed","ping_status":"closed","sticky":false,"template":"","format":"standard","meta":{"_acf_changed":false,"ngg_post_thumbnail":0,"footnotes":""},"categories":[4],"tags":[],"class_list":["post-6565","post","type-post","status-publish","format-standard","has-post-thumbnail","hentry","category-tlacove-spravy"],"acf":[],"yoast_head":"<!-- This site is optimized with the Yoast SEO plugin v27.2 - https:\/\/yoast.com\/product\/yoast-seo-wordpress\/ -->\n<title>Zbyto\u010dn\u00fd polep od zbyto\u010dn\u00e9ho ministra \u0160utaja E\u0161toka<\/title>\n<meta name=\"robots\" content=\"index, follow, max-snippet:-1, max-image-preview:large, max-video-preview:-1\" \/>\n<link rel=\"canonical\" href=\"https:\/\/www.smedemokrati.sk\/hu\/zbytocny-polep-od-zbytocneho-ministra-sutaja-estoka\/\" \/>\n<meta property=\"og:locale\" content=\"hu_HU\" \/>\n<meta property=\"og:locale:alternate\" content=\"en_US\" \/>\n<meta property=\"og:locale:alternate\" content=\"cs_CZ\" \/>\n<meta property=\"og:locale:alternate\" content=\"sk_SK\" \/>\n<meta property=\"og:locale:alternate\" content=\"sv_SE\" \/>\n<meta property=\"og:type\" content=\"article\" \/>\n<meta property=\"og:title\" content=\"Zbyto\u010dn\u00fd polep od zbyto\u010dn\u00e9ho ministra \u0160utaja E\u0161toka\" \/>\n<meta property=\"og:description\" content=\"V&nbsp;\u010dase, ke\u010f policajn\u00fd zbor pad\u00e1 na kolen\u00e1 a st\u00fapa kriminalita, v&nbsp;\u010dase ke\u010f je nedostatok policajtov na celom Slovensku m\u00e1 minister vn\u00fatra \u0160utaj E\u0161tok \u010das na svoje \u201chranie sa s&nbsp;aut\u00ed\u010dkami\u201c a&nbsp;predstavuje \u010fal\u0161\u00ed polep policajn\u00fdch \u00e1ut.&nbsp; \u201eToto je predstieranie pr\u00e1ce a&nbsp;\u010dinnosti, nie re\u00e1lny v\u00fdkon vedenie ministerstva vn\u00fatra a&nbsp;vedenia policajn\u00e9ho zboru. Nov\u00fd polep policajn\u00fdch \u00e1ut je e\u0161te zbyto\u010dnej\u0161\u00ed [&hellip;]\" \/>\n<meta property=\"og:url\" content=\"https:\/\/www.smedemokrati.sk\/hu\/zbytocny-polep-od-zbytocneho-ministra-sutaja-estoka\/\" \/>\n<meta property=\"og:site_name\" content=\"Smedemokrati.sk\" \/>\n<meta property=\"article:publisher\" content=\"https:\/\/www.facebook.com\/smedemokrati2023\" \/>\n<meta property=\"article:published_time\" content=\"2025-03-07T12:59:06+00:00\" \/>\n<meta property=\"og:image\" content=\"https:\/\/www.smedemokrati.sk\/wp-content\/uploads\/2025\/03\/482321886_1217570483069111_1350190452646417572_n.jpg\" \/>\n\t<meta property=\"og:image:width\" content=\"1277\" \/>\n\t<meta property=\"og:image:height\" content=\"1600\" \/>\n\t<meta property=\"og:image:type\" content=\"image\/jpeg\" \/>\n<meta name=\"author\" content=\"miro.sopko\" \/>\n<meta name=\"twitter:card\" content=\"summary_large_image\" \/>\n<meta name=\"twitter:label1\" content=\"Szerz\u0151:\" \/>\n\t<meta name=\"twitter:data1\" content=\"miro.sopko\" \/>\n\t<meta name=\"twitter:label2\" content=\"Becs\u00fclt olvas\u00e1si id\u0151\" \/>\n\t<meta name=\"twitter:data2\" content=\"2 perc\" \/>\n<script type=\"application\/ld+json\" class=\"yoast-schema-graph\">{\"@context\":\"https:\/\/schema.org\",\"@graph\":[{\"@type\":\"Article\",\"@id\":\"https:\/\/www.smedemokrati.sk\/zbytocny-polep-od-zbytocneho-ministra-sutaja-estoka\/#article\",\"isPartOf\":{\"@id\":\"https:\/\/www.smedemokrati.sk\/zbytocny-polep-od-zbytocneho-ministra-sutaja-estoka\/\"},\"author\":{\"name\":\"miro.sopko\",\"@id\":\"https:\/\/www.smedemokrati.sk\/#\/schema\/person\/21f147c88d605aa7ded900e1e7c344ba\"},\"headline\":\"Zbyto\u010dn\u00fd polep od zbyto\u010dn\u00e9ho ministra \u0160utaja E\u0161toka\",\"datePublished\":\"2025-03-07T12:59:06+00:00\",\"mainEntityOfPage\":{\"@id\":\"https:\/\/www.smedemokrati.sk\/zbytocny-polep-od-zbytocneho-ministra-sutaja-estoka\/\"},\"wordCount\":272,\"publisher\":{\"@id\":\"https:\/\/www.smedemokrati.sk\/#organization\"},\"image\":{\"@id\":\"https:\/\/www.smedemokrati.sk\/zbytocny-polep-od-zbytocneho-ministra-sutaja-estoka\/#primaryimage\"},\"thumbnailUrl\":\"https:\/\/www.smedemokrati.sk\/wp-content\/uploads\/2025\/03\/482321886_1217570483069111_1350190452646417572_n.jpg\",\"articleSection\":[\"Tla\u010dov\u00e9 spr\u00e1vy\"],\"inLanguage\":\"hu-HU\"},{\"@type\":\"WebPage\",\"@id\":\"https:\/\/www.smedemokrati.sk\/zbytocny-polep-od-zbytocneho-ministra-sutaja-estoka\/\",\"url\":\"https:\/\/www.smedemokrati.sk\/zbytocny-polep-od-zbytocneho-ministra-sutaja-estoka\/\",\"name\":\"Zbyto\u010dn\u00fd polep od zbyto\u010dn\u00e9ho ministra \u0160utaja E\u0161toka\",\"isPartOf\":{\"@id\":\"https:\/\/www.smedemokrati.sk\/#website\"},\"primaryImageOfPage\":{\"@id\":\"https:\/\/www.smedemokrati.sk\/zbytocny-polep-od-zbytocneho-ministra-sutaja-estoka\/#primaryimage\"},\"image\":{\"@id\":\"https:\/\/www.smedemokrati.sk\/zbytocny-polep-od-zbytocneho-ministra-sutaja-estoka\/#primaryimage\"},\"thumbnailUrl\":\"https:\/\/www.smedemokrati.sk\/wp-content\/uploads\/2025\/03\/482321886_1217570483069111_1350190452646417572_n.jpg\",\"datePublished\":\"2025-03-07T12:59:06+00:00\",\"breadcrumb\":{\"@id\":\"https:\/\/www.smedemokrati.sk\/zbytocny-polep-od-zbytocneho-ministra-sutaja-estoka\/#breadcrumb\"},\"inLanguage\":\"hu-HU\",\"potentialAction\":[{\"@type\":\"ReadAction\",\"target\":[\"https:\/\/www.smedemokrati.sk\/zbytocny-polep-od-zbytocneho-ministra-sutaja-estoka\/\"]}]},{\"@type\":\"ImageObject\",\"inLanguage\":\"hu-HU\",\"@id\":\"https:\/\/www.smedemokrati.sk\/zbytocny-polep-od-zbytocneho-ministra-sutaja-estoka\/#primaryimage\",\"url\":\"https:\/\/www.smedemokrati.sk\/wp-content\/uploads\/2025\/03\/482321886_1217570483069111_1350190452646417572_n.jpg\",\"contentUrl\":\"https:\/\/www.smedemokrati.sk\/wp-content\/uploads\/2025\/03\/482321886_1217570483069111_1350190452646417572_n.jpg\",\"width\":1277,\"height\":1600},{\"@type\":\"BreadcrumbList\",\"@id\":\"https:\/\/www.smedemokrati.sk\/zbytocny-polep-od-zbytocneho-ministra-sutaja-estoka\/#breadcrumb\",\"itemListElement\":[{\"@type\":\"ListItem\",\"position\":1,\"name\":\"Domovsk\u00e1 str\u00e1nka\",\"item\":\"https:\/\/www.smedemokrati.sk\/\"},{\"@type\":\"ListItem\",\"position\":2,\"name\":\"Zbyto\u010dn\u00fd polep od zbyto\u010dn\u00e9ho ministra \u0160utaja E\u0161toka\"}]},{\"@type\":\"WebSite\",\"@id\":\"https:\/\/www.smedemokrati.sk\/#website\",\"url\":\"https:\/\/www.smedemokrati.sk\/\",\"name\":\"Smedemokrati.sk\",\"description\":\"Demokracia a slu\u0161nos\u0165 zv\u00ed\u0165az\u00ed\",\"publisher\":{\"@id\":\"https:\/\/www.smedemokrati.sk\/#organization\"},\"potentialAction\":[{\"@type\":\"SearchAction\",\"target\":{\"@type\":\"EntryPoint\",\"urlTemplate\":\"https:\/\/www.smedemokrati.sk\/?s={search_term_string}\"},\"query-input\":{\"@type\":\"PropertyValueSpecification\",\"valueRequired\":true,\"valueName\":\"search_term_string\"}}],\"inLanguage\":\"hu-HU\"},{\"@type\":\"Organization\",\"@id\":\"https:\/\/www.smedemokrati.sk\/#organization\",\"name\":\"Smedemokrati.sk\",\"url\":\"https:\/\/www.smedemokrati.sk\/\",\"logo\":{\"@type\":\"ImageObject\",\"inLanguage\":\"hu-HU\",\"@id\":\"https:\/\/www.smedemokrati.sk\/#\/schema\/logo\/image\/\",\"url\":\"https:\/\/www.smedemokrati.sk\/wp-content\/uploads\/2023\/04\/ff.002.jpeg\",\"contentUrl\":\"https:\/\/www.smedemokrati.sk\/wp-content\/uploads\/2023\/04\/ff.002.jpeg\",\"width\":640,\"height\":480,\"caption\":\"Smedemokrati.sk\"},\"image\":{\"@id\":\"https:\/\/www.smedemokrati.sk\/#\/schema\/logo\/image\/\"},\"sameAs\":[\"https:\/\/www.facebook.com\/smedemokrati2023\"]},{\"@type\":\"Person\",\"@id\":\"https:\/\/www.smedemokrati.sk\/#\/schema\/person\/21f147c88d605aa7ded900e1e7c344ba\",\"name\":\"miro.sopko\",\"image\":{\"@type\":\"ImageObject\",\"inLanguage\":\"hu-HU\",\"@id\":\"https:\/\/secure.gravatar.com\/avatar\/267e4a36f704376c109afe3a78740c1f5dd8675a2180a908699e7863c9247606?s=96&d=mm&r=g\",\"url\":\"https:\/\/secure.gravatar.com\/avatar\/267e4a36f704376c109afe3a78740c1f5dd8675a2180a908699e7863c9247606?s=96&d=mm&r=g\",\"contentUrl\":\"https:\/\/secure.gravatar.com\/avatar\/267e4a36f704376c109afe3a78740c1f5dd8675a2180a908699e7863c9247606?s=96&d=mm&r=g\",\"caption\":\"miro.sopko\"},\"url\":\"https:\/\/www.smedemokrati.sk\/hu\/author\/miro-sopko\/\"}]}<\/script>\n<!-- \/ Yoast SEO plugin. -->","yoast_head_json":{"title":"Zbyto\u010dn\u00fd polep od zbyto\u010dn\u00e9ho ministra \u0160utaja E\u0161toka","robots":{"index":"index","follow":"follow","max-snippet":"max-snippet:-1","max-image-preview":"max-image-preview:large","max-video-preview":"max-video-preview:-1"},"canonical":"https:\/\/www.smedemokrati.sk\/hu\/zbytocny-polep-od-zbytocneho-ministra-sutaja-estoka\/","og_locale":"hu_HU","og_type":"article","og_title":"[:sk]Zbyto\u010dn\u00fd polep od zbyto\u010dn\u00e9ho ministra \u0160utaja E\u0161toka[:] - Smedemokrati.sk","og_description":"V&nbsp;\u010dase, ke\u010f policajn\u00fd zbor pad\u00e1 na kolen\u00e1 a st\u00fapa kriminalita, v&nbsp;\u010dase ke\u010f je nedostatok policajtov na celom Slovensku m\u00e1 minister vn\u00fatra \u0160utaj E\u0161tok \u010das na svoje \u201chranie sa s&nbsp;aut\u00ed\u010dkami\u201c a&nbsp;predstavuje \u010fal\u0161\u00ed polep policajn\u00fdch \u00e1ut.&nbsp; \u201eToto je predstieranie pr\u00e1ce a&nbsp;\u010dinnosti, nie re\u00e1lny v\u00fdkon vedenie ministerstva vn\u00fatra a&nbsp;vedenia policajn\u00e9ho zboru. Nov\u00fd polep policajn\u00fdch \u00e1ut je e\u0161te zbyto\u010dnej\u0161\u00ed [&hellip;]","og_url":"https:\/\/www.smedemokrati.sk\/hu\/zbytocny-polep-od-zbytocneho-ministra-sutaja-estoka\/","og_site_name":"Smedemokrati.sk","article_publisher":"https:\/\/www.facebook.com\/smedemokrati2023","article_published_time":"2025-03-07T12:59:06+00:00","og_image":[{"width":1277,"height":1600,"url":"https:\/\/www.smedemokrati.sk\/wp-content\/uploads\/2025\/03\/482321886_1217570483069111_1350190452646417572_n.jpg","type":"image\/jpeg"}],"author":"miro.sopko","twitter_card":"summary_large_image","twitter_misc":{"Szerz\u0151:":"miro.sopko","Becs\u00fclt olvas\u00e1si id\u0151":"2 perc"},"schema":{"@context":"https:\/\/schema.org","@graph":[{"@type":"Article","@id":"https:\/\/www.smedemokrati.sk\/zbytocny-polep-od-zbytocneho-ministra-sutaja-estoka\/#article","isPartOf":{"@id":"https:\/\/www.smedemokrati.sk\/zbytocny-polep-od-zbytocneho-ministra-sutaja-estoka\/"},"author":{"name":"miro.sopko","@id":"https:\/\/www.smedemokrati.sk\/#\/schema\/person\/21f147c88d605aa7ded900e1e7c344ba"},"headline":"Zbyto\u010dn\u00fd polep od zbyto\u010dn\u00e9ho ministra \u0160utaja E\u0161toka","datePublished":"2025-03-07T12:59:06+00:00","mainEntityOfPage":{"@id":"https:\/\/www.smedemokrati.sk\/zbytocny-polep-od-zbytocneho-ministra-sutaja-estoka\/"},"wordCount":272,"publisher":{"@id":"https:\/\/www.smedemokrati.sk\/#organization"},"image":{"@id":"https:\/\/www.smedemokrati.sk\/zbytocny-polep-od-zbytocneho-ministra-sutaja-estoka\/#primaryimage"},"thumbnailUrl":"https:\/\/www.smedemokrati.sk\/wp-content\/uploads\/2025\/03\/482321886_1217570483069111_1350190452646417572_n.jpg","articleSection":["Tla\u010dov\u00e9 spr\u00e1vy"],"inLanguage":"hu-HU"},{"@type":"WebPage","@id":"https:\/\/www.smedemokrati.sk\/zbytocny-polep-od-zbytocneho-ministra-sutaja-estoka\/","url":"https:\/\/www.smedemokrati.sk\/zbytocny-polep-od-zbytocneho-ministra-sutaja-estoka\/","name":"Zbyto\u010dn\u00fd polep od zbyto\u010dn\u00e9ho ministra \u0160utaja E\u0161toka","isPartOf":{"@id":"https:\/\/www.smedemokrati.sk\/#website"},"primaryImageOfPage":{"@id":"https:\/\/www.smedemokrati.sk\/zbytocny-polep-od-zbytocneho-ministra-sutaja-estoka\/#primaryimage"},"image":{"@id":"https:\/\/www.smedemokrati.sk\/zbytocny-polep-od-zbytocneho-ministra-sutaja-estoka\/#primaryimage"},"thumbnailUrl":"https:\/\/www.smedemokrati.sk\/wp-content\/uploads\/2025\/03\/482321886_1217570483069111_1350190452646417572_n.jpg","datePublished":"2025-03-07T12:59:06+00:00","breadcrumb":{"@id":"https:\/\/www.smedemokrati.sk\/zbytocny-polep-od-zbytocneho-ministra-sutaja-estoka\/#breadcrumb"},"inLanguage":"hu-HU","potentialAction":[{"@type":"ReadAction","target":["https:\/\/www.smedemokrati.sk\/zbytocny-polep-od-zbytocneho-ministra-sutaja-estoka\/"]}]},{"@type":"ImageObject","inLanguage":"hu-HU","@id":"https:\/\/www.smedemokrati.sk\/zbytocny-polep-od-zbytocneho-ministra-sutaja-estoka\/#primaryimage","url":"https:\/\/www.smedemokrati.sk\/wp-content\/uploads\/2025\/03\/482321886_1217570483069111_1350190452646417572_n.jpg","contentUrl":"https:\/\/www.smedemokrati.sk\/wp-content\/uploads\/2025\/03\/482321886_1217570483069111_1350190452646417572_n.jpg","width":1277,"height":1600},{"@type":"BreadcrumbList","@id":"https:\/\/www.smedemokrati.sk\/zbytocny-polep-od-zbytocneho-ministra-sutaja-estoka\/#breadcrumb","itemListElement":[{"@type":"ListItem","position":1,"name":"Domovsk\u00e1 str\u00e1nka","item":"https:\/\/www.smedemokrati.sk\/"},{"@type":"ListItem","position":2,"name":"Zbyto\u010dn\u00fd polep od zbyto\u010dn\u00e9ho ministra \u0160utaja E\u0161toka"}]},{"@type":"WebSite","@id":"https:\/\/www.smedemokrati.sk\/#website","url":"https:\/\/www.smedemokrati.sk\/","name":"Smedemokrati.sk","description":"Demokracia a slu\u0161nos\u0165 zv\u00ed\u0165az\u00ed","publisher":{"@id":"https:\/\/www.smedemokrati.sk\/#organization"},"potentialAction":[{"@type":"SearchAction","target":{"@type":"EntryPoint","urlTemplate":"https:\/\/www.smedemokrati.sk\/?s={search_term_string}"},"query-input":{"@type":"PropertyValueSpecification","valueRequired":true,"valueName":"search_term_string"}}],"inLanguage":"hu-HU"},{"@type":"Organization","@id":"https:\/\/www.smedemokrati.sk\/#organization","name":"Smedemokrati.sk","url":"https:\/\/www.smedemokrati.sk\/","logo":{"@type":"ImageObject","inLanguage":"hu-HU","@id":"https:\/\/www.smedemokrati.sk\/#\/schema\/logo\/image\/","url":"https:\/\/www.smedemokrati.sk\/wp-content\/uploads\/2023\/04\/ff.002.jpeg","contentUrl":"https:\/\/www.smedemokrati.sk\/wp-content\/uploads\/2023\/04\/ff.002.jpeg","width":640,"height":480,"caption":"Smedemokrati.sk"},"image":{"@id":"https:\/\/www.smedemokrati.sk\/#\/schema\/logo\/image\/"},"sameAs":["https:\/\/www.facebook.com\/smedemokrati2023"]},{"@type":"Person","@id":"https:\/\/www.smedemokrati.sk\/#\/schema\/person\/21f147c88d605aa7ded900e1e7c344ba","name":"miro.sopko","image":{"@type":"ImageObject","inLanguage":"hu-HU","@id":"https:\/\/secure.gravatar.com\/avatar\/267e4a36f704376c109afe3a78740c1f5dd8675a2180a908699e7863c9247606?s=96&d=mm&r=g","url":"https:\/\/secure.gravatar.com\/avatar\/267e4a36f704376c109afe3a78740c1f5dd8675a2180a908699e7863c9247606?s=96&d=mm&r=g","contentUrl":"https:\/\/secure.gravatar.com\/avatar\/267e4a36f704376c109afe3a78740c1f5dd8675a2180a908699e7863c9247606?s=96&d=mm&r=g","caption":"miro.sopko"},"url":"https:\/\/www.smedemokrati.sk\/hu\/author\/miro-sopko\/"}]}},"_links":{"self":[{"href":"https:\/\/www.smedemokrati.sk\/hu\/wp-json\/wp\/v2\/posts\/6565","targetHints":{"allow":["GET"]}}],"collection":[{"href":"https:\/\/www.smedemokrati.sk\/hu\/wp-json\/wp\/v2\/posts"}],"about":[{"href":"https:\/\/www.smedemokrati.sk\/hu\/wp-json\/wp\/v2\/types\/post"}],"author":[{"embeddable":true,"href":"https:\/\/www.smedemokrati.sk\/hu\/wp-json\/wp\/v2\/users\/13"}],"replies":[{"embeddable":true,"href":"https:\/\/www.smedemokrati.sk\/hu\/wp-json\/wp\/v2\/comments?post=6565"}],"version-history":[{"count":1,"href":"https:\/\/www.smedemokrati.sk\/hu\/wp-json\/wp\/v2\/posts\/6565\/revisions"}],"predecessor-version":[{"id":6567,"href":"https:\/\/www.smedemokrati.sk\/hu\/wp-json\/wp\/v2\/posts\/6565\/revisions\/6567"}],"wp:featuredmedia":[{"embeddable":true,"href":"https:\/\/www.smedemokrati.sk\/hu\/wp-json\/wp\/v2\/media\/6566"}],"wp:attachment":[{"href":"https:\/\/www.smedemokrati.sk\/hu\/wp-json\/wp\/v2\/media?parent=6565"}],"wp:term":[{"taxonomy":"category","embeddable":true,"href":"https:\/\/www.smedemokrati.sk\/hu\/wp-json\/wp\/v2\/categories?post=6565"},{"taxonomy":"post_tag","embeddable":true,"href":"https:\/\/www.smedemokrati.sk\/hu\/wp-json\/wp\/v2\/tags?post=6565"}],"curies":[{"name":"wp","href":"https:\/\/api.w.org\/{rel}","templated":true}]}}