{"id":6562,"date":"2025-03-07T13:51:04","date_gmt":"2025-03-07T12:51:04","guid":{"rendered":"https:\/\/www.smedemokrati.sk\/?p=6562"},"modified":"2025-03-07T13:51:10","modified_gmt":"2025-03-07T12:51:10","slug":"taraba-predrazuje-mestam-a-obciam-uvery-z-envirofondu-o-2000","status":"publish","type":"post","link":"https:\/\/www.smedemokrati.sk\/hu\/taraba-predrazuje-mestam-a-obciam-uvery-z-envirofondu-o-2000\/","title":{"rendered":"Taraba predra\u017euje mest\u00e1m a obciam \u00favery z envirofondu o 2000%"},"content":{"rendered":"<div id=\"fb-root\"><\/div>\n\n<p><strong>Environment\u00e1lny fond v gescii M\u017dP zv\u00fd\u0161il \u00farokov\u00fa sadzbu pre poskytovanie \u00faverov samospr\u00e1vam z 0,1% ro\u010dne na 2%. Toto zv\u00fd\u0161enie o 2000% v praxi predstavuje nav\u00fd\u0161enie aj o desiatky tis\u00edc eur a udialo sa bez ak\u00e9hoko\u013evek vysvetlenia. \u00davery na v\u00fdstavbu vodovodov, kanaliz\u00e1ci\u00ed alebo zbern\u00fdch dvorov sa tak stan\u00fa pre samospr\u00e1vy nedostupn\u00e9. Demokrati vyz\u00fdvaj\u00fa na zru\u0161enie tohto absurdn\u00e9ho rozhodnutia.<\/strong><\/p>\n\n\n\n<p>Prakticky bez\u00faro\u010dn\u00e9 p\u00f4\u017ei\u010dky z Environment\u00e1lneho fondu boli doteraz mimoriadne popul\u00e1rne. Medzi mestami a obcami bol o ne zna\u010dn\u00fd z\u00e1ujem, preto\u017ee umo\u017e\u0148ovali za obojstranne v\u00fdhodn\u00fdch podmienok financova\u0165 dobudovanie environment\u00e1lnej infra\u0161trukt\u00fary. Za ostatn\u00e9 dni v\u0161ak bolo viacer\u00fdm samospr\u00e1vam doru\u010den\u00e9 ozn\u00e1menie o zv\u00fd\u0161en\u00ed \u00farokovej sadzby:\u00a0<em>\u201eT\u00fdka sa to aj prebiehaj\u00facich \u017eiadost\u00ed. Pre finan\u010dne poddimenzovan\u00e9 samospr\u00e1vy je to ale likvida\u010dn\u00e9. Obec, ktor\u00e1 by si vzala \u00faver napr\u00edklad na budovanie vodovodu vo v\u00fd\u0161ke 500 000 eur s dobou splatnosti 15 rokov, by doteraz platila na \u00farokoch \u00faveru pribli\u017ene 4 000 eur. Po zmene pravidiel zo strany Tarabu to bude u\u017e ale viac ako 83 000 eur. V\u00fd\u0161ka \u00faroku sa tak bl\u00ed\u017ei v\u00fd\u0161ke \u00farokov v be\u017en\u00fdch komer\u010dn\u00fdch bank\u00e1ch.&#8221;<\/em>\u00a0Hovor\u00ed enviro expert a \u010dlen predsedn\u00edctva Michal Ki\u010da.<\/p>\n\n\n\n<p>B\u00fdval\u00fd \u0161t\u00e1tny tajomn\u00edk M\u017dP Michal Ki\u010da kritizuje, \u017ee t\u00e1to zmena nebola prerokovan\u00e1 s obcami a samospr\u00e1vami.\u00a0<em>\u201eProgram v\u00fdhodn\u00fdch \u00faverov sme nastavili v roku 2021 po intenz\u00edvnej komunik\u00e1cii so samospr\u00e1vami. Odvtedy poskytol envirofond \u00favery 215 obciam a mest\u00e1m za viac ako 95 mil eur. Teraz im pri\u0161lo iba stroh\u00e9 ozn\u00e1menie o tak z\u00e1sadnej zmene, ku ktorej sa nemohli ani len vyjadri\u0165. Taraba uk\u00e1zal, \u017ee s\u00fa mu prednej\u0161\u00ed zne\u010dis\u0165ovatelia, ktor\u00fdm pred nieko\u013ek\u00fdmi mesiacmi pridelil skoro 60 mil. eur, zatia\u013e \u010do samospr\u00e1vam h\u00e1d\u017ee polen\u00e1 pod nohy.&#8221;\u00a0<\/em>Uzatv\u00e1ra Michal Ki\u010da a vyz\u00fdva ministra Tarabu, aby toto rozhodnutie zvr\u00e1til.<\/p>\n\n\n\n<figure class=\"wp-block-video\"><video height=\"640\" style=\"aspect-ratio: 480 \/ 640;\" width=\"480\" controls src=\"https:\/\/www.smedemokrati.sk\/wp-content\/uploads\/2025\/03\/IMG_6802.mp4\"><\/video><\/figure>\n","protected":false},"excerpt":{"rendered":"<p>Environment\u00e1lny fond v gescii M\u017dP zv\u00fd\u0161il \u00farokov\u00fa sadzbu pre poskytovanie \u00faverov samospr\u00e1vam z 0,1% ro\u010dne na 2%. Toto zv\u00fd\u0161enie o 2000% v praxi predstavuje nav\u00fd\u0161enie aj o desiatky tis\u00edc eur a udialo sa bez ak\u00e9hoko\u013evek vysvetlenia. \u00davery na v\u00fdstavbu vodovodov, kanaliz\u00e1ci\u00ed alebo zbern\u00fdch dvorov sa tak stan\u00fa pre samospr\u00e1vy nedostupn\u00e9. Demokrati vyz\u00fdvaj\u00fa na zru\u0161enie tohto [&hellip;]<\/p>\n","protected":false},"author":13,"featured_media":2931,"comment_status":"closed","ping_status":"closed","sticky":false,"template":"","format":"standard","meta":{"_acf_changed":false,"ngg_post_thumbnail":0,"footnotes":""},"categories":[4],"tags":[],"class_list":["post-6562","post","type-post","status-publish","format-standard","has-post-thumbnail","hentry","category-tlacove-spravy"],"acf":[],"yoast_head":"<!-- This site is optimized with the Yoast SEO plugin v27.2 - https:\/\/yoast.com\/product\/yoast-seo-wordpress\/ -->\n<title>Taraba predra\u017euje mest\u00e1m a obciam \u00favery z envirofondu o 2000%<\/title>\n<meta name=\"robots\" content=\"index, follow, max-snippet:-1, max-image-preview:large, max-video-preview:-1\" \/>\n<link rel=\"canonical\" href=\"https:\/\/www.smedemokrati.sk\/hu\/taraba-predrazuje-mestam-a-obciam-uvery-z-envirofondu-o-2000\/\" \/>\n<meta property=\"og:locale\" content=\"hu_HU\" \/>\n<meta property=\"og:locale:alternate\" content=\"en_US\" \/>\n<meta property=\"og:locale:alternate\" content=\"cs_CZ\" \/>\n<meta property=\"og:locale:alternate\" content=\"sk_SK\" \/>\n<meta property=\"og:locale:alternate\" content=\"sv_SE\" \/>\n<meta property=\"og:type\" content=\"article\" \/>\n<meta property=\"og:title\" content=\"Taraba predra\u017euje mest\u00e1m a obciam \u00favery z envirofondu o 2000%\" \/>\n<meta property=\"og:description\" content=\"Environment\u00e1lny fond v gescii M\u017dP zv\u00fd\u0161il \u00farokov\u00fa sadzbu pre poskytovanie \u00faverov samospr\u00e1vam z 0,1% ro\u010dne na 2%. Toto zv\u00fd\u0161enie o 2000% v praxi predstavuje nav\u00fd\u0161enie aj o desiatky tis\u00edc eur a udialo sa bez ak\u00e9hoko\u013evek vysvetlenia. \u00davery na v\u00fdstavbu vodovodov, kanaliz\u00e1ci\u00ed alebo zbern\u00fdch dvorov sa tak stan\u00fa pre samospr\u00e1vy nedostupn\u00e9. Demokrati vyz\u00fdvaj\u00fa na zru\u0161enie tohto [&hellip;]\" \/>\n<meta property=\"og:url\" content=\"https:\/\/www.smedemokrati.sk\/hu\/taraba-predrazuje-mestam-a-obciam-uvery-z-envirofondu-o-2000\/\" \/>\n<meta property=\"og:site_name\" content=\"Smedemokrati.sk\" \/>\n<meta property=\"article:publisher\" content=\"https:\/\/www.facebook.com\/smedemokrati2023\" \/>\n<meta property=\"article:published_time\" content=\"2025-03-07T12:51:04+00:00\" \/>\n<meta property=\"article:modified_time\" content=\"2025-03-07T12:51:10+00:00\" \/>\n<meta property=\"og:image\" content=\"https:\/\/www.smedemokrati.sk\/wp-content\/uploads\/2024\/03\/robert-fico-tomas-taraba-clanokW-1.jpg\" \/>\n\t<meta property=\"og:image:width\" content=\"800\" \/>\n\t<meta property=\"og:image:height\" content=\"448\" \/>\n\t<meta property=\"og:image:type\" content=\"image\/jpeg\" \/>\n<meta name=\"author\" content=\"miro.sopko\" \/>\n<meta name=\"twitter:card\" content=\"summary_large_image\" \/>\n<meta name=\"twitter:label1\" content=\"Szerz\u0151:\" \/>\n\t<meta name=\"twitter:data1\" content=\"miro.sopko\" \/>\n\t<meta name=\"twitter:label2\" content=\"Becs\u00fclt olvas\u00e1si id\u0151\" \/>\n\t<meta name=\"twitter:data2\" content=\"2 perc\" \/>\n<script type=\"application\/ld+json\" class=\"yoast-schema-graph\">{\"@context\":\"https:\/\/schema.org\",\"@graph\":[{\"@type\":\"Article\",\"@id\":\"https:\/\/www.smedemokrati.sk\/taraba-predrazuje-mestam-a-obciam-uvery-z-envirofondu-o-2000\/#article\",\"isPartOf\":{\"@id\":\"https:\/\/www.smedemokrati.sk\/taraba-predrazuje-mestam-a-obciam-uvery-z-envirofondu-o-2000\/\"},\"author\":{\"name\":\"miro.sopko\",\"@id\":\"https:\/\/www.smedemokrati.sk\/#\/schema\/person\/21f147c88d605aa7ded900e1e7c344ba\"},\"headline\":\"Taraba predra\u017euje mest\u00e1m a obciam \u00favery z envirofondu o 2000%\",\"datePublished\":\"2025-03-07T12:51:04+00:00\",\"dateModified\":\"2025-03-07T12:51:10+00:00\",\"mainEntityOfPage\":{\"@id\":\"https:\/\/www.smedemokrati.sk\/taraba-predrazuje-mestam-a-obciam-uvery-z-envirofondu-o-2000\/\"},\"wordCount\":355,\"publisher\":{\"@id\":\"https:\/\/www.smedemokrati.sk\/#organization\"},\"image\":{\"@id\":\"https:\/\/www.smedemokrati.sk\/taraba-predrazuje-mestam-a-obciam-uvery-z-envirofondu-o-2000\/#primaryimage\"},\"thumbnailUrl\":\"https:\/\/www.smedemokrati.sk\/wp-content\/uploads\/2024\/03\/robert-fico-tomas-taraba-clanokW-1.jpg\",\"articleSection\":[\"Tla\u010dov\u00e9 spr\u00e1vy\"],\"inLanguage\":\"hu-HU\"},{\"@type\":\"WebPage\",\"@id\":\"https:\/\/www.smedemokrati.sk\/taraba-predrazuje-mestam-a-obciam-uvery-z-envirofondu-o-2000\/\",\"url\":\"https:\/\/www.smedemokrati.sk\/taraba-predrazuje-mestam-a-obciam-uvery-z-envirofondu-o-2000\/\",\"name\":\"Taraba predra\u017euje mest\u00e1m a obciam \u00favery z envirofondu o 2000%\",\"isPartOf\":{\"@id\":\"https:\/\/www.smedemokrati.sk\/#website\"},\"primaryImageOfPage\":{\"@id\":\"https:\/\/www.smedemokrati.sk\/taraba-predrazuje-mestam-a-obciam-uvery-z-envirofondu-o-2000\/#primaryimage\"},\"image\":{\"@id\":\"https:\/\/www.smedemokrati.sk\/taraba-predrazuje-mestam-a-obciam-uvery-z-envirofondu-o-2000\/#primaryimage\"},\"thumbnailUrl\":\"https:\/\/www.smedemokrati.sk\/wp-content\/uploads\/2024\/03\/robert-fico-tomas-taraba-clanokW-1.jpg\",\"datePublished\":\"2025-03-07T12:51:04+00:00\",\"dateModified\":\"2025-03-07T12:51:10+00:00\",\"breadcrumb\":{\"@id\":\"https:\/\/www.smedemokrati.sk\/taraba-predrazuje-mestam-a-obciam-uvery-z-envirofondu-o-2000\/#breadcrumb\"},\"inLanguage\":\"hu-HU\",\"potentialAction\":[{\"@type\":\"ReadAction\",\"target\":[\"https:\/\/www.smedemokrati.sk\/taraba-predrazuje-mestam-a-obciam-uvery-z-envirofondu-o-2000\/\"]}]},{\"@type\":\"ImageObject\",\"inLanguage\":\"hu-HU\",\"@id\":\"https:\/\/www.smedemokrati.sk\/taraba-predrazuje-mestam-a-obciam-uvery-z-envirofondu-o-2000\/#primaryimage\",\"url\":\"https:\/\/www.smedemokrati.sk\/wp-content\/uploads\/2024\/03\/robert-fico-tomas-taraba-clanokW-1.jpg\",\"contentUrl\":\"https:\/\/www.smedemokrati.sk\/wp-content\/uploads\/2024\/03\/robert-fico-tomas-taraba-clanokW-1.jpg\",\"width\":800,\"height\":448},{\"@type\":\"BreadcrumbList\",\"@id\":\"https:\/\/www.smedemokrati.sk\/taraba-predrazuje-mestam-a-obciam-uvery-z-envirofondu-o-2000\/#breadcrumb\",\"itemListElement\":[{\"@type\":\"ListItem\",\"position\":1,\"name\":\"Domovsk\u00e1 str\u00e1nka\",\"item\":\"https:\/\/www.smedemokrati.sk\/\"},{\"@type\":\"ListItem\",\"position\":2,\"name\":\"Taraba predra\u017euje mest\u00e1m a obciam \u00favery z envirofondu o 2000%\"}]},{\"@type\":\"WebSite\",\"@id\":\"https:\/\/www.smedemokrati.sk\/#website\",\"url\":\"https:\/\/www.smedemokrati.sk\/\",\"name\":\"Smedemokrati.sk\",\"description\":\"Demokracia a slu\u0161nos\u0165 zv\u00ed\u0165az\u00ed\",\"publisher\":{\"@id\":\"https:\/\/www.smedemokrati.sk\/#organization\"},\"potentialAction\":[{\"@type\":\"SearchAction\",\"target\":{\"@type\":\"EntryPoint\",\"urlTemplate\":\"https:\/\/www.smedemokrati.sk\/?s={search_term_string}\"},\"query-input\":{\"@type\":\"PropertyValueSpecification\",\"valueRequired\":true,\"valueName\":\"search_term_string\"}}],\"inLanguage\":\"hu-HU\"},{\"@type\":\"Organization\",\"@id\":\"https:\/\/www.smedemokrati.sk\/#organization\",\"name\":\"Smedemokrati.sk\",\"url\":\"https:\/\/www.smedemokrati.sk\/\",\"logo\":{\"@type\":\"ImageObject\",\"inLanguage\":\"hu-HU\",\"@id\":\"https:\/\/www.smedemokrati.sk\/#\/schema\/logo\/image\/\",\"url\":\"https:\/\/www.smedemokrati.sk\/wp-content\/uploads\/2023\/04\/ff.002.jpeg\",\"contentUrl\":\"https:\/\/www.smedemokrati.sk\/wp-content\/uploads\/2023\/04\/ff.002.jpeg\",\"width\":640,\"height\":480,\"caption\":\"Smedemokrati.sk\"},\"image\":{\"@id\":\"https:\/\/www.smedemokrati.sk\/#\/schema\/logo\/image\/\"},\"sameAs\":[\"https:\/\/www.facebook.com\/smedemokrati2023\"]},{\"@type\":\"Person\",\"@id\":\"https:\/\/www.smedemokrati.sk\/#\/schema\/person\/21f147c88d605aa7ded900e1e7c344ba\",\"name\":\"miro.sopko\",\"image\":{\"@type\":\"ImageObject\",\"inLanguage\":\"hu-HU\",\"@id\":\"https:\/\/secure.gravatar.com\/avatar\/267e4a36f704376c109afe3a78740c1f5dd8675a2180a908699e7863c9247606?s=96&d=mm&r=g\",\"url\":\"https:\/\/secure.gravatar.com\/avatar\/267e4a36f704376c109afe3a78740c1f5dd8675a2180a908699e7863c9247606?s=96&d=mm&r=g\",\"contentUrl\":\"https:\/\/secure.gravatar.com\/avatar\/267e4a36f704376c109afe3a78740c1f5dd8675a2180a908699e7863c9247606?s=96&d=mm&r=g\",\"caption\":\"miro.sopko\"},\"url\":\"https:\/\/www.smedemokrati.sk\/hu\/author\/miro-sopko\/\"}]}<\/script>\n<!-- \/ Yoast SEO plugin. -->","yoast_head_json":{"title":"Taraba predra\u017euje mest\u00e1m a obciam \u00favery z envirofondu o 2000%","robots":{"index":"index","follow":"follow","max-snippet":"max-snippet:-1","max-image-preview":"max-image-preview:large","max-video-preview":"max-video-preview:-1"},"canonical":"https:\/\/www.smedemokrati.sk\/hu\/taraba-predrazuje-mestam-a-obciam-uvery-z-envirofondu-o-2000\/","og_locale":"hu_HU","og_type":"article","og_title":"[:sk]Taraba predra\u017euje mest\u00e1m a obciam \u00favery z envirofondu o 2000%[:] - Smedemokrati.sk","og_description":"Environment\u00e1lny fond v gescii M\u017dP zv\u00fd\u0161il \u00farokov\u00fa sadzbu pre poskytovanie \u00faverov samospr\u00e1vam z 0,1% ro\u010dne na 2%. Toto zv\u00fd\u0161enie o 2000% v praxi predstavuje nav\u00fd\u0161enie aj o desiatky tis\u00edc eur a udialo sa bez ak\u00e9hoko\u013evek vysvetlenia. \u00davery na v\u00fdstavbu vodovodov, kanaliz\u00e1ci\u00ed alebo zbern\u00fdch dvorov sa tak stan\u00fa pre samospr\u00e1vy nedostupn\u00e9. Demokrati vyz\u00fdvaj\u00fa na zru\u0161enie tohto [&hellip;]","og_url":"https:\/\/www.smedemokrati.sk\/hu\/taraba-predrazuje-mestam-a-obciam-uvery-z-envirofondu-o-2000\/","og_site_name":"Smedemokrati.sk","article_publisher":"https:\/\/www.facebook.com\/smedemokrati2023","article_published_time":"2025-03-07T12:51:04+00:00","article_modified_time":"2025-03-07T12:51:10+00:00","og_image":[{"width":800,"height":448,"url":"https:\/\/www.smedemokrati.sk\/wp-content\/uploads\/2024\/03\/robert-fico-tomas-taraba-clanokW-1.jpg","type":"image\/jpeg"}],"author":"miro.sopko","twitter_card":"summary_large_image","twitter_misc":{"Szerz\u0151:":"miro.sopko","Becs\u00fclt olvas\u00e1si id\u0151":"2 perc"},"schema":{"@context":"https:\/\/schema.org","@graph":[{"@type":"Article","@id":"https:\/\/www.smedemokrati.sk\/taraba-predrazuje-mestam-a-obciam-uvery-z-envirofondu-o-2000\/#article","isPartOf":{"@id":"https:\/\/www.smedemokrati.sk\/taraba-predrazuje-mestam-a-obciam-uvery-z-envirofondu-o-2000\/"},"author":{"name":"miro.sopko","@id":"https:\/\/www.smedemokrati.sk\/#\/schema\/person\/21f147c88d605aa7ded900e1e7c344ba"},"headline":"Taraba predra\u017euje mest\u00e1m a obciam \u00favery z envirofondu o 2000%","datePublished":"2025-03-07T12:51:04+00:00","dateModified":"2025-03-07T12:51:10+00:00","mainEntityOfPage":{"@id":"https:\/\/www.smedemokrati.sk\/taraba-predrazuje-mestam-a-obciam-uvery-z-envirofondu-o-2000\/"},"wordCount":355,"publisher":{"@id":"https:\/\/www.smedemokrati.sk\/#organization"},"image":{"@id":"https:\/\/www.smedemokrati.sk\/taraba-predrazuje-mestam-a-obciam-uvery-z-envirofondu-o-2000\/#primaryimage"},"thumbnailUrl":"https:\/\/www.smedemokrati.sk\/wp-content\/uploads\/2024\/03\/robert-fico-tomas-taraba-clanokW-1.jpg","articleSection":["Tla\u010dov\u00e9 spr\u00e1vy"],"inLanguage":"hu-HU"},{"@type":"WebPage","@id":"https:\/\/www.smedemokrati.sk\/taraba-predrazuje-mestam-a-obciam-uvery-z-envirofondu-o-2000\/","url":"https:\/\/www.smedemokrati.sk\/taraba-predrazuje-mestam-a-obciam-uvery-z-envirofondu-o-2000\/","name":"Taraba predra\u017euje mest\u00e1m a obciam \u00favery z envirofondu o 2000%","isPartOf":{"@id":"https:\/\/www.smedemokrati.sk\/#website"},"primaryImageOfPage":{"@id":"https:\/\/www.smedemokrati.sk\/taraba-predrazuje-mestam-a-obciam-uvery-z-envirofondu-o-2000\/#primaryimage"},"image":{"@id":"https:\/\/www.smedemokrati.sk\/taraba-predrazuje-mestam-a-obciam-uvery-z-envirofondu-o-2000\/#primaryimage"},"thumbnailUrl":"https:\/\/www.smedemokrati.sk\/wp-content\/uploads\/2024\/03\/robert-fico-tomas-taraba-clanokW-1.jpg","datePublished":"2025-03-07T12:51:04+00:00","dateModified":"2025-03-07T12:51:10+00:00","breadcrumb":{"@id":"https:\/\/www.smedemokrati.sk\/taraba-predrazuje-mestam-a-obciam-uvery-z-envirofondu-o-2000\/#breadcrumb"},"inLanguage":"hu-HU","potentialAction":[{"@type":"ReadAction","target":["https:\/\/www.smedemokrati.sk\/taraba-predrazuje-mestam-a-obciam-uvery-z-envirofondu-o-2000\/"]}]},{"@type":"ImageObject","inLanguage":"hu-HU","@id":"https:\/\/www.smedemokrati.sk\/taraba-predrazuje-mestam-a-obciam-uvery-z-envirofondu-o-2000\/#primaryimage","url":"https:\/\/www.smedemokrati.sk\/wp-content\/uploads\/2024\/03\/robert-fico-tomas-taraba-clanokW-1.jpg","contentUrl":"https:\/\/www.smedemokrati.sk\/wp-content\/uploads\/2024\/03\/robert-fico-tomas-taraba-clanokW-1.jpg","width":800,"height":448},{"@type":"BreadcrumbList","@id":"https:\/\/www.smedemokrati.sk\/taraba-predrazuje-mestam-a-obciam-uvery-z-envirofondu-o-2000\/#breadcrumb","itemListElement":[{"@type":"ListItem","position":1,"name":"Domovsk\u00e1 str\u00e1nka","item":"https:\/\/www.smedemokrati.sk\/"},{"@type":"ListItem","position":2,"name":"Taraba predra\u017euje mest\u00e1m a obciam \u00favery z envirofondu o 2000%"}]},{"@type":"WebSite","@id":"https:\/\/www.smedemokrati.sk\/#website","url":"https:\/\/www.smedemokrati.sk\/","name":"Smedemokrati.sk","description":"Demokracia a slu\u0161nos\u0165 zv\u00ed\u0165az\u00ed","publisher":{"@id":"https:\/\/www.smedemokrati.sk\/#organization"},"potentialAction":[{"@type":"SearchAction","target":{"@type":"EntryPoint","urlTemplate":"https:\/\/www.smedemokrati.sk\/?s={search_term_string}"},"query-input":{"@type":"PropertyValueSpecification","valueRequired":true,"valueName":"search_term_string"}}],"inLanguage":"hu-HU"},{"@type":"Organization","@id":"https:\/\/www.smedemokrati.sk\/#organization","name":"Smedemokrati.sk","url":"https:\/\/www.smedemokrati.sk\/","logo":{"@type":"ImageObject","inLanguage":"hu-HU","@id":"https:\/\/www.smedemokrati.sk\/#\/schema\/logo\/image\/","url":"https:\/\/www.smedemokrati.sk\/wp-content\/uploads\/2023\/04\/ff.002.jpeg","contentUrl":"https:\/\/www.smedemokrati.sk\/wp-content\/uploads\/2023\/04\/ff.002.jpeg","width":640,"height":480,"caption":"Smedemokrati.sk"},"image":{"@id":"https:\/\/www.smedemokrati.sk\/#\/schema\/logo\/image\/"},"sameAs":["https:\/\/www.facebook.com\/smedemokrati2023"]},{"@type":"Person","@id":"https:\/\/www.smedemokrati.sk\/#\/schema\/person\/21f147c88d605aa7ded900e1e7c344ba","name":"miro.sopko","image":{"@type":"ImageObject","inLanguage":"hu-HU","@id":"https:\/\/secure.gravatar.com\/avatar\/267e4a36f704376c109afe3a78740c1f5dd8675a2180a908699e7863c9247606?s=96&d=mm&r=g","url":"https:\/\/secure.gravatar.com\/avatar\/267e4a36f704376c109afe3a78740c1f5dd8675a2180a908699e7863c9247606?s=96&d=mm&r=g","contentUrl":"https:\/\/secure.gravatar.com\/avatar\/267e4a36f704376c109afe3a78740c1f5dd8675a2180a908699e7863c9247606?s=96&d=mm&r=g","caption":"miro.sopko"},"url":"https:\/\/www.smedemokrati.sk\/hu\/author\/miro-sopko\/"}]}},"_links":{"self":[{"href":"https:\/\/www.smedemokrati.sk\/hu\/wp-json\/wp\/v2\/posts\/6562","targetHints":{"allow":["GET"]}}],"collection":[{"href":"https:\/\/www.smedemokrati.sk\/hu\/wp-json\/wp\/v2\/posts"}],"about":[{"href":"https:\/\/www.smedemokrati.sk\/hu\/wp-json\/wp\/v2\/types\/post"}],"author":[{"embeddable":true,"href":"https:\/\/www.smedemokrati.sk\/hu\/wp-json\/wp\/v2\/users\/13"}],"replies":[{"embeddable":true,"href":"https:\/\/www.smedemokrati.sk\/hu\/wp-json\/wp\/v2\/comments?post=6562"}],"version-history":[{"count":1,"href":"https:\/\/www.smedemokrati.sk\/hu\/wp-json\/wp\/v2\/posts\/6562\/revisions"}],"predecessor-version":[{"id":6564,"href":"https:\/\/www.smedemokrati.sk\/hu\/wp-json\/wp\/v2\/posts\/6562\/revisions\/6564"}],"wp:featuredmedia":[{"embeddable":true,"href":"https:\/\/www.smedemokrati.sk\/hu\/wp-json\/wp\/v2\/media\/2931"}],"wp:attachment":[{"href":"https:\/\/www.smedemokrati.sk\/hu\/wp-json\/wp\/v2\/media?parent=6562"}],"wp:term":[{"taxonomy":"category","embeddable":true,"href":"https:\/\/www.smedemokrati.sk\/hu\/wp-json\/wp\/v2\/categories?post=6562"},{"taxonomy":"post_tag","embeddable":true,"href":"https:\/\/www.smedemokrati.sk\/hu\/wp-json\/wp\/v2\/tags?post=6562"}],"curies":[{"name":"wp","href":"https:\/\/api.w.org\/{rel}","templated":true}]}}