{"id":6491,"date":"2025-02-26T16:54:24","date_gmt":"2025-02-26T15:54:24","guid":{"rendered":"https:\/\/www.smedemokrati.sk\/?p=6491"},"modified":"2025-02-26T16:54:25","modified_gmt":"2025-02-26T15:54:25","slug":"nas-tlak-mal-zmysel-je-cas-aby-taraba-a-sasko-presli-k-cinom","status":"publish","type":"post","link":"https:\/\/www.smedemokrati.sk\/hu\/nas-tlak-mal-zmysel-je-cas-aby-taraba-a-sasko-presli-k-cinom\/","title":{"rendered":"N\u00e1\u0161 tlak mal zmysel, je \u010das aby Taraba a \u0160a\u0161ko pre\u0161li k \u010dinom"},"content":{"rendered":"<div id=\"fb-root\"><\/div>\n\n<p>Minister \u0160a\u0161ko s\u013e\u00fabil zmeni\u0165 jeho vlastn\u00fa vyhl\u00e1\u0161ku o ochrann\u00fdch p\u00e1smach pri Dudinciach umo\u017e\u0148uj\u00facu v\u00fdstavbu spa\u013eovne p\u00e1r kilometrov od k\u00fape\u013eov, ktor\u00fa v rozpore s legislat\u00edvnymi pravidlami podp\u00edsal:\u00a0<em>\u201e\u0160a\u0161ko sa du\u0161uje, \u017ee t\u00fato vyhl\u00e1\u0161ku jedn\u00fdm podpisom okam\u017eite zru\u0161\u00ed. V\u00fdborne, te\u0161\u00edm sa na jeho kroky. Rovnako vyz\u00fdvam ministra Tarabu, aby riadne doviedol proces posudzovania vplyvov s negat\u00edvnym stanoviskom do konca. Do konania som sa zapojil a ich kroky budem pozorne sledova\u0165 a\u017e do fin\u00e1lneho rozhodnutia. Preto\u017ee slov\u00e1 sa hovoria ale chlieb sa je. A vec bude skuto\u010dne ukon\u010den\u00e1 a\u017e riadnymi procesn\u00fdmi rozhodnutiami a dovtedy budem vyu\u017e\u00edva\u0165 v konan\u00ed v\u0161etky dostupn\u00e9 prostriedky na obranu pr\u00e1v obyvate\u013eov Honta.&#8221;<\/em>\u00a0Hovor\u00ed Michal\u00a0Ki\u010da, ktor\u00fd je\u00a0enviroexpert\u00a0a \u010dlen predsedn\u00edctva strany Demokrati.\u00a0<\/p>\n\n\n\n<p>Michal Ki\u010da tie\u017e reaguje na dne\u0161n\u00fa tla\u010dov\u00fa konferenciu ministrov, ktor\u00ed sa k t\u00e9me vyjadrili a\u017e po tom, \u010do ich na to vyzvala opoz\u00edcia a znepokojnen\u00e1 verejnos\u0165:\u00a0<em><em>\u201e<\/em>Hnev na moju adresu je neopodstatnen\u00fd, aj ke\u010f rozumiem, \u017ee po tom, \u010do sme my Demokrati odhalili z\u00e1mer potajme schv\u00e1li\u0165 v\u00fdstavbu elektr\u00e1rne M\u00e1linec a teraz vyhl\u00e1\u0161ku, ktorou vl\u00e1da schva\u013euje v\u00fdstavbu spa\u013eovne, le\u017e\u00edme ministrom v \u017eal\u00fadku. No ja som ministrovi pri podpise vyhl\u00e1\u0161ky a ani pri zmene stanoviska \u0160t\u00e1tnej k\u00fape\u013enej komisie ruku neviedol a stoj\u00edm si za svojimi slovami, \u017ee jeho kroky p\u00f4sobia, ako keby bol lobistom za v\u00fdstavbu spa\u013eovn\u00ed.&#8221;<\/em>\u00a0Hovor\u00ed Michal Ki\u010da a uzatv\u00e1ra,\u00a0\u017ee verejn\u00fd tlak spolu pr\u00e1vnymi krokmi maj\u00fa aj v tejto zlo\u017eitej situ\u00e1cii zmysel a dok\u00e1\u017eu ochr\u00e1ni\u0165 pr\u00e1va obyvate\u013eov a \u017eivotn\u00e9 prostredie na Slovensku.\u00a0<em><em>\u201e<\/em>My kon\u00e1me \u010falej, budeme tla\u010di\u0165 na splnenie s\u013eubov oboch ministrov a p\u00e1n \u0160a\u0161ko sa vysvet\u013eovaniu svojich krokov, ktor\u00fdmi napom\u00e1hal v\u00fdstavbe spa\u013eovne v k\u00fape\u013enej lokalite, nevyhne.&#8221;<\/em><\/p>\n","protected":false},"excerpt":{"rendered":"<p>Minister \u0160a\u0161ko s\u013e\u00fabil zmeni\u0165 jeho vlastn\u00fa vyhl\u00e1\u0161ku o ochrann\u00fdch p\u00e1smach pri Dudinciach umo\u017e\u0148uj\u00facu v\u00fdstavbu spa\u013eovne p\u00e1r kilometrov od k\u00fape\u013eov, ktor\u00fa v rozpore s legislat\u00edvnymi pravidlami podp\u00edsal:\u00a0\u201e\u0160a\u0161ko sa du\u0161uje, \u017ee t\u00fato vyhl\u00e1\u0161ku jedn\u00fdm podpisom okam\u017eite zru\u0161\u00ed. V\u00fdborne, te\u0161\u00edm sa na jeho kroky. Rovnako vyz\u00fdvam ministra Tarabu, aby riadne doviedol proces posudzovania vplyvov s negat\u00edvnym stanoviskom do [&hellip;]<\/p>\n","protected":false},"author":13,"featured_media":2526,"comment_status":"closed","ping_status":"closed","sticky":false,"template":"","format":"standard","meta":{"_acf_changed":false,"ngg_post_thumbnail":0,"footnotes":""},"categories":[4],"tags":[],"class_list":["post-6491","post","type-post","status-publish","format-standard","has-post-thumbnail","hentry","category-tlacove-spravy"],"acf":[],"yoast_head":"<!-- This site is optimized with the Yoast SEO plugin v27.2 - https:\/\/yoast.com\/product\/yoast-seo-wordpress\/ -->\n<title>N\u00e1\u0161 tlak mal zmysel, je \u010das aby Taraba a \u0160a\u0161ko pre\u0161li k \u010dinom<\/title>\n<meta name=\"robots\" content=\"index, follow, max-snippet:-1, max-image-preview:large, max-video-preview:-1\" \/>\n<link rel=\"canonical\" href=\"https:\/\/www.smedemokrati.sk\/hu\/nas-tlak-mal-zmysel-je-cas-aby-taraba-a-sasko-presli-k-cinom\/\" \/>\n<meta property=\"og:locale\" content=\"hu_HU\" \/>\n<meta property=\"og:locale:alternate\" content=\"en_US\" \/>\n<meta property=\"og:locale:alternate\" content=\"cs_CZ\" \/>\n<meta property=\"og:locale:alternate\" content=\"sk_SK\" \/>\n<meta property=\"og:locale:alternate\" content=\"sv_SE\" \/>\n<meta property=\"og:type\" content=\"article\" \/>\n<meta property=\"og:title\" content=\"N\u00e1\u0161 tlak mal zmysel, je \u010das aby Taraba a \u0160a\u0161ko pre\u0161li k \u010dinom\" \/>\n<meta property=\"og:description\" content=\"Minister \u0160a\u0161ko s\u013e\u00fabil zmeni\u0165 jeho vlastn\u00fa vyhl\u00e1\u0161ku o ochrann\u00fdch p\u00e1smach pri Dudinciach umo\u017e\u0148uj\u00facu v\u00fdstavbu spa\u013eovne p\u00e1r kilometrov od k\u00fape\u013eov, ktor\u00fa v rozpore s legislat\u00edvnymi pravidlami podp\u00edsal:\u00a0\u201e\u0160a\u0161ko sa du\u0161uje, \u017ee t\u00fato vyhl\u00e1\u0161ku jedn\u00fdm podpisom okam\u017eite zru\u0161\u00ed. V\u00fdborne, te\u0161\u00edm sa na jeho kroky. Rovnako vyz\u00fdvam ministra Tarabu, aby riadne doviedol proces posudzovania vplyvov s negat\u00edvnym stanoviskom do [&hellip;]\" \/>\n<meta property=\"og:url\" content=\"https:\/\/www.smedemokrati.sk\/hu\/nas-tlak-mal-zmysel-je-cas-aby-taraba-a-sasko-presli-k-cinom\/\" \/>\n<meta property=\"og:site_name\" content=\"Smedemokrati.sk\" \/>\n<meta property=\"article:publisher\" content=\"https:\/\/www.facebook.com\/smedemokrati2023\" \/>\n<meta property=\"article:published_time\" content=\"2025-02-26T15:54:24+00:00\" \/>\n<meta property=\"article:modified_time\" content=\"2025-02-26T15:54:25+00:00\" \/>\n<meta property=\"og:image\" content=\"https:\/\/www.smedemokrati.sk\/wp-content\/uploads\/2024\/01\/kica-1.jpg\" \/>\n\t<meta property=\"og:image:width\" content=\"1897\" \/>\n\t<meta property=\"og:image:height\" content=\"1057\" \/>\n\t<meta property=\"og:image:type\" content=\"image\/jpeg\" \/>\n<meta name=\"author\" content=\"miro.sopko\" \/>\n<meta name=\"twitter:card\" content=\"summary_large_image\" \/>\n<meta name=\"twitter:label1\" content=\"Szerz\u0151:\" \/>\n\t<meta name=\"twitter:data1\" content=\"miro.sopko\" \/>\n\t<meta name=\"twitter:label2\" content=\"Becs\u00fclt olvas\u00e1si id\u0151\" \/>\n\t<meta name=\"twitter:data2\" content=\"2 perc\" \/>\n<script type=\"application\/ld+json\" class=\"yoast-schema-graph\">{\"@context\":\"https:\/\/schema.org\",\"@graph\":[{\"@type\":\"Article\",\"@id\":\"https:\/\/www.smedemokrati.sk\/nas-tlak-mal-zmysel-je-cas-aby-taraba-a-sasko-presli-k-cinom\/#article\",\"isPartOf\":{\"@id\":\"https:\/\/www.smedemokrati.sk\/nas-tlak-mal-zmysel-je-cas-aby-taraba-a-sasko-presli-k-cinom\/\"},\"author\":{\"name\":\"miro.sopko\",\"@id\":\"https:\/\/www.smedemokrati.sk\/#\/schema\/person\/21f147c88d605aa7ded900e1e7c344ba\"},\"headline\":\"N\u00e1\u0161 tlak mal zmysel, je \u010das aby Taraba a \u0160a\u0161ko pre\u0161li k \u010dinom\",\"datePublished\":\"2025-02-26T15:54:24+00:00\",\"dateModified\":\"2025-02-26T15:54:25+00:00\",\"mainEntityOfPage\":{\"@id\":\"https:\/\/www.smedemokrati.sk\/nas-tlak-mal-zmysel-je-cas-aby-taraba-a-sasko-presli-k-cinom\/\"},\"wordCount\":360,\"publisher\":{\"@id\":\"https:\/\/www.smedemokrati.sk\/#organization\"},\"image\":{\"@id\":\"https:\/\/www.smedemokrati.sk\/nas-tlak-mal-zmysel-je-cas-aby-taraba-a-sasko-presli-k-cinom\/#primaryimage\"},\"thumbnailUrl\":\"https:\/\/www.smedemokrati.sk\/wp-content\/uploads\/2024\/01\/kica-1.jpg\",\"articleSection\":[\"Tla\u010dov\u00e9 spr\u00e1vy\"],\"inLanguage\":\"hu-HU\"},{\"@type\":\"WebPage\",\"@id\":\"https:\/\/www.smedemokrati.sk\/nas-tlak-mal-zmysel-je-cas-aby-taraba-a-sasko-presli-k-cinom\/\",\"url\":\"https:\/\/www.smedemokrati.sk\/nas-tlak-mal-zmysel-je-cas-aby-taraba-a-sasko-presli-k-cinom\/\",\"name\":\"N\u00e1\u0161 tlak mal zmysel, je \u010das aby Taraba a \u0160a\u0161ko pre\u0161li k \u010dinom\",\"isPartOf\":{\"@id\":\"https:\/\/www.smedemokrati.sk\/#website\"},\"primaryImageOfPage\":{\"@id\":\"https:\/\/www.smedemokrati.sk\/nas-tlak-mal-zmysel-je-cas-aby-taraba-a-sasko-presli-k-cinom\/#primaryimage\"},\"image\":{\"@id\":\"https:\/\/www.smedemokrati.sk\/nas-tlak-mal-zmysel-je-cas-aby-taraba-a-sasko-presli-k-cinom\/#primaryimage\"},\"thumbnailUrl\":\"https:\/\/www.smedemokrati.sk\/wp-content\/uploads\/2024\/01\/kica-1.jpg\",\"datePublished\":\"2025-02-26T15:54:24+00:00\",\"dateModified\":\"2025-02-26T15:54:25+00:00\",\"breadcrumb\":{\"@id\":\"https:\/\/www.smedemokrati.sk\/nas-tlak-mal-zmysel-je-cas-aby-taraba-a-sasko-presli-k-cinom\/#breadcrumb\"},\"inLanguage\":\"hu-HU\",\"potentialAction\":[{\"@type\":\"ReadAction\",\"target\":[\"https:\/\/www.smedemokrati.sk\/nas-tlak-mal-zmysel-je-cas-aby-taraba-a-sasko-presli-k-cinom\/\"]}]},{\"@type\":\"ImageObject\",\"inLanguage\":\"hu-HU\",\"@id\":\"https:\/\/www.smedemokrati.sk\/nas-tlak-mal-zmysel-je-cas-aby-taraba-a-sasko-presli-k-cinom\/#primaryimage\",\"url\":\"https:\/\/www.smedemokrati.sk\/wp-content\/uploads\/2024\/01\/kica-1.jpg\",\"contentUrl\":\"https:\/\/www.smedemokrati.sk\/wp-content\/uploads\/2024\/01\/kica-1.jpg\",\"width\":1897,\"height\":1057},{\"@type\":\"BreadcrumbList\",\"@id\":\"https:\/\/www.smedemokrati.sk\/nas-tlak-mal-zmysel-je-cas-aby-taraba-a-sasko-presli-k-cinom\/#breadcrumb\",\"itemListElement\":[{\"@type\":\"ListItem\",\"position\":1,\"name\":\"Domovsk\u00e1 str\u00e1nka\",\"item\":\"https:\/\/www.smedemokrati.sk\/\"},{\"@type\":\"ListItem\",\"position\":2,\"name\":\"N\u00e1\u0161 tlak mal zmysel, je \u010das aby Taraba a \u0160a\u0161ko pre\u0161li k \u010dinom\"}]},{\"@type\":\"WebSite\",\"@id\":\"https:\/\/www.smedemokrati.sk\/#website\",\"url\":\"https:\/\/www.smedemokrati.sk\/\",\"name\":\"Smedemokrati.sk\",\"description\":\"Demokracia a slu\u0161nos\u0165 zv\u00ed\u0165az\u00ed\",\"publisher\":{\"@id\":\"https:\/\/www.smedemokrati.sk\/#organization\"},\"potentialAction\":[{\"@type\":\"SearchAction\",\"target\":{\"@type\":\"EntryPoint\",\"urlTemplate\":\"https:\/\/www.smedemokrati.sk\/?s={search_term_string}\"},\"query-input\":{\"@type\":\"PropertyValueSpecification\",\"valueRequired\":true,\"valueName\":\"search_term_string\"}}],\"inLanguage\":\"hu-HU\"},{\"@type\":\"Organization\",\"@id\":\"https:\/\/www.smedemokrati.sk\/#organization\",\"name\":\"Smedemokrati.sk\",\"url\":\"https:\/\/www.smedemokrati.sk\/\",\"logo\":{\"@type\":\"ImageObject\",\"inLanguage\":\"hu-HU\",\"@id\":\"https:\/\/www.smedemokrati.sk\/#\/schema\/logo\/image\/\",\"url\":\"https:\/\/www.smedemokrati.sk\/wp-content\/uploads\/2023\/04\/ff.002.jpeg\",\"contentUrl\":\"https:\/\/www.smedemokrati.sk\/wp-content\/uploads\/2023\/04\/ff.002.jpeg\",\"width\":640,\"height\":480,\"caption\":\"Smedemokrati.sk\"},\"image\":{\"@id\":\"https:\/\/www.smedemokrati.sk\/#\/schema\/logo\/image\/\"},\"sameAs\":[\"https:\/\/www.facebook.com\/smedemokrati2023\"]},{\"@type\":\"Person\",\"@id\":\"https:\/\/www.smedemokrati.sk\/#\/schema\/person\/21f147c88d605aa7ded900e1e7c344ba\",\"name\":\"miro.sopko\",\"image\":{\"@type\":\"ImageObject\",\"inLanguage\":\"hu-HU\",\"@id\":\"https:\/\/secure.gravatar.com\/avatar\/267e4a36f704376c109afe3a78740c1f5dd8675a2180a908699e7863c9247606?s=96&d=mm&r=g\",\"url\":\"https:\/\/secure.gravatar.com\/avatar\/267e4a36f704376c109afe3a78740c1f5dd8675a2180a908699e7863c9247606?s=96&d=mm&r=g\",\"contentUrl\":\"https:\/\/secure.gravatar.com\/avatar\/267e4a36f704376c109afe3a78740c1f5dd8675a2180a908699e7863c9247606?s=96&d=mm&r=g\",\"caption\":\"miro.sopko\"},\"url\":\"https:\/\/www.smedemokrati.sk\/hu\/author\/miro-sopko\/\"}]}<\/script>\n<!-- \/ Yoast SEO plugin. -->","yoast_head_json":{"title":"N\u00e1\u0161 tlak mal zmysel, je \u010das aby Taraba a \u0160a\u0161ko pre\u0161li k \u010dinom","robots":{"index":"index","follow":"follow","max-snippet":"max-snippet:-1","max-image-preview":"max-image-preview:large","max-video-preview":"max-video-preview:-1"},"canonical":"https:\/\/www.smedemokrati.sk\/hu\/nas-tlak-mal-zmysel-je-cas-aby-taraba-a-sasko-presli-k-cinom\/","og_locale":"hu_HU","og_type":"article","og_title":"[:sk]N\u00e1\u0161 tlak mal zmysel, je \u010das aby Taraba a \u0160a\u0161ko pre\u0161li k \u010dinom[:] - Smedemokrati.sk","og_description":"Minister \u0160a\u0161ko s\u013e\u00fabil zmeni\u0165 jeho vlastn\u00fa vyhl\u00e1\u0161ku o ochrann\u00fdch p\u00e1smach pri Dudinciach umo\u017e\u0148uj\u00facu v\u00fdstavbu spa\u013eovne p\u00e1r kilometrov od k\u00fape\u013eov, ktor\u00fa v rozpore s legislat\u00edvnymi pravidlami podp\u00edsal:\u00a0\u201e\u0160a\u0161ko sa du\u0161uje, \u017ee t\u00fato vyhl\u00e1\u0161ku jedn\u00fdm podpisom okam\u017eite zru\u0161\u00ed. V\u00fdborne, te\u0161\u00edm sa na jeho kroky. Rovnako vyz\u00fdvam ministra Tarabu, aby riadne doviedol proces posudzovania vplyvov s negat\u00edvnym stanoviskom do [&hellip;]","og_url":"https:\/\/www.smedemokrati.sk\/hu\/nas-tlak-mal-zmysel-je-cas-aby-taraba-a-sasko-presli-k-cinom\/","og_site_name":"Smedemokrati.sk","article_publisher":"https:\/\/www.facebook.com\/smedemokrati2023","article_published_time":"2025-02-26T15:54:24+00:00","article_modified_time":"2025-02-26T15:54:25+00:00","og_image":[{"width":1897,"height":1057,"url":"https:\/\/www.smedemokrati.sk\/wp-content\/uploads\/2024\/01\/kica-1.jpg","type":"image\/jpeg"}],"author":"miro.sopko","twitter_card":"summary_large_image","twitter_misc":{"Szerz\u0151:":"miro.sopko","Becs\u00fclt olvas\u00e1si id\u0151":"2 perc"},"schema":{"@context":"https:\/\/schema.org","@graph":[{"@type":"Article","@id":"https:\/\/www.smedemokrati.sk\/nas-tlak-mal-zmysel-je-cas-aby-taraba-a-sasko-presli-k-cinom\/#article","isPartOf":{"@id":"https:\/\/www.smedemokrati.sk\/nas-tlak-mal-zmysel-je-cas-aby-taraba-a-sasko-presli-k-cinom\/"},"author":{"name":"miro.sopko","@id":"https:\/\/www.smedemokrati.sk\/#\/schema\/person\/21f147c88d605aa7ded900e1e7c344ba"},"headline":"N\u00e1\u0161 tlak mal zmysel, je \u010das aby Taraba a \u0160a\u0161ko pre\u0161li k \u010dinom","datePublished":"2025-02-26T15:54:24+00:00","dateModified":"2025-02-26T15:54:25+00:00","mainEntityOfPage":{"@id":"https:\/\/www.smedemokrati.sk\/nas-tlak-mal-zmysel-je-cas-aby-taraba-a-sasko-presli-k-cinom\/"},"wordCount":360,"publisher":{"@id":"https:\/\/www.smedemokrati.sk\/#organization"},"image":{"@id":"https:\/\/www.smedemokrati.sk\/nas-tlak-mal-zmysel-je-cas-aby-taraba-a-sasko-presli-k-cinom\/#primaryimage"},"thumbnailUrl":"https:\/\/www.smedemokrati.sk\/wp-content\/uploads\/2024\/01\/kica-1.jpg","articleSection":["Tla\u010dov\u00e9 spr\u00e1vy"],"inLanguage":"hu-HU"},{"@type":"WebPage","@id":"https:\/\/www.smedemokrati.sk\/nas-tlak-mal-zmysel-je-cas-aby-taraba-a-sasko-presli-k-cinom\/","url":"https:\/\/www.smedemokrati.sk\/nas-tlak-mal-zmysel-je-cas-aby-taraba-a-sasko-presli-k-cinom\/","name":"N\u00e1\u0161 tlak mal zmysel, je \u010das aby Taraba a \u0160a\u0161ko pre\u0161li k \u010dinom","isPartOf":{"@id":"https:\/\/www.smedemokrati.sk\/#website"},"primaryImageOfPage":{"@id":"https:\/\/www.smedemokrati.sk\/nas-tlak-mal-zmysel-je-cas-aby-taraba-a-sasko-presli-k-cinom\/#primaryimage"},"image":{"@id":"https:\/\/www.smedemokrati.sk\/nas-tlak-mal-zmysel-je-cas-aby-taraba-a-sasko-presli-k-cinom\/#primaryimage"},"thumbnailUrl":"https:\/\/www.smedemokrati.sk\/wp-content\/uploads\/2024\/01\/kica-1.jpg","datePublished":"2025-02-26T15:54:24+00:00","dateModified":"2025-02-26T15:54:25+00:00","breadcrumb":{"@id":"https:\/\/www.smedemokrati.sk\/nas-tlak-mal-zmysel-je-cas-aby-taraba-a-sasko-presli-k-cinom\/#breadcrumb"},"inLanguage":"hu-HU","potentialAction":[{"@type":"ReadAction","target":["https:\/\/www.smedemokrati.sk\/nas-tlak-mal-zmysel-je-cas-aby-taraba-a-sasko-presli-k-cinom\/"]}]},{"@type":"ImageObject","inLanguage":"hu-HU","@id":"https:\/\/www.smedemokrati.sk\/nas-tlak-mal-zmysel-je-cas-aby-taraba-a-sasko-presli-k-cinom\/#primaryimage","url":"https:\/\/www.smedemokrati.sk\/wp-content\/uploads\/2024\/01\/kica-1.jpg","contentUrl":"https:\/\/www.smedemokrati.sk\/wp-content\/uploads\/2024\/01\/kica-1.jpg","width":1897,"height":1057},{"@type":"BreadcrumbList","@id":"https:\/\/www.smedemokrati.sk\/nas-tlak-mal-zmysel-je-cas-aby-taraba-a-sasko-presli-k-cinom\/#breadcrumb","itemListElement":[{"@type":"ListItem","position":1,"name":"Domovsk\u00e1 str\u00e1nka","item":"https:\/\/www.smedemokrati.sk\/"},{"@type":"ListItem","position":2,"name":"N\u00e1\u0161 tlak mal zmysel, je \u010das aby Taraba a \u0160a\u0161ko pre\u0161li k \u010dinom"}]},{"@type":"WebSite","@id":"https:\/\/www.smedemokrati.sk\/#website","url":"https:\/\/www.smedemokrati.sk\/","name":"Smedemokrati.sk","description":"Demokracia a slu\u0161nos\u0165 zv\u00ed\u0165az\u00ed","publisher":{"@id":"https:\/\/www.smedemokrati.sk\/#organization"},"potentialAction":[{"@type":"SearchAction","target":{"@type":"EntryPoint","urlTemplate":"https:\/\/www.smedemokrati.sk\/?s={search_term_string}"},"query-input":{"@type":"PropertyValueSpecification","valueRequired":true,"valueName":"search_term_string"}}],"inLanguage":"hu-HU"},{"@type":"Organization","@id":"https:\/\/www.smedemokrati.sk\/#organization","name":"Smedemokrati.sk","url":"https:\/\/www.smedemokrati.sk\/","logo":{"@type":"ImageObject","inLanguage":"hu-HU","@id":"https:\/\/www.smedemokrati.sk\/#\/schema\/logo\/image\/","url":"https:\/\/www.smedemokrati.sk\/wp-content\/uploads\/2023\/04\/ff.002.jpeg","contentUrl":"https:\/\/www.smedemokrati.sk\/wp-content\/uploads\/2023\/04\/ff.002.jpeg","width":640,"height":480,"caption":"Smedemokrati.sk"},"image":{"@id":"https:\/\/www.smedemokrati.sk\/#\/schema\/logo\/image\/"},"sameAs":["https:\/\/www.facebook.com\/smedemokrati2023"]},{"@type":"Person","@id":"https:\/\/www.smedemokrati.sk\/#\/schema\/person\/21f147c88d605aa7ded900e1e7c344ba","name":"miro.sopko","image":{"@type":"ImageObject","inLanguage":"hu-HU","@id":"https:\/\/secure.gravatar.com\/avatar\/267e4a36f704376c109afe3a78740c1f5dd8675a2180a908699e7863c9247606?s=96&d=mm&r=g","url":"https:\/\/secure.gravatar.com\/avatar\/267e4a36f704376c109afe3a78740c1f5dd8675a2180a908699e7863c9247606?s=96&d=mm&r=g","contentUrl":"https:\/\/secure.gravatar.com\/avatar\/267e4a36f704376c109afe3a78740c1f5dd8675a2180a908699e7863c9247606?s=96&d=mm&r=g","caption":"miro.sopko"},"url":"https:\/\/www.smedemokrati.sk\/hu\/author\/miro-sopko\/"}]}},"_links":{"self":[{"href":"https:\/\/www.smedemokrati.sk\/hu\/wp-json\/wp\/v2\/posts\/6491","targetHints":{"allow":["GET"]}}],"collection":[{"href":"https:\/\/www.smedemokrati.sk\/hu\/wp-json\/wp\/v2\/posts"}],"about":[{"href":"https:\/\/www.smedemokrati.sk\/hu\/wp-json\/wp\/v2\/types\/post"}],"author":[{"embeddable":true,"href":"https:\/\/www.smedemokrati.sk\/hu\/wp-json\/wp\/v2\/users\/13"}],"replies":[{"embeddable":true,"href":"https:\/\/www.smedemokrati.sk\/hu\/wp-json\/wp\/v2\/comments?post=6491"}],"version-history":[{"count":1,"href":"https:\/\/www.smedemokrati.sk\/hu\/wp-json\/wp\/v2\/posts\/6491\/revisions"}],"predecessor-version":[{"id":6492,"href":"https:\/\/www.smedemokrati.sk\/hu\/wp-json\/wp\/v2\/posts\/6491\/revisions\/6492"}],"wp:featuredmedia":[{"embeddable":true,"href":"https:\/\/www.smedemokrati.sk\/hu\/wp-json\/wp\/v2\/media\/2526"}],"wp:attachment":[{"href":"https:\/\/www.smedemokrati.sk\/hu\/wp-json\/wp\/v2\/media?parent=6491"}],"wp:term":[{"taxonomy":"category","embeddable":true,"href":"https:\/\/www.smedemokrati.sk\/hu\/wp-json\/wp\/v2\/categories?post=6491"},{"taxonomy":"post_tag","embeddable":true,"href":"https:\/\/www.smedemokrati.sk\/hu\/wp-json\/wp\/v2\/tags?post=6491"}],"curies":[{"name":"wp","href":"https:\/\/api.w.org\/{rel}","templated":true}]}}