{"id":6480,"date":"2025-02-25T14:19:50","date_gmt":"2025-02-25T13:19:50","guid":{"rendered":"https:\/\/www.smedemokrati.sk\/?p=6480"},"modified":"2025-02-25T14:19:51","modified_gmt":"2025-02-25T13:19:51","slug":"ak-budu-pokracovat-klamstva-o-napojeni-cintulu-na-demokratov-budeme-to-riesit-pravnou-cestou","status":"publish","type":"post","link":"https:\/\/www.smedemokrati.sk\/hu\/ak-budu-pokracovat-klamstva-o-napojeni-cintulu-na-demokratov-budeme-to-riesit-pravnou-cestou\/","title":{"rendered":"Ak bud\u00fa pokra\u010dova\u0165 klamstv\u00e1 o napojen\u00ed Cintulu na Demokratov, budeme to rie\u0161i\u0165 pr\u00e1vnou cestou"},"content":{"rendered":"<div id=\"fb-root\"><\/div>\n\n<p><strong>Demokrati odmietaj\u00fa opakovan\u00e9 klamstv\u00e1 vl\u00e1dnych predstavite\u013eov o napojen\u00ed atent\u00e1tnika Cintulu na stranu. Hovoria, \u017ee ak sa tieto z\u00e1merne falo\u0161n\u00e9 tvrdenia bud\u00fa opakova\u0165, vec bud\u00fa rie\u0161i\u0165 \u017ealobami a trestn\u00fdmi ozn\u00e1meniami. Pod\u013ea koal\u00edcie usved\u010duje stranu fotografia z ob\u010dianskeho zhroma\u017edenia v Dolnej Kr\u00fape, kde st\u00e1l Cintula ved\u013ea krajsk\u00e9ho predsedu strany Mareka Polonca. Ten v\u0161ak po zverejnen\u00ed atent\u00e1tnikovej identity podal na trnavskej prokurat\u00fare ozn\u00e1menie a bol vo veci s\u00fa\u010dinn\u00fd, nikdy sa prepojenia na stranu nepotvrdili.&nbsp;Demokrati naopak pom\u00e1hali svojou s\u00fa\u010dinnos\u0165ou pri vy\u0161etrovan\u00ed. Skuto\u010dn\u00fdm cie\u013eom koal\u00edcie je n\u00e1js\u0165 si z\u00e1mienku na rozpustenie Demokratov.&nbsp;<\/strong><\/p>\n\n\n\n<p>Pod\u013ea Jaroslava Na\u010fa je usved\u010denie zo strany koal\u00edcie na z\u00e1klade jednej fotografie absurdn\u00e9:\u00a0<em>\u201ePod\u013ea tejto logiky potom Fico a strana Smer spolupracuje s Ko\u010dnerom, Vladim\u00edrom Putinom, Kadd\u00e1f\u00edm \u010di Ba\u0161trn\u00e1kom, preto\u017ee s t\u00fdmito v\u0161etk\u00fdmi \u013eu\u010fmi sa stretli predstavitelia strany Smer a s\u00fa o tom fotografie. Ak pokra\u010dujeme v tejto logike, tak sa p\u00fdtam, \u010di Matica Slovensk\u00e1 finan\u010dne podporovala Cintulu, preto\u017ee s\u00fa aj tak\u00e9 podujatia, na ktor\u00fdch atent\u00e1tnik pod\u013ea fotografi\u00ed participoval. Nehovoriac o Slovensk\u00fdch brancoch, organiz\u00e1cie, ktorej d\u00e1val Kali\u0148\u00e1k vojensk\u00fa techniku. Aj tak\u00e9 fotografie existuj\u00fa, na ktor\u00fdch je Cintula s brancami, preto sa p\u00fdtam, dotoval Kali\u0148\u00e1k organiz\u00e1ciou technikou, na ktorej bol vycvi\u010den\u00fd \u00fato\u010dn\u00edk?&#8221;<\/em>\u00a0Hovor\u00ed Jaroslav Na\u010f, ktor\u00fd takto reaguje na vyjadrenia ministra Kali\u0148\u00e1ka. Ten tvrd\u00ed, \u017ee \u00fato\u010dn\u00edk je z radov Demokratov, je ich fan\u00fa\u0161ik a \u017ee na z\u00e1klade jednej fotografii mo\u017eno poveda\u0165, \u017ee so stranou spolupracuje.<\/p>\n\n\n\n<p><em>\u201eRobert Kali\u0148\u00e1k opakovane klamal. Ke\u010f tvrdil, \u017ee Cintula je prepojen\u00fd na stranu Demokrati, \u017ee sme vymaz\u00e1vali vide\u00e1, pri\u010dom \u017eiadne neexistuj\u00fa, \u017ee chodil na akcie, ktor\u00e9 sme organizovali, op\u00e4\u0165 klamstvo a \u017ee on je n\u00e1\u0161 podporovate\u013e. S \u00fato\u010dn\u00edkom sme neboli v \u017eiadnom kontakte a nad r\u00e1mec jedn\u00e9ho n\u00e1hodn\u00e9ho stretnutia v Dolnej Krupej s p\u00e1nom Poloncom sme ho nikdy nevideli, nikdy nebol na\u0161\u00edm \u010dlenom a ani na\u0161im prispievate\u013eom. Robert Kali\u0148\u00e1k hrubo, naozaj hrubo aj na svoje pomery klame!\u201d<\/em>\u00a0Hovor\u00ed Jaroslav Na\u010f.\u00a0<\/p>\n\n\n\n<p>Marek Polonec, krajsk\u00fd predseda za Trnavu stretol Cintulu na ob\u010dianskom proteste v Dolnej Kr\u00fape, no nikdy pred t\u00fdm a ani potom s n\u00edm neprebehla \u017eiadna komunik\u00e1cia:\u00a0<em>\u201ePredstavil sa ako B\u00e1snik. Na proteste nad\u00e1val a tak sme ho upozornili, nech to nerob\u00ed. St\u00e1l v dave rovnako ako \u010fal\u0161\u00ed \u013eudia a \u017eiadnu \u010fal\u0161iu konverz\u00e1ciu sme neviedli. Nikdy predt\u00fdm ani nikdy potom sme sa nevideli a neboli v \u017eiadnom kontakte. Hne\u010f ako bola jeho identita medializovan\u00e1 som podal na gener\u00e1lnu prokurat\u00faru v Trnave ozn\u00e1menie, ktor\u00fdm som op\u00edsal cel\u00fa situ\u00e1ciu a chcel napom\u00f4c\u0165 vy\u0161etrovac\u00edm org\u00e1nom. Bol som aj vypoveda\u0165 a poskytoval som pln\u00fa s\u00fa\u010dinnos\u0165, opakujem, nikdy pred t\u00fdm a ani potom som Cintulu nestretol.&#8221;<\/em><\/p>\n\n\n\n<p>Podpredseda Demokratov Juraj \u0160eliga hovor\u00ed, \u017ee z\u00e1merom t\u00fdchto klamstiev je pripravi\u0165 si pr\u00e1vne predpolie na n\u00e1vrh na rozpustenie strany:\u00a0<em>\u201eMonitoruj\u00fa n\u00e1s, nav\u0161tevuje n\u00e1s in\u0161pekcia a vym\u00fd\u0161\u013eaj\u00fa v\u0161emo\u017en\u00e9 kon\u0161trukcie len aby potom verejnosti povedali, \u017ee n\u00e1s musia ako stranu rozpusti\u0165. Vieme pre\u010do, vad\u00edme im ako opoz\u00edcia. S\u00fa to v\u0161ak vymyslen\u00e9 tvrdenia, koniec koncov, to povedal aj obhajca, nikto \u010fal\u0161\u00ed vo veci stre\u013eby na premi\u00e9ra nie je st\u00edhan\u00fd, bodka. N\u00e1s tieto vyjadrenia nezastra\u0161ia no ak bud\u00fa pokra\u010dova\u0165, budeme to rie\u0161i\u0165 aj pr\u00e1vnou cestou.\u201d<\/em><\/p>\n\n\n<div class=\"fb-video\" data-href=\"https:\/\/fb.watch\/xZiOAJ19so\" data-allowfullscreen=\"true\" data-autoplay=\"false\" data-width=\"\" data-show-text=\"false\" data-show-captions=\"true\"><\/div>\n","protected":false},"excerpt":{"rendered":"<p>Demokrati odmietaj\u00fa opakovan\u00e9 klamstv\u00e1 vl\u00e1dnych predstavite\u013eov o napojen\u00ed atent\u00e1tnika Cintulu na stranu. Hovoria, \u017ee ak sa tieto z\u00e1merne falo\u0161n\u00e9 tvrdenia bud\u00fa opakova\u0165, vec bud\u00fa rie\u0161i\u0165 \u017ealobami a trestn\u00fdmi ozn\u00e1meniami. Pod\u013ea koal\u00edcie usved\u010duje stranu fotografia z ob\u010dianskeho zhroma\u017edenia v Dolnej Kr\u00fape, kde st\u00e1l Cintula ved\u013ea krajsk\u00e9ho predsedu strany Mareka Polonca. Ten v\u0161ak po zverejnen\u00ed atent\u00e1tnikovej identity [&hellip;]<\/p>\n","protected":false},"author":13,"featured_media":6481,"comment_status":"closed","ping_status":"closed","sticky":false,"template":"","format":"standard","meta":{"_acf_changed":false,"ngg_post_thumbnail":0,"footnotes":""},"categories":[4],"tags":[],"class_list":["post-6480","post","type-post","status-publish","format-standard","has-post-thumbnail","hentry","category-tlacove-spravy"],"acf":[],"yoast_head":"<!-- This site is optimized with the Yoast SEO plugin v27.2 - https:\/\/yoast.com\/product\/yoast-seo-wordpress\/ -->\n<title>Ak bud\u00fa pokra\u010dova\u0165 klamstv\u00e1 o napojen\u00ed Cintulu na Demokratov, budeme to rie\u0161i\u0165 pr\u00e1vnou cestou<\/title>\n<meta name=\"robots\" content=\"index, follow, max-snippet:-1, max-image-preview:large, max-video-preview:-1\" \/>\n<link rel=\"canonical\" href=\"https:\/\/www.smedemokrati.sk\/hu\/ak-budu-pokracovat-klamstva-o-napojeni-cintulu-na-demokratov-budeme-to-riesit-pravnou-cestou\/\" \/>\n<meta property=\"og:locale\" content=\"hu_HU\" \/>\n<meta property=\"og:locale:alternate\" content=\"en_US\" \/>\n<meta property=\"og:locale:alternate\" content=\"cs_CZ\" \/>\n<meta property=\"og:locale:alternate\" content=\"sk_SK\" \/>\n<meta property=\"og:locale:alternate\" content=\"sv_SE\" \/>\n<meta property=\"og:type\" content=\"article\" \/>\n<meta property=\"og:title\" content=\"Ak bud\u00fa pokra\u010dova\u0165 klamstv\u00e1 o napojen\u00ed Cintulu na Demokratov, budeme to rie\u0161i\u0165 pr\u00e1vnou cestou\" \/>\n<meta property=\"og:description\" content=\"Demokrati odmietaj\u00fa opakovan\u00e9 klamstv\u00e1 vl\u00e1dnych predstavite\u013eov o napojen\u00ed atent\u00e1tnika Cintulu na stranu. Hovoria, \u017ee ak sa tieto z\u00e1merne falo\u0161n\u00e9 tvrdenia bud\u00fa opakova\u0165, vec bud\u00fa rie\u0161i\u0165 \u017ealobami a trestn\u00fdmi ozn\u00e1meniami. Pod\u013ea koal\u00edcie usved\u010duje stranu fotografia z ob\u010dianskeho zhroma\u017edenia v Dolnej Kr\u00fape, kde st\u00e1l Cintula ved\u013ea krajsk\u00e9ho predsedu strany Mareka Polonca. Ten v\u0161ak po zverejnen\u00ed atent\u00e1tnikovej identity [&hellip;]\" \/>\n<meta property=\"og:url\" content=\"https:\/\/www.smedemokrati.sk\/hu\/ak-budu-pokracovat-klamstva-o-napojeni-cintulu-na-demokratov-budeme-to-riesit-pravnou-cestou\/\" \/>\n<meta property=\"og:site_name\" content=\"Smedemokrati.sk\" \/>\n<meta property=\"article:publisher\" content=\"https:\/\/www.facebook.com\/smedemokrati2023\" \/>\n<meta property=\"article:published_time\" content=\"2025-02-25T13:19:50+00:00\" \/>\n<meta property=\"article:modified_time\" content=\"2025-02-25T13:19:51+00:00\" \/>\n<meta property=\"og:image\" content=\"https:\/\/www.smedemokrati.sk\/wp-content\/uploads\/2025\/02\/utoky-proti-demokratom.jpg\" \/>\n\t<meta property=\"og:image:width\" content=\"789\" \/>\n\t<meta property=\"og:image:height\" content=\"427\" \/>\n\t<meta property=\"og:image:type\" content=\"image\/jpeg\" \/>\n<meta name=\"author\" content=\"miro.sopko\" \/>\n<meta name=\"twitter:card\" content=\"summary_large_image\" \/>\n<meta name=\"twitter:label1\" content=\"Szerz\u0151:\" \/>\n\t<meta name=\"twitter:data1\" content=\"miro.sopko\" \/>\n\t<meta name=\"twitter:label2\" content=\"Becs\u00fclt olvas\u00e1si id\u0151\" \/>\n\t<meta name=\"twitter:data2\" content=\"3 perc\" \/>\n<script type=\"application\/ld+json\" class=\"yoast-schema-graph\">{\"@context\":\"https:\/\/schema.org\",\"@graph\":[{\"@type\":\"Article\",\"@id\":\"https:\/\/www.smedemokrati.sk\/ak-budu-pokracovat-klamstva-o-napojeni-cintulu-na-demokratov-budeme-to-riesit-pravnou-cestou\/#article\",\"isPartOf\":{\"@id\":\"https:\/\/www.smedemokrati.sk\/ak-budu-pokracovat-klamstva-o-napojeni-cintulu-na-demokratov-budeme-to-riesit-pravnou-cestou\/\"},\"author\":{\"name\":\"miro.sopko\",\"@id\":\"https:\/\/www.smedemokrati.sk\/#\/schema\/person\/21f147c88d605aa7ded900e1e7c344ba\"},\"headline\":\"Ak bud\u00fa pokra\u010dova\u0165 klamstv\u00e1 o napojen\u00ed Cintulu na Demokratov, budeme to rie\u0161i\u0165 pr\u00e1vnou cestou\",\"datePublished\":\"2025-02-25T13:19:50+00:00\",\"dateModified\":\"2025-02-25T13:19:51+00:00\",\"mainEntityOfPage\":{\"@id\":\"https:\/\/www.smedemokrati.sk\/ak-budu-pokracovat-klamstva-o-napojeni-cintulu-na-demokratov-budeme-to-riesit-pravnou-cestou\/\"},\"wordCount\":657,\"publisher\":{\"@id\":\"https:\/\/www.smedemokrati.sk\/#organization\"},\"image\":{\"@id\":\"https:\/\/www.smedemokrati.sk\/ak-budu-pokracovat-klamstva-o-napojeni-cintulu-na-demokratov-budeme-to-riesit-pravnou-cestou\/#primaryimage\"},\"thumbnailUrl\":\"https:\/\/www.smedemokrati.sk\/wp-content\/uploads\/2025\/02\/utoky-proti-demokratom.jpg\",\"articleSection\":[\"Tla\u010dov\u00e9 spr\u00e1vy\"],\"inLanguage\":\"hu-HU\"},{\"@type\":\"WebPage\",\"@id\":\"https:\/\/www.smedemokrati.sk\/ak-budu-pokracovat-klamstva-o-napojeni-cintulu-na-demokratov-budeme-to-riesit-pravnou-cestou\/\",\"url\":\"https:\/\/www.smedemokrati.sk\/ak-budu-pokracovat-klamstva-o-napojeni-cintulu-na-demokratov-budeme-to-riesit-pravnou-cestou\/\",\"name\":\"Ak bud\u00fa pokra\u010dova\u0165 klamstv\u00e1 o napojen\u00ed Cintulu na Demokratov, budeme to rie\u0161i\u0165 pr\u00e1vnou cestou\",\"isPartOf\":{\"@id\":\"https:\/\/www.smedemokrati.sk\/#website\"},\"primaryImageOfPage\":{\"@id\":\"https:\/\/www.smedemokrati.sk\/ak-budu-pokracovat-klamstva-o-napojeni-cintulu-na-demokratov-budeme-to-riesit-pravnou-cestou\/#primaryimage\"},\"image\":{\"@id\":\"https:\/\/www.smedemokrati.sk\/ak-budu-pokracovat-klamstva-o-napojeni-cintulu-na-demokratov-budeme-to-riesit-pravnou-cestou\/#primaryimage\"},\"thumbnailUrl\":\"https:\/\/www.smedemokrati.sk\/wp-content\/uploads\/2025\/02\/utoky-proti-demokratom.jpg\",\"datePublished\":\"2025-02-25T13:19:50+00:00\",\"dateModified\":\"2025-02-25T13:19:51+00:00\",\"breadcrumb\":{\"@id\":\"https:\/\/www.smedemokrati.sk\/ak-budu-pokracovat-klamstva-o-napojeni-cintulu-na-demokratov-budeme-to-riesit-pravnou-cestou\/#breadcrumb\"},\"inLanguage\":\"hu-HU\",\"potentialAction\":[{\"@type\":\"ReadAction\",\"target\":[\"https:\/\/www.smedemokrati.sk\/ak-budu-pokracovat-klamstva-o-napojeni-cintulu-na-demokratov-budeme-to-riesit-pravnou-cestou\/\"]}]},{\"@type\":\"ImageObject\",\"inLanguage\":\"hu-HU\",\"@id\":\"https:\/\/www.smedemokrati.sk\/ak-budu-pokracovat-klamstva-o-napojeni-cintulu-na-demokratov-budeme-to-riesit-pravnou-cestou\/#primaryimage\",\"url\":\"https:\/\/www.smedemokrati.sk\/wp-content\/uploads\/2025\/02\/utoky-proti-demokratom.jpg\",\"contentUrl\":\"https:\/\/www.smedemokrati.sk\/wp-content\/uploads\/2025\/02\/utoky-proti-demokratom.jpg\",\"width\":789,\"height\":427},{\"@type\":\"BreadcrumbList\",\"@id\":\"https:\/\/www.smedemokrati.sk\/ak-budu-pokracovat-klamstva-o-napojeni-cintulu-na-demokratov-budeme-to-riesit-pravnou-cestou\/#breadcrumb\",\"itemListElement\":[{\"@type\":\"ListItem\",\"position\":1,\"name\":\"Domovsk\u00e1 str\u00e1nka\",\"item\":\"https:\/\/www.smedemokrati.sk\/\"},{\"@type\":\"ListItem\",\"position\":2,\"name\":\"Ak bud\u00fa pokra\u010dova\u0165 klamstv\u00e1 o napojen\u00ed Cintulu na Demokratov, budeme to rie\u0161i\u0165 pr\u00e1vnou cestou\"}]},{\"@type\":\"WebSite\",\"@id\":\"https:\/\/www.smedemokrati.sk\/#website\",\"url\":\"https:\/\/www.smedemokrati.sk\/\",\"name\":\"Smedemokrati.sk\",\"description\":\"Demokracia a slu\u0161nos\u0165 zv\u00ed\u0165az\u00ed\",\"publisher\":{\"@id\":\"https:\/\/www.smedemokrati.sk\/#organization\"},\"potentialAction\":[{\"@type\":\"SearchAction\",\"target\":{\"@type\":\"EntryPoint\",\"urlTemplate\":\"https:\/\/www.smedemokrati.sk\/?s={search_term_string}\"},\"query-input\":{\"@type\":\"PropertyValueSpecification\",\"valueRequired\":true,\"valueName\":\"search_term_string\"}}],\"inLanguage\":\"hu-HU\"},{\"@type\":\"Organization\",\"@id\":\"https:\/\/www.smedemokrati.sk\/#organization\",\"name\":\"Smedemokrati.sk\",\"url\":\"https:\/\/www.smedemokrati.sk\/\",\"logo\":{\"@type\":\"ImageObject\",\"inLanguage\":\"hu-HU\",\"@id\":\"https:\/\/www.smedemokrati.sk\/#\/schema\/logo\/image\/\",\"url\":\"https:\/\/www.smedemokrati.sk\/wp-content\/uploads\/2023\/04\/ff.002.jpeg\",\"contentUrl\":\"https:\/\/www.smedemokrati.sk\/wp-content\/uploads\/2023\/04\/ff.002.jpeg\",\"width\":640,\"height\":480,\"caption\":\"Smedemokrati.sk\"},\"image\":{\"@id\":\"https:\/\/www.smedemokrati.sk\/#\/schema\/logo\/image\/\"},\"sameAs\":[\"https:\/\/www.facebook.com\/smedemokrati2023\"]},{\"@type\":\"Person\",\"@id\":\"https:\/\/www.smedemokrati.sk\/#\/schema\/person\/21f147c88d605aa7ded900e1e7c344ba\",\"name\":\"miro.sopko\",\"image\":{\"@type\":\"ImageObject\",\"inLanguage\":\"hu-HU\",\"@id\":\"https:\/\/secure.gravatar.com\/avatar\/267e4a36f704376c109afe3a78740c1f5dd8675a2180a908699e7863c9247606?s=96&d=mm&r=g\",\"url\":\"https:\/\/secure.gravatar.com\/avatar\/267e4a36f704376c109afe3a78740c1f5dd8675a2180a908699e7863c9247606?s=96&d=mm&r=g\",\"contentUrl\":\"https:\/\/secure.gravatar.com\/avatar\/267e4a36f704376c109afe3a78740c1f5dd8675a2180a908699e7863c9247606?s=96&d=mm&r=g\",\"caption\":\"miro.sopko\"},\"url\":\"https:\/\/www.smedemokrati.sk\/hu\/author\/miro-sopko\/\"}]}<\/script>\n<!-- \/ Yoast SEO plugin. -->","yoast_head_json":{"title":"Ak bud\u00fa pokra\u010dova\u0165 klamstv\u00e1 o napojen\u00ed Cintulu na Demokratov, budeme to rie\u0161i\u0165 pr\u00e1vnou cestou","robots":{"index":"index","follow":"follow","max-snippet":"max-snippet:-1","max-image-preview":"max-image-preview:large","max-video-preview":"max-video-preview:-1"},"canonical":"https:\/\/www.smedemokrati.sk\/hu\/ak-budu-pokracovat-klamstva-o-napojeni-cintulu-na-demokratov-budeme-to-riesit-pravnou-cestou\/","og_locale":"hu_HU","og_type":"article","og_title":"[:sk]Ak bud\u00fa pokra\u010dova\u0165 klamstv\u00e1 o napojen\u00ed Cintulu na Demokratov, budeme to rie\u0161i\u0165 pr\u00e1vnou cestou[:] - Smedemokrati.sk","og_description":"Demokrati odmietaj\u00fa opakovan\u00e9 klamstv\u00e1 vl\u00e1dnych predstavite\u013eov o napojen\u00ed atent\u00e1tnika Cintulu na stranu. Hovoria, \u017ee ak sa tieto z\u00e1merne falo\u0161n\u00e9 tvrdenia bud\u00fa opakova\u0165, vec bud\u00fa rie\u0161i\u0165 \u017ealobami a trestn\u00fdmi ozn\u00e1meniami. Pod\u013ea koal\u00edcie usved\u010duje stranu fotografia z ob\u010dianskeho zhroma\u017edenia v Dolnej Kr\u00fape, kde st\u00e1l Cintula ved\u013ea krajsk\u00e9ho predsedu strany Mareka Polonca. Ten v\u0161ak po zverejnen\u00ed atent\u00e1tnikovej identity [&hellip;]","og_url":"https:\/\/www.smedemokrati.sk\/hu\/ak-budu-pokracovat-klamstva-o-napojeni-cintulu-na-demokratov-budeme-to-riesit-pravnou-cestou\/","og_site_name":"Smedemokrati.sk","article_publisher":"https:\/\/www.facebook.com\/smedemokrati2023","article_published_time":"2025-02-25T13:19:50+00:00","article_modified_time":"2025-02-25T13:19:51+00:00","og_image":[{"width":789,"height":427,"url":"https:\/\/www.smedemokrati.sk\/wp-content\/uploads\/2025\/02\/utoky-proti-demokratom.jpg","type":"image\/jpeg"}],"author":"miro.sopko","twitter_card":"summary_large_image","twitter_misc":{"Szerz\u0151:":"miro.sopko","Becs\u00fclt olvas\u00e1si id\u0151":"3 perc"},"schema":{"@context":"https:\/\/schema.org","@graph":[{"@type":"Article","@id":"https:\/\/www.smedemokrati.sk\/ak-budu-pokracovat-klamstva-o-napojeni-cintulu-na-demokratov-budeme-to-riesit-pravnou-cestou\/#article","isPartOf":{"@id":"https:\/\/www.smedemokrati.sk\/ak-budu-pokracovat-klamstva-o-napojeni-cintulu-na-demokratov-budeme-to-riesit-pravnou-cestou\/"},"author":{"name":"miro.sopko","@id":"https:\/\/www.smedemokrati.sk\/#\/schema\/person\/21f147c88d605aa7ded900e1e7c344ba"},"headline":"Ak bud\u00fa pokra\u010dova\u0165 klamstv\u00e1 o napojen\u00ed Cintulu na Demokratov, budeme to rie\u0161i\u0165 pr\u00e1vnou cestou","datePublished":"2025-02-25T13:19:50+00:00","dateModified":"2025-02-25T13:19:51+00:00","mainEntityOfPage":{"@id":"https:\/\/www.smedemokrati.sk\/ak-budu-pokracovat-klamstva-o-napojeni-cintulu-na-demokratov-budeme-to-riesit-pravnou-cestou\/"},"wordCount":657,"publisher":{"@id":"https:\/\/www.smedemokrati.sk\/#organization"},"image":{"@id":"https:\/\/www.smedemokrati.sk\/ak-budu-pokracovat-klamstva-o-napojeni-cintulu-na-demokratov-budeme-to-riesit-pravnou-cestou\/#primaryimage"},"thumbnailUrl":"https:\/\/www.smedemokrati.sk\/wp-content\/uploads\/2025\/02\/utoky-proti-demokratom.jpg","articleSection":["Tla\u010dov\u00e9 spr\u00e1vy"],"inLanguage":"hu-HU"},{"@type":"WebPage","@id":"https:\/\/www.smedemokrati.sk\/ak-budu-pokracovat-klamstva-o-napojeni-cintulu-na-demokratov-budeme-to-riesit-pravnou-cestou\/","url":"https:\/\/www.smedemokrati.sk\/ak-budu-pokracovat-klamstva-o-napojeni-cintulu-na-demokratov-budeme-to-riesit-pravnou-cestou\/","name":"Ak bud\u00fa pokra\u010dova\u0165 klamstv\u00e1 o napojen\u00ed Cintulu na Demokratov, budeme to rie\u0161i\u0165 pr\u00e1vnou cestou","isPartOf":{"@id":"https:\/\/www.smedemokrati.sk\/#website"},"primaryImageOfPage":{"@id":"https:\/\/www.smedemokrati.sk\/ak-budu-pokracovat-klamstva-o-napojeni-cintulu-na-demokratov-budeme-to-riesit-pravnou-cestou\/#primaryimage"},"image":{"@id":"https:\/\/www.smedemokrati.sk\/ak-budu-pokracovat-klamstva-o-napojeni-cintulu-na-demokratov-budeme-to-riesit-pravnou-cestou\/#primaryimage"},"thumbnailUrl":"https:\/\/www.smedemokrati.sk\/wp-content\/uploads\/2025\/02\/utoky-proti-demokratom.jpg","datePublished":"2025-02-25T13:19:50+00:00","dateModified":"2025-02-25T13:19:51+00:00","breadcrumb":{"@id":"https:\/\/www.smedemokrati.sk\/ak-budu-pokracovat-klamstva-o-napojeni-cintulu-na-demokratov-budeme-to-riesit-pravnou-cestou\/#breadcrumb"},"inLanguage":"hu-HU","potentialAction":[{"@type":"ReadAction","target":["https:\/\/www.smedemokrati.sk\/ak-budu-pokracovat-klamstva-o-napojeni-cintulu-na-demokratov-budeme-to-riesit-pravnou-cestou\/"]}]},{"@type":"ImageObject","inLanguage":"hu-HU","@id":"https:\/\/www.smedemokrati.sk\/ak-budu-pokracovat-klamstva-o-napojeni-cintulu-na-demokratov-budeme-to-riesit-pravnou-cestou\/#primaryimage","url":"https:\/\/www.smedemokrati.sk\/wp-content\/uploads\/2025\/02\/utoky-proti-demokratom.jpg","contentUrl":"https:\/\/www.smedemokrati.sk\/wp-content\/uploads\/2025\/02\/utoky-proti-demokratom.jpg","width":789,"height":427},{"@type":"BreadcrumbList","@id":"https:\/\/www.smedemokrati.sk\/ak-budu-pokracovat-klamstva-o-napojeni-cintulu-na-demokratov-budeme-to-riesit-pravnou-cestou\/#breadcrumb","itemListElement":[{"@type":"ListItem","position":1,"name":"Domovsk\u00e1 str\u00e1nka","item":"https:\/\/www.smedemokrati.sk\/"},{"@type":"ListItem","position":2,"name":"Ak bud\u00fa pokra\u010dova\u0165 klamstv\u00e1 o napojen\u00ed Cintulu na Demokratov, budeme to rie\u0161i\u0165 pr\u00e1vnou cestou"}]},{"@type":"WebSite","@id":"https:\/\/www.smedemokrati.sk\/#website","url":"https:\/\/www.smedemokrati.sk\/","name":"Smedemokrati.sk","description":"Demokracia a slu\u0161nos\u0165 zv\u00ed\u0165az\u00ed","publisher":{"@id":"https:\/\/www.smedemokrati.sk\/#organization"},"potentialAction":[{"@type":"SearchAction","target":{"@type":"EntryPoint","urlTemplate":"https:\/\/www.smedemokrati.sk\/?s={search_term_string}"},"query-input":{"@type":"PropertyValueSpecification","valueRequired":true,"valueName":"search_term_string"}}],"inLanguage":"hu-HU"},{"@type":"Organization","@id":"https:\/\/www.smedemokrati.sk\/#organization","name":"Smedemokrati.sk","url":"https:\/\/www.smedemokrati.sk\/","logo":{"@type":"ImageObject","inLanguage":"hu-HU","@id":"https:\/\/www.smedemokrati.sk\/#\/schema\/logo\/image\/","url":"https:\/\/www.smedemokrati.sk\/wp-content\/uploads\/2023\/04\/ff.002.jpeg","contentUrl":"https:\/\/www.smedemokrati.sk\/wp-content\/uploads\/2023\/04\/ff.002.jpeg","width":640,"height":480,"caption":"Smedemokrati.sk"},"image":{"@id":"https:\/\/www.smedemokrati.sk\/#\/schema\/logo\/image\/"},"sameAs":["https:\/\/www.facebook.com\/smedemokrati2023"]},{"@type":"Person","@id":"https:\/\/www.smedemokrati.sk\/#\/schema\/person\/21f147c88d605aa7ded900e1e7c344ba","name":"miro.sopko","image":{"@type":"ImageObject","inLanguage":"hu-HU","@id":"https:\/\/secure.gravatar.com\/avatar\/267e4a36f704376c109afe3a78740c1f5dd8675a2180a908699e7863c9247606?s=96&d=mm&r=g","url":"https:\/\/secure.gravatar.com\/avatar\/267e4a36f704376c109afe3a78740c1f5dd8675a2180a908699e7863c9247606?s=96&d=mm&r=g","contentUrl":"https:\/\/secure.gravatar.com\/avatar\/267e4a36f704376c109afe3a78740c1f5dd8675a2180a908699e7863c9247606?s=96&d=mm&r=g","caption":"miro.sopko"},"url":"https:\/\/www.smedemokrati.sk\/hu\/author\/miro-sopko\/"}]}},"_links":{"self":[{"href":"https:\/\/www.smedemokrati.sk\/hu\/wp-json\/wp\/v2\/posts\/6480","targetHints":{"allow":["GET"]}}],"collection":[{"href":"https:\/\/www.smedemokrati.sk\/hu\/wp-json\/wp\/v2\/posts"}],"about":[{"href":"https:\/\/www.smedemokrati.sk\/hu\/wp-json\/wp\/v2\/types\/post"}],"author":[{"embeddable":true,"href":"https:\/\/www.smedemokrati.sk\/hu\/wp-json\/wp\/v2\/users\/13"}],"replies":[{"embeddable":true,"href":"https:\/\/www.smedemokrati.sk\/hu\/wp-json\/wp\/v2\/comments?post=6480"}],"version-history":[{"count":1,"href":"https:\/\/www.smedemokrati.sk\/hu\/wp-json\/wp\/v2\/posts\/6480\/revisions"}],"predecessor-version":[{"id":6482,"href":"https:\/\/www.smedemokrati.sk\/hu\/wp-json\/wp\/v2\/posts\/6480\/revisions\/6482"}],"wp:featuredmedia":[{"embeddable":true,"href":"https:\/\/www.smedemokrati.sk\/hu\/wp-json\/wp\/v2\/media\/6481"}],"wp:attachment":[{"href":"https:\/\/www.smedemokrati.sk\/hu\/wp-json\/wp\/v2\/media?parent=6480"}],"wp:term":[{"taxonomy":"category","embeddable":true,"href":"https:\/\/www.smedemokrati.sk\/hu\/wp-json\/wp\/v2\/categories?post=6480"},{"taxonomy":"post_tag","embeddable":true,"href":"https:\/\/www.smedemokrati.sk\/hu\/wp-json\/wp\/v2\/tags?post=6480"}],"curies":[{"name":"wp","href":"https:\/\/api.w.org\/{rel}","templated":true}]}}