{"id":6472,"date":"2025-02-24T14:26:09","date_gmt":"2025-02-24T13:26:09","guid":{"rendered":"https:\/\/www.smedemokrati.sk\/?p=6472"},"modified":"2025-02-24T14:26:15","modified_gmt":"2025-02-24T13:26:15","slug":"taraba-opat-vynechal-verejnost-tentoraz-pri-planovanej-spalovni-na-honte-ziadame-generalnu-prokuraturu-aby-preskumala-postup-ministerstva-a-umoznila-dotknutym-obciam-sa-vyjadrit","status":"publish","type":"post","link":"https:\/\/www.smedemokrati.sk\/hu\/taraba-opat-vynechal-verejnost-tentoraz-pri-planovanej-spalovni-na-honte-ziadame-generalnu-prokuraturu-aby-preskumala-postup-ministerstva-a-umoznila-dotknutym-obciam-sa-vyjadrit\/","title":{"rendered":"Taraba op\u00e4\u0165 vynechal verejnos\u0165, tentoraz pri pl\u00e1novanej spa\u013eovni na Honte, \u017eiadame gener\u00e1lnu prokurat\u00faru, aby presk\u00famala postup ministerstva a umo\u017enila dotknut\u00fdm obciam sa vyjadri\u0165"},"content":{"rendered":"<div id=\"fb-root\"><\/div>\n\n<p><strong>Ministerstvo \u017eivotn\u00e9ho prostredia poru\u0161ilo pod\u013ea Demokratov pr\u00edslu\u0161n\u00e9 z\u00e1kony, a to t\u00fdm, \u017ee pri z\u00e1mere v\u00fdstavby spa\u013eovne pri Dudinciach, obi\u0161lo verejnos\u0165, resp. dotknut\u00e9 obce, ktor\u00fdch sa v\u00fdstavba priamo dot\u00fdka. Tie toti\u017e nemaj\u00fa tak, ako k\u00e1\u017ee z\u00e1kon, status tzv. dotknut\u00fdch obc\u00ed a v praxi to znamen\u00e1, \u017ee sa napr\u00edklad nem\u00f4\u017eu investora p\u00fdta\u0165 na dopady tak rozsiahleho projektu alebo potrebnej\u0161ie pripomienkova\u0165 pl\u00e1novan\u00fa v\u00fdstavbu.<\/strong><\/p>\n\n\n\n<p><em>\u201ePod\u00e1vame podnet na gener\u00e1lnu prokurat\u00faru vo veci spa\u013eovne, ktor\u00e1 by mala by\u0165 postaven\u00e1 v katastri Hontianske Tes\u00e1re. Obce, ktor\u00e9 by mali ma\u0165 postavenie tzv. dotknut\u00fdch obc\u00ed, tak\u00fdto status nemaj\u00fa. Ide o poru\u0161enie pr\u00e1va povinnost\u00ed, ktor\u00e9 obciam prizn\u00e1va z\u00e1kon.&#8221;<\/em>\u00a0Otv\u00e1ra t\u00e9mu enviroexpert\u00a0Michal Ki\u010da, ktor\u00fd sa vo veci u\u017e stretol so z\u00e1stupcami aktivistov a starostkou obce Sebechleby. Z\u00e1rove\u0148 hovor\u00ed, \u017ee Demokrati nespochyb\u0148uj\u00fa\u00a0potrebu energetick\u00e9ho zhodnocovania odpadov, no mus\u00ed sa tak dia\u0165 citlivo a s podmienkou mo\u017enosti vypo\u010dutia si v\u0161etk\u00fdch dopadov a riz\u00edk od relevantn\u00fdch org\u00e1nov.\u00a0<\/p>\n\n\n\n<p><em>\u201eIde o mno\u017estvo 130 tis\u00edc ton odpadu za rok. Je nepochybn\u00e9, \u017ee tento z\u00e1mer sa bude t\u00fdka\u0165 okrem Hontianskych Tes\u00e1rov, kde sa rozpr\u00e1vame o negat\u00edvnom dopade na vin\u00e1rstvo, ovocin\u00e1rstvo a na cestovn\u00fd ruch, aj napr\u00edklad Dudiniec, \u010do m\u00f4\u017ee ma\u0165 v\u00e1\u017eny dopad na \u010distotu v\u00f4d a kvalitu ovzdu\u0161ia. Nechceme ni\u010d in\u00e9, len aby mala verejnos\u0165 mo\u017enos\u0165 p\u00fdta\u0165 sa, preto\u017ee ak by rezort postupoval spr\u00e1vne, tento z\u00e1mer by bol s nimi prerokovan\u00fd verejne a za \u00fa\u010dasti investora, \u010do sa nestalo.&#8221;<\/em>\u00a0Hovor\u00ed Michal Ki\u010da, ktor\u00fd je z\u00e1rove\u0148 \u010dlenom predsedn\u00edctva Demokratov.\u00a0<\/p>\n\n\n\n<p><em>\u201eV minulosti Taraba ale tie\u017e premi\u00e9r Fico kritizovali rozhodovanie od zelen\u00e9ho stola. Sme v situ\u00e1cii, kedy u\u017e druh\u00fdkr\u00e1t v priebehu nieko\u013ek\u00fdch t\u00fd\u017ed\u0148ov minister Taraba rozhoduje o obrovsk\u00fdch projektoch bez riadneho zapojenia dotknutej verejnosti. Obraciame sa na gener\u00e1lneho prokur\u00e1tora aby zjednal n\u00e1pravu a dal mo\u017enos\u0165 dotknut\u00fdm riadne sa zapoji\u0165 do procesu. P\u00e1n Taraba, p\u00e1n Fico, \u010do by ste urobili vy, keby v\u00e1m za oknom mala vyr\u00e1s\u0165 spa\u013eov\u0148a? Chceli by ste sa logicky vyjadri\u0165!&#8221;\u00a0<\/em>Povedal Juraj \u0160eliga podpredseda Demokratov.\u00a0<\/p>\n\n\n<div class=\"fb-video\" data-href=\"https:\/\/www.facebook.com\/smedemokrati2023\/videos\/954993736791468\" data-allowfullscreen=\"true\" data-autoplay=\"false\" data-width=\"\" data-show-text=\"false\" data-show-captions=\"true\"><\/div>\n","protected":false},"excerpt":{"rendered":"<p>Ministerstvo \u017eivotn\u00e9ho prostredia poru\u0161ilo pod\u013ea Demokratov pr\u00edslu\u0161n\u00e9 z\u00e1kony, a to t\u00fdm, \u017ee pri z\u00e1mere v\u00fdstavby spa\u013eovne pri Dudinciach, obi\u0161lo verejnos\u0165, resp. dotknut\u00e9 obce, ktor\u00fdch sa v\u00fdstavba priamo dot\u00fdka. Tie toti\u017e nemaj\u00fa tak, ako k\u00e1\u017ee z\u00e1kon, status tzv. dotknut\u00fdch obc\u00ed a v praxi to znamen\u00e1, \u017ee sa napr\u00edklad nem\u00f4\u017eu investora p\u00fdta\u0165 na dopady tak rozsiahleho projektu [&hellip;]<\/p>\n","protected":false},"author":13,"featured_media":6473,"comment_status":"closed","ping_status":"closed","sticky":false,"template":"","format":"standard","meta":{"_acf_changed":false,"ngg_post_thumbnail":0,"footnotes":""},"categories":[4],"tags":[],"class_list":["post-6472","post","type-post","status-publish","format-standard","has-post-thumbnail","hentry","category-tlacove-spravy"],"acf":[],"yoast_head":"<!-- This site is optimized with the Yoast SEO plugin v27.2 - https:\/\/yoast.com\/product\/yoast-seo-wordpress\/ -->\n<title>Taraba op\u00e4\u0165 vynechal verejnos\u0165, tentoraz pri pl\u00e1novanej spa\u013eovni na Honte, \u017eiadame gener\u00e1lnu prokurat\u00faru, aby presk\u00famala postup ministerstva a umo\u017enila dotknut\u00fdm obciam sa vyjadri\u0165<\/title>\n<meta name=\"robots\" content=\"index, follow, max-snippet:-1, max-image-preview:large, max-video-preview:-1\" \/>\n<link rel=\"canonical\" href=\"https:\/\/www.smedemokrati.sk\/hu\/taraba-opat-vynechal-verejnost-tentoraz-pri-planovanej-spalovni-na-honte-ziadame-generalnu-prokuraturu-aby-preskumala-postup-ministerstva-a-umoznila-dotknutym-obciam-sa-vyjadrit\/\" \/>\n<meta property=\"og:locale\" content=\"hu_HU\" \/>\n<meta property=\"og:locale:alternate\" content=\"en_US\" \/>\n<meta property=\"og:locale:alternate\" content=\"cs_CZ\" \/>\n<meta property=\"og:locale:alternate\" content=\"sk_SK\" \/>\n<meta property=\"og:locale:alternate\" content=\"sv_SE\" \/>\n<meta property=\"og:type\" content=\"article\" \/>\n<meta property=\"og:title\" content=\"Taraba op\u00e4\u0165 vynechal verejnos\u0165, tentoraz pri pl\u00e1novanej spa\u013eovni na Honte, \u017eiadame gener\u00e1lnu prokurat\u00faru, aby presk\u00famala postup ministerstva a umo\u017enila dotknut\u00fdm obciam sa vyjadri\u0165\" \/>\n<meta property=\"og:description\" content=\"Ministerstvo \u017eivotn\u00e9ho prostredia poru\u0161ilo pod\u013ea Demokratov pr\u00edslu\u0161n\u00e9 z\u00e1kony, a to t\u00fdm, \u017ee pri z\u00e1mere v\u00fdstavby spa\u013eovne pri Dudinciach, obi\u0161lo verejnos\u0165, resp. dotknut\u00e9 obce, ktor\u00fdch sa v\u00fdstavba priamo dot\u00fdka. Tie toti\u017e nemaj\u00fa tak, ako k\u00e1\u017ee z\u00e1kon, status tzv. dotknut\u00fdch obc\u00ed a v praxi to znamen\u00e1, \u017ee sa napr\u00edklad nem\u00f4\u017eu investora p\u00fdta\u0165 na dopady tak rozsiahleho projektu [&hellip;]\" \/>\n<meta property=\"og:url\" content=\"https:\/\/www.smedemokrati.sk\/hu\/taraba-opat-vynechal-verejnost-tentoraz-pri-planovanej-spalovni-na-honte-ziadame-generalnu-prokuraturu-aby-preskumala-postup-ministerstva-a-umoznila-dotknutym-obciam-sa-vyjadrit\/\" \/>\n<meta property=\"og:site_name\" content=\"Smedemokrati.sk\" \/>\n<meta property=\"article:publisher\" content=\"https:\/\/www.facebook.com\/smedemokrati2023\" \/>\n<meta property=\"article:published_time\" content=\"2025-02-24T13:26:09+00:00\" \/>\n<meta property=\"article:modified_time\" content=\"2025-02-24T13:26:15+00:00\" \/>\n<meta property=\"og:image\" content=\"https:\/\/www.smedemokrati.sk\/wp-content\/uploads\/2025\/02\/taraba_podanie_GP.jpg\" \/>\n\t<meta property=\"og:image:width\" content=\"1350\" \/>\n\t<meta property=\"og:image:height\" content=\"881\" \/>\n\t<meta property=\"og:image:type\" content=\"image\/jpeg\" \/>\n<meta name=\"author\" content=\"miro.sopko\" \/>\n<meta name=\"twitter:card\" content=\"summary_large_image\" \/>\n<meta name=\"twitter:label1\" content=\"Szerz\u0151:\" \/>\n\t<meta name=\"twitter:data1\" content=\"miro.sopko\" \/>\n\t<meta name=\"twitter:label2\" content=\"Becs\u00fclt olvas\u00e1si id\u0151\" \/>\n\t<meta name=\"twitter:data2\" content=\"2 perc\" \/>\n<script type=\"application\/ld+json\" class=\"yoast-schema-graph\">{\"@context\":\"https:\/\/schema.org\",\"@graph\":[{\"@type\":\"Article\",\"@id\":\"https:\/\/www.smedemokrati.sk\/taraba-opat-vynechal-verejnost-tentoraz-pri-planovanej-spalovni-na-honte-ziadame-generalnu-prokuraturu-aby-preskumala-postup-ministerstva-a-umoznila-dotknutym-obciam-sa-vyjadrit\/#article\",\"isPartOf\":{\"@id\":\"https:\/\/www.smedemokrati.sk\/taraba-opat-vynechal-verejnost-tentoraz-pri-planovanej-spalovni-na-honte-ziadame-generalnu-prokuraturu-aby-preskumala-postup-ministerstva-a-umoznila-dotknutym-obciam-sa-vyjadrit\/\"},\"author\":{\"name\":\"miro.sopko\",\"@id\":\"https:\/\/www.smedemokrati.sk\/#\/schema\/person\/21f147c88d605aa7ded900e1e7c344ba\"},\"headline\":\"Taraba op\u00e4\u0165 vynechal verejnos\u0165, tentoraz pri pl\u00e1novanej spa\u013eovni na Honte, \u017eiadame gener\u00e1lnu prokurat\u00faru, aby presk\u00famala postup ministerstva a umo\u017enila dotknut\u00fdm obciam sa vyjadri\u0165\",\"datePublished\":\"2025-02-24T13:26:09+00:00\",\"dateModified\":\"2025-02-24T13:26:15+00:00\",\"mainEntityOfPage\":{\"@id\":\"https:\/\/www.smedemokrati.sk\/taraba-opat-vynechal-verejnost-tentoraz-pri-planovanej-spalovni-na-honte-ziadame-generalnu-prokuraturu-aby-preskumala-postup-ministerstva-a-umoznila-dotknutym-obciam-sa-vyjadrit\/\"},\"wordCount\":440,\"publisher\":{\"@id\":\"https:\/\/www.smedemokrati.sk\/#organization\"},\"image\":{\"@id\":\"https:\/\/www.smedemokrati.sk\/taraba-opat-vynechal-verejnost-tentoraz-pri-planovanej-spalovni-na-honte-ziadame-generalnu-prokuraturu-aby-preskumala-postup-ministerstva-a-umoznila-dotknutym-obciam-sa-vyjadrit\/#primaryimage\"},\"thumbnailUrl\":\"https:\/\/www.smedemokrati.sk\/wp-content\/uploads\/2025\/02\/taraba_podanie_GP.jpg\",\"articleSection\":[\"Tla\u010dov\u00e9 spr\u00e1vy\"],\"inLanguage\":\"hu-HU\"},{\"@type\":\"WebPage\",\"@id\":\"https:\/\/www.smedemokrati.sk\/taraba-opat-vynechal-verejnost-tentoraz-pri-planovanej-spalovni-na-honte-ziadame-generalnu-prokuraturu-aby-preskumala-postup-ministerstva-a-umoznila-dotknutym-obciam-sa-vyjadrit\/\",\"url\":\"https:\/\/www.smedemokrati.sk\/taraba-opat-vynechal-verejnost-tentoraz-pri-planovanej-spalovni-na-honte-ziadame-generalnu-prokuraturu-aby-preskumala-postup-ministerstva-a-umoznila-dotknutym-obciam-sa-vyjadrit\/\",\"name\":\"Taraba op\u00e4\u0165 vynechal verejnos\u0165, tentoraz pri pl\u00e1novanej spa\u013eovni na Honte, \u017eiadame gener\u00e1lnu prokurat\u00faru, aby presk\u00famala postup ministerstva a umo\u017enila dotknut\u00fdm obciam sa vyjadri\u0165\",\"isPartOf\":{\"@id\":\"https:\/\/www.smedemokrati.sk\/#website\"},\"primaryImageOfPage\":{\"@id\":\"https:\/\/www.smedemokrati.sk\/taraba-opat-vynechal-verejnost-tentoraz-pri-planovanej-spalovni-na-honte-ziadame-generalnu-prokuraturu-aby-preskumala-postup-ministerstva-a-umoznila-dotknutym-obciam-sa-vyjadrit\/#primaryimage\"},\"image\":{\"@id\":\"https:\/\/www.smedemokrati.sk\/taraba-opat-vynechal-verejnost-tentoraz-pri-planovanej-spalovni-na-honte-ziadame-generalnu-prokuraturu-aby-preskumala-postup-ministerstva-a-umoznila-dotknutym-obciam-sa-vyjadrit\/#primaryimage\"},\"thumbnailUrl\":\"https:\/\/www.smedemokrati.sk\/wp-content\/uploads\/2025\/02\/taraba_podanie_GP.jpg\",\"datePublished\":\"2025-02-24T13:26:09+00:00\",\"dateModified\":\"2025-02-24T13:26:15+00:00\",\"breadcrumb\":{\"@id\":\"https:\/\/www.smedemokrati.sk\/taraba-opat-vynechal-verejnost-tentoraz-pri-planovanej-spalovni-na-honte-ziadame-generalnu-prokuraturu-aby-preskumala-postup-ministerstva-a-umoznila-dotknutym-obciam-sa-vyjadrit\/#breadcrumb\"},\"inLanguage\":\"hu-HU\",\"potentialAction\":[{\"@type\":\"ReadAction\",\"target\":[\"https:\/\/www.smedemokrati.sk\/taraba-opat-vynechal-verejnost-tentoraz-pri-planovanej-spalovni-na-honte-ziadame-generalnu-prokuraturu-aby-preskumala-postup-ministerstva-a-umoznila-dotknutym-obciam-sa-vyjadrit\/\"]}]},{\"@type\":\"ImageObject\",\"inLanguage\":\"hu-HU\",\"@id\":\"https:\/\/www.smedemokrati.sk\/taraba-opat-vynechal-verejnost-tentoraz-pri-planovanej-spalovni-na-honte-ziadame-generalnu-prokuraturu-aby-preskumala-postup-ministerstva-a-umoznila-dotknutym-obciam-sa-vyjadrit\/#primaryimage\",\"url\":\"https:\/\/www.smedemokrati.sk\/wp-content\/uploads\/2025\/02\/taraba_podanie_GP.jpg\",\"contentUrl\":\"https:\/\/www.smedemokrati.sk\/wp-content\/uploads\/2025\/02\/taraba_podanie_GP.jpg\",\"width\":1350,\"height\":881},{\"@type\":\"BreadcrumbList\",\"@id\":\"https:\/\/www.smedemokrati.sk\/taraba-opat-vynechal-verejnost-tentoraz-pri-planovanej-spalovni-na-honte-ziadame-generalnu-prokuraturu-aby-preskumala-postup-ministerstva-a-umoznila-dotknutym-obciam-sa-vyjadrit\/#breadcrumb\",\"itemListElement\":[{\"@type\":\"ListItem\",\"position\":1,\"name\":\"Domovsk\u00e1 str\u00e1nka\",\"item\":\"https:\/\/www.smedemokrati.sk\/\"},{\"@type\":\"ListItem\",\"position\":2,\"name\":\"Taraba op\u00e4\u0165 vynechal verejnos\u0165, tentoraz pri pl\u00e1novanej spa\u013eovni na Honte, \u017eiadame gener\u00e1lnu prokurat\u00faru, aby presk\u00famala postup ministerstva a umo\u017enila dotknut\u00fdm obciam sa vyjadri\u0165\"}]},{\"@type\":\"WebSite\",\"@id\":\"https:\/\/www.smedemokrati.sk\/#website\",\"url\":\"https:\/\/www.smedemokrati.sk\/\",\"name\":\"Smedemokrati.sk\",\"description\":\"Demokracia a slu\u0161nos\u0165 zv\u00ed\u0165az\u00ed\",\"publisher\":{\"@id\":\"https:\/\/www.smedemokrati.sk\/#organization\"},\"potentialAction\":[{\"@type\":\"SearchAction\",\"target\":{\"@type\":\"EntryPoint\",\"urlTemplate\":\"https:\/\/www.smedemokrati.sk\/?s={search_term_string}\"},\"query-input\":{\"@type\":\"PropertyValueSpecification\",\"valueRequired\":true,\"valueName\":\"search_term_string\"}}],\"inLanguage\":\"hu-HU\"},{\"@type\":\"Organization\",\"@id\":\"https:\/\/www.smedemokrati.sk\/#organization\",\"name\":\"Smedemokrati.sk\",\"url\":\"https:\/\/www.smedemokrati.sk\/\",\"logo\":{\"@type\":\"ImageObject\",\"inLanguage\":\"hu-HU\",\"@id\":\"https:\/\/www.smedemokrati.sk\/#\/schema\/logo\/image\/\",\"url\":\"https:\/\/www.smedemokrati.sk\/wp-content\/uploads\/2023\/04\/ff.002.jpeg\",\"contentUrl\":\"https:\/\/www.smedemokrati.sk\/wp-content\/uploads\/2023\/04\/ff.002.jpeg\",\"width\":640,\"height\":480,\"caption\":\"Smedemokrati.sk\"},\"image\":{\"@id\":\"https:\/\/www.smedemokrati.sk\/#\/schema\/logo\/image\/\"},\"sameAs\":[\"https:\/\/www.facebook.com\/smedemokrati2023\"]},{\"@type\":\"Person\",\"@id\":\"https:\/\/www.smedemokrati.sk\/#\/schema\/person\/21f147c88d605aa7ded900e1e7c344ba\",\"name\":\"miro.sopko\",\"image\":{\"@type\":\"ImageObject\",\"inLanguage\":\"hu-HU\",\"@id\":\"https:\/\/secure.gravatar.com\/avatar\/267e4a36f704376c109afe3a78740c1f5dd8675a2180a908699e7863c9247606?s=96&d=mm&r=g\",\"url\":\"https:\/\/secure.gravatar.com\/avatar\/267e4a36f704376c109afe3a78740c1f5dd8675a2180a908699e7863c9247606?s=96&d=mm&r=g\",\"contentUrl\":\"https:\/\/secure.gravatar.com\/avatar\/267e4a36f704376c109afe3a78740c1f5dd8675a2180a908699e7863c9247606?s=96&d=mm&r=g\",\"caption\":\"miro.sopko\"},\"url\":\"https:\/\/www.smedemokrati.sk\/hu\/author\/miro-sopko\/\"}]}<\/script>\n<!-- \/ Yoast SEO plugin. -->","yoast_head_json":{"title":"Taraba op\u00e4\u0165 vynechal verejnos\u0165, tentoraz pri pl\u00e1novanej spa\u013eovni na Honte, \u017eiadame gener\u00e1lnu prokurat\u00faru, aby presk\u00famala postup ministerstva a umo\u017enila dotknut\u00fdm obciam sa vyjadri\u0165","robots":{"index":"index","follow":"follow","max-snippet":"max-snippet:-1","max-image-preview":"max-image-preview:large","max-video-preview":"max-video-preview:-1"},"canonical":"https:\/\/www.smedemokrati.sk\/hu\/taraba-opat-vynechal-verejnost-tentoraz-pri-planovanej-spalovni-na-honte-ziadame-generalnu-prokuraturu-aby-preskumala-postup-ministerstva-a-umoznila-dotknutym-obciam-sa-vyjadrit\/","og_locale":"hu_HU","og_type":"article","og_title":"[:sk]Taraba op\u00e4\u0165 vynechal verejnos\u0165, tentoraz pri pl\u00e1novanej spa\u013eovni na Honte, \u017eiadame gener\u00e1lnu prokurat\u00faru, aby presk\u00famala postup ministerstva a umo\u017enila dotknut\u00fdm obciam sa vyjadri\u0165[:] - Smedemokrati.sk","og_description":"Ministerstvo \u017eivotn\u00e9ho prostredia poru\u0161ilo pod\u013ea Demokratov pr\u00edslu\u0161n\u00e9 z\u00e1kony, a to t\u00fdm, \u017ee pri z\u00e1mere v\u00fdstavby spa\u013eovne pri Dudinciach, obi\u0161lo verejnos\u0165, resp. dotknut\u00e9 obce, ktor\u00fdch sa v\u00fdstavba priamo dot\u00fdka. Tie toti\u017e nemaj\u00fa tak, ako k\u00e1\u017ee z\u00e1kon, status tzv. dotknut\u00fdch obc\u00ed a v praxi to znamen\u00e1, \u017ee sa napr\u00edklad nem\u00f4\u017eu investora p\u00fdta\u0165 na dopady tak rozsiahleho projektu [&hellip;]","og_url":"https:\/\/www.smedemokrati.sk\/hu\/taraba-opat-vynechal-verejnost-tentoraz-pri-planovanej-spalovni-na-honte-ziadame-generalnu-prokuraturu-aby-preskumala-postup-ministerstva-a-umoznila-dotknutym-obciam-sa-vyjadrit\/","og_site_name":"Smedemokrati.sk","article_publisher":"https:\/\/www.facebook.com\/smedemokrati2023","article_published_time":"2025-02-24T13:26:09+00:00","article_modified_time":"2025-02-24T13:26:15+00:00","og_image":[{"width":1350,"height":881,"url":"https:\/\/www.smedemokrati.sk\/wp-content\/uploads\/2025\/02\/taraba_podanie_GP.jpg","type":"image\/jpeg"}],"author":"miro.sopko","twitter_card":"summary_large_image","twitter_misc":{"Szerz\u0151:":"miro.sopko","Becs\u00fclt olvas\u00e1si id\u0151":"2 perc"},"schema":{"@context":"https:\/\/schema.org","@graph":[{"@type":"Article","@id":"https:\/\/www.smedemokrati.sk\/taraba-opat-vynechal-verejnost-tentoraz-pri-planovanej-spalovni-na-honte-ziadame-generalnu-prokuraturu-aby-preskumala-postup-ministerstva-a-umoznila-dotknutym-obciam-sa-vyjadrit\/#article","isPartOf":{"@id":"https:\/\/www.smedemokrati.sk\/taraba-opat-vynechal-verejnost-tentoraz-pri-planovanej-spalovni-na-honte-ziadame-generalnu-prokuraturu-aby-preskumala-postup-ministerstva-a-umoznila-dotknutym-obciam-sa-vyjadrit\/"},"author":{"name":"miro.sopko","@id":"https:\/\/www.smedemokrati.sk\/#\/schema\/person\/21f147c88d605aa7ded900e1e7c344ba"},"headline":"Taraba op\u00e4\u0165 vynechal verejnos\u0165, tentoraz pri pl\u00e1novanej spa\u013eovni na Honte, \u017eiadame gener\u00e1lnu prokurat\u00faru, aby presk\u00famala postup ministerstva a umo\u017enila dotknut\u00fdm obciam sa vyjadri\u0165","datePublished":"2025-02-24T13:26:09+00:00","dateModified":"2025-02-24T13:26:15+00:00","mainEntityOfPage":{"@id":"https:\/\/www.smedemokrati.sk\/taraba-opat-vynechal-verejnost-tentoraz-pri-planovanej-spalovni-na-honte-ziadame-generalnu-prokuraturu-aby-preskumala-postup-ministerstva-a-umoznila-dotknutym-obciam-sa-vyjadrit\/"},"wordCount":440,"publisher":{"@id":"https:\/\/www.smedemokrati.sk\/#organization"},"image":{"@id":"https:\/\/www.smedemokrati.sk\/taraba-opat-vynechal-verejnost-tentoraz-pri-planovanej-spalovni-na-honte-ziadame-generalnu-prokuraturu-aby-preskumala-postup-ministerstva-a-umoznila-dotknutym-obciam-sa-vyjadrit\/#primaryimage"},"thumbnailUrl":"https:\/\/www.smedemokrati.sk\/wp-content\/uploads\/2025\/02\/taraba_podanie_GP.jpg","articleSection":["Tla\u010dov\u00e9 spr\u00e1vy"],"inLanguage":"hu-HU"},{"@type":"WebPage","@id":"https:\/\/www.smedemokrati.sk\/taraba-opat-vynechal-verejnost-tentoraz-pri-planovanej-spalovni-na-honte-ziadame-generalnu-prokuraturu-aby-preskumala-postup-ministerstva-a-umoznila-dotknutym-obciam-sa-vyjadrit\/","url":"https:\/\/www.smedemokrati.sk\/taraba-opat-vynechal-verejnost-tentoraz-pri-planovanej-spalovni-na-honte-ziadame-generalnu-prokuraturu-aby-preskumala-postup-ministerstva-a-umoznila-dotknutym-obciam-sa-vyjadrit\/","name":"Taraba op\u00e4\u0165 vynechal verejnos\u0165, tentoraz pri pl\u00e1novanej spa\u013eovni na Honte, \u017eiadame gener\u00e1lnu prokurat\u00faru, aby presk\u00famala postup ministerstva a umo\u017enila dotknut\u00fdm obciam sa vyjadri\u0165","isPartOf":{"@id":"https:\/\/www.smedemokrati.sk\/#website"},"primaryImageOfPage":{"@id":"https:\/\/www.smedemokrati.sk\/taraba-opat-vynechal-verejnost-tentoraz-pri-planovanej-spalovni-na-honte-ziadame-generalnu-prokuraturu-aby-preskumala-postup-ministerstva-a-umoznila-dotknutym-obciam-sa-vyjadrit\/#primaryimage"},"image":{"@id":"https:\/\/www.smedemokrati.sk\/taraba-opat-vynechal-verejnost-tentoraz-pri-planovanej-spalovni-na-honte-ziadame-generalnu-prokuraturu-aby-preskumala-postup-ministerstva-a-umoznila-dotknutym-obciam-sa-vyjadrit\/#primaryimage"},"thumbnailUrl":"https:\/\/www.smedemokrati.sk\/wp-content\/uploads\/2025\/02\/taraba_podanie_GP.jpg","datePublished":"2025-02-24T13:26:09+00:00","dateModified":"2025-02-24T13:26:15+00:00","breadcrumb":{"@id":"https:\/\/www.smedemokrati.sk\/taraba-opat-vynechal-verejnost-tentoraz-pri-planovanej-spalovni-na-honte-ziadame-generalnu-prokuraturu-aby-preskumala-postup-ministerstva-a-umoznila-dotknutym-obciam-sa-vyjadrit\/#breadcrumb"},"inLanguage":"hu-HU","potentialAction":[{"@type":"ReadAction","target":["https:\/\/www.smedemokrati.sk\/taraba-opat-vynechal-verejnost-tentoraz-pri-planovanej-spalovni-na-honte-ziadame-generalnu-prokuraturu-aby-preskumala-postup-ministerstva-a-umoznila-dotknutym-obciam-sa-vyjadrit\/"]}]},{"@type":"ImageObject","inLanguage":"hu-HU","@id":"https:\/\/www.smedemokrati.sk\/taraba-opat-vynechal-verejnost-tentoraz-pri-planovanej-spalovni-na-honte-ziadame-generalnu-prokuraturu-aby-preskumala-postup-ministerstva-a-umoznila-dotknutym-obciam-sa-vyjadrit\/#primaryimage","url":"https:\/\/www.smedemokrati.sk\/wp-content\/uploads\/2025\/02\/taraba_podanie_GP.jpg","contentUrl":"https:\/\/www.smedemokrati.sk\/wp-content\/uploads\/2025\/02\/taraba_podanie_GP.jpg","width":1350,"height":881},{"@type":"BreadcrumbList","@id":"https:\/\/www.smedemokrati.sk\/taraba-opat-vynechal-verejnost-tentoraz-pri-planovanej-spalovni-na-honte-ziadame-generalnu-prokuraturu-aby-preskumala-postup-ministerstva-a-umoznila-dotknutym-obciam-sa-vyjadrit\/#breadcrumb","itemListElement":[{"@type":"ListItem","position":1,"name":"Domovsk\u00e1 str\u00e1nka","item":"https:\/\/www.smedemokrati.sk\/"},{"@type":"ListItem","position":2,"name":"Taraba op\u00e4\u0165 vynechal verejnos\u0165, tentoraz pri pl\u00e1novanej spa\u013eovni na Honte, \u017eiadame gener\u00e1lnu prokurat\u00faru, aby presk\u00famala postup ministerstva a umo\u017enila dotknut\u00fdm obciam sa vyjadri\u0165"}]},{"@type":"WebSite","@id":"https:\/\/www.smedemokrati.sk\/#website","url":"https:\/\/www.smedemokrati.sk\/","name":"Smedemokrati.sk","description":"Demokracia a slu\u0161nos\u0165 zv\u00ed\u0165az\u00ed","publisher":{"@id":"https:\/\/www.smedemokrati.sk\/#organization"},"potentialAction":[{"@type":"SearchAction","target":{"@type":"EntryPoint","urlTemplate":"https:\/\/www.smedemokrati.sk\/?s={search_term_string}"},"query-input":{"@type":"PropertyValueSpecification","valueRequired":true,"valueName":"search_term_string"}}],"inLanguage":"hu-HU"},{"@type":"Organization","@id":"https:\/\/www.smedemokrati.sk\/#organization","name":"Smedemokrati.sk","url":"https:\/\/www.smedemokrati.sk\/","logo":{"@type":"ImageObject","inLanguage":"hu-HU","@id":"https:\/\/www.smedemokrati.sk\/#\/schema\/logo\/image\/","url":"https:\/\/www.smedemokrati.sk\/wp-content\/uploads\/2023\/04\/ff.002.jpeg","contentUrl":"https:\/\/www.smedemokrati.sk\/wp-content\/uploads\/2023\/04\/ff.002.jpeg","width":640,"height":480,"caption":"Smedemokrati.sk"},"image":{"@id":"https:\/\/www.smedemokrati.sk\/#\/schema\/logo\/image\/"},"sameAs":["https:\/\/www.facebook.com\/smedemokrati2023"]},{"@type":"Person","@id":"https:\/\/www.smedemokrati.sk\/#\/schema\/person\/21f147c88d605aa7ded900e1e7c344ba","name":"miro.sopko","image":{"@type":"ImageObject","inLanguage":"hu-HU","@id":"https:\/\/secure.gravatar.com\/avatar\/267e4a36f704376c109afe3a78740c1f5dd8675a2180a908699e7863c9247606?s=96&d=mm&r=g","url":"https:\/\/secure.gravatar.com\/avatar\/267e4a36f704376c109afe3a78740c1f5dd8675a2180a908699e7863c9247606?s=96&d=mm&r=g","contentUrl":"https:\/\/secure.gravatar.com\/avatar\/267e4a36f704376c109afe3a78740c1f5dd8675a2180a908699e7863c9247606?s=96&d=mm&r=g","caption":"miro.sopko"},"url":"https:\/\/www.smedemokrati.sk\/hu\/author\/miro-sopko\/"}]}},"_links":{"self":[{"href":"https:\/\/www.smedemokrati.sk\/hu\/wp-json\/wp\/v2\/posts\/6472","targetHints":{"allow":["GET"]}}],"collection":[{"href":"https:\/\/www.smedemokrati.sk\/hu\/wp-json\/wp\/v2\/posts"}],"about":[{"href":"https:\/\/www.smedemokrati.sk\/hu\/wp-json\/wp\/v2\/types\/post"}],"author":[{"embeddable":true,"href":"https:\/\/www.smedemokrati.sk\/hu\/wp-json\/wp\/v2\/users\/13"}],"replies":[{"embeddable":true,"href":"https:\/\/www.smedemokrati.sk\/hu\/wp-json\/wp\/v2\/comments?post=6472"}],"version-history":[{"count":1,"href":"https:\/\/www.smedemokrati.sk\/hu\/wp-json\/wp\/v2\/posts\/6472\/revisions"}],"predecessor-version":[{"id":6474,"href":"https:\/\/www.smedemokrati.sk\/hu\/wp-json\/wp\/v2\/posts\/6472\/revisions\/6474"}],"wp:featuredmedia":[{"embeddable":true,"href":"https:\/\/www.smedemokrati.sk\/hu\/wp-json\/wp\/v2\/media\/6473"}],"wp:attachment":[{"href":"https:\/\/www.smedemokrati.sk\/hu\/wp-json\/wp\/v2\/media?parent=6472"}],"wp:term":[{"taxonomy":"category","embeddable":true,"href":"https:\/\/www.smedemokrati.sk\/hu\/wp-json\/wp\/v2\/categories?post=6472"},{"taxonomy":"post_tag","embeddable":true,"href":"https:\/\/www.smedemokrati.sk\/hu\/wp-json\/wp\/v2\/tags?post=6472"}],"curies":[{"name":"wp","href":"https:\/\/api.w.org\/{rel}","templated":true}]}}