{"id":6448,"date":"2025-02-19T15:29:02","date_gmt":"2025-02-19T14:29:02","guid":{"rendered":"https:\/\/www.smedemokrati.sk\/?p=6448"},"modified":"2025-02-19T15:31:26","modified_gmt":"2025-02-19T14:31:26","slug":"taraba-ako-expert-na-vsetko-najnovsie-na-zachranky-a-zdravotnu-starostlivost","status":"publish","type":"post","link":"https:\/\/www.smedemokrati.sk\/hu\/taraba-ako-expert-na-vsetko-najnovsie-na-zachranky-a-zdravotnu-starostlivost\/","title":{"rendered":"Taraba ako expert na v\u0161etko. Najnov\u0161ie na z\u00e1chranky a\u00a0zdravotn\u00fa starostlivos\u0165"},"content":{"rendered":"<div id=\"fb-root\"><\/div>\n\n<p><strong>Strana Demokrati upozor\u0148uje, \u017ee st\u00e1le nie je prijat\u00e1 reforma z\u00e1chrannej zdravotnej slu\u017eby, na ktor\u00fa n\u00e1s zav\u00e4zuje stanovisko Eur\u00f3pskej komisie po poslednom tendri na z\u00e1chranky. Ten v&nbsp;2019 skon\u010dil ako medzin\u00e1rodn\u00fd \u0161kand\u00e1l, po ktorom musel skon\u010di\u0165 predseda \u00daradu pre doh\u013ead nad zdravotnou starostlivos\u0165ou. Eur\u00f3pska komisia kon\u0161tatovala, \u017ee existovalo nez\u00e1konn\u00e9 prepojenie v\u00fdberovej komisie na naj\u00faspe\u0161nej\u0161iu firmu Life Star Emergency. Dnes sa situ\u00e1cia m\u00f4\u017ee opakova\u0165, ke\u010f\u017ee st\u00e1le nie je schv\u00e1len\u00e1 reforma, ktor\u00fa blokuje minister \u017eivotn\u00e9ho prostredia Tom\u00e1\u0161 Taraba s&nbsp;nezmyseln\u00fdmi pripomienkami. U\u017e v&nbsp;auguste v\u0161ak prv\u00e9 povolenia pre mnoh\u00e9 z\u00e1chranky kon\u010dia. Pre koho sa na mieru takouto blok\u00e1ciou chyst\u00e1 tender?<\/strong><\/p>\n\n\n\n<p><em>\u201eCie\u013eom predlo\u017eenej novely z\u00e1kon o&nbsp;z\u00e1chrannej zdravotnej slu\u017ebe je zlep\u0161i\u0165 dostupnos\u0165 z\u00e1chraniek pre \u013eud\u00ed, \u010do bolo okrem in\u00e9ho aj podmienkou na \u010derpanie 30,5 mil. eur z&nbsp;Pl\u00e1nu obnovy a&nbsp;odolnosti E\u00da na nov\u00e9 stanice. Na novele pracovali experti naprie\u010d spektrom zdravotn\u00edctva. Napriek n\u00e1ro\u010dnej diskusii s&nbsp;touto novelou s\u00fahlasili v\u0161etci zainteresovan\u00ed odborn\u00edci, od z\u00e1chran\u00e1rov, lek\u00e1rov a\u017e po Asoci\u00e1ciu z\u00e1chrannej zdravotnej slu\u017eby. Nie je to \u010dast\u00e9, ale mus\u00edme pochv\u00e1li\u0165 ministra zdravotn\u00edctva \u0160a\u0161ka za to, \u017ee t\u00e1to novela m\u00e1 naozaj potenci\u00e1l zlep\u0161i\u0165 dostupnos\u0165 z\u00e1chrannej zdravotnej starostlivosti. \u010co je v\u0161ak nepochopite\u013en\u00e9, \u017ee st\u00e1le nie je prijat\u00e1 a&nbsp;naviac, \u017ee je blokovan\u00e1 Ministerstvom \u017eivotn\u00e9ho prostredia,\u201c<\/em>&nbsp;hovor\u00ed Viliam Novotn\u00fd, lek\u00e1r a expert strany Demokrati pre oblas\u0165 zdravotn\u00edctva.&nbsp;<\/p>\n\n\n\n<p><em>\u201eOdkladanie prijatia novely z\u00e1kona o z\u00e1chrannej zdravotnej slu\u017eby, jej politick\u00e1 blok\u00e1cia znamen\u00e1, \u017ee na vyp\u00edsanie potrebn\u00e9ho verejn\u00e9ho obstar\u00e1vania na \u201ez\u00e1chranky\u201c bude m\u00e1lo \u010dasu a&nbsp;zv\u00fdhodnen\u00ed bud\u00fa t\u00ed uch\u00e1dza\u010di, ktor\u00ed maj\u00fa inform\u00e1cie, \u010do bude v&nbsp;podmienkach tendra. Upozor\u0148ujeme, \u017ee prv\u00e9 zmluvy pre z\u00e1chrann\u00e9 slu\u017eby kon\u010dia u\u017e v&nbsp;auguste 2025. Ako je mo\u017en\u00e9, \u017ee minister \u0160a\u0161ko napriek tomuto term\u00ednu nepredlo\u017eil novelu ani len na vl\u00e1du, preto\u017ee na z\u00e1kone nie je politick\u00e1 zhoda?\u201c<\/em>&nbsp;Vysvet\u013euje \u010falej Novotn\u00fd.<\/p>\n\n\n\n<p>Z\u00e1chrann\u00e1 zdravotn\u00e1 slu\u017eba je dlhodobo predmetom z\u00e1ujmu finan\u010dn\u00fdch skup\u00edn, politikov a&nbsp;rovnako lobistov. Ob\u010dan &#8211; pacient je \u017eia\u013e \u010dastokr\u00e1t na poslednom mieste. Objem finan\u010dn\u00fdch prostriedkov, ktor\u00e9 bud\u00fa tendrovan\u00e9 s\u00fa okolo 1 miliardy eur na 6 rokov. V&nbsp;kulo\u00e1roch sa u\u017e hovor\u00ed, \u017ee na trh chce vst\u00fapi\u0165 nov\u00fd subjekt, ktor\u00fd je spriaznen\u00fd s&nbsp;vl\u00e1dnou koal\u00edciou. Pr\u00e1ve to je jeden z&nbsp;mo\u017en\u00fdch d\u00f4vodov, pre\u010do novela e\u0161te nebola predlo\u017een\u00e1 a&nbsp;schv\u00e1len\u00e1.<em>&nbsp;\u201eTakto by vyzeral uk\u00e1\u017ekov\u00fd klientelizmus, v&nbsp;skutku u\u010debnicov\u00fd pr\u00edklad, ako si pripravi\u0165 p\u00f4du a&nbsp;potom vst\u00fapi\u0165 na trh,\u201c<\/em>&nbsp;uzatv\u00e1ra Novotn\u00fd.&nbsp;<\/p>\n\n\n\n<p><em>\u201eTom\u00e1\u0161 Taraba je evidentne nov\u00fd expert na v\u0161etko. Od toho, \u017ee stavia elektr\u00e1re\u0148 za 2,4 mld. eur, rie\u0161i vl\u00e1dnu kr\u00edzu, st\u00edha aj pripomienkova\u0165 a&nbsp;najm\u00e4 blokova\u0165 novelu z\u00e1kona o&nbsp;z\u00e1chrannej zdravotnej slu\u017ebe. Jeho pripomienky s\u00fa v\u0161ak opakovane vyvracan\u00e9 odborn\u00edkmi na z\u00e1chrann\u00fa slu\u017ebu. Preto sa p\u00fdtame, kv\u00f4li komu Taraba blokuje novelu? Chyst\u00e1 sa vstup nov\u00e9ho subjektu na trh so z\u00e1chrankami? To je cie\u013e tejto blok\u00e1cie? Vl\u00e1da op\u00e4\u0165 ukazuje, \u017ee rie\u0161i seba, svoje stoli\u010dky, biznis pre priate\u013eov a&nbsp;a\u017e na konci je ob\u010dan. Taraba by sa mal venova\u0165 \u017eivotn\u00e9mu prostrediu a&nbsp;nie z\u00e1chrank\u00e1m. Opakovane sa teda p\u00fdtame, \u010do ho motivuje? Kto bude zodpovedn\u00fd za to, ak z\u00e1chranky bud\u00fa kolabova\u0165?\u201c<\/em>&nbsp;p\u00fdta sa podpredseda strany Juraj \u0160eliga.&nbsp;&nbsp;<\/p>\n\n\n<div class=\"fb-video\" data-href=\"https:\/\/fb.watch\/xRDPpAWs_4\" data-allowfullscreen=\"true\" data-autoplay=\"false\" data-width=\"\" data-show-text=\"false\" data-show-captions=\"true\"><\/div>\n","protected":false},"excerpt":{"rendered":"<p>Strana Demokrati upozor\u0148uje, \u017ee st\u00e1le nie je prijat\u00e1 reforma z\u00e1chrannej zdravotnej slu\u017eby, na ktor\u00fa n\u00e1s zav\u00e4zuje stanovisko Eur\u00f3pskej komisie po poslednom tendri na z\u00e1chranky. Ten v&nbsp;2019 skon\u010dil ako medzin\u00e1rodn\u00fd \u0161kand\u00e1l, po ktorom musel skon\u010di\u0165 predseda \u00daradu pre doh\u013ead nad zdravotnou starostlivos\u0165ou. Eur\u00f3pska komisia kon\u0161tatovala, \u017ee existovalo nez\u00e1konn\u00e9 prepojenie v\u00fdberovej komisie na naj\u00faspe\u0161nej\u0161iu firmu Life Star [&hellip;]<\/p>\n","protected":false},"author":13,"featured_media":6449,"comment_status":"closed","ping_status":"closed","sticky":false,"template":"","format":"standard","meta":{"_acf_changed":false,"ngg_post_thumbnail":0,"footnotes":""},"categories":[4],"tags":[],"class_list":["post-6448","post","type-post","status-publish","format-standard","has-post-thumbnail","hentry","category-tlacove-spravy"],"acf":[],"yoast_head":"<!-- This site is optimized with the Yoast SEO plugin v27.2 - https:\/\/yoast.com\/product\/yoast-seo-wordpress\/ -->\n<title>Taraba ako expert na v\u0161etko. Najnov\u0161ie na z\u00e1chranky a\u00a0zdravotn\u00fa starostlivos\u0165<\/title>\n<meta name=\"robots\" content=\"index, follow, max-snippet:-1, max-image-preview:large, max-video-preview:-1\" \/>\n<link rel=\"canonical\" href=\"https:\/\/www.smedemokrati.sk\/hu\/taraba-ako-expert-na-vsetko-najnovsie-na-zachranky-a-zdravotnu-starostlivost\/\" \/>\n<meta property=\"og:locale\" content=\"hu_HU\" \/>\n<meta property=\"og:locale:alternate\" content=\"en_US\" \/>\n<meta property=\"og:locale:alternate\" content=\"cs_CZ\" \/>\n<meta property=\"og:locale:alternate\" content=\"sk_SK\" \/>\n<meta property=\"og:locale:alternate\" content=\"sv_SE\" \/>\n<meta property=\"og:type\" content=\"article\" \/>\n<meta property=\"og:title\" content=\"Taraba ako expert na v\u0161etko. Najnov\u0161ie na z\u00e1chranky a\u00a0zdravotn\u00fa starostlivos\u0165\" \/>\n<meta property=\"og:description\" content=\"Strana Demokrati upozor\u0148uje, \u017ee st\u00e1le nie je prijat\u00e1 reforma z\u00e1chrannej zdravotnej slu\u017eby, na ktor\u00fa n\u00e1s zav\u00e4zuje stanovisko Eur\u00f3pskej komisie po poslednom tendri na z\u00e1chranky. Ten v&nbsp;2019 skon\u010dil ako medzin\u00e1rodn\u00fd \u0161kand\u00e1l, po ktorom musel skon\u010di\u0165 predseda \u00daradu pre doh\u013ead nad zdravotnou starostlivos\u0165ou. Eur\u00f3pska komisia kon\u0161tatovala, \u017ee existovalo nez\u00e1konn\u00e9 prepojenie v\u00fdberovej komisie na naj\u00faspe\u0161nej\u0161iu firmu Life Star [&hellip;]\" \/>\n<meta property=\"og:url\" content=\"https:\/\/www.smedemokrati.sk\/hu\/taraba-ako-expert-na-vsetko-najnovsie-na-zachranky-a-zdravotnu-starostlivost\/\" \/>\n<meta property=\"og:site_name\" content=\"Smedemokrati.sk\" \/>\n<meta property=\"article:publisher\" content=\"https:\/\/www.facebook.com\/smedemokrati2023\" \/>\n<meta property=\"article:published_time\" content=\"2025-02-19T14:29:02+00:00\" \/>\n<meta property=\"article:modified_time\" content=\"2025-02-19T14:31:26+00:00\" \/>\n<meta property=\"og:image\" content=\"https:\/\/www.smedemokrati.sk\/wp-content\/uploads\/2025\/02\/zachranky.jpg\" \/>\n\t<meta property=\"og:image:width\" content=\"750\" \/>\n\t<meta property=\"og:image:height\" content=\"451\" \/>\n\t<meta property=\"og:image:type\" content=\"image\/jpeg\" \/>\n<meta name=\"author\" content=\"miro.sopko\" \/>\n<meta name=\"twitter:card\" content=\"summary_large_image\" \/>\n<meta name=\"twitter:label1\" content=\"Szerz\u0151:\" \/>\n\t<meta name=\"twitter:data1\" content=\"miro.sopko\" \/>\n\t<meta name=\"twitter:label2\" content=\"Becs\u00fclt olvas\u00e1si id\u0151\" \/>\n\t<meta name=\"twitter:data2\" content=\"3 perc\" \/>\n<script type=\"application\/ld+json\" class=\"yoast-schema-graph\">{\"@context\":\"https:\/\/schema.org\",\"@graph\":[{\"@type\":\"Article\",\"@id\":\"https:\/\/www.smedemokrati.sk\/taraba-ako-expert-na-vsetko-najnovsie-na-zachranky-a-zdravotnu-starostlivost\/#article\",\"isPartOf\":{\"@id\":\"https:\/\/www.smedemokrati.sk\/taraba-ako-expert-na-vsetko-najnovsie-na-zachranky-a-zdravotnu-starostlivost\/\"},\"author\":{\"name\":\"miro.sopko\",\"@id\":\"https:\/\/www.smedemokrati.sk\/#\/schema\/person\/21f147c88d605aa7ded900e1e7c344ba\"},\"headline\":\"Taraba ako expert na v\u0161etko. Najnov\u0161ie na z\u00e1chranky a\u00a0zdravotn\u00fa starostlivos\u0165\",\"datePublished\":\"2025-02-19T14:29:02+00:00\",\"dateModified\":\"2025-02-19T14:31:26+00:00\",\"mainEntityOfPage\":{\"@id\":\"https:\/\/www.smedemokrati.sk\/taraba-ako-expert-na-vsetko-najnovsie-na-zachranky-a-zdravotnu-starostlivost\/\"},\"wordCount\":681,\"publisher\":{\"@id\":\"https:\/\/www.smedemokrati.sk\/#organization\"},\"image\":{\"@id\":\"https:\/\/www.smedemokrati.sk\/taraba-ako-expert-na-vsetko-najnovsie-na-zachranky-a-zdravotnu-starostlivost\/#primaryimage\"},\"thumbnailUrl\":\"https:\/\/www.smedemokrati.sk\/wp-content\/uploads\/2025\/02\/zachranky.jpg\",\"articleSection\":[\"Tla\u010dov\u00e9 spr\u00e1vy\"],\"inLanguage\":\"hu-HU\"},{\"@type\":\"WebPage\",\"@id\":\"https:\/\/www.smedemokrati.sk\/taraba-ako-expert-na-vsetko-najnovsie-na-zachranky-a-zdravotnu-starostlivost\/\",\"url\":\"https:\/\/www.smedemokrati.sk\/taraba-ako-expert-na-vsetko-najnovsie-na-zachranky-a-zdravotnu-starostlivost\/\",\"name\":\"Taraba ako expert na v\u0161etko. Najnov\u0161ie na z\u00e1chranky a\u00a0zdravotn\u00fa starostlivos\u0165\",\"isPartOf\":{\"@id\":\"https:\/\/www.smedemokrati.sk\/#website\"},\"primaryImageOfPage\":{\"@id\":\"https:\/\/www.smedemokrati.sk\/taraba-ako-expert-na-vsetko-najnovsie-na-zachranky-a-zdravotnu-starostlivost\/#primaryimage\"},\"image\":{\"@id\":\"https:\/\/www.smedemokrati.sk\/taraba-ako-expert-na-vsetko-najnovsie-na-zachranky-a-zdravotnu-starostlivost\/#primaryimage\"},\"thumbnailUrl\":\"https:\/\/www.smedemokrati.sk\/wp-content\/uploads\/2025\/02\/zachranky.jpg\",\"datePublished\":\"2025-02-19T14:29:02+00:00\",\"dateModified\":\"2025-02-19T14:31:26+00:00\",\"breadcrumb\":{\"@id\":\"https:\/\/www.smedemokrati.sk\/taraba-ako-expert-na-vsetko-najnovsie-na-zachranky-a-zdravotnu-starostlivost\/#breadcrumb\"},\"inLanguage\":\"hu-HU\",\"potentialAction\":[{\"@type\":\"ReadAction\",\"target\":[\"https:\/\/www.smedemokrati.sk\/taraba-ako-expert-na-vsetko-najnovsie-na-zachranky-a-zdravotnu-starostlivost\/\"]}]},{\"@type\":\"ImageObject\",\"inLanguage\":\"hu-HU\",\"@id\":\"https:\/\/www.smedemokrati.sk\/taraba-ako-expert-na-vsetko-najnovsie-na-zachranky-a-zdravotnu-starostlivost\/#primaryimage\",\"url\":\"https:\/\/www.smedemokrati.sk\/wp-content\/uploads\/2025\/02\/zachranky.jpg\",\"contentUrl\":\"https:\/\/www.smedemokrati.sk\/wp-content\/uploads\/2025\/02\/zachranky.jpg\",\"width\":750,\"height\":451},{\"@type\":\"BreadcrumbList\",\"@id\":\"https:\/\/www.smedemokrati.sk\/taraba-ako-expert-na-vsetko-najnovsie-na-zachranky-a-zdravotnu-starostlivost\/#breadcrumb\",\"itemListElement\":[{\"@type\":\"ListItem\",\"position\":1,\"name\":\"Domovsk\u00e1 str\u00e1nka\",\"item\":\"https:\/\/www.smedemokrati.sk\/\"},{\"@type\":\"ListItem\",\"position\":2,\"name\":\"Taraba ako expert na v\u0161etko. Najnov\u0161ie na z\u00e1chranky a\u00a0zdravotn\u00fa starostlivos\u0165\"}]},{\"@type\":\"WebSite\",\"@id\":\"https:\/\/www.smedemokrati.sk\/#website\",\"url\":\"https:\/\/www.smedemokrati.sk\/\",\"name\":\"Smedemokrati.sk\",\"description\":\"Demokracia a slu\u0161nos\u0165 zv\u00ed\u0165az\u00ed\",\"publisher\":{\"@id\":\"https:\/\/www.smedemokrati.sk\/#organization\"},\"potentialAction\":[{\"@type\":\"SearchAction\",\"target\":{\"@type\":\"EntryPoint\",\"urlTemplate\":\"https:\/\/www.smedemokrati.sk\/?s={search_term_string}\"},\"query-input\":{\"@type\":\"PropertyValueSpecification\",\"valueRequired\":true,\"valueName\":\"search_term_string\"}}],\"inLanguage\":\"hu-HU\"},{\"@type\":\"Organization\",\"@id\":\"https:\/\/www.smedemokrati.sk\/#organization\",\"name\":\"Smedemokrati.sk\",\"url\":\"https:\/\/www.smedemokrati.sk\/\",\"logo\":{\"@type\":\"ImageObject\",\"inLanguage\":\"hu-HU\",\"@id\":\"https:\/\/www.smedemokrati.sk\/#\/schema\/logo\/image\/\",\"url\":\"https:\/\/www.smedemokrati.sk\/wp-content\/uploads\/2023\/04\/ff.002.jpeg\",\"contentUrl\":\"https:\/\/www.smedemokrati.sk\/wp-content\/uploads\/2023\/04\/ff.002.jpeg\",\"width\":640,\"height\":480,\"caption\":\"Smedemokrati.sk\"},\"image\":{\"@id\":\"https:\/\/www.smedemokrati.sk\/#\/schema\/logo\/image\/\"},\"sameAs\":[\"https:\/\/www.facebook.com\/smedemokrati2023\"]},{\"@type\":\"Person\",\"@id\":\"https:\/\/www.smedemokrati.sk\/#\/schema\/person\/21f147c88d605aa7ded900e1e7c344ba\",\"name\":\"miro.sopko\",\"image\":{\"@type\":\"ImageObject\",\"inLanguage\":\"hu-HU\",\"@id\":\"https:\/\/secure.gravatar.com\/avatar\/267e4a36f704376c109afe3a78740c1f5dd8675a2180a908699e7863c9247606?s=96&d=mm&r=g\",\"url\":\"https:\/\/secure.gravatar.com\/avatar\/267e4a36f704376c109afe3a78740c1f5dd8675a2180a908699e7863c9247606?s=96&d=mm&r=g\",\"contentUrl\":\"https:\/\/secure.gravatar.com\/avatar\/267e4a36f704376c109afe3a78740c1f5dd8675a2180a908699e7863c9247606?s=96&d=mm&r=g\",\"caption\":\"miro.sopko\"},\"url\":\"https:\/\/www.smedemokrati.sk\/hu\/author\/miro-sopko\/\"}]}<\/script>\n<!-- \/ Yoast SEO plugin. -->","yoast_head_json":{"title":"Taraba ako expert na v\u0161etko. Najnov\u0161ie na z\u00e1chranky a\u00a0zdravotn\u00fa starostlivos\u0165","robots":{"index":"index","follow":"follow","max-snippet":"max-snippet:-1","max-image-preview":"max-image-preview:large","max-video-preview":"max-video-preview:-1"},"canonical":"https:\/\/www.smedemokrati.sk\/hu\/taraba-ako-expert-na-vsetko-najnovsie-na-zachranky-a-zdravotnu-starostlivost\/","og_locale":"hu_HU","og_type":"article","og_title":"[:sk]Taraba ako expert na v\u0161etko. Najnov\u0161ie na z\u00e1chranky a\u00a0zdravotn\u00fa starostlivos\u0165[:] - Smedemokrati.sk","og_description":"Strana Demokrati upozor\u0148uje, \u017ee st\u00e1le nie je prijat\u00e1 reforma z\u00e1chrannej zdravotnej slu\u017eby, na ktor\u00fa n\u00e1s zav\u00e4zuje stanovisko Eur\u00f3pskej komisie po poslednom tendri na z\u00e1chranky. Ten v&nbsp;2019 skon\u010dil ako medzin\u00e1rodn\u00fd \u0161kand\u00e1l, po ktorom musel skon\u010di\u0165 predseda \u00daradu pre doh\u013ead nad zdravotnou starostlivos\u0165ou. Eur\u00f3pska komisia kon\u0161tatovala, \u017ee existovalo nez\u00e1konn\u00e9 prepojenie v\u00fdberovej komisie na naj\u00faspe\u0161nej\u0161iu firmu Life Star [&hellip;]","og_url":"https:\/\/www.smedemokrati.sk\/hu\/taraba-ako-expert-na-vsetko-najnovsie-na-zachranky-a-zdravotnu-starostlivost\/","og_site_name":"Smedemokrati.sk","article_publisher":"https:\/\/www.facebook.com\/smedemokrati2023","article_published_time":"2025-02-19T14:29:02+00:00","article_modified_time":"2025-02-19T14:31:26+00:00","og_image":[{"width":750,"height":451,"url":"https:\/\/www.smedemokrati.sk\/wp-content\/uploads\/2025\/02\/zachranky.jpg","type":"image\/jpeg"}],"author":"miro.sopko","twitter_card":"summary_large_image","twitter_misc":{"Szerz\u0151:":"miro.sopko","Becs\u00fclt olvas\u00e1si id\u0151":"3 perc"},"schema":{"@context":"https:\/\/schema.org","@graph":[{"@type":"Article","@id":"https:\/\/www.smedemokrati.sk\/taraba-ako-expert-na-vsetko-najnovsie-na-zachranky-a-zdravotnu-starostlivost\/#article","isPartOf":{"@id":"https:\/\/www.smedemokrati.sk\/taraba-ako-expert-na-vsetko-najnovsie-na-zachranky-a-zdravotnu-starostlivost\/"},"author":{"name":"miro.sopko","@id":"https:\/\/www.smedemokrati.sk\/#\/schema\/person\/21f147c88d605aa7ded900e1e7c344ba"},"headline":"Taraba ako expert na v\u0161etko. Najnov\u0161ie na z\u00e1chranky a\u00a0zdravotn\u00fa starostlivos\u0165","datePublished":"2025-02-19T14:29:02+00:00","dateModified":"2025-02-19T14:31:26+00:00","mainEntityOfPage":{"@id":"https:\/\/www.smedemokrati.sk\/taraba-ako-expert-na-vsetko-najnovsie-na-zachranky-a-zdravotnu-starostlivost\/"},"wordCount":681,"publisher":{"@id":"https:\/\/www.smedemokrati.sk\/#organization"},"image":{"@id":"https:\/\/www.smedemokrati.sk\/taraba-ako-expert-na-vsetko-najnovsie-na-zachranky-a-zdravotnu-starostlivost\/#primaryimage"},"thumbnailUrl":"https:\/\/www.smedemokrati.sk\/wp-content\/uploads\/2025\/02\/zachranky.jpg","articleSection":["Tla\u010dov\u00e9 spr\u00e1vy"],"inLanguage":"hu-HU"},{"@type":"WebPage","@id":"https:\/\/www.smedemokrati.sk\/taraba-ako-expert-na-vsetko-najnovsie-na-zachranky-a-zdravotnu-starostlivost\/","url":"https:\/\/www.smedemokrati.sk\/taraba-ako-expert-na-vsetko-najnovsie-na-zachranky-a-zdravotnu-starostlivost\/","name":"Taraba ako expert na v\u0161etko. Najnov\u0161ie na z\u00e1chranky a\u00a0zdravotn\u00fa starostlivos\u0165","isPartOf":{"@id":"https:\/\/www.smedemokrati.sk\/#website"},"primaryImageOfPage":{"@id":"https:\/\/www.smedemokrati.sk\/taraba-ako-expert-na-vsetko-najnovsie-na-zachranky-a-zdravotnu-starostlivost\/#primaryimage"},"image":{"@id":"https:\/\/www.smedemokrati.sk\/taraba-ako-expert-na-vsetko-najnovsie-na-zachranky-a-zdravotnu-starostlivost\/#primaryimage"},"thumbnailUrl":"https:\/\/www.smedemokrati.sk\/wp-content\/uploads\/2025\/02\/zachranky.jpg","datePublished":"2025-02-19T14:29:02+00:00","dateModified":"2025-02-19T14:31:26+00:00","breadcrumb":{"@id":"https:\/\/www.smedemokrati.sk\/taraba-ako-expert-na-vsetko-najnovsie-na-zachranky-a-zdravotnu-starostlivost\/#breadcrumb"},"inLanguage":"hu-HU","potentialAction":[{"@type":"ReadAction","target":["https:\/\/www.smedemokrati.sk\/taraba-ako-expert-na-vsetko-najnovsie-na-zachranky-a-zdravotnu-starostlivost\/"]}]},{"@type":"ImageObject","inLanguage":"hu-HU","@id":"https:\/\/www.smedemokrati.sk\/taraba-ako-expert-na-vsetko-najnovsie-na-zachranky-a-zdravotnu-starostlivost\/#primaryimage","url":"https:\/\/www.smedemokrati.sk\/wp-content\/uploads\/2025\/02\/zachranky.jpg","contentUrl":"https:\/\/www.smedemokrati.sk\/wp-content\/uploads\/2025\/02\/zachranky.jpg","width":750,"height":451},{"@type":"BreadcrumbList","@id":"https:\/\/www.smedemokrati.sk\/taraba-ako-expert-na-vsetko-najnovsie-na-zachranky-a-zdravotnu-starostlivost\/#breadcrumb","itemListElement":[{"@type":"ListItem","position":1,"name":"Domovsk\u00e1 str\u00e1nka","item":"https:\/\/www.smedemokrati.sk\/"},{"@type":"ListItem","position":2,"name":"Taraba ako expert na v\u0161etko. Najnov\u0161ie na z\u00e1chranky a\u00a0zdravotn\u00fa starostlivos\u0165"}]},{"@type":"WebSite","@id":"https:\/\/www.smedemokrati.sk\/#website","url":"https:\/\/www.smedemokrati.sk\/","name":"Smedemokrati.sk","description":"Demokracia a slu\u0161nos\u0165 zv\u00ed\u0165az\u00ed","publisher":{"@id":"https:\/\/www.smedemokrati.sk\/#organization"},"potentialAction":[{"@type":"SearchAction","target":{"@type":"EntryPoint","urlTemplate":"https:\/\/www.smedemokrati.sk\/?s={search_term_string}"},"query-input":{"@type":"PropertyValueSpecification","valueRequired":true,"valueName":"search_term_string"}}],"inLanguage":"hu-HU"},{"@type":"Organization","@id":"https:\/\/www.smedemokrati.sk\/#organization","name":"Smedemokrati.sk","url":"https:\/\/www.smedemokrati.sk\/","logo":{"@type":"ImageObject","inLanguage":"hu-HU","@id":"https:\/\/www.smedemokrati.sk\/#\/schema\/logo\/image\/","url":"https:\/\/www.smedemokrati.sk\/wp-content\/uploads\/2023\/04\/ff.002.jpeg","contentUrl":"https:\/\/www.smedemokrati.sk\/wp-content\/uploads\/2023\/04\/ff.002.jpeg","width":640,"height":480,"caption":"Smedemokrati.sk"},"image":{"@id":"https:\/\/www.smedemokrati.sk\/#\/schema\/logo\/image\/"},"sameAs":["https:\/\/www.facebook.com\/smedemokrati2023"]},{"@type":"Person","@id":"https:\/\/www.smedemokrati.sk\/#\/schema\/person\/21f147c88d605aa7ded900e1e7c344ba","name":"miro.sopko","image":{"@type":"ImageObject","inLanguage":"hu-HU","@id":"https:\/\/secure.gravatar.com\/avatar\/267e4a36f704376c109afe3a78740c1f5dd8675a2180a908699e7863c9247606?s=96&d=mm&r=g","url":"https:\/\/secure.gravatar.com\/avatar\/267e4a36f704376c109afe3a78740c1f5dd8675a2180a908699e7863c9247606?s=96&d=mm&r=g","contentUrl":"https:\/\/secure.gravatar.com\/avatar\/267e4a36f704376c109afe3a78740c1f5dd8675a2180a908699e7863c9247606?s=96&d=mm&r=g","caption":"miro.sopko"},"url":"https:\/\/www.smedemokrati.sk\/hu\/author\/miro-sopko\/"}]}},"_links":{"self":[{"href":"https:\/\/www.smedemokrati.sk\/hu\/wp-json\/wp\/v2\/posts\/6448","targetHints":{"allow":["GET"]}}],"collection":[{"href":"https:\/\/www.smedemokrati.sk\/hu\/wp-json\/wp\/v2\/posts"}],"about":[{"href":"https:\/\/www.smedemokrati.sk\/hu\/wp-json\/wp\/v2\/types\/post"}],"author":[{"embeddable":true,"href":"https:\/\/www.smedemokrati.sk\/hu\/wp-json\/wp\/v2\/users\/13"}],"replies":[{"embeddable":true,"href":"https:\/\/www.smedemokrati.sk\/hu\/wp-json\/wp\/v2\/comments?post=6448"}],"version-history":[{"count":2,"href":"https:\/\/www.smedemokrati.sk\/hu\/wp-json\/wp\/v2\/posts\/6448\/revisions"}],"predecessor-version":[{"id":6451,"href":"https:\/\/www.smedemokrati.sk\/hu\/wp-json\/wp\/v2\/posts\/6448\/revisions\/6451"}],"wp:featuredmedia":[{"embeddable":true,"href":"https:\/\/www.smedemokrati.sk\/hu\/wp-json\/wp\/v2\/media\/6449"}],"wp:attachment":[{"href":"https:\/\/www.smedemokrati.sk\/hu\/wp-json\/wp\/v2\/media?parent=6448"}],"wp:term":[{"taxonomy":"category","embeddable":true,"href":"https:\/\/www.smedemokrati.sk\/hu\/wp-json\/wp\/v2\/categories?post=6448"},{"taxonomy":"post_tag","embeddable":true,"href":"https:\/\/www.smedemokrati.sk\/hu\/wp-json\/wp\/v2\/tags?post=6448"}],"curies":[{"name":"wp","href":"https:\/\/api.w.org\/{rel}","templated":true}]}}