{"id":6443,"date":"2025-02-19T13:52:56","date_gmt":"2025-02-19T12:52:56","guid":{"rendered":"https:\/\/www.smedemokrati.sk\/?p=6443"},"modified":"2025-02-20T12:16:17","modified_gmt":"2025-02-20T11:16:17","slug":"v-siedmich-mestach-si-pripomenieme-jana-a-martinu-a-udalosti-kedy-rusko-napadlo-ukrajinu","status":"publish","type":"post","link":"https:\/\/www.smedemokrati.sk\/hu\/v-siedmich-mestach-si-pripomenieme-jana-a-martinu-a-udalosti-kedy-rusko-napadlo-ukrajinu\/","title":{"rendered":"V siedmich mest\u00e1ch si pripomenieme J\u00e1na a Martinu a udalosti, kedy Rusko napadlo Ukrajinu"},"content":{"rendered":"<div id=\"fb-root\"><\/div>\n\n<p><strong>Demokrati pokra\u010duj\u00fa v organiz\u00e1ci\u00ed verejn\u00fdch zhroma\u017eden\u00ed. Tento raz sa pri pr\u00edle\u017eitosti vra\u017edy J\u00e1na Kuciaka a Martiny Ku\u0161n\u00edrovej rozhodli zorganizova\u0165 pietnu spomienku a pripomen\u00fa\u0165 si tie\u017e udalosti spred troch rokov, kedy Rusko nevyprovokovane napadlo Ukrajinu.&nbsp;<\/strong><\/p>\n\n\n\n<p>Vo febru\u00e1ri si Slovensko pripom\u00edna dve udalosti.\u00a0<em>\u201eJe to u\u017e 7 rokov, odkedy zbabel\u00e9 v\u00fdstrely zabili dvoch nevinn\u00fdch \u013eud\u00ed. Chceme si ucti\u0165 pamiatku novin\u00e1ra J\u00e1na Kuciaka a jeho sn\u00fabenice Martiny Ku\u0161n\u00edrovej, ktor\u00fdch objedn\u00e1vate\u013e nie je do dne\u0161n\u00e9ho d\u0148a pr\u00e1voplatne ods\u00faden\u00fd.&#8221;<\/em>\u00a0Hovor\u00ed Jaroslav Na\u010f predseda Demokratov a pokra\u010duje, \u017ee v r\u00e1mci zhroma\u017edenia si verejnos\u0165 pripomenie aj v\u00fdro\u010die, kedy Rusko napadlo 24. febru\u00e1ra 2022 Ukrajinu.<\/p>\n\n\n\n<p><em>\u201eU\u017e tri roky sa Ukrajina hrdinsky br\u00e1ni vo\u010di agresorovi z Moskvy, ktor\u00fd de\u0148 \u010do de\u0148 d\u00e1va pokyn na bombardovanie \u0161k\u00f4l, bytoviek, elektr\u00e1rn\u00ed \u010di historick\u00fdch budov. Zomreli tis\u00edce nevinn\u00fdch, vr\u00e1tane det\u00ed a \u010fal\u0161ie st\u00e1tis\u00edce museli opusti\u0165 svoje domovy. Ukrajina br\u00e1ni aj na\u0161u slobodu, preto\u017ee ak prehr\u00e1, rusk\u00e9 tanky bud\u00fa na slovenskej hranici, a to nem\u00f4\u017eeme dopusti\u0165.&#8221;\u00a0<\/em>Uzatv\u00e1ra.\u00a0<\/p>\n\n\n\n<p><strong>Zoznam miest, kde sa uskuto\u010dnia zhroma\u017edenia:<\/strong><\/p>\n\n\n\n<p>21. febru\u00e1r 2025<\/p>\n\n\n\n<p><strong>Galanta<\/strong>, 18:00 Mierov\u00e9 n\u00e1mestie<\/p>\n\n\n\n<p><strong>Partiz\u00e1nske<\/strong>, 18:00 N\u00e1mestie SNP<\/p>\n\n\n\n<p><strong>Skalica<\/strong>, 18:00 Morov\u00fd st\u013ap (pochod a presun k Pam\u00e4tn\u00edku padl\u00fdch)<\/p>\n\n\n\n<p><strong>Trebi\u0161ov<\/strong>, 17:00 pri Mestskom kult\u00farnom stredisku<\/p>\n\n\n\n<p><strong>Tren\u010d\u00edn<\/strong>, 17:00 Mierov\u00e9 n\u00e1mestie<\/p>\n\n\n\n<p>24. febru\u00e1r 2025<\/p>\n\n\n\n<p><strong>Pre\u0161ov<\/strong>, 16:30 pred MS\u00da<\/p>\n\n\n\n<p><strong>Brezno<\/strong>, 18:00 N\u00e1mestie M.R. \u0160tef\u00e1nika<\/p>\n\n\n\n<p>Link na event:&nbsp;<a href=\"https:\/\/fb.me\/e\/fzCvFeM8d\" rel=\"noreferrer noopener\" target=\"_blank\">https:\/\/fb.me\/e\/fzCvFeM8d<\/a><\/p>\n","protected":false},"excerpt":{"rendered":"<p>Demokrati pokra\u010duj\u00fa v organiz\u00e1ci\u00ed verejn\u00fdch zhroma\u017eden\u00ed. Tento raz sa pri pr\u00edle\u017eitosti vra\u017edy J\u00e1na Kuciaka a Martiny Ku\u0161n\u00edrovej rozhodli zorganizova\u0165 pietnu spomienku a pripomen\u00fa\u0165 si tie\u017e udalosti spred troch rokov, kedy Rusko nevyprovokovane napadlo Ukrajinu.&nbsp; Vo febru\u00e1ri si Slovensko pripom\u00edna dve udalosti.\u00a0\u201eJe to u\u017e 7 rokov, odkedy zbabel\u00e9 v\u00fdstrely zabili dvoch nevinn\u00fdch \u013eud\u00ed. Chceme si ucti\u0165 [&hellip;]<\/p>\n","protected":false},"author":13,"featured_media":6444,"comment_status":"closed","ping_status":"closed","sticky":false,"template":"","format":"standard","meta":{"_acf_changed":false,"ngg_post_thumbnail":0,"footnotes":""},"categories":[4],"tags":[],"class_list":["post-6443","post","type-post","status-publish","format-standard","has-post-thumbnail","hentry","category-tlacove-spravy"],"acf":[],"yoast_head":"<!-- This site is optimized with the Yoast SEO plugin v27.2 - https:\/\/yoast.com\/product\/yoast-seo-wordpress\/ -->\n<title>V siedmich mest\u00e1ch si pripomenieme J\u00e1na a Martinu a udalosti, kedy Rusko napadlo Ukrajinu<\/title>\n<meta name=\"robots\" content=\"index, follow, max-snippet:-1, max-image-preview:large, max-video-preview:-1\" \/>\n<link rel=\"canonical\" href=\"https:\/\/www.smedemokrati.sk\/hu\/v-siedmich-mestach-si-pripomenieme-jana-a-martinu-a-udalosti-kedy-rusko-napadlo-ukrajinu\/\" \/>\n<meta property=\"og:locale\" content=\"hu_HU\" \/>\n<meta property=\"og:locale:alternate\" content=\"en_US\" \/>\n<meta property=\"og:locale:alternate\" content=\"cs_CZ\" \/>\n<meta property=\"og:locale:alternate\" content=\"sk_SK\" \/>\n<meta property=\"og:locale:alternate\" content=\"sv_SE\" \/>\n<meta property=\"og:type\" content=\"article\" \/>\n<meta property=\"og:title\" content=\"V siedmich mest\u00e1ch si pripomenieme J\u00e1na a Martinu a udalosti, kedy Rusko napadlo Ukrajinu\" \/>\n<meta property=\"og:description\" content=\"Demokrati pokra\u010duj\u00fa v organiz\u00e1ci\u00ed verejn\u00fdch zhroma\u017eden\u00ed. Tento raz sa pri pr\u00edle\u017eitosti vra\u017edy J\u00e1na Kuciaka a Martiny Ku\u0161n\u00edrovej rozhodli zorganizova\u0165 pietnu spomienku a pripomen\u00fa\u0165 si tie\u017e udalosti spred troch rokov, kedy Rusko nevyprovokovane napadlo Ukrajinu.&nbsp; Vo febru\u00e1ri si Slovensko pripom\u00edna dve udalosti.\u00a0\u201eJe to u\u017e 7 rokov, odkedy zbabel\u00e9 v\u00fdstrely zabili dvoch nevinn\u00fdch \u013eud\u00ed. Chceme si ucti\u0165 [&hellip;]\" \/>\n<meta property=\"og:url\" content=\"https:\/\/www.smedemokrati.sk\/hu\/v-siedmich-mestach-si-pripomenieme-jana-a-martinu-a-udalosti-kedy-rusko-napadlo-ukrajinu\/\" \/>\n<meta property=\"og:site_name\" content=\"Smedemokrati.sk\" \/>\n<meta property=\"article:publisher\" content=\"https:\/\/www.facebook.com\/smedemokrati2023\" \/>\n<meta property=\"article:published_time\" content=\"2025-02-19T12:52:56+00:00\" \/>\n<meta property=\"article:modified_time\" content=\"2025-02-20T11:16:17+00:00\" \/>\n<meta property=\"og:image\" content=\"https:\/\/www.smedemokrati.sk\/wp-content\/uploads\/2025\/02\/spomienka.jpg\" \/>\n\t<meta property=\"og:image:width\" content=\"960\" \/>\n\t<meta property=\"og:image:height\" content=\"502\" \/>\n\t<meta property=\"og:image:type\" content=\"image\/jpeg\" \/>\n<meta name=\"author\" content=\"miro.sopko\" \/>\n<meta name=\"twitter:card\" content=\"summary_large_image\" \/>\n<meta name=\"twitter:label1\" content=\"Szerz\u0151:\" \/>\n\t<meta name=\"twitter:data1\" content=\"miro.sopko\" \/>\n\t<meta name=\"twitter:label2\" content=\"Becs\u00fclt olvas\u00e1si id\u0151\" \/>\n\t<meta name=\"twitter:data2\" content=\"2 perc\" \/>\n<script type=\"application\/ld+json\" class=\"yoast-schema-graph\">{\"@context\":\"https:\/\/schema.org\",\"@graph\":[{\"@type\":\"Article\",\"@id\":\"https:\/\/www.smedemokrati.sk\/v-siedmich-mestach-si-pripomenieme-jana-a-martinu-a-udalosti-kedy-rusko-napadlo-ukrajinu\/#article\",\"isPartOf\":{\"@id\":\"https:\/\/www.smedemokrati.sk\/v-siedmich-mestach-si-pripomenieme-jana-a-martinu-a-udalosti-kedy-rusko-napadlo-ukrajinu\/\"},\"author\":{\"name\":\"miro.sopko\",\"@id\":\"https:\/\/www.smedemokrati.sk\/#\/schema\/person\/21f147c88d605aa7ded900e1e7c344ba\"},\"headline\":\"V siedmich mest\u00e1ch si pripomenieme J\u00e1na a Martinu a udalosti, kedy Rusko napadlo Ukrajinu\",\"datePublished\":\"2025-02-19T12:52:56+00:00\",\"dateModified\":\"2025-02-20T11:16:17+00:00\",\"mainEntityOfPage\":{\"@id\":\"https:\/\/www.smedemokrati.sk\/v-siedmich-mestach-si-pripomenieme-jana-a-martinu-a-udalosti-kedy-rusko-napadlo-ukrajinu\/\"},\"wordCount\":285,\"publisher\":{\"@id\":\"https:\/\/www.smedemokrati.sk\/#organization\"},\"image\":{\"@id\":\"https:\/\/www.smedemokrati.sk\/v-siedmich-mestach-si-pripomenieme-jana-a-martinu-a-udalosti-kedy-rusko-napadlo-ukrajinu\/#primaryimage\"},\"thumbnailUrl\":\"https:\/\/www.smedemokrati.sk\/wp-content\/uploads\/2025\/02\/spomienka.jpg\",\"articleSection\":[\"Tla\u010dov\u00e9 spr\u00e1vy\"],\"inLanguage\":\"hu-HU\"},{\"@type\":\"WebPage\",\"@id\":\"https:\/\/www.smedemokrati.sk\/v-siedmich-mestach-si-pripomenieme-jana-a-martinu-a-udalosti-kedy-rusko-napadlo-ukrajinu\/\",\"url\":\"https:\/\/www.smedemokrati.sk\/v-siedmich-mestach-si-pripomenieme-jana-a-martinu-a-udalosti-kedy-rusko-napadlo-ukrajinu\/\",\"name\":\"V siedmich mest\u00e1ch si pripomenieme J\u00e1na a Martinu a udalosti, kedy Rusko napadlo Ukrajinu\",\"isPartOf\":{\"@id\":\"https:\/\/www.smedemokrati.sk\/#website\"},\"primaryImageOfPage\":{\"@id\":\"https:\/\/www.smedemokrati.sk\/v-siedmich-mestach-si-pripomenieme-jana-a-martinu-a-udalosti-kedy-rusko-napadlo-ukrajinu\/#primaryimage\"},\"image\":{\"@id\":\"https:\/\/www.smedemokrati.sk\/v-siedmich-mestach-si-pripomenieme-jana-a-martinu-a-udalosti-kedy-rusko-napadlo-ukrajinu\/#primaryimage\"},\"thumbnailUrl\":\"https:\/\/www.smedemokrati.sk\/wp-content\/uploads\/2025\/02\/spomienka.jpg\",\"datePublished\":\"2025-02-19T12:52:56+00:00\",\"dateModified\":\"2025-02-20T11:16:17+00:00\",\"breadcrumb\":{\"@id\":\"https:\/\/www.smedemokrati.sk\/v-siedmich-mestach-si-pripomenieme-jana-a-martinu-a-udalosti-kedy-rusko-napadlo-ukrajinu\/#breadcrumb\"},\"inLanguage\":\"hu-HU\",\"potentialAction\":[{\"@type\":\"ReadAction\",\"target\":[\"https:\/\/www.smedemokrati.sk\/v-siedmich-mestach-si-pripomenieme-jana-a-martinu-a-udalosti-kedy-rusko-napadlo-ukrajinu\/\"]}]},{\"@type\":\"ImageObject\",\"inLanguage\":\"hu-HU\",\"@id\":\"https:\/\/www.smedemokrati.sk\/v-siedmich-mestach-si-pripomenieme-jana-a-martinu-a-udalosti-kedy-rusko-napadlo-ukrajinu\/#primaryimage\",\"url\":\"https:\/\/www.smedemokrati.sk\/wp-content\/uploads\/2025\/02\/spomienka.jpg\",\"contentUrl\":\"https:\/\/www.smedemokrati.sk\/wp-content\/uploads\/2025\/02\/spomienka.jpg\",\"width\":960,\"height\":502},{\"@type\":\"BreadcrumbList\",\"@id\":\"https:\/\/www.smedemokrati.sk\/v-siedmich-mestach-si-pripomenieme-jana-a-martinu-a-udalosti-kedy-rusko-napadlo-ukrajinu\/#breadcrumb\",\"itemListElement\":[{\"@type\":\"ListItem\",\"position\":1,\"name\":\"Domovsk\u00e1 str\u00e1nka\",\"item\":\"https:\/\/www.smedemokrati.sk\/\"},{\"@type\":\"ListItem\",\"position\":2,\"name\":\"V siedmich mest\u00e1ch si pripomenieme J\u00e1na a Martinu a udalosti, kedy Rusko napadlo Ukrajinu\"}]},{\"@type\":\"WebSite\",\"@id\":\"https:\/\/www.smedemokrati.sk\/#website\",\"url\":\"https:\/\/www.smedemokrati.sk\/\",\"name\":\"Smedemokrati.sk\",\"description\":\"Demokracia a slu\u0161nos\u0165 zv\u00ed\u0165az\u00ed\",\"publisher\":{\"@id\":\"https:\/\/www.smedemokrati.sk\/#organization\"},\"potentialAction\":[{\"@type\":\"SearchAction\",\"target\":{\"@type\":\"EntryPoint\",\"urlTemplate\":\"https:\/\/www.smedemokrati.sk\/?s={search_term_string}\"},\"query-input\":{\"@type\":\"PropertyValueSpecification\",\"valueRequired\":true,\"valueName\":\"search_term_string\"}}],\"inLanguage\":\"hu-HU\"},{\"@type\":\"Organization\",\"@id\":\"https:\/\/www.smedemokrati.sk\/#organization\",\"name\":\"Smedemokrati.sk\",\"url\":\"https:\/\/www.smedemokrati.sk\/\",\"logo\":{\"@type\":\"ImageObject\",\"inLanguage\":\"hu-HU\",\"@id\":\"https:\/\/www.smedemokrati.sk\/#\/schema\/logo\/image\/\",\"url\":\"https:\/\/www.smedemokrati.sk\/wp-content\/uploads\/2023\/04\/ff.002.jpeg\",\"contentUrl\":\"https:\/\/www.smedemokrati.sk\/wp-content\/uploads\/2023\/04\/ff.002.jpeg\",\"width\":640,\"height\":480,\"caption\":\"Smedemokrati.sk\"},\"image\":{\"@id\":\"https:\/\/www.smedemokrati.sk\/#\/schema\/logo\/image\/\"},\"sameAs\":[\"https:\/\/www.facebook.com\/smedemokrati2023\"]},{\"@type\":\"Person\",\"@id\":\"https:\/\/www.smedemokrati.sk\/#\/schema\/person\/21f147c88d605aa7ded900e1e7c344ba\",\"name\":\"miro.sopko\",\"image\":{\"@type\":\"ImageObject\",\"inLanguage\":\"hu-HU\",\"@id\":\"https:\/\/secure.gravatar.com\/avatar\/267e4a36f704376c109afe3a78740c1f5dd8675a2180a908699e7863c9247606?s=96&d=mm&r=g\",\"url\":\"https:\/\/secure.gravatar.com\/avatar\/267e4a36f704376c109afe3a78740c1f5dd8675a2180a908699e7863c9247606?s=96&d=mm&r=g\",\"contentUrl\":\"https:\/\/secure.gravatar.com\/avatar\/267e4a36f704376c109afe3a78740c1f5dd8675a2180a908699e7863c9247606?s=96&d=mm&r=g\",\"caption\":\"miro.sopko\"},\"url\":\"https:\/\/www.smedemokrati.sk\/hu\/author\/miro-sopko\/\"}]}<\/script>\n<!-- \/ Yoast SEO plugin. -->","yoast_head_json":{"title":"V siedmich mest\u00e1ch si pripomenieme J\u00e1na a Martinu a udalosti, kedy Rusko napadlo Ukrajinu","robots":{"index":"index","follow":"follow","max-snippet":"max-snippet:-1","max-image-preview":"max-image-preview:large","max-video-preview":"max-video-preview:-1"},"canonical":"https:\/\/www.smedemokrati.sk\/hu\/v-siedmich-mestach-si-pripomenieme-jana-a-martinu-a-udalosti-kedy-rusko-napadlo-ukrajinu\/","og_locale":"hu_HU","og_type":"article","og_title":"[:sk]V siedmich mest\u00e1ch si pripomenieme J\u00e1na a Martinu a udalosti, kedy Rusko napadlo Ukrajinu[:] - Smedemokrati.sk","og_description":"Demokrati pokra\u010duj\u00fa v organiz\u00e1ci\u00ed verejn\u00fdch zhroma\u017eden\u00ed. Tento raz sa pri pr\u00edle\u017eitosti vra\u017edy J\u00e1na Kuciaka a Martiny Ku\u0161n\u00edrovej rozhodli zorganizova\u0165 pietnu spomienku a pripomen\u00fa\u0165 si tie\u017e udalosti spred troch rokov, kedy Rusko nevyprovokovane napadlo Ukrajinu.&nbsp; Vo febru\u00e1ri si Slovensko pripom\u00edna dve udalosti.\u00a0\u201eJe to u\u017e 7 rokov, odkedy zbabel\u00e9 v\u00fdstrely zabili dvoch nevinn\u00fdch \u013eud\u00ed. Chceme si ucti\u0165 [&hellip;]","og_url":"https:\/\/www.smedemokrati.sk\/hu\/v-siedmich-mestach-si-pripomenieme-jana-a-martinu-a-udalosti-kedy-rusko-napadlo-ukrajinu\/","og_site_name":"Smedemokrati.sk","article_publisher":"https:\/\/www.facebook.com\/smedemokrati2023","article_published_time":"2025-02-19T12:52:56+00:00","article_modified_time":"2025-02-20T11:16:17+00:00","og_image":[{"width":960,"height":502,"url":"https:\/\/www.smedemokrati.sk\/wp-content\/uploads\/2025\/02\/spomienka.jpg","type":"image\/jpeg"}],"author":"miro.sopko","twitter_card":"summary_large_image","twitter_misc":{"Szerz\u0151:":"miro.sopko","Becs\u00fclt olvas\u00e1si id\u0151":"2 perc"},"schema":{"@context":"https:\/\/schema.org","@graph":[{"@type":"Article","@id":"https:\/\/www.smedemokrati.sk\/v-siedmich-mestach-si-pripomenieme-jana-a-martinu-a-udalosti-kedy-rusko-napadlo-ukrajinu\/#article","isPartOf":{"@id":"https:\/\/www.smedemokrati.sk\/v-siedmich-mestach-si-pripomenieme-jana-a-martinu-a-udalosti-kedy-rusko-napadlo-ukrajinu\/"},"author":{"name":"miro.sopko","@id":"https:\/\/www.smedemokrati.sk\/#\/schema\/person\/21f147c88d605aa7ded900e1e7c344ba"},"headline":"V siedmich mest\u00e1ch si pripomenieme J\u00e1na a Martinu a udalosti, kedy Rusko napadlo Ukrajinu","datePublished":"2025-02-19T12:52:56+00:00","dateModified":"2025-02-20T11:16:17+00:00","mainEntityOfPage":{"@id":"https:\/\/www.smedemokrati.sk\/v-siedmich-mestach-si-pripomenieme-jana-a-martinu-a-udalosti-kedy-rusko-napadlo-ukrajinu\/"},"wordCount":285,"publisher":{"@id":"https:\/\/www.smedemokrati.sk\/#organization"},"image":{"@id":"https:\/\/www.smedemokrati.sk\/v-siedmich-mestach-si-pripomenieme-jana-a-martinu-a-udalosti-kedy-rusko-napadlo-ukrajinu\/#primaryimage"},"thumbnailUrl":"https:\/\/www.smedemokrati.sk\/wp-content\/uploads\/2025\/02\/spomienka.jpg","articleSection":["Tla\u010dov\u00e9 spr\u00e1vy"],"inLanguage":"hu-HU"},{"@type":"WebPage","@id":"https:\/\/www.smedemokrati.sk\/v-siedmich-mestach-si-pripomenieme-jana-a-martinu-a-udalosti-kedy-rusko-napadlo-ukrajinu\/","url":"https:\/\/www.smedemokrati.sk\/v-siedmich-mestach-si-pripomenieme-jana-a-martinu-a-udalosti-kedy-rusko-napadlo-ukrajinu\/","name":"V siedmich mest\u00e1ch si pripomenieme J\u00e1na a Martinu a udalosti, kedy Rusko napadlo Ukrajinu","isPartOf":{"@id":"https:\/\/www.smedemokrati.sk\/#website"},"primaryImageOfPage":{"@id":"https:\/\/www.smedemokrati.sk\/v-siedmich-mestach-si-pripomenieme-jana-a-martinu-a-udalosti-kedy-rusko-napadlo-ukrajinu\/#primaryimage"},"image":{"@id":"https:\/\/www.smedemokrati.sk\/v-siedmich-mestach-si-pripomenieme-jana-a-martinu-a-udalosti-kedy-rusko-napadlo-ukrajinu\/#primaryimage"},"thumbnailUrl":"https:\/\/www.smedemokrati.sk\/wp-content\/uploads\/2025\/02\/spomienka.jpg","datePublished":"2025-02-19T12:52:56+00:00","dateModified":"2025-02-20T11:16:17+00:00","breadcrumb":{"@id":"https:\/\/www.smedemokrati.sk\/v-siedmich-mestach-si-pripomenieme-jana-a-martinu-a-udalosti-kedy-rusko-napadlo-ukrajinu\/#breadcrumb"},"inLanguage":"hu-HU","potentialAction":[{"@type":"ReadAction","target":["https:\/\/www.smedemokrati.sk\/v-siedmich-mestach-si-pripomenieme-jana-a-martinu-a-udalosti-kedy-rusko-napadlo-ukrajinu\/"]}]},{"@type":"ImageObject","inLanguage":"hu-HU","@id":"https:\/\/www.smedemokrati.sk\/v-siedmich-mestach-si-pripomenieme-jana-a-martinu-a-udalosti-kedy-rusko-napadlo-ukrajinu\/#primaryimage","url":"https:\/\/www.smedemokrati.sk\/wp-content\/uploads\/2025\/02\/spomienka.jpg","contentUrl":"https:\/\/www.smedemokrati.sk\/wp-content\/uploads\/2025\/02\/spomienka.jpg","width":960,"height":502},{"@type":"BreadcrumbList","@id":"https:\/\/www.smedemokrati.sk\/v-siedmich-mestach-si-pripomenieme-jana-a-martinu-a-udalosti-kedy-rusko-napadlo-ukrajinu\/#breadcrumb","itemListElement":[{"@type":"ListItem","position":1,"name":"Domovsk\u00e1 str\u00e1nka","item":"https:\/\/www.smedemokrati.sk\/"},{"@type":"ListItem","position":2,"name":"V siedmich mest\u00e1ch si pripomenieme J\u00e1na a Martinu a udalosti, kedy Rusko napadlo Ukrajinu"}]},{"@type":"WebSite","@id":"https:\/\/www.smedemokrati.sk\/#website","url":"https:\/\/www.smedemokrati.sk\/","name":"Smedemokrati.sk","description":"Demokracia a slu\u0161nos\u0165 zv\u00ed\u0165az\u00ed","publisher":{"@id":"https:\/\/www.smedemokrati.sk\/#organization"},"potentialAction":[{"@type":"SearchAction","target":{"@type":"EntryPoint","urlTemplate":"https:\/\/www.smedemokrati.sk\/?s={search_term_string}"},"query-input":{"@type":"PropertyValueSpecification","valueRequired":true,"valueName":"search_term_string"}}],"inLanguage":"hu-HU"},{"@type":"Organization","@id":"https:\/\/www.smedemokrati.sk\/#organization","name":"Smedemokrati.sk","url":"https:\/\/www.smedemokrati.sk\/","logo":{"@type":"ImageObject","inLanguage":"hu-HU","@id":"https:\/\/www.smedemokrati.sk\/#\/schema\/logo\/image\/","url":"https:\/\/www.smedemokrati.sk\/wp-content\/uploads\/2023\/04\/ff.002.jpeg","contentUrl":"https:\/\/www.smedemokrati.sk\/wp-content\/uploads\/2023\/04\/ff.002.jpeg","width":640,"height":480,"caption":"Smedemokrati.sk"},"image":{"@id":"https:\/\/www.smedemokrati.sk\/#\/schema\/logo\/image\/"},"sameAs":["https:\/\/www.facebook.com\/smedemokrati2023"]},{"@type":"Person","@id":"https:\/\/www.smedemokrati.sk\/#\/schema\/person\/21f147c88d605aa7ded900e1e7c344ba","name":"miro.sopko","image":{"@type":"ImageObject","inLanguage":"hu-HU","@id":"https:\/\/secure.gravatar.com\/avatar\/267e4a36f704376c109afe3a78740c1f5dd8675a2180a908699e7863c9247606?s=96&d=mm&r=g","url":"https:\/\/secure.gravatar.com\/avatar\/267e4a36f704376c109afe3a78740c1f5dd8675a2180a908699e7863c9247606?s=96&d=mm&r=g","contentUrl":"https:\/\/secure.gravatar.com\/avatar\/267e4a36f704376c109afe3a78740c1f5dd8675a2180a908699e7863c9247606?s=96&d=mm&r=g","caption":"miro.sopko"},"url":"https:\/\/www.smedemokrati.sk\/hu\/author\/miro-sopko\/"}]}},"_links":{"self":[{"href":"https:\/\/www.smedemokrati.sk\/hu\/wp-json\/wp\/v2\/posts\/6443","targetHints":{"allow":["GET"]}}],"collection":[{"href":"https:\/\/www.smedemokrati.sk\/hu\/wp-json\/wp\/v2\/posts"}],"about":[{"href":"https:\/\/www.smedemokrati.sk\/hu\/wp-json\/wp\/v2\/types\/post"}],"author":[{"embeddable":true,"href":"https:\/\/www.smedemokrati.sk\/hu\/wp-json\/wp\/v2\/users\/13"}],"replies":[{"embeddable":true,"href":"https:\/\/www.smedemokrati.sk\/hu\/wp-json\/wp\/v2\/comments?post=6443"}],"version-history":[{"count":1,"href":"https:\/\/www.smedemokrati.sk\/hu\/wp-json\/wp\/v2\/posts\/6443\/revisions"}],"predecessor-version":[{"id":6445,"href":"https:\/\/www.smedemokrati.sk\/hu\/wp-json\/wp\/v2\/posts\/6443\/revisions\/6445"}],"wp:featuredmedia":[{"embeddable":true,"href":"https:\/\/www.smedemokrati.sk\/hu\/wp-json\/wp\/v2\/media\/6444"}],"wp:attachment":[{"href":"https:\/\/www.smedemokrati.sk\/hu\/wp-json\/wp\/v2\/media?parent=6443"}],"wp:term":[{"taxonomy":"category","embeddable":true,"href":"https:\/\/www.smedemokrati.sk\/hu\/wp-json\/wp\/v2\/categories?post=6443"},{"taxonomy":"post_tag","embeddable":true,"href":"https:\/\/www.smedemokrati.sk\/hu\/wp-json\/wp\/v2\/tags?post=6443"}],"curies":[{"name":"wp","href":"https:\/\/api.w.org\/{rel}","templated":true}]}}