{"id":6236,"date":"2025-01-30T15:08:02","date_gmt":"2025-01-30T14:08:02","guid":{"rendered":"https:\/\/www.smedemokrati.sk\/?p=6236"},"modified":"2025-01-30T16:35:11","modified_gmt":"2025-01-30T15:35:11","slug":"sef-financnej-spravy-nemal-dostat-bezpecnostnu-previerku-chrani-ho-sis-alebo-nbu-kde-bola-doteraz-pani-maskarova","status":"publish","type":"post","link":"https:\/\/www.smedemokrati.sk\/hu\/sef-financnej-spravy-nemal-dostat-bezpecnostnu-previerku-chrani-ho-sis-alebo-nbu-kde-bola-doteraz-pani-maskarova\/","title":{"rendered":"\u0160\u00e9f finan\u010dnej spr\u00e1vy nemal dosta\u0165 bezpe\u010dnostn\u00fa previerku, chr\u00e1ni ho SIS alebo NB\u00da, kde bola doteraz pani Ma\u0161karov\u00e1?"},"content":{"rendered":"<div id=\"fb-root\"><\/div>\n\n<p><strong>Jozef Kiss je podozriv\u00fd z trestnej \u010dinnosti. Slovensk\u00e1 informa\u010dn\u00e1 slu\u017eba si protire\u010d\u00ed v stanovisk\u00e1ch k veci a Kissovi bola vydan\u00e1 a st\u00e1le je udelen\u00e1 bezpe\u010dnostn\u00e1 previerka, aj napriek podozreniam z nekalej \u010dinnosti. Navy\u0161e v NB\u00da, ktor\u00fd previerky vyd\u00e1va, bola v tom \u010dase na vysokej funkcii novovymenovan\u00e1 \u0161\u00e9fka pol\u00edcie Jana Ma\u0161karov\u00e1, ktor\u00e1 sama tvrd\u00ed, \u017ee rie\u0161ila bezpe\u010dnostn\u00e9 previerky. Jozef Kiss by mal skon\u010di\u0165 ako \u0161\u00e9f finan\u010dnej spr\u00e1vy. Strana Pir\u00e1ti a Demokrati sa obracaj\u00fa na pr\u00edslu\u0161n\u00e9 org\u00e1ny.<\/strong><\/p>\n\n\n\n<p><em>\u201e\u010clovek, ktor\u00fd m\u00e1 pr\u00edstup k \u00fa\u010dtom n\u00e1s v\u0161etk\u00fdch, m\u00e1 dozera\u0165 \u010di s\u00fa riadne platen\u00e9 dane a m\u00e1 pr\u00edstup k najcitlivej\u0161\u00edm inform\u00e1ci\u00e1m, je podozriv\u00fd z korup\u010dnej trestnej \u010dinnosti. Budem konkr\u00e9tny. V minulosti Jozef Kiss, ke\u010f ho zobrala pol\u00edcia vypovedal, \u017ee za n\u00edm bol Vavro, ktor\u00fd je dnes \u0161\u00e9f IT na katastri, \u010di nechce nejak\u00fd podiel zo 60 mili\u00f3novej z\u00e1kazky. Kiss to mal \u00eds\u0165 ozn\u00e1mi\u0165 na pol\u00edciu, \u010do neurobil,&#8221;<\/em>\u00a0otv\u00e1ra t\u00e9mu podpredseda strany Demokrati Juraj \u0160eliga a dod\u00e1va, \u017ee dne\u0161n\u00fd \u0161\u00e9f finan\u010dnej spr\u00e1vy to pod\u013ea jeho slov ozn\u00e1mil Slovenskej informa\u010dnej slu\u017ebe.<\/p>\n\n\n\n<p><em>\u201eV stanovisku SIS sa explicitne uv\u00e1dza, \u017ee Jozef Kiss nikdy tak\u00fato vec neoznamoval, \u010do znamen\u00e1, \u017ee neozn\u00e1mil trestn\u00fa \u010dinnos\u0165. Po na\u0161ej ostatnej tla\u010dovej konferencii k veci v\u0161ak SIS zmenila komunik\u00e1ciu a po novom tvrd\u00ed, \u017ee nem\u00f4\u017eu ni\u010d poveda\u0165, preto\u017ee je to tajn\u00e9. Na dokumente, ktor\u00fd to hovor\u00ed, je podpis Pavla Ga\u0161para. Tak sa p\u00fdtam ako m\u00f4\u017ee by\u0165 nie\u010do tajn\u00e9, \u010do sa nikdy nestalo?&#8221;\u00a0\u00a0<\/em>Hovor\u00ed predsedn\u00ed\u010dka strany Pir\u00e1ti Zuzana \u0160ubov\u00e1, ktor\u00e1 vo veci podala trestn\u00e9 ozn\u00e1menie a v najbli\u017e\u0161ie dni sa obr\u00e1ti aj na pr\u00edslu\u0161n\u00e9 v\u00fdbory parlamentu a tie\u017e na gener\u00e1lnu prokurat\u00faru, aby danej veci venovali n\u00e1le\u017eit\u00fa pozornos\u0165 a najm\u00e4, aby odobrali bezpe\u010dnostn\u00fa previerku p\u00e1novi Kissovi.<\/p>\n\n\n\n<p>Juraj \u0160eliga komentuje, \u017ee Jozef Kiss, ktor\u00fd je podozriv\u00fd z trestn\u00e9ho \u010dinu nenahl\u00e1senia trestnej \u010dinnosti, nemohol dosta\u0165 bezpe\u010dnostn\u00fa previerku, ktor\u00e1 je pre v\u00fdkon jeho funkcie nevyhnutn\u00e1:<em>\u00a0\u201eNov\u00e1 policajn\u00e1 prezidentka Ma\u0161karov\u00e1 bola \u201edvojka&#8221; na NB\u00da, ktor\u00fd previerky vyd\u00e1va. Pri svojom n\u00e1stupe na post \u0161\u00e9fky pol\u00edcie povedala o novej \u00e9re transparentnosti komunik\u00e1cie s verejnos\u0165ou. P\u00fdtam sa preto, ako je mo\u017en\u00e9, \u017ee podozriv\u00fd z trestnej \u010dinnosti dostal bezpe\u010dnostn\u00fa previerku, resp. st\u00e1le m\u00e1 platn\u00fa bezpe\u010dnostn\u00fa previerku a stal sa \u0161\u00e9fom finan\u010dnej spr\u00e1vy? Ve\u010f ho z klamstva usved\u010dila samotn\u00e1 SIS, ktor\u00e1 sa teraz evidentne sna\u017e\u00ed zmeni\u0165 svoje p\u00f4vodn\u00e9 rozhodnutie, preto\u017ee si uvedomili, \u010do sp\u00f4sobili. Jozef Kiss by mal skon\u010di\u0165 ako \u0161\u00e9f finan\u010dnej spr\u00e1vy.&#8221;\u00a0<\/em><\/p>\n\n\n<div class=\"fb-video\" data-href=\"https:\/\/fb.watch\/xrctdWwX-k\" data-allowfullscreen=\"true\" data-autoplay=\"false\" data-width=\"\" data-show-text=\"false\" data-show-captions=\"true\"><\/div>\n","protected":false},"excerpt":{"rendered":"<p>Jozef Kiss je podozriv\u00fd z trestnej \u010dinnosti. Slovensk\u00e1 informa\u010dn\u00e1 slu\u017eba si protire\u010d\u00ed v stanovisk\u00e1ch k veci a Kissovi bola vydan\u00e1 a st\u00e1le je udelen\u00e1 bezpe\u010dnostn\u00e1 previerka, aj napriek podozreniam z nekalej \u010dinnosti. Navy\u0161e v NB\u00da, ktor\u00fd previerky vyd\u00e1va, bola v tom \u010dase na vysokej funkcii novovymenovan\u00e1 \u0161\u00e9fka pol\u00edcie Jana Ma\u0161karov\u00e1, ktor\u00e1 sama tvrd\u00ed, \u017ee rie\u0161ila [&hellip;]<\/p>\n","protected":false},"author":13,"featured_media":6237,"comment_status":"closed","ping_status":"closed","sticky":false,"template":"","format":"standard","meta":{"_acf_changed":false,"ngg_post_thumbnail":0,"footnotes":""},"categories":[4],"tags":[],"class_list":["post-6236","post","type-post","status-publish","format-standard","has-post-thumbnail","hentry","category-tlacove-spravy"],"acf":[],"yoast_head":"<!-- This site is optimized with the Yoast SEO plugin v27.2 - https:\/\/yoast.com\/product\/yoast-seo-wordpress\/ -->\n<title>\u0160\u00e9f finan\u010dnej spr\u00e1vy nemal dosta\u0165 bezpe\u010dnostn\u00fa previerku, chr\u00e1ni ho SIS alebo NB\u00da, kde bola doteraz pani Ma\u0161karov\u00e1?<\/title>\n<meta name=\"robots\" content=\"index, follow, max-snippet:-1, max-image-preview:large, max-video-preview:-1\" \/>\n<link rel=\"canonical\" href=\"https:\/\/www.smedemokrati.sk\/hu\/sef-financnej-spravy-nemal-dostat-bezpecnostnu-previerku-chrani-ho-sis-alebo-nbu-kde-bola-doteraz-pani-maskarova\/\" \/>\n<meta property=\"og:locale\" content=\"hu_HU\" \/>\n<meta property=\"og:locale:alternate\" content=\"en_US\" \/>\n<meta property=\"og:locale:alternate\" content=\"cs_CZ\" \/>\n<meta property=\"og:locale:alternate\" content=\"sk_SK\" \/>\n<meta property=\"og:locale:alternate\" content=\"sv_SE\" \/>\n<meta property=\"og:type\" content=\"article\" \/>\n<meta property=\"og:title\" content=\"\u0160\u00e9f finan\u010dnej spr\u00e1vy nemal dosta\u0165 bezpe\u010dnostn\u00fa previerku, chr\u00e1ni ho SIS alebo NB\u00da, kde bola doteraz pani Ma\u0161karov\u00e1?\" \/>\n<meta property=\"og:description\" content=\"Jozef Kiss je podozriv\u00fd z trestnej \u010dinnosti. Slovensk\u00e1 informa\u010dn\u00e1 slu\u017eba si protire\u010d\u00ed v stanovisk\u00e1ch k veci a Kissovi bola vydan\u00e1 a st\u00e1le je udelen\u00e1 bezpe\u010dnostn\u00e1 previerka, aj napriek podozreniam z nekalej \u010dinnosti. Navy\u0161e v NB\u00da, ktor\u00fd previerky vyd\u00e1va, bola v tom \u010dase na vysokej funkcii novovymenovan\u00e1 \u0161\u00e9fka pol\u00edcie Jana Ma\u0161karov\u00e1, ktor\u00e1 sama tvrd\u00ed, \u017ee rie\u0161ila [&hellip;]\" \/>\n<meta property=\"og:url\" content=\"https:\/\/www.smedemokrati.sk\/hu\/sef-financnej-spravy-nemal-dostat-bezpecnostnu-previerku-chrani-ho-sis-alebo-nbu-kde-bola-doteraz-pani-maskarova\/\" \/>\n<meta property=\"og:site_name\" content=\"Smedemokrati.sk\" \/>\n<meta property=\"article:publisher\" content=\"https:\/\/www.facebook.com\/smedemokrati2023\" \/>\n<meta property=\"article:published_time\" content=\"2025-01-30T14:08:02+00:00\" \/>\n<meta property=\"article:modified_time\" content=\"2025-01-30T15:35:11+00:00\" \/>\n<meta property=\"og:image\" content=\"https:\/\/www.smedemokrati.sk\/wp-content\/uploads\/2025\/01\/seliga-subova.jpg\" \/>\n\t<meta property=\"og:image:width\" content=\"677\" \/>\n\t<meta property=\"og:image:height\" content=\"437\" \/>\n\t<meta property=\"og:image:type\" content=\"image\/jpeg\" \/>\n<meta name=\"author\" content=\"miro.sopko\" \/>\n<meta name=\"twitter:card\" content=\"summary_large_image\" \/>\n<meta name=\"twitter:label1\" content=\"Szerz\u0151:\" \/>\n\t<meta name=\"twitter:data1\" content=\"miro.sopko\" \/>\n\t<meta name=\"twitter:label2\" content=\"Becs\u00fclt olvas\u00e1si id\u0151\" \/>\n\t<meta name=\"twitter:data2\" content=\"3 perc\" \/>\n<script type=\"application\/ld+json\" class=\"yoast-schema-graph\">{\"@context\":\"https:\/\/schema.org\",\"@graph\":[{\"@type\":\"Article\",\"@id\":\"https:\/\/www.smedemokrati.sk\/sef-financnej-spravy-nemal-dostat-bezpecnostnu-previerku-chrani-ho-sis-alebo-nbu-kde-bola-doteraz-pani-maskarova\/#article\",\"isPartOf\":{\"@id\":\"https:\/\/www.smedemokrati.sk\/sef-financnej-spravy-nemal-dostat-bezpecnostnu-previerku-chrani-ho-sis-alebo-nbu-kde-bola-doteraz-pani-maskarova\/\"},\"author\":{\"name\":\"miro.sopko\",\"@id\":\"https:\/\/www.smedemokrati.sk\/#\/schema\/person\/21f147c88d605aa7ded900e1e7c344ba\"},\"headline\":\"\u0160\u00e9f finan\u010dnej spr\u00e1vy nemal dosta\u0165 bezpe\u010dnostn\u00fa previerku, chr\u00e1ni ho SIS alebo NB\u00da, kde bola doteraz pani Ma\u0161karov\u00e1?\",\"datePublished\":\"2025-01-30T14:08:02+00:00\",\"dateModified\":\"2025-01-30T15:35:11+00:00\",\"mainEntityOfPage\":{\"@id\":\"https:\/\/www.smedemokrati.sk\/sef-financnej-spravy-nemal-dostat-bezpecnostnu-previerku-chrani-ho-sis-alebo-nbu-kde-bola-doteraz-pani-maskarova\/\"},\"wordCount\":503,\"publisher\":{\"@id\":\"https:\/\/www.smedemokrati.sk\/#organization\"},\"image\":{\"@id\":\"https:\/\/www.smedemokrati.sk\/sef-financnej-spravy-nemal-dostat-bezpecnostnu-previerku-chrani-ho-sis-alebo-nbu-kde-bola-doteraz-pani-maskarova\/#primaryimage\"},\"thumbnailUrl\":\"https:\/\/www.smedemokrati.sk\/wp-content\/uploads\/2025\/01\/seliga-subova.jpg\",\"articleSection\":[\"Tla\u010dov\u00e9 spr\u00e1vy\"],\"inLanguage\":\"hu-HU\"},{\"@type\":\"WebPage\",\"@id\":\"https:\/\/www.smedemokrati.sk\/sef-financnej-spravy-nemal-dostat-bezpecnostnu-previerku-chrani-ho-sis-alebo-nbu-kde-bola-doteraz-pani-maskarova\/\",\"url\":\"https:\/\/www.smedemokrati.sk\/sef-financnej-spravy-nemal-dostat-bezpecnostnu-previerku-chrani-ho-sis-alebo-nbu-kde-bola-doteraz-pani-maskarova\/\",\"name\":\"\u0160\u00e9f finan\u010dnej spr\u00e1vy nemal dosta\u0165 bezpe\u010dnostn\u00fa previerku, chr\u00e1ni ho SIS alebo NB\u00da, kde bola doteraz pani Ma\u0161karov\u00e1?\",\"isPartOf\":{\"@id\":\"https:\/\/www.smedemokrati.sk\/#website\"},\"primaryImageOfPage\":{\"@id\":\"https:\/\/www.smedemokrati.sk\/sef-financnej-spravy-nemal-dostat-bezpecnostnu-previerku-chrani-ho-sis-alebo-nbu-kde-bola-doteraz-pani-maskarova\/#primaryimage\"},\"image\":{\"@id\":\"https:\/\/www.smedemokrati.sk\/sef-financnej-spravy-nemal-dostat-bezpecnostnu-previerku-chrani-ho-sis-alebo-nbu-kde-bola-doteraz-pani-maskarova\/#primaryimage\"},\"thumbnailUrl\":\"https:\/\/www.smedemokrati.sk\/wp-content\/uploads\/2025\/01\/seliga-subova.jpg\",\"datePublished\":\"2025-01-30T14:08:02+00:00\",\"dateModified\":\"2025-01-30T15:35:11+00:00\",\"breadcrumb\":{\"@id\":\"https:\/\/www.smedemokrati.sk\/sef-financnej-spravy-nemal-dostat-bezpecnostnu-previerku-chrani-ho-sis-alebo-nbu-kde-bola-doteraz-pani-maskarova\/#breadcrumb\"},\"inLanguage\":\"hu-HU\",\"potentialAction\":[{\"@type\":\"ReadAction\",\"target\":[\"https:\/\/www.smedemokrati.sk\/sef-financnej-spravy-nemal-dostat-bezpecnostnu-previerku-chrani-ho-sis-alebo-nbu-kde-bola-doteraz-pani-maskarova\/\"]}]},{\"@type\":\"ImageObject\",\"inLanguage\":\"hu-HU\",\"@id\":\"https:\/\/www.smedemokrati.sk\/sef-financnej-spravy-nemal-dostat-bezpecnostnu-previerku-chrani-ho-sis-alebo-nbu-kde-bola-doteraz-pani-maskarova\/#primaryimage\",\"url\":\"https:\/\/www.smedemokrati.sk\/wp-content\/uploads\/2025\/01\/seliga-subova.jpg\",\"contentUrl\":\"https:\/\/www.smedemokrati.sk\/wp-content\/uploads\/2025\/01\/seliga-subova.jpg\",\"width\":677,\"height\":437},{\"@type\":\"BreadcrumbList\",\"@id\":\"https:\/\/www.smedemokrati.sk\/sef-financnej-spravy-nemal-dostat-bezpecnostnu-previerku-chrani-ho-sis-alebo-nbu-kde-bola-doteraz-pani-maskarova\/#breadcrumb\",\"itemListElement\":[{\"@type\":\"ListItem\",\"position\":1,\"name\":\"Domovsk\u00e1 str\u00e1nka\",\"item\":\"https:\/\/www.smedemokrati.sk\/\"},{\"@type\":\"ListItem\",\"position\":2,\"name\":\"\u0160\u00e9f finan\u010dnej spr\u00e1vy nemal dosta\u0165 bezpe\u010dnostn\u00fa previerku, chr\u00e1ni ho SIS alebo NB\u00da, kde bola doteraz pani Ma\u0161karov\u00e1?\"}]},{\"@type\":\"WebSite\",\"@id\":\"https:\/\/www.smedemokrati.sk\/#website\",\"url\":\"https:\/\/www.smedemokrati.sk\/\",\"name\":\"Smedemokrati.sk\",\"description\":\"Demokracia a slu\u0161nos\u0165 zv\u00ed\u0165az\u00ed\",\"publisher\":{\"@id\":\"https:\/\/www.smedemokrati.sk\/#organization\"},\"potentialAction\":[{\"@type\":\"SearchAction\",\"target\":{\"@type\":\"EntryPoint\",\"urlTemplate\":\"https:\/\/www.smedemokrati.sk\/?s={search_term_string}\"},\"query-input\":{\"@type\":\"PropertyValueSpecification\",\"valueRequired\":true,\"valueName\":\"search_term_string\"}}],\"inLanguage\":\"hu-HU\"},{\"@type\":\"Organization\",\"@id\":\"https:\/\/www.smedemokrati.sk\/#organization\",\"name\":\"Smedemokrati.sk\",\"url\":\"https:\/\/www.smedemokrati.sk\/\",\"logo\":{\"@type\":\"ImageObject\",\"inLanguage\":\"hu-HU\",\"@id\":\"https:\/\/www.smedemokrati.sk\/#\/schema\/logo\/image\/\",\"url\":\"https:\/\/www.smedemokrati.sk\/wp-content\/uploads\/2023\/04\/ff.002.jpeg\",\"contentUrl\":\"https:\/\/www.smedemokrati.sk\/wp-content\/uploads\/2023\/04\/ff.002.jpeg\",\"width\":640,\"height\":480,\"caption\":\"Smedemokrati.sk\"},\"image\":{\"@id\":\"https:\/\/www.smedemokrati.sk\/#\/schema\/logo\/image\/\"},\"sameAs\":[\"https:\/\/www.facebook.com\/smedemokrati2023\"]},{\"@type\":\"Person\",\"@id\":\"https:\/\/www.smedemokrati.sk\/#\/schema\/person\/21f147c88d605aa7ded900e1e7c344ba\",\"name\":\"miro.sopko\",\"image\":{\"@type\":\"ImageObject\",\"inLanguage\":\"hu-HU\",\"@id\":\"https:\/\/secure.gravatar.com\/avatar\/267e4a36f704376c109afe3a78740c1f5dd8675a2180a908699e7863c9247606?s=96&d=mm&r=g\",\"url\":\"https:\/\/secure.gravatar.com\/avatar\/267e4a36f704376c109afe3a78740c1f5dd8675a2180a908699e7863c9247606?s=96&d=mm&r=g\",\"contentUrl\":\"https:\/\/secure.gravatar.com\/avatar\/267e4a36f704376c109afe3a78740c1f5dd8675a2180a908699e7863c9247606?s=96&d=mm&r=g\",\"caption\":\"miro.sopko\"},\"url\":\"https:\/\/www.smedemokrati.sk\/hu\/author\/miro-sopko\/\"}]}<\/script>\n<!-- \/ Yoast SEO plugin. -->","yoast_head_json":{"title":"\u0160\u00e9f finan\u010dnej spr\u00e1vy nemal dosta\u0165 bezpe\u010dnostn\u00fa previerku, chr\u00e1ni ho SIS alebo NB\u00da, kde bola doteraz pani Ma\u0161karov\u00e1?","robots":{"index":"index","follow":"follow","max-snippet":"max-snippet:-1","max-image-preview":"max-image-preview:large","max-video-preview":"max-video-preview:-1"},"canonical":"https:\/\/www.smedemokrati.sk\/hu\/sef-financnej-spravy-nemal-dostat-bezpecnostnu-previerku-chrani-ho-sis-alebo-nbu-kde-bola-doteraz-pani-maskarova\/","og_locale":"hu_HU","og_type":"article","og_title":"[:sk]\u0160\u00e9f finan\u010dnej spr\u00e1vy nemal dosta\u0165 bezpe\u010dnostn\u00fa previerku, chr\u00e1ni ho SIS alebo NB\u00da, kde bola doteraz pani Ma\u0161karov\u00e1?[:] - Smedemokrati.sk","og_description":"Jozef Kiss je podozriv\u00fd z trestnej \u010dinnosti. Slovensk\u00e1 informa\u010dn\u00e1 slu\u017eba si protire\u010d\u00ed v stanovisk\u00e1ch k veci a Kissovi bola vydan\u00e1 a st\u00e1le je udelen\u00e1 bezpe\u010dnostn\u00e1 previerka, aj napriek podozreniam z nekalej \u010dinnosti. Navy\u0161e v NB\u00da, ktor\u00fd previerky vyd\u00e1va, bola v tom \u010dase na vysokej funkcii novovymenovan\u00e1 \u0161\u00e9fka pol\u00edcie Jana Ma\u0161karov\u00e1, ktor\u00e1 sama tvrd\u00ed, \u017ee rie\u0161ila [&hellip;]","og_url":"https:\/\/www.smedemokrati.sk\/hu\/sef-financnej-spravy-nemal-dostat-bezpecnostnu-previerku-chrani-ho-sis-alebo-nbu-kde-bola-doteraz-pani-maskarova\/","og_site_name":"Smedemokrati.sk","article_publisher":"https:\/\/www.facebook.com\/smedemokrati2023","article_published_time":"2025-01-30T14:08:02+00:00","article_modified_time":"2025-01-30T15:35:11+00:00","og_image":[{"width":677,"height":437,"url":"https:\/\/www.smedemokrati.sk\/wp-content\/uploads\/2025\/01\/seliga-subova.jpg","type":"image\/jpeg"}],"author":"miro.sopko","twitter_card":"summary_large_image","twitter_misc":{"Szerz\u0151:":"miro.sopko","Becs\u00fclt olvas\u00e1si id\u0151":"3 perc"},"schema":{"@context":"https:\/\/schema.org","@graph":[{"@type":"Article","@id":"https:\/\/www.smedemokrati.sk\/sef-financnej-spravy-nemal-dostat-bezpecnostnu-previerku-chrani-ho-sis-alebo-nbu-kde-bola-doteraz-pani-maskarova\/#article","isPartOf":{"@id":"https:\/\/www.smedemokrati.sk\/sef-financnej-spravy-nemal-dostat-bezpecnostnu-previerku-chrani-ho-sis-alebo-nbu-kde-bola-doteraz-pani-maskarova\/"},"author":{"name":"miro.sopko","@id":"https:\/\/www.smedemokrati.sk\/#\/schema\/person\/21f147c88d605aa7ded900e1e7c344ba"},"headline":"\u0160\u00e9f finan\u010dnej spr\u00e1vy nemal dosta\u0165 bezpe\u010dnostn\u00fa previerku, chr\u00e1ni ho SIS alebo NB\u00da, kde bola doteraz pani Ma\u0161karov\u00e1?","datePublished":"2025-01-30T14:08:02+00:00","dateModified":"2025-01-30T15:35:11+00:00","mainEntityOfPage":{"@id":"https:\/\/www.smedemokrati.sk\/sef-financnej-spravy-nemal-dostat-bezpecnostnu-previerku-chrani-ho-sis-alebo-nbu-kde-bola-doteraz-pani-maskarova\/"},"wordCount":503,"publisher":{"@id":"https:\/\/www.smedemokrati.sk\/#organization"},"image":{"@id":"https:\/\/www.smedemokrati.sk\/sef-financnej-spravy-nemal-dostat-bezpecnostnu-previerku-chrani-ho-sis-alebo-nbu-kde-bola-doteraz-pani-maskarova\/#primaryimage"},"thumbnailUrl":"https:\/\/www.smedemokrati.sk\/wp-content\/uploads\/2025\/01\/seliga-subova.jpg","articleSection":["Tla\u010dov\u00e9 spr\u00e1vy"],"inLanguage":"hu-HU"},{"@type":"WebPage","@id":"https:\/\/www.smedemokrati.sk\/sef-financnej-spravy-nemal-dostat-bezpecnostnu-previerku-chrani-ho-sis-alebo-nbu-kde-bola-doteraz-pani-maskarova\/","url":"https:\/\/www.smedemokrati.sk\/sef-financnej-spravy-nemal-dostat-bezpecnostnu-previerku-chrani-ho-sis-alebo-nbu-kde-bola-doteraz-pani-maskarova\/","name":"\u0160\u00e9f finan\u010dnej spr\u00e1vy nemal dosta\u0165 bezpe\u010dnostn\u00fa previerku, chr\u00e1ni ho SIS alebo NB\u00da, kde bola doteraz pani Ma\u0161karov\u00e1?","isPartOf":{"@id":"https:\/\/www.smedemokrati.sk\/#website"},"primaryImageOfPage":{"@id":"https:\/\/www.smedemokrati.sk\/sef-financnej-spravy-nemal-dostat-bezpecnostnu-previerku-chrani-ho-sis-alebo-nbu-kde-bola-doteraz-pani-maskarova\/#primaryimage"},"image":{"@id":"https:\/\/www.smedemokrati.sk\/sef-financnej-spravy-nemal-dostat-bezpecnostnu-previerku-chrani-ho-sis-alebo-nbu-kde-bola-doteraz-pani-maskarova\/#primaryimage"},"thumbnailUrl":"https:\/\/www.smedemokrati.sk\/wp-content\/uploads\/2025\/01\/seliga-subova.jpg","datePublished":"2025-01-30T14:08:02+00:00","dateModified":"2025-01-30T15:35:11+00:00","breadcrumb":{"@id":"https:\/\/www.smedemokrati.sk\/sef-financnej-spravy-nemal-dostat-bezpecnostnu-previerku-chrani-ho-sis-alebo-nbu-kde-bola-doteraz-pani-maskarova\/#breadcrumb"},"inLanguage":"hu-HU","potentialAction":[{"@type":"ReadAction","target":["https:\/\/www.smedemokrati.sk\/sef-financnej-spravy-nemal-dostat-bezpecnostnu-previerku-chrani-ho-sis-alebo-nbu-kde-bola-doteraz-pani-maskarova\/"]}]},{"@type":"ImageObject","inLanguage":"hu-HU","@id":"https:\/\/www.smedemokrati.sk\/sef-financnej-spravy-nemal-dostat-bezpecnostnu-previerku-chrani-ho-sis-alebo-nbu-kde-bola-doteraz-pani-maskarova\/#primaryimage","url":"https:\/\/www.smedemokrati.sk\/wp-content\/uploads\/2025\/01\/seliga-subova.jpg","contentUrl":"https:\/\/www.smedemokrati.sk\/wp-content\/uploads\/2025\/01\/seliga-subova.jpg","width":677,"height":437},{"@type":"BreadcrumbList","@id":"https:\/\/www.smedemokrati.sk\/sef-financnej-spravy-nemal-dostat-bezpecnostnu-previerku-chrani-ho-sis-alebo-nbu-kde-bola-doteraz-pani-maskarova\/#breadcrumb","itemListElement":[{"@type":"ListItem","position":1,"name":"Domovsk\u00e1 str\u00e1nka","item":"https:\/\/www.smedemokrati.sk\/"},{"@type":"ListItem","position":2,"name":"\u0160\u00e9f finan\u010dnej spr\u00e1vy nemal dosta\u0165 bezpe\u010dnostn\u00fa previerku, chr\u00e1ni ho SIS alebo NB\u00da, kde bola doteraz pani Ma\u0161karov\u00e1?"}]},{"@type":"WebSite","@id":"https:\/\/www.smedemokrati.sk\/#website","url":"https:\/\/www.smedemokrati.sk\/","name":"Smedemokrati.sk","description":"Demokracia a slu\u0161nos\u0165 zv\u00ed\u0165az\u00ed","publisher":{"@id":"https:\/\/www.smedemokrati.sk\/#organization"},"potentialAction":[{"@type":"SearchAction","target":{"@type":"EntryPoint","urlTemplate":"https:\/\/www.smedemokrati.sk\/?s={search_term_string}"},"query-input":{"@type":"PropertyValueSpecification","valueRequired":true,"valueName":"search_term_string"}}],"inLanguage":"hu-HU"},{"@type":"Organization","@id":"https:\/\/www.smedemokrati.sk\/#organization","name":"Smedemokrati.sk","url":"https:\/\/www.smedemokrati.sk\/","logo":{"@type":"ImageObject","inLanguage":"hu-HU","@id":"https:\/\/www.smedemokrati.sk\/#\/schema\/logo\/image\/","url":"https:\/\/www.smedemokrati.sk\/wp-content\/uploads\/2023\/04\/ff.002.jpeg","contentUrl":"https:\/\/www.smedemokrati.sk\/wp-content\/uploads\/2023\/04\/ff.002.jpeg","width":640,"height":480,"caption":"Smedemokrati.sk"},"image":{"@id":"https:\/\/www.smedemokrati.sk\/#\/schema\/logo\/image\/"},"sameAs":["https:\/\/www.facebook.com\/smedemokrati2023"]},{"@type":"Person","@id":"https:\/\/www.smedemokrati.sk\/#\/schema\/person\/21f147c88d605aa7ded900e1e7c344ba","name":"miro.sopko","image":{"@type":"ImageObject","inLanguage":"hu-HU","@id":"https:\/\/secure.gravatar.com\/avatar\/267e4a36f704376c109afe3a78740c1f5dd8675a2180a908699e7863c9247606?s=96&d=mm&r=g","url":"https:\/\/secure.gravatar.com\/avatar\/267e4a36f704376c109afe3a78740c1f5dd8675a2180a908699e7863c9247606?s=96&d=mm&r=g","contentUrl":"https:\/\/secure.gravatar.com\/avatar\/267e4a36f704376c109afe3a78740c1f5dd8675a2180a908699e7863c9247606?s=96&d=mm&r=g","caption":"miro.sopko"},"url":"https:\/\/www.smedemokrati.sk\/hu\/author\/miro-sopko\/"}]}},"_links":{"self":[{"href":"https:\/\/www.smedemokrati.sk\/hu\/wp-json\/wp\/v2\/posts\/6236","targetHints":{"allow":["GET"]}}],"collection":[{"href":"https:\/\/www.smedemokrati.sk\/hu\/wp-json\/wp\/v2\/posts"}],"about":[{"href":"https:\/\/www.smedemokrati.sk\/hu\/wp-json\/wp\/v2\/types\/post"}],"author":[{"embeddable":true,"href":"https:\/\/www.smedemokrati.sk\/hu\/wp-json\/wp\/v2\/users\/13"}],"replies":[{"embeddable":true,"href":"https:\/\/www.smedemokrati.sk\/hu\/wp-json\/wp\/v2\/comments?post=6236"}],"version-history":[{"count":2,"href":"https:\/\/www.smedemokrati.sk\/hu\/wp-json\/wp\/v2\/posts\/6236\/revisions"}],"predecessor-version":[{"id":6239,"href":"https:\/\/www.smedemokrati.sk\/hu\/wp-json\/wp\/v2\/posts\/6236\/revisions\/6239"}],"wp:featuredmedia":[{"embeddable":true,"href":"https:\/\/www.smedemokrati.sk\/hu\/wp-json\/wp\/v2\/media\/6237"}],"wp:attachment":[{"href":"https:\/\/www.smedemokrati.sk\/hu\/wp-json\/wp\/v2\/media?parent=6236"}],"wp:term":[{"taxonomy":"category","embeddable":true,"href":"https:\/\/www.smedemokrati.sk\/hu\/wp-json\/wp\/v2\/categories?post=6236"},{"taxonomy":"post_tag","embeddable":true,"href":"https:\/\/www.smedemokrati.sk\/hu\/wp-json\/wp\/v2\/tags?post=6236"}],"curies":[{"name":"wp","href":"https:\/\/api.w.org\/{rel}","templated":true}]}}