{"id":6226,"date":"2025-01-29T11:57:23","date_gmt":"2025-01-29T10:57:23","guid":{"rendered":"https:\/\/www.smedemokrati.sk\/?p=6226"},"modified":"2025-01-29T11:57:24","modified_gmt":"2025-01-29T10:57:24","slug":"sutaj-estok-uverejnil-utajovanu-skutocnost-ktora-bola-zamknuta-v-trezore-musi-byt-okamzite-vypocuty-podavame-trestne-oznamenie","status":"publish","type":"post","link":"https:\/\/www.smedemokrati.sk\/hu\/sutaj-estok-uverejnil-utajovanu-skutocnost-ktora-bola-zamknuta-v-trezore-musi-byt-okamzite-vypocuty-podavame-trestne-oznamenie\/","title":{"rendered":"\u0160utaj E\u0161tok uverejnil utajovan\u00fa skuto\u010dnos\u0165, ktor\u00e1 bola zamknut\u00e1 v trezore, mus\u00ed by\u0165 okam\u017eite vypo\u010dut\u00fd, pod\u00e1vame trestn\u00e9 ozn\u00e1menie"},"content":{"rendered":"<div id=\"fb-root\"><\/div>\n\n<p><strong>Mat\u00fa\u0161 \u0160utaj E\u0161tok vyniesol utajovan\u00fa skuto\u010dnos\u0165 z uzamknut\u00e9ho trezoru, preto je jedn\u00fdm z podozriv\u00fdch zo sp\u00e1chania trestn\u00e9ho \u010dinu a mus\u00ed by\u0165 bezodkladne vypo\u010dut\u00fd. Demokrati pod\u00e1vaj\u00fa trestn\u00e9 ozn\u00e1menie na gener\u00e1lnu prokurat\u00faru a podnet na policajn\u00fa in\u0161pekciu na riadne pre\u0161etrenie a opakovane vyz\u00fdvaj\u00fa ministra vn\u00fatra, aby sa pre nekompetentnos\u0165 a v\u00e1\u017ene pochybenia vzdal funkcie.&nbsp;<\/strong><\/p>\n\n\n\n<p>Realiza\u010dn\u00fd n\u00e1vrh, ktor\u00fd uverejnil poslanec Miga\u013e a ktor\u00fd pod\u013ea jeho slov mal od ministra vn\u00fatra E\u0161toka, bol uzamknut\u00fd v trezore a pr\u00edstup mali k nemu iba traja \u013eudia.\u00a0<em>\u201eMiga\u013e u\u017e pochopil, \u017ee si riadne zavaril, preto sk\u00fa\u0161a komunikova\u0165 rozpr\u00e1vku o tom, \u017ee minister vn\u00fatra m\u00e1 realiza\u010dn\u00fd n\u00e1vrh na za\u010datie trestn\u00e9ho st\u00edhania z internetu. Je to hl\u00fapos\u0165, utajovan\u00e9 skuto\u010dnosti sa nezverej\u0148uj\u00fa na internete. Ako \u0160utaj E\u0161tok tak Miga\u013e posl\u00fa\u017eili Robertovi Ficovi, aby mohol verejnos\u0165 klama\u0165 o \u00fadajnom \u00fanose pr\u00e1vneho \u0161t\u00e1tu za predo\u0161lej vl\u00e1dy,&#8221;<\/em>\u00a0otv\u00e1ra t\u00e9mu Juraj \u0160eliga a hovor\u00ed, \u017ee po nez\u00e1konnom zverejnen\u00ed n\u00e1vrhu bolo vypo\u010dut\u00fdch x svedkov, okrem Miga\u013ea a E\u0161toka, ktor\u00ed n\u00e1vrh publikovali, \u010do ozna\u010duje za absol\u00fatny nonsens. Dokonca policajn\u00e1 in\u0161pekcia navrhla konanie zastavi\u0165, preto\u017ee pod\u013ea vy\u0161etrovate\u013ea i\u0161lo iba o disciplin\u00e1rne previnenie a nie trestn\u00fd \u010din. Zverejnen\u00fd realiza\u010dn\u00fd n\u00e1vrh sa t\u00fdka n\u00e1mestn\u00edka gener\u00e1lneho prokur\u00e1tora Kanderu, vo veci nez\u00e1konnej 363-ky, ktor\u00e1 pomohla Santusovej, Ficovi a sl\u00fa\u017eila na diskredit\u00e1ciu vy\u0161etrovate\u013eov okolo J\u00e1na \u010curillu.\u00a0<\/p>\n\n\n\n<p>\u201e<em>Zverejnenie n\u00e1vrhu na obvinenie Kanderu malo jedin\u00fd cie\u013e, a to zmari\u0165 vy\u0161etrovanie, zmari\u0165 obvinenie, zmari\u0165 spravodlivos\u0165. To, \u017ee to evidentne realizoval \u0160utaj, Miga\u013e a hovoril o tom Fico, to vypoved\u00e1 za v\u0161etko a ukazuje, koho vlastne chr\u00e1nia.&#8221;<\/em>\u00a0vysvet\u013euje \u010falej Juraj \u0160eliga.<\/p>\n\n\n\n<p>Podpredseda strany hovor\u00ed, \u017ee za tejto vl\u00e1dy neplat\u00ed z\u00e1kon pre v\u0161etk\u00fdch a toto je exempl\u00e1rny pr\u00edklad:\u00a0<em>\u201eAby bolo jasn\u00e9, Miga\u013eom zverejnen\u00fd dokument nebol s\u00fa\u010das\u0165ou spisu, bol priamo z trezora policajn\u00e9ho riadite\u013ea NAKA v Bratislave. Ako je mo\u017en\u00e9, \u017ee k tak\u00fdmto dokumentom m\u00e1 pr\u00edstup minister vn\u00fatra a ako to, \u017ee ich m\u00f4\u017ee zjavne nez\u00e1konne uverej\u0148ova\u0165? Policajn\u00e1 in\u0161pekcia tvrd\u00ed, \u017ee ak vznikne potreba, tak ministra predvol\u00e1, ja hovor\u00edm, \u017ee u\u017e v\u010dera bolo neskoro. Nem\u00e1m d\u00f4veru v policajn\u00fa in\u0161pekciu, preto\u017ee za rok nevypo\u010dula Miga\u013ea a dnes hovor\u00ed, ak by bola potreba?! Miga\u013e usved\u010duje \u0160utaja a in\u0161pekcia hovor\u00ed, \u017ee ak by bola potreba?&#8221;\u00a0<\/em>Hovor\u00ed Juraj \u0160eliga a apeluje na nov\u00fa policajn\u00fa prezidentku Ma\u0161karov\u00fa, aby pr\u00edpadu venovala osobitn\u00fa pozornos\u0165 a najm\u00e4, aby pol\u00edcia postupovala pod\u013ea z\u00e1kona tak, akoby i\u0161lo o be\u017en\u00e9ho \u010dloveka nie o papal\u00e1\u0161a vo vysokej funkcii.<\/p>\n\n\n<div class=\"fb-video\" data-href=\"https:\/\/fb.watch\/xpIZ50TEZE\" data-allowfullscreen=\"true\" data-autoplay=\"false\" data-width=\"\" data-show-text=\"false\" data-show-captions=\"true\"><\/div>\n","protected":false},"excerpt":{"rendered":"<p>Mat\u00fa\u0161 \u0160utaj E\u0161tok vyniesol utajovan\u00fa skuto\u010dnos\u0165 z uzamknut\u00e9ho trezoru, preto je jedn\u00fdm z podozriv\u00fdch zo sp\u00e1chania trestn\u00e9ho \u010dinu a mus\u00ed by\u0165 bezodkladne vypo\u010dut\u00fd. Demokrati pod\u00e1vaj\u00fa trestn\u00e9 ozn\u00e1menie na gener\u00e1lnu prokurat\u00faru a podnet na policajn\u00fa in\u0161pekciu na riadne pre\u0161etrenie a opakovane vyz\u00fdvaj\u00fa ministra vn\u00fatra, aby sa pre nekompetentnos\u0165 a v\u00e1\u017ene pochybenia vzdal funkcie.&nbsp; Realiza\u010dn\u00fd n\u00e1vrh, ktor\u00fd [&hellip;]<\/p>\n","protected":false},"author":13,"featured_media":6227,"comment_status":"closed","ping_status":"closed","sticky":false,"template":"","format":"standard","meta":{"_acf_changed":false,"ngg_post_thumbnail":0,"footnotes":""},"categories":[4],"tags":[],"class_list":["post-6226","post","type-post","status-publish","format-standard","has-post-thumbnail","hentry","category-tlacove-spravy"],"acf":[],"yoast_head":"<!-- This site is optimized with the Yoast SEO plugin v27.2 - https:\/\/yoast.com\/product\/yoast-seo-wordpress\/ -->\n<title>\u0160utaj E\u0161tok uverejnil utajovan\u00fa skuto\u010dnos\u0165, ktor\u00e1 bola zamknut\u00e1 v trezore, mus\u00ed by\u0165 okam\u017eite vypo\u010dut\u00fd, pod\u00e1vame trestn\u00e9 ozn\u00e1menie<\/title>\n<meta name=\"robots\" content=\"index, follow, max-snippet:-1, max-image-preview:large, max-video-preview:-1\" \/>\n<link rel=\"canonical\" href=\"https:\/\/www.smedemokrati.sk\/hu\/sutaj-estok-uverejnil-utajovanu-skutocnost-ktora-bola-zamknuta-v-trezore-musi-byt-okamzite-vypocuty-podavame-trestne-oznamenie\/\" \/>\n<meta property=\"og:locale\" content=\"hu_HU\" \/>\n<meta property=\"og:locale:alternate\" content=\"en_US\" \/>\n<meta property=\"og:locale:alternate\" content=\"cs_CZ\" \/>\n<meta property=\"og:locale:alternate\" content=\"sk_SK\" \/>\n<meta property=\"og:locale:alternate\" content=\"sv_SE\" \/>\n<meta property=\"og:type\" content=\"article\" \/>\n<meta property=\"og:title\" content=\"\u0160utaj E\u0161tok uverejnil utajovan\u00fa skuto\u010dnos\u0165, ktor\u00e1 bola zamknut\u00e1 v trezore, mus\u00ed by\u0165 okam\u017eite vypo\u010dut\u00fd, pod\u00e1vame trestn\u00e9 ozn\u00e1menie\" \/>\n<meta property=\"og:description\" content=\"Mat\u00fa\u0161 \u0160utaj E\u0161tok vyniesol utajovan\u00fa skuto\u010dnos\u0165 z uzamknut\u00e9ho trezoru, preto je jedn\u00fdm z podozriv\u00fdch zo sp\u00e1chania trestn\u00e9ho \u010dinu a mus\u00ed by\u0165 bezodkladne vypo\u010dut\u00fd. Demokrati pod\u00e1vaj\u00fa trestn\u00e9 ozn\u00e1menie na gener\u00e1lnu prokurat\u00faru a podnet na policajn\u00fa in\u0161pekciu na riadne pre\u0161etrenie a opakovane vyz\u00fdvaj\u00fa ministra vn\u00fatra, aby sa pre nekompetentnos\u0165 a v\u00e1\u017ene pochybenia vzdal funkcie.&nbsp; Realiza\u010dn\u00fd n\u00e1vrh, ktor\u00fd [&hellip;]\" \/>\n<meta property=\"og:url\" content=\"https:\/\/www.smedemokrati.sk\/hu\/sutaj-estok-uverejnil-utajovanu-skutocnost-ktora-bola-zamknuta-v-trezore-musi-byt-okamzite-vypocuty-podavame-trestne-oznamenie\/\" \/>\n<meta property=\"og:site_name\" content=\"Smedemokrati.sk\" \/>\n<meta property=\"article:publisher\" content=\"https:\/\/www.facebook.com\/smedemokrati2023\" \/>\n<meta property=\"article:published_time\" content=\"2025-01-29T10:57:23+00:00\" \/>\n<meta property=\"article:modified_time\" content=\"2025-01-29T10:57:24+00:00\" \/>\n<meta property=\"og:image\" content=\"https:\/\/www.smedemokrati.sk\/wp-content\/uploads\/2025\/01\/TO-MSE.jpg\" \/>\n\t<meta property=\"og:image:width\" content=\"721\" \/>\n\t<meta property=\"og:image:height\" content=\"411\" \/>\n\t<meta property=\"og:image:type\" content=\"image\/jpeg\" \/>\n<meta name=\"author\" content=\"miro.sopko\" \/>\n<meta name=\"twitter:card\" content=\"summary_large_image\" \/>\n<meta name=\"twitter:label1\" content=\"Szerz\u0151:\" \/>\n\t<meta name=\"twitter:data1\" content=\"miro.sopko\" \/>\n\t<meta name=\"twitter:label2\" content=\"Becs\u00fclt olvas\u00e1si id\u0151\" \/>\n\t<meta name=\"twitter:data2\" content=\"3 perc\" \/>\n<script type=\"application\/ld+json\" class=\"yoast-schema-graph\">{\"@context\":\"https:\/\/schema.org\",\"@graph\":[{\"@type\":\"Article\",\"@id\":\"https:\/\/www.smedemokrati.sk\/sutaj-estok-uverejnil-utajovanu-skutocnost-ktora-bola-zamknuta-v-trezore-musi-byt-okamzite-vypocuty-podavame-trestne-oznamenie\/#article\",\"isPartOf\":{\"@id\":\"https:\/\/www.smedemokrati.sk\/sutaj-estok-uverejnil-utajovanu-skutocnost-ktora-bola-zamknuta-v-trezore-musi-byt-okamzite-vypocuty-podavame-trestne-oznamenie\/\"},\"author\":{\"name\":\"miro.sopko\",\"@id\":\"https:\/\/www.smedemokrati.sk\/#\/schema\/person\/21f147c88d605aa7ded900e1e7c344ba\"},\"headline\":\"\u0160utaj E\u0161tok uverejnil utajovan\u00fa skuto\u010dnos\u0165, ktor\u00e1 bola zamknut\u00e1 v trezore, mus\u00ed by\u0165 okam\u017eite vypo\u010dut\u00fd, pod\u00e1vame trestn\u00e9 ozn\u00e1menie\",\"datePublished\":\"2025-01-29T10:57:23+00:00\",\"dateModified\":\"2025-01-29T10:57:24+00:00\",\"mainEntityOfPage\":{\"@id\":\"https:\/\/www.smedemokrati.sk\/sutaj-estok-uverejnil-utajovanu-skutocnost-ktora-bola-zamknuta-v-trezore-musi-byt-okamzite-vypocuty-podavame-trestne-oznamenie\/\"},\"wordCount\":527,\"publisher\":{\"@id\":\"https:\/\/www.smedemokrati.sk\/#organization\"},\"image\":{\"@id\":\"https:\/\/www.smedemokrati.sk\/sutaj-estok-uverejnil-utajovanu-skutocnost-ktora-bola-zamknuta-v-trezore-musi-byt-okamzite-vypocuty-podavame-trestne-oznamenie\/#primaryimage\"},\"thumbnailUrl\":\"https:\/\/www.smedemokrati.sk\/wp-content\/uploads\/2025\/01\/TO-MSE.jpg\",\"articleSection\":[\"Tla\u010dov\u00e9 spr\u00e1vy\"],\"inLanguage\":\"hu-HU\"},{\"@type\":\"WebPage\",\"@id\":\"https:\/\/www.smedemokrati.sk\/sutaj-estok-uverejnil-utajovanu-skutocnost-ktora-bola-zamknuta-v-trezore-musi-byt-okamzite-vypocuty-podavame-trestne-oznamenie\/\",\"url\":\"https:\/\/www.smedemokrati.sk\/sutaj-estok-uverejnil-utajovanu-skutocnost-ktora-bola-zamknuta-v-trezore-musi-byt-okamzite-vypocuty-podavame-trestne-oznamenie\/\",\"name\":\"\u0160utaj E\u0161tok uverejnil utajovan\u00fa skuto\u010dnos\u0165, ktor\u00e1 bola zamknut\u00e1 v trezore, mus\u00ed by\u0165 okam\u017eite vypo\u010dut\u00fd, pod\u00e1vame trestn\u00e9 ozn\u00e1menie\",\"isPartOf\":{\"@id\":\"https:\/\/www.smedemokrati.sk\/#website\"},\"primaryImageOfPage\":{\"@id\":\"https:\/\/www.smedemokrati.sk\/sutaj-estok-uverejnil-utajovanu-skutocnost-ktora-bola-zamknuta-v-trezore-musi-byt-okamzite-vypocuty-podavame-trestne-oznamenie\/#primaryimage\"},\"image\":{\"@id\":\"https:\/\/www.smedemokrati.sk\/sutaj-estok-uverejnil-utajovanu-skutocnost-ktora-bola-zamknuta-v-trezore-musi-byt-okamzite-vypocuty-podavame-trestne-oznamenie\/#primaryimage\"},\"thumbnailUrl\":\"https:\/\/www.smedemokrati.sk\/wp-content\/uploads\/2025\/01\/TO-MSE.jpg\",\"datePublished\":\"2025-01-29T10:57:23+00:00\",\"dateModified\":\"2025-01-29T10:57:24+00:00\",\"breadcrumb\":{\"@id\":\"https:\/\/www.smedemokrati.sk\/sutaj-estok-uverejnil-utajovanu-skutocnost-ktora-bola-zamknuta-v-trezore-musi-byt-okamzite-vypocuty-podavame-trestne-oznamenie\/#breadcrumb\"},\"inLanguage\":\"hu-HU\",\"potentialAction\":[{\"@type\":\"ReadAction\",\"target\":[\"https:\/\/www.smedemokrati.sk\/sutaj-estok-uverejnil-utajovanu-skutocnost-ktora-bola-zamknuta-v-trezore-musi-byt-okamzite-vypocuty-podavame-trestne-oznamenie\/\"]}]},{\"@type\":\"ImageObject\",\"inLanguage\":\"hu-HU\",\"@id\":\"https:\/\/www.smedemokrati.sk\/sutaj-estok-uverejnil-utajovanu-skutocnost-ktora-bola-zamknuta-v-trezore-musi-byt-okamzite-vypocuty-podavame-trestne-oznamenie\/#primaryimage\",\"url\":\"https:\/\/www.smedemokrati.sk\/wp-content\/uploads\/2025\/01\/TO-MSE.jpg\",\"contentUrl\":\"https:\/\/www.smedemokrati.sk\/wp-content\/uploads\/2025\/01\/TO-MSE.jpg\",\"width\":721,\"height\":411},{\"@type\":\"BreadcrumbList\",\"@id\":\"https:\/\/www.smedemokrati.sk\/sutaj-estok-uverejnil-utajovanu-skutocnost-ktora-bola-zamknuta-v-trezore-musi-byt-okamzite-vypocuty-podavame-trestne-oznamenie\/#breadcrumb\",\"itemListElement\":[{\"@type\":\"ListItem\",\"position\":1,\"name\":\"Domovsk\u00e1 str\u00e1nka\",\"item\":\"https:\/\/www.smedemokrati.sk\/\"},{\"@type\":\"ListItem\",\"position\":2,\"name\":\"\u0160utaj E\u0161tok uverejnil utajovan\u00fa skuto\u010dnos\u0165, ktor\u00e1 bola zamknut\u00e1 v trezore, mus\u00ed by\u0165 okam\u017eite vypo\u010dut\u00fd, pod\u00e1vame trestn\u00e9 ozn\u00e1menie\"}]},{\"@type\":\"WebSite\",\"@id\":\"https:\/\/www.smedemokrati.sk\/#website\",\"url\":\"https:\/\/www.smedemokrati.sk\/\",\"name\":\"Smedemokrati.sk\",\"description\":\"Demokracia a slu\u0161nos\u0165 zv\u00ed\u0165az\u00ed\",\"publisher\":{\"@id\":\"https:\/\/www.smedemokrati.sk\/#organization\"},\"potentialAction\":[{\"@type\":\"SearchAction\",\"target\":{\"@type\":\"EntryPoint\",\"urlTemplate\":\"https:\/\/www.smedemokrati.sk\/?s={search_term_string}\"},\"query-input\":{\"@type\":\"PropertyValueSpecification\",\"valueRequired\":true,\"valueName\":\"search_term_string\"}}],\"inLanguage\":\"hu-HU\"},{\"@type\":\"Organization\",\"@id\":\"https:\/\/www.smedemokrati.sk\/#organization\",\"name\":\"Smedemokrati.sk\",\"url\":\"https:\/\/www.smedemokrati.sk\/\",\"logo\":{\"@type\":\"ImageObject\",\"inLanguage\":\"hu-HU\",\"@id\":\"https:\/\/www.smedemokrati.sk\/#\/schema\/logo\/image\/\",\"url\":\"https:\/\/www.smedemokrati.sk\/wp-content\/uploads\/2023\/04\/ff.002.jpeg\",\"contentUrl\":\"https:\/\/www.smedemokrati.sk\/wp-content\/uploads\/2023\/04\/ff.002.jpeg\",\"width\":640,\"height\":480,\"caption\":\"Smedemokrati.sk\"},\"image\":{\"@id\":\"https:\/\/www.smedemokrati.sk\/#\/schema\/logo\/image\/\"},\"sameAs\":[\"https:\/\/www.facebook.com\/smedemokrati2023\"]},{\"@type\":\"Person\",\"@id\":\"https:\/\/www.smedemokrati.sk\/#\/schema\/person\/21f147c88d605aa7ded900e1e7c344ba\",\"name\":\"miro.sopko\",\"image\":{\"@type\":\"ImageObject\",\"inLanguage\":\"hu-HU\",\"@id\":\"https:\/\/secure.gravatar.com\/avatar\/267e4a36f704376c109afe3a78740c1f5dd8675a2180a908699e7863c9247606?s=96&d=mm&r=g\",\"url\":\"https:\/\/secure.gravatar.com\/avatar\/267e4a36f704376c109afe3a78740c1f5dd8675a2180a908699e7863c9247606?s=96&d=mm&r=g\",\"contentUrl\":\"https:\/\/secure.gravatar.com\/avatar\/267e4a36f704376c109afe3a78740c1f5dd8675a2180a908699e7863c9247606?s=96&d=mm&r=g\",\"caption\":\"miro.sopko\"},\"url\":\"https:\/\/www.smedemokrati.sk\/hu\/author\/miro-sopko\/\"}]}<\/script>\n<!-- \/ Yoast SEO plugin. -->","yoast_head_json":{"title":"\u0160utaj E\u0161tok uverejnil utajovan\u00fa skuto\u010dnos\u0165, ktor\u00e1 bola zamknut\u00e1 v trezore, mus\u00ed by\u0165 okam\u017eite vypo\u010dut\u00fd, pod\u00e1vame trestn\u00e9 ozn\u00e1menie","robots":{"index":"index","follow":"follow","max-snippet":"max-snippet:-1","max-image-preview":"max-image-preview:large","max-video-preview":"max-video-preview:-1"},"canonical":"https:\/\/www.smedemokrati.sk\/hu\/sutaj-estok-uverejnil-utajovanu-skutocnost-ktora-bola-zamknuta-v-trezore-musi-byt-okamzite-vypocuty-podavame-trestne-oznamenie\/","og_locale":"hu_HU","og_type":"article","og_title":"[:sk]\u0160utaj E\u0161tok uverejnil utajovan\u00fa skuto\u010dnos\u0165, ktor\u00e1 bola zamknut\u00e1 v trezore, mus\u00ed by\u0165 okam\u017eite vypo\u010dut\u00fd, pod\u00e1vame trestn\u00e9 ozn\u00e1menie[:] - Smedemokrati.sk","og_description":"Mat\u00fa\u0161 \u0160utaj E\u0161tok vyniesol utajovan\u00fa skuto\u010dnos\u0165 z uzamknut\u00e9ho trezoru, preto je jedn\u00fdm z podozriv\u00fdch zo sp\u00e1chania trestn\u00e9ho \u010dinu a mus\u00ed by\u0165 bezodkladne vypo\u010dut\u00fd. Demokrati pod\u00e1vaj\u00fa trestn\u00e9 ozn\u00e1menie na gener\u00e1lnu prokurat\u00faru a podnet na policajn\u00fa in\u0161pekciu na riadne pre\u0161etrenie a opakovane vyz\u00fdvaj\u00fa ministra vn\u00fatra, aby sa pre nekompetentnos\u0165 a v\u00e1\u017ene pochybenia vzdal funkcie.&nbsp; Realiza\u010dn\u00fd n\u00e1vrh, ktor\u00fd [&hellip;]","og_url":"https:\/\/www.smedemokrati.sk\/hu\/sutaj-estok-uverejnil-utajovanu-skutocnost-ktora-bola-zamknuta-v-trezore-musi-byt-okamzite-vypocuty-podavame-trestne-oznamenie\/","og_site_name":"Smedemokrati.sk","article_publisher":"https:\/\/www.facebook.com\/smedemokrati2023","article_published_time":"2025-01-29T10:57:23+00:00","article_modified_time":"2025-01-29T10:57:24+00:00","og_image":[{"width":721,"height":411,"url":"https:\/\/www.smedemokrati.sk\/wp-content\/uploads\/2025\/01\/TO-MSE.jpg","type":"image\/jpeg"}],"author":"miro.sopko","twitter_card":"summary_large_image","twitter_misc":{"Szerz\u0151:":"miro.sopko","Becs\u00fclt olvas\u00e1si id\u0151":"3 perc"},"schema":{"@context":"https:\/\/schema.org","@graph":[{"@type":"Article","@id":"https:\/\/www.smedemokrati.sk\/sutaj-estok-uverejnil-utajovanu-skutocnost-ktora-bola-zamknuta-v-trezore-musi-byt-okamzite-vypocuty-podavame-trestne-oznamenie\/#article","isPartOf":{"@id":"https:\/\/www.smedemokrati.sk\/sutaj-estok-uverejnil-utajovanu-skutocnost-ktora-bola-zamknuta-v-trezore-musi-byt-okamzite-vypocuty-podavame-trestne-oznamenie\/"},"author":{"name":"miro.sopko","@id":"https:\/\/www.smedemokrati.sk\/#\/schema\/person\/21f147c88d605aa7ded900e1e7c344ba"},"headline":"\u0160utaj E\u0161tok uverejnil utajovan\u00fa skuto\u010dnos\u0165, ktor\u00e1 bola zamknut\u00e1 v trezore, mus\u00ed by\u0165 okam\u017eite vypo\u010dut\u00fd, pod\u00e1vame trestn\u00e9 ozn\u00e1menie","datePublished":"2025-01-29T10:57:23+00:00","dateModified":"2025-01-29T10:57:24+00:00","mainEntityOfPage":{"@id":"https:\/\/www.smedemokrati.sk\/sutaj-estok-uverejnil-utajovanu-skutocnost-ktora-bola-zamknuta-v-trezore-musi-byt-okamzite-vypocuty-podavame-trestne-oznamenie\/"},"wordCount":527,"publisher":{"@id":"https:\/\/www.smedemokrati.sk\/#organization"},"image":{"@id":"https:\/\/www.smedemokrati.sk\/sutaj-estok-uverejnil-utajovanu-skutocnost-ktora-bola-zamknuta-v-trezore-musi-byt-okamzite-vypocuty-podavame-trestne-oznamenie\/#primaryimage"},"thumbnailUrl":"https:\/\/www.smedemokrati.sk\/wp-content\/uploads\/2025\/01\/TO-MSE.jpg","articleSection":["Tla\u010dov\u00e9 spr\u00e1vy"],"inLanguage":"hu-HU"},{"@type":"WebPage","@id":"https:\/\/www.smedemokrati.sk\/sutaj-estok-uverejnil-utajovanu-skutocnost-ktora-bola-zamknuta-v-trezore-musi-byt-okamzite-vypocuty-podavame-trestne-oznamenie\/","url":"https:\/\/www.smedemokrati.sk\/sutaj-estok-uverejnil-utajovanu-skutocnost-ktora-bola-zamknuta-v-trezore-musi-byt-okamzite-vypocuty-podavame-trestne-oznamenie\/","name":"\u0160utaj E\u0161tok uverejnil utajovan\u00fa skuto\u010dnos\u0165, ktor\u00e1 bola zamknut\u00e1 v trezore, mus\u00ed by\u0165 okam\u017eite vypo\u010dut\u00fd, pod\u00e1vame trestn\u00e9 ozn\u00e1menie","isPartOf":{"@id":"https:\/\/www.smedemokrati.sk\/#website"},"primaryImageOfPage":{"@id":"https:\/\/www.smedemokrati.sk\/sutaj-estok-uverejnil-utajovanu-skutocnost-ktora-bola-zamknuta-v-trezore-musi-byt-okamzite-vypocuty-podavame-trestne-oznamenie\/#primaryimage"},"image":{"@id":"https:\/\/www.smedemokrati.sk\/sutaj-estok-uverejnil-utajovanu-skutocnost-ktora-bola-zamknuta-v-trezore-musi-byt-okamzite-vypocuty-podavame-trestne-oznamenie\/#primaryimage"},"thumbnailUrl":"https:\/\/www.smedemokrati.sk\/wp-content\/uploads\/2025\/01\/TO-MSE.jpg","datePublished":"2025-01-29T10:57:23+00:00","dateModified":"2025-01-29T10:57:24+00:00","breadcrumb":{"@id":"https:\/\/www.smedemokrati.sk\/sutaj-estok-uverejnil-utajovanu-skutocnost-ktora-bola-zamknuta-v-trezore-musi-byt-okamzite-vypocuty-podavame-trestne-oznamenie\/#breadcrumb"},"inLanguage":"hu-HU","potentialAction":[{"@type":"ReadAction","target":["https:\/\/www.smedemokrati.sk\/sutaj-estok-uverejnil-utajovanu-skutocnost-ktora-bola-zamknuta-v-trezore-musi-byt-okamzite-vypocuty-podavame-trestne-oznamenie\/"]}]},{"@type":"ImageObject","inLanguage":"hu-HU","@id":"https:\/\/www.smedemokrati.sk\/sutaj-estok-uverejnil-utajovanu-skutocnost-ktora-bola-zamknuta-v-trezore-musi-byt-okamzite-vypocuty-podavame-trestne-oznamenie\/#primaryimage","url":"https:\/\/www.smedemokrati.sk\/wp-content\/uploads\/2025\/01\/TO-MSE.jpg","contentUrl":"https:\/\/www.smedemokrati.sk\/wp-content\/uploads\/2025\/01\/TO-MSE.jpg","width":721,"height":411},{"@type":"BreadcrumbList","@id":"https:\/\/www.smedemokrati.sk\/sutaj-estok-uverejnil-utajovanu-skutocnost-ktora-bola-zamknuta-v-trezore-musi-byt-okamzite-vypocuty-podavame-trestne-oznamenie\/#breadcrumb","itemListElement":[{"@type":"ListItem","position":1,"name":"Domovsk\u00e1 str\u00e1nka","item":"https:\/\/www.smedemokrati.sk\/"},{"@type":"ListItem","position":2,"name":"\u0160utaj E\u0161tok uverejnil utajovan\u00fa skuto\u010dnos\u0165, ktor\u00e1 bola zamknut\u00e1 v trezore, mus\u00ed by\u0165 okam\u017eite vypo\u010dut\u00fd, pod\u00e1vame trestn\u00e9 ozn\u00e1menie"}]},{"@type":"WebSite","@id":"https:\/\/www.smedemokrati.sk\/#website","url":"https:\/\/www.smedemokrati.sk\/","name":"Smedemokrati.sk","description":"Demokracia a slu\u0161nos\u0165 zv\u00ed\u0165az\u00ed","publisher":{"@id":"https:\/\/www.smedemokrati.sk\/#organization"},"potentialAction":[{"@type":"SearchAction","target":{"@type":"EntryPoint","urlTemplate":"https:\/\/www.smedemokrati.sk\/?s={search_term_string}"},"query-input":{"@type":"PropertyValueSpecification","valueRequired":true,"valueName":"search_term_string"}}],"inLanguage":"hu-HU"},{"@type":"Organization","@id":"https:\/\/www.smedemokrati.sk\/#organization","name":"Smedemokrati.sk","url":"https:\/\/www.smedemokrati.sk\/","logo":{"@type":"ImageObject","inLanguage":"hu-HU","@id":"https:\/\/www.smedemokrati.sk\/#\/schema\/logo\/image\/","url":"https:\/\/www.smedemokrati.sk\/wp-content\/uploads\/2023\/04\/ff.002.jpeg","contentUrl":"https:\/\/www.smedemokrati.sk\/wp-content\/uploads\/2023\/04\/ff.002.jpeg","width":640,"height":480,"caption":"Smedemokrati.sk"},"image":{"@id":"https:\/\/www.smedemokrati.sk\/#\/schema\/logo\/image\/"},"sameAs":["https:\/\/www.facebook.com\/smedemokrati2023"]},{"@type":"Person","@id":"https:\/\/www.smedemokrati.sk\/#\/schema\/person\/21f147c88d605aa7ded900e1e7c344ba","name":"miro.sopko","image":{"@type":"ImageObject","inLanguage":"hu-HU","@id":"https:\/\/secure.gravatar.com\/avatar\/267e4a36f704376c109afe3a78740c1f5dd8675a2180a908699e7863c9247606?s=96&d=mm&r=g","url":"https:\/\/secure.gravatar.com\/avatar\/267e4a36f704376c109afe3a78740c1f5dd8675a2180a908699e7863c9247606?s=96&d=mm&r=g","contentUrl":"https:\/\/secure.gravatar.com\/avatar\/267e4a36f704376c109afe3a78740c1f5dd8675a2180a908699e7863c9247606?s=96&d=mm&r=g","caption":"miro.sopko"},"url":"https:\/\/www.smedemokrati.sk\/hu\/author\/miro-sopko\/"}]}},"_links":{"self":[{"href":"https:\/\/www.smedemokrati.sk\/hu\/wp-json\/wp\/v2\/posts\/6226","targetHints":{"allow":["GET"]}}],"collection":[{"href":"https:\/\/www.smedemokrati.sk\/hu\/wp-json\/wp\/v2\/posts"}],"about":[{"href":"https:\/\/www.smedemokrati.sk\/hu\/wp-json\/wp\/v2\/types\/post"}],"author":[{"embeddable":true,"href":"https:\/\/www.smedemokrati.sk\/hu\/wp-json\/wp\/v2\/users\/13"}],"replies":[{"embeddable":true,"href":"https:\/\/www.smedemokrati.sk\/hu\/wp-json\/wp\/v2\/comments?post=6226"}],"version-history":[{"count":1,"href":"https:\/\/www.smedemokrati.sk\/hu\/wp-json\/wp\/v2\/posts\/6226\/revisions"}],"predecessor-version":[{"id":6228,"href":"https:\/\/www.smedemokrati.sk\/hu\/wp-json\/wp\/v2\/posts\/6226\/revisions\/6228"}],"wp:featuredmedia":[{"embeddable":true,"href":"https:\/\/www.smedemokrati.sk\/hu\/wp-json\/wp\/v2\/media\/6227"}],"wp:attachment":[{"href":"https:\/\/www.smedemokrati.sk\/hu\/wp-json\/wp\/v2\/media?parent=6226"}],"wp:term":[{"taxonomy":"category","embeddable":true,"href":"https:\/\/www.smedemokrati.sk\/hu\/wp-json\/wp\/v2\/categories?post=6226"},{"taxonomy":"post_tag","embeddable":true,"href":"https:\/\/www.smedemokrati.sk\/hu\/wp-json\/wp\/v2\/tags?post=6226"}],"curies":[{"name":"wp","href":"https:\/\/api.w.org\/{rel}","templated":true}]}}