{"id":6199,"date":"2025-01-23T17:14:14","date_gmt":"2025-01-23T16:14:14","guid":{"rendered":"https:\/\/www.smedemokrati.sk\/?p=6199"},"modified":"2025-01-28T15:17:03","modified_gmt":"2025-01-28T14:17:03","slug":"zufaly-pokus-zastrasovat-koalicii-nevysiel-protesty-organizujeme-nadalej","status":"publish","type":"post","link":"https:\/\/www.smedemokrati.sk\/hu\/zufaly-pokus-zastrasovat-koalicii-nevysiel-protesty-organizujeme-nadalej\/","title":{"rendered":"Z\u00fafal\u00fd pokus zastra\u0161ova\u0165 koal\u00edcii nevy\u0161iel, protesty organizujeme na\u010falej"},"content":{"rendered":"<div id=\"fb-root\"><\/div>\n\n<p><strong>Protesty s\u00fa \u00fastavn\u00fdm n\u00e1strojom vyjadrenia n\u00e1zoru, verejn\u00e9 zhroma\u017edenia neru\u0161\u00edme a zastra\u0161i\u0165 sa ned\u00e1me. Strana Demokrati organizuje \u0161es\u0165 protestn\u00fdch podujat\u00ed a bud\u00fa tak, ako aj pred t\u00fdm, pokojn\u00e9, slu\u0161n\u00e9 no z\u00e1rove\u0148 s jasn\u00fdm posolstvom nes\u00fahlasu s krokmi s\u00fa\u010dasnej vl\u00e1dy.<\/strong> <\/p>\n\n\n\n<p><em>\u201eOdkazujem v\u0161etk\u00fdm, ktor\u00ed nes\u00fahlasia s vl\u00e1dou Roberta Fica aby sa neb\u00e1li a pri\u0161li na n\u00e1mestia. Nikdy sme na \u017eiadne n\u00e1silie nevyz\u00fdvali a rovnako tak to bude aj v piatok. Vyz\u00fdvam vl\u00e1du aby nezastra\u0161ovala \u013eud\u00ed a nevytv\u00e1rala neexistuj\u00face hrozby. \u010co \u010dakal Robert Fico, \u017ee \u010do sprav\u00edme ke\u010f zvol\u00e1 bezpe\u010dnostn\u00fa radu? \u017de zraz\u00edme op\u00e4tky, zasalutujeme ako Pellegrini a skon\u010d\u00edme s na\u0161ou legit\u00edmnou opozi\u010dnou pr\u00e1cou?\u201d <\/em>Hovor\u00ed Juraj \u0160eliga, podpredseda Demokratov a dod\u00e1va, \u017ee rozumie odkazu vl\u00e1dy, ktor\u00e1 tlmo\u010d\u00ed, \u017ee sleduje pohyby opoz\u00edcie a vybran\u00fdch organiz\u00e1ci\u00ed \u010di monitoruje ich finan\u010dn\u00e9 toky. <em>\u201eTo, \u010doho sme svedkami dnes, je opakovanie hist\u00f3rie. Za\u017eili sme to u\u017e v 2018, ke\u010f Fico hovoril o majdane a pu\u010di a nakoniec sa nestalo absol\u00fatne ni\u010d. Nepripus\u0165me mentalitu poddanstva, podriadenosti alebo nejakej prasprostej normaliz\u00e1cie. Nie, my sme slobodn\u00ed ob\u010dania.&#8221; <\/em>Juraj \u0160eliga tie\u017e vyz\u00fdva skupinu okolo poslanca Samuela Miga\u013ea, \u017ee ak chc\u00fa by\u0165 naozaj u\u017eito\u010dn\u00ed, nech napodobnia Bug\u00e1ra, ktor\u00fd vyprev\u00e1dzal Fica z \u00faradu vl\u00e1dy. <\/p>\n\n\n\n<p>Vyz\u00fdva tie\u017e organiz\u00e1torov protestov z ob\u010dianskych zdru\u017een\u00ed, aby sa neb\u00e1li pokra\u010dova\u0165 vo svojej \u010dinnosti. Pr\u00edzvukuje, \u017ee ka\u017ed\u00fd protest je organizovan\u00fd v koordin\u00e1cii s pol\u00edciou, ktor\u00e1 na priebeh dohliada aj na mieste. <\/p>\n\n\n\n<p>\u010clen predsedn\u00edctva Michal Ki\u010da hovor\u00ed, \u017ee \u0161t\u00e1t \u00fastami Roberta Fica si urobil nepriate\u013ea zo v\u0161etk\u00fdch, ktor\u00ed kritizuj\u00fa s\u00fa\u010dasn\u00fa vl\u00e1du: <em>\u201eFico hovor\u00ed o organizovan\u00fdch skupin\u00e1ch, ktor\u00e9 sa sna\u017eia zhodi\u0165 vl\u00e1dnucu koal\u00edciu, tak\u00e9 skuto\u010dne s\u00fa a nielen na Slovensku, ale aj v ostatn\u00fdch demokratick\u00fdch krajin\u00e1ch a volaj\u00fa sa opozi\u010dn\u00e9 strany. M\u00e1me dve mo\u017enosti, bu\u010f sa nech\u00e1me zastra\u0161i\u0165 a r\u00e1no sa zobud\u00edme v \u010dasoch, naz\u00fdvan\u00fdch normaliz\u00e1cia, alebo vytrv\u00e1me a pom\u00f4\u017eeme zachova\u0165 demokratick\u00fd r\u00e1z \u0161t\u00e1tu.\u201d<\/em><\/p>\n\n\n\n<p><em>\u201eJe paradox, \u017ee ke\u010f zasad\u00e1 bezpe\u010dnostn\u00e1 rada \u0161t\u00e1tu, c\u00edtime sa v nebezpe\u010d\u00ed. Nem\u00f4\u017eeme si zvyka\u0165 na uml\u010diavanie, nem\u00f4\u017eeme si zvyka\u0165 na zastra\u0161ovanie a u\u017e v\u00f4bec si nem\u00f4\u017eeme zvyka\u0165, \u017ee n\u00e1m bud\u00fa zakazovan\u00e9 legit\u00edmne a \u00fastavn\u00e9 n\u00e1stroje na vyjadrenie n\u00e1zoru.\u201d<\/em> Uzatv\u00e1ra Dorota Nvotov\u00e1, \u010dlenka predsedn\u00edctva strany. <\/p>\n\n\n<div class=\"fb-video\" data-href=\"https:\/\/fb.watch\/xgLDP5l833\" data-allowfullscreen=\"true\" data-autoplay=\"false\" data-width=\"\" data-show-text=\"false\" data-show-captions=\"true\"><\/div>\n","protected":false},"excerpt":{"rendered":"<p>Protesty s\u00fa \u00fastavn\u00fdm n\u00e1strojom vyjadrenia n\u00e1zoru, verejn\u00e9 zhroma\u017edenia neru\u0161\u00edme a zastra\u0161i\u0165 sa ned\u00e1me. Strana Demokrati organizuje \u0161es\u0165 protestn\u00fdch podujat\u00ed a bud\u00fa tak, ako aj pred t\u00fdm, pokojn\u00e9, slu\u0161n\u00e9 no z\u00e1rove\u0148 s jasn\u00fdm posolstvom nes\u00fahlasu s krokmi s\u00fa\u010dasnej vl\u00e1dy. \u201eOdkazujem v\u0161etk\u00fdm, ktor\u00ed nes\u00fahlasia s vl\u00e1dou Roberta Fica aby sa neb\u00e1li a pri\u0161li na n\u00e1mestia. Nikdy sme [&hellip;]<\/p>\n","protected":false},"author":13,"featured_media":6200,"comment_status":"closed","ping_status":"closed","sticky":false,"template":"","format":"standard","meta":{"_acf_changed":false,"ngg_post_thumbnail":0,"footnotes":""},"categories":[4],"tags":[],"class_list":["post-6199","post","type-post","status-publish","format-standard","has-post-thumbnail","hentry","category-tlacove-spravy"],"acf":[],"yoast_head":"<!-- This site is optimized with the Yoast SEO plugin v27.2 - https:\/\/yoast.com\/product\/yoast-seo-wordpress\/ -->\n<title>Z\u00fafal\u00fd pokus zastra\u0161ova\u0165 koal\u00edcii nevy\u0161iel, protesty organizujeme na\u010falej<\/title>\n<meta name=\"robots\" content=\"index, follow, max-snippet:-1, max-image-preview:large, max-video-preview:-1\" \/>\n<link rel=\"canonical\" href=\"https:\/\/www.smedemokrati.sk\/hu\/zufaly-pokus-zastrasovat-koalicii-nevysiel-protesty-organizujeme-nadalej\/\" \/>\n<meta property=\"og:locale\" content=\"hu_HU\" \/>\n<meta property=\"og:locale:alternate\" content=\"en_US\" \/>\n<meta property=\"og:locale:alternate\" content=\"cs_CZ\" \/>\n<meta property=\"og:locale:alternate\" content=\"sk_SK\" \/>\n<meta property=\"og:locale:alternate\" content=\"sv_SE\" \/>\n<meta property=\"og:type\" content=\"article\" \/>\n<meta property=\"og:title\" content=\"Z\u00fafal\u00fd pokus zastra\u0161ova\u0165 koal\u00edcii nevy\u0161iel, protesty organizujeme na\u010falej\" \/>\n<meta property=\"og:description\" content=\"Protesty s\u00fa \u00fastavn\u00fdm n\u00e1strojom vyjadrenia n\u00e1zoru, verejn\u00e9 zhroma\u017edenia neru\u0161\u00edme a zastra\u0161i\u0165 sa ned\u00e1me. Strana Demokrati organizuje \u0161es\u0165 protestn\u00fdch podujat\u00ed a bud\u00fa tak, ako aj pred t\u00fdm, pokojn\u00e9, slu\u0161n\u00e9 no z\u00e1rove\u0148 s jasn\u00fdm posolstvom nes\u00fahlasu s krokmi s\u00fa\u010dasnej vl\u00e1dy. \u201eOdkazujem v\u0161etk\u00fdm, ktor\u00ed nes\u00fahlasia s vl\u00e1dou Roberta Fica aby sa neb\u00e1li a pri\u0161li na n\u00e1mestia. Nikdy sme [&hellip;]\" \/>\n<meta property=\"og:url\" content=\"https:\/\/www.smedemokrati.sk\/hu\/zufaly-pokus-zastrasovat-koalicii-nevysiel-protesty-organizujeme-nadalej\/\" \/>\n<meta property=\"og:site_name\" content=\"Smedemokrati.sk\" \/>\n<meta property=\"article:publisher\" content=\"https:\/\/www.facebook.com\/smedemokrati2023\" \/>\n<meta property=\"article:published_time\" content=\"2025-01-23T16:14:14+00:00\" \/>\n<meta property=\"article:modified_time\" content=\"2025-01-28T14:17:03+00:00\" \/>\n<meta property=\"og:image\" content=\"https:\/\/www.smedemokrati.sk\/wp-content\/uploads\/2025\/01\/FB_IMG_1737648826111.jpg\" \/>\n\t<meta property=\"og:image:width\" content=\"1275\" \/>\n\t<meta property=\"og:image:height\" content=\"960\" \/>\n\t<meta property=\"og:image:type\" content=\"image\/jpeg\" \/>\n<meta name=\"author\" content=\"miro.sopko\" \/>\n<meta name=\"twitter:card\" content=\"summary_large_image\" \/>\n<meta name=\"twitter:label1\" content=\"Szerz\u0151:\" \/>\n\t<meta name=\"twitter:data1\" content=\"miro.sopko\" \/>\n\t<meta name=\"twitter:label2\" content=\"Becs\u00fclt olvas\u00e1si id\u0151\" \/>\n\t<meta name=\"twitter:data2\" content=\"2 perc\" \/>\n<script type=\"application\/ld+json\" class=\"yoast-schema-graph\">{\"@context\":\"https:\/\/schema.org\",\"@graph\":[{\"@type\":\"Article\",\"@id\":\"https:\/\/www.smedemokrati.sk\/zufaly-pokus-zastrasovat-koalicii-nevysiel-protesty-organizujeme-nadalej\/#article\",\"isPartOf\":{\"@id\":\"https:\/\/www.smedemokrati.sk\/zufaly-pokus-zastrasovat-koalicii-nevysiel-protesty-organizujeme-nadalej\/\"},\"author\":{\"name\":\"miro.sopko\",\"@id\":\"https:\/\/www.smedemokrati.sk\/#\/schema\/person\/21f147c88d605aa7ded900e1e7c344ba\"},\"headline\":\"Z\u00fafal\u00fd pokus zastra\u0161ova\u0165 koal\u00edcii nevy\u0161iel, protesty organizujeme na\u010falej\",\"datePublished\":\"2025-01-23T16:14:14+00:00\",\"dateModified\":\"2025-01-28T14:17:03+00:00\",\"mainEntityOfPage\":{\"@id\":\"https:\/\/www.smedemokrati.sk\/zufaly-pokus-zastrasovat-koalicii-nevysiel-protesty-organizujeme-nadalej\/\"},\"wordCount\":473,\"publisher\":{\"@id\":\"https:\/\/www.smedemokrati.sk\/#organization\"},\"image\":{\"@id\":\"https:\/\/www.smedemokrati.sk\/zufaly-pokus-zastrasovat-koalicii-nevysiel-protesty-organizujeme-nadalej\/#primaryimage\"},\"thumbnailUrl\":\"https:\/\/www.smedemokrati.sk\/wp-content\/uploads\/2025\/01\/FB_IMG_1737648826111.jpg\",\"articleSection\":[\"Tla\u010dov\u00e9 spr\u00e1vy\"],\"inLanguage\":\"hu-HU\"},{\"@type\":\"WebPage\",\"@id\":\"https:\/\/www.smedemokrati.sk\/zufaly-pokus-zastrasovat-koalicii-nevysiel-protesty-organizujeme-nadalej\/\",\"url\":\"https:\/\/www.smedemokrati.sk\/zufaly-pokus-zastrasovat-koalicii-nevysiel-protesty-organizujeme-nadalej\/\",\"name\":\"Z\u00fafal\u00fd pokus zastra\u0161ova\u0165 koal\u00edcii nevy\u0161iel, protesty organizujeme na\u010falej\",\"isPartOf\":{\"@id\":\"https:\/\/www.smedemokrati.sk\/#website\"},\"primaryImageOfPage\":{\"@id\":\"https:\/\/www.smedemokrati.sk\/zufaly-pokus-zastrasovat-koalicii-nevysiel-protesty-organizujeme-nadalej\/#primaryimage\"},\"image\":{\"@id\":\"https:\/\/www.smedemokrati.sk\/zufaly-pokus-zastrasovat-koalicii-nevysiel-protesty-organizujeme-nadalej\/#primaryimage\"},\"thumbnailUrl\":\"https:\/\/www.smedemokrati.sk\/wp-content\/uploads\/2025\/01\/FB_IMG_1737648826111.jpg\",\"datePublished\":\"2025-01-23T16:14:14+00:00\",\"dateModified\":\"2025-01-28T14:17:03+00:00\",\"breadcrumb\":{\"@id\":\"https:\/\/www.smedemokrati.sk\/zufaly-pokus-zastrasovat-koalicii-nevysiel-protesty-organizujeme-nadalej\/#breadcrumb\"},\"inLanguage\":\"hu-HU\",\"potentialAction\":[{\"@type\":\"ReadAction\",\"target\":[\"https:\/\/www.smedemokrati.sk\/zufaly-pokus-zastrasovat-koalicii-nevysiel-protesty-organizujeme-nadalej\/\"]}]},{\"@type\":\"ImageObject\",\"inLanguage\":\"hu-HU\",\"@id\":\"https:\/\/www.smedemokrati.sk\/zufaly-pokus-zastrasovat-koalicii-nevysiel-protesty-organizujeme-nadalej\/#primaryimage\",\"url\":\"https:\/\/www.smedemokrati.sk\/wp-content\/uploads\/2025\/01\/FB_IMG_1737648826111.jpg\",\"contentUrl\":\"https:\/\/www.smedemokrati.sk\/wp-content\/uploads\/2025\/01\/FB_IMG_1737648826111.jpg\",\"width\":1275,\"height\":960},{\"@type\":\"BreadcrumbList\",\"@id\":\"https:\/\/www.smedemokrati.sk\/zufaly-pokus-zastrasovat-koalicii-nevysiel-protesty-organizujeme-nadalej\/#breadcrumb\",\"itemListElement\":[{\"@type\":\"ListItem\",\"position\":1,\"name\":\"Domovsk\u00e1 str\u00e1nka\",\"item\":\"https:\/\/www.smedemokrati.sk\/\"},{\"@type\":\"ListItem\",\"position\":2,\"name\":\"Z\u00fafal\u00fd pokus zastra\u0161ova\u0165 koal\u00edcii nevy\u0161iel, protesty organizujeme na\u010falej\"}]},{\"@type\":\"WebSite\",\"@id\":\"https:\/\/www.smedemokrati.sk\/#website\",\"url\":\"https:\/\/www.smedemokrati.sk\/\",\"name\":\"Smedemokrati.sk\",\"description\":\"Demokracia a slu\u0161nos\u0165 zv\u00ed\u0165az\u00ed\",\"publisher\":{\"@id\":\"https:\/\/www.smedemokrati.sk\/#organization\"},\"potentialAction\":[{\"@type\":\"SearchAction\",\"target\":{\"@type\":\"EntryPoint\",\"urlTemplate\":\"https:\/\/www.smedemokrati.sk\/?s={search_term_string}\"},\"query-input\":{\"@type\":\"PropertyValueSpecification\",\"valueRequired\":true,\"valueName\":\"search_term_string\"}}],\"inLanguage\":\"hu-HU\"},{\"@type\":\"Organization\",\"@id\":\"https:\/\/www.smedemokrati.sk\/#organization\",\"name\":\"Smedemokrati.sk\",\"url\":\"https:\/\/www.smedemokrati.sk\/\",\"logo\":{\"@type\":\"ImageObject\",\"inLanguage\":\"hu-HU\",\"@id\":\"https:\/\/www.smedemokrati.sk\/#\/schema\/logo\/image\/\",\"url\":\"https:\/\/www.smedemokrati.sk\/wp-content\/uploads\/2023\/04\/ff.002.jpeg\",\"contentUrl\":\"https:\/\/www.smedemokrati.sk\/wp-content\/uploads\/2023\/04\/ff.002.jpeg\",\"width\":640,\"height\":480,\"caption\":\"Smedemokrati.sk\"},\"image\":{\"@id\":\"https:\/\/www.smedemokrati.sk\/#\/schema\/logo\/image\/\"},\"sameAs\":[\"https:\/\/www.facebook.com\/smedemokrati2023\"]},{\"@type\":\"Person\",\"@id\":\"https:\/\/www.smedemokrati.sk\/#\/schema\/person\/21f147c88d605aa7ded900e1e7c344ba\",\"name\":\"miro.sopko\",\"image\":{\"@type\":\"ImageObject\",\"inLanguage\":\"hu-HU\",\"@id\":\"https:\/\/secure.gravatar.com\/avatar\/267e4a36f704376c109afe3a78740c1f5dd8675a2180a908699e7863c9247606?s=96&d=mm&r=g\",\"url\":\"https:\/\/secure.gravatar.com\/avatar\/267e4a36f704376c109afe3a78740c1f5dd8675a2180a908699e7863c9247606?s=96&d=mm&r=g\",\"contentUrl\":\"https:\/\/secure.gravatar.com\/avatar\/267e4a36f704376c109afe3a78740c1f5dd8675a2180a908699e7863c9247606?s=96&d=mm&r=g\",\"caption\":\"miro.sopko\"},\"url\":\"https:\/\/www.smedemokrati.sk\/hu\/author\/miro-sopko\/\"}]}<\/script>\n<!-- \/ Yoast SEO plugin. -->","yoast_head_json":{"title":"Z\u00fafal\u00fd pokus zastra\u0161ova\u0165 koal\u00edcii nevy\u0161iel, protesty organizujeme na\u010falej","robots":{"index":"index","follow":"follow","max-snippet":"max-snippet:-1","max-image-preview":"max-image-preview:large","max-video-preview":"max-video-preview:-1"},"canonical":"https:\/\/www.smedemokrati.sk\/hu\/zufaly-pokus-zastrasovat-koalicii-nevysiel-protesty-organizujeme-nadalej\/","og_locale":"hu_HU","og_type":"article","og_title":"[:sk]Z\u00fafal\u00fd pokus zastra\u0161ova\u0165 koal\u00edcii nevy\u0161iel, protesty organizujeme na\u010falej[:] - Smedemokrati.sk","og_description":"Protesty s\u00fa \u00fastavn\u00fdm n\u00e1strojom vyjadrenia n\u00e1zoru, verejn\u00e9 zhroma\u017edenia neru\u0161\u00edme a zastra\u0161i\u0165 sa ned\u00e1me. Strana Demokrati organizuje \u0161es\u0165 protestn\u00fdch podujat\u00ed a bud\u00fa tak, ako aj pred t\u00fdm, pokojn\u00e9, slu\u0161n\u00e9 no z\u00e1rove\u0148 s jasn\u00fdm posolstvom nes\u00fahlasu s krokmi s\u00fa\u010dasnej vl\u00e1dy. \u201eOdkazujem v\u0161etk\u00fdm, ktor\u00ed nes\u00fahlasia s vl\u00e1dou Roberta Fica aby sa neb\u00e1li a pri\u0161li na n\u00e1mestia. Nikdy sme [&hellip;]","og_url":"https:\/\/www.smedemokrati.sk\/hu\/zufaly-pokus-zastrasovat-koalicii-nevysiel-protesty-organizujeme-nadalej\/","og_site_name":"Smedemokrati.sk","article_publisher":"https:\/\/www.facebook.com\/smedemokrati2023","article_published_time":"2025-01-23T16:14:14+00:00","article_modified_time":"2025-01-28T14:17:03+00:00","og_image":[{"width":1275,"height":960,"url":"https:\/\/www.smedemokrati.sk\/wp-content\/uploads\/2025\/01\/FB_IMG_1737648826111.jpg","type":"image\/jpeg"}],"author":"miro.sopko","twitter_card":"summary_large_image","twitter_misc":{"Szerz\u0151:":"miro.sopko","Becs\u00fclt olvas\u00e1si id\u0151":"2 perc"},"schema":{"@context":"https:\/\/schema.org","@graph":[{"@type":"Article","@id":"https:\/\/www.smedemokrati.sk\/zufaly-pokus-zastrasovat-koalicii-nevysiel-protesty-organizujeme-nadalej\/#article","isPartOf":{"@id":"https:\/\/www.smedemokrati.sk\/zufaly-pokus-zastrasovat-koalicii-nevysiel-protesty-organizujeme-nadalej\/"},"author":{"name":"miro.sopko","@id":"https:\/\/www.smedemokrati.sk\/#\/schema\/person\/21f147c88d605aa7ded900e1e7c344ba"},"headline":"Z\u00fafal\u00fd pokus zastra\u0161ova\u0165 koal\u00edcii nevy\u0161iel, protesty organizujeme na\u010falej","datePublished":"2025-01-23T16:14:14+00:00","dateModified":"2025-01-28T14:17:03+00:00","mainEntityOfPage":{"@id":"https:\/\/www.smedemokrati.sk\/zufaly-pokus-zastrasovat-koalicii-nevysiel-protesty-organizujeme-nadalej\/"},"wordCount":473,"publisher":{"@id":"https:\/\/www.smedemokrati.sk\/#organization"},"image":{"@id":"https:\/\/www.smedemokrati.sk\/zufaly-pokus-zastrasovat-koalicii-nevysiel-protesty-organizujeme-nadalej\/#primaryimage"},"thumbnailUrl":"https:\/\/www.smedemokrati.sk\/wp-content\/uploads\/2025\/01\/FB_IMG_1737648826111.jpg","articleSection":["Tla\u010dov\u00e9 spr\u00e1vy"],"inLanguage":"hu-HU"},{"@type":"WebPage","@id":"https:\/\/www.smedemokrati.sk\/zufaly-pokus-zastrasovat-koalicii-nevysiel-protesty-organizujeme-nadalej\/","url":"https:\/\/www.smedemokrati.sk\/zufaly-pokus-zastrasovat-koalicii-nevysiel-protesty-organizujeme-nadalej\/","name":"Z\u00fafal\u00fd pokus zastra\u0161ova\u0165 koal\u00edcii nevy\u0161iel, protesty organizujeme na\u010falej","isPartOf":{"@id":"https:\/\/www.smedemokrati.sk\/#website"},"primaryImageOfPage":{"@id":"https:\/\/www.smedemokrati.sk\/zufaly-pokus-zastrasovat-koalicii-nevysiel-protesty-organizujeme-nadalej\/#primaryimage"},"image":{"@id":"https:\/\/www.smedemokrati.sk\/zufaly-pokus-zastrasovat-koalicii-nevysiel-protesty-organizujeme-nadalej\/#primaryimage"},"thumbnailUrl":"https:\/\/www.smedemokrati.sk\/wp-content\/uploads\/2025\/01\/FB_IMG_1737648826111.jpg","datePublished":"2025-01-23T16:14:14+00:00","dateModified":"2025-01-28T14:17:03+00:00","breadcrumb":{"@id":"https:\/\/www.smedemokrati.sk\/zufaly-pokus-zastrasovat-koalicii-nevysiel-protesty-organizujeme-nadalej\/#breadcrumb"},"inLanguage":"hu-HU","potentialAction":[{"@type":"ReadAction","target":["https:\/\/www.smedemokrati.sk\/zufaly-pokus-zastrasovat-koalicii-nevysiel-protesty-organizujeme-nadalej\/"]}]},{"@type":"ImageObject","inLanguage":"hu-HU","@id":"https:\/\/www.smedemokrati.sk\/zufaly-pokus-zastrasovat-koalicii-nevysiel-protesty-organizujeme-nadalej\/#primaryimage","url":"https:\/\/www.smedemokrati.sk\/wp-content\/uploads\/2025\/01\/FB_IMG_1737648826111.jpg","contentUrl":"https:\/\/www.smedemokrati.sk\/wp-content\/uploads\/2025\/01\/FB_IMG_1737648826111.jpg","width":1275,"height":960},{"@type":"BreadcrumbList","@id":"https:\/\/www.smedemokrati.sk\/zufaly-pokus-zastrasovat-koalicii-nevysiel-protesty-organizujeme-nadalej\/#breadcrumb","itemListElement":[{"@type":"ListItem","position":1,"name":"Domovsk\u00e1 str\u00e1nka","item":"https:\/\/www.smedemokrati.sk\/"},{"@type":"ListItem","position":2,"name":"Z\u00fafal\u00fd pokus zastra\u0161ova\u0165 koal\u00edcii nevy\u0161iel, protesty organizujeme na\u010falej"}]},{"@type":"WebSite","@id":"https:\/\/www.smedemokrati.sk\/#website","url":"https:\/\/www.smedemokrati.sk\/","name":"Smedemokrati.sk","description":"Demokracia a slu\u0161nos\u0165 zv\u00ed\u0165az\u00ed","publisher":{"@id":"https:\/\/www.smedemokrati.sk\/#organization"},"potentialAction":[{"@type":"SearchAction","target":{"@type":"EntryPoint","urlTemplate":"https:\/\/www.smedemokrati.sk\/?s={search_term_string}"},"query-input":{"@type":"PropertyValueSpecification","valueRequired":true,"valueName":"search_term_string"}}],"inLanguage":"hu-HU"},{"@type":"Organization","@id":"https:\/\/www.smedemokrati.sk\/#organization","name":"Smedemokrati.sk","url":"https:\/\/www.smedemokrati.sk\/","logo":{"@type":"ImageObject","inLanguage":"hu-HU","@id":"https:\/\/www.smedemokrati.sk\/#\/schema\/logo\/image\/","url":"https:\/\/www.smedemokrati.sk\/wp-content\/uploads\/2023\/04\/ff.002.jpeg","contentUrl":"https:\/\/www.smedemokrati.sk\/wp-content\/uploads\/2023\/04\/ff.002.jpeg","width":640,"height":480,"caption":"Smedemokrati.sk"},"image":{"@id":"https:\/\/www.smedemokrati.sk\/#\/schema\/logo\/image\/"},"sameAs":["https:\/\/www.facebook.com\/smedemokrati2023"]},{"@type":"Person","@id":"https:\/\/www.smedemokrati.sk\/#\/schema\/person\/21f147c88d605aa7ded900e1e7c344ba","name":"miro.sopko","image":{"@type":"ImageObject","inLanguage":"hu-HU","@id":"https:\/\/secure.gravatar.com\/avatar\/267e4a36f704376c109afe3a78740c1f5dd8675a2180a908699e7863c9247606?s=96&d=mm&r=g","url":"https:\/\/secure.gravatar.com\/avatar\/267e4a36f704376c109afe3a78740c1f5dd8675a2180a908699e7863c9247606?s=96&d=mm&r=g","contentUrl":"https:\/\/secure.gravatar.com\/avatar\/267e4a36f704376c109afe3a78740c1f5dd8675a2180a908699e7863c9247606?s=96&d=mm&r=g","caption":"miro.sopko"},"url":"https:\/\/www.smedemokrati.sk\/hu\/author\/miro-sopko\/"}]}},"_links":{"self":[{"href":"https:\/\/www.smedemokrati.sk\/hu\/wp-json\/wp\/v2\/posts\/6199","targetHints":{"allow":["GET"]}}],"collection":[{"href":"https:\/\/www.smedemokrati.sk\/hu\/wp-json\/wp\/v2\/posts"}],"about":[{"href":"https:\/\/www.smedemokrati.sk\/hu\/wp-json\/wp\/v2\/types\/post"}],"author":[{"embeddable":true,"href":"https:\/\/www.smedemokrati.sk\/hu\/wp-json\/wp\/v2\/users\/13"}],"replies":[{"embeddable":true,"href":"https:\/\/www.smedemokrati.sk\/hu\/wp-json\/wp\/v2\/comments?post=6199"}],"version-history":[{"count":1,"href":"https:\/\/www.smedemokrati.sk\/hu\/wp-json\/wp\/v2\/posts\/6199\/revisions"}],"predecessor-version":[{"id":6201,"href":"https:\/\/www.smedemokrati.sk\/hu\/wp-json\/wp\/v2\/posts\/6199\/revisions\/6201"}],"wp:featuredmedia":[{"embeddable":true,"href":"https:\/\/www.smedemokrati.sk\/hu\/wp-json\/wp\/v2\/media\/6200"}],"wp:attachment":[{"href":"https:\/\/www.smedemokrati.sk\/hu\/wp-json\/wp\/v2\/media?parent=6199"}],"wp:term":[{"taxonomy":"category","embeddable":true,"href":"https:\/\/www.smedemokrati.sk\/hu\/wp-json\/wp\/v2\/categories?post=6199"},{"taxonomy":"post_tag","embeddable":true,"href":"https:\/\/www.smedemokrati.sk\/hu\/wp-json\/wp\/v2\/tags?post=6199"}],"curies":[{"name":"wp","href":"https:\/\/api.w.org\/{rel}","templated":true}]}}